{"id":5998,"date":"2024-11-13T13:30:42","date_gmt":"2024-11-13T19:30:42","guid":{"rendered":"https:\/\/www.nexoinformativo.mx\/?p=5998"},"modified":"2024-11-13T14:11:00","modified_gmt":"2024-11-13T20:11:00","slug":"sedatu-avanza-el-programa-de-vivienda-para-el-bienestar-mas-de-un-millon-de-viviendas-nuevas","status":"publish","type":"post","link":"https:\/\/www.nexoinformativo.mx\/index.php\/2024\/11\/13\/sedatu-avanza-el-programa-de-vivienda-para-el-bienestar-mas-de-un-millon-de-viviendas-nuevas\/","title":{"rendered":"Sedatu: Avanza el programa de Vivienda para el Bienestar \u00a1M\u00e1s de un mill\u00f3n de viviendas nuevas!"},"content":{"rendered":"<p style=\"text-align: justify;\" data-sourcepos=\"9:1-9:319\">La Secretar\u00eda de Desarrollo Agrario, Territorial y Urbano <strong>(Sedatu)<\/strong> anunci\u00f3 importantes avances en el Programa de Vivienda para el Bienestar. Este ambicioso proyecto tiene como objetivo construir un mill\u00f3n de nuevas viviendas, mejorar m\u00e1s de 450 mil hogares existentes y otorgar un mill\u00f3n de escrituras a nivel nacional.<\/p>\n<p>&nbsp;<\/p>\n<p style=\"text-align: justify;\" data-sourcepos=\"11:1-11:312\">Durante la conferencia matutina, la titular de la Sedatu, Edna Vega Rangel, inform\u00f3 que ya se han instalado 28 mesas de coordinaci\u00f3n a nivel estatal y municipal para poner en marcha este programa. El objetivo es beneficiar principalmente a mujeres jefas de familia, j\u00f3venes, poblaci\u00f3n ind\u00edgena y adultos mayores.<\/p>\n<p>&nbsp;<\/p>\n<p style=\"text-align: justify;\" data-sourcepos=\"13:1-13:372\">Por su parte, el director general del Infonavit, Octavio Romero Oropeza, detall\u00f3 que se construir\u00e1n 500 mil viviendas de inter\u00e9s social y se otorgar\u00e1n millones de cr\u00e9ditos para la adquisici\u00f3n, mejora y ampliaci\u00f3n de vivienda. Adem\u00e1s, anunci\u00f3 una medida importante: a partir del 11 de noviembre, se congelar\u00e1n los saldos y mensualidades de 2 millones de cr\u00e9ditos Infonavit.<\/p>\n<p>&nbsp;<\/p>\n<p style=\"text-align: justify;\" data-sourcepos=\"15:1-15:187\">El director de la Comisi\u00f3n Nacional de Vivienda (Conavi), Rodrigo Ch\u00e1vez, explic\u00f3 que para la poblaci\u00f3n no derechohabiente se construir\u00e1n 500 mil viviendas y se mejorar\u00e1n 300 mil hogares.<\/p>\n<p>&nbsp;<\/p>\n<p style=\"text-align: justify;\" data-sourcepos=\"17:1-17:196\">Finalmente, la titular de Financiera para el Bienestar, Roc\u00edo Mej\u00eda, destac\u00f3 el papel de esta instituci\u00f3n en el apoyo a las personas no derechohabientes para acceder a los beneficios del programa.<\/p>\n<p>&nbsp;<\/p>\n<p style=\"text-align: center;\" data-sourcepos=\"17:1-17:196\"><em><strong>\u00a1Informaci\u00f3n que transforma!<\/strong><\/em><\/p>\n","protected":false},"excerpt":{"rendered":"<p>La Secretar\u00eda de Desarrollo Agrario, Territorial y Urbano (Sedatu) anunci\u00f3 importantes avances en el Programa de Vivienda para el Bienestar.<\/p>\n","protected":false},"author":3,"featured_media":5999,"comment_status":"open","ping_status":"open","sticky":false,"template":"","format":"standard","meta":{"footnotes":""},"categories":[88,58],"tags":[176,2046,1150,2045],"class_list":["post-5998","post","type-post","status-publish","format-standard","has-post-thumbnail","hentry","category-nacional","category-ultima-hora","tag-infonavit","tag-sedatu","tag-viviendadigna","tag-viviendaparaelbienestar"],"yoast_head":"<!-- This site is optimized with the Yoast SEO plugin v25.0 - https:\/\/yoast.com\/wordpress\/plugins\/seo\/ -->\n<title>Sedatu: Avanza el programa de Vivienda para el Bienestar \u00a1M\u00e1s de un mill\u00f3n de viviendas nuevas! | Nexo Informativo Santiago de Quer\u00e9taro<\/title>\n<meta name=\"description\" content=\"Sedatu: Avanza el programa de Vivienda para el Bienestar \u00a1M\u00e1s de un mill\u00f3n de viviendas nuevas!\" \/>\n<meta name=\"robots\" content=\"index, follow, max-snippet:-1, max-image-preview:large, max-video-preview:-1\" \/>\n<link rel=\"canonical\" href=\"https:\/\/www.nexoinformativo.mx\/index.php\/2024\/11\/13\/sedatu-avanza-el-programa-de-vivienda-para-el-bienestar-mas-de-un-millon-de-viviendas-nuevas\/\" \/>\n<meta property=\"og:locale\" content=\"es_MX\" \/>\n<meta property=\"og:type\" content=\"article\" \/>\n<meta property=\"og:title\" content=\"Sedatu: Avanza el programa de Vivienda para el Bienestar \u00a1M\u00e1s de un mill\u00f3n de viviendas nuevas! | Nexo Informativo Santiago de Quer\u00e9taro\" \/>\n<meta property=\"og:description\" content=\"Sedatu: Avanza el programa de Vivienda para el Bienestar \u00a1M\u00e1s de un mill\u00f3n de viviendas nuevas!\" \/>\n<meta property=\"og:url\" content=\"https:\/\/www.nexoinformativo.mx\/index.php\/2024\/11\/13\/sedatu-avanza-el-programa-de-vivienda-para-el-bienestar-mas-de-un-millon-de-viviendas-nuevas\/\" \/>\n<meta property=\"og:site_name\" content=\"Nexo Informativo Santiago de Quer\u00e9taro\" \/>\n<meta property=\"article:publisher\" content=\"https:\/\/www.facebook.com\/people\/Nexo-Informativo\/61564066885511\/\" \/>\n<meta property=\"article:published_time\" content=\"2024-11-13T19:30:42+00:00\" \/>\n<meta property=\"article:modified_time\" content=\"2024-11-13T20:11:00+00:00\" \/>\n<meta property=\"og:image\" content=\"https:\/\/www.nexoinformativo.mx\/wp-content\/uploads\/2024\/11\/IMG_7762.jpg\" \/>\n\t<meta property=\"og:image:width\" content=\"650\" \/>\n\t<meta property=\"og:image:height\" content=\"380\" \/>\n\t<meta property=\"og:image:type\" content=\"image\/jpeg\" \/>\n<meta name=\"author\" content=\"Nexo Informativo\" \/>\n<meta name=\"twitter:card\" content=\"summary_large_image\" \/>\n<meta name=\"twitter:label1\" content=\"Escrito por\" \/>\n\t<meta name=\"twitter:data1\" content=\"Nexo Informativo\" \/>\n\t<meta name=\"twitter:label2\" content=\"Tiempo de lectura\" \/>\n\t<meta name=\"twitter:data2\" content=\"2 minutos\" \/>\n<script type=\"application\/ld+json\" class=\"yoast-schema-graph\">{\"@context\":\"https:\/\/schema.org\",\"@graph\":[{\"@type\":\"Article\",\"@id\":\"https:\/\/www.nexoinformativo.mx\/index.php\/2024\/11\/13\/sedatu-avanza-el-programa-de-vivienda-para-el-bienestar-mas-de-un-millon-de-viviendas-nuevas\/#article\",\"isPartOf\":{\"@id\":\"https:\/\/www.nexoinformativo.mx\/index.php\/2024\/11\/13\/sedatu-avanza-el-programa-de-vivienda-para-el-bienestar-mas-de-un-millon-de-viviendas-nuevas\/\"},\"author\":{\"name\":\"Nexo Informativo\",\"@id\":\"https:\/\/www.nexoinformativo.mx\/#\/schema\/person\/7749d380ba08c8ca00d7bc76fd907b7d\"},\"headline\":\"Sedatu: Avanza el programa de Vivienda para el Bienestar \u00a1M\u00e1s de un mill\u00f3n de viviendas nuevas!\",\"datePublished\":\"2024-11-13T19:30:42+00:00\",\"dateModified\":\"2024-11-13T20:11:00+00:00\",\"mainEntityOfPage\":{\"@id\":\"https:\/\/www.nexoinformativo.mx\/index.php\/2024\/11\/13\/sedatu-avanza-el-programa-de-vivienda-para-el-bienestar-mas-de-un-millon-de-viviendas-nuevas\/\"},\"wordCount\":260,\"commentCount\":0,\"publisher\":{\"@id\":\"https:\/\/www.nexoinformativo.mx\/#organization\"},\"image\":{\"@id\":\"https:\/\/www.nexoinformativo.mx\/index.php\/2024\/11\/13\/sedatu-avanza-el-programa-de-vivienda-para-el-bienestar-mas-de-un-millon-de-viviendas-nuevas\/#primaryimage\"},\"thumbnailUrl\":\"https:\/\/www.nexoinformativo.mx\/wp-content\/uploads\/2024\/11\/IMG_7762.jpg\",\"keywords\":[\"Infonavit\",\"Sedatu\",\"ViviendaDigna\",\"ViviendaParaElBienestar\"],\"articleSection\":[\"Nacional\",\"\u00daltima Hora\"],\"inLanguage\":\"es\",\"potentialAction\":[{\"@type\":\"CommentAction\",\"name\":\"Comment\",\"target\":[\"https:\/\/www.nexoinformativo.mx\/index.php\/2024\/11\/13\/sedatu-avanza-el-programa-de-vivienda-para-el-bienestar-mas-de-un-millon-de-viviendas-nuevas\/#respond\"]}]},{\"@type\":\"WebPage\",\"@id\":\"https:\/\/www.nexoinformativo.mx\/index.php\/2024\/11\/13\/sedatu-avanza-el-programa-de-vivienda-para-el-bienestar-mas-de-un-millon-de-viviendas-nuevas\/\",\"url\":\"https:\/\/www.nexoinformativo.mx\/index.php\/2024\/11\/13\/sedatu-avanza-el-programa-de-vivienda-para-el-bienestar-mas-de-un-millon-de-viviendas-nuevas\/\",\"name\":\"Sedatu: Avanza el programa de Vivienda para el Bienestar \u00a1M\u00e1s de un mill\u00f3n de viviendas nuevas! | Nexo Informativo Santiago de Quer\u00e9taro\",\"isPartOf\":{\"@id\":\"https:\/\/www.nexoinformativo.mx\/#website\"},\"primaryImageOfPage\":{\"@id\":\"https:\/\/www.nexoinformativo.mx\/index.php\/2024\/11\/13\/sedatu-avanza-el-programa-de-vivienda-para-el-bienestar-mas-de-un-millon-de-viviendas-nuevas\/#primaryimage\"},\"image\":{\"@id\":\"https:\/\/www.nexoinformativo.mx\/index.php\/2024\/11\/13\/sedatu-avanza-el-programa-de-vivienda-para-el-bienestar-mas-de-un-millon-de-viviendas-nuevas\/#primaryimage\"},\"thumbnailUrl\":\"https:\/\/www.nexoinformativo.mx\/wp-content\/uploads\/2024\/11\/IMG_7762.jpg\",\"datePublished\":\"2024-11-13T19:30:42+00:00\",\"dateModified\":\"2024-11-13T20:11:00+00:00\",\"description\":\"Sedatu: Avanza el programa de Vivienda para el Bienestar \u00a1M\u00e1s de un mill\u00f3n de viviendas nuevas!\",\"breadcrumb\":{\"@id\":\"https:\/\/www.nexoinformativo.mx\/index.php\/2024\/11\/13\/sedatu-avanza-el-programa-de-vivienda-para-el-bienestar-mas-de-un-millon-de-viviendas-nuevas\/#breadcrumb\"},\"inLanguage\":\"es\",\"potentialAction\":[{\"@type\":\"ReadAction\",\"target\":[\"https:\/\/www.nexoinformativo.mx\/index.php\/2024\/11\/13\/sedatu-avanza-el-programa-de-vivienda-para-el-bienestar-mas-de-un-millon-de-viviendas-nuevas\/\"]}]},{\"@type\":\"ImageObject\",\"inLanguage\":\"es\",\"@id\":\"https:\/\/www.nexoinformativo.mx\/index.php\/2024\/11\/13\/sedatu-avanza-el-programa-de-vivienda-para-el-bienestar-mas-de-un-millon-de-viviendas-nuevas\/#primaryimage\",\"url\":\"https:\/\/www.nexoinformativo.mx\/wp-content\/uploads\/2024\/11\/IMG_7762.jpg\",\"contentUrl\":\"https:\/\/www.nexoinformativo.mx\/wp-content\/uploads\/2024\/11\/IMG_7762.jpg\",\"width\":650,\"height\":380},{\"@type\":\"BreadcrumbList\",\"@id\":\"https:\/\/www.nexoinformativo.mx\/index.php\/2024\/11\/13\/sedatu-avanza-el-programa-de-vivienda-para-el-bienestar-mas-de-un-millon-de-viviendas-nuevas\/#breadcrumb\",\"itemListElement\":[{\"@type\":\"ListItem\",\"position\":1,\"name\":\"Inicio\",\"item\":\"https:\/\/www.nexoinformativo.mx\/\"},{\"@type\":\"ListItem\",\"position\":2,\"name\":\"Sedatu: Avanza el programa de Vivienda para el Bienestar \u00a1M\u00e1s de un mill\u00f3n de viviendas nuevas!\"}]},{\"@type\":\"WebSite\",\"@id\":\"https:\/\/www.nexoinformativo.mx\/#website\",\"url\":\"https:\/\/www.nexoinformativo.mx\/\",\"name\":\"Nexo Informativo Santiago de Quer\u00e9taro\",\"description\":\"Explora NexoInformativo y convi\u00e9rtete en parte de una comunidad que valora el conocimiento y la verdad. Tu nexoinformativo es tu puente hacia una comprensi\u00f3n m\u00e1s profunda del mundo que te rodea.\",\"publisher\":{\"@id\":\"https:\/\/www.nexoinformativo.mx\/#organization\"},\"potentialAction\":[{\"@type\":\"SearchAction\",\"target\":{\"@type\":\"EntryPoint\",\"urlTemplate\":\"https:\/\/www.nexoinformativo.mx\/?s={search_term_string}\"},\"query-input\":{\"@type\":\"PropertyValueSpecification\",\"valueRequired\":true,\"valueName\":\"search_term_string\"}}],\"inLanguage\":\"es\"},{\"@type\":\"Organization\",\"@id\":\"https:\/\/www.nexoinformativo.mx\/#organization\",\"name\":\"Nexo Informativo Santiago de Quer\u00e9taro\",\"url\":\"https:\/\/www.nexoinformativo.mx\/\",\"logo\":{\"@type\":\"ImageObject\",\"inLanguage\":\"es\",\"@id\":\"https:\/\/www.nexoinformativo.mx\/#\/schema\/logo\/image\/\",\"url\":\"https:\/\/www.nexoinformativo.mx\/wp-content\/uploads\/2024\/07\/nexoi-trasparente-2.png\",\"contentUrl\":\"https:\/\/www.nexoinformativo.mx\/wp-content\/uploads\/2024\/07\/nexoi-trasparente-2.png\",\"width\":816,\"height\":339,\"caption\":\"Nexo Informativo Santiago de Quer\u00e9taro\"},\"image\":{\"@id\":\"https:\/\/www.nexoinformativo.mx\/#\/schema\/logo\/image\/\"},\"sameAs\":[\"https:\/\/www.facebook.com\/people\/Nexo-Informativo\/61564066885511\/\"]},{\"@type\":\"Person\",\"@id\":\"https:\/\/www.nexoinformativo.mx\/#\/schema\/person\/7749d380ba08c8ca00d7bc76fd907b7d\",\"name\":\"Nexo Informativo\",\"image\":{\"@type\":\"ImageObject\",\"inLanguage\":\"es\",\"@id\":\"https:\/\/www.nexoinformativo.mx\/#\/schema\/person\/image\/\",\"url\":\"https:\/\/secure.gravatar.com\/avatar\/dde2928154642a13d95f87ddf1ea9718fe2b46760a005c53e41ff5ad610704e6?s=96&d=mm&r=g\",\"contentUrl\":\"https:\/\/secure.gravatar.com\/avatar\/dde2928154642a13d95f87ddf1ea9718fe2b46760a005c53e41ff5ad610704e6?s=96&d=mm&r=g\",\"caption\":\"Nexo Informativo\"},\"url\":\"https:\/\/www.nexoinformativo.mx\/index.php\/author\/edicion\/\"}]}<\/script>\n<!-- \/ Yoast SEO plugin. -->","yoast_head_json":{"title":"Sedatu: Avanza el programa de Vivienda para el Bienestar \u00a1M\u00e1s de un mill\u00f3n de viviendas nuevas! | Nexo Informativo Santiago de Quer\u00e9taro","description":"Sedatu: Avanza el programa de Vivienda para el Bienestar \u00a1M\u00e1s de un mill\u00f3n de viviendas nuevas!","robots":{"index":"index","follow":"follow","max-snippet":"max-snippet:-1","max-image-preview":"max-image-preview:large","max-video-preview":"max-video-preview:-1"},"canonical":"https:\/\/www.nexoinformativo.mx\/index.php\/2024\/11\/13\/sedatu-avanza-el-programa-de-vivienda-para-el-bienestar-mas-de-un-millon-de-viviendas-nuevas\/","og_locale":"es_MX","og_type":"article","og_title":"Sedatu: Avanza el programa de Vivienda para el Bienestar \u00a1M\u00e1s de un mill\u00f3n de viviendas nuevas! | Nexo Informativo Santiago de Quer\u00e9taro","og_description":"Sedatu: Avanza el programa de Vivienda para el Bienestar \u00a1M\u00e1s de un mill\u00f3n de viviendas nuevas!","og_url":"https:\/\/www.nexoinformativo.mx\/index.php\/2024\/11\/13\/sedatu-avanza-el-programa-de-vivienda-para-el-bienestar-mas-de-un-millon-de-viviendas-nuevas\/","og_site_name":"Nexo Informativo Santiago de Quer\u00e9taro","article_publisher":"https:\/\/www.facebook.com\/people\/Nexo-Informativo\/61564066885511\/","article_published_time":"2024-11-13T19:30:42+00:00","article_modified_time":"2024-11-13T20:11:00+00:00","og_image":[{"width":650,"height":380,"url":"https:\/\/www.nexoinformativo.mx\/wp-content\/uploads\/2024\/11\/IMG_7762.jpg","type":"image\/jpeg"}],"author":"Nexo Informativo","twitter_card":"summary_large_image","twitter_misc":{"Escrito por":"Nexo Informativo","Tiempo de lectura":"2 minutos"},"schema":{"@context":"https:\/\/schema.org","@graph":[{"@type":"Article","@id":"https:\/\/www.nexoinformativo.mx\/index.php\/2024\/11\/13\/sedatu-avanza-el-programa-de-vivienda-para-el-bienestar-mas-de-un-millon-de-viviendas-nuevas\/#article","isPartOf":{"@id":"https:\/\/www.nexoinformativo.mx\/index.php\/2024\/11\/13\/sedatu-avanza-el-programa-de-vivienda-para-el-bienestar-mas-de-un-millon-de-viviendas-nuevas\/"},"author":{"name":"Nexo Informativo","@id":"https:\/\/www.nexoinformativo.mx\/#\/schema\/person\/7749d380ba08c8ca00d7bc76fd907b7d"},"headline":"Sedatu: Avanza el programa de Vivienda para el Bienestar \u00a1M\u00e1s de un mill\u00f3n de viviendas nuevas!","datePublished":"2024-11-13T19:30:42+00:00","dateModified":"2024-11-13T20:11:00+00:00","mainEntityOfPage":{"@id":"https:\/\/www.nexoinformativo.mx\/index.php\/2024\/11\/13\/sedatu-avanza-el-programa-de-vivienda-para-el-bienestar-mas-de-un-millon-de-viviendas-nuevas\/"},"wordCount":260,"commentCount":0,"publisher":{"@id":"https:\/\/www.nexoinformativo.mx\/#organization"},"image":{"@id":"https:\/\/www.nexoinformativo.mx\/index.php\/2024\/11\/13\/sedatu-avanza-el-programa-de-vivienda-para-el-bienestar-mas-de-un-millon-de-viviendas-nuevas\/#primaryimage"},"thumbnailUrl":"https:\/\/www.nexoinformativo.mx\/wp-content\/uploads\/2024\/11\/IMG_7762.jpg","keywords":["Infonavit","Sedatu","ViviendaDigna","ViviendaParaElBienestar"],"articleSection":["Nacional","\u00daltima Hora"],"inLanguage":"es","potentialAction":[{"@type":"CommentAction","name":"Comment","target":["https:\/\/www.nexoinformativo.mx\/index.php\/2024\/11\/13\/sedatu-avanza-el-programa-de-vivienda-para-el-bienestar-mas-de-un-millon-de-viviendas-nuevas\/#respond"]}]},{"@type":"WebPage","@id":"https:\/\/www.nexoinformativo.mx\/index.php\/2024\/11\/13\/sedatu-avanza-el-programa-de-vivienda-para-el-bienestar-mas-de-un-millon-de-viviendas-nuevas\/","url":"https:\/\/www.nexoinformativo.mx\/index.php\/2024\/11\/13\/sedatu-avanza-el-programa-de-vivienda-para-el-bienestar-mas-de-un-millon-de-viviendas-nuevas\/","name":"Sedatu: Avanza el programa de Vivienda para el Bienestar \u00a1M\u00e1s de un mill\u00f3n de viviendas nuevas! | Nexo Informativo Santiago de Quer\u00e9taro","isPartOf":{"@id":"https:\/\/www.nexoinformativo.mx\/#website"},"primaryImageOfPage":{"@id":"https:\/\/www.nexoinformativo.mx\/index.php\/2024\/11\/13\/sedatu-avanza-el-programa-de-vivienda-para-el-bienestar-mas-de-un-millon-de-viviendas-nuevas\/#primaryimage"},"image":{"@id":"https:\/\/www.nexoinformativo.mx\/index.php\/2024\/11\/13\/sedatu-avanza-el-programa-de-vivienda-para-el-bienestar-mas-de-un-millon-de-viviendas-nuevas\/#primaryimage"},"thumbnailUrl":"https:\/\/www.nexoinformativo.mx\/wp-content\/uploads\/2024\/11\/IMG_7762.jpg","datePublished":"2024-11-13T19:30:42+00:00","dateModified":"2024-11-13T20:11:00+00:00","description":"Sedatu: Avanza el programa de Vivienda para el Bienestar \u00a1M\u00e1s de un mill\u00f3n de viviendas nuevas!","breadcrumb":{"@id":"https:\/\/www.nexoinformativo.mx\/index.php\/2024\/11\/13\/sedatu-avanza-el-programa-de-vivienda-para-el-bienestar-mas-de-un-millon-de-viviendas-nuevas\/#breadcrumb"},"inLanguage":"es","potentialAction":[{"@type":"ReadAction","target":["https:\/\/www.nexoinformativo.mx\/index.php\/2024\/11\/13\/sedatu-avanza-el-programa-de-vivienda-para-el-bienestar-mas-de-un-millon-de-viviendas-nuevas\/"]}]},{"@type":"ImageObject","inLanguage":"es","@id":"https:\/\/www.nexoinformativo.mx\/index.php\/2024\/11\/13\/sedatu-avanza-el-programa-de-vivienda-para-el-bienestar-mas-de-un-millon-de-viviendas-nuevas\/#primaryimage","url":"https:\/\/www.nexoinformativo.mx\/wp-content\/uploads\/2024\/11\/IMG_7762.jpg","contentUrl":"https:\/\/www.nexoinformativo.mx\/wp-content\/uploads\/2024\/11\/IMG_7762.jpg","width":650,"height":380},{"@type":"BreadcrumbList","@id":"https:\/\/www.nexoinformativo.mx\/index.php\/2024\/11\/13\/sedatu-avanza-el-programa-de-vivienda-para-el-bienestar-mas-de-un-millon-de-viviendas-nuevas\/#breadcrumb","itemListElement":[{"@type":"ListItem","position":1,"name":"Inicio","item":"https:\/\/www.nexoinformativo.mx\/"},{"@type":"ListItem","position":2,"name":"Sedatu: Avanza el programa de Vivienda para el Bienestar \u00a1M\u00e1s de un mill\u00f3n de viviendas nuevas!"}]},{"@type":"WebSite","@id":"https:\/\/www.nexoinformativo.mx\/#website","url":"https:\/\/www.nexoinformativo.mx\/","name":"Nexo Informativo Santiago de Quer\u00e9taro","description":"Explora NexoInformativo y convi\u00e9rtete en parte de una comunidad que valora el conocimiento y la verdad. Tu nexoinformativo es tu puente hacia una comprensi\u00f3n m\u00e1s profunda del mundo que te rodea.","publisher":{"@id":"https:\/\/www.nexoinformativo.mx\/#organization"},"potentialAction":[{"@type":"SearchAction","target":{"@type":"EntryPoint","urlTemplate":"https:\/\/www.nexoinformativo.mx\/?s={search_term_string}"},"query-input":{"@type":"PropertyValueSpecification","valueRequired":true,"valueName":"search_term_string"}}],"inLanguage":"es"},{"@type":"Organization","@id":"https:\/\/www.nexoinformativo.mx\/#organization","name":"Nexo Informativo Santiago de Quer\u00e9taro","url":"https:\/\/www.nexoinformativo.mx\/","logo":{"@type":"ImageObject","inLanguage":"es","@id":"https:\/\/www.nexoinformativo.mx\/#\/schema\/logo\/image\/","url":"https:\/\/www.nexoinformativo.mx\/wp-content\/uploads\/2024\/07\/nexoi-trasparente-2.png","contentUrl":"https:\/\/www.nexoinformativo.mx\/wp-content\/uploads\/2024\/07\/nexoi-trasparente-2.png","width":816,"height":339,"caption":"Nexo Informativo Santiago de Quer\u00e9taro"},"image":{"@id":"https:\/\/www.nexoinformativo.mx\/#\/schema\/logo\/image\/"},"sameAs":["https:\/\/www.facebook.com\/people\/Nexo-Informativo\/61564066885511\/"]},{"@type":"Person","@id":"https:\/\/www.nexoinformativo.mx\/#\/schema\/person\/7749d380ba08c8ca00d7bc76fd907b7d","name":"Nexo Informativo","image":{"@type":"ImageObject","inLanguage":"es","@id":"https:\/\/www.nexoinformativo.mx\/#\/schema\/person\/image\/","url":"https:\/\/secure.gravatar.com\/avatar\/dde2928154642a13d95f87ddf1ea9718fe2b46760a005c53e41ff5ad610704e6?s=96&d=mm&r=g","contentUrl":"https:\/\/secure.gravatar.com\/avatar\/dde2928154642a13d95f87ddf1ea9718fe2b46760a005c53e41ff5ad610704e6?s=96&d=mm&r=g","caption":"Nexo Informativo"},"url":"https:\/\/www.nexoinformativo.mx\/index.php\/author\/edicion\/"}]}},"_links":{"self":[{"href":"https:\/\/www.nexoinformativo.mx\/index.php\/wp-json\/wp\/v2\/posts\/5998","targetHints":{"allow":["GET"]}}],"collection":[{"href":"https:\/\/www.nexoinformativo.mx\/index.php\/wp-json\/wp\/v2\/posts"}],"about":[{"href":"https:\/\/www.nexoinformativo.mx\/index.php\/wp-json\/wp\/v2\/types\/post"}],"author":[{"embeddable":true,"href":"https:\/\/www.nexoinformativo.mx\/index.php\/wp-json\/wp\/v2\/users\/3"}],"replies":[{"embeddable":true,"href":"https:\/\/www.nexoinformativo.mx\/index.php\/wp-json\/wp\/v2\/comments?post=5998"}],"version-history":[{"count":3,"href":"https:\/\/www.nexoinformativo.mx\/index.php\/wp-json\/wp\/v2\/posts\/5998\/revisions"}],"predecessor-version":[{"id":6002,"href":"https:\/\/www.nexoinformativo.mx\/index.php\/wp-json\/wp\/v2\/posts\/5998\/revisions\/6002"}],"wp:featuredmedia":[{"embeddable":true,"href":"https:\/\/www.nexoinformativo.mx\/index.php\/wp-json\/wp\/v2\/media\/5999"}],"wp:attachment":[{"href":"https:\/\/www.nexoinformativo.mx\/index.php\/wp-json\/wp\/v2\/media?parent=5998"}],"wp:term":[{"taxonomy":"category","embeddable":true,"href":"https:\/\/www.nexoinformativo.mx\/index.php\/wp-json\/wp\/v2\/categories?post=5998"},{"taxonomy":"post_tag","embeddable":true,"href":"https:\/\/www.nexoinformativo.mx\/index.php\/wp-json\/wp\/v2\/tags?post=5998"}],"curies":[{"name":"wp","href":"https:\/\/api.w.org\/{rel}","templated":true}]}}