{"id":6004,"date":"2024-11-13T15:00:24","date_gmt":"2024-11-13T21:00:24","guid":{"rendered":"https:\/\/www.nexoinformativo.mx\/?p=6004"},"modified":"2024-11-13T16:23:33","modified_gmt":"2024-11-13T22:23:33","slug":"mas-de-150-productores-y-artesanos-participaran-en-la-feria-internacional-ganadera-qro-2024","status":"publish","type":"post","link":"https:\/\/www.nexoinformativo.mx\/index.php\/2024\/11\/13\/mas-de-150-productores-y-artesanos-participaran-en-la-feria-internacional-ganadera-qro-2024\/","title":{"rendered":"M\u00e1s de 150 productores y artesanos participar\u00e1n en la Feria Internacional Ganadera Qro 2024"},"content":{"rendered":"<p style=\"text-align: justify;\" data-sourcepos=\"9:1-9:275\">La <strong>Feria Internacional Ganadera de Quer\u00e9taro<\/strong> (FIGQ2024) se prepara para ser una de las m\u00e1s grandes y completas de su historia. Del <strong>29 de noviembre al 15 de diciembre<\/strong>, el Ecocentro Expositor se convertir\u00e1 en el epicentro de la diversi\u00f3n, la cultura y la gastronom\u00eda queretana.<\/p>\n<p>&nbsp;<\/p>\n<p style=\"text-align: justify;\" data-sourcepos=\"11:1-11:250\">Con m\u00e1s de 150 productores y artesanos locales participando, la FIGQ2024 ser\u00e1 una excelente oportunidad para conocer y disfrutar de los productos de nuestra regi\u00f3n. Desde deliciosos platillos hasta artesan\u00edas \u00fanicas, habr\u00e1 algo para todos los gustos.<\/p>\n<p>&nbsp;<\/p>\n<p style=\"text-align: justify;\" data-sourcepos=\"13:1-13:228\"><strong>&#8220;Queremos que la feria sea una plataforma para promover nuestra cultura y turismo, destacando la riqueza de nuestros municipios&#8221;<\/strong>, afirm\u00f3 Romualdo Moreno Guti\u00e9rrez, Presidente de la Uni\u00f3n Ganadera Regional de Quer\u00e9taro.<\/p>\n<p>&nbsp;<\/p>\n<p style=\"text-align: justify;\" data-sourcepos=\"15:1-15:294\">Adem\u00e1s de la oferta gastron\u00f3mica y artesanal, la feria contar\u00e1 con una amplia variedad de espect\u00e1culos gratuitos, como patinaje sobre hielo, circo y presentaciones musicales de artistas de talla internacional. Tambi\u00e9n habr\u00e1 exposiciones de las Fuerzas Armadas y de los 18 municipios del estado.<\/p>\n<p>&nbsp;<\/p>\n<p style=\"text-align: justify;\" data-sourcepos=\"17:1-17:313\">Para facilitar la visita, los boletos de entrada y estacionamiento ya se pueden adquirir en l\u00ednea a trav\u00e9s de <strong>boletiland.com<\/strong> con descuentos especiales. Adem\u00e1s, se han implementado diversas medidas para garantizar la accesibilidad, como la entrada gratuita para ni\u00f1os, adultos mayores y personas con discapacidad.<\/p>\n<p>&nbsp;<\/p>\n<p style=\"text-align: center;\" data-sourcepos=\"17:1-17:313\"><em><strong>\u00a1Informaci\u00f3n que transforma!<\/strong><\/em><\/p>\n","protected":false},"excerpt":{"rendered":"<p>La Feria Internacional Ganadera de Quer\u00e9taro (FIGQ2024) se prepara para ser una de las m\u00e1s grandes y completas de su historia. Del 29 de noviembre al 15 de diciembre.<\/p>\n","protected":false},"author":3,"featured_media":6005,"comment_status":"open","ping_status":"open","sticky":false,"template":"","format":"standard","meta":{"footnotes":""},"categories":[50,58],"tags":[2048,772,2047,293],"class_list":["post-6004","post","type-post","status-publish","format-standard","has-post-thumbnail","hentry","category-espectaculos","category-ultima-hora","tag-consumelocal","tag-diversionfamiliar","tag-feriaqueretaro","tag-figq2024"],"yoast_head":"<!-- This site is optimized with the Yoast SEO plugin v25.0 - https:\/\/yoast.com\/wordpress\/plugins\/seo\/ -->\n<title>M\u00e1s de 150 productores y artesanos participar\u00e1n en la Feria Internacional Ganadera Qro 2024 | Nexo Informativo Santiago de Quer\u00e9taro<\/title>\n<meta name=\"description\" content=\"M\u00e1s de 150 productores y artesanos participar\u00e1n en la Feria Internacional Ganadera Qro 2024\" \/>\n<meta name=\"robots\" content=\"index, follow, max-snippet:-1, max-image-preview:large, max-video-preview:-1\" \/>\n<link rel=\"canonical\" href=\"https:\/\/www.nexoinformativo.mx\/index.php\/2024\/11\/13\/mas-de-150-productores-y-artesanos-participaran-en-la-feria-internacional-ganadera-qro-2024\/\" \/>\n<meta property=\"og:locale\" content=\"es_MX\" \/>\n<meta property=\"og:type\" content=\"article\" \/>\n<meta property=\"og:title\" content=\"M\u00e1s de 150 productores y artesanos participar\u00e1n en la Feria Internacional Ganadera Qro 2024 | Nexo Informativo Santiago de Quer\u00e9taro\" \/>\n<meta property=\"og:description\" content=\"M\u00e1s de 150 productores y artesanos participar\u00e1n en la Feria Internacional Ganadera Qro 2024\" \/>\n<meta property=\"og:url\" content=\"https:\/\/www.nexoinformativo.mx\/index.php\/2024\/11\/13\/mas-de-150-productores-y-artesanos-participaran-en-la-feria-internacional-ganadera-qro-2024\/\" \/>\n<meta property=\"og:site_name\" content=\"Nexo Informativo Santiago de Quer\u00e9taro\" \/>\n<meta property=\"article:publisher\" content=\"https:\/\/www.facebook.com\/people\/Nexo-Informativo\/61564066885511\/\" \/>\n<meta property=\"article:published_time\" content=\"2024-11-13T21:00:24+00:00\" \/>\n<meta property=\"article:modified_time\" content=\"2024-11-13T22:23:33+00:00\" \/>\n<meta property=\"og:image\" content=\"https:\/\/www.nexoinformativo.mx\/wp-content\/uploads\/2024\/11\/61167d28-3557-40d8-b3dd-4baa8e3234b3-e1731536394529.jpg\" \/>\n\t<meta property=\"og:image:width\" content=\"750\" \/>\n\t<meta property=\"og:image:height\" content=\"840\" \/>\n\t<meta property=\"og:image:type\" content=\"image\/jpeg\" \/>\n<meta name=\"author\" content=\"Nexo Informativo\" \/>\n<meta name=\"twitter:card\" content=\"summary_large_image\" \/>\n<meta name=\"twitter:label1\" content=\"Escrito por\" \/>\n\t<meta name=\"twitter:data1\" content=\"Nexo Informativo\" \/>\n\t<meta name=\"twitter:label2\" content=\"Tiempo de lectura\" \/>\n\t<meta name=\"twitter:data2\" content=\"2 minutos\" \/>\n<script type=\"application\/ld+json\" class=\"yoast-schema-graph\">{\"@context\":\"https:\/\/schema.org\",\"@graph\":[{\"@type\":\"Article\",\"@id\":\"https:\/\/www.nexoinformativo.mx\/index.php\/2024\/11\/13\/mas-de-150-productores-y-artesanos-participaran-en-la-feria-internacional-ganadera-qro-2024\/#article\",\"isPartOf\":{\"@id\":\"https:\/\/www.nexoinformativo.mx\/index.php\/2024\/11\/13\/mas-de-150-productores-y-artesanos-participaran-en-la-feria-internacional-ganadera-qro-2024\/\"},\"author\":{\"name\":\"Nexo Informativo\",\"@id\":\"https:\/\/www.nexoinformativo.mx\/#\/schema\/person\/7749d380ba08c8ca00d7bc76fd907b7d\"},\"headline\":\"M\u00e1s de 150 productores y artesanos participar\u00e1n en la Feria Internacional Ganadera Qro 2024\",\"datePublished\":\"2024-11-13T21:00:24+00:00\",\"dateModified\":\"2024-11-13T22:23:33+00:00\",\"mainEntityOfPage\":{\"@id\":\"https:\/\/www.nexoinformativo.mx\/index.php\/2024\/11\/13\/mas-de-150-productores-y-artesanos-participaran-en-la-feria-internacional-ganadera-qro-2024\/\"},\"wordCount\":241,\"commentCount\":0,\"publisher\":{\"@id\":\"https:\/\/www.nexoinformativo.mx\/#organization\"},\"image\":{\"@id\":\"https:\/\/www.nexoinformativo.mx\/index.php\/2024\/11\/13\/mas-de-150-productores-y-artesanos-participaran-en-la-feria-internacional-ganadera-qro-2024\/#primaryimage\"},\"thumbnailUrl\":\"https:\/\/www.nexoinformativo.mx\/wp-content\/uploads\/2024\/11\/61167d28-3557-40d8-b3dd-4baa8e3234b3-e1731536394529.jpg\",\"keywords\":[\"ConsumeLocal\",\"Diversi\u00f3nFamiliar\",\"FeriaQueretaro\",\"FIGQ2024\"],\"articleSection\":[\"Espect\u00e1culos\",\"\u00daltima Hora\"],\"inLanguage\":\"es\",\"potentialAction\":[{\"@type\":\"CommentAction\",\"name\":\"Comment\",\"target\":[\"https:\/\/www.nexoinformativo.mx\/index.php\/2024\/11\/13\/mas-de-150-productores-y-artesanos-participaran-en-la-feria-internacional-ganadera-qro-2024\/#respond\"]}]},{\"@type\":\"WebPage\",\"@id\":\"https:\/\/www.nexoinformativo.mx\/index.php\/2024\/11\/13\/mas-de-150-productores-y-artesanos-participaran-en-la-feria-internacional-ganadera-qro-2024\/\",\"url\":\"https:\/\/www.nexoinformativo.mx\/index.php\/2024\/11\/13\/mas-de-150-productores-y-artesanos-participaran-en-la-feria-internacional-ganadera-qro-2024\/\",\"name\":\"M\u00e1s de 150 productores y artesanos participar\u00e1n en la Feria Internacional Ganadera Qro 2024 | Nexo Informativo Santiago de Quer\u00e9taro\",\"isPartOf\":{\"@id\":\"https:\/\/www.nexoinformativo.mx\/#website\"},\"primaryImageOfPage\":{\"@id\":\"https:\/\/www.nexoinformativo.mx\/index.php\/2024\/11\/13\/mas-de-150-productores-y-artesanos-participaran-en-la-feria-internacional-ganadera-qro-2024\/#primaryimage\"},\"image\":{\"@id\":\"https:\/\/www.nexoinformativo.mx\/index.php\/2024\/11\/13\/mas-de-150-productores-y-artesanos-participaran-en-la-feria-internacional-ganadera-qro-2024\/#primaryimage\"},\"thumbnailUrl\":\"https:\/\/www.nexoinformativo.mx\/wp-content\/uploads\/2024\/11\/61167d28-3557-40d8-b3dd-4baa8e3234b3-e1731536394529.jpg\",\"datePublished\":\"2024-11-13T21:00:24+00:00\",\"dateModified\":\"2024-11-13T22:23:33+00:00\",\"description\":\"M\u00e1s de 150 productores y artesanos participar\u00e1n en la Feria Internacional Ganadera Qro 2024\",\"breadcrumb\":{\"@id\":\"https:\/\/www.nexoinformativo.mx\/index.php\/2024\/11\/13\/mas-de-150-productores-y-artesanos-participaran-en-la-feria-internacional-ganadera-qro-2024\/#breadcrumb\"},\"inLanguage\":\"es\",\"potentialAction\":[{\"@type\":\"ReadAction\",\"target\":[\"https:\/\/www.nexoinformativo.mx\/index.php\/2024\/11\/13\/mas-de-150-productores-y-artesanos-participaran-en-la-feria-internacional-ganadera-qro-2024\/\"]}]},{\"@type\":\"ImageObject\",\"inLanguage\":\"es\",\"@id\":\"https:\/\/www.nexoinformativo.mx\/index.php\/2024\/11\/13\/mas-de-150-productores-y-artesanos-participaran-en-la-feria-internacional-ganadera-qro-2024\/#primaryimage\",\"url\":\"https:\/\/www.nexoinformativo.mx\/wp-content\/uploads\/2024\/11\/61167d28-3557-40d8-b3dd-4baa8e3234b3-e1731536394529.jpg\",\"contentUrl\":\"https:\/\/www.nexoinformativo.mx\/wp-content\/uploads\/2024\/11\/61167d28-3557-40d8-b3dd-4baa8e3234b3-e1731536394529.jpg\",\"width\":750,\"height\":840},{\"@type\":\"BreadcrumbList\",\"@id\":\"https:\/\/www.nexoinformativo.mx\/index.php\/2024\/11\/13\/mas-de-150-productores-y-artesanos-participaran-en-la-feria-internacional-ganadera-qro-2024\/#breadcrumb\",\"itemListElement\":[{\"@type\":\"ListItem\",\"position\":1,\"name\":\"Inicio\",\"item\":\"https:\/\/www.nexoinformativo.mx\/\"},{\"@type\":\"ListItem\",\"position\":2,\"name\":\"M\u00e1s de 150 productores y artesanos participar\u00e1n en la Feria Internacional Ganadera Qro 2024\"}]},{\"@type\":\"WebSite\",\"@id\":\"https:\/\/www.nexoinformativo.mx\/#website\",\"url\":\"https:\/\/www.nexoinformativo.mx\/\",\"name\":\"Nexo Informativo Santiago de Quer\u00e9taro\",\"description\":\"Explora NexoInformativo y convi\u00e9rtete en parte de una comunidad que valora el conocimiento y la verdad. Tu nexoinformativo es tu puente hacia una comprensi\u00f3n m\u00e1s profunda del mundo que te rodea.\",\"publisher\":{\"@id\":\"https:\/\/www.nexoinformativo.mx\/#organization\"},\"potentialAction\":[{\"@type\":\"SearchAction\",\"target\":{\"@type\":\"EntryPoint\",\"urlTemplate\":\"https:\/\/www.nexoinformativo.mx\/?s={search_term_string}\"},\"query-input\":{\"@type\":\"PropertyValueSpecification\",\"valueRequired\":true,\"valueName\":\"search_term_string\"}}],\"inLanguage\":\"es\"},{\"@type\":\"Organization\",\"@id\":\"https:\/\/www.nexoinformativo.mx\/#organization\",\"name\":\"Nexo Informativo Santiago de Quer\u00e9taro\",\"url\":\"https:\/\/www.nexoinformativo.mx\/\",\"logo\":{\"@type\":\"ImageObject\",\"inLanguage\":\"es\",\"@id\":\"https:\/\/www.nexoinformativo.mx\/#\/schema\/logo\/image\/\",\"url\":\"https:\/\/www.nexoinformativo.mx\/wp-content\/uploads\/2024\/07\/nexoi-trasparente-2.png\",\"contentUrl\":\"https:\/\/www.nexoinformativo.mx\/wp-content\/uploads\/2024\/07\/nexoi-trasparente-2.png\",\"width\":816,\"height\":339,\"caption\":\"Nexo Informativo Santiago de Quer\u00e9taro\"},\"image\":{\"@id\":\"https:\/\/www.nexoinformativo.mx\/#\/schema\/logo\/image\/\"},\"sameAs\":[\"https:\/\/www.facebook.com\/people\/Nexo-Informativo\/61564066885511\/\"]},{\"@type\":\"Person\",\"@id\":\"https:\/\/www.nexoinformativo.mx\/#\/schema\/person\/7749d380ba08c8ca00d7bc76fd907b7d\",\"name\":\"Nexo Informativo\",\"image\":{\"@type\":\"ImageObject\",\"inLanguage\":\"es\",\"@id\":\"https:\/\/www.nexoinformativo.mx\/#\/schema\/person\/image\/\",\"url\":\"https:\/\/secure.gravatar.com\/avatar\/dde2928154642a13d95f87ddf1ea9718fe2b46760a005c53e41ff5ad610704e6?s=96&d=mm&r=g\",\"contentUrl\":\"https:\/\/secure.gravatar.com\/avatar\/dde2928154642a13d95f87ddf1ea9718fe2b46760a005c53e41ff5ad610704e6?s=96&d=mm&r=g\",\"caption\":\"Nexo Informativo\"},\"url\":\"https:\/\/www.nexoinformativo.mx\/index.php\/author\/edicion\/\"}]}<\/script>\n<!-- \/ Yoast SEO plugin. -->","yoast_head_json":{"title":"M\u00e1s de 150 productores y artesanos participar\u00e1n en la Feria Internacional Ganadera Qro 2024 | Nexo Informativo Santiago de Quer\u00e9taro","description":"M\u00e1s de 150 productores y artesanos participar\u00e1n en la Feria Internacional Ganadera Qro 2024","robots":{"index":"index","follow":"follow","max-snippet":"max-snippet:-1","max-image-preview":"max-image-preview:large","max-video-preview":"max-video-preview:-1"},"canonical":"https:\/\/www.nexoinformativo.mx\/index.php\/2024\/11\/13\/mas-de-150-productores-y-artesanos-participaran-en-la-feria-internacional-ganadera-qro-2024\/","og_locale":"es_MX","og_type":"article","og_title":"M\u00e1s de 150 productores y artesanos participar\u00e1n en la Feria Internacional Ganadera Qro 2024 | Nexo Informativo Santiago de Quer\u00e9taro","og_description":"M\u00e1s de 150 productores y artesanos participar\u00e1n en la Feria Internacional Ganadera Qro 2024","og_url":"https:\/\/www.nexoinformativo.mx\/index.php\/2024\/11\/13\/mas-de-150-productores-y-artesanos-participaran-en-la-feria-internacional-ganadera-qro-2024\/","og_site_name":"Nexo Informativo Santiago de Quer\u00e9taro","article_publisher":"https:\/\/www.facebook.com\/people\/Nexo-Informativo\/61564066885511\/","article_published_time":"2024-11-13T21:00:24+00:00","article_modified_time":"2024-11-13T22:23:33+00:00","og_image":[{"width":750,"height":840,"url":"https:\/\/www.nexoinformativo.mx\/wp-content\/uploads\/2024\/11\/61167d28-3557-40d8-b3dd-4baa8e3234b3-e1731536394529.jpg","type":"image\/jpeg"}],"author":"Nexo Informativo","twitter_card":"summary_large_image","twitter_misc":{"Escrito por":"Nexo Informativo","Tiempo de lectura":"2 minutos"},"schema":{"@context":"https:\/\/schema.org","@graph":[{"@type":"Article","@id":"https:\/\/www.nexoinformativo.mx\/index.php\/2024\/11\/13\/mas-de-150-productores-y-artesanos-participaran-en-la-feria-internacional-ganadera-qro-2024\/#article","isPartOf":{"@id":"https:\/\/www.nexoinformativo.mx\/index.php\/2024\/11\/13\/mas-de-150-productores-y-artesanos-participaran-en-la-feria-internacional-ganadera-qro-2024\/"},"author":{"name":"Nexo Informativo","@id":"https:\/\/www.nexoinformativo.mx\/#\/schema\/person\/7749d380ba08c8ca00d7bc76fd907b7d"},"headline":"M\u00e1s de 150 productores y artesanos participar\u00e1n en la Feria Internacional Ganadera Qro 2024","datePublished":"2024-11-13T21:00:24+00:00","dateModified":"2024-11-13T22:23:33+00:00","mainEntityOfPage":{"@id":"https:\/\/www.nexoinformativo.mx\/index.php\/2024\/11\/13\/mas-de-150-productores-y-artesanos-participaran-en-la-feria-internacional-ganadera-qro-2024\/"},"wordCount":241,"commentCount":0,"publisher":{"@id":"https:\/\/www.nexoinformativo.mx\/#organization"},"image":{"@id":"https:\/\/www.nexoinformativo.mx\/index.php\/2024\/11\/13\/mas-de-150-productores-y-artesanos-participaran-en-la-feria-internacional-ganadera-qro-2024\/#primaryimage"},"thumbnailUrl":"https:\/\/www.nexoinformativo.mx\/wp-content\/uploads\/2024\/11\/61167d28-3557-40d8-b3dd-4baa8e3234b3-e1731536394529.jpg","keywords":["ConsumeLocal","Diversi\u00f3nFamiliar","FeriaQueretaro","FIGQ2024"],"articleSection":["Espect\u00e1culos","\u00daltima Hora"],"inLanguage":"es","potentialAction":[{"@type":"CommentAction","name":"Comment","target":["https:\/\/www.nexoinformativo.mx\/index.php\/2024\/11\/13\/mas-de-150-productores-y-artesanos-participaran-en-la-feria-internacional-ganadera-qro-2024\/#respond"]}]},{"@type":"WebPage","@id":"https:\/\/www.nexoinformativo.mx\/index.php\/2024\/11\/13\/mas-de-150-productores-y-artesanos-participaran-en-la-feria-internacional-ganadera-qro-2024\/","url":"https:\/\/www.nexoinformativo.mx\/index.php\/2024\/11\/13\/mas-de-150-productores-y-artesanos-participaran-en-la-feria-internacional-ganadera-qro-2024\/","name":"M\u00e1s de 150 productores y artesanos participar\u00e1n en la Feria Internacional Ganadera Qro 2024 | Nexo Informativo Santiago de Quer\u00e9taro","isPartOf":{"@id":"https:\/\/www.nexoinformativo.mx\/#website"},"primaryImageOfPage":{"@id":"https:\/\/www.nexoinformativo.mx\/index.php\/2024\/11\/13\/mas-de-150-productores-y-artesanos-participaran-en-la-feria-internacional-ganadera-qro-2024\/#primaryimage"},"image":{"@id":"https:\/\/www.nexoinformativo.mx\/index.php\/2024\/11\/13\/mas-de-150-productores-y-artesanos-participaran-en-la-feria-internacional-ganadera-qro-2024\/#primaryimage"},"thumbnailUrl":"https:\/\/www.nexoinformativo.mx\/wp-content\/uploads\/2024\/11\/61167d28-3557-40d8-b3dd-4baa8e3234b3-e1731536394529.jpg","datePublished":"2024-11-13T21:00:24+00:00","dateModified":"2024-11-13T22:23:33+00:00","description":"M\u00e1s de 150 productores y artesanos participar\u00e1n en la Feria Internacional Ganadera Qro 2024","breadcrumb":{"@id":"https:\/\/www.nexoinformativo.mx\/index.php\/2024\/11\/13\/mas-de-150-productores-y-artesanos-participaran-en-la-feria-internacional-ganadera-qro-2024\/#breadcrumb"},"inLanguage":"es","potentialAction":[{"@type":"ReadAction","target":["https:\/\/www.nexoinformativo.mx\/index.php\/2024\/11\/13\/mas-de-150-productores-y-artesanos-participaran-en-la-feria-internacional-ganadera-qro-2024\/"]}]},{"@type":"ImageObject","inLanguage":"es","@id":"https:\/\/www.nexoinformativo.mx\/index.php\/2024\/11\/13\/mas-de-150-productores-y-artesanos-participaran-en-la-feria-internacional-ganadera-qro-2024\/#primaryimage","url":"https:\/\/www.nexoinformativo.mx\/wp-content\/uploads\/2024\/11\/61167d28-3557-40d8-b3dd-4baa8e3234b3-e1731536394529.jpg","contentUrl":"https:\/\/www.nexoinformativo.mx\/wp-content\/uploads\/2024\/11\/61167d28-3557-40d8-b3dd-4baa8e3234b3-e1731536394529.jpg","width":750,"height":840},{"@type":"BreadcrumbList","@id":"https:\/\/www.nexoinformativo.mx\/index.php\/2024\/11\/13\/mas-de-150-productores-y-artesanos-participaran-en-la-feria-internacional-ganadera-qro-2024\/#breadcrumb","itemListElement":[{"@type":"ListItem","position":1,"name":"Inicio","item":"https:\/\/www.nexoinformativo.mx\/"},{"@type":"ListItem","position":2,"name":"M\u00e1s de 150 productores y artesanos participar\u00e1n en la Feria Internacional Ganadera Qro 2024"}]},{"@type":"WebSite","@id":"https:\/\/www.nexoinformativo.mx\/#website","url":"https:\/\/www.nexoinformativo.mx\/","name":"Nexo Informativo Santiago de Quer\u00e9taro","description":"Explora NexoInformativo y convi\u00e9rtete en parte de una comunidad que valora el conocimiento y la verdad. Tu nexoinformativo es tu puente hacia una comprensi\u00f3n m\u00e1s profunda del mundo que te rodea.","publisher":{"@id":"https:\/\/www.nexoinformativo.mx\/#organization"},"potentialAction":[{"@type":"SearchAction","target":{"@type":"EntryPoint","urlTemplate":"https:\/\/www.nexoinformativo.mx\/?s={search_term_string}"},"query-input":{"@type":"PropertyValueSpecification","valueRequired":true,"valueName":"search_term_string"}}],"inLanguage":"es"},{"@type":"Organization","@id":"https:\/\/www.nexoinformativo.mx\/#organization","name":"Nexo Informativo Santiago de Quer\u00e9taro","url":"https:\/\/www.nexoinformativo.mx\/","logo":{"@type":"ImageObject","inLanguage":"es","@id":"https:\/\/www.nexoinformativo.mx\/#\/schema\/logo\/image\/","url":"https:\/\/www.nexoinformativo.mx\/wp-content\/uploads\/2024\/07\/nexoi-trasparente-2.png","contentUrl":"https:\/\/www.nexoinformativo.mx\/wp-content\/uploads\/2024\/07\/nexoi-trasparente-2.png","width":816,"height":339,"caption":"Nexo Informativo Santiago de Quer\u00e9taro"},"image":{"@id":"https:\/\/www.nexoinformativo.mx\/#\/schema\/logo\/image\/"},"sameAs":["https:\/\/www.facebook.com\/people\/Nexo-Informativo\/61564066885511\/"]},{"@type":"Person","@id":"https:\/\/www.nexoinformativo.mx\/#\/schema\/person\/7749d380ba08c8ca00d7bc76fd907b7d","name":"Nexo Informativo","image":{"@type":"ImageObject","inLanguage":"es","@id":"https:\/\/www.nexoinformativo.mx\/#\/schema\/person\/image\/","url":"https:\/\/secure.gravatar.com\/avatar\/dde2928154642a13d95f87ddf1ea9718fe2b46760a005c53e41ff5ad610704e6?s=96&d=mm&r=g","contentUrl":"https:\/\/secure.gravatar.com\/avatar\/dde2928154642a13d95f87ddf1ea9718fe2b46760a005c53e41ff5ad610704e6?s=96&d=mm&r=g","caption":"Nexo Informativo"},"url":"https:\/\/www.nexoinformativo.mx\/index.php\/author\/edicion\/"}]}},"_links":{"self":[{"href":"https:\/\/www.nexoinformativo.mx\/index.php\/wp-json\/wp\/v2\/posts\/6004","targetHints":{"allow":["GET"]}}],"collection":[{"href":"https:\/\/www.nexoinformativo.mx\/index.php\/wp-json\/wp\/v2\/posts"}],"about":[{"href":"https:\/\/www.nexoinformativo.mx\/index.php\/wp-json\/wp\/v2\/types\/post"}],"author":[{"embeddable":true,"href":"https:\/\/www.nexoinformativo.mx\/index.php\/wp-json\/wp\/v2\/users\/3"}],"replies":[{"embeddable":true,"href":"https:\/\/www.nexoinformativo.mx\/index.php\/wp-json\/wp\/v2\/comments?post=6004"}],"version-history":[{"count":4,"href":"https:\/\/www.nexoinformativo.mx\/index.php\/wp-json\/wp\/v2\/posts\/6004\/revisions"}],"predecessor-version":[{"id":6007,"href":"https:\/\/www.nexoinformativo.mx\/index.php\/wp-json\/wp\/v2\/posts\/6004\/revisions\/6007"}],"wp:featuredmedia":[{"embeddable":true,"href":"https:\/\/www.nexoinformativo.mx\/index.php\/wp-json\/wp\/v2\/media\/6005"}],"wp:attachment":[{"href":"https:\/\/www.nexoinformativo.mx\/index.php\/wp-json\/wp\/v2\/media?parent=6004"}],"wp:term":[{"taxonomy":"category","embeddable":true,"href":"https:\/\/www.nexoinformativo.mx\/index.php\/wp-json\/wp\/v2\/categories?post=6004"},{"taxonomy":"post_tag","embeddable":true,"href":"https:\/\/www.nexoinformativo.mx\/index.php\/wp-json\/wp\/v2\/tags?post=6004"}],"curies":[{"name":"wp","href":"https:\/\/api.w.org\/{rel}","templated":true}]}}