{"id":6019,"date":"2024-11-14T06:00:03","date_gmt":"2024-11-14T12:00:03","guid":{"rendered":"https:\/\/www.nexoinformativo.mx\/?p=6019"},"modified":"2024-11-14T08:10:06","modified_gmt":"2024-11-14T14:10:06","slug":"claudia-sheinbaum-anuncia-apoyo-integral-a-mujeres-artesanas-indigenas","status":"publish","type":"post","link":"https:\/\/www.nexoinformativo.mx\/index.php\/2024\/11\/14\/claudia-sheinbaum-anuncia-apoyo-integral-a-mujeres-artesanas-indigenas\/","title":{"rendered":"Claudia Sheinbaum anuncia apoyo integral a mujeres artesanas ind\u00edgenas"},"content":{"rendered":"<p style=\"text-align: justify;\" data-sourcepos=\"9:1-9:324\">La presidenta Claudia Sheinbaum anunci\u00f3 la creaci\u00f3n de nuevos Planes de Justicia que incluir\u00e1n apoyos espec\u00edficos para mujeres ind\u00edgenas artesanas. Esta iniciativa busca reconocer y fortalecer el trabajo de las creadoras de los pueblos originarios, contribuyendo as\u00ed a preservar su cultura y mejorar sus condiciones de vida.<\/p>\n<p>&nbsp;<\/p>\n<p style=\"text-align: justify;\" data-sourcepos=\"11:1-11:260\">Durante la presentaci\u00f3n de <strong>&#8220;Original: Encuentro de arte textil mexicano&#8221;<\/strong> en Palacio Nacional por primera vez, la mandataria destac\u00f3 la importancia de reconocer a las mujeres ind\u00edgenas como sujetas de derecho y de garantizar su participaci\u00f3n en la toma de decisiones.<\/p>\n<p>&nbsp;<\/p>\n<p style=\"text-align: justify;\" data-sourcepos=\"13:1-13:171\"><strong>&#8220;Queremos que sean parte de estos Planes de Justicia desde su construcci\u00f3n y en hacer realidad lo que hoy est\u00e1 en la letra de la Constituci\u00f3n, por que cuando dije no llegue sola llegamos todas, esta es la casa de las mujeres mexicanas y de las mujeres indigenas mexicanas&#8221;<\/strong>, afirm\u00f3 Sheinbaum.<\/p>\n<p>&nbsp;<\/p>\n<p style=\"text-align: justify;\" data-sourcepos=\"15:1-15:282\">Entre las medidas anunciadas se encuentran la realizaci\u00f3n de cuatro ediciones anuales de <strong>&#8220;Original&#8221;<\/strong> en diferentes puntos del pa\u00eds, as\u00ed como el fortalecimiento del Fondo Nacional para el Fomento de las Artesan\u00edas (Fonart) para impulsar la comercializaci\u00f3n de sus productos.<\/p>\n<p>&nbsp;<\/p>\n<p style=\"text-align: justify;\" data-sourcepos=\"17:1-17:186\"><strong>&#8220;Con ello, no solamente damos vida a la riqueza cultural de M\u00e9xico, sino que tambi\u00e9n recuperamos la memoria hist\u00f3rica y se engrandece nuestra patria&#8221;<\/strong>, puntualiz\u00f3 la presidenta.<\/p>\n<p>&nbsp;<\/p>\n<p style=\"text-align: justify;\" data-sourcepos=\"19:1-19:218\">La secretaria de Cultura, Claudia Curiel, resalt\u00f3 que <strong>&#8220;Original&#8221;<\/strong> se ha convertido en un movimiento fundamental para combatir la explotaci\u00f3n y el plagio de las creaciones de las comunidades ind\u00edgenas.<\/p>\n<p>&nbsp;<\/p>\n<p style=\"text-align: justify;\" data-sourcepos=\"21:1-21:213\">&#8220;Original se ha convertido fundamentalmente en un movimiento que surge como un acto de resistencia contra la explotaci\u00f3n, el plagio y el despojo de la cultura de nuestras comunidades creativas&#8221;, explic\u00f3.<\/p>\n<p>&nbsp;<\/p>\n<p style=\"text-align: center;\" data-sourcepos=\"21:1-21:213\"><em><strong>\u00a1Informaci\u00f3n que transforma!<\/strong><\/em><\/p>\n","protected":false},"excerpt":{"rendered":"<p>La presidenta Claudia Sheinbaum anunci\u00f3 la creaci\u00f3n de nuevos Planes de Justicia que incluir\u00e1n apoyos espec\u00edficos para mujeres ind\u00edgenas artesanas. Esta iniciativa busca reconocer y fortalecer el trabajo de las creadoras de los pueblos originarios, contribuyendo as\u00ed a preservar su cultura y mejorar sus condiciones de vida.<\/p>\n","protected":false},"author":3,"featured_media":6020,"comment_status":"open","ping_status":"open","sticky":false,"template":"","format":"standard","meta":{"footnotes":""},"categories":[88,58],"tags":[660,2051,2053,2052],"class_list":["post-6019","post","type-post","status-publish","format-standard","has-post-thumbnail","hentry","category-nacional","category-ultima-hora","tag-artesaniamexicana","tag-mujeresartesanas","tag-original","tag-pueblosindigenas"],"yoast_head":"<!-- This site is optimized with the Yoast SEO plugin v25.0 - https:\/\/yoast.com\/wordpress\/plugins\/seo\/ -->\n<title>Claudia Sheinbaum anuncia apoyo integral a mujeres artesanas ind\u00edgenas | Nexo Informativo Santiago de Quer\u00e9taro<\/title>\n<meta name=\"description\" content=\"Claudia Sheinbaum anuncia apoyo integral a mujeres artesanas ind\u00edgenas\" \/>\n<meta name=\"robots\" content=\"index, follow, max-snippet:-1, max-image-preview:large, max-video-preview:-1\" \/>\n<link rel=\"canonical\" href=\"https:\/\/www.nexoinformativo.mx\/index.php\/2024\/11\/14\/claudia-sheinbaum-anuncia-apoyo-integral-a-mujeres-artesanas-indigenas\/\" \/>\n<meta property=\"og:locale\" content=\"es_MX\" \/>\n<meta property=\"og:type\" content=\"article\" \/>\n<meta property=\"og:title\" content=\"Claudia Sheinbaum anuncia apoyo integral a mujeres artesanas ind\u00edgenas | Nexo Informativo Santiago de Quer\u00e9taro\" \/>\n<meta property=\"og:description\" content=\"Claudia Sheinbaum anuncia apoyo integral a mujeres artesanas ind\u00edgenas\" \/>\n<meta property=\"og:url\" content=\"https:\/\/www.nexoinformativo.mx\/index.php\/2024\/11\/14\/claudia-sheinbaum-anuncia-apoyo-integral-a-mujeres-artesanas-indigenas\/\" \/>\n<meta property=\"og:site_name\" content=\"Nexo Informativo Santiago de Quer\u00e9taro\" \/>\n<meta property=\"article:publisher\" content=\"https:\/\/www.facebook.com\/people\/Nexo-Informativo\/61564066885511\/\" \/>\n<meta property=\"article:published_time\" content=\"2024-11-14T12:00:03+00:00\" \/>\n<meta property=\"article:modified_time\" content=\"2024-11-14T14:10:06+00:00\" \/>\n<meta property=\"og:image\" content=\"https:\/\/www.nexoinformativo.mx\/wp-content\/uploads\/2024\/11\/IMG_7772.jpg\" \/>\n\t<meta property=\"og:image:width\" content=\"650\" \/>\n\t<meta property=\"og:image:height\" content=\"380\" \/>\n\t<meta property=\"og:image:type\" content=\"image\/jpeg\" \/>\n<meta name=\"author\" content=\"Nexo Informativo\" \/>\n<meta name=\"twitter:card\" content=\"summary_large_image\" \/>\n<meta name=\"twitter:label1\" content=\"Escrito por\" \/>\n\t<meta name=\"twitter:data1\" content=\"Nexo Informativo\" \/>\n\t<meta name=\"twitter:label2\" content=\"Tiempo de lectura\" \/>\n\t<meta name=\"twitter:data2\" content=\"2 minutos\" \/>\n<script type=\"application\/ld+json\" class=\"yoast-schema-graph\">{\"@context\":\"https:\/\/schema.org\",\"@graph\":[{\"@type\":\"Article\",\"@id\":\"https:\/\/www.nexoinformativo.mx\/index.php\/2024\/11\/14\/claudia-sheinbaum-anuncia-apoyo-integral-a-mujeres-artesanas-indigenas\/#article\",\"isPartOf\":{\"@id\":\"https:\/\/www.nexoinformativo.mx\/index.php\/2024\/11\/14\/claudia-sheinbaum-anuncia-apoyo-integral-a-mujeres-artesanas-indigenas\/\"},\"author\":{\"name\":\"Nexo Informativo\",\"@id\":\"https:\/\/www.nexoinformativo.mx\/#\/schema\/person\/7749d380ba08c8ca00d7bc76fd907b7d\"},\"headline\":\"Claudia Sheinbaum anuncia apoyo integral a mujeres artesanas ind\u00edgenas\",\"datePublished\":\"2024-11-14T12:00:03+00:00\",\"dateModified\":\"2024-11-14T14:10:06+00:00\",\"mainEntityOfPage\":{\"@id\":\"https:\/\/www.nexoinformativo.mx\/index.php\/2024\/11\/14\/claudia-sheinbaum-anuncia-apoyo-integral-a-mujeres-artesanas-indigenas\/\"},\"wordCount\":307,\"commentCount\":0,\"publisher\":{\"@id\":\"https:\/\/www.nexoinformativo.mx\/#organization\"},\"image\":{\"@id\":\"https:\/\/www.nexoinformativo.mx\/index.php\/2024\/11\/14\/claudia-sheinbaum-anuncia-apoyo-integral-a-mujeres-artesanas-indigenas\/#primaryimage\"},\"thumbnailUrl\":\"https:\/\/www.nexoinformativo.mx\/wp-content\/uploads\/2024\/11\/IMG_7772.jpg\",\"keywords\":[\"Artesan\u00edaMexicana\",\"MujeresArtesanas\",\"Original\",\"PueblosInd\u00edgenas\"],\"articleSection\":[\"Nacional\",\"\u00daltima Hora\"],\"inLanguage\":\"es\",\"potentialAction\":[{\"@type\":\"CommentAction\",\"name\":\"Comment\",\"target\":[\"https:\/\/www.nexoinformativo.mx\/index.php\/2024\/11\/14\/claudia-sheinbaum-anuncia-apoyo-integral-a-mujeres-artesanas-indigenas\/#respond\"]}]},{\"@type\":\"WebPage\",\"@id\":\"https:\/\/www.nexoinformativo.mx\/index.php\/2024\/11\/14\/claudia-sheinbaum-anuncia-apoyo-integral-a-mujeres-artesanas-indigenas\/\",\"url\":\"https:\/\/www.nexoinformativo.mx\/index.php\/2024\/11\/14\/claudia-sheinbaum-anuncia-apoyo-integral-a-mujeres-artesanas-indigenas\/\",\"name\":\"Claudia Sheinbaum anuncia apoyo integral a mujeres artesanas ind\u00edgenas | Nexo Informativo Santiago de Quer\u00e9taro\",\"isPartOf\":{\"@id\":\"https:\/\/www.nexoinformativo.mx\/#website\"},\"primaryImageOfPage\":{\"@id\":\"https:\/\/www.nexoinformativo.mx\/index.php\/2024\/11\/14\/claudia-sheinbaum-anuncia-apoyo-integral-a-mujeres-artesanas-indigenas\/#primaryimage\"},\"image\":{\"@id\":\"https:\/\/www.nexoinformativo.mx\/index.php\/2024\/11\/14\/claudia-sheinbaum-anuncia-apoyo-integral-a-mujeres-artesanas-indigenas\/#primaryimage\"},\"thumbnailUrl\":\"https:\/\/www.nexoinformativo.mx\/wp-content\/uploads\/2024\/11\/IMG_7772.jpg\",\"datePublished\":\"2024-11-14T12:00:03+00:00\",\"dateModified\":\"2024-11-14T14:10:06+00:00\",\"description\":\"Claudia Sheinbaum anuncia apoyo integral a mujeres artesanas ind\u00edgenas\",\"breadcrumb\":{\"@id\":\"https:\/\/www.nexoinformativo.mx\/index.php\/2024\/11\/14\/claudia-sheinbaum-anuncia-apoyo-integral-a-mujeres-artesanas-indigenas\/#breadcrumb\"},\"inLanguage\":\"es\",\"potentialAction\":[{\"@type\":\"ReadAction\",\"target\":[\"https:\/\/www.nexoinformativo.mx\/index.php\/2024\/11\/14\/claudia-sheinbaum-anuncia-apoyo-integral-a-mujeres-artesanas-indigenas\/\"]}]},{\"@type\":\"ImageObject\",\"inLanguage\":\"es\",\"@id\":\"https:\/\/www.nexoinformativo.mx\/index.php\/2024\/11\/14\/claudia-sheinbaum-anuncia-apoyo-integral-a-mujeres-artesanas-indigenas\/#primaryimage\",\"url\":\"https:\/\/www.nexoinformativo.mx\/wp-content\/uploads\/2024\/11\/IMG_7772.jpg\",\"contentUrl\":\"https:\/\/www.nexoinformativo.mx\/wp-content\/uploads\/2024\/11\/IMG_7772.jpg\",\"width\":650,\"height\":380},{\"@type\":\"BreadcrumbList\",\"@id\":\"https:\/\/www.nexoinformativo.mx\/index.php\/2024\/11\/14\/claudia-sheinbaum-anuncia-apoyo-integral-a-mujeres-artesanas-indigenas\/#breadcrumb\",\"itemListElement\":[{\"@type\":\"ListItem\",\"position\":1,\"name\":\"Inicio\",\"item\":\"https:\/\/www.nexoinformativo.mx\/\"},{\"@type\":\"ListItem\",\"position\":2,\"name\":\"Claudia Sheinbaum anuncia apoyo integral a mujeres artesanas ind\u00edgenas\"}]},{\"@type\":\"WebSite\",\"@id\":\"https:\/\/www.nexoinformativo.mx\/#website\",\"url\":\"https:\/\/www.nexoinformativo.mx\/\",\"name\":\"Nexo Informativo Santiago de Quer\u00e9taro\",\"description\":\"Explora NexoInformativo y convi\u00e9rtete en parte de una comunidad que valora el conocimiento y la verdad. Tu nexoinformativo es tu puente hacia una comprensi\u00f3n m\u00e1s profunda del mundo que te rodea.\",\"publisher\":{\"@id\":\"https:\/\/www.nexoinformativo.mx\/#organization\"},\"potentialAction\":[{\"@type\":\"SearchAction\",\"target\":{\"@type\":\"EntryPoint\",\"urlTemplate\":\"https:\/\/www.nexoinformativo.mx\/?s={search_term_string}\"},\"query-input\":{\"@type\":\"PropertyValueSpecification\",\"valueRequired\":true,\"valueName\":\"search_term_string\"}}],\"inLanguage\":\"es\"},{\"@type\":\"Organization\",\"@id\":\"https:\/\/www.nexoinformativo.mx\/#organization\",\"name\":\"Nexo Informativo Santiago de Quer\u00e9taro\",\"url\":\"https:\/\/www.nexoinformativo.mx\/\",\"logo\":{\"@type\":\"ImageObject\",\"inLanguage\":\"es\",\"@id\":\"https:\/\/www.nexoinformativo.mx\/#\/schema\/logo\/image\/\",\"url\":\"https:\/\/www.nexoinformativo.mx\/wp-content\/uploads\/2024\/07\/nexoi-trasparente-2.png\",\"contentUrl\":\"https:\/\/www.nexoinformativo.mx\/wp-content\/uploads\/2024\/07\/nexoi-trasparente-2.png\",\"width\":816,\"height\":339,\"caption\":\"Nexo Informativo Santiago de Quer\u00e9taro\"},\"image\":{\"@id\":\"https:\/\/www.nexoinformativo.mx\/#\/schema\/logo\/image\/\"},\"sameAs\":[\"https:\/\/www.facebook.com\/people\/Nexo-Informativo\/61564066885511\/\"]},{\"@type\":\"Person\",\"@id\":\"https:\/\/www.nexoinformativo.mx\/#\/schema\/person\/7749d380ba08c8ca00d7bc76fd907b7d\",\"name\":\"Nexo Informativo\",\"image\":{\"@type\":\"ImageObject\",\"inLanguage\":\"es\",\"@id\":\"https:\/\/www.nexoinformativo.mx\/#\/schema\/person\/image\/\",\"url\":\"https:\/\/secure.gravatar.com\/avatar\/dde2928154642a13d95f87ddf1ea9718fe2b46760a005c53e41ff5ad610704e6?s=96&d=mm&r=g\",\"contentUrl\":\"https:\/\/secure.gravatar.com\/avatar\/dde2928154642a13d95f87ddf1ea9718fe2b46760a005c53e41ff5ad610704e6?s=96&d=mm&r=g\",\"caption\":\"Nexo Informativo\"},\"url\":\"https:\/\/www.nexoinformativo.mx\/index.php\/author\/edicion\/\"}]}<\/script>\n<!-- \/ Yoast SEO plugin. -->","yoast_head_json":{"title":"Claudia Sheinbaum anuncia apoyo integral a mujeres artesanas ind\u00edgenas | Nexo Informativo Santiago de Quer\u00e9taro","description":"Claudia Sheinbaum anuncia apoyo integral a mujeres artesanas ind\u00edgenas","robots":{"index":"index","follow":"follow","max-snippet":"max-snippet:-1","max-image-preview":"max-image-preview:large","max-video-preview":"max-video-preview:-1"},"canonical":"https:\/\/www.nexoinformativo.mx\/index.php\/2024\/11\/14\/claudia-sheinbaum-anuncia-apoyo-integral-a-mujeres-artesanas-indigenas\/","og_locale":"es_MX","og_type":"article","og_title":"Claudia Sheinbaum anuncia apoyo integral a mujeres artesanas ind\u00edgenas | Nexo Informativo Santiago de Quer\u00e9taro","og_description":"Claudia Sheinbaum anuncia apoyo integral a mujeres artesanas ind\u00edgenas","og_url":"https:\/\/www.nexoinformativo.mx\/index.php\/2024\/11\/14\/claudia-sheinbaum-anuncia-apoyo-integral-a-mujeres-artesanas-indigenas\/","og_site_name":"Nexo Informativo Santiago de Quer\u00e9taro","article_publisher":"https:\/\/www.facebook.com\/people\/Nexo-Informativo\/61564066885511\/","article_published_time":"2024-11-14T12:00:03+00:00","article_modified_time":"2024-11-14T14:10:06+00:00","og_image":[{"width":650,"height":380,"url":"https:\/\/www.nexoinformativo.mx\/wp-content\/uploads\/2024\/11\/IMG_7772.jpg","type":"image\/jpeg"}],"author":"Nexo Informativo","twitter_card":"summary_large_image","twitter_misc":{"Escrito por":"Nexo Informativo","Tiempo de lectura":"2 minutos"},"schema":{"@context":"https:\/\/schema.org","@graph":[{"@type":"Article","@id":"https:\/\/www.nexoinformativo.mx\/index.php\/2024\/11\/14\/claudia-sheinbaum-anuncia-apoyo-integral-a-mujeres-artesanas-indigenas\/#article","isPartOf":{"@id":"https:\/\/www.nexoinformativo.mx\/index.php\/2024\/11\/14\/claudia-sheinbaum-anuncia-apoyo-integral-a-mujeres-artesanas-indigenas\/"},"author":{"name":"Nexo Informativo","@id":"https:\/\/www.nexoinformativo.mx\/#\/schema\/person\/7749d380ba08c8ca00d7bc76fd907b7d"},"headline":"Claudia Sheinbaum anuncia apoyo integral a mujeres artesanas ind\u00edgenas","datePublished":"2024-11-14T12:00:03+00:00","dateModified":"2024-11-14T14:10:06+00:00","mainEntityOfPage":{"@id":"https:\/\/www.nexoinformativo.mx\/index.php\/2024\/11\/14\/claudia-sheinbaum-anuncia-apoyo-integral-a-mujeres-artesanas-indigenas\/"},"wordCount":307,"commentCount":0,"publisher":{"@id":"https:\/\/www.nexoinformativo.mx\/#organization"},"image":{"@id":"https:\/\/www.nexoinformativo.mx\/index.php\/2024\/11\/14\/claudia-sheinbaum-anuncia-apoyo-integral-a-mujeres-artesanas-indigenas\/#primaryimage"},"thumbnailUrl":"https:\/\/www.nexoinformativo.mx\/wp-content\/uploads\/2024\/11\/IMG_7772.jpg","keywords":["Artesan\u00edaMexicana","MujeresArtesanas","Original","PueblosInd\u00edgenas"],"articleSection":["Nacional","\u00daltima Hora"],"inLanguage":"es","potentialAction":[{"@type":"CommentAction","name":"Comment","target":["https:\/\/www.nexoinformativo.mx\/index.php\/2024\/11\/14\/claudia-sheinbaum-anuncia-apoyo-integral-a-mujeres-artesanas-indigenas\/#respond"]}]},{"@type":"WebPage","@id":"https:\/\/www.nexoinformativo.mx\/index.php\/2024\/11\/14\/claudia-sheinbaum-anuncia-apoyo-integral-a-mujeres-artesanas-indigenas\/","url":"https:\/\/www.nexoinformativo.mx\/index.php\/2024\/11\/14\/claudia-sheinbaum-anuncia-apoyo-integral-a-mujeres-artesanas-indigenas\/","name":"Claudia Sheinbaum anuncia apoyo integral a mujeres artesanas ind\u00edgenas | Nexo Informativo Santiago de Quer\u00e9taro","isPartOf":{"@id":"https:\/\/www.nexoinformativo.mx\/#website"},"primaryImageOfPage":{"@id":"https:\/\/www.nexoinformativo.mx\/index.php\/2024\/11\/14\/claudia-sheinbaum-anuncia-apoyo-integral-a-mujeres-artesanas-indigenas\/#primaryimage"},"image":{"@id":"https:\/\/www.nexoinformativo.mx\/index.php\/2024\/11\/14\/claudia-sheinbaum-anuncia-apoyo-integral-a-mujeres-artesanas-indigenas\/#primaryimage"},"thumbnailUrl":"https:\/\/www.nexoinformativo.mx\/wp-content\/uploads\/2024\/11\/IMG_7772.jpg","datePublished":"2024-11-14T12:00:03+00:00","dateModified":"2024-11-14T14:10:06+00:00","description":"Claudia Sheinbaum anuncia apoyo integral a mujeres artesanas ind\u00edgenas","breadcrumb":{"@id":"https:\/\/www.nexoinformativo.mx\/index.php\/2024\/11\/14\/claudia-sheinbaum-anuncia-apoyo-integral-a-mujeres-artesanas-indigenas\/#breadcrumb"},"inLanguage":"es","potentialAction":[{"@type":"ReadAction","target":["https:\/\/www.nexoinformativo.mx\/index.php\/2024\/11\/14\/claudia-sheinbaum-anuncia-apoyo-integral-a-mujeres-artesanas-indigenas\/"]}]},{"@type":"ImageObject","inLanguage":"es","@id":"https:\/\/www.nexoinformativo.mx\/index.php\/2024\/11\/14\/claudia-sheinbaum-anuncia-apoyo-integral-a-mujeres-artesanas-indigenas\/#primaryimage","url":"https:\/\/www.nexoinformativo.mx\/wp-content\/uploads\/2024\/11\/IMG_7772.jpg","contentUrl":"https:\/\/www.nexoinformativo.mx\/wp-content\/uploads\/2024\/11\/IMG_7772.jpg","width":650,"height":380},{"@type":"BreadcrumbList","@id":"https:\/\/www.nexoinformativo.mx\/index.php\/2024\/11\/14\/claudia-sheinbaum-anuncia-apoyo-integral-a-mujeres-artesanas-indigenas\/#breadcrumb","itemListElement":[{"@type":"ListItem","position":1,"name":"Inicio","item":"https:\/\/www.nexoinformativo.mx\/"},{"@type":"ListItem","position":2,"name":"Claudia Sheinbaum anuncia apoyo integral a mujeres artesanas ind\u00edgenas"}]},{"@type":"WebSite","@id":"https:\/\/www.nexoinformativo.mx\/#website","url":"https:\/\/www.nexoinformativo.mx\/","name":"Nexo Informativo Santiago de Quer\u00e9taro","description":"Explora NexoInformativo y convi\u00e9rtete en parte de una comunidad que valora el conocimiento y la verdad. Tu nexoinformativo es tu puente hacia una comprensi\u00f3n m\u00e1s profunda del mundo que te rodea.","publisher":{"@id":"https:\/\/www.nexoinformativo.mx\/#organization"},"potentialAction":[{"@type":"SearchAction","target":{"@type":"EntryPoint","urlTemplate":"https:\/\/www.nexoinformativo.mx\/?s={search_term_string}"},"query-input":{"@type":"PropertyValueSpecification","valueRequired":true,"valueName":"search_term_string"}}],"inLanguage":"es"},{"@type":"Organization","@id":"https:\/\/www.nexoinformativo.mx\/#organization","name":"Nexo Informativo Santiago de Quer\u00e9taro","url":"https:\/\/www.nexoinformativo.mx\/","logo":{"@type":"ImageObject","inLanguage":"es","@id":"https:\/\/www.nexoinformativo.mx\/#\/schema\/logo\/image\/","url":"https:\/\/www.nexoinformativo.mx\/wp-content\/uploads\/2024\/07\/nexoi-trasparente-2.png","contentUrl":"https:\/\/www.nexoinformativo.mx\/wp-content\/uploads\/2024\/07\/nexoi-trasparente-2.png","width":816,"height":339,"caption":"Nexo Informativo Santiago de Quer\u00e9taro"},"image":{"@id":"https:\/\/www.nexoinformativo.mx\/#\/schema\/logo\/image\/"},"sameAs":["https:\/\/www.facebook.com\/people\/Nexo-Informativo\/61564066885511\/"]},{"@type":"Person","@id":"https:\/\/www.nexoinformativo.mx\/#\/schema\/person\/7749d380ba08c8ca00d7bc76fd907b7d","name":"Nexo Informativo","image":{"@type":"ImageObject","inLanguage":"es","@id":"https:\/\/www.nexoinformativo.mx\/#\/schema\/person\/image\/","url":"https:\/\/secure.gravatar.com\/avatar\/dde2928154642a13d95f87ddf1ea9718fe2b46760a005c53e41ff5ad610704e6?s=96&d=mm&r=g","contentUrl":"https:\/\/secure.gravatar.com\/avatar\/dde2928154642a13d95f87ddf1ea9718fe2b46760a005c53e41ff5ad610704e6?s=96&d=mm&r=g","caption":"Nexo Informativo"},"url":"https:\/\/www.nexoinformativo.mx\/index.php\/author\/edicion\/"}]}},"_links":{"self":[{"href":"https:\/\/www.nexoinformativo.mx\/index.php\/wp-json\/wp\/v2\/posts\/6019","targetHints":{"allow":["GET"]}}],"collection":[{"href":"https:\/\/www.nexoinformativo.mx\/index.php\/wp-json\/wp\/v2\/posts"}],"about":[{"href":"https:\/\/www.nexoinformativo.mx\/index.php\/wp-json\/wp\/v2\/types\/post"}],"author":[{"embeddable":true,"href":"https:\/\/www.nexoinformativo.mx\/index.php\/wp-json\/wp\/v2\/users\/3"}],"replies":[{"embeddable":true,"href":"https:\/\/www.nexoinformativo.mx\/index.php\/wp-json\/wp\/v2\/comments?post=6019"}],"version-history":[{"count":6,"href":"https:\/\/www.nexoinformativo.mx\/index.php\/wp-json\/wp\/v2\/posts\/6019\/revisions"}],"predecessor-version":[{"id":6051,"href":"https:\/\/www.nexoinformativo.mx\/index.php\/wp-json\/wp\/v2\/posts\/6019\/revisions\/6051"}],"wp:featuredmedia":[{"embeddable":true,"href":"https:\/\/www.nexoinformativo.mx\/index.php\/wp-json\/wp\/v2\/media\/6020"}],"wp:attachment":[{"href":"https:\/\/www.nexoinformativo.mx\/index.php\/wp-json\/wp\/v2\/media?parent=6019"}],"wp:term":[{"taxonomy":"category","embeddable":true,"href":"https:\/\/www.nexoinformativo.mx\/index.php\/wp-json\/wp\/v2\/categories?post=6019"},{"taxonomy":"post_tag","embeddable":true,"href":"https:\/\/www.nexoinformativo.mx\/index.php\/wp-json\/wp\/v2\/tags?post=6019"}],"curies":[{"name":"wp","href":"https:\/\/api.w.org\/{rel}","templated":true}]}}