{"id":6027,"date":"2024-11-14T06:15:19","date_gmt":"2024-11-14T12:15:19","guid":{"rendered":"https:\/\/www.nexoinformativo.mx\/?p=6027"},"modified":"2024-11-14T07:53:36","modified_gmt":"2024-11-14T13:53:36","slug":"joe-biden-recibe-a-donald-trump-en-la-casa-blanca-para-la-transicion-de-poder","status":"publish","type":"post","link":"https:\/\/www.nexoinformativo.mx\/index.php\/2024\/11\/14\/joe-biden-recibe-a-donald-trump-en-la-casa-blanca-para-la-transicion-de-poder\/","title":{"rendered":"Joe Biden recibe a Donald Trump en la Casa Blanca para la transici\u00f3n de poder"},"content":{"rendered":"<p style=\"text-align: justify;\">El presidente en ejercicio, Joe Biden, recibi\u00f3 al presidente electo, Donald Trump, en la Casa Blanca el d\u00eda de ayer para comenzar la transici\u00f3n de poder en Estados Unidos. Ambos l\u00edderes se estrecharon la mano y coincidieron en el objetivo de lograr un traspaso de mando <strong>\u201clo mas suave posible\u201d<\/strong>.<\/p>\n<p>&nbsp;<\/p>\n<p style=\"text-align: justify;\">Durante su primer encuentro en el Sal\u00f3n Oval, Biden y Trump prometieron un traspaso de poder sin sobresaltos en enero. Biden dio la bienvenida a Trump y expres\u00f3 su deseo de una transici\u00f3n ordenada, mientras que Trump agradeci\u00f3 la disposici\u00f3n de Biden para facilitar el proceso.<\/p>\n<p>&nbsp;<\/p>\n<p style=\"text-align: justify;\">En la reuni\u00f3n, que dur\u00f3 casi dos horas, Biden y Trump discutieron sobre la guerra en Ucrania y los rehenes israel\u00edes en Gaza. Biden subray\u00f3 que el apoyo continuo a Kiev es de inter\u00e9s de seguridad nacional para Estados Unidos. Tambi\u00e9n abordaron el tema de los rehenes capturados por Ham\u00e1s y otras milicias palestinas.<\/p>\n<p>&nbsp;<\/p>\n<p style=\"text-align: justify;\">El encuentro fue un fuerte contraste con las cr\u00edticas que ambos l\u00edderes se han lanzado mutuamente durante a\u00f1os. A pesar de sus diferencias en pol\u00edticas, Biden y Trump mostraron un frente unido para asegurar una transici\u00f3n pac\u00edfica del poder.<\/p>\n<p>&nbsp;<\/p>\n<p style=\"text-align: justify;\">Fuera de la Casa Blanca, los signos de la inminente transferencia de poder eran evidentes con la construcci\u00f3n de gradas para el desfile del 20 de enero, cuando Trump ser\u00e1 investido. Aunque la transici\u00f3n est\u00e1 parcialmente estancada, el equipo de Trump ya ha anunciado a algunos miembros del gabinete del presidente entrante.<\/p>\n<p>&nbsp;<\/p>\n<p style=\"text-align: center;\"><em><strong>\u00a1Informaci\u00f3n que transforma!<\/strong><\/em><\/p>\n","protected":false},"excerpt":{"rendered":"<p>El presidente en ejercicio, Joe Biden, recibi\u00f3 al presidente electo, Donald Trump, en la Casa Blanca el d\u00eda de ayer para comenzar la transici\u00f3n de poder en Estados Unidos.<\/p>\n","protected":false},"author":3,"featured_media":6029,"comment_status":"open","ping_status":"open","sticky":false,"template":"","format":"standard","meta":{"footnotes":""},"categories":[21,58],"tags":[2055,2057,2056,2054],"class_list":["post-6027","post","type-post","status-publish","format-standard","has-post-thumbnail","hentry","category-politica","category-ultima-hora","tag-casablanca","tag-donaldtrump","tag-joebiden","tag-transiciondepoder"],"yoast_head":"<!-- This site is optimized with the Yoast SEO plugin v25.0 - https:\/\/yoast.com\/wordpress\/plugins\/seo\/ -->\n<title>Joe Biden recibe a Donald Trump en la Casa Blanca para la transici\u00f3n de poder | Nexo Informativo Santiago de Quer\u00e9taro<\/title>\n<meta name=\"description\" content=\"Joe Biden recibe a Donald Trump en la Casa Blanca para la transici\u00f3n de poder\" \/>\n<meta name=\"robots\" content=\"index, follow, max-snippet:-1, max-image-preview:large, max-video-preview:-1\" \/>\n<link rel=\"canonical\" href=\"https:\/\/www.nexoinformativo.mx\/index.php\/2024\/11\/14\/joe-biden-recibe-a-donald-trump-en-la-casa-blanca-para-la-transicion-de-poder\/\" \/>\n<meta property=\"og:locale\" content=\"es_MX\" \/>\n<meta property=\"og:type\" content=\"article\" \/>\n<meta property=\"og:title\" content=\"Joe Biden recibe a Donald Trump en la Casa Blanca para la transici\u00f3n de poder | Nexo Informativo Santiago de Quer\u00e9taro\" \/>\n<meta property=\"og:description\" content=\"Joe Biden recibe a Donald Trump en la Casa Blanca para la transici\u00f3n de poder\" \/>\n<meta property=\"og:url\" content=\"https:\/\/www.nexoinformativo.mx\/index.php\/2024\/11\/14\/joe-biden-recibe-a-donald-trump-en-la-casa-blanca-para-la-transicion-de-poder\/\" \/>\n<meta property=\"og:site_name\" content=\"Nexo Informativo Santiago de Quer\u00e9taro\" \/>\n<meta property=\"article:publisher\" content=\"https:\/\/www.facebook.com\/people\/Nexo-Informativo\/61564066885511\/\" \/>\n<meta property=\"article:published_time\" content=\"2024-11-14T12:15:19+00:00\" \/>\n<meta property=\"article:modified_time\" content=\"2024-11-14T13:53:36+00:00\" \/>\n<meta property=\"og:image\" content=\"https:\/\/www.nexoinformativo.mx\/wp-content\/uploads\/2024\/11\/IMG_3638-e1731592399865.jpg\" \/>\n\t<meta property=\"og:image:width\" content=\"600\" \/>\n\t<meta property=\"og:image:height\" content=\"729\" \/>\n\t<meta property=\"og:image:type\" content=\"image\/jpeg\" \/>\n<meta name=\"author\" content=\"Nexo Informativo\" \/>\n<meta name=\"twitter:card\" content=\"summary_large_image\" \/>\n<meta name=\"twitter:label1\" content=\"Escrito por\" \/>\n\t<meta name=\"twitter:data1\" content=\"Nexo Informativo\" \/>\n\t<meta name=\"twitter:label2\" content=\"Tiempo de lectura\" \/>\n\t<meta name=\"twitter:data2\" content=\"2 minutos\" \/>\n<script type=\"application\/ld+json\" class=\"yoast-schema-graph\">{\"@context\":\"https:\/\/schema.org\",\"@graph\":[{\"@type\":\"Article\",\"@id\":\"https:\/\/www.nexoinformativo.mx\/index.php\/2024\/11\/14\/joe-biden-recibe-a-donald-trump-en-la-casa-blanca-para-la-transicion-de-poder\/#article\",\"isPartOf\":{\"@id\":\"https:\/\/www.nexoinformativo.mx\/index.php\/2024\/11\/14\/joe-biden-recibe-a-donald-trump-en-la-casa-blanca-para-la-transicion-de-poder\/\"},\"author\":{\"name\":\"Nexo Informativo\",\"@id\":\"https:\/\/www.nexoinformativo.mx\/#\/schema\/person\/7749d380ba08c8ca00d7bc76fd907b7d\"},\"headline\":\"Joe Biden recibe a Donald Trump en la Casa Blanca para la transici\u00f3n de poder\",\"datePublished\":\"2024-11-14T12:15:19+00:00\",\"dateModified\":\"2024-11-14T13:53:36+00:00\",\"mainEntityOfPage\":{\"@id\":\"https:\/\/www.nexoinformativo.mx\/index.php\/2024\/11\/14\/joe-biden-recibe-a-donald-trump-en-la-casa-blanca-para-la-transicion-de-poder\/\"},\"wordCount\":284,\"commentCount\":0,\"publisher\":{\"@id\":\"https:\/\/www.nexoinformativo.mx\/#organization\"},\"image\":{\"@id\":\"https:\/\/www.nexoinformativo.mx\/index.php\/2024\/11\/14\/joe-biden-recibe-a-donald-trump-en-la-casa-blanca-para-la-transicion-de-poder\/#primaryimage\"},\"thumbnailUrl\":\"https:\/\/www.nexoinformativo.mx\/wp-content\/uploads\/2024\/11\/IMG_3638-e1731592399865.jpg\",\"keywords\":[\"CasaBlanca\",\"DonaldTrump\",\"JoeBiden\",\"Transici\u00f3nDePoder\"],\"articleSection\":[\"Pol\u00edtica\",\"\u00daltima Hora\"],\"inLanguage\":\"es\",\"potentialAction\":[{\"@type\":\"CommentAction\",\"name\":\"Comment\",\"target\":[\"https:\/\/www.nexoinformativo.mx\/index.php\/2024\/11\/14\/joe-biden-recibe-a-donald-trump-en-la-casa-blanca-para-la-transicion-de-poder\/#respond\"]}]},{\"@type\":\"WebPage\",\"@id\":\"https:\/\/www.nexoinformativo.mx\/index.php\/2024\/11\/14\/joe-biden-recibe-a-donald-trump-en-la-casa-blanca-para-la-transicion-de-poder\/\",\"url\":\"https:\/\/www.nexoinformativo.mx\/index.php\/2024\/11\/14\/joe-biden-recibe-a-donald-trump-en-la-casa-blanca-para-la-transicion-de-poder\/\",\"name\":\"Joe Biden recibe a Donald Trump en la Casa Blanca para la transici\u00f3n de poder | Nexo Informativo Santiago de Quer\u00e9taro\",\"isPartOf\":{\"@id\":\"https:\/\/www.nexoinformativo.mx\/#website\"},\"primaryImageOfPage\":{\"@id\":\"https:\/\/www.nexoinformativo.mx\/index.php\/2024\/11\/14\/joe-biden-recibe-a-donald-trump-en-la-casa-blanca-para-la-transicion-de-poder\/#primaryimage\"},\"image\":{\"@id\":\"https:\/\/www.nexoinformativo.mx\/index.php\/2024\/11\/14\/joe-biden-recibe-a-donald-trump-en-la-casa-blanca-para-la-transicion-de-poder\/#primaryimage\"},\"thumbnailUrl\":\"https:\/\/www.nexoinformativo.mx\/wp-content\/uploads\/2024\/11\/IMG_3638-e1731592399865.jpg\",\"datePublished\":\"2024-11-14T12:15:19+00:00\",\"dateModified\":\"2024-11-14T13:53:36+00:00\",\"description\":\"Joe Biden recibe a Donald Trump en la Casa Blanca para la transici\u00f3n de poder\",\"breadcrumb\":{\"@id\":\"https:\/\/www.nexoinformativo.mx\/index.php\/2024\/11\/14\/joe-biden-recibe-a-donald-trump-en-la-casa-blanca-para-la-transicion-de-poder\/#breadcrumb\"},\"inLanguage\":\"es\",\"potentialAction\":[{\"@type\":\"ReadAction\",\"target\":[\"https:\/\/www.nexoinformativo.mx\/index.php\/2024\/11\/14\/joe-biden-recibe-a-donald-trump-en-la-casa-blanca-para-la-transicion-de-poder\/\"]}]},{\"@type\":\"ImageObject\",\"inLanguage\":\"es\",\"@id\":\"https:\/\/www.nexoinformativo.mx\/index.php\/2024\/11\/14\/joe-biden-recibe-a-donald-trump-en-la-casa-blanca-para-la-transicion-de-poder\/#primaryimage\",\"url\":\"https:\/\/www.nexoinformativo.mx\/wp-content\/uploads\/2024\/11\/IMG_3638-e1731592399865.jpg\",\"contentUrl\":\"https:\/\/www.nexoinformativo.mx\/wp-content\/uploads\/2024\/11\/IMG_3638-e1731592399865.jpg\",\"width\":600,\"height\":729},{\"@type\":\"BreadcrumbList\",\"@id\":\"https:\/\/www.nexoinformativo.mx\/index.php\/2024\/11\/14\/joe-biden-recibe-a-donald-trump-en-la-casa-blanca-para-la-transicion-de-poder\/#breadcrumb\",\"itemListElement\":[{\"@type\":\"ListItem\",\"position\":1,\"name\":\"Inicio\",\"item\":\"https:\/\/www.nexoinformativo.mx\/\"},{\"@type\":\"ListItem\",\"position\":2,\"name\":\"Joe Biden recibe a Donald Trump en la Casa Blanca para la transici\u00f3n de poder\"}]},{\"@type\":\"WebSite\",\"@id\":\"https:\/\/www.nexoinformativo.mx\/#website\",\"url\":\"https:\/\/www.nexoinformativo.mx\/\",\"name\":\"Nexo Informativo Santiago de Quer\u00e9taro\",\"description\":\"Explora NexoInformativo y convi\u00e9rtete en parte de una comunidad que valora el conocimiento y la verdad. Tu nexoinformativo es tu puente hacia una comprensi\u00f3n m\u00e1s profunda del mundo que te rodea.\",\"publisher\":{\"@id\":\"https:\/\/www.nexoinformativo.mx\/#organization\"},\"potentialAction\":[{\"@type\":\"SearchAction\",\"target\":{\"@type\":\"EntryPoint\",\"urlTemplate\":\"https:\/\/www.nexoinformativo.mx\/?s={search_term_string}\"},\"query-input\":{\"@type\":\"PropertyValueSpecification\",\"valueRequired\":true,\"valueName\":\"search_term_string\"}}],\"inLanguage\":\"es\"},{\"@type\":\"Organization\",\"@id\":\"https:\/\/www.nexoinformativo.mx\/#organization\",\"name\":\"Nexo Informativo Santiago de Quer\u00e9taro\",\"url\":\"https:\/\/www.nexoinformativo.mx\/\",\"logo\":{\"@type\":\"ImageObject\",\"inLanguage\":\"es\",\"@id\":\"https:\/\/www.nexoinformativo.mx\/#\/schema\/logo\/image\/\",\"url\":\"https:\/\/www.nexoinformativo.mx\/wp-content\/uploads\/2024\/07\/nexoi-trasparente-2.png\",\"contentUrl\":\"https:\/\/www.nexoinformativo.mx\/wp-content\/uploads\/2024\/07\/nexoi-trasparente-2.png\",\"width\":816,\"height\":339,\"caption\":\"Nexo Informativo Santiago de Quer\u00e9taro\"},\"image\":{\"@id\":\"https:\/\/www.nexoinformativo.mx\/#\/schema\/logo\/image\/\"},\"sameAs\":[\"https:\/\/www.facebook.com\/people\/Nexo-Informativo\/61564066885511\/\"]},{\"@type\":\"Person\",\"@id\":\"https:\/\/www.nexoinformativo.mx\/#\/schema\/person\/7749d380ba08c8ca00d7bc76fd907b7d\",\"name\":\"Nexo Informativo\",\"image\":{\"@type\":\"ImageObject\",\"inLanguage\":\"es\",\"@id\":\"https:\/\/www.nexoinformativo.mx\/#\/schema\/person\/image\/\",\"url\":\"https:\/\/secure.gravatar.com\/avatar\/dde2928154642a13d95f87ddf1ea9718fe2b46760a005c53e41ff5ad610704e6?s=96&d=mm&r=g\",\"contentUrl\":\"https:\/\/secure.gravatar.com\/avatar\/dde2928154642a13d95f87ddf1ea9718fe2b46760a005c53e41ff5ad610704e6?s=96&d=mm&r=g\",\"caption\":\"Nexo Informativo\"},\"url\":\"https:\/\/www.nexoinformativo.mx\/index.php\/author\/edicion\/\"}]}<\/script>\n<!-- \/ Yoast SEO plugin. -->","yoast_head_json":{"title":"Joe Biden recibe a Donald Trump en la Casa Blanca para la transici\u00f3n de poder | Nexo Informativo Santiago de Quer\u00e9taro","description":"Joe Biden recibe a Donald Trump en la Casa Blanca para la transici\u00f3n de poder","robots":{"index":"index","follow":"follow","max-snippet":"max-snippet:-1","max-image-preview":"max-image-preview:large","max-video-preview":"max-video-preview:-1"},"canonical":"https:\/\/www.nexoinformativo.mx\/index.php\/2024\/11\/14\/joe-biden-recibe-a-donald-trump-en-la-casa-blanca-para-la-transicion-de-poder\/","og_locale":"es_MX","og_type":"article","og_title":"Joe Biden recibe a Donald Trump en la Casa Blanca para la transici\u00f3n de poder | Nexo Informativo Santiago de Quer\u00e9taro","og_description":"Joe Biden recibe a Donald Trump en la Casa Blanca para la transici\u00f3n de poder","og_url":"https:\/\/www.nexoinformativo.mx\/index.php\/2024\/11\/14\/joe-biden-recibe-a-donald-trump-en-la-casa-blanca-para-la-transicion-de-poder\/","og_site_name":"Nexo Informativo Santiago de Quer\u00e9taro","article_publisher":"https:\/\/www.facebook.com\/people\/Nexo-Informativo\/61564066885511\/","article_published_time":"2024-11-14T12:15:19+00:00","article_modified_time":"2024-11-14T13:53:36+00:00","og_image":[{"width":600,"height":729,"url":"https:\/\/www.nexoinformativo.mx\/wp-content\/uploads\/2024\/11\/IMG_3638-e1731592399865.jpg","type":"image\/jpeg"}],"author":"Nexo Informativo","twitter_card":"summary_large_image","twitter_misc":{"Escrito por":"Nexo Informativo","Tiempo de lectura":"2 minutos"},"schema":{"@context":"https:\/\/schema.org","@graph":[{"@type":"Article","@id":"https:\/\/www.nexoinformativo.mx\/index.php\/2024\/11\/14\/joe-biden-recibe-a-donald-trump-en-la-casa-blanca-para-la-transicion-de-poder\/#article","isPartOf":{"@id":"https:\/\/www.nexoinformativo.mx\/index.php\/2024\/11\/14\/joe-biden-recibe-a-donald-trump-en-la-casa-blanca-para-la-transicion-de-poder\/"},"author":{"name":"Nexo Informativo","@id":"https:\/\/www.nexoinformativo.mx\/#\/schema\/person\/7749d380ba08c8ca00d7bc76fd907b7d"},"headline":"Joe Biden recibe a Donald Trump en la Casa Blanca para la transici\u00f3n de poder","datePublished":"2024-11-14T12:15:19+00:00","dateModified":"2024-11-14T13:53:36+00:00","mainEntityOfPage":{"@id":"https:\/\/www.nexoinformativo.mx\/index.php\/2024\/11\/14\/joe-biden-recibe-a-donald-trump-en-la-casa-blanca-para-la-transicion-de-poder\/"},"wordCount":284,"commentCount":0,"publisher":{"@id":"https:\/\/www.nexoinformativo.mx\/#organization"},"image":{"@id":"https:\/\/www.nexoinformativo.mx\/index.php\/2024\/11\/14\/joe-biden-recibe-a-donald-trump-en-la-casa-blanca-para-la-transicion-de-poder\/#primaryimage"},"thumbnailUrl":"https:\/\/www.nexoinformativo.mx\/wp-content\/uploads\/2024\/11\/IMG_3638-e1731592399865.jpg","keywords":["CasaBlanca","DonaldTrump","JoeBiden","Transici\u00f3nDePoder"],"articleSection":["Pol\u00edtica","\u00daltima Hora"],"inLanguage":"es","potentialAction":[{"@type":"CommentAction","name":"Comment","target":["https:\/\/www.nexoinformativo.mx\/index.php\/2024\/11\/14\/joe-biden-recibe-a-donald-trump-en-la-casa-blanca-para-la-transicion-de-poder\/#respond"]}]},{"@type":"WebPage","@id":"https:\/\/www.nexoinformativo.mx\/index.php\/2024\/11\/14\/joe-biden-recibe-a-donald-trump-en-la-casa-blanca-para-la-transicion-de-poder\/","url":"https:\/\/www.nexoinformativo.mx\/index.php\/2024\/11\/14\/joe-biden-recibe-a-donald-trump-en-la-casa-blanca-para-la-transicion-de-poder\/","name":"Joe Biden recibe a Donald Trump en la Casa Blanca para la transici\u00f3n de poder | Nexo Informativo Santiago de Quer\u00e9taro","isPartOf":{"@id":"https:\/\/www.nexoinformativo.mx\/#website"},"primaryImageOfPage":{"@id":"https:\/\/www.nexoinformativo.mx\/index.php\/2024\/11\/14\/joe-biden-recibe-a-donald-trump-en-la-casa-blanca-para-la-transicion-de-poder\/#primaryimage"},"image":{"@id":"https:\/\/www.nexoinformativo.mx\/index.php\/2024\/11\/14\/joe-biden-recibe-a-donald-trump-en-la-casa-blanca-para-la-transicion-de-poder\/#primaryimage"},"thumbnailUrl":"https:\/\/www.nexoinformativo.mx\/wp-content\/uploads\/2024\/11\/IMG_3638-e1731592399865.jpg","datePublished":"2024-11-14T12:15:19+00:00","dateModified":"2024-11-14T13:53:36+00:00","description":"Joe Biden recibe a Donald Trump en la Casa Blanca para la transici\u00f3n de poder","breadcrumb":{"@id":"https:\/\/www.nexoinformativo.mx\/index.php\/2024\/11\/14\/joe-biden-recibe-a-donald-trump-en-la-casa-blanca-para-la-transicion-de-poder\/#breadcrumb"},"inLanguage":"es","potentialAction":[{"@type":"ReadAction","target":["https:\/\/www.nexoinformativo.mx\/index.php\/2024\/11\/14\/joe-biden-recibe-a-donald-trump-en-la-casa-blanca-para-la-transicion-de-poder\/"]}]},{"@type":"ImageObject","inLanguage":"es","@id":"https:\/\/www.nexoinformativo.mx\/index.php\/2024\/11\/14\/joe-biden-recibe-a-donald-trump-en-la-casa-blanca-para-la-transicion-de-poder\/#primaryimage","url":"https:\/\/www.nexoinformativo.mx\/wp-content\/uploads\/2024\/11\/IMG_3638-e1731592399865.jpg","contentUrl":"https:\/\/www.nexoinformativo.mx\/wp-content\/uploads\/2024\/11\/IMG_3638-e1731592399865.jpg","width":600,"height":729},{"@type":"BreadcrumbList","@id":"https:\/\/www.nexoinformativo.mx\/index.php\/2024\/11\/14\/joe-biden-recibe-a-donald-trump-en-la-casa-blanca-para-la-transicion-de-poder\/#breadcrumb","itemListElement":[{"@type":"ListItem","position":1,"name":"Inicio","item":"https:\/\/www.nexoinformativo.mx\/"},{"@type":"ListItem","position":2,"name":"Joe Biden recibe a Donald Trump en la Casa Blanca para la transici\u00f3n de poder"}]},{"@type":"WebSite","@id":"https:\/\/www.nexoinformativo.mx\/#website","url":"https:\/\/www.nexoinformativo.mx\/","name":"Nexo Informativo Santiago de Quer\u00e9taro","description":"Explora NexoInformativo y convi\u00e9rtete en parte de una comunidad que valora el conocimiento y la verdad. Tu nexoinformativo es tu puente hacia una comprensi\u00f3n m\u00e1s profunda del mundo que te rodea.","publisher":{"@id":"https:\/\/www.nexoinformativo.mx\/#organization"},"potentialAction":[{"@type":"SearchAction","target":{"@type":"EntryPoint","urlTemplate":"https:\/\/www.nexoinformativo.mx\/?s={search_term_string}"},"query-input":{"@type":"PropertyValueSpecification","valueRequired":true,"valueName":"search_term_string"}}],"inLanguage":"es"},{"@type":"Organization","@id":"https:\/\/www.nexoinformativo.mx\/#organization","name":"Nexo Informativo Santiago de Quer\u00e9taro","url":"https:\/\/www.nexoinformativo.mx\/","logo":{"@type":"ImageObject","inLanguage":"es","@id":"https:\/\/www.nexoinformativo.mx\/#\/schema\/logo\/image\/","url":"https:\/\/www.nexoinformativo.mx\/wp-content\/uploads\/2024\/07\/nexoi-trasparente-2.png","contentUrl":"https:\/\/www.nexoinformativo.mx\/wp-content\/uploads\/2024\/07\/nexoi-trasparente-2.png","width":816,"height":339,"caption":"Nexo Informativo Santiago de Quer\u00e9taro"},"image":{"@id":"https:\/\/www.nexoinformativo.mx\/#\/schema\/logo\/image\/"},"sameAs":["https:\/\/www.facebook.com\/people\/Nexo-Informativo\/61564066885511\/"]},{"@type":"Person","@id":"https:\/\/www.nexoinformativo.mx\/#\/schema\/person\/7749d380ba08c8ca00d7bc76fd907b7d","name":"Nexo Informativo","image":{"@type":"ImageObject","inLanguage":"es","@id":"https:\/\/www.nexoinformativo.mx\/#\/schema\/person\/image\/","url":"https:\/\/secure.gravatar.com\/avatar\/dde2928154642a13d95f87ddf1ea9718fe2b46760a005c53e41ff5ad610704e6?s=96&d=mm&r=g","contentUrl":"https:\/\/secure.gravatar.com\/avatar\/dde2928154642a13d95f87ddf1ea9718fe2b46760a005c53e41ff5ad610704e6?s=96&d=mm&r=g","caption":"Nexo Informativo"},"url":"https:\/\/www.nexoinformativo.mx\/index.php\/author\/edicion\/"}]}},"_links":{"self":[{"href":"https:\/\/www.nexoinformativo.mx\/index.php\/wp-json\/wp\/v2\/posts\/6027","targetHints":{"allow":["GET"]}}],"collection":[{"href":"https:\/\/www.nexoinformativo.mx\/index.php\/wp-json\/wp\/v2\/posts"}],"about":[{"href":"https:\/\/www.nexoinformativo.mx\/index.php\/wp-json\/wp\/v2\/types\/post"}],"author":[{"embeddable":true,"href":"https:\/\/www.nexoinformativo.mx\/index.php\/wp-json\/wp\/v2\/users\/3"}],"replies":[{"embeddable":true,"href":"https:\/\/www.nexoinformativo.mx\/index.php\/wp-json\/wp\/v2\/comments?post=6027"}],"version-history":[{"count":3,"href":"https:\/\/www.nexoinformativo.mx\/index.php\/wp-json\/wp\/v2\/posts\/6027\/revisions"}],"predecessor-version":[{"id":6038,"href":"https:\/\/www.nexoinformativo.mx\/index.php\/wp-json\/wp\/v2\/posts\/6027\/revisions\/6038"}],"wp:featuredmedia":[{"embeddable":true,"href":"https:\/\/www.nexoinformativo.mx\/index.php\/wp-json\/wp\/v2\/media\/6029"}],"wp:attachment":[{"href":"https:\/\/www.nexoinformativo.mx\/index.php\/wp-json\/wp\/v2\/media?parent=6027"}],"wp:term":[{"taxonomy":"category","embeddable":true,"href":"https:\/\/www.nexoinformativo.mx\/index.php\/wp-json\/wp\/v2\/categories?post=6027"},{"taxonomy":"post_tag","embeddable":true,"href":"https:\/\/www.nexoinformativo.mx\/index.php\/wp-json\/wp\/v2\/tags?post=6027"}],"curies":[{"name":"wp","href":"https:\/\/api.w.org\/{rel}","templated":true}]}}