{"id":6053,"date":"2024-11-14T07:00:01","date_gmt":"2024-11-14T13:00:01","guid":{"rendered":"https:\/\/www.nexoinformativo.mx\/?p=6053"},"modified":"2024-11-14T08:18:44","modified_gmt":"2024-11-14T14:18:44","slug":"mexico-envia-nota-diplomatica-a-ee-uu-por-declaraciones-del-embajador-ken-salazar","status":"publish","type":"post","link":"https:\/\/www.nexoinformativo.mx\/index.php\/2024\/11\/14\/mexico-envia-nota-diplomatica-a-ee-uu-por-declaraciones-del-embajador-ken-salazar\/","title":{"rendered":"M\u00e9xico env\u00eda nota Diplom\u00e1tica a EE.UU. por declaraciones del Embajador Ken Salazar"},"content":{"rendered":"<p style=\"text-align: justify;\">La Secretar\u00eda de Relaciones Exteriores de M\u00e9xico envi\u00f3 una nota diplom\u00e1tica a la Embajada de Estados Unidos en M\u00e9xico, manifestando su extra\u00f1amiento por las declaraciones del embajador Ken Salazar durante una conferencia de prensa el dia de ayer 13 de noviembre. En sus comentarios, Salazar critic\u00f3 la estrategia de seguridad del gobierno del expresidente AMLO, afirmando que hab\u00eda fallado.<\/p>\n<p>&nbsp;<\/p>\n<p style=\"text-align: justify;\">La canciller\u00eda, encabezada por Juan Ram\u00f3n de la Fuente, expres\u00f3 su protesta formal a trav\u00e9s de la nota diplom\u00e1tica, destacando que las declaraciones del embajador no reflejan la realidad de la seguridad en M\u00e9xico. Salazar hab\u00eda afirmado que M\u00e9xico no es un pa\u00eds seguro, lo que gener\u00f3 la respuesta inmediata del gobierno mexicano.<\/p>\n<p>&nbsp;<\/p>\n<p style=\"text-align: justify;\">Las declaraciones de Salazar se centraron en la estrategia de <strong>&#8220;abrazos y no balazos&#8221;<\/strong> del gobierno anterior, la cual, seg\u00fan \u00e9l, no hab\u00eda logrado los resultados esperados. Esta cr\u00edtica llev\u00f3 a la canciller\u00eda mexicana a tomar medidas diplom\u00e1ticas para expresar su desacuerdo y defender la imagen del pa\u00eds.<\/p>\n<p>&nbsp;<\/p>\n<p style=\"text-align: center;\"><em><strong>\u00a1Informaci\u00f3n que transforma!<\/strong><\/em><\/p>\n","protected":false},"excerpt":{"rendered":"<p>La Secretar\u00eda de Relaciones Exteriores de M\u00e9xico envi\u00f3 una nota diplom\u00e1tica a la Embajada de Estados Unidos en M\u00e9xico, manifestando su extra\u00f1amiento por las declaraciones del embajador Ken Salazar durante una conferencia de prensa el dia de ayer 13 de noviembre.<\/p>\n","protected":false},"author":3,"featured_media":6054,"comment_status":"open","ping_status":"open","sticky":false,"template":"","format":"standard","meta":{"footnotes":""},"categories":[88,58],"tags":[2060,2061,2059,131],"class_list":["post-6053","post","type-post","status-publish","format-standard","has-post-thumbnail","hentry","category-nacional","category-ultima-hora","tag-diplomacia","tag-mexicoeeuu","tag-relacionesexteriores","tag-seguridad"],"yoast_head":"<!-- This site is optimized with the Yoast SEO plugin v25.0 - https:\/\/yoast.com\/wordpress\/plugins\/seo\/ -->\n<title>M\u00e9xico env\u00eda nota Diplom\u00e1tica a EE.UU. por declaraciones del Embajador Ken Salazar | Nexo Informativo Santiago de Quer\u00e9taro<\/title>\n<meta name=\"description\" content=\"M\u00e9xico env\u00eda nota Diplom\u00e1tica a EE.UU. por declaraciones del Embajador Ken Salazar\" \/>\n<meta name=\"robots\" content=\"index, follow, max-snippet:-1, max-image-preview:large, max-video-preview:-1\" \/>\n<link rel=\"canonical\" href=\"https:\/\/www.nexoinformativo.mx\/index.php\/2024\/11\/14\/mexico-envia-nota-diplomatica-a-ee-uu-por-declaraciones-del-embajador-ken-salazar\/\" \/>\n<meta property=\"og:locale\" content=\"es_MX\" \/>\n<meta property=\"og:type\" content=\"article\" \/>\n<meta property=\"og:title\" content=\"M\u00e9xico env\u00eda nota Diplom\u00e1tica a EE.UU. por declaraciones del Embajador Ken Salazar | Nexo Informativo Santiago de Quer\u00e9taro\" \/>\n<meta property=\"og:description\" content=\"M\u00e9xico env\u00eda nota Diplom\u00e1tica a EE.UU. por declaraciones del Embajador Ken Salazar\" \/>\n<meta property=\"og:url\" content=\"https:\/\/www.nexoinformativo.mx\/index.php\/2024\/11\/14\/mexico-envia-nota-diplomatica-a-ee-uu-por-declaraciones-del-embajador-ken-salazar\/\" \/>\n<meta property=\"og:site_name\" content=\"Nexo Informativo Santiago de Quer\u00e9taro\" \/>\n<meta property=\"article:publisher\" content=\"https:\/\/www.facebook.com\/people\/Nexo-Informativo\/61564066885511\/\" \/>\n<meta property=\"article:published_time\" content=\"2024-11-14T13:00:01+00:00\" \/>\n<meta property=\"article:modified_time\" content=\"2024-11-14T14:18:44+00:00\" \/>\n<meta property=\"og:image\" content=\"https:\/\/www.nexoinformativo.mx\/wp-content\/uploads\/2024\/11\/IMG_7774-e1731593875676.jpg\" \/>\n\t<meta property=\"og:image:width\" content=\"600\" \/>\n\t<meta property=\"og:image:height\" content=\"450\" \/>\n\t<meta property=\"og:image:type\" content=\"image\/jpeg\" \/>\n<meta name=\"author\" content=\"Nexo Informativo\" \/>\n<meta name=\"twitter:card\" content=\"summary_large_image\" \/>\n<meta name=\"twitter:label1\" content=\"Escrito por\" \/>\n\t<meta name=\"twitter:data1\" content=\"Nexo Informativo\" \/>\n\t<meta name=\"twitter:label2\" content=\"Tiempo de lectura\" \/>\n\t<meta name=\"twitter:data2\" content=\"1 minuto\" \/>\n<script type=\"application\/ld+json\" class=\"yoast-schema-graph\">{\"@context\":\"https:\/\/schema.org\",\"@graph\":[{\"@type\":\"Article\",\"@id\":\"https:\/\/www.nexoinformativo.mx\/index.php\/2024\/11\/14\/mexico-envia-nota-diplomatica-a-ee-uu-por-declaraciones-del-embajador-ken-salazar\/#article\",\"isPartOf\":{\"@id\":\"https:\/\/www.nexoinformativo.mx\/index.php\/2024\/11\/14\/mexico-envia-nota-diplomatica-a-ee-uu-por-declaraciones-del-embajador-ken-salazar\/\"},\"author\":{\"name\":\"Nexo Informativo\",\"@id\":\"https:\/\/www.nexoinformativo.mx\/#\/schema\/person\/7749d380ba08c8ca00d7bc76fd907b7d\"},\"headline\":\"M\u00e9xico env\u00eda nota Diplom\u00e1tica a EE.UU. por declaraciones del Embajador Ken Salazar\",\"datePublished\":\"2024-11-14T13:00:01+00:00\",\"dateModified\":\"2024-11-14T14:18:44+00:00\",\"mainEntityOfPage\":{\"@id\":\"https:\/\/www.nexoinformativo.mx\/index.php\/2024\/11\/14\/mexico-envia-nota-diplomatica-a-ee-uu-por-declaraciones-del-embajador-ken-salazar\/\"},\"wordCount\":202,\"commentCount\":0,\"publisher\":{\"@id\":\"https:\/\/www.nexoinformativo.mx\/#organization\"},\"image\":{\"@id\":\"https:\/\/www.nexoinformativo.mx\/index.php\/2024\/11\/14\/mexico-envia-nota-diplomatica-a-ee-uu-por-declaraciones-del-embajador-ken-salazar\/#primaryimage\"},\"thumbnailUrl\":\"https:\/\/www.nexoinformativo.mx\/wp-content\/uploads\/2024\/11\/IMG_7774-e1731593875676.jpg\",\"keywords\":[\"Diplomacia\",\"M\u00e9xicoEEUU\",\"RelacionesExteriores\",\"Seguridad\"],\"articleSection\":[\"Nacional\",\"\u00daltima Hora\"],\"inLanguage\":\"es\",\"potentialAction\":[{\"@type\":\"CommentAction\",\"name\":\"Comment\",\"target\":[\"https:\/\/www.nexoinformativo.mx\/index.php\/2024\/11\/14\/mexico-envia-nota-diplomatica-a-ee-uu-por-declaraciones-del-embajador-ken-salazar\/#respond\"]}]},{\"@type\":\"WebPage\",\"@id\":\"https:\/\/www.nexoinformativo.mx\/index.php\/2024\/11\/14\/mexico-envia-nota-diplomatica-a-ee-uu-por-declaraciones-del-embajador-ken-salazar\/\",\"url\":\"https:\/\/www.nexoinformativo.mx\/index.php\/2024\/11\/14\/mexico-envia-nota-diplomatica-a-ee-uu-por-declaraciones-del-embajador-ken-salazar\/\",\"name\":\"M\u00e9xico env\u00eda nota Diplom\u00e1tica a EE.UU. por declaraciones del Embajador Ken Salazar | Nexo Informativo Santiago de Quer\u00e9taro\",\"isPartOf\":{\"@id\":\"https:\/\/www.nexoinformativo.mx\/#website\"},\"primaryImageOfPage\":{\"@id\":\"https:\/\/www.nexoinformativo.mx\/index.php\/2024\/11\/14\/mexico-envia-nota-diplomatica-a-ee-uu-por-declaraciones-del-embajador-ken-salazar\/#primaryimage\"},\"image\":{\"@id\":\"https:\/\/www.nexoinformativo.mx\/index.php\/2024\/11\/14\/mexico-envia-nota-diplomatica-a-ee-uu-por-declaraciones-del-embajador-ken-salazar\/#primaryimage\"},\"thumbnailUrl\":\"https:\/\/www.nexoinformativo.mx\/wp-content\/uploads\/2024\/11\/IMG_7774-e1731593875676.jpg\",\"datePublished\":\"2024-11-14T13:00:01+00:00\",\"dateModified\":\"2024-11-14T14:18:44+00:00\",\"description\":\"M\u00e9xico env\u00eda nota Diplom\u00e1tica a EE.UU. por declaraciones del Embajador Ken Salazar\",\"breadcrumb\":{\"@id\":\"https:\/\/www.nexoinformativo.mx\/index.php\/2024\/11\/14\/mexico-envia-nota-diplomatica-a-ee-uu-por-declaraciones-del-embajador-ken-salazar\/#breadcrumb\"},\"inLanguage\":\"es\",\"potentialAction\":[{\"@type\":\"ReadAction\",\"target\":[\"https:\/\/www.nexoinformativo.mx\/index.php\/2024\/11\/14\/mexico-envia-nota-diplomatica-a-ee-uu-por-declaraciones-del-embajador-ken-salazar\/\"]}]},{\"@type\":\"ImageObject\",\"inLanguage\":\"es\",\"@id\":\"https:\/\/www.nexoinformativo.mx\/index.php\/2024\/11\/14\/mexico-envia-nota-diplomatica-a-ee-uu-por-declaraciones-del-embajador-ken-salazar\/#primaryimage\",\"url\":\"https:\/\/www.nexoinformativo.mx\/wp-content\/uploads\/2024\/11\/IMG_7774-e1731593875676.jpg\",\"contentUrl\":\"https:\/\/www.nexoinformativo.mx\/wp-content\/uploads\/2024\/11\/IMG_7774-e1731593875676.jpg\",\"width\":600,\"height\":450},{\"@type\":\"BreadcrumbList\",\"@id\":\"https:\/\/www.nexoinformativo.mx\/index.php\/2024\/11\/14\/mexico-envia-nota-diplomatica-a-ee-uu-por-declaraciones-del-embajador-ken-salazar\/#breadcrumb\",\"itemListElement\":[{\"@type\":\"ListItem\",\"position\":1,\"name\":\"Inicio\",\"item\":\"https:\/\/www.nexoinformativo.mx\/\"},{\"@type\":\"ListItem\",\"position\":2,\"name\":\"M\u00e9xico env\u00eda nota Diplom\u00e1tica a EE.UU. por declaraciones del Embajador Ken Salazar\"}]},{\"@type\":\"WebSite\",\"@id\":\"https:\/\/www.nexoinformativo.mx\/#website\",\"url\":\"https:\/\/www.nexoinformativo.mx\/\",\"name\":\"Nexo Informativo Santiago de Quer\u00e9taro\",\"description\":\"Explora NexoInformativo y convi\u00e9rtete en parte de una comunidad que valora el conocimiento y la verdad. Tu nexoinformativo es tu puente hacia una comprensi\u00f3n m\u00e1s profunda del mundo que te rodea.\",\"publisher\":{\"@id\":\"https:\/\/www.nexoinformativo.mx\/#organization\"},\"potentialAction\":[{\"@type\":\"SearchAction\",\"target\":{\"@type\":\"EntryPoint\",\"urlTemplate\":\"https:\/\/www.nexoinformativo.mx\/?s={search_term_string}\"},\"query-input\":{\"@type\":\"PropertyValueSpecification\",\"valueRequired\":true,\"valueName\":\"search_term_string\"}}],\"inLanguage\":\"es\"},{\"@type\":\"Organization\",\"@id\":\"https:\/\/www.nexoinformativo.mx\/#organization\",\"name\":\"Nexo Informativo Santiago de Quer\u00e9taro\",\"url\":\"https:\/\/www.nexoinformativo.mx\/\",\"logo\":{\"@type\":\"ImageObject\",\"inLanguage\":\"es\",\"@id\":\"https:\/\/www.nexoinformativo.mx\/#\/schema\/logo\/image\/\",\"url\":\"https:\/\/www.nexoinformativo.mx\/wp-content\/uploads\/2024\/07\/nexoi-trasparente-2.png\",\"contentUrl\":\"https:\/\/www.nexoinformativo.mx\/wp-content\/uploads\/2024\/07\/nexoi-trasparente-2.png\",\"width\":816,\"height\":339,\"caption\":\"Nexo Informativo Santiago de Quer\u00e9taro\"},\"image\":{\"@id\":\"https:\/\/www.nexoinformativo.mx\/#\/schema\/logo\/image\/\"},\"sameAs\":[\"https:\/\/www.facebook.com\/people\/Nexo-Informativo\/61564066885511\/\"]},{\"@type\":\"Person\",\"@id\":\"https:\/\/www.nexoinformativo.mx\/#\/schema\/person\/7749d380ba08c8ca00d7bc76fd907b7d\",\"name\":\"Nexo Informativo\",\"image\":{\"@type\":\"ImageObject\",\"inLanguage\":\"es\",\"@id\":\"https:\/\/www.nexoinformativo.mx\/#\/schema\/person\/image\/\",\"url\":\"https:\/\/secure.gravatar.com\/avatar\/dde2928154642a13d95f87ddf1ea9718fe2b46760a005c53e41ff5ad610704e6?s=96&d=mm&r=g\",\"contentUrl\":\"https:\/\/secure.gravatar.com\/avatar\/dde2928154642a13d95f87ddf1ea9718fe2b46760a005c53e41ff5ad610704e6?s=96&d=mm&r=g\",\"caption\":\"Nexo Informativo\"},\"url\":\"https:\/\/www.nexoinformativo.mx\/index.php\/author\/edicion\/\"}]}<\/script>\n<!-- \/ Yoast SEO plugin. -->","yoast_head_json":{"title":"M\u00e9xico env\u00eda nota Diplom\u00e1tica a EE.UU. por declaraciones del Embajador Ken Salazar | Nexo Informativo Santiago de Quer\u00e9taro","description":"M\u00e9xico env\u00eda nota Diplom\u00e1tica a EE.UU. por declaraciones del Embajador Ken Salazar","robots":{"index":"index","follow":"follow","max-snippet":"max-snippet:-1","max-image-preview":"max-image-preview:large","max-video-preview":"max-video-preview:-1"},"canonical":"https:\/\/www.nexoinformativo.mx\/index.php\/2024\/11\/14\/mexico-envia-nota-diplomatica-a-ee-uu-por-declaraciones-del-embajador-ken-salazar\/","og_locale":"es_MX","og_type":"article","og_title":"M\u00e9xico env\u00eda nota Diplom\u00e1tica a EE.UU. por declaraciones del Embajador Ken Salazar | Nexo Informativo Santiago de Quer\u00e9taro","og_description":"M\u00e9xico env\u00eda nota Diplom\u00e1tica a EE.UU. por declaraciones del Embajador Ken Salazar","og_url":"https:\/\/www.nexoinformativo.mx\/index.php\/2024\/11\/14\/mexico-envia-nota-diplomatica-a-ee-uu-por-declaraciones-del-embajador-ken-salazar\/","og_site_name":"Nexo Informativo Santiago de Quer\u00e9taro","article_publisher":"https:\/\/www.facebook.com\/people\/Nexo-Informativo\/61564066885511\/","article_published_time":"2024-11-14T13:00:01+00:00","article_modified_time":"2024-11-14T14:18:44+00:00","og_image":[{"width":600,"height":450,"url":"https:\/\/www.nexoinformativo.mx\/wp-content\/uploads\/2024\/11\/IMG_7774-e1731593875676.jpg","type":"image\/jpeg"}],"author":"Nexo Informativo","twitter_card":"summary_large_image","twitter_misc":{"Escrito por":"Nexo Informativo","Tiempo de lectura":"1 minuto"},"schema":{"@context":"https:\/\/schema.org","@graph":[{"@type":"Article","@id":"https:\/\/www.nexoinformativo.mx\/index.php\/2024\/11\/14\/mexico-envia-nota-diplomatica-a-ee-uu-por-declaraciones-del-embajador-ken-salazar\/#article","isPartOf":{"@id":"https:\/\/www.nexoinformativo.mx\/index.php\/2024\/11\/14\/mexico-envia-nota-diplomatica-a-ee-uu-por-declaraciones-del-embajador-ken-salazar\/"},"author":{"name":"Nexo Informativo","@id":"https:\/\/www.nexoinformativo.mx\/#\/schema\/person\/7749d380ba08c8ca00d7bc76fd907b7d"},"headline":"M\u00e9xico env\u00eda nota Diplom\u00e1tica a EE.UU. por declaraciones del Embajador Ken Salazar","datePublished":"2024-11-14T13:00:01+00:00","dateModified":"2024-11-14T14:18:44+00:00","mainEntityOfPage":{"@id":"https:\/\/www.nexoinformativo.mx\/index.php\/2024\/11\/14\/mexico-envia-nota-diplomatica-a-ee-uu-por-declaraciones-del-embajador-ken-salazar\/"},"wordCount":202,"commentCount":0,"publisher":{"@id":"https:\/\/www.nexoinformativo.mx\/#organization"},"image":{"@id":"https:\/\/www.nexoinformativo.mx\/index.php\/2024\/11\/14\/mexico-envia-nota-diplomatica-a-ee-uu-por-declaraciones-del-embajador-ken-salazar\/#primaryimage"},"thumbnailUrl":"https:\/\/www.nexoinformativo.mx\/wp-content\/uploads\/2024\/11\/IMG_7774-e1731593875676.jpg","keywords":["Diplomacia","M\u00e9xicoEEUU","RelacionesExteriores","Seguridad"],"articleSection":["Nacional","\u00daltima Hora"],"inLanguage":"es","potentialAction":[{"@type":"CommentAction","name":"Comment","target":["https:\/\/www.nexoinformativo.mx\/index.php\/2024\/11\/14\/mexico-envia-nota-diplomatica-a-ee-uu-por-declaraciones-del-embajador-ken-salazar\/#respond"]}]},{"@type":"WebPage","@id":"https:\/\/www.nexoinformativo.mx\/index.php\/2024\/11\/14\/mexico-envia-nota-diplomatica-a-ee-uu-por-declaraciones-del-embajador-ken-salazar\/","url":"https:\/\/www.nexoinformativo.mx\/index.php\/2024\/11\/14\/mexico-envia-nota-diplomatica-a-ee-uu-por-declaraciones-del-embajador-ken-salazar\/","name":"M\u00e9xico env\u00eda nota Diplom\u00e1tica a EE.UU. por declaraciones del Embajador Ken Salazar | Nexo Informativo Santiago de Quer\u00e9taro","isPartOf":{"@id":"https:\/\/www.nexoinformativo.mx\/#website"},"primaryImageOfPage":{"@id":"https:\/\/www.nexoinformativo.mx\/index.php\/2024\/11\/14\/mexico-envia-nota-diplomatica-a-ee-uu-por-declaraciones-del-embajador-ken-salazar\/#primaryimage"},"image":{"@id":"https:\/\/www.nexoinformativo.mx\/index.php\/2024\/11\/14\/mexico-envia-nota-diplomatica-a-ee-uu-por-declaraciones-del-embajador-ken-salazar\/#primaryimage"},"thumbnailUrl":"https:\/\/www.nexoinformativo.mx\/wp-content\/uploads\/2024\/11\/IMG_7774-e1731593875676.jpg","datePublished":"2024-11-14T13:00:01+00:00","dateModified":"2024-11-14T14:18:44+00:00","description":"M\u00e9xico env\u00eda nota Diplom\u00e1tica a EE.UU. por declaraciones del Embajador Ken Salazar","breadcrumb":{"@id":"https:\/\/www.nexoinformativo.mx\/index.php\/2024\/11\/14\/mexico-envia-nota-diplomatica-a-ee-uu-por-declaraciones-del-embajador-ken-salazar\/#breadcrumb"},"inLanguage":"es","potentialAction":[{"@type":"ReadAction","target":["https:\/\/www.nexoinformativo.mx\/index.php\/2024\/11\/14\/mexico-envia-nota-diplomatica-a-ee-uu-por-declaraciones-del-embajador-ken-salazar\/"]}]},{"@type":"ImageObject","inLanguage":"es","@id":"https:\/\/www.nexoinformativo.mx\/index.php\/2024\/11\/14\/mexico-envia-nota-diplomatica-a-ee-uu-por-declaraciones-del-embajador-ken-salazar\/#primaryimage","url":"https:\/\/www.nexoinformativo.mx\/wp-content\/uploads\/2024\/11\/IMG_7774-e1731593875676.jpg","contentUrl":"https:\/\/www.nexoinformativo.mx\/wp-content\/uploads\/2024\/11\/IMG_7774-e1731593875676.jpg","width":600,"height":450},{"@type":"BreadcrumbList","@id":"https:\/\/www.nexoinformativo.mx\/index.php\/2024\/11\/14\/mexico-envia-nota-diplomatica-a-ee-uu-por-declaraciones-del-embajador-ken-salazar\/#breadcrumb","itemListElement":[{"@type":"ListItem","position":1,"name":"Inicio","item":"https:\/\/www.nexoinformativo.mx\/"},{"@type":"ListItem","position":2,"name":"M\u00e9xico env\u00eda nota Diplom\u00e1tica a EE.UU. por declaraciones del Embajador Ken Salazar"}]},{"@type":"WebSite","@id":"https:\/\/www.nexoinformativo.mx\/#website","url":"https:\/\/www.nexoinformativo.mx\/","name":"Nexo Informativo Santiago de Quer\u00e9taro","description":"Explora NexoInformativo y convi\u00e9rtete en parte de una comunidad que valora el conocimiento y la verdad. Tu nexoinformativo es tu puente hacia una comprensi\u00f3n m\u00e1s profunda del mundo que te rodea.","publisher":{"@id":"https:\/\/www.nexoinformativo.mx\/#organization"},"potentialAction":[{"@type":"SearchAction","target":{"@type":"EntryPoint","urlTemplate":"https:\/\/www.nexoinformativo.mx\/?s={search_term_string}"},"query-input":{"@type":"PropertyValueSpecification","valueRequired":true,"valueName":"search_term_string"}}],"inLanguage":"es"},{"@type":"Organization","@id":"https:\/\/www.nexoinformativo.mx\/#organization","name":"Nexo Informativo Santiago de Quer\u00e9taro","url":"https:\/\/www.nexoinformativo.mx\/","logo":{"@type":"ImageObject","inLanguage":"es","@id":"https:\/\/www.nexoinformativo.mx\/#\/schema\/logo\/image\/","url":"https:\/\/www.nexoinformativo.mx\/wp-content\/uploads\/2024\/07\/nexoi-trasparente-2.png","contentUrl":"https:\/\/www.nexoinformativo.mx\/wp-content\/uploads\/2024\/07\/nexoi-trasparente-2.png","width":816,"height":339,"caption":"Nexo Informativo Santiago de Quer\u00e9taro"},"image":{"@id":"https:\/\/www.nexoinformativo.mx\/#\/schema\/logo\/image\/"},"sameAs":["https:\/\/www.facebook.com\/people\/Nexo-Informativo\/61564066885511\/"]},{"@type":"Person","@id":"https:\/\/www.nexoinformativo.mx\/#\/schema\/person\/7749d380ba08c8ca00d7bc76fd907b7d","name":"Nexo Informativo","image":{"@type":"ImageObject","inLanguage":"es","@id":"https:\/\/www.nexoinformativo.mx\/#\/schema\/person\/image\/","url":"https:\/\/secure.gravatar.com\/avatar\/dde2928154642a13d95f87ddf1ea9718fe2b46760a005c53e41ff5ad610704e6?s=96&d=mm&r=g","contentUrl":"https:\/\/secure.gravatar.com\/avatar\/dde2928154642a13d95f87ddf1ea9718fe2b46760a005c53e41ff5ad610704e6?s=96&d=mm&r=g","caption":"Nexo Informativo"},"url":"https:\/\/www.nexoinformativo.mx\/index.php\/author\/edicion\/"}]}},"_links":{"self":[{"href":"https:\/\/www.nexoinformativo.mx\/index.php\/wp-json\/wp\/v2\/posts\/6053","targetHints":{"allow":["GET"]}}],"collection":[{"href":"https:\/\/www.nexoinformativo.mx\/index.php\/wp-json\/wp\/v2\/posts"}],"about":[{"href":"https:\/\/www.nexoinformativo.mx\/index.php\/wp-json\/wp\/v2\/types\/post"}],"author":[{"embeddable":true,"href":"https:\/\/www.nexoinformativo.mx\/index.php\/wp-json\/wp\/v2\/users\/3"}],"replies":[{"embeddable":true,"href":"https:\/\/www.nexoinformativo.mx\/index.php\/wp-json\/wp\/v2\/comments?post=6053"}],"version-history":[{"count":3,"href":"https:\/\/www.nexoinformativo.mx\/index.php\/wp-json\/wp\/v2\/posts\/6053\/revisions"}],"predecessor-version":[{"id":6057,"href":"https:\/\/www.nexoinformativo.mx\/index.php\/wp-json\/wp\/v2\/posts\/6053\/revisions\/6057"}],"wp:featuredmedia":[{"embeddable":true,"href":"https:\/\/www.nexoinformativo.mx\/index.php\/wp-json\/wp\/v2\/media\/6054"}],"wp:attachment":[{"href":"https:\/\/www.nexoinformativo.mx\/index.php\/wp-json\/wp\/v2\/media?parent=6053"}],"wp:term":[{"taxonomy":"category","embeddable":true,"href":"https:\/\/www.nexoinformativo.mx\/index.php\/wp-json\/wp\/v2\/categories?post=6053"},{"taxonomy":"post_tag","embeddable":true,"href":"https:\/\/www.nexoinformativo.mx\/index.php\/wp-json\/wp\/v2\/tags?post=6053"}],"curies":[{"name":"wp","href":"https:\/\/api.w.org\/{rel}","templated":true}]}}