{"id":6064,"date":"2024-11-14T08:00:24","date_gmt":"2024-11-14T14:00:24","guid":{"rendered":"https:\/\/www.nexoinformativo.mx\/?p=6064"},"modified":"2024-11-14T09:19:54","modified_gmt":"2024-11-14T15:19:54","slug":"marco-del-prete-inaugura-expansion-de-gln-moldes-mexico-en-queretaro","status":"publish","type":"post","link":"https:\/\/www.nexoinformativo.mx\/index.php\/2024\/11\/14\/marco-del-prete-inaugura-expansion-de-gln-moldes-mexico-en-queretaro\/","title":{"rendered":"Marco Del Prete inaugura Expansi\u00f3n de GLN Moldes M\u00e9xico en Quer\u00e9taro"},"content":{"rendered":"<p style=\"text-align: justify;\">El titular de la Secretar\u00eda de Desarrollo Sustentable (SEDESU), Marco Antonio Del Prete, inaugur\u00f3 la expansi\u00f3n de operaciones de la planta de GLN Moldes M\u00e9xico, una empresa de capital portugu\u00e9s del sector de pl\u00e1sticos. Esta ampliaci\u00f3n representa una inversi\u00f3n superior a los 195 mdp, reafirmando la confianza del Grupo GLN en Quer\u00e9taro como un estado pr\u00f3spero y seguro para sus proyectos.<\/p>\n<p>&nbsp;<\/p>\n<p style=\"text-align: justify;\">Durante la ceremonia, Del Prete destac\u00f3 que esta inversi\u00f3n es una muestra del buen camino que sigue Quer\u00e9taro. Las nuevas instalaciones generar\u00e1n 64 nuevos puestos de trabajo, sumando un total de 181 empleos en la planta. Esto se traduce en m\u00e1s oportunidades para los queretanos.<\/p>\n<p>&nbsp;<\/p>\n<p style=\"text-align: justify;\">El embajador de Portugal en M\u00e9xico, Manuel Carvalho, subray\u00f3 la fuerte relaci\u00f3n entre ambos pa\u00edses y destac\u00f3 la din\u00e1mica empresarial de Quer\u00e9taro. Por su parte, el presidente de GLN M\u00e9xico, Manuel Champalimaud, anunci\u00f3 la divisi\u00f3n GLN Advanced Solutions Automotive, impulsando el desarrollo tecnol\u00f3gico del sector en Norteam\u00e9rica.<\/p>\n<p>&nbsp;<\/p>\n<p style=\"text-align: justify;\">Marco Del Prete reiter\u00f3 que el crecimiento econ\u00f3mico en Quer\u00e9taro va de la mano con el cuidado del medio ambiente, haciendo de la entidad un lugar ideal para invertir. Adem\u00e1s, se resalt\u00f3 la estabilidad y competitividad que Quer\u00e9taro aporta al sector automotriz, seg\u00fan el administrador y CEO de GLN M\u00e9xico, Rui Sergio Marques.<\/p>\n<p>&nbsp;<\/p>\n<p style=\"text-align: center;\"><em><strong>\u00a1Informaci\u00f3n que transforma!<\/strong><\/em><\/p>\n","protected":false},"excerpt":{"rendered":"<p>El titular de la Secretar\u00eda de Desarrollo Sustentable (SEDESU), Marco Antonio Del Prete, inaugur\u00f3 la expansi\u00f3n de operaciones de la planta de GLN Moldes M\u00e9xico, una empresa de capital portugu\u00e9s del sector de pl\u00e1sticos<\/p>\n","protected":false},"author":3,"featured_media":6065,"comment_status":"open","ping_status":"open","sticky":false,"template":"","format":"standard","meta":{"footnotes":""},"categories":[5,42,58],"tags":[339,2064,142,133],"class_list":["post-6064","post","type-post","status-publish","format-standard","has-post-thumbnail","hentry","category-economia","category-estado","category-ultima-hora","tag-desarrollosustentable","tag-expansiongln","tag-inversion","tag-queretaro"],"yoast_head":"<!-- This site is optimized with the Yoast SEO plugin v25.0 - https:\/\/yoast.com\/wordpress\/plugins\/seo\/ -->\n<title>Marco Del Prete inaugura Expansi\u00f3n de GLN Moldes M\u00e9xico en Quer\u00e9taro | Nexo Informativo Santiago de Quer\u00e9taro<\/title>\n<meta name=\"description\" content=\"Marco Del Prete inaugura Expansi\u00f3n de GLN Moldes M\u00e9xico en Quer\u00e9taro\" \/>\n<meta name=\"robots\" content=\"index, follow, max-snippet:-1, max-image-preview:large, max-video-preview:-1\" \/>\n<link rel=\"canonical\" href=\"https:\/\/www.nexoinformativo.mx\/index.php\/2024\/11\/14\/marco-del-prete-inaugura-expansion-de-gln-moldes-mexico-en-queretaro\/\" \/>\n<meta property=\"og:locale\" content=\"es_MX\" \/>\n<meta property=\"og:type\" content=\"article\" \/>\n<meta property=\"og:title\" content=\"Marco Del Prete inaugura Expansi\u00f3n de GLN Moldes M\u00e9xico en Quer\u00e9taro | Nexo Informativo Santiago de Quer\u00e9taro\" \/>\n<meta property=\"og:description\" content=\"Marco Del Prete inaugura Expansi\u00f3n de GLN Moldes M\u00e9xico en Quer\u00e9taro\" \/>\n<meta property=\"og:url\" content=\"https:\/\/www.nexoinformativo.mx\/index.php\/2024\/11\/14\/marco-del-prete-inaugura-expansion-de-gln-moldes-mexico-en-queretaro\/\" \/>\n<meta property=\"og:site_name\" content=\"Nexo Informativo Santiago de Quer\u00e9taro\" \/>\n<meta property=\"article:publisher\" content=\"https:\/\/www.facebook.com\/people\/Nexo-Informativo\/61564066885511\/\" \/>\n<meta property=\"article:published_time\" content=\"2024-11-14T14:00:24+00:00\" \/>\n<meta property=\"article:modified_time\" content=\"2024-11-14T15:19:54+00:00\" \/>\n<meta property=\"og:image\" content=\"https:\/\/www.nexoinformativo.mx\/wp-content\/uploads\/2024\/11\/0326135e-c0bd-4a46-a12e-807f67f3f783-e1731597518553.jpg\" \/>\n\t<meta property=\"og:image:width\" content=\"800\" \/>\n\t<meta property=\"og:image:height\" content=\"549\" \/>\n\t<meta property=\"og:image:type\" content=\"image\/jpeg\" \/>\n<meta name=\"author\" content=\"Nexo Informativo\" \/>\n<meta name=\"twitter:card\" content=\"summary_large_image\" \/>\n<meta name=\"twitter:label1\" content=\"Escrito por\" \/>\n\t<meta name=\"twitter:data1\" content=\"Nexo Informativo\" \/>\n\t<meta name=\"twitter:label2\" content=\"Tiempo de lectura\" \/>\n\t<meta name=\"twitter:data2\" content=\"2 minutos\" \/>\n<script type=\"application\/ld+json\" class=\"yoast-schema-graph\">{\"@context\":\"https:\/\/schema.org\",\"@graph\":[{\"@type\":\"Article\",\"@id\":\"https:\/\/www.nexoinformativo.mx\/index.php\/2024\/11\/14\/marco-del-prete-inaugura-expansion-de-gln-moldes-mexico-en-queretaro\/#article\",\"isPartOf\":{\"@id\":\"https:\/\/www.nexoinformativo.mx\/index.php\/2024\/11\/14\/marco-del-prete-inaugura-expansion-de-gln-moldes-mexico-en-queretaro\/\"},\"author\":{\"name\":\"Nexo Informativo\",\"@id\":\"https:\/\/www.nexoinformativo.mx\/#\/schema\/person\/7749d380ba08c8ca00d7bc76fd907b7d\"},\"headline\":\"Marco Del Prete inaugura Expansi\u00f3n de GLN Moldes M\u00e9xico en Quer\u00e9taro\",\"datePublished\":\"2024-11-14T14:00:24+00:00\",\"dateModified\":\"2024-11-14T15:19:54+00:00\",\"mainEntityOfPage\":{\"@id\":\"https:\/\/www.nexoinformativo.mx\/index.php\/2024\/11\/14\/marco-del-prete-inaugura-expansion-de-gln-moldes-mexico-en-queretaro\/\"},\"wordCount\":253,\"commentCount\":0,\"publisher\":{\"@id\":\"https:\/\/www.nexoinformativo.mx\/#organization\"},\"image\":{\"@id\":\"https:\/\/www.nexoinformativo.mx\/index.php\/2024\/11\/14\/marco-del-prete-inaugura-expansion-de-gln-moldes-mexico-en-queretaro\/#primaryimage\"},\"thumbnailUrl\":\"https:\/\/www.nexoinformativo.mx\/wp-content\/uploads\/2024\/11\/0326135e-c0bd-4a46-a12e-807f67f3f783-e1731597518553.jpg\",\"keywords\":[\"DesarrolloSustentable\",\"Expansi\u00f3nGLN\",\"Inversi\u00f3n\",\"Quer\u00e9taro\"],\"articleSection\":[\"Econom\u00eda\",\"Estado\",\"\u00daltima Hora\"],\"inLanguage\":\"es\",\"potentialAction\":[{\"@type\":\"CommentAction\",\"name\":\"Comment\",\"target\":[\"https:\/\/www.nexoinformativo.mx\/index.php\/2024\/11\/14\/marco-del-prete-inaugura-expansion-de-gln-moldes-mexico-en-queretaro\/#respond\"]}]},{\"@type\":\"WebPage\",\"@id\":\"https:\/\/www.nexoinformativo.mx\/index.php\/2024\/11\/14\/marco-del-prete-inaugura-expansion-de-gln-moldes-mexico-en-queretaro\/\",\"url\":\"https:\/\/www.nexoinformativo.mx\/index.php\/2024\/11\/14\/marco-del-prete-inaugura-expansion-de-gln-moldes-mexico-en-queretaro\/\",\"name\":\"Marco Del Prete inaugura Expansi\u00f3n de GLN Moldes M\u00e9xico en Quer\u00e9taro | Nexo Informativo Santiago de Quer\u00e9taro\",\"isPartOf\":{\"@id\":\"https:\/\/www.nexoinformativo.mx\/#website\"},\"primaryImageOfPage\":{\"@id\":\"https:\/\/www.nexoinformativo.mx\/index.php\/2024\/11\/14\/marco-del-prete-inaugura-expansion-de-gln-moldes-mexico-en-queretaro\/#primaryimage\"},\"image\":{\"@id\":\"https:\/\/www.nexoinformativo.mx\/index.php\/2024\/11\/14\/marco-del-prete-inaugura-expansion-de-gln-moldes-mexico-en-queretaro\/#primaryimage\"},\"thumbnailUrl\":\"https:\/\/www.nexoinformativo.mx\/wp-content\/uploads\/2024\/11\/0326135e-c0bd-4a46-a12e-807f67f3f783-e1731597518553.jpg\",\"datePublished\":\"2024-11-14T14:00:24+00:00\",\"dateModified\":\"2024-11-14T15:19:54+00:00\",\"description\":\"Marco Del Prete inaugura Expansi\u00f3n de GLN Moldes M\u00e9xico en Quer\u00e9taro\",\"breadcrumb\":{\"@id\":\"https:\/\/www.nexoinformativo.mx\/index.php\/2024\/11\/14\/marco-del-prete-inaugura-expansion-de-gln-moldes-mexico-en-queretaro\/#breadcrumb\"},\"inLanguage\":\"es\",\"potentialAction\":[{\"@type\":\"ReadAction\",\"target\":[\"https:\/\/www.nexoinformativo.mx\/index.php\/2024\/11\/14\/marco-del-prete-inaugura-expansion-de-gln-moldes-mexico-en-queretaro\/\"]}]},{\"@type\":\"ImageObject\",\"inLanguage\":\"es\",\"@id\":\"https:\/\/www.nexoinformativo.mx\/index.php\/2024\/11\/14\/marco-del-prete-inaugura-expansion-de-gln-moldes-mexico-en-queretaro\/#primaryimage\",\"url\":\"https:\/\/www.nexoinformativo.mx\/wp-content\/uploads\/2024\/11\/0326135e-c0bd-4a46-a12e-807f67f3f783-e1731597518553.jpg\",\"contentUrl\":\"https:\/\/www.nexoinformativo.mx\/wp-content\/uploads\/2024\/11\/0326135e-c0bd-4a46-a12e-807f67f3f783-e1731597518553.jpg\",\"width\":800,\"height\":549},{\"@type\":\"BreadcrumbList\",\"@id\":\"https:\/\/www.nexoinformativo.mx\/index.php\/2024\/11\/14\/marco-del-prete-inaugura-expansion-de-gln-moldes-mexico-en-queretaro\/#breadcrumb\",\"itemListElement\":[{\"@type\":\"ListItem\",\"position\":1,\"name\":\"Inicio\",\"item\":\"https:\/\/www.nexoinformativo.mx\/\"},{\"@type\":\"ListItem\",\"position\":2,\"name\":\"Marco Del Prete inaugura Expansi\u00f3n de GLN Moldes M\u00e9xico en Quer\u00e9taro\"}]},{\"@type\":\"WebSite\",\"@id\":\"https:\/\/www.nexoinformativo.mx\/#website\",\"url\":\"https:\/\/www.nexoinformativo.mx\/\",\"name\":\"Nexo Informativo Santiago de Quer\u00e9taro\",\"description\":\"Explora NexoInformativo y convi\u00e9rtete en parte de una comunidad que valora el conocimiento y la verdad. Tu nexoinformativo es tu puente hacia una comprensi\u00f3n m\u00e1s profunda del mundo que te rodea.\",\"publisher\":{\"@id\":\"https:\/\/www.nexoinformativo.mx\/#organization\"},\"potentialAction\":[{\"@type\":\"SearchAction\",\"target\":{\"@type\":\"EntryPoint\",\"urlTemplate\":\"https:\/\/www.nexoinformativo.mx\/?s={search_term_string}\"},\"query-input\":{\"@type\":\"PropertyValueSpecification\",\"valueRequired\":true,\"valueName\":\"search_term_string\"}}],\"inLanguage\":\"es\"},{\"@type\":\"Organization\",\"@id\":\"https:\/\/www.nexoinformativo.mx\/#organization\",\"name\":\"Nexo Informativo Santiago de Quer\u00e9taro\",\"url\":\"https:\/\/www.nexoinformativo.mx\/\",\"logo\":{\"@type\":\"ImageObject\",\"inLanguage\":\"es\",\"@id\":\"https:\/\/www.nexoinformativo.mx\/#\/schema\/logo\/image\/\",\"url\":\"https:\/\/www.nexoinformativo.mx\/wp-content\/uploads\/2024\/07\/nexoi-trasparente-2.png\",\"contentUrl\":\"https:\/\/www.nexoinformativo.mx\/wp-content\/uploads\/2024\/07\/nexoi-trasparente-2.png\",\"width\":816,\"height\":339,\"caption\":\"Nexo Informativo Santiago de Quer\u00e9taro\"},\"image\":{\"@id\":\"https:\/\/www.nexoinformativo.mx\/#\/schema\/logo\/image\/\"},\"sameAs\":[\"https:\/\/www.facebook.com\/people\/Nexo-Informativo\/61564066885511\/\"]},{\"@type\":\"Person\",\"@id\":\"https:\/\/www.nexoinformativo.mx\/#\/schema\/person\/7749d380ba08c8ca00d7bc76fd907b7d\",\"name\":\"Nexo Informativo\",\"image\":{\"@type\":\"ImageObject\",\"inLanguage\":\"es\",\"@id\":\"https:\/\/www.nexoinformativo.mx\/#\/schema\/person\/image\/\",\"url\":\"https:\/\/secure.gravatar.com\/avatar\/dde2928154642a13d95f87ddf1ea9718fe2b46760a005c53e41ff5ad610704e6?s=96&d=mm&r=g\",\"contentUrl\":\"https:\/\/secure.gravatar.com\/avatar\/dde2928154642a13d95f87ddf1ea9718fe2b46760a005c53e41ff5ad610704e6?s=96&d=mm&r=g\",\"caption\":\"Nexo Informativo\"},\"url\":\"https:\/\/www.nexoinformativo.mx\/index.php\/author\/edicion\/\"}]}<\/script>\n<!-- \/ Yoast SEO plugin. -->","yoast_head_json":{"title":"Marco Del Prete inaugura Expansi\u00f3n de GLN Moldes M\u00e9xico en Quer\u00e9taro | Nexo Informativo Santiago de Quer\u00e9taro","description":"Marco Del Prete inaugura Expansi\u00f3n de GLN Moldes M\u00e9xico en Quer\u00e9taro","robots":{"index":"index","follow":"follow","max-snippet":"max-snippet:-1","max-image-preview":"max-image-preview:large","max-video-preview":"max-video-preview:-1"},"canonical":"https:\/\/www.nexoinformativo.mx\/index.php\/2024\/11\/14\/marco-del-prete-inaugura-expansion-de-gln-moldes-mexico-en-queretaro\/","og_locale":"es_MX","og_type":"article","og_title":"Marco Del Prete inaugura Expansi\u00f3n de GLN Moldes M\u00e9xico en Quer\u00e9taro | Nexo Informativo Santiago de Quer\u00e9taro","og_description":"Marco Del Prete inaugura Expansi\u00f3n de GLN Moldes M\u00e9xico en Quer\u00e9taro","og_url":"https:\/\/www.nexoinformativo.mx\/index.php\/2024\/11\/14\/marco-del-prete-inaugura-expansion-de-gln-moldes-mexico-en-queretaro\/","og_site_name":"Nexo Informativo Santiago de Quer\u00e9taro","article_publisher":"https:\/\/www.facebook.com\/people\/Nexo-Informativo\/61564066885511\/","article_published_time":"2024-11-14T14:00:24+00:00","article_modified_time":"2024-11-14T15:19:54+00:00","og_image":[{"width":800,"height":549,"url":"https:\/\/www.nexoinformativo.mx\/wp-content\/uploads\/2024\/11\/0326135e-c0bd-4a46-a12e-807f67f3f783-e1731597518553.jpg","type":"image\/jpeg"}],"author":"Nexo Informativo","twitter_card":"summary_large_image","twitter_misc":{"Escrito por":"Nexo Informativo","Tiempo de lectura":"2 minutos"},"schema":{"@context":"https:\/\/schema.org","@graph":[{"@type":"Article","@id":"https:\/\/www.nexoinformativo.mx\/index.php\/2024\/11\/14\/marco-del-prete-inaugura-expansion-de-gln-moldes-mexico-en-queretaro\/#article","isPartOf":{"@id":"https:\/\/www.nexoinformativo.mx\/index.php\/2024\/11\/14\/marco-del-prete-inaugura-expansion-de-gln-moldes-mexico-en-queretaro\/"},"author":{"name":"Nexo Informativo","@id":"https:\/\/www.nexoinformativo.mx\/#\/schema\/person\/7749d380ba08c8ca00d7bc76fd907b7d"},"headline":"Marco Del Prete inaugura Expansi\u00f3n de GLN Moldes M\u00e9xico en Quer\u00e9taro","datePublished":"2024-11-14T14:00:24+00:00","dateModified":"2024-11-14T15:19:54+00:00","mainEntityOfPage":{"@id":"https:\/\/www.nexoinformativo.mx\/index.php\/2024\/11\/14\/marco-del-prete-inaugura-expansion-de-gln-moldes-mexico-en-queretaro\/"},"wordCount":253,"commentCount":0,"publisher":{"@id":"https:\/\/www.nexoinformativo.mx\/#organization"},"image":{"@id":"https:\/\/www.nexoinformativo.mx\/index.php\/2024\/11\/14\/marco-del-prete-inaugura-expansion-de-gln-moldes-mexico-en-queretaro\/#primaryimage"},"thumbnailUrl":"https:\/\/www.nexoinformativo.mx\/wp-content\/uploads\/2024\/11\/0326135e-c0bd-4a46-a12e-807f67f3f783-e1731597518553.jpg","keywords":["DesarrolloSustentable","Expansi\u00f3nGLN","Inversi\u00f3n","Quer\u00e9taro"],"articleSection":["Econom\u00eda","Estado","\u00daltima Hora"],"inLanguage":"es","potentialAction":[{"@type":"CommentAction","name":"Comment","target":["https:\/\/www.nexoinformativo.mx\/index.php\/2024\/11\/14\/marco-del-prete-inaugura-expansion-de-gln-moldes-mexico-en-queretaro\/#respond"]}]},{"@type":"WebPage","@id":"https:\/\/www.nexoinformativo.mx\/index.php\/2024\/11\/14\/marco-del-prete-inaugura-expansion-de-gln-moldes-mexico-en-queretaro\/","url":"https:\/\/www.nexoinformativo.mx\/index.php\/2024\/11\/14\/marco-del-prete-inaugura-expansion-de-gln-moldes-mexico-en-queretaro\/","name":"Marco Del Prete inaugura Expansi\u00f3n de GLN Moldes M\u00e9xico en Quer\u00e9taro | Nexo Informativo Santiago de Quer\u00e9taro","isPartOf":{"@id":"https:\/\/www.nexoinformativo.mx\/#website"},"primaryImageOfPage":{"@id":"https:\/\/www.nexoinformativo.mx\/index.php\/2024\/11\/14\/marco-del-prete-inaugura-expansion-de-gln-moldes-mexico-en-queretaro\/#primaryimage"},"image":{"@id":"https:\/\/www.nexoinformativo.mx\/index.php\/2024\/11\/14\/marco-del-prete-inaugura-expansion-de-gln-moldes-mexico-en-queretaro\/#primaryimage"},"thumbnailUrl":"https:\/\/www.nexoinformativo.mx\/wp-content\/uploads\/2024\/11\/0326135e-c0bd-4a46-a12e-807f67f3f783-e1731597518553.jpg","datePublished":"2024-11-14T14:00:24+00:00","dateModified":"2024-11-14T15:19:54+00:00","description":"Marco Del Prete inaugura Expansi\u00f3n de GLN Moldes M\u00e9xico en Quer\u00e9taro","breadcrumb":{"@id":"https:\/\/www.nexoinformativo.mx\/index.php\/2024\/11\/14\/marco-del-prete-inaugura-expansion-de-gln-moldes-mexico-en-queretaro\/#breadcrumb"},"inLanguage":"es","potentialAction":[{"@type":"ReadAction","target":["https:\/\/www.nexoinformativo.mx\/index.php\/2024\/11\/14\/marco-del-prete-inaugura-expansion-de-gln-moldes-mexico-en-queretaro\/"]}]},{"@type":"ImageObject","inLanguage":"es","@id":"https:\/\/www.nexoinformativo.mx\/index.php\/2024\/11\/14\/marco-del-prete-inaugura-expansion-de-gln-moldes-mexico-en-queretaro\/#primaryimage","url":"https:\/\/www.nexoinformativo.mx\/wp-content\/uploads\/2024\/11\/0326135e-c0bd-4a46-a12e-807f67f3f783-e1731597518553.jpg","contentUrl":"https:\/\/www.nexoinformativo.mx\/wp-content\/uploads\/2024\/11\/0326135e-c0bd-4a46-a12e-807f67f3f783-e1731597518553.jpg","width":800,"height":549},{"@type":"BreadcrumbList","@id":"https:\/\/www.nexoinformativo.mx\/index.php\/2024\/11\/14\/marco-del-prete-inaugura-expansion-de-gln-moldes-mexico-en-queretaro\/#breadcrumb","itemListElement":[{"@type":"ListItem","position":1,"name":"Inicio","item":"https:\/\/www.nexoinformativo.mx\/"},{"@type":"ListItem","position":2,"name":"Marco Del Prete inaugura Expansi\u00f3n de GLN Moldes M\u00e9xico en Quer\u00e9taro"}]},{"@type":"WebSite","@id":"https:\/\/www.nexoinformativo.mx\/#website","url":"https:\/\/www.nexoinformativo.mx\/","name":"Nexo Informativo Santiago de Quer\u00e9taro","description":"Explora NexoInformativo y convi\u00e9rtete en parte de una comunidad que valora el conocimiento y la verdad. Tu nexoinformativo es tu puente hacia una comprensi\u00f3n m\u00e1s profunda del mundo que te rodea.","publisher":{"@id":"https:\/\/www.nexoinformativo.mx\/#organization"},"potentialAction":[{"@type":"SearchAction","target":{"@type":"EntryPoint","urlTemplate":"https:\/\/www.nexoinformativo.mx\/?s={search_term_string}"},"query-input":{"@type":"PropertyValueSpecification","valueRequired":true,"valueName":"search_term_string"}}],"inLanguage":"es"},{"@type":"Organization","@id":"https:\/\/www.nexoinformativo.mx\/#organization","name":"Nexo Informativo Santiago de Quer\u00e9taro","url":"https:\/\/www.nexoinformativo.mx\/","logo":{"@type":"ImageObject","inLanguage":"es","@id":"https:\/\/www.nexoinformativo.mx\/#\/schema\/logo\/image\/","url":"https:\/\/www.nexoinformativo.mx\/wp-content\/uploads\/2024\/07\/nexoi-trasparente-2.png","contentUrl":"https:\/\/www.nexoinformativo.mx\/wp-content\/uploads\/2024\/07\/nexoi-trasparente-2.png","width":816,"height":339,"caption":"Nexo Informativo Santiago de Quer\u00e9taro"},"image":{"@id":"https:\/\/www.nexoinformativo.mx\/#\/schema\/logo\/image\/"},"sameAs":["https:\/\/www.facebook.com\/people\/Nexo-Informativo\/61564066885511\/"]},{"@type":"Person","@id":"https:\/\/www.nexoinformativo.mx\/#\/schema\/person\/7749d380ba08c8ca00d7bc76fd907b7d","name":"Nexo Informativo","image":{"@type":"ImageObject","inLanguage":"es","@id":"https:\/\/www.nexoinformativo.mx\/#\/schema\/person\/image\/","url":"https:\/\/secure.gravatar.com\/avatar\/dde2928154642a13d95f87ddf1ea9718fe2b46760a005c53e41ff5ad610704e6?s=96&d=mm&r=g","contentUrl":"https:\/\/secure.gravatar.com\/avatar\/dde2928154642a13d95f87ddf1ea9718fe2b46760a005c53e41ff5ad610704e6?s=96&d=mm&r=g","caption":"Nexo Informativo"},"url":"https:\/\/www.nexoinformativo.mx\/index.php\/author\/edicion\/"}]}},"_links":{"self":[{"href":"https:\/\/www.nexoinformativo.mx\/index.php\/wp-json\/wp\/v2\/posts\/6064","targetHints":{"allow":["GET"]}}],"collection":[{"href":"https:\/\/www.nexoinformativo.mx\/index.php\/wp-json\/wp\/v2\/posts"}],"about":[{"href":"https:\/\/www.nexoinformativo.mx\/index.php\/wp-json\/wp\/v2\/types\/post"}],"author":[{"embeddable":true,"href":"https:\/\/www.nexoinformativo.mx\/index.php\/wp-json\/wp\/v2\/users\/3"}],"replies":[{"embeddable":true,"href":"https:\/\/www.nexoinformativo.mx\/index.php\/wp-json\/wp\/v2\/comments?post=6064"}],"version-history":[{"count":3,"href":"https:\/\/www.nexoinformativo.mx\/index.php\/wp-json\/wp\/v2\/posts\/6064\/revisions"}],"predecessor-version":[{"id":6068,"href":"https:\/\/www.nexoinformativo.mx\/index.php\/wp-json\/wp\/v2\/posts\/6064\/revisions\/6068"}],"wp:featuredmedia":[{"embeddable":true,"href":"https:\/\/www.nexoinformativo.mx\/index.php\/wp-json\/wp\/v2\/media\/6065"}],"wp:attachment":[{"href":"https:\/\/www.nexoinformativo.mx\/index.php\/wp-json\/wp\/v2\/media?parent=6064"}],"wp:term":[{"taxonomy":"category","embeddable":true,"href":"https:\/\/www.nexoinformativo.mx\/index.php\/wp-json\/wp\/v2\/categories?post=6064"},{"taxonomy":"post_tag","embeddable":true,"href":"https:\/\/www.nexoinformativo.mx\/index.php\/wp-json\/wp\/v2\/tags?post=6064"}],"curies":[{"name":"wp","href":"https:\/\/api.w.org\/{rel}","templated":true}]}}