{"id":6069,"date":"2024-11-14T11:00:27","date_gmt":"2024-11-14T17:00:27","guid":{"rendered":"https:\/\/www.nexoinformativo.mx\/?p=6069"},"modified":"2024-11-14T13:07:43","modified_gmt":"2024-11-14T19:07:43","slug":"queretaro-se-blinda-para-el-buen-fin-fortalecen-seguridad-en-coordinacion-con-comerciantes","status":"publish","type":"post","link":"https:\/\/www.nexoinformativo.mx\/index.php\/2024\/11\/14\/queretaro-se-blinda-para-el-buen-fin-fortalecen-seguridad-en-coordinacion-con-comerciantes\/","title":{"rendered":"Quer\u00e9taro se blinda para el Buen Fin: Fortalecen seguridad en coordinaci\u00f3n con comerciantes"},"content":{"rendered":"<p style=\"text-align: justify;\" data-sourcepos=\"9:1-9:234\">Con el objetivo de garantizar un Buen Fin seguro y tranquilo para todos, el gobierno de Quer\u00e9taro, a trav\u00e9s de la Secretar\u00eda de Seguridad Ciudadana, ha implementado un operativo especial que reforzar\u00e1 la vigilancia en toda la entidad.<\/p>\n<p>&nbsp;<\/p>\n<p style=\"text-align: justify;\" data-sourcepos=\"11:1-11:285\">En una reuni\u00f3n con representantes de c\u00e1maras empresariales, plazas comerciales y establecimientos comerciales, el secretario de Seguridad Ciudadana, El\u00edas P\u00e9rez Hern\u00e1ndez, destac\u00f3 la importancia de la coordinaci\u00f3n entre autoridades y ciudadan\u00eda para prevenir cualquier incidente.<\/p>\n<p>&nbsp;<\/p>\n<p style=\"text-align: justify;\" data-sourcepos=\"13:1-13:235\"><strong>&#8220;La Polic\u00eda Estatal de Quer\u00e9taro implementar\u00e1 un operativo especial que reforzar\u00e1 los patrullajes disuasivos, vigilancia pie a tierra y el uso de tecnolog\u00eda en puntos estrat\u00e9gicos y de gran afluencia&#8221;<\/strong>, asegur\u00f3 el secretario.<\/p>\n<p>&nbsp;<\/p>\n<p style=\"text-align: justify;\" data-sourcepos=\"15:1-15:146\">Adem\u00e1s, se brindaron recomendaciones a los comerciantes sobre medidas de autocuidado y ciberseguridad para proteger sus negocios y a sus clientes.<\/p>\n<p>&nbsp;<\/p>\n<p style=\"text-align: justify;\" data-sourcepos=\"17:1-17:139\">Por su parte, los comerciantes refrendaron su compromiso de colaborar con las autoridades para garantizar la seguridad durante el Buen Fin.<\/p>\n<p>&nbsp;<\/p>\n<p style=\"text-align: center;\" data-sourcepos=\"17:1-17:139\"><em><strong>\u00a1Informaci\u00f3n que transforma!<\/strong><\/em><\/p>\n","protected":false},"excerpt":{"rendered":"<p>Con el objetivo de garantizar un Buen Fin seguro y tranquilo para todos, el gobierno de Quer\u00e9taro, a trav\u00e9s de la Secretar\u00eda de Seguridad Ciudadana, ha implementado un operativo especial que reforzar\u00e1 la vigilancia en toda la entidad.<\/p>\n","protected":false},"author":3,"featured_media":6070,"comment_status":"open","ping_status":"open","sticky":false,"template":"","format":"standard","meta":{"footnotes":""},"categories":[42,58],"tags":[2005,2065,133,157],"class_list":["post-6069","post","type-post","status-publish","format-standard","has-post-thumbnail","hentry","category-estado","category-ultima-hora","tag-buenfinseguro","tag-comercioseguro","tag-queretaro","tag-seguridadciudadana"],"yoast_head":"<!-- This site is optimized with the Yoast SEO plugin v25.0 - https:\/\/yoast.com\/wordpress\/plugins\/seo\/ -->\n<title>Quer\u00e9taro se blinda para el Buen Fin: Fortalecen seguridad en coordinaci\u00f3n con comerciantes | Nexo Informativo Santiago de Quer\u00e9taro<\/title>\n<meta name=\"description\" content=\"Quer\u00e9taro se blinda para el Buen Fin: Fortalecen seguridad en coordinaci\u00f3n con comerciantes\" \/>\n<meta name=\"robots\" content=\"index, follow, max-snippet:-1, max-image-preview:large, max-video-preview:-1\" \/>\n<link rel=\"canonical\" href=\"https:\/\/www.nexoinformativo.mx\/index.php\/2024\/11\/14\/queretaro-se-blinda-para-el-buen-fin-fortalecen-seguridad-en-coordinacion-con-comerciantes\/\" \/>\n<meta property=\"og:locale\" content=\"es_MX\" \/>\n<meta property=\"og:type\" content=\"article\" \/>\n<meta property=\"og:title\" content=\"Quer\u00e9taro se blinda para el Buen Fin: Fortalecen seguridad en coordinaci\u00f3n con comerciantes | Nexo Informativo Santiago de Quer\u00e9taro\" \/>\n<meta property=\"og:description\" content=\"Quer\u00e9taro se blinda para el Buen Fin: Fortalecen seguridad en coordinaci\u00f3n con comerciantes\" \/>\n<meta property=\"og:url\" content=\"https:\/\/www.nexoinformativo.mx\/index.php\/2024\/11\/14\/queretaro-se-blinda-para-el-buen-fin-fortalecen-seguridad-en-coordinacion-con-comerciantes\/\" \/>\n<meta property=\"og:site_name\" content=\"Nexo Informativo Santiago de Quer\u00e9taro\" \/>\n<meta property=\"article:publisher\" content=\"https:\/\/www.facebook.com\/people\/Nexo-Informativo\/61564066885511\/\" \/>\n<meta property=\"article:published_time\" content=\"2024-11-14T17:00:27+00:00\" \/>\n<meta property=\"article:modified_time\" content=\"2024-11-14T19:07:43+00:00\" \/>\n<meta property=\"og:image\" content=\"https:\/\/www.nexoinformativo.mx\/wp-content\/uploads\/2024\/11\/PHOTO-2024-11-14-10-22-32-e1731611122918.jpg\" \/>\n\t<meta property=\"og:image:width\" content=\"800\" \/>\n\t<meta property=\"og:image:height\" content=\"600\" \/>\n\t<meta property=\"og:image:type\" content=\"image\/jpeg\" \/>\n<meta name=\"author\" content=\"Nexo Informativo\" \/>\n<meta name=\"twitter:card\" content=\"summary_large_image\" \/>\n<meta name=\"twitter:label1\" content=\"Escrito por\" \/>\n\t<meta name=\"twitter:data1\" content=\"Nexo Informativo\" \/>\n\t<meta name=\"twitter:label2\" content=\"Tiempo de lectura\" \/>\n\t<meta name=\"twitter:data2\" content=\"1 minuto\" \/>\n<script type=\"application\/ld+json\" class=\"yoast-schema-graph\">{\"@context\":\"https:\/\/schema.org\",\"@graph\":[{\"@type\":\"Article\",\"@id\":\"https:\/\/www.nexoinformativo.mx\/index.php\/2024\/11\/14\/queretaro-se-blinda-para-el-buen-fin-fortalecen-seguridad-en-coordinacion-con-comerciantes\/#article\",\"isPartOf\":{\"@id\":\"https:\/\/www.nexoinformativo.mx\/index.php\/2024\/11\/14\/queretaro-se-blinda-para-el-buen-fin-fortalecen-seguridad-en-coordinacion-con-comerciantes\/\"},\"author\":{\"name\":\"Nexo Informativo\",\"@id\":\"https:\/\/www.nexoinformativo.mx\/#\/schema\/person\/7749d380ba08c8ca00d7bc76fd907b7d\"},\"headline\":\"Quer\u00e9taro se blinda para el Buen Fin: Fortalecen seguridad en coordinaci\u00f3n con comerciantes\",\"datePublished\":\"2024-11-14T17:00:27+00:00\",\"dateModified\":\"2024-11-14T19:07:43+00:00\",\"mainEntityOfPage\":{\"@id\":\"https:\/\/www.nexoinformativo.mx\/index.php\/2024\/11\/14\/queretaro-se-blinda-para-el-buen-fin-fortalecen-seguridad-en-coordinacion-con-comerciantes\/\"},\"wordCount\":187,\"commentCount\":0,\"publisher\":{\"@id\":\"https:\/\/www.nexoinformativo.mx\/#organization\"},\"image\":{\"@id\":\"https:\/\/www.nexoinformativo.mx\/index.php\/2024\/11\/14\/queretaro-se-blinda-para-el-buen-fin-fortalecen-seguridad-en-coordinacion-con-comerciantes\/#primaryimage\"},\"thumbnailUrl\":\"https:\/\/www.nexoinformativo.mx\/wp-content\/uploads\/2024\/11\/PHOTO-2024-11-14-10-22-32-e1731611122918.jpg\",\"keywords\":[\"BuenFinSeguro\",\"ComercioSeguro\",\"Quer\u00e9taro\",\"SeguridadCiudadana\"],\"articleSection\":[\"Estado\",\"\u00daltima Hora\"],\"inLanguage\":\"es\",\"potentialAction\":[{\"@type\":\"CommentAction\",\"name\":\"Comment\",\"target\":[\"https:\/\/www.nexoinformativo.mx\/index.php\/2024\/11\/14\/queretaro-se-blinda-para-el-buen-fin-fortalecen-seguridad-en-coordinacion-con-comerciantes\/#respond\"]}]},{\"@type\":\"WebPage\",\"@id\":\"https:\/\/www.nexoinformativo.mx\/index.php\/2024\/11\/14\/queretaro-se-blinda-para-el-buen-fin-fortalecen-seguridad-en-coordinacion-con-comerciantes\/\",\"url\":\"https:\/\/www.nexoinformativo.mx\/index.php\/2024\/11\/14\/queretaro-se-blinda-para-el-buen-fin-fortalecen-seguridad-en-coordinacion-con-comerciantes\/\",\"name\":\"Quer\u00e9taro se blinda para el Buen Fin: Fortalecen seguridad en coordinaci\u00f3n con comerciantes | Nexo Informativo Santiago de Quer\u00e9taro\",\"isPartOf\":{\"@id\":\"https:\/\/www.nexoinformativo.mx\/#website\"},\"primaryImageOfPage\":{\"@id\":\"https:\/\/www.nexoinformativo.mx\/index.php\/2024\/11\/14\/queretaro-se-blinda-para-el-buen-fin-fortalecen-seguridad-en-coordinacion-con-comerciantes\/#primaryimage\"},\"image\":{\"@id\":\"https:\/\/www.nexoinformativo.mx\/index.php\/2024\/11\/14\/queretaro-se-blinda-para-el-buen-fin-fortalecen-seguridad-en-coordinacion-con-comerciantes\/#primaryimage\"},\"thumbnailUrl\":\"https:\/\/www.nexoinformativo.mx\/wp-content\/uploads\/2024\/11\/PHOTO-2024-11-14-10-22-32-e1731611122918.jpg\",\"datePublished\":\"2024-11-14T17:00:27+00:00\",\"dateModified\":\"2024-11-14T19:07:43+00:00\",\"description\":\"Quer\u00e9taro se blinda para el Buen Fin: Fortalecen seguridad en coordinaci\u00f3n con comerciantes\",\"breadcrumb\":{\"@id\":\"https:\/\/www.nexoinformativo.mx\/index.php\/2024\/11\/14\/queretaro-se-blinda-para-el-buen-fin-fortalecen-seguridad-en-coordinacion-con-comerciantes\/#breadcrumb\"},\"inLanguage\":\"es\",\"potentialAction\":[{\"@type\":\"ReadAction\",\"target\":[\"https:\/\/www.nexoinformativo.mx\/index.php\/2024\/11\/14\/queretaro-se-blinda-para-el-buen-fin-fortalecen-seguridad-en-coordinacion-con-comerciantes\/\"]}]},{\"@type\":\"ImageObject\",\"inLanguage\":\"es\",\"@id\":\"https:\/\/www.nexoinformativo.mx\/index.php\/2024\/11\/14\/queretaro-se-blinda-para-el-buen-fin-fortalecen-seguridad-en-coordinacion-con-comerciantes\/#primaryimage\",\"url\":\"https:\/\/www.nexoinformativo.mx\/wp-content\/uploads\/2024\/11\/PHOTO-2024-11-14-10-22-32-e1731611122918.jpg\",\"contentUrl\":\"https:\/\/www.nexoinformativo.mx\/wp-content\/uploads\/2024\/11\/PHOTO-2024-11-14-10-22-32-e1731611122918.jpg\",\"width\":800,\"height\":600},{\"@type\":\"BreadcrumbList\",\"@id\":\"https:\/\/www.nexoinformativo.mx\/index.php\/2024\/11\/14\/queretaro-se-blinda-para-el-buen-fin-fortalecen-seguridad-en-coordinacion-con-comerciantes\/#breadcrumb\",\"itemListElement\":[{\"@type\":\"ListItem\",\"position\":1,\"name\":\"Inicio\",\"item\":\"https:\/\/www.nexoinformativo.mx\/\"},{\"@type\":\"ListItem\",\"position\":2,\"name\":\"Quer\u00e9taro se blinda para el Buen Fin: Fortalecen seguridad en coordinaci\u00f3n con comerciantes\"}]},{\"@type\":\"WebSite\",\"@id\":\"https:\/\/www.nexoinformativo.mx\/#website\",\"url\":\"https:\/\/www.nexoinformativo.mx\/\",\"name\":\"Nexo Informativo Santiago de Quer\u00e9taro\",\"description\":\"Explora NexoInformativo y convi\u00e9rtete en parte de una comunidad que valora el conocimiento y la verdad. Tu nexoinformativo es tu puente hacia una comprensi\u00f3n m\u00e1s profunda del mundo que te rodea.\",\"publisher\":{\"@id\":\"https:\/\/www.nexoinformativo.mx\/#organization\"},\"potentialAction\":[{\"@type\":\"SearchAction\",\"target\":{\"@type\":\"EntryPoint\",\"urlTemplate\":\"https:\/\/www.nexoinformativo.mx\/?s={search_term_string}\"},\"query-input\":{\"@type\":\"PropertyValueSpecification\",\"valueRequired\":true,\"valueName\":\"search_term_string\"}}],\"inLanguage\":\"es\"},{\"@type\":\"Organization\",\"@id\":\"https:\/\/www.nexoinformativo.mx\/#organization\",\"name\":\"Nexo Informativo Santiago de Quer\u00e9taro\",\"url\":\"https:\/\/www.nexoinformativo.mx\/\",\"logo\":{\"@type\":\"ImageObject\",\"inLanguage\":\"es\",\"@id\":\"https:\/\/www.nexoinformativo.mx\/#\/schema\/logo\/image\/\",\"url\":\"https:\/\/www.nexoinformativo.mx\/wp-content\/uploads\/2024\/07\/nexoi-trasparente-2.png\",\"contentUrl\":\"https:\/\/www.nexoinformativo.mx\/wp-content\/uploads\/2024\/07\/nexoi-trasparente-2.png\",\"width\":816,\"height\":339,\"caption\":\"Nexo Informativo Santiago de Quer\u00e9taro\"},\"image\":{\"@id\":\"https:\/\/www.nexoinformativo.mx\/#\/schema\/logo\/image\/\"},\"sameAs\":[\"https:\/\/www.facebook.com\/people\/Nexo-Informativo\/61564066885511\/\"]},{\"@type\":\"Person\",\"@id\":\"https:\/\/www.nexoinformativo.mx\/#\/schema\/person\/7749d380ba08c8ca00d7bc76fd907b7d\",\"name\":\"Nexo Informativo\",\"image\":{\"@type\":\"ImageObject\",\"inLanguage\":\"es\",\"@id\":\"https:\/\/www.nexoinformativo.mx\/#\/schema\/person\/image\/\",\"url\":\"https:\/\/secure.gravatar.com\/avatar\/dde2928154642a13d95f87ddf1ea9718fe2b46760a005c53e41ff5ad610704e6?s=96&d=mm&r=g\",\"contentUrl\":\"https:\/\/secure.gravatar.com\/avatar\/dde2928154642a13d95f87ddf1ea9718fe2b46760a005c53e41ff5ad610704e6?s=96&d=mm&r=g\",\"caption\":\"Nexo Informativo\"},\"url\":\"https:\/\/www.nexoinformativo.mx\/index.php\/author\/edicion\/\"}]}<\/script>\n<!-- \/ Yoast SEO plugin. -->","yoast_head_json":{"title":"Quer\u00e9taro se blinda para el Buen Fin: Fortalecen seguridad en coordinaci\u00f3n con comerciantes | Nexo Informativo Santiago de Quer\u00e9taro","description":"Quer\u00e9taro se blinda para el Buen Fin: Fortalecen seguridad en coordinaci\u00f3n con comerciantes","robots":{"index":"index","follow":"follow","max-snippet":"max-snippet:-1","max-image-preview":"max-image-preview:large","max-video-preview":"max-video-preview:-1"},"canonical":"https:\/\/www.nexoinformativo.mx\/index.php\/2024\/11\/14\/queretaro-se-blinda-para-el-buen-fin-fortalecen-seguridad-en-coordinacion-con-comerciantes\/","og_locale":"es_MX","og_type":"article","og_title":"Quer\u00e9taro se blinda para el Buen Fin: Fortalecen seguridad en coordinaci\u00f3n con comerciantes | Nexo Informativo Santiago de Quer\u00e9taro","og_description":"Quer\u00e9taro se blinda para el Buen Fin: Fortalecen seguridad en coordinaci\u00f3n con comerciantes","og_url":"https:\/\/www.nexoinformativo.mx\/index.php\/2024\/11\/14\/queretaro-se-blinda-para-el-buen-fin-fortalecen-seguridad-en-coordinacion-con-comerciantes\/","og_site_name":"Nexo Informativo Santiago de Quer\u00e9taro","article_publisher":"https:\/\/www.facebook.com\/people\/Nexo-Informativo\/61564066885511\/","article_published_time":"2024-11-14T17:00:27+00:00","article_modified_time":"2024-11-14T19:07:43+00:00","og_image":[{"width":800,"height":600,"url":"https:\/\/www.nexoinformativo.mx\/wp-content\/uploads\/2024\/11\/PHOTO-2024-11-14-10-22-32-e1731611122918.jpg","type":"image\/jpeg"}],"author":"Nexo Informativo","twitter_card":"summary_large_image","twitter_misc":{"Escrito por":"Nexo Informativo","Tiempo de lectura":"1 minuto"},"schema":{"@context":"https:\/\/schema.org","@graph":[{"@type":"Article","@id":"https:\/\/www.nexoinformativo.mx\/index.php\/2024\/11\/14\/queretaro-se-blinda-para-el-buen-fin-fortalecen-seguridad-en-coordinacion-con-comerciantes\/#article","isPartOf":{"@id":"https:\/\/www.nexoinformativo.mx\/index.php\/2024\/11\/14\/queretaro-se-blinda-para-el-buen-fin-fortalecen-seguridad-en-coordinacion-con-comerciantes\/"},"author":{"name":"Nexo Informativo","@id":"https:\/\/www.nexoinformativo.mx\/#\/schema\/person\/7749d380ba08c8ca00d7bc76fd907b7d"},"headline":"Quer\u00e9taro se blinda para el Buen Fin: Fortalecen seguridad en coordinaci\u00f3n con comerciantes","datePublished":"2024-11-14T17:00:27+00:00","dateModified":"2024-11-14T19:07:43+00:00","mainEntityOfPage":{"@id":"https:\/\/www.nexoinformativo.mx\/index.php\/2024\/11\/14\/queretaro-se-blinda-para-el-buen-fin-fortalecen-seguridad-en-coordinacion-con-comerciantes\/"},"wordCount":187,"commentCount":0,"publisher":{"@id":"https:\/\/www.nexoinformativo.mx\/#organization"},"image":{"@id":"https:\/\/www.nexoinformativo.mx\/index.php\/2024\/11\/14\/queretaro-se-blinda-para-el-buen-fin-fortalecen-seguridad-en-coordinacion-con-comerciantes\/#primaryimage"},"thumbnailUrl":"https:\/\/www.nexoinformativo.mx\/wp-content\/uploads\/2024\/11\/PHOTO-2024-11-14-10-22-32-e1731611122918.jpg","keywords":["BuenFinSeguro","ComercioSeguro","Quer\u00e9taro","SeguridadCiudadana"],"articleSection":["Estado","\u00daltima Hora"],"inLanguage":"es","potentialAction":[{"@type":"CommentAction","name":"Comment","target":["https:\/\/www.nexoinformativo.mx\/index.php\/2024\/11\/14\/queretaro-se-blinda-para-el-buen-fin-fortalecen-seguridad-en-coordinacion-con-comerciantes\/#respond"]}]},{"@type":"WebPage","@id":"https:\/\/www.nexoinformativo.mx\/index.php\/2024\/11\/14\/queretaro-se-blinda-para-el-buen-fin-fortalecen-seguridad-en-coordinacion-con-comerciantes\/","url":"https:\/\/www.nexoinformativo.mx\/index.php\/2024\/11\/14\/queretaro-se-blinda-para-el-buen-fin-fortalecen-seguridad-en-coordinacion-con-comerciantes\/","name":"Quer\u00e9taro se blinda para el Buen Fin: Fortalecen seguridad en coordinaci\u00f3n con comerciantes | Nexo Informativo Santiago de Quer\u00e9taro","isPartOf":{"@id":"https:\/\/www.nexoinformativo.mx\/#website"},"primaryImageOfPage":{"@id":"https:\/\/www.nexoinformativo.mx\/index.php\/2024\/11\/14\/queretaro-se-blinda-para-el-buen-fin-fortalecen-seguridad-en-coordinacion-con-comerciantes\/#primaryimage"},"image":{"@id":"https:\/\/www.nexoinformativo.mx\/index.php\/2024\/11\/14\/queretaro-se-blinda-para-el-buen-fin-fortalecen-seguridad-en-coordinacion-con-comerciantes\/#primaryimage"},"thumbnailUrl":"https:\/\/www.nexoinformativo.mx\/wp-content\/uploads\/2024\/11\/PHOTO-2024-11-14-10-22-32-e1731611122918.jpg","datePublished":"2024-11-14T17:00:27+00:00","dateModified":"2024-11-14T19:07:43+00:00","description":"Quer\u00e9taro se blinda para el Buen Fin: Fortalecen seguridad en coordinaci\u00f3n con comerciantes","breadcrumb":{"@id":"https:\/\/www.nexoinformativo.mx\/index.php\/2024\/11\/14\/queretaro-se-blinda-para-el-buen-fin-fortalecen-seguridad-en-coordinacion-con-comerciantes\/#breadcrumb"},"inLanguage":"es","potentialAction":[{"@type":"ReadAction","target":["https:\/\/www.nexoinformativo.mx\/index.php\/2024\/11\/14\/queretaro-se-blinda-para-el-buen-fin-fortalecen-seguridad-en-coordinacion-con-comerciantes\/"]}]},{"@type":"ImageObject","inLanguage":"es","@id":"https:\/\/www.nexoinformativo.mx\/index.php\/2024\/11\/14\/queretaro-se-blinda-para-el-buen-fin-fortalecen-seguridad-en-coordinacion-con-comerciantes\/#primaryimage","url":"https:\/\/www.nexoinformativo.mx\/wp-content\/uploads\/2024\/11\/PHOTO-2024-11-14-10-22-32-e1731611122918.jpg","contentUrl":"https:\/\/www.nexoinformativo.mx\/wp-content\/uploads\/2024\/11\/PHOTO-2024-11-14-10-22-32-e1731611122918.jpg","width":800,"height":600},{"@type":"BreadcrumbList","@id":"https:\/\/www.nexoinformativo.mx\/index.php\/2024\/11\/14\/queretaro-se-blinda-para-el-buen-fin-fortalecen-seguridad-en-coordinacion-con-comerciantes\/#breadcrumb","itemListElement":[{"@type":"ListItem","position":1,"name":"Inicio","item":"https:\/\/www.nexoinformativo.mx\/"},{"@type":"ListItem","position":2,"name":"Quer\u00e9taro se blinda para el Buen Fin: Fortalecen seguridad en coordinaci\u00f3n con comerciantes"}]},{"@type":"WebSite","@id":"https:\/\/www.nexoinformativo.mx\/#website","url":"https:\/\/www.nexoinformativo.mx\/","name":"Nexo Informativo Santiago de Quer\u00e9taro","description":"Explora NexoInformativo y convi\u00e9rtete en parte de una comunidad que valora el conocimiento y la verdad. Tu nexoinformativo es tu puente hacia una comprensi\u00f3n m\u00e1s profunda del mundo que te rodea.","publisher":{"@id":"https:\/\/www.nexoinformativo.mx\/#organization"},"potentialAction":[{"@type":"SearchAction","target":{"@type":"EntryPoint","urlTemplate":"https:\/\/www.nexoinformativo.mx\/?s={search_term_string}"},"query-input":{"@type":"PropertyValueSpecification","valueRequired":true,"valueName":"search_term_string"}}],"inLanguage":"es"},{"@type":"Organization","@id":"https:\/\/www.nexoinformativo.mx\/#organization","name":"Nexo Informativo Santiago de Quer\u00e9taro","url":"https:\/\/www.nexoinformativo.mx\/","logo":{"@type":"ImageObject","inLanguage":"es","@id":"https:\/\/www.nexoinformativo.mx\/#\/schema\/logo\/image\/","url":"https:\/\/www.nexoinformativo.mx\/wp-content\/uploads\/2024\/07\/nexoi-trasparente-2.png","contentUrl":"https:\/\/www.nexoinformativo.mx\/wp-content\/uploads\/2024\/07\/nexoi-trasparente-2.png","width":816,"height":339,"caption":"Nexo Informativo Santiago de Quer\u00e9taro"},"image":{"@id":"https:\/\/www.nexoinformativo.mx\/#\/schema\/logo\/image\/"},"sameAs":["https:\/\/www.facebook.com\/people\/Nexo-Informativo\/61564066885511\/"]},{"@type":"Person","@id":"https:\/\/www.nexoinformativo.mx\/#\/schema\/person\/7749d380ba08c8ca00d7bc76fd907b7d","name":"Nexo Informativo","image":{"@type":"ImageObject","inLanguage":"es","@id":"https:\/\/www.nexoinformativo.mx\/#\/schema\/person\/image\/","url":"https:\/\/secure.gravatar.com\/avatar\/dde2928154642a13d95f87ddf1ea9718fe2b46760a005c53e41ff5ad610704e6?s=96&d=mm&r=g","contentUrl":"https:\/\/secure.gravatar.com\/avatar\/dde2928154642a13d95f87ddf1ea9718fe2b46760a005c53e41ff5ad610704e6?s=96&d=mm&r=g","caption":"Nexo Informativo"},"url":"https:\/\/www.nexoinformativo.mx\/index.php\/author\/edicion\/"}]}},"_links":{"self":[{"href":"https:\/\/www.nexoinformativo.mx\/index.php\/wp-json\/wp\/v2\/posts\/6069","targetHints":{"allow":["GET"]}}],"collection":[{"href":"https:\/\/www.nexoinformativo.mx\/index.php\/wp-json\/wp\/v2\/posts"}],"about":[{"href":"https:\/\/www.nexoinformativo.mx\/index.php\/wp-json\/wp\/v2\/types\/post"}],"author":[{"embeddable":true,"href":"https:\/\/www.nexoinformativo.mx\/index.php\/wp-json\/wp\/v2\/users\/3"}],"replies":[{"embeddable":true,"href":"https:\/\/www.nexoinformativo.mx\/index.php\/wp-json\/wp\/v2\/comments?post=6069"}],"version-history":[{"count":5,"href":"https:\/\/www.nexoinformativo.mx\/index.php\/wp-json\/wp\/v2\/posts\/6069\/revisions"}],"predecessor-version":[{"id":6074,"href":"https:\/\/www.nexoinformativo.mx\/index.php\/wp-json\/wp\/v2\/posts\/6069\/revisions\/6074"}],"wp:featuredmedia":[{"embeddable":true,"href":"https:\/\/www.nexoinformativo.mx\/index.php\/wp-json\/wp\/v2\/media\/6070"}],"wp:attachment":[{"href":"https:\/\/www.nexoinformativo.mx\/index.php\/wp-json\/wp\/v2\/media?parent=6069"}],"wp:term":[{"taxonomy":"category","embeddable":true,"href":"https:\/\/www.nexoinformativo.mx\/index.php\/wp-json\/wp\/v2\/categories?post=6069"},{"taxonomy":"post_tag","embeddable":true,"href":"https:\/\/www.nexoinformativo.mx\/index.php\/wp-json\/wp\/v2\/tags?post=6069"}],"curies":[{"name":"wp","href":"https:\/\/api.w.org\/{rel}","templated":true}]}}