{"id":6081,"date":"2024-11-14T13:00:56","date_gmt":"2024-11-14T19:00:56","guid":{"rendered":"https:\/\/www.nexoinformativo.mx\/?p=6081"},"modified":"2024-11-14T13:45:19","modified_gmt":"2024-11-14T19:45:19","slug":"coparmex-queretaro-un-motor-de-exportacion-que-sigue-creciendo","status":"publish","type":"post","link":"https:\/\/www.nexoinformativo.mx\/index.php\/2024\/11\/14\/coparmex-queretaro-un-motor-de-exportacion-que-sigue-creciendo\/","title":{"rendered":"COPARMEX Quer\u00e9taro: Un motor de exportaci\u00f3n que sigue creciendo"},"content":{"rendered":"<p style=\"text-align: justify;\" data-sourcepos=\"9:1-9:244\">Quer\u00e9taro se consolida como un estado clave para el comercio exterior en M\u00e9xico. En el Congreso de Log\u00edstica y Comercio Exterior organizado por Coparmex Quer\u00e9taro, se destacaron las oportunidades y desaf\u00edos que enfrenta el sector en la entidad.<\/p>\n<p>&nbsp;<\/p>\n<p style=\"text-align: justify;\" data-sourcepos=\"11:1-11:308\">Beatriz Hern\u00e1ndez, presidenta de Coparmex Quer\u00e9taro, destac\u00f3 que el estado exporta bienes por m\u00e1s de 12 mil millones de d\u00f3lares al a\u00f1o, posicion\u00e1ndose entre los cinco primeros a nivel nacional. Esta posici\u00f3n se debe a su ubicaci\u00f3n estrat\u00e9gica, infraestructura de primer nivel y la calidad de su mano de obra.<\/p>\n<p>&nbsp;<\/p>\n<p style=\"text-align: justify;\" data-sourcepos=\"13:1-13:232\">El Tratado entre M\u00e9xico, Estados Unidos y Canad\u00e1 (T-MEC) ha sido un motor para el crecimiento del comercio exterior en Quer\u00e9taro, facilitando las exportaciones e importaciones y promoviendo la integraci\u00f3n econ\u00f3mica con Norteam\u00e9rica.<\/p>\n<p>&nbsp;<\/p>\n<p style=\"text-align: justify;\" data-sourcepos=\"15:1-15:173\">El evento tambi\u00e9n resalt\u00f3 la importancia de la capacitaci\u00f3n y asesor\u00eda para las peque\u00f1as y medianas empresas, que buscan expandir sus operaciones a mercados internacionales.<\/p>\n<p>&nbsp;<\/p>\n<p style=\"text-align: justify;\" data-sourcepos=\"17:1-17:320\"><strong>&#8220;Quer\u00e9taro ha enfocado su comercio exterior en sectores clave como el automotriz, aeroespacial, electr\u00f3nico y de tecnolog\u00edas de la informaci\u00f3n, lo que ha atra\u00eddo a empresas multinacionales y generado empleos de calidad&#8221;<\/strong>, se\u00f1al\u00f3 Mario Ortiz, titular de la Comisi\u00f3n de Comercio Exterior de la Coparmex Quer\u00e9taro.<\/p>\n<p>&nbsp;<\/p>\n<p style=\"text-align: justify;\" data-sourcepos=\"19:1-19:217\">La infraestructura, como el Aeropuerto Internacional de Quer\u00e9taro, que se ha convertido en el segundo en carga a nivel nacional, tambi\u00e9n juega un papel fundamental en el desarrollo del comercio exterior en la entidad.<\/p>\n<p>&nbsp;<\/p>\n<p style=\"text-align: center;\" data-sourcepos=\"19:1-19:217\"><em><strong>\u00a1Informaci\u00f3n que transforma!<\/strong><\/em><\/p>\n","protected":false},"excerpt":{"rendered":"<p>Quer\u00e9taro se consolida como un estado clave para el comercio exterior en M\u00e9xico. En el Congreso de Log\u00edstica y Comercio Exterior organizado por Coparmex Quer\u00e9taro, se destacaron las oportunidades y desaf\u00edos que enfrenta el sector en la entidad<\/p>\n","protected":false},"author":3,"featured_media":6082,"comment_status":"open","ping_status":"open","sticky":false,"template":"","format":"standard","meta":{"footnotes":""},"categories":[5,42,58],"tags":[1438,2066,133,1796],"class_list":["post-6081","post","type-post","status-publish","format-standard","has-post-thumbnail","hentry","category-economia","category-estado","category-ultima-hora","tag-comercioexterior","tag-coparmex","tag-queretaro","tag-t-mec"],"yoast_head":"<!-- This site is optimized with the Yoast SEO plugin v25.0 - https:\/\/yoast.com\/wordpress\/plugins\/seo\/ -->\n<title>COPARMEX Quer\u00e9taro: Un motor de exportaci\u00f3n que sigue creciendo | Nexo Informativo Santiago de Quer\u00e9taro<\/title>\n<meta name=\"description\" content=\"COPARMEX Quer\u00e9taro: Un motor de exportaci\u00f3n que sigue creciendo\" \/>\n<meta name=\"robots\" content=\"index, follow, max-snippet:-1, max-image-preview:large, max-video-preview:-1\" \/>\n<link rel=\"canonical\" href=\"https:\/\/www.nexoinformativo.mx\/index.php\/2024\/11\/14\/coparmex-queretaro-un-motor-de-exportacion-que-sigue-creciendo\/\" \/>\n<meta property=\"og:locale\" content=\"es_MX\" \/>\n<meta property=\"og:type\" content=\"article\" \/>\n<meta property=\"og:title\" content=\"COPARMEX Quer\u00e9taro: Un motor de exportaci\u00f3n que sigue creciendo | Nexo Informativo Santiago de Quer\u00e9taro\" \/>\n<meta property=\"og:description\" content=\"COPARMEX Quer\u00e9taro: Un motor de exportaci\u00f3n que sigue creciendo\" \/>\n<meta property=\"og:url\" content=\"https:\/\/www.nexoinformativo.mx\/index.php\/2024\/11\/14\/coparmex-queretaro-un-motor-de-exportacion-que-sigue-creciendo\/\" \/>\n<meta property=\"og:site_name\" content=\"Nexo Informativo Santiago de Quer\u00e9taro\" \/>\n<meta property=\"article:publisher\" content=\"https:\/\/www.facebook.com\/people\/Nexo-Informativo\/61564066885511\/\" \/>\n<meta property=\"article:published_time\" content=\"2024-11-14T19:00:56+00:00\" \/>\n<meta property=\"article:modified_time\" content=\"2024-11-14T19:45:19+00:00\" \/>\n<meta property=\"og:image\" content=\"https:\/\/www.nexoinformativo.mx\/wp-content\/uploads\/2024\/11\/PHOTO-2024-11-14-10-22-32-3-e1731612233851.jpg\" \/>\n\t<meta property=\"og:image:width\" content=\"800\" \/>\n\t<meta property=\"og:image:height\" content=\"533\" \/>\n\t<meta property=\"og:image:type\" content=\"image\/jpeg\" \/>\n<meta name=\"author\" content=\"Nexo Informativo\" \/>\n<meta name=\"twitter:card\" content=\"summary_large_image\" \/>\n<meta name=\"twitter:label1\" content=\"Escrito por\" \/>\n\t<meta name=\"twitter:data1\" content=\"Nexo Informativo\" \/>\n\t<meta name=\"twitter:label2\" content=\"Tiempo de lectura\" \/>\n\t<meta name=\"twitter:data2\" content=\"2 minutos\" \/>\n<script type=\"application\/ld+json\" class=\"yoast-schema-graph\">{\"@context\":\"https:\/\/schema.org\",\"@graph\":[{\"@type\":\"Article\",\"@id\":\"https:\/\/www.nexoinformativo.mx\/index.php\/2024\/11\/14\/coparmex-queretaro-un-motor-de-exportacion-que-sigue-creciendo\/#article\",\"isPartOf\":{\"@id\":\"https:\/\/www.nexoinformativo.mx\/index.php\/2024\/11\/14\/coparmex-queretaro-un-motor-de-exportacion-que-sigue-creciendo\/\"},\"author\":{\"name\":\"Nexo Informativo\",\"@id\":\"https:\/\/www.nexoinformativo.mx\/#\/schema\/person\/7749d380ba08c8ca00d7bc76fd907b7d\"},\"headline\":\"COPARMEX Quer\u00e9taro: Un motor de exportaci\u00f3n que sigue creciendo\",\"datePublished\":\"2024-11-14T19:00:56+00:00\",\"dateModified\":\"2024-11-14T19:45:19+00:00\",\"mainEntityOfPage\":{\"@id\":\"https:\/\/www.nexoinformativo.mx\/index.php\/2024\/11\/14\/coparmex-queretaro-un-motor-de-exportacion-que-sigue-creciendo\/\"},\"wordCount\":279,\"commentCount\":0,\"publisher\":{\"@id\":\"https:\/\/www.nexoinformativo.mx\/#organization\"},\"image\":{\"@id\":\"https:\/\/www.nexoinformativo.mx\/index.php\/2024\/11\/14\/coparmex-queretaro-un-motor-de-exportacion-que-sigue-creciendo\/#primaryimage\"},\"thumbnailUrl\":\"https:\/\/www.nexoinformativo.mx\/wp-content\/uploads\/2024\/11\/PHOTO-2024-11-14-10-22-32-3-e1731612233851.jpg\",\"keywords\":[\"ComercioExterior\",\"Coparmex\",\"Quer\u00e9taro\",\"T-MEC\"],\"articleSection\":[\"Econom\u00eda\",\"Estado\",\"\u00daltima Hora\"],\"inLanguage\":\"es\",\"potentialAction\":[{\"@type\":\"CommentAction\",\"name\":\"Comment\",\"target\":[\"https:\/\/www.nexoinformativo.mx\/index.php\/2024\/11\/14\/coparmex-queretaro-un-motor-de-exportacion-que-sigue-creciendo\/#respond\"]}]},{\"@type\":\"WebPage\",\"@id\":\"https:\/\/www.nexoinformativo.mx\/index.php\/2024\/11\/14\/coparmex-queretaro-un-motor-de-exportacion-que-sigue-creciendo\/\",\"url\":\"https:\/\/www.nexoinformativo.mx\/index.php\/2024\/11\/14\/coparmex-queretaro-un-motor-de-exportacion-que-sigue-creciendo\/\",\"name\":\"COPARMEX Quer\u00e9taro: Un motor de exportaci\u00f3n que sigue creciendo | Nexo Informativo Santiago de Quer\u00e9taro\",\"isPartOf\":{\"@id\":\"https:\/\/www.nexoinformativo.mx\/#website\"},\"primaryImageOfPage\":{\"@id\":\"https:\/\/www.nexoinformativo.mx\/index.php\/2024\/11\/14\/coparmex-queretaro-un-motor-de-exportacion-que-sigue-creciendo\/#primaryimage\"},\"image\":{\"@id\":\"https:\/\/www.nexoinformativo.mx\/index.php\/2024\/11\/14\/coparmex-queretaro-un-motor-de-exportacion-que-sigue-creciendo\/#primaryimage\"},\"thumbnailUrl\":\"https:\/\/www.nexoinformativo.mx\/wp-content\/uploads\/2024\/11\/PHOTO-2024-11-14-10-22-32-3-e1731612233851.jpg\",\"datePublished\":\"2024-11-14T19:00:56+00:00\",\"dateModified\":\"2024-11-14T19:45:19+00:00\",\"description\":\"COPARMEX Quer\u00e9taro: Un motor de exportaci\u00f3n que sigue creciendo\",\"breadcrumb\":{\"@id\":\"https:\/\/www.nexoinformativo.mx\/index.php\/2024\/11\/14\/coparmex-queretaro-un-motor-de-exportacion-que-sigue-creciendo\/#breadcrumb\"},\"inLanguage\":\"es\",\"potentialAction\":[{\"@type\":\"ReadAction\",\"target\":[\"https:\/\/www.nexoinformativo.mx\/index.php\/2024\/11\/14\/coparmex-queretaro-un-motor-de-exportacion-que-sigue-creciendo\/\"]}]},{\"@type\":\"ImageObject\",\"inLanguage\":\"es\",\"@id\":\"https:\/\/www.nexoinformativo.mx\/index.php\/2024\/11\/14\/coparmex-queretaro-un-motor-de-exportacion-que-sigue-creciendo\/#primaryimage\",\"url\":\"https:\/\/www.nexoinformativo.mx\/wp-content\/uploads\/2024\/11\/PHOTO-2024-11-14-10-22-32-3-e1731612233851.jpg\",\"contentUrl\":\"https:\/\/www.nexoinformativo.mx\/wp-content\/uploads\/2024\/11\/PHOTO-2024-11-14-10-22-32-3-e1731612233851.jpg\",\"width\":800,\"height\":533},{\"@type\":\"BreadcrumbList\",\"@id\":\"https:\/\/www.nexoinformativo.mx\/index.php\/2024\/11\/14\/coparmex-queretaro-un-motor-de-exportacion-que-sigue-creciendo\/#breadcrumb\",\"itemListElement\":[{\"@type\":\"ListItem\",\"position\":1,\"name\":\"Inicio\",\"item\":\"https:\/\/www.nexoinformativo.mx\/\"},{\"@type\":\"ListItem\",\"position\":2,\"name\":\"COPARMEX Quer\u00e9taro: Un motor de exportaci\u00f3n que sigue creciendo\"}]},{\"@type\":\"WebSite\",\"@id\":\"https:\/\/www.nexoinformativo.mx\/#website\",\"url\":\"https:\/\/www.nexoinformativo.mx\/\",\"name\":\"Nexo Informativo Santiago de Quer\u00e9taro\",\"description\":\"Explora NexoInformativo y convi\u00e9rtete en parte de una comunidad que valora el conocimiento y la verdad. Tu nexoinformativo es tu puente hacia una comprensi\u00f3n m\u00e1s profunda del mundo que te rodea.\",\"publisher\":{\"@id\":\"https:\/\/www.nexoinformativo.mx\/#organization\"},\"potentialAction\":[{\"@type\":\"SearchAction\",\"target\":{\"@type\":\"EntryPoint\",\"urlTemplate\":\"https:\/\/www.nexoinformativo.mx\/?s={search_term_string}\"},\"query-input\":{\"@type\":\"PropertyValueSpecification\",\"valueRequired\":true,\"valueName\":\"search_term_string\"}}],\"inLanguage\":\"es\"},{\"@type\":\"Organization\",\"@id\":\"https:\/\/www.nexoinformativo.mx\/#organization\",\"name\":\"Nexo Informativo Santiago de Quer\u00e9taro\",\"url\":\"https:\/\/www.nexoinformativo.mx\/\",\"logo\":{\"@type\":\"ImageObject\",\"inLanguage\":\"es\",\"@id\":\"https:\/\/www.nexoinformativo.mx\/#\/schema\/logo\/image\/\",\"url\":\"https:\/\/www.nexoinformativo.mx\/wp-content\/uploads\/2024\/07\/nexoi-trasparente-2.png\",\"contentUrl\":\"https:\/\/www.nexoinformativo.mx\/wp-content\/uploads\/2024\/07\/nexoi-trasparente-2.png\",\"width\":816,\"height\":339,\"caption\":\"Nexo Informativo Santiago de Quer\u00e9taro\"},\"image\":{\"@id\":\"https:\/\/www.nexoinformativo.mx\/#\/schema\/logo\/image\/\"},\"sameAs\":[\"https:\/\/www.facebook.com\/people\/Nexo-Informativo\/61564066885511\/\"]},{\"@type\":\"Person\",\"@id\":\"https:\/\/www.nexoinformativo.mx\/#\/schema\/person\/7749d380ba08c8ca00d7bc76fd907b7d\",\"name\":\"Nexo Informativo\",\"image\":{\"@type\":\"ImageObject\",\"inLanguage\":\"es\",\"@id\":\"https:\/\/www.nexoinformativo.mx\/#\/schema\/person\/image\/\",\"url\":\"https:\/\/secure.gravatar.com\/avatar\/dde2928154642a13d95f87ddf1ea9718fe2b46760a005c53e41ff5ad610704e6?s=96&d=mm&r=g\",\"contentUrl\":\"https:\/\/secure.gravatar.com\/avatar\/dde2928154642a13d95f87ddf1ea9718fe2b46760a005c53e41ff5ad610704e6?s=96&d=mm&r=g\",\"caption\":\"Nexo Informativo\"},\"url\":\"https:\/\/www.nexoinformativo.mx\/index.php\/author\/edicion\/\"}]}<\/script>\n<!-- \/ Yoast SEO plugin. -->","yoast_head_json":{"title":"COPARMEX Quer\u00e9taro: Un motor de exportaci\u00f3n que sigue creciendo | Nexo Informativo Santiago de Quer\u00e9taro","description":"COPARMEX Quer\u00e9taro: Un motor de exportaci\u00f3n que sigue creciendo","robots":{"index":"index","follow":"follow","max-snippet":"max-snippet:-1","max-image-preview":"max-image-preview:large","max-video-preview":"max-video-preview:-1"},"canonical":"https:\/\/www.nexoinformativo.mx\/index.php\/2024\/11\/14\/coparmex-queretaro-un-motor-de-exportacion-que-sigue-creciendo\/","og_locale":"es_MX","og_type":"article","og_title":"COPARMEX Quer\u00e9taro: Un motor de exportaci\u00f3n que sigue creciendo | Nexo Informativo Santiago de Quer\u00e9taro","og_description":"COPARMEX Quer\u00e9taro: Un motor de exportaci\u00f3n que sigue creciendo","og_url":"https:\/\/www.nexoinformativo.mx\/index.php\/2024\/11\/14\/coparmex-queretaro-un-motor-de-exportacion-que-sigue-creciendo\/","og_site_name":"Nexo Informativo Santiago de Quer\u00e9taro","article_publisher":"https:\/\/www.facebook.com\/people\/Nexo-Informativo\/61564066885511\/","article_published_time":"2024-11-14T19:00:56+00:00","article_modified_time":"2024-11-14T19:45:19+00:00","og_image":[{"width":800,"height":533,"url":"https:\/\/www.nexoinformativo.mx\/wp-content\/uploads\/2024\/11\/PHOTO-2024-11-14-10-22-32-3-e1731612233851.jpg","type":"image\/jpeg"}],"author":"Nexo Informativo","twitter_card":"summary_large_image","twitter_misc":{"Escrito por":"Nexo Informativo","Tiempo de lectura":"2 minutos"},"schema":{"@context":"https:\/\/schema.org","@graph":[{"@type":"Article","@id":"https:\/\/www.nexoinformativo.mx\/index.php\/2024\/11\/14\/coparmex-queretaro-un-motor-de-exportacion-que-sigue-creciendo\/#article","isPartOf":{"@id":"https:\/\/www.nexoinformativo.mx\/index.php\/2024\/11\/14\/coparmex-queretaro-un-motor-de-exportacion-que-sigue-creciendo\/"},"author":{"name":"Nexo Informativo","@id":"https:\/\/www.nexoinformativo.mx\/#\/schema\/person\/7749d380ba08c8ca00d7bc76fd907b7d"},"headline":"COPARMEX Quer\u00e9taro: Un motor de exportaci\u00f3n que sigue creciendo","datePublished":"2024-11-14T19:00:56+00:00","dateModified":"2024-11-14T19:45:19+00:00","mainEntityOfPage":{"@id":"https:\/\/www.nexoinformativo.mx\/index.php\/2024\/11\/14\/coparmex-queretaro-un-motor-de-exportacion-que-sigue-creciendo\/"},"wordCount":279,"commentCount":0,"publisher":{"@id":"https:\/\/www.nexoinformativo.mx\/#organization"},"image":{"@id":"https:\/\/www.nexoinformativo.mx\/index.php\/2024\/11\/14\/coparmex-queretaro-un-motor-de-exportacion-que-sigue-creciendo\/#primaryimage"},"thumbnailUrl":"https:\/\/www.nexoinformativo.mx\/wp-content\/uploads\/2024\/11\/PHOTO-2024-11-14-10-22-32-3-e1731612233851.jpg","keywords":["ComercioExterior","Coparmex","Quer\u00e9taro","T-MEC"],"articleSection":["Econom\u00eda","Estado","\u00daltima Hora"],"inLanguage":"es","potentialAction":[{"@type":"CommentAction","name":"Comment","target":["https:\/\/www.nexoinformativo.mx\/index.php\/2024\/11\/14\/coparmex-queretaro-un-motor-de-exportacion-que-sigue-creciendo\/#respond"]}]},{"@type":"WebPage","@id":"https:\/\/www.nexoinformativo.mx\/index.php\/2024\/11\/14\/coparmex-queretaro-un-motor-de-exportacion-que-sigue-creciendo\/","url":"https:\/\/www.nexoinformativo.mx\/index.php\/2024\/11\/14\/coparmex-queretaro-un-motor-de-exportacion-que-sigue-creciendo\/","name":"COPARMEX Quer\u00e9taro: Un motor de exportaci\u00f3n que sigue creciendo | Nexo Informativo Santiago de Quer\u00e9taro","isPartOf":{"@id":"https:\/\/www.nexoinformativo.mx\/#website"},"primaryImageOfPage":{"@id":"https:\/\/www.nexoinformativo.mx\/index.php\/2024\/11\/14\/coparmex-queretaro-un-motor-de-exportacion-que-sigue-creciendo\/#primaryimage"},"image":{"@id":"https:\/\/www.nexoinformativo.mx\/index.php\/2024\/11\/14\/coparmex-queretaro-un-motor-de-exportacion-que-sigue-creciendo\/#primaryimage"},"thumbnailUrl":"https:\/\/www.nexoinformativo.mx\/wp-content\/uploads\/2024\/11\/PHOTO-2024-11-14-10-22-32-3-e1731612233851.jpg","datePublished":"2024-11-14T19:00:56+00:00","dateModified":"2024-11-14T19:45:19+00:00","description":"COPARMEX Quer\u00e9taro: Un motor de exportaci\u00f3n que sigue creciendo","breadcrumb":{"@id":"https:\/\/www.nexoinformativo.mx\/index.php\/2024\/11\/14\/coparmex-queretaro-un-motor-de-exportacion-que-sigue-creciendo\/#breadcrumb"},"inLanguage":"es","potentialAction":[{"@type":"ReadAction","target":["https:\/\/www.nexoinformativo.mx\/index.php\/2024\/11\/14\/coparmex-queretaro-un-motor-de-exportacion-que-sigue-creciendo\/"]}]},{"@type":"ImageObject","inLanguage":"es","@id":"https:\/\/www.nexoinformativo.mx\/index.php\/2024\/11\/14\/coparmex-queretaro-un-motor-de-exportacion-que-sigue-creciendo\/#primaryimage","url":"https:\/\/www.nexoinformativo.mx\/wp-content\/uploads\/2024\/11\/PHOTO-2024-11-14-10-22-32-3-e1731612233851.jpg","contentUrl":"https:\/\/www.nexoinformativo.mx\/wp-content\/uploads\/2024\/11\/PHOTO-2024-11-14-10-22-32-3-e1731612233851.jpg","width":800,"height":533},{"@type":"BreadcrumbList","@id":"https:\/\/www.nexoinformativo.mx\/index.php\/2024\/11\/14\/coparmex-queretaro-un-motor-de-exportacion-que-sigue-creciendo\/#breadcrumb","itemListElement":[{"@type":"ListItem","position":1,"name":"Inicio","item":"https:\/\/www.nexoinformativo.mx\/"},{"@type":"ListItem","position":2,"name":"COPARMEX Quer\u00e9taro: Un motor de exportaci\u00f3n que sigue creciendo"}]},{"@type":"WebSite","@id":"https:\/\/www.nexoinformativo.mx\/#website","url":"https:\/\/www.nexoinformativo.mx\/","name":"Nexo Informativo Santiago de Quer\u00e9taro","description":"Explora NexoInformativo y convi\u00e9rtete en parte de una comunidad que valora el conocimiento y la verdad. Tu nexoinformativo es tu puente hacia una comprensi\u00f3n m\u00e1s profunda del mundo que te rodea.","publisher":{"@id":"https:\/\/www.nexoinformativo.mx\/#organization"},"potentialAction":[{"@type":"SearchAction","target":{"@type":"EntryPoint","urlTemplate":"https:\/\/www.nexoinformativo.mx\/?s={search_term_string}"},"query-input":{"@type":"PropertyValueSpecification","valueRequired":true,"valueName":"search_term_string"}}],"inLanguage":"es"},{"@type":"Organization","@id":"https:\/\/www.nexoinformativo.mx\/#organization","name":"Nexo Informativo Santiago de Quer\u00e9taro","url":"https:\/\/www.nexoinformativo.mx\/","logo":{"@type":"ImageObject","inLanguage":"es","@id":"https:\/\/www.nexoinformativo.mx\/#\/schema\/logo\/image\/","url":"https:\/\/www.nexoinformativo.mx\/wp-content\/uploads\/2024\/07\/nexoi-trasparente-2.png","contentUrl":"https:\/\/www.nexoinformativo.mx\/wp-content\/uploads\/2024\/07\/nexoi-trasparente-2.png","width":816,"height":339,"caption":"Nexo Informativo Santiago de Quer\u00e9taro"},"image":{"@id":"https:\/\/www.nexoinformativo.mx\/#\/schema\/logo\/image\/"},"sameAs":["https:\/\/www.facebook.com\/people\/Nexo-Informativo\/61564066885511\/"]},{"@type":"Person","@id":"https:\/\/www.nexoinformativo.mx\/#\/schema\/person\/7749d380ba08c8ca00d7bc76fd907b7d","name":"Nexo Informativo","image":{"@type":"ImageObject","inLanguage":"es","@id":"https:\/\/www.nexoinformativo.mx\/#\/schema\/person\/image\/","url":"https:\/\/secure.gravatar.com\/avatar\/dde2928154642a13d95f87ddf1ea9718fe2b46760a005c53e41ff5ad610704e6?s=96&d=mm&r=g","contentUrl":"https:\/\/secure.gravatar.com\/avatar\/dde2928154642a13d95f87ddf1ea9718fe2b46760a005c53e41ff5ad610704e6?s=96&d=mm&r=g","caption":"Nexo Informativo"},"url":"https:\/\/www.nexoinformativo.mx\/index.php\/author\/edicion\/"}]}},"_links":{"self":[{"href":"https:\/\/www.nexoinformativo.mx\/index.php\/wp-json\/wp\/v2\/posts\/6081","targetHints":{"allow":["GET"]}}],"collection":[{"href":"https:\/\/www.nexoinformativo.mx\/index.php\/wp-json\/wp\/v2\/posts"}],"about":[{"href":"https:\/\/www.nexoinformativo.mx\/index.php\/wp-json\/wp\/v2\/types\/post"}],"author":[{"embeddable":true,"href":"https:\/\/www.nexoinformativo.mx\/index.php\/wp-json\/wp\/v2\/users\/3"}],"replies":[{"embeddable":true,"href":"https:\/\/www.nexoinformativo.mx\/index.php\/wp-json\/wp\/v2\/comments?post=6081"}],"version-history":[{"count":3,"href":"https:\/\/www.nexoinformativo.mx\/index.php\/wp-json\/wp\/v2\/posts\/6081\/revisions"}],"predecessor-version":[{"id":6086,"href":"https:\/\/www.nexoinformativo.mx\/index.php\/wp-json\/wp\/v2\/posts\/6081\/revisions\/6086"}],"wp:featuredmedia":[{"embeddable":true,"href":"https:\/\/www.nexoinformativo.mx\/index.php\/wp-json\/wp\/v2\/media\/6082"}],"wp:attachment":[{"href":"https:\/\/www.nexoinformativo.mx\/index.php\/wp-json\/wp\/v2\/media?parent=6081"}],"wp:term":[{"taxonomy":"category","embeddable":true,"href":"https:\/\/www.nexoinformativo.mx\/index.php\/wp-json\/wp\/v2\/categories?post=6081"},{"taxonomy":"post_tag","embeddable":true,"href":"https:\/\/www.nexoinformativo.mx\/index.php\/wp-json\/wp\/v2\/tags?post=6081"}],"curies":[{"name":"wp","href":"https:\/\/api.w.org\/{rel}","templated":true}]}}