{"id":6087,"date":"2024-11-14T15:00:09","date_gmt":"2024-11-14T21:00:09","guid":{"rendered":"https:\/\/www.nexoinformativo.mx\/?p=6087"},"modified":"2024-11-14T16:49:54","modified_gmt":"2024-11-14T22:49:54","slug":"dia-mundial-de-la-diabetes-sesa-realiza-jornada-de-deteccion-oportuna","status":"publish","type":"post","link":"https:\/\/www.nexoinformativo.mx\/index.php\/2024\/11\/14\/dia-mundial-de-la-diabetes-sesa-realiza-jornada-de-deteccion-oportuna\/","title":{"rendered":"D\u00eda Mundial de la Diabetes: SESA Realiza Jornada de detecci\u00f3n oportuna"},"content":{"rendered":"<p style=\"text-align: justify;\">Hoy 14 de noviembre, <strong>D\u00eda Mundial de la Diabetes<\/strong>, la Direcci\u00f3n de Servicios de Salud de la Secretar\u00eda de Salud (SESA) del estado de Quer\u00e9taro realiz\u00f3 una jornada para la detecci\u00f3n oportuna de esta enfermedad en la explanada de las oficinas estatales.<\/p>\n<p>&nbsp;<\/p>\n<p style=\"text-align: justify;\">Durante la jornada, se colocaron m\u00f3dulos para la detecci\u00f3n de enfermedades cardiometab\u00f3licas, donde se realizaron 160 pruebas de glucosa capilar, 120 pruebas de l\u00edpidos, 160 tomas de presi\u00f3n arterial y mediciones de peso y talla para calcular el \u00edndice de masa corporal.<\/p>\n<p>&nbsp;<\/p>\n<p style=\"text-align: justify;\">Seg\u00fan el Sistema de Informaci\u00f3n en Cr\u00f3nicas<strong> (SIC)<\/strong>, 15,685 personas viven con diabetes en Quer\u00e9taro. La calidad de atenci\u00f3n que brindan los trabajadores de la salud ha colocado al estado en el segundo lugar nacional en el \u00cdndice de Calidad en la atenci\u00f3n de personas con diabetes atendidas en los Centros de Salud desde marzo de este a\u00f1o.<\/p>\n<p>&nbsp;<\/p>\n<p style=\"text-align: justify;\">SESA recomienda llevar una dieta equilibrada, realizar 30 minutos de ejercicio diario, beber dos litros de agua al d\u00eda, suspender el h\u00e1bito de fumar para prevenir la diabetes. Adem\u00e1s, es crucial acudir al Centro de Salud para aplicar el cuestionario de factores de riesgo y detectar tempranamente cualquier se\u00f1al de la enfermedad.<\/p>\n<p>&nbsp;<\/p>\n<p style=\"text-align: justify;\">Durante la jornada, el Departamento Dental ofreci\u00f3 orientaci\u00f3n sobre la importancia de la salud bucal y la necesidad de visitas peri\u00f3dicas al dentista. Tambi\u00e9n se instal\u00f3 un stand informativo para la prevenci\u00f3n del dengue, destacando la importancia de la participaci\u00f3n ciudadana.<\/p>\n<p>&nbsp;<\/p>\n<p style=\"text-align: center;\"><em><strong>\u00a1Informaci\u00f3n que transforma!<\/strong><\/em><\/p>\n","protected":false},"excerpt":{"rendered":"<p>Hoy 14 de noviembre, D\u00eda Mundial de la Diabetes, la Direcci\u00f3n de Servicios de Salud de la Secretar\u00eda de Salud (SESA) del estado de Quer\u00e9taro realiz\u00f3 una jornada para la detecci\u00f3n oportuna de esta enfermedad en la explanada de las oficinas estatales.<\/p>\n","protected":false},"author":3,"featured_media":6088,"comment_status":"open","ping_status":"open","sticky":false,"template":"","format":"standard","meta":{"footnotes":""},"categories":[42,58],"tags":[2067,461,1054,2068],"class_list":["post-6087","post","type-post","status-publish","format-standard","has-post-thumbnail","hentry","category-estado","category-ultima-hora","tag-detecciondiabetes","tag-prevencionsalud","tag-saludqueretaro","tag-sesa"],"yoast_head":"<!-- This site is optimized with the Yoast SEO plugin v25.0 - https:\/\/yoast.com\/wordpress\/plugins\/seo\/ -->\n<title>D\u00eda Mundial de la Diabetes: SESA Realiza Jornada de detecci\u00f3n oportuna | Nexo Informativo Santiago de Quer\u00e9taro<\/title>\n<meta name=\"description\" content=\"D\u00eda Mundial de la Diabetes: SESA Realiza Jornada de detecci\u00f3n oportuna\" \/>\n<meta name=\"robots\" content=\"index, follow, max-snippet:-1, max-image-preview:large, max-video-preview:-1\" \/>\n<link rel=\"canonical\" href=\"https:\/\/www.nexoinformativo.mx\/index.php\/2024\/11\/14\/dia-mundial-de-la-diabetes-sesa-realiza-jornada-de-deteccion-oportuna\/\" \/>\n<meta property=\"og:locale\" content=\"es_MX\" \/>\n<meta property=\"og:type\" content=\"article\" \/>\n<meta property=\"og:title\" content=\"D\u00eda Mundial de la Diabetes: SESA Realiza Jornada de detecci\u00f3n oportuna | Nexo Informativo Santiago de Quer\u00e9taro\" \/>\n<meta property=\"og:description\" content=\"D\u00eda Mundial de la Diabetes: SESA Realiza Jornada de detecci\u00f3n oportuna\" \/>\n<meta property=\"og:url\" content=\"https:\/\/www.nexoinformativo.mx\/index.php\/2024\/11\/14\/dia-mundial-de-la-diabetes-sesa-realiza-jornada-de-deteccion-oportuna\/\" \/>\n<meta property=\"og:site_name\" content=\"Nexo Informativo Santiago de Quer\u00e9taro\" \/>\n<meta property=\"article:publisher\" content=\"https:\/\/www.facebook.com\/people\/Nexo-Informativo\/61564066885511\/\" \/>\n<meta property=\"article:published_time\" content=\"2024-11-14T21:00:09+00:00\" \/>\n<meta property=\"article:modified_time\" content=\"2024-11-14T22:49:54+00:00\" \/>\n<meta property=\"og:image\" content=\"https:\/\/www.nexoinformativo.mx\/wp-content\/uploads\/2024\/11\/PHOTO-2024-11-14-16-10-28-e1731624444887.jpg\" \/>\n\t<meta property=\"og:image:width\" content=\"700\" \/>\n\t<meta property=\"og:image:height\" content=\"466\" \/>\n\t<meta property=\"og:image:type\" content=\"image\/jpeg\" \/>\n<meta name=\"author\" content=\"Nexo Informativo\" \/>\n<meta name=\"twitter:card\" content=\"summary_large_image\" \/>\n<meta name=\"twitter:label1\" content=\"Escrito por\" \/>\n\t<meta name=\"twitter:data1\" content=\"Nexo Informativo\" \/>\n\t<meta name=\"twitter:label2\" content=\"Tiempo de lectura\" \/>\n\t<meta name=\"twitter:data2\" content=\"2 minutos\" \/>\n<script type=\"application\/ld+json\" class=\"yoast-schema-graph\">{\"@context\":\"https:\/\/schema.org\",\"@graph\":[{\"@type\":\"Article\",\"@id\":\"https:\/\/www.nexoinformativo.mx\/index.php\/2024\/11\/14\/dia-mundial-de-la-diabetes-sesa-realiza-jornada-de-deteccion-oportuna\/#article\",\"isPartOf\":{\"@id\":\"https:\/\/www.nexoinformativo.mx\/index.php\/2024\/11\/14\/dia-mundial-de-la-diabetes-sesa-realiza-jornada-de-deteccion-oportuna\/\"},\"author\":{\"name\":\"Nexo Informativo\",\"@id\":\"https:\/\/www.nexoinformativo.mx\/#\/schema\/person\/7749d380ba08c8ca00d7bc76fd907b7d\"},\"headline\":\"D\u00eda Mundial de la Diabetes: SESA Realiza Jornada de detecci\u00f3n oportuna\",\"datePublished\":\"2024-11-14T21:00:09+00:00\",\"dateModified\":\"2024-11-14T22:49:54+00:00\",\"mainEntityOfPage\":{\"@id\":\"https:\/\/www.nexoinformativo.mx\/index.php\/2024\/11\/14\/dia-mundial-de-la-diabetes-sesa-realiza-jornada-de-deteccion-oportuna\/\"},\"wordCount\":277,\"commentCount\":0,\"publisher\":{\"@id\":\"https:\/\/www.nexoinformativo.mx\/#organization\"},\"image\":{\"@id\":\"https:\/\/www.nexoinformativo.mx\/index.php\/2024\/11\/14\/dia-mundial-de-la-diabetes-sesa-realiza-jornada-de-deteccion-oportuna\/#primaryimage\"},\"thumbnailUrl\":\"https:\/\/www.nexoinformativo.mx\/wp-content\/uploads\/2024\/11\/PHOTO-2024-11-14-16-10-28-e1731624444887.jpg\",\"keywords\":[\"Detecci\u00f3nDiabetes\",\"Prevenci\u00f3nSalud\",\"SaludQuer\u00e9taro\",\"SESA\"],\"articleSection\":[\"Estado\",\"\u00daltima Hora\"],\"inLanguage\":\"es\",\"potentialAction\":[{\"@type\":\"CommentAction\",\"name\":\"Comment\",\"target\":[\"https:\/\/www.nexoinformativo.mx\/index.php\/2024\/11\/14\/dia-mundial-de-la-diabetes-sesa-realiza-jornada-de-deteccion-oportuna\/#respond\"]}]},{\"@type\":\"WebPage\",\"@id\":\"https:\/\/www.nexoinformativo.mx\/index.php\/2024\/11\/14\/dia-mundial-de-la-diabetes-sesa-realiza-jornada-de-deteccion-oportuna\/\",\"url\":\"https:\/\/www.nexoinformativo.mx\/index.php\/2024\/11\/14\/dia-mundial-de-la-diabetes-sesa-realiza-jornada-de-deteccion-oportuna\/\",\"name\":\"D\u00eda Mundial de la Diabetes: SESA Realiza Jornada de detecci\u00f3n oportuna | Nexo Informativo Santiago de Quer\u00e9taro\",\"isPartOf\":{\"@id\":\"https:\/\/www.nexoinformativo.mx\/#website\"},\"primaryImageOfPage\":{\"@id\":\"https:\/\/www.nexoinformativo.mx\/index.php\/2024\/11\/14\/dia-mundial-de-la-diabetes-sesa-realiza-jornada-de-deteccion-oportuna\/#primaryimage\"},\"image\":{\"@id\":\"https:\/\/www.nexoinformativo.mx\/index.php\/2024\/11\/14\/dia-mundial-de-la-diabetes-sesa-realiza-jornada-de-deteccion-oportuna\/#primaryimage\"},\"thumbnailUrl\":\"https:\/\/www.nexoinformativo.mx\/wp-content\/uploads\/2024\/11\/PHOTO-2024-11-14-16-10-28-e1731624444887.jpg\",\"datePublished\":\"2024-11-14T21:00:09+00:00\",\"dateModified\":\"2024-11-14T22:49:54+00:00\",\"description\":\"D\u00eda Mundial de la Diabetes: SESA Realiza Jornada de detecci\u00f3n oportuna\",\"breadcrumb\":{\"@id\":\"https:\/\/www.nexoinformativo.mx\/index.php\/2024\/11\/14\/dia-mundial-de-la-diabetes-sesa-realiza-jornada-de-deteccion-oportuna\/#breadcrumb\"},\"inLanguage\":\"es\",\"potentialAction\":[{\"@type\":\"ReadAction\",\"target\":[\"https:\/\/www.nexoinformativo.mx\/index.php\/2024\/11\/14\/dia-mundial-de-la-diabetes-sesa-realiza-jornada-de-deteccion-oportuna\/\"]}]},{\"@type\":\"ImageObject\",\"inLanguage\":\"es\",\"@id\":\"https:\/\/www.nexoinformativo.mx\/index.php\/2024\/11\/14\/dia-mundial-de-la-diabetes-sesa-realiza-jornada-de-deteccion-oportuna\/#primaryimage\",\"url\":\"https:\/\/www.nexoinformativo.mx\/wp-content\/uploads\/2024\/11\/PHOTO-2024-11-14-16-10-28-e1731624444887.jpg\",\"contentUrl\":\"https:\/\/www.nexoinformativo.mx\/wp-content\/uploads\/2024\/11\/PHOTO-2024-11-14-16-10-28-e1731624444887.jpg\",\"width\":700,\"height\":466},{\"@type\":\"BreadcrumbList\",\"@id\":\"https:\/\/www.nexoinformativo.mx\/index.php\/2024\/11\/14\/dia-mundial-de-la-diabetes-sesa-realiza-jornada-de-deteccion-oportuna\/#breadcrumb\",\"itemListElement\":[{\"@type\":\"ListItem\",\"position\":1,\"name\":\"Inicio\",\"item\":\"https:\/\/www.nexoinformativo.mx\/\"},{\"@type\":\"ListItem\",\"position\":2,\"name\":\"D\u00eda Mundial de la Diabetes: SESA Realiza Jornada de detecci\u00f3n oportuna\"}]},{\"@type\":\"WebSite\",\"@id\":\"https:\/\/www.nexoinformativo.mx\/#website\",\"url\":\"https:\/\/www.nexoinformativo.mx\/\",\"name\":\"Nexo Informativo Santiago de Quer\u00e9taro\",\"description\":\"Explora NexoInformativo y convi\u00e9rtete en parte de una comunidad que valora el conocimiento y la verdad. Tu nexoinformativo es tu puente hacia una comprensi\u00f3n m\u00e1s profunda del mundo que te rodea.\",\"publisher\":{\"@id\":\"https:\/\/www.nexoinformativo.mx\/#organization\"},\"potentialAction\":[{\"@type\":\"SearchAction\",\"target\":{\"@type\":\"EntryPoint\",\"urlTemplate\":\"https:\/\/www.nexoinformativo.mx\/?s={search_term_string}\"},\"query-input\":{\"@type\":\"PropertyValueSpecification\",\"valueRequired\":true,\"valueName\":\"search_term_string\"}}],\"inLanguage\":\"es\"},{\"@type\":\"Organization\",\"@id\":\"https:\/\/www.nexoinformativo.mx\/#organization\",\"name\":\"Nexo Informativo Santiago de Quer\u00e9taro\",\"url\":\"https:\/\/www.nexoinformativo.mx\/\",\"logo\":{\"@type\":\"ImageObject\",\"inLanguage\":\"es\",\"@id\":\"https:\/\/www.nexoinformativo.mx\/#\/schema\/logo\/image\/\",\"url\":\"https:\/\/www.nexoinformativo.mx\/wp-content\/uploads\/2024\/07\/nexoi-trasparente-2.png\",\"contentUrl\":\"https:\/\/www.nexoinformativo.mx\/wp-content\/uploads\/2024\/07\/nexoi-trasparente-2.png\",\"width\":816,\"height\":339,\"caption\":\"Nexo Informativo Santiago de Quer\u00e9taro\"},\"image\":{\"@id\":\"https:\/\/www.nexoinformativo.mx\/#\/schema\/logo\/image\/\"},\"sameAs\":[\"https:\/\/www.facebook.com\/people\/Nexo-Informativo\/61564066885511\/\"]},{\"@type\":\"Person\",\"@id\":\"https:\/\/www.nexoinformativo.mx\/#\/schema\/person\/7749d380ba08c8ca00d7bc76fd907b7d\",\"name\":\"Nexo Informativo\",\"image\":{\"@type\":\"ImageObject\",\"inLanguage\":\"es\",\"@id\":\"https:\/\/www.nexoinformativo.mx\/#\/schema\/person\/image\/\",\"url\":\"https:\/\/secure.gravatar.com\/avatar\/dde2928154642a13d95f87ddf1ea9718fe2b46760a005c53e41ff5ad610704e6?s=96&d=mm&r=g\",\"contentUrl\":\"https:\/\/secure.gravatar.com\/avatar\/dde2928154642a13d95f87ddf1ea9718fe2b46760a005c53e41ff5ad610704e6?s=96&d=mm&r=g\",\"caption\":\"Nexo Informativo\"},\"url\":\"https:\/\/www.nexoinformativo.mx\/index.php\/author\/edicion\/\"}]}<\/script>\n<!-- \/ Yoast SEO plugin. -->","yoast_head_json":{"title":"D\u00eda Mundial de la Diabetes: SESA Realiza Jornada de detecci\u00f3n oportuna | Nexo Informativo Santiago de Quer\u00e9taro","description":"D\u00eda Mundial de la Diabetes: SESA Realiza Jornada de detecci\u00f3n oportuna","robots":{"index":"index","follow":"follow","max-snippet":"max-snippet:-1","max-image-preview":"max-image-preview:large","max-video-preview":"max-video-preview:-1"},"canonical":"https:\/\/www.nexoinformativo.mx\/index.php\/2024\/11\/14\/dia-mundial-de-la-diabetes-sesa-realiza-jornada-de-deteccion-oportuna\/","og_locale":"es_MX","og_type":"article","og_title":"D\u00eda Mundial de la Diabetes: SESA Realiza Jornada de detecci\u00f3n oportuna | Nexo Informativo Santiago de Quer\u00e9taro","og_description":"D\u00eda Mundial de la Diabetes: SESA Realiza Jornada de detecci\u00f3n oportuna","og_url":"https:\/\/www.nexoinformativo.mx\/index.php\/2024\/11\/14\/dia-mundial-de-la-diabetes-sesa-realiza-jornada-de-deteccion-oportuna\/","og_site_name":"Nexo Informativo Santiago de Quer\u00e9taro","article_publisher":"https:\/\/www.facebook.com\/people\/Nexo-Informativo\/61564066885511\/","article_published_time":"2024-11-14T21:00:09+00:00","article_modified_time":"2024-11-14T22:49:54+00:00","og_image":[{"width":700,"height":466,"url":"https:\/\/www.nexoinformativo.mx\/wp-content\/uploads\/2024\/11\/PHOTO-2024-11-14-16-10-28-e1731624444887.jpg","type":"image\/jpeg"}],"author":"Nexo Informativo","twitter_card":"summary_large_image","twitter_misc":{"Escrito por":"Nexo Informativo","Tiempo de lectura":"2 minutos"},"schema":{"@context":"https:\/\/schema.org","@graph":[{"@type":"Article","@id":"https:\/\/www.nexoinformativo.mx\/index.php\/2024\/11\/14\/dia-mundial-de-la-diabetes-sesa-realiza-jornada-de-deteccion-oportuna\/#article","isPartOf":{"@id":"https:\/\/www.nexoinformativo.mx\/index.php\/2024\/11\/14\/dia-mundial-de-la-diabetes-sesa-realiza-jornada-de-deteccion-oportuna\/"},"author":{"name":"Nexo Informativo","@id":"https:\/\/www.nexoinformativo.mx\/#\/schema\/person\/7749d380ba08c8ca00d7bc76fd907b7d"},"headline":"D\u00eda Mundial de la Diabetes: SESA Realiza Jornada de detecci\u00f3n oportuna","datePublished":"2024-11-14T21:00:09+00:00","dateModified":"2024-11-14T22:49:54+00:00","mainEntityOfPage":{"@id":"https:\/\/www.nexoinformativo.mx\/index.php\/2024\/11\/14\/dia-mundial-de-la-diabetes-sesa-realiza-jornada-de-deteccion-oportuna\/"},"wordCount":277,"commentCount":0,"publisher":{"@id":"https:\/\/www.nexoinformativo.mx\/#organization"},"image":{"@id":"https:\/\/www.nexoinformativo.mx\/index.php\/2024\/11\/14\/dia-mundial-de-la-diabetes-sesa-realiza-jornada-de-deteccion-oportuna\/#primaryimage"},"thumbnailUrl":"https:\/\/www.nexoinformativo.mx\/wp-content\/uploads\/2024\/11\/PHOTO-2024-11-14-16-10-28-e1731624444887.jpg","keywords":["Detecci\u00f3nDiabetes","Prevenci\u00f3nSalud","SaludQuer\u00e9taro","SESA"],"articleSection":["Estado","\u00daltima Hora"],"inLanguage":"es","potentialAction":[{"@type":"CommentAction","name":"Comment","target":["https:\/\/www.nexoinformativo.mx\/index.php\/2024\/11\/14\/dia-mundial-de-la-diabetes-sesa-realiza-jornada-de-deteccion-oportuna\/#respond"]}]},{"@type":"WebPage","@id":"https:\/\/www.nexoinformativo.mx\/index.php\/2024\/11\/14\/dia-mundial-de-la-diabetes-sesa-realiza-jornada-de-deteccion-oportuna\/","url":"https:\/\/www.nexoinformativo.mx\/index.php\/2024\/11\/14\/dia-mundial-de-la-diabetes-sesa-realiza-jornada-de-deteccion-oportuna\/","name":"D\u00eda Mundial de la Diabetes: SESA Realiza Jornada de detecci\u00f3n oportuna | Nexo Informativo Santiago de Quer\u00e9taro","isPartOf":{"@id":"https:\/\/www.nexoinformativo.mx\/#website"},"primaryImageOfPage":{"@id":"https:\/\/www.nexoinformativo.mx\/index.php\/2024\/11\/14\/dia-mundial-de-la-diabetes-sesa-realiza-jornada-de-deteccion-oportuna\/#primaryimage"},"image":{"@id":"https:\/\/www.nexoinformativo.mx\/index.php\/2024\/11\/14\/dia-mundial-de-la-diabetes-sesa-realiza-jornada-de-deteccion-oportuna\/#primaryimage"},"thumbnailUrl":"https:\/\/www.nexoinformativo.mx\/wp-content\/uploads\/2024\/11\/PHOTO-2024-11-14-16-10-28-e1731624444887.jpg","datePublished":"2024-11-14T21:00:09+00:00","dateModified":"2024-11-14T22:49:54+00:00","description":"D\u00eda Mundial de la Diabetes: SESA Realiza Jornada de detecci\u00f3n oportuna","breadcrumb":{"@id":"https:\/\/www.nexoinformativo.mx\/index.php\/2024\/11\/14\/dia-mundial-de-la-diabetes-sesa-realiza-jornada-de-deteccion-oportuna\/#breadcrumb"},"inLanguage":"es","potentialAction":[{"@type":"ReadAction","target":["https:\/\/www.nexoinformativo.mx\/index.php\/2024\/11\/14\/dia-mundial-de-la-diabetes-sesa-realiza-jornada-de-deteccion-oportuna\/"]}]},{"@type":"ImageObject","inLanguage":"es","@id":"https:\/\/www.nexoinformativo.mx\/index.php\/2024\/11\/14\/dia-mundial-de-la-diabetes-sesa-realiza-jornada-de-deteccion-oportuna\/#primaryimage","url":"https:\/\/www.nexoinformativo.mx\/wp-content\/uploads\/2024\/11\/PHOTO-2024-11-14-16-10-28-e1731624444887.jpg","contentUrl":"https:\/\/www.nexoinformativo.mx\/wp-content\/uploads\/2024\/11\/PHOTO-2024-11-14-16-10-28-e1731624444887.jpg","width":700,"height":466},{"@type":"BreadcrumbList","@id":"https:\/\/www.nexoinformativo.mx\/index.php\/2024\/11\/14\/dia-mundial-de-la-diabetes-sesa-realiza-jornada-de-deteccion-oportuna\/#breadcrumb","itemListElement":[{"@type":"ListItem","position":1,"name":"Inicio","item":"https:\/\/www.nexoinformativo.mx\/"},{"@type":"ListItem","position":2,"name":"D\u00eda Mundial de la Diabetes: SESA Realiza Jornada de detecci\u00f3n oportuna"}]},{"@type":"WebSite","@id":"https:\/\/www.nexoinformativo.mx\/#website","url":"https:\/\/www.nexoinformativo.mx\/","name":"Nexo Informativo Santiago de Quer\u00e9taro","description":"Explora NexoInformativo y convi\u00e9rtete en parte de una comunidad que valora el conocimiento y la verdad. Tu nexoinformativo es tu puente hacia una comprensi\u00f3n m\u00e1s profunda del mundo que te rodea.","publisher":{"@id":"https:\/\/www.nexoinformativo.mx\/#organization"},"potentialAction":[{"@type":"SearchAction","target":{"@type":"EntryPoint","urlTemplate":"https:\/\/www.nexoinformativo.mx\/?s={search_term_string}"},"query-input":{"@type":"PropertyValueSpecification","valueRequired":true,"valueName":"search_term_string"}}],"inLanguage":"es"},{"@type":"Organization","@id":"https:\/\/www.nexoinformativo.mx\/#organization","name":"Nexo Informativo Santiago de Quer\u00e9taro","url":"https:\/\/www.nexoinformativo.mx\/","logo":{"@type":"ImageObject","inLanguage":"es","@id":"https:\/\/www.nexoinformativo.mx\/#\/schema\/logo\/image\/","url":"https:\/\/www.nexoinformativo.mx\/wp-content\/uploads\/2024\/07\/nexoi-trasparente-2.png","contentUrl":"https:\/\/www.nexoinformativo.mx\/wp-content\/uploads\/2024\/07\/nexoi-trasparente-2.png","width":816,"height":339,"caption":"Nexo Informativo Santiago de Quer\u00e9taro"},"image":{"@id":"https:\/\/www.nexoinformativo.mx\/#\/schema\/logo\/image\/"},"sameAs":["https:\/\/www.facebook.com\/people\/Nexo-Informativo\/61564066885511\/"]},{"@type":"Person","@id":"https:\/\/www.nexoinformativo.mx\/#\/schema\/person\/7749d380ba08c8ca00d7bc76fd907b7d","name":"Nexo Informativo","image":{"@type":"ImageObject","inLanguage":"es","@id":"https:\/\/www.nexoinformativo.mx\/#\/schema\/person\/image\/","url":"https:\/\/secure.gravatar.com\/avatar\/dde2928154642a13d95f87ddf1ea9718fe2b46760a005c53e41ff5ad610704e6?s=96&d=mm&r=g","contentUrl":"https:\/\/secure.gravatar.com\/avatar\/dde2928154642a13d95f87ddf1ea9718fe2b46760a005c53e41ff5ad610704e6?s=96&d=mm&r=g","caption":"Nexo Informativo"},"url":"https:\/\/www.nexoinformativo.mx\/index.php\/author\/edicion\/"}]}},"_links":{"self":[{"href":"https:\/\/www.nexoinformativo.mx\/index.php\/wp-json\/wp\/v2\/posts\/6087","targetHints":{"allow":["GET"]}}],"collection":[{"href":"https:\/\/www.nexoinformativo.mx\/index.php\/wp-json\/wp\/v2\/posts"}],"about":[{"href":"https:\/\/www.nexoinformativo.mx\/index.php\/wp-json\/wp\/v2\/types\/post"}],"author":[{"embeddable":true,"href":"https:\/\/www.nexoinformativo.mx\/index.php\/wp-json\/wp\/v2\/users\/3"}],"replies":[{"embeddable":true,"href":"https:\/\/www.nexoinformativo.mx\/index.php\/wp-json\/wp\/v2\/comments?post=6087"}],"version-history":[{"count":4,"href":"https:\/\/www.nexoinformativo.mx\/index.php\/wp-json\/wp\/v2\/posts\/6087\/revisions"}],"predecessor-version":[{"id":6098,"href":"https:\/\/www.nexoinformativo.mx\/index.php\/wp-json\/wp\/v2\/posts\/6087\/revisions\/6098"}],"wp:featuredmedia":[{"embeddable":true,"href":"https:\/\/www.nexoinformativo.mx\/index.php\/wp-json\/wp\/v2\/media\/6088"}],"wp:attachment":[{"href":"https:\/\/www.nexoinformativo.mx\/index.php\/wp-json\/wp\/v2\/media?parent=6087"}],"wp:term":[{"taxonomy":"category","embeddable":true,"href":"https:\/\/www.nexoinformativo.mx\/index.php\/wp-json\/wp\/v2\/categories?post=6087"},{"taxonomy":"post_tag","embeddable":true,"href":"https:\/\/www.nexoinformativo.mx\/index.php\/wp-json\/wp\/v2\/tags?post=6087"}],"curies":[{"name":"wp","href":"https:\/\/api.w.org\/{rel}","templated":true}]}}