{"id":6093,"date":"2024-11-14T16:00:25","date_gmt":"2024-11-14T22:00:25","guid":{"rendered":"https:\/\/www.nexoinformativo.mx\/?p=6093"},"modified":"2024-11-14T17:06:37","modified_gmt":"2024-11-14T23:06:37","slug":"mexico-recupera-220-piezas-arqueologicas-del-patrimonio-cultural-un-triunfo-para-la-historia-y-la-cultura","status":"publish","type":"post","link":"https:\/\/www.nexoinformativo.mx\/index.php\/2024\/11\/14\/mexico-recupera-220-piezas-arqueologicas-del-patrimonio-cultural-un-triunfo-para-la-historia-y-la-cultura\/","title":{"rendered":"M\u00e9xico recupera 220 piezas arqueol\u00f3gicas del Patrimonio Cultural: Un triunfo para la historia y la cultura"},"content":{"rendered":"<p style=\"text-align: justify;\" data-sourcepos=\"9:1-9:302\">En un hecho hist\u00f3rico para M\u00e9xico, nuestro pa\u00eds ha recuperado 220 piezas arqueol\u00f3gicas de distintas regiones, las cuales hab\u00edan sido sustra\u00eddas de nuestro territorio. Gracias a la colaboraci\u00f3n de autoridades de Argentina, Canad\u00e1, Estados Unidos y Suiza, estas piezas han regresado a su lugar de origen.<\/p>\n<p>&nbsp;<\/p>\n<p style=\"text-align: justify;\" data-sourcepos=\"11:1-11:176\">Este logro representa un triunfo para la historia y la cultura de M\u00e9xico, ya que estas piezas son testimonios de nuestras ra\u00edces y nos ayudan a comprender mejor nuestro pasado.<\/p>\n<p>&nbsp;<\/p>\n<p style=\"text-align: justify;\" data-sourcepos=\"13:1-13:331\">En una ceremonia encabezada por el secretario de Relaciones Exteriores, Juan Ram\u00f3n de la Fuente, y la secretaria de Cultura, Claudia Curiel, se celebr\u00f3 la repatriaci\u00f3n de estos bienes culturales. El director general del INAH, Diego Prieto, destac\u00f3 la importancia de esta colaboraci\u00f3n internacional para proteger nuestro patrimonio.<\/p>\n<p>&nbsp;<\/p>\n<p style=\"text-align: justify;\" data-sourcepos=\"15:1-15:153\">Las piezas recuperadas ser\u00e1n resguardadas y estudiadas por el INAH, con el objetivo de difundir su valor hist\u00f3rico y cultural a las futuras generaciones.<\/p>\n<p>&nbsp;<\/p>\n<p style=\"text-align: justify;\" data-sourcepos=\"17:1-17:221\">Este evento tambi\u00e9n sirvi\u00f3 para recordar la importancia de combatir el tr\u00e1fico il\u00edcito de bienes culturales, un delito que atenta contra la identidad de los pueblos y priva a las futuras generaciones de conocer su pasado.<\/p>\n<p>&nbsp;<\/p>\n<p style=\"text-align: center;\"><em><strong>\u00a1Informaci\u00f3n que transforma!<\/strong><\/em><\/p>\n<p>&nbsp;<\/p>\n<p>&nbsp;<\/p>\n<p>&nbsp;<\/p>\n","protected":false},"excerpt":{"rendered":"<p>En un hecho hist\u00f3rico para M\u00e9xico, nuestro pa\u00eds ha recuperado 220 piezas arqueol\u00f3gicas de distintas regiones, las cuales hab\u00edan sido sustra\u00eddas de nuestro territorio.<\/p>\n","protected":false},"author":3,"featured_media":6094,"comment_status":"open","ping_status":"open","sticky":false,"template":"","format":"standard","meta":{"footnotes":""},"categories":[88,58],"tags":[2070,1610,482,2069],"class_list":["post-6093","post","type-post","status-publish","format-standard","has-post-thumbnail","hentry","category-nacional","category-ultima-hora","tag-arqueologia","tag-mexico","tag-patrimoniocultural","tag-repatriacion"],"yoast_head":"<!-- This site is optimized with the Yoast SEO plugin v25.0 - https:\/\/yoast.com\/wordpress\/plugins\/seo\/ -->\n<title>M\u00e9xico recupera 220 piezas arqueol\u00f3gicas del Patrimonio Cultural: Un triunfo para la historia y la cultura | Nexo Informativo Santiago de Quer\u00e9taro<\/title>\n<meta name=\"description\" content=\"M\u00e9xico recupera 220 piezas arqueol\u00f3gicas del Patrimonio Cultural: Un triunfo para la historia y la cultura\" \/>\n<meta name=\"robots\" content=\"index, follow, max-snippet:-1, max-image-preview:large, max-video-preview:-1\" \/>\n<link rel=\"canonical\" href=\"https:\/\/www.nexoinformativo.mx\/index.php\/2024\/11\/14\/mexico-recupera-220-piezas-arqueologicas-del-patrimonio-cultural-un-triunfo-para-la-historia-y-la-cultura\/\" \/>\n<meta property=\"og:locale\" content=\"es_MX\" \/>\n<meta property=\"og:type\" content=\"article\" \/>\n<meta property=\"og:title\" content=\"M\u00e9xico recupera 220 piezas arqueol\u00f3gicas del Patrimonio Cultural: Un triunfo para la historia y la cultura | Nexo Informativo Santiago de Quer\u00e9taro\" \/>\n<meta property=\"og:description\" content=\"M\u00e9xico recupera 220 piezas arqueol\u00f3gicas del Patrimonio Cultural: Un triunfo para la historia y la cultura\" \/>\n<meta property=\"og:url\" content=\"https:\/\/www.nexoinformativo.mx\/index.php\/2024\/11\/14\/mexico-recupera-220-piezas-arqueologicas-del-patrimonio-cultural-un-triunfo-para-la-historia-y-la-cultura\/\" \/>\n<meta property=\"og:site_name\" content=\"Nexo Informativo Santiago de Quer\u00e9taro\" \/>\n<meta property=\"article:publisher\" content=\"https:\/\/www.facebook.com\/people\/Nexo-Informativo\/61564066885511\/\" \/>\n<meta property=\"article:published_time\" content=\"2024-11-14T22:00:25+00:00\" \/>\n<meta property=\"article:modified_time\" content=\"2024-11-14T23:06:37+00:00\" \/>\n<meta property=\"og:image\" content=\"https:\/\/www.nexoinformativo.mx\/wp-content\/uploads\/2024\/11\/IMG_7794.jpg\" \/>\n\t<meta property=\"og:image:width\" content=\"552\" \/>\n\t<meta property=\"og:image:height\" content=\"367\" \/>\n\t<meta property=\"og:image:type\" content=\"image\/jpeg\" \/>\n<meta name=\"author\" content=\"Nexo Informativo\" \/>\n<meta name=\"twitter:card\" content=\"summary_large_image\" \/>\n<meta name=\"twitter:label1\" content=\"Escrito por\" \/>\n\t<meta name=\"twitter:data1\" content=\"Nexo Informativo\" \/>\n\t<meta name=\"twitter:label2\" content=\"Tiempo de lectura\" \/>\n\t<meta name=\"twitter:data2\" content=\"2 minutos\" \/>\n<script type=\"application\/ld+json\" class=\"yoast-schema-graph\">{\"@context\":\"https:\/\/schema.org\",\"@graph\":[{\"@type\":\"Article\",\"@id\":\"https:\/\/www.nexoinformativo.mx\/index.php\/2024\/11\/14\/mexico-recupera-220-piezas-arqueologicas-del-patrimonio-cultural-un-triunfo-para-la-historia-y-la-cultura\/#article\",\"isPartOf\":{\"@id\":\"https:\/\/www.nexoinformativo.mx\/index.php\/2024\/11\/14\/mexico-recupera-220-piezas-arqueologicas-del-patrimonio-cultural-un-triunfo-para-la-historia-y-la-cultura\/\"},\"author\":{\"name\":\"Nexo Informativo\",\"@id\":\"https:\/\/www.nexoinformativo.mx\/#\/schema\/person\/7749d380ba08c8ca00d7bc76fd907b7d\"},\"headline\":\"M\u00e9xico recupera 220 piezas arqueol\u00f3gicas del Patrimonio Cultural: Un triunfo para la historia y la cultura\",\"datePublished\":\"2024-11-14T22:00:25+00:00\",\"dateModified\":\"2024-11-14T23:06:37+00:00\",\"mainEntityOfPage\":{\"@id\":\"https:\/\/www.nexoinformativo.mx\/index.php\/2024\/11\/14\/mexico-recupera-220-piezas-arqueologicas-del-patrimonio-cultural-un-triunfo-para-la-historia-y-la-cultura\/\"},\"wordCount\":229,\"commentCount\":0,\"publisher\":{\"@id\":\"https:\/\/www.nexoinformativo.mx\/#organization\"},\"image\":{\"@id\":\"https:\/\/www.nexoinformativo.mx\/index.php\/2024\/11\/14\/mexico-recupera-220-piezas-arqueologicas-del-patrimonio-cultural-un-triunfo-para-la-historia-y-la-cultura\/#primaryimage\"},\"thumbnailUrl\":\"https:\/\/www.nexoinformativo.mx\/wp-content\/uploads\/2024\/11\/IMG_7794.jpg\",\"keywords\":[\"Arqueolog\u00eda\",\"M\u00e9xico\",\"PatrimonioCultural\",\"Repatriaci\u00f3n\"],\"articleSection\":[\"Nacional\",\"\u00daltima Hora\"],\"inLanguage\":\"es\",\"potentialAction\":[{\"@type\":\"CommentAction\",\"name\":\"Comment\",\"target\":[\"https:\/\/www.nexoinformativo.mx\/index.php\/2024\/11\/14\/mexico-recupera-220-piezas-arqueologicas-del-patrimonio-cultural-un-triunfo-para-la-historia-y-la-cultura\/#respond\"]}]},{\"@type\":\"WebPage\",\"@id\":\"https:\/\/www.nexoinformativo.mx\/index.php\/2024\/11\/14\/mexico-recupera-220-piezas-arqueologicas-del-patrimonio-cultural-un-triunfo-para-la-historia-y-la-cultura\/\",\"url\":\"https:\/\/www.nexoinformativo.mx\/index.php\/2024\/11\/14\/mexico-recupera-220-piezas-arqueologicas-del-patrimonio-cultural-un-triunfo-para-la-historia-y-la-cultura\/\",\"name\":\"M\u00e9xico recupera 220 piezas arqueol\u00f3gicas del Patrimonio Cultural: Un triunfo para la historia y la cultura | Nexo Informativo Santiago de Quer\u00e9taro\",\"isPartOf\":{\"@id\":\"https:\/\/www.nexoinformativo.mx\/#website\"},\"primaryImageOfPage\":{\"@id\":\"https:\/\/www.nexoinformativo.mx\/index.php\/2024\/11\/14\/mexico-recupera-220-piezas-arqueologicas-del-patrimonio-cultural-un-triunfo-para-la-historia-y-la-cultura\/#primaryimage\"},\"image\":{\"@id\":\"https:\/\/www.nexoinformativo.mx\/index.php\/2024\/11\/14\/mexico-recupera-220-piezas-arqueologicas-del-patrimonio-cultural-un-triunfo-para-la-historia-y-la-cultura\/#primaryimage\"},\"thumbnailUrl\":\"https:\/\/www.nexoinformativo.mx\/wp-content\/uploads\/2024\/11\/IMG_7794.jpg\",\"datePublished\":\"2024-11-14T22:00:25+00:00\",\"dateModified\":\"2024-11-14T23:06:37+00:00\",\"description\":\"M\u00e9xico recupera 220 piezas arqueol\u00f3gicas del Patrimonio Cultural: Un triunfo para la historia y la cultura\",\"breadcrumb\":{\"@id\":\"https:\/\/www.nexoinformativo.mx\/index.php\/2024\/11\/14\/mexico-recupera-220-piezas-arqueologicas-del-patrimonio-cultural-un-triunfo-para-la-historia-y-la-cultura\/#breadcrumb\"},\"inLanguage\":\"es\",\"potentialAction\":[{\"@type\":\"ReadAction\",\"target\":[\"https:\/\/www.nexoinformativo.mx\/index.php\/2024\/11\/14\/mexico-recupera-220-piezas-arqueologicas-del-patrimonio-cultural-un-triunfo-para-la-historia-y-la-cultura\/\"]}]},{\"@type\":\"ImageObject\",\"inLanguage\":\"es\",\"@id\":\"https:\/\/www.nexoinformativo.mx\/index.php\/2024\/11\/14\/mexico-recupera-220-piezas-arqueologicas-del-patrimonio-cultural-un-triunfo-para-la-historia-y-la-cultura\/#primaryimage\",\"url\":\"https:\/\/www.nexoinformativo.mx\/wp-content\/uploads\/2024\/11\/IMG_7794.jpg\",\"contentUrl\":\"https:\/\/www.nexoinformativo.mx\/wp-content\/uploads\/2024\/11\/IMG_7794.jpg\",\"width\":552,\"height\":367},{\"@type\":\"BreadcrumbList\",\"@id\":\"https:\/\/www.nexoinformativo.mx\/index.php\/2024\/11\/14\/mexico-recupera-220-piezas-arqueologicas-del-patrimonio-cultural-un-triunfo-para-la-historia-y-la-cultura\/#breadcrumb\",\"itemListElement\":[{\"@type\":\"ListItem\",\"position\":1,\"name\":\"Inicio\",\"item\":\"https:\/\/www.nexoinformativo.mx\/\"},{\"@type\":\"ListItem\",\"position\":2,\"name\":\"M\u00e9xico recupera 220 piezas arqueol\u00f3gicas del Patrimonio Cultural: Un triunfo para la historia y la cultura\"}]},{\"@type\":\"WebSite\",\"@id\":\"https:\/\/www.nexoinformativo.mx\/#website\",\"url\":\"https:\/\/www.nexoinformativo.mx\/\",\"name\":\"Nexo Informativo Santiago de Quer\u00e9taro\",\"description\":\"Explora NexoInformativo y convi\u00e9rtete en parte de una comunidad que valora el conocimiento y la verdad. Tu nexoinformativo es tu puente hacia una comprensi\u00f3n m\u00e1s profunda del mundo que te rodea.\",\"publisher\":{\"@id\":\"https:\/\/www.nexoinformativo.mx\/#organization\"},\"potentialAction\":[{\"@type\":\"SearchAction\",\"target\":{\"@type\":\"EntryPoint\",\"urlTemplate\":\"https:\/\/www.nexoinformativo.mx\/?s={search_term_string}\"},\"query-input\":{\"@type\":\"PropertyValueSpecification\",\"valueRequired\":true,\"valueName\":\"search_term_string\"}}],\"inLanguage\":\"es\"},{\"@type\":\"Organization\",\"@id\":\"https:\/\/www.nexoinformativo.mx\/#organization\",\"name\":\"Nexo Informativo Santiago de Quer\u00e9taro\",\"url\":\"https:\/\/www.nexoinformativo.mx\/\",\"logo\":{\"@type\":\"ImageObject\",\"inLanguage\":\"es\",\"@id\":\"https:\/\/www.nexoinformativo.mx\/#\/schema\/logo\/image\/\",\"url\":\"https:\/\/www.nexoinformativo.mx\/wp-content\/uploads\/2024\/07\/nexoi-trasparente-2.png\",\"contentUrl\":\"https:\/\/www.nexoinformativo.mx\/wp-content\/uploads\/2024\/07\/nexoi-trasparente-2.png\",\"width\":816,\"height\":339,\"caption\":\"Nexo Informativo Santiago de Quer\u00e9taro\"},\"image\":{\"@id\":\"https:\/\/www.nexoinformativo.mx\/#\/schema\/logo\/image\/\"},\"sameAs\":[\"https:\/\/www.facebook.com\/people\/Nexo-Informativo\/61564066885511\/\"]},{\"@type\":\"Person\",\"@id\":\"https:\/\/www.nexoinformativo.mx\/#\/schema\/person\/7749d380ba08c8ca00d7bc76fd907b7d\",\"name\":\"Nexo Informativo\",\"image\":{\"@type\":\"ImageObject\",\"inLanguage\":\"es\",\"@id\":\"https:\/\/www.nexoinformativo.mx\/#\/schema\/person\/image\/\",\"url\":\"https:\/\/secure.gravatar.com\/avatar\/dde2928154642a13d95f87ddf1ea9718fe2b46760a005c53e41ff5ad610704e6?s=96&d=mm&r=g\",\"contentUrl\":\"https:\/\/secure.gravatar.com\/avatar\/dde2928154642a13d95f87ddf1ea9718fe2b46760a005c53e41ff5ad610704e6?s=96&d=mm&r=g\",\"caption\":\"Nexo Informativo\"},\"url\":\"https:\/\/www.nexoinformativo.mx\/index.php\/author\/edicion\/\"}]}<\/script>\n<!-- \/ Yoast SEO plugin. -->","yoast_head_json":{"title":"M\u00e9xico recupera 220 piezas arqueol\u00f3gicas del Patrimonio Cultural: Un triunfo para la historia y la cultura | Nexo Informativo Santiago de Quer\u00e9taro","description":"M\u00e9xico recupera 220 piezas arqueol\u00f3gicas del Patrimonio Cultural: Un triunfo para la historia y la cultura","robots":{"index":"index","follow":"follow","max-snippet":"max-snippet:-1","max-image-preview":"max-image-preview:large","max-video-preview":"max-video-preview:-1"},"canonical":"https:\/\/www.nexoinformativo.mx\/index.php\/2024\/11\/14\/mexico-recupera-220-piezas-arqueologicas-del-patrimonio-cultural-un-triunfo-para-la-historia-y-la-cultura\/","og_locale":"es_MX","og_type":"article","og_title":"M\u00e9xico recupera 220 piezas arqueol\u00f3gicas del Patrimonio Cultural: Un triunfo para la historia y la cultura | Nexo Informativo Santiago de Quer\u00e9taro","og_description":"M\u00e9xico recupera 220 piezas arqueol\u00f3gicas del Patrimonio Cultural: Un triunfo para la historia y la cultura","og_url":"https:\/\/www.nexoinformativo.mx\/index.php\/2024\/11\/14\/mexico-recupera-220-piezas-arqueologicas-del-patrimonio-cultural-un-triunfo-para-la-historia-y-la-cultura\/","og_site_name":"Nexo Informativo Santiago de Quer\u00e9taro","article_publisher":"https:\/\/www.facebook.com\/people\/Nexo-Informativo\/61564066885511\/","article_published_time":"2024-11-14T22:00:25+00:00","article_modified_time":"2024-11-14T23:06:37+00:00","og_image":[{"width":552,"height":367,"url":"https:\/\/www.nexoinformativo.mx\/wp-content\/uploads\/2024\/11\/IMG_7794.jpg","type":"image\/jpeg"}],"author":"Nexo Informativo","twitter_card":"summary_large_image","twitter_misc":{"Escrito por":"Nexo Informativo","Tiempo de lectura":"2 minutos"},"schema":{"@context":"https:\/\/schema.org","@graph":[{"@type":"Article","@id":"https:\/\/www.nexoinformativo.mx\/index.php\/2024\/11\/14\/mexico-recupera-220-piezas-arqueologicas-del-patrimonio-cultural-un-triunfo-para-la-historia-y-la-cultura\/#article","isPartOf":{"@id":"https:\/\/www.nexoinformativo.mx\/index.php\/2024\/11\/14\/mexico-recupera-220-piezas-arqueologicas-del-patrimonio-cultural-un-triunfo-para-la-historia-y-la-cultura\/"},"author":{"name":"Nexo Informativo","@id":"https:\/\/www.nexoinformativo.mx\/#\/schema\/person\/7749d380ba08c8ca00d7bc76fd907b7d"},"headline":"M\u00e9xico recupera 220 piezas arqueol\u00f3gicas del Patrimonio Cultural: Un triunfo para la historia y la cultura","datePublished":"2024-11-14T22:00:25+00:00","dateModified":"2024-11-14T23:06:37+00:00","mainEntityOfPage":{"@id":"https:\/\/www.nexoinformativo.mx\/index.php\/2024\/11\/14\/mexico-recupera-220-piezas-arqueologicas-del-patrimonio-cultural-un-triunfo-para-la-historia-y-la-cultura\/"},"wordCount":229,"commentCount":0,"publisher":{"@id":"https:\/\/www.nexoinformativo.mx\/#organization"},"image":{"@id":"https:\/\/www.nexoinformativo.mx\/index.php\/2024\/11\/14\/mexico-recupera-220-piezas-arqueologicas-del-patrimonio-cultural-un-triunfo-para-la-historia-y-la-cultura\/#primaryimage"},"thumbnailUrl":"https:\/\/www.nexoinformativo.mx\/wp-content\/uploads\/2024\/11\/IMG_7794.jpg","keywords":["Arqueolog\u00eda","M\u00e9xico","PatrimonioCultural","Repatriaci\u00f3n"],"articleSection":["Nacional","\u00daltima Hora"],"inLanguage":"es","potentialAction":[{"@type":"CommentAction","name":"Comment","target":["https:\/\/www.nexoinformativo.mx\/index.php\/2024\/11\/14\/mexico-recupera-220-piezas-arqueologicas-del-patrimonio-cultural-un-triunfo-para-la-historia-y-la-cultura\/#respond"]}]},{"@type":"WebPage","@id":"https:\/\/www.nexoinformativo.mx\/index.php\/2024\/11\/14\/mexico-recupera-220-piezas-arqueologicas-del-patrimonio-cultural-un-triunfo-para-la-historia-y-la-cultura\/","url":"https:\/\/www.nexoinformativo.mx\/index.php\/2024\/11\/14\/mexico-recupera-220-piezas-arqueologicas-del-patrimonio-cultural-un-triunfo-para-la-historia-y-la-cultura\/","name":"M\u00e9xico recupera 220 piezas arqueol\u00f3gicas del Patrimonio Cultural: Un triunfo para la historia y la cultura | Nexo Informativo Santiago de Quer\u00e9taro","isPartOf":{"@id":"https:\/\/www.nexoinformativo.mx\/#website"},"primaryImageOfPage":{"@id":"https:\/\/www.nexoinformativo.mx\/index.php\/2024\/11\/14\/mexico-recupera-220-piezas-arqueologicas-del-patrimonio-cultural-un-triunfo-para-la-historia-y-la-cultura\/#primaryimage"},"image":{"@id":"https:\/\/www.nexoinformativo.mx\/index.php\/2024\/11\/14\/mexico-recupera-220-piezas-arqueologicas-del-patrimonio-cultural-un-triunfo-para-la-historia-y-la-cultura\/#primaryimage"},"thumbnailUrl":"https:\/\/www.nexoinformativo.mx\/wp-content\/uploads\/2024\/11\/IMG_7794.jpg","datePublished":"2024-11-14T22:00:25+00:00","dateModified":"2024-11-14T23:06:37+00:00","description":"M\u00e9xico recupera 220 piezas arqueol\u00f3gicas del Patrimonio Cultural: Un triunfo para la historia y la cultura","breadcrumb":{"@id":"https:\/\/www.nexoinformativo.mx\/index.php\/2024\/11\/14\/mexico-recupera-220-piezas-arqueologicas-del-patrimonio-cultural-un-triunfo-para-la-historia-y-la-cultura\/#breadcrumb"},"inLanguage":"es","potentialAction":[{"@type":"ReadAction","target":["https:\/\/www.nexoinformativo.mx\/index.php\/2024\/11\/14\/mexico-recupera-220-piezas-arqueologicas-del-patrimonio-cultural-un-triunfo-para-la-historia-y-la-cultura\/"]}]},{"@type":"ImageObject","inLanguage":"es","@id":"https:\/\/www.nexoinformativo.mx\/index.php\/2024\/11\/14\/mexico-recupera-220-piezas-arqueologicas-del-patrimonio-cultural-un-triunfo-para-la-historia-y-la-cultura\/#primaryimage","url":"https:\/\/www.nexoinformativo.mx\/wp-content\/uploads\/2024\/11\/IMG_7794.jpg","contentUrl":"https:\/\/www.nexoinformativo.mx\/wp-content\/uploads\/2024\/11\/IMG_7794.jpg","width":552,"height":367},{"@type":"BreadcrumbList","@id":"https:\/\/www.nexoinformativo.mx\/index.php\/2024\/11\/14\/mexico-recupera-220-piezas-arqueologicas-del-patrimonio-cultural-un-triunfo-para-la-historia-y-la-cultura\/#breadcrumb","itemListElement":[{"@type":"ListItem","position":1,"name":"Inicio","item":"https:\/\/www.nexoinformativo.mx\/"},{"@type":"ListItem","position":2,"name":"M\u00e9xico recupera 220 piezas arqueol\u00f3gicas del Patrimonio Cultural: Un triunfo para la historia y la cultura"}]},{"@type":"WebSite","@id":"https:\/\/www.nexoinformativo.mx\/#website","url":"https:\/\/www.nexoinformativo.mx\/","name":"Nexo Informativo Santiago de Quer\u00e9taro","description":"Explora NexoInformativo y convi\u00e9rtete en parte de una comunidad que valora el conocimiento y la verdad. Tu nexoinformativo es tu puente hacia una comprensi\u00f3n m\u00e1s profunda del mundo que te rodea.","publisher":{"@id":"https:\/\/www.nexoinformativo.mx\/#organization"},"potentialAction":[{"@type":"SearchAction","target":{"@type":"EntryPoint","urlTemplate":"https:\/\/www.nexoinformativo.mx\/?s={search_term_string}"},"query-input":{"@type":"PropertyValueSpecification","valueRequired":true,"valueName":"search_term_string"}}],"inLanguage":"es"},{"@type":"Organization","@id":"https:\/\/www.nexoinformativo.mx\/#organization","name":"Nexo Informativo Santiago de Quer\u00e9taro","url":"https:\/\/www.nexoinformativo.mx\/","logo":{"@type":"ImageObject","inLanguage":"es","@id":"https:\/\/www.nexoinformativo.mx\/#\/schema\/logo\/image\/","url":"https:\/\/www.nexoinformativo.mx\/wp-content\/uploads\/2024\/07\/nexoi-trasparente-2.png","contentUrl":"https:\/\/www.nexoinformativo.mx\/wp-content\/uploads\/2024\/07\/nexoi-trasparente-2.png","width":816,"height":339,"caption":"Nexo Informativo Santiago de Quer\u00e9taro"},"image":{"@id":"https:\/\/www.nexoinformativo.mx\/#\/schema\/logo\/image\/"},"sameAs":["https:\/\/www.facebook.com\/people\/Nexo-Informativo\/61564066885511\/"]},{"@type":"Person","@id":"https:\/\/www.nexoinformativo.mx\/#\/schema\/person\/7749d380ba08c8ca00d7bc76fd907b7d","name":"Nexo Informativo","image":{"@type":"ImageObject","inLanguage":"es","@id":"https:\/\/www.nexoinformativo.mx\/#\/schema\/person\/image\/","url":"https:\/\/secure.gravatar.com\/avatar\/dde2928154642a13d95f87ddf1ea9718fe2b46760a005c53e41ff5ad610704e6?s=96&d=mm&r=g","contentUrl":"https:\/\/secure.gravatar.com\/avatar\/dde2928154642a13d95f87ddf1ea9718fe2b46760a005c53e41ff5ad610704e6?s=96&d=mm&r=g","caption":"Nexo Informativo"},"url":"https:\/\/www.nexoinformativo.mx\/index.php\/author\/edicion\/"}]}},"_links":{"self":[{"href":"https:\/\/www.nexoinformativo.mx\/index.php\/wp-json\/wp\/v2\/posts\/6093","targetHints":{"allow":["GET"]}}],"collection":[{"href":"https:\/\/www.nexoinformativo.mx\/index.php\/wp-json\/wp\/v2\/posts"}],"about":[{"href":"https:\/\/www.nexoinformativo.mx\/index.php\/wp-json\/wp\/v2\/types\/post"}],"author":[{"embeddable":true,"href":"https:\/\/www.nexoinformativo.mx\/index.php\/wp-json\/wp\/v2\/users\/3"}],"replies":[{"embeddable":true,"href":"https:\/\/www.nexoinformativo.mx\/index.php\/wp-json\/wp\/v2\/comments?post=6093"}],"version-history":[{"count":3,"href":"https:\/\/www.nexoinformativo.mx\/index.php\/wp-json\/wp\/v2\/posts\/6093\/revisions"}],"predecessor-version":[{"id":6097,"href":"https:\/\/www.nexoinformativo.mx\/index.php\/wp-json\/wp\/v2\/posts\/6093\/revisions\/6097"}],"wp:featuredmedia":[{"embeddable":true,"href":"https:\/\/www.nexoinformativo.mx\/index.php\/wp-json\/wp\/v2\/media\/6094"}],"wp:attachment":[{"href":"https:\/\/www.nexoinformativo.mx\/index.php\/wp-json\/wp\/v2\/media?parent=6093"}],"wp:term":[{"taxonomy":"category","embeddable":true,"href":"https:\/\/www.nexoinformativo.mx\/index.php\/wp-json\/wp\/v2\/categories?post=6093"},{"taxonomy":"post_tag","embeddable":true,"href":"https:\/\/www.nexoinformativo.mx\/index.php\/wp-json\/wp\/v2\/tags?post=6093"}],"curies":[{"name":"wp","href":"https:\/\/api.w.org\/{rel}","templated":true}]}}