{"id":6099,"date":"2024-11-14T18:00:46","date_gmt":"2024-11-15T00:00:46","guid":{"rendered":"https:\/\/www.nexoinformativo.mx\/?p=6099"},"modified":"2024-11-14T18:19:57","modified_gmt":"2024-11-15T00:19:57","slug":"recuperan-6-autos-robados-en-queretaro-fuerte-golpe-al-robo-de-vehiculos","status":"publish","type":"post","link":"https:\/\/www.nexoinformativo.mx\/index.php\/2024\/11\/14\/recuperan-6-autos-robados-en-queretaro-fuerte-golpe-al-robo-de-vehiculos\/","title":{"rendered":"\u00a1Recuperan 6 autos robados en Quer\u00e9taro! Fuerte golpe al robo de veh\u00edculos"},"content":{"rendered":"<p style=\"text-align: justify;\" data-sourcepos=\"9:1-9:176\">La Fiscal\u00eda General del Estado de Quer\u00e9taro logr\u00f3 un importante golpe al robo de veh\u00edculos tras ejecutar una orden de cateo en un inmueble ubicado en la colonia Eduardo Loarca.<\/p>\n<p>&nbsp;<\/p>\n<p style=\"text-align: justify;\" data-sourcepos=\"11:1-11:220\">En esta acci\u00f3n, elementos de la Polic\u00eda de Investigaci\u00f3n del Delito localizaron y aseguraron seis veh\u00edculos, tres de los cuales contaban con reporte de robo vigente y otros tres con alteraciones en sus n\u00fameros de serie.<\/p>\n<p>&nbsp;<\/p>\n<p style=\"text-align: justify;\" data-sourcepos=\"13:1-13:205\">Las diligencias se realizaron en seguimiento a una investigaci\u00f3n por el robo de un veh\u00edculo, lo que permiti\u00f3 a las autoridades dar con este inmueble donde operaba una banda dedicada al robo de autom\u00f3viles.<\/p>\n<p>&nbsp;<\/p>\n<p style=\"text-align: justify;\" data-sourcepos=\"15:1-15:151\">Los veh\u00edculos recuperados fueron trasladados a las instalaciones de la Fiscal\u00eda para su resguardo y continuar con las investigaciones correspondientes.<\/p>\n<p>&nbsp;<\/p>\n<p style=\"text-align: justify;\" data-sourcepos=\"17:1-17:235\">Este operativo demuestra el compromiso de las autoridades por combatir el robo de veh\u00edculos y devolver los autom\u00f3viles a sus leg\u00edtimos propietarios. Se espera que con estas acciones se logre disminuir los \u00edndices de robo en la entidad.<\/p>\n<p>&nbsp;<\/p>\n<p style=\"text-align: center;\" data-sourcepos=\"17:1-17:235\"><em><strong>\u00a1Informaci\u00f3n que transforma!<\/strong><\/em><\/p>\n","protected":false},"excerpt":{"rendered":"<p>La Fiscal\u00eda General del Estado de Quer\u00e9taro logr\u00f3 un importante golpe al robo de veh\u00edculos tras ejecutar una orden de cateo en un inmueble ubicado en la colonia Eduardo Loarca.<\/p>\n","protected":false},"author":3,"featured_media":6100,"comment_status":"open","ping_status":"open","sticky":false,"template":"","format":"standard","meta":{"footnotes":""},"categories":[137,58],"tags":[130,133,2071,305],"class_list":["post-6099","post","type-post","status-publish","format-standard","has-post-thumbnail","hentry","category-sucesos","category-ultima-hora","tag-fiscalia","tag-queretaro","tag-recuperaciondevehiculos","tag-robodevehiculos"],"yoast_head":"<!-- This site is optimized with the Yoast SEO plugin v25.0 - https:\/\/yoast.com\/wordpress\/plugins\/seo\/ -->\n<title>\u00a1Recuperan 6 autos robados en Quer\u00e9taro! Fuerte golpe al robo de veh\u00edculos | Nexo Informativo Santiago de Quer\u00e9taro<\/title>\n<meta name=\"description\" content=\"\u00a1Recuperan 6 autos robados en Quer\u00e9taro! Fuerte golpe al robo de veh\u00edculos\" \/>\n<meta name=\"robots\" content=\"index, follow, max-snippet:-1, max-image-preview:large, max-video-preview:-1\" \/>\n<link rel=\"canonical\" href=\"https:\/\/www.nexoinformativo.mx\/index.php\/2024\/11\/14\/recuperan-6-autos-robados-en-queretaro-fuerte-golpe-al-robo-de-vehiculos\/\" \/>\n<meta property=\"og:locale\" content=\"es_MX\" \/>\n<meta property=\"og:type\" content=\"article\" \/>\n<meta property=\"og:title\" content=\"\u00a1Recuperan 6 autos robados en Quer\u00e9taro! Fuerte golpe al robo de veh\u00edculos | Nexo Informativo Santiago de Quer\u00e9taro\" \/>\n<meta property=\"og:description\" content=\"\u00a1Recuperan 6 autos robados en Quer\u00e9taro! Fuerte golpe al robo de veh\u00edculos\" \/>\n<meta property=\"og:url\" content=\"https:\/\/www.nexoinformativo.mx\/index.php\/2024\/11\/14\/recuperan-6-autos-robados-en-queretaro-fuerte-golpe-al-robo-de-vehiculos\/\" \/>\n<meta property=\"og:site_name\" content=\"Nexo Informativo Santiago de Quer\u00e9taro\" \/>\n<meta property=\"article:publisher\" content=\"https:\/\/www.facebook.com\/people\/Nexo-Informativo\/61564066885511\/\" \/>\n<meta property=\"article:published_time\" content=\"2024-11-15T00:00:46+00:00\" \/>\n<meta property=\"article:modified_time\" content=\"2024-11-15T00:19:57+00:00\" \/>\n<meta property=\"og:image\" content=\"https:\/\/www.nexoinformativo.mx\/wp-content\/uploads\/2024\/11\/PHOTO-2024-11-14-17-41-31-e1731629853551.jpg\" \/>\n\t<meta property=\"og:image:width\" content=\"700\" \/>\n\t<meta property=\"og:image:height\" content=\"441\" \/>\n\t<meta property=\"og:image:type\" content=\"image\/jpeg\" \/>\n<meta name=\"author\" content=\"Nexo Informativo\" \/>\n<meta name=\"twitter:card\" content=\"summary_large_image\" \/>\n<meta name=\"twitter:label1\" content=\"Escrito por\" \/>\n\t<meta name=\"twitter:data1\" content=\"Nexo Informativo\" \/>\n\t<meta name=\"twitter:label2\" content=\"Tiempo de lectura\" \/>\n\t<meta name=\"twitter:data2\" content=\"1 minuto\" \/>\n<script type=\"application\/ld+json\" class=\"yoast-schema-graph\">{\"@context\":\"https:\/\/schema.org\",\"@graph\":[{\"@type\":\"Article\",\"@id\":\"https:\/\/www.nexoinformativo.mx\/index.php\/2024\/11\/14\/recuperan-6-autos-robados-en-queretaro-fuerte-golpe-al-robo-de-vehiculos\/#article\",\"isPartOf\":{\"@id\":\"https:\/\/www.nexoinformativo.mx\/index.php\/2024\/11\/14\/recuperan-6-autos-robados-en-queretaro-fuerte-golpe-al-robo-de-vehiculos\/\"},\"author\":{\"name\":\"Nexo Informativo\",\"@id\":\"https:\/\/www.nexoinformativo.mx\/#\/schema\/person\/7749d380ba08c8ca00d7bc76fd907b7d\"},\"headline\":\"\u00a1Recuperan 6 autos robados en Quer\u00e9taro! Fuerte golpe al robo de veh\u00edculos\",\"datePublished\":\"2024-11-15T00:00:46+00:00\",\"dateModified\":\"2024-11-15T00:19:57+00:00\",\"mainEntityOfPage\":{\"@id\":\"https:\/\/www.nexoinformativo.mx\/index.php\/2024\/11\/14\/recuperan-6-autos-robados-en-queretaro-fuerte-golpe-al-robo-de-vehiculos\/\"},\"wordCount\":196,\"commentCount\":0,\"publisher\":{\"@id\":\"https:\/\/www.nexoinformativo.mx\/#organization\"},\"image\":{\"@id\":\"https:\/\/www.nexoinformativo.mx\/index.php\/2024\/11\/14\/recuperan-6-autos-robados-en-queretaro-fuerte-golpe-al-robo-de-vehiculos\/#primaryimage\"},\"thumbnailUrl\":\"https:\/\/www.nexoinformativo.mx\/wp-content\/uploads\/2024\/11\/PHOTO-2024-11-14-17-41-31-e1731629853551.jpg\",\"keywords\":[\"Fiscal\u00eda\",\"Quer\u00e9taro\",\"Recuperaci\u00f3nDeVeh\u00edculos\",\"RoboDeVeh\u00edculos\"],\"articleSection\":[\"Sucesos\",\"\u00daltima Hora\"],\"inLanguage\":\"es\",\"potentialAction\":[{\"@type\":\"CommentAction\",\"name\":\"Comment\",\"target\":[\"https:\/\/www.nexoinformativo.mx\/index.php\/2024\/11\/14\/recuperan-6-autos-robados-en-queretaro-fuerte-golpe-al-robo-de-vehiculos\/#respond\"]}]},{\"@type\":\"WebPage\",\"@id\":\"https:\/\/www.nexoinformativo.mx\/index.php\/2024\/11\/14\/recuperan-6-autos-robados-en-queretaro-fuerte-golpe-al-robo-de-vehiculos\/\",\"url\":\"https:\/\/www.nexoinformativo.mx\/index.php\/2024\/11\/14\/recuperan-6-autos-robados-en-queretaro-fuerte-golpe-al-robo-de-vehiculos\/\",\"name\":\"\u00a1Recuperan 6 autos robados en Quer\u00e9taro! Fuerte golpe al robo de veh\u00edculos | Nexo Informativo Santiago de Quer\u00e9taro\",\"isPartOf\":{\"@id\":\"https:\/\/www.nexoinformativo.mx\/#website\"},\"primaryImageOfPage\":{\"@id\":\"https:\/\/www.nexoinformativo.mx\/index.php\/2024\/11\/14\/recuperan-6-autos-robados-en-queretaro-fuerte-golpe-al-robo-de-vehiculos\/#primaryimage\"},\"image\":{\"@id\":\"https:\/\/www.nexoinformativo.mx\/index.php\/2024\/11\/14\/recuperan-6-autos-robados-en-queretaro-fuerte-golpe-al-robo-de-vehiculos\/#primaryimage\"},\"thumbnailUrl\":\"https:\/\/www.nexoinformativo.mx\/wp-content\/uploads\/2024\/11\/PHOTO-2024-11-14-17-41-31-e1731629853551.jpg\",\"datePublished\":\"2024-11-15T00:00:46+00:00\",\"dateModified\":\"2024-11-15T00:19:57+00:00\",\"description\":\"\u00a1Recuperan 6 autos robados en Quer\u00e9taro! Fuerte golpe al robo de veh\u00edculos\",\"breadcrumb\":{\"@id\":\"https:\/\/www.nexoinformativo.mx\/index.php\/2024\/11\/14\/recuperan-6-autos-robados-en-queretaro-fuerte-golpe-al-robo-de-vehiculos\/#breadcrumb\"},\"inLanguage\":\"es\",\"potentialAction\":[{\"@type\":\"ReadAction\",\"target\":[\"https:\/\/www.nexoinformativo.mx\/index.php\/2024\/11\/14\/recuperan-6-autos-robados-en-queretaro-fuerte-golpe-al-robo-de-vehiculos\/\"]}]},{\"@type\":\"ImageObject\",\"inLanguage\":\"es\",\"@id\":\"https:\/\/www.nexoinformativo.mx\/index.php\/2024\/11\/14\/recuperan-6-autos-robados-en-queretaro-fuerte-golpe-al-robo-de-vehiculos\/#primaryimage\",\"url\":\"https:\/\/www.nexoinformativo.mx\/wp-content\/uploads\/2024\/11\/PHOTO-2024-11-14-17-41-31-e1731629853551.jpg\",\"contentUrl\":\"https:\/\/www.nexoinformativo.mx\/wp-content\/uploads\/2024\/11\/PHOTO-2024-11-14-17-41-31-e1731629853551.jpg\",\"width\":700,\"height\":441},{\"@type\":\"BreadcrumbList\",\"@id\":\"https:\/\/www.nexoinformativo.mx\/index.php\/2024\/11\/14\/recuperan-6-autos-robados-en-queretaro-fuerte-golpe-al-robo-de-vehiculos\/#breadcrumb\",\"itemListElement\":[{\"@type\":\"ListItem\",\"position\":1,\"name\":\"Inicio\",\"item\":\"https:\/\/www.nexoinformativo.mx\/\"},{\"@type\":\"ListItem\",\"position\":2,\"name\":\"\u00a1Recuperan 6 autos robados en Quer\u00e9taro! Fuerte golpe al robo de veh\u00edculos\"}]},{\"@type\":\"WebSite\",\"@id\":\"https:\/\/www.nexoinformativo.mx\/#website\",\"url\":\"https:\/\/www.nexoinformativo.mx\/\",\"name\":\"Nexo Informativo Santiago de Quer\u00e9taro\",\"description\":\"Explora NexoInformativo y convi\u00e9rtete en parte de una comunidad que valora el conocimiento y la verdad. Tu nexoinformativo es tu puente hacia una comprensi\u00f3n m\u00e1s profunda del mundo que te rodea.\",\"publisher\":{\"@id\":\"https:\/\/www.nexoinformativo.mx\/#organization\"},\"potentialAction\":[{\"@type\":\"SearchAction\",\"target\":{\"@type\":\"EntryPoint\",\"urlTemplate\":\"https:\/\/www.nexoinformativo.mx\/?s={search_term_string}\"},\"query-input\":{\"@type\":\"PropertyValueSpecification\",\"valueRequired\":true,\"valueName\":\"search_term_string\"}}],\"inLanguage\":\"es\"},{\"@type\":\"Organization\",\"@id\":\"https:\/\/www.nexoinformativo.mx\/#organization\",\"name\":\"Nexo Informativo Santiago de Quer\u00e9taro\",\"url\":\"https:\/\/www.nexoinformativo.mx\/\",\"logo\":{\"@type\":\"ImageObject\",\"inLanguage\":\"es\",\"@id\":\"https:\/\/www.nexoinformativo.mx\/#\/schema\/logo\/image\/\",\"url\":\"https:\/\/www.nexoinformativo.mx\/wp-content\/uploads\/2024\/07\/nexoi-trasparente-2.png\",\"contentUrl\":\"https:\/\/www.nexoinformativo.mx\/wp-content\/uploads\/2024\/07\/nexoi-trasparente-2.png\",\"width\":816,\"height\":339,\"caption\":\"Nexo Informativo Santiago de Quer\u00e9taro\"},\"image\":{\"@id\":\"https:\/\/www.nexoinformativo.mx\/#\/schema\/logo\/image\/\"},\"sameAs\":[\"https:\/\/www.facebook.com\/people\/Nexo-Informativo\/61564066885511\/\"]},{\"@type\":\"Person\",\"@id\":\"https:\/\/www.nexoinformativo.mx\/#\/schema\/person\/7749d380ba08c8ca00d7bc76fd907b7d\",\"name\":\"Nexo Informativo\",\"image\":{\"@type\":\"ImageObject\",\"inLanguage\":\"es\",\"@id\":\"https:\/\/www.nexoinformativo.mx\/#\/schema\/person\/image\/\",\"url\":\"https:\/\/secure.gravatar.com\/avatar\/dde2928154642a13d95f87ddf1ea9718fe2b46760a005c53e41ff5ad610704e6?s=96&d=mm&r=g\",\"contentUrl\":\"https:\/\/secure.gravatar.com\/avatar\/dde2928154642a13d95f87ddf1ea9718fe2b46760a005c53e41ff5ad610704e6?s=96&d=mm&r=g\",\"caption\":\"Nexo Informativo\"},\"url\":\"https:\/\/www.nexoinformativo.mx\/index.php\/author\/edicion\/\"}]}<\/script>\n<!-- \/ Yoast SEO plugin. -->","yoast_head_json":{"title":"\u00a1Recuperan 6 autos robados en Quer\u00e9taro! Fuerte golpe al robo de veh\u00edculos | Nexo Informativo Santiago de Quer\u00e9taro","description":"\u00a1Recuperan 6 autos robados en Quer\u00e9taro! Fuerte golpe al robo de veh\u00edculos","robots":{"index":"index","follow":"follow","max-snippet":"max-snippet:-1","max-image-preview":"max-image-preview:large","max-video-preview":"max-video-preview:-1"},"canonical":"https:\/\/www.nexoinformativo.mx\/index.php\/2024\/11\/14\/recuperan-6-autos-robados-en-queretaro-fuerte-golpe-al-robo-de-vehiculos\/","og_locale":"es_MX","og_type":"article","og_title":"\u00a1Recuperan 6 autos robados en Quer\u00e9taro! Fuerte golpe al robo de veh\u00edculos | Nexo Informativo Santiago de Quer\u00e9taro","og_description":"\u00a1Recuperan 6 autos robados en Quer\u00e9taro! Fuerte golpe al robo de veh\u00edculos","og_url":"https:\/\/www.nexoinformativo.mx\/index.php\/2024\/11\/14\/recuperan-6-autos-robados-en-queretaro-fuerte-golpe-al-robo-de-vehiculos\/","og_site_name":"Nexo Informativo Santiago de Quer\u00e9taro","article_publisher":"https:\/\/www.facebook.com\/people\/Nexo-Informativo\/61564066885511\/","article_published_time":"2024-11-15T00:00:46+00:00","article_modified_time":"2024-11-15T00:19:57+00:00","og_image":[{"width":700,"height":441,"url":"https:\/\/www.nexoinformativo.mx\/wp-content\/uploads\/2024\/11\/PHOTO-2024-11-14-17-41-31-e1731629853551.jpg","type":"image\/jpeg"}],"author":"Nexo Informativo","twitter_card":"summary_large_image","twitter_misc":{"Escrito por":"Nexo Informativo","Tiempo de lectura":"1 minuto"},"schema":{"@context":"https:\/\/schema.org","@graph":[{"@type":"Article","@id":"https:\/\/www.nexoinformativo.mx\/index.php\/2024\/11\/14\/recuperan-6-autos-robados-en-queretaro-fuerte-golpe-al-robo-de-vehiculos\/#article","isPartOf":{"@id":"https:\/\/www.nexoinformativo.mx\/index.php\/2024\/11\/14\/recuperan-6-autos-robados-en-queretaro-fuerte-golpe-al-robo-de-vehiculos\/"},"author":{"name":"Nexo Informativo","@id":"https:\/\/www.nexoinformativo.mx\/#\/schema\/person\/7749d380ba08c8ca00d7bc76fd907b7d"},"headline":"\u00a1Recuperan 6 autos robados en Quer\u00e9taro! Fuerte golpe al robo de veh\u00edculos","datePublished":"2024-11-15T00:00:46+00:00","dateModified":"2024-11-15T00:19:57+00:00","mainEntityOfPage":{"@id":"https:\/\/www.nexoinformativo.mx\/index.php\/2024\/11\/14\/recuperan-6-autos-robados-en-queretaro-fuerte-golpe-al-robo-de-vehiculos\/"},"wordCount":196,"commentCount":0,"publisher":{"@id":"https:\/\/www.nexoinformativo.mx\/#organization"},"image":{"@id":"https:\/\/www.nexoinformativo.mx\/index.php\/2024\/11\/14\/recuperan-6-autos-robados-en-queretaro-fuerte-golpe-al-robo-de-vehiculos\/#primaryimage"},"thumbnailUrl":"https:\/\/www.nexoinformativo.mx\/wp-content\/uploads\/2024\/11\/PHOTO-2024-11-14-17-41-31-e1731629853551.jpg","keywords":["Fiscal\u00eda","Quer\u00e9taro","Recuperaci\u00f3nDeVeh\u00edculos","RoboDeVeh\u00edculos"],"articleSection":["Sucesos","\u00daltima Hora"],"inLanguage":"es","potentialAction":[{"@type":"CommentAction","name":"Comment","target":["https:\/\/www.nexoinformativo.mx\/index.php\/2024\/11\/14\/recuperan-6-autos-robados-en-queretaro-fuerte-golpe-al-robo-de-vehiculos\/#respond"]}]},{"@type":"WebPage","@id":"https:\/\/www.nexoinformativo.mx\/index.php\/2024\/11\/14\/recuperan-6-autos-robados-en-queretaro-fuerte-golpe-al-robo-de-vehiculos\/","url":"https:\/\/www.nexoinformativo.mx\/index.php\/2024\/11\/14\/recuperan-6-autos-robados-en-queretaro-fuerte-golpe-al-robo-de-vehiculos\/","name":"\u00a1Recuperan 6 autos robados en Quer\u00e9taro! Fuerte golpe al robo de veh\u00edculos | Nexo Informativo Santiago de Quer\u00e9taro","isPartOf":{"@id":"https:\/\/www.nexoinformativo.mx\/#website"},"primaryImageOfPage":{"@id":"https:\/\/www.nexoinformativo.mx\/index.php\/2024\/11\/14\/recuperan-6-autos-robados-en-queretaro-fuerte-golpe-al-robo-de-vehiculos\/#primaryimage"},"image":{"@id":"https:\/\/www.nexoinformativo.mx\/index.php\/2024\/11\/14\/recuperan-6-autos-robados-en-queretaro-fuerte-golpe-al-robo-de-vehiculos\/#primaryimage"},"thumbnailUrl":"https:\/\/www.nexoinformativo.mx\/wp-content\/uploads\/2024\/11\/PHOTO-2024-11-14-17-41-31-e1731629853551.jpg","datePublished":"2024-11-15T00:00:46+00:00","dateModified":"2024-11-15T00:19:57+00:00","description":"\u00a1Recuperan 6 autos robados en Quer\u00e9taro! Fuerte golpe al robo de veh\u00edculos","breadcrumb":{"@id":"https:\/\/www.nexoinformativo.mx\/index.php\/2024\/11\/14\/recuperan-6-autos-robados-en-queretaro-fuerte-golpe-al-robo-de-vehiculos\/#breadcrumb"},"inLanguage":"es","potentialAction":[{"@type":"ReadAction","target":["https:\/\/www.nexoinformativo.mx\/index.php\/2024\/11\/14\/recuperan-6-autos-robados-en-queretaro-fuerte-golpe-al-robo-de-vehiculos\/"]}]},{"@type":"ImageObject","inLanguage":"es","@id":"https:\/\/www.nexoinformativo.mx\/index.php\/2024\/11\/14\/recuperan-6-autos-robados-en-queretaro-fuerte-golpe-al-robo-de-vehiculos\/#primaryimage","url":"https:\/\/www.nexoinformativo.mx\/wp-content\/uploads\/2024\/11\/PHOTO-2024-11-14-17-41-31-e1731629853551.jpg","contentUrl":"https:\/\/www.nexoinformativo.mx\/wp-content\/uploads\/2024\/11\/PHOTO-2024-11-14-17-41-31-e1731629853551.jpg","width":700,"height":441},{"@type":"BreadcrumbList","@id":"https:\/\/www.nexoinformativo.mx\/index.php\/2024\/11\/14\/recuperan-6-autos-robados-en-queretaro-fuerte-golpe-al-robo-de-vehiculos\/#breadcrumb","itemListElement":[{"@type":"ListItem","position":1,"name":"Inicio","item":"https:\/\/www.nexoinformativo.mx\/"},{"@type":"ListItem","position":2,"name":"\u00a1Recuperan 6 autos robados en Quer\u00e9taro! Fuerte golpe al robo de veh\u00edculos"}]},{"@type":"WebSite","@id":"https:\/\/www.nexoinformativo.mx\/#website","url":"https:\/\/www.nexoinformativo.mx\/","name":"Nexo Informativo Santiago de Quer\u00e9taro","description":"Explora NexoInformativo y convi\u00e9rtete en parte de una comunidad que valora el conocimiento y la verdad. Tu nexoinformativo es tu puente hacia una comprensi\u00f3n m\u00e1s profunda del mundo que te rodea.","publisher":{"@id":"https:\/\/www.nexoinformativo.mx\/#organization"},"potentialAction":[{"@type":"SearchAction","target":{"@type":"EntryPoint","urlTemplate":"https:\/\/www.nexoinformativo.mx\/?s={search_term_string}"},"query-input":{"@type":"PropertyValueSpecification","valueRequired":true,"valueName":"search_term_string"}}],"inLanguage":"es"},{"@type":"Organization","@id":"https:\/\/www.nexoinformativo.mx\/#organization","name":"Nexo Informativo Santiago de Quer\u00e9taro","url":"https:\/\/www.nexoinformativo.mx\/","logo":{"@type":"ImageObject","inLanguage":"es","@id":"https:\/\/www.nexoinformativo.mx\/#\/schema\/logo\/image\/","url":"https:\/\/www.nexoinformativo.mx\/wp-content\/uploads\/2024\/07\/nexoi-trasparente-2.png","contentUrl":"https:\/\/www.nexoinformativo.mx\/wp-content\/uploads\/2024\/07\/nexoi-trasparente-2.png","width":816,"height":339,"caption":"Nexo Informativo Santiago de Quer\u00e9taro"},"image":{"@id":"https:\/\/www.nexoinformativo.mx\/#\/schema\/logo\/image\/"},"sameAs":["https:\/\/www.facebook.com\/people\/Nexo-Informativo\/61564066885511\/"]},{"@type":"Person","@id":"https:\/\/www.nexoinformativo.mx\/#\/schema\/person\/7749d380ba08c8ca00d7bc76fd907b7d","name":"Nexo Informativo","image":{"@type":"ImageObject","inLanguage":"es","@id":"https:\/\/www.nexoinformativo.mx\/#\/schema\/person\/image\/","url":"https:\/\/secure.gravatar.com\/avatar\/dde2928154642a13d95f87ddf1ea9718fe2b46760a005c53e41ff5ad610704e6?s=96&d=mm&r=g","contentUrl":"https:\/\/secure.gravatar.com\/avatar\/dde2928154642a13d95f87ddf1ea9718fe2b46760a005c53e41ff5ad610704e6?s=96&d=mm&r=g","caption":"Nexo Informativo"},"url":"https:\/\/www.nexoinformativo.mx\/index.php\/author\/edicion\/"}]}},"_links":{"self":[{"href":"https:\/\/www.nexoinformativo.mx\/index.php\/wp-json\/wp\/v2\/posts\/6099","targetHints":{"allow":["GET"]}}],"collection":[{"href":"https:\/\/www.nexoinformativo.mx\/index.php\/wp-json\/wp\/v2\/posts"}],"about":[{"href":"https:\/\/www.nexoinformativo.mx\/index.php\/wp-json\/wp\/v2\/types\/post"}],"author":[{"embeddable":true,"href":"https:\/\/www.nexoinformativo.mx\/index.php\/wp-json\/wp\/v2\/users\/3"}],"replies":[{"embeddable":true,"href":"https:\/\/www.nexoinformativo.mx\/index.php\/wp-json\/wp\/v2\/comments?post=6099"}],"version-history":[{"count":3,"href":"https:\/\/www.nexoinformativo.mx\/index.php\/wp-json\/wp\/v2\/posts\/6099\/revisions"}],"predecessor-version":[{"id":6103,"href":"https:\/\/www.nexoinformativo.mx\/index.php\/wp-json\/wp\/v2\/posts\/6099\/revisions\/6103"}],"wp:featuredmedia":[{"embeddable":true,"href":"https:\/\/www.nexoinformativo.mx\/index.php\/wp-json\/wp\/v2\/media\/6100"}],"wp:attachment":[{"href":"https:\/\/www.nexoinformativo.mx\/index.php\/wp-json\/wp\/v2\/media?parent=6099"}],"wp:term":[{"taxonomy":"category","embeddable":true,"href":"https:\/\/www.nexoinformativo.mx\/index.php\/wp-json\/wp\/v2\/categories?post=6099"},{"taxonomy":"post_tag","embeddable":true,"href":"https:\/\/www.nexoinformativo.mx\/index.php\/wp-json\/wp\/v2\/tags?post=6099"}],"curies":[{"name":"wp","href":"https:\/\/api.w.org\/{rel}","templated":true}]}}