{"id":6115,"date":"2024-11-15T07:40:01","date_gmt":"2024-11-15T13:40:01","guid":{"rendered":"https:\/\/www.nexoinformativo.mx\/?p=6115"},"modified":"2024-11-15T08:51:43","modified_gmt":"2024-11-15T14:51:43","slug":"moodys-cambia-a-negativa-la-perspectiva-de-mexico-antes-del-paquete-economico-2025","status":"publish","type":"post","link":"https:\/\/www.nexoinformativo.mx\/index.php\/2024\/11\/15\/moodys-cambia-a-negativa-la-perspectiva-de-mexico-antes-del-paquete-economico-2025\/","title":{"rendered":"Moody\u2019s cambia a Negativa la perspectiva de M\u00e9xico antes del Paquete Econ\u00f3mico 2025"},"content":{"rendered":"<p style=\"text-align: justify;\"><strong>Moody&#8217;s<\/strong> es una reconocida agencia de calificaci\u00f3n crediticia que eval\u00faa la solvencia de los emisores de deuda, como gobiernos, instituciones financieras y empresas. Y el d\u00eda de hoy Moody\u2019s Ratings ha cambiado la perspectiva de las calificaciones del Gobierno de M\u00e9xico de estable a negativa, justo antes de que la Secretar\u00eda de Hacienda entregue al Congreso <strong>el<\/strong> <strong>Paquete Econ\u00f3mico 2025. <\/strong><\/p>\n<p>&nbsp;<\/p>\n<p style=\"text-align: justify;\">Este cambio se debe al debilitamiento de los marcos pol\u00edtico e institucional, lo que podr\u00eda socavar los resultados fiscales y econ\u00f3micos del pa\u00eds.\u00a0Moody\u2019s subray\u00f3 que el deterioro de la asequibilidad de la deuda y la mayor rigidez del gasto p\u00fablico dificultan la consolidaci\u00f3n fiscal, especialmente tras el aumento del d\u00e9ficit p\u00fablico de este a\u00f1o.<\/p>\n<p>&nbsp;<\/p>\n<p style=\"text-align: justify;\">Adem\u00e1s, la reforma constitucional podr\u00eda erosionar los controles y equilibrios del sistema judicial, afectando negativamente la fortaleza econ\u00f3mica y fiscal de M\u00e9xico.<\/p>\n<p>&nbsp;<\/p>\n<p style=\"text-align: justify;\">La Secretar\u00eda de Hacienda enviar\u00e1 el Paquete Econ\u00f3mico 2025 al Congreso hoy 15 de noviembre. Se espera que el d\u00e9ficit fiscal cierre en un nivel cercano al 6% del PIB en 2024, con el objetivo de reducirlo a un rango de entre 3% y 3.5% en 2025, seg\u00fan declaraciones de la presidenta Claudia Sheinbaum y el titular de Hacienda, Rogelio Ram\u00edrez de la O.<\/p>\n<p>&nbsp;<\/p>\n<p style=\"text-align: justify;\">Hacienda destac\u00f3 que la calificaci\u00f3n de la deuda soberana de M\u00e9xico se mantiene dos niveles por encima del grado de especulaci\u00f3n y que el pa\u00eds conserva el grado de inversi\u00f3n con las ocho agencias calificadoras. Sin embargo, Moody\u2019s considera que los pasivos contingentes de Pemex podr\u00edan materializarse en el balance del Gobierno, manteniendo los riesgos fiscales.<\/p>\n<p>&nbsp;<\/p>\n<p style=\"text-align: center;\"><em><strong>\u00a1Informaci\u00f3n que transforma!<\/strong><\/em><\/p>\n","protected":false},"excerpt":{"rendered":"<p>Moody&#8217;s es una reconocida agencia de calificaci\u00f3n crediticia que eval\u00faa la solvencia de los emisores de deuda, como gobiernos, instituciones financieras y empresas.<\/p>\n","protected":false},"author":3,"featured_media":6116,"comment_status":"open","ping_status":"open","sticky":false,"template":"","format":"standard","meta":{"footnotes":""},"categories":[88,58],"tags":[2076,1314,2074,2075],"class_list":["post-6115","post","type-post","status-publish","format-standard","has-post-thumbnail","hentry","category-nacional","category-ultima-hora","tag-deficitfiscal","tag-economiamexico","tag-moodys","tag-paqueteeconomico2025"],"yoast_head":"<!-- This site is optimized with the Yoast SEO plugin v25.0 - https:\/\/yoast.com\/wordpress\/plugins\/seo\/ -->\n<title>Moody\u2019s cambia a Negativa la perspectiva de M\u00e9xico antes del Paquete Econ\u00f3mico 2025 | Nexo Informativo Santiago de Quer\u00e9taro<\/title>\n<meta name=\"description\" content=\"Moody\u2019s cambia a Negativa la perspectiva de M\u00e9xico antes del Paquete Econ\u00f3mico 2025\" \/>\n<meta name=\"robots\" content=\"index, follow, max-snippet:-1, max-image-preview:large, max-video-preview:-1\" \/>\n<link rel=\"canonical\" href=\"https:\/\/www.nexoinformativo.mx\/index.php\/2024\/11\/15\/moodys-cambia-a-negativa-la-perspectiva-de-mexico-antes-del-paquete-economico-2025\/\" \/>\n<meta property=\"og:locale\" content=\"es_MX\" \/>\n<meta property=\"og:type\" content=\"article\" \/>\n<meta property=\"og:title\" content=\"Moody\u2019s cambia a Negativa la perspectiva de M\u00e9xico antes del Paquete Econ\u00f3mico 2025 | Nexo Informativo Santiago de Quer\u00e9taro\" \/>\n<meta property=\"og:description\" content=\"Moody\u2019s cambia a Negativa la perspectiva de M\u00e9xico antes del Paquete Econ\u00f3mico 2025\" \/>\n<meta property=\"og:url\" content=\"https:\/\/www.nexoinformativo.mx\/index.php\/2024\/11\/15\/moodys-cambia-a-negativa-la-perspectiva-de-mexico-antes-del-paquete-economico-2025\/\" \/>\n<meta property=\"og:site_name\" content=\"Nexo Informativo Santiago de Quer\u00e9taro\" \/>\n<meta property=\"article:publisher\" content=\"https:\/\/www.facebook.com\/people\/Nexo-Informativo\/61564066885511\/\" \/>\n<meta property=\"article:published_time\" content=\"2024-11-15T13:40:01+00:00\" \/>\n<meta property=\"article:modified_time\" content=\"2024-11-15T14:51:43+00:00\" \/>\n<meta property=\"og:image\" content=\"https:\/\/www.nexoinformativo.mx\/wp-content\/uploads\/2024\/11\/IMG_7812.jpg\" \/>\n\t<meta property=\"og:image:width\" content=\"602\" \/>\n\t<meta property=\"og:image:height\" content=\"451\" \/>\n\t<meta property=\"og:image:type\" content=\"image\/jpeg\" \/>\n<meta name=\"author\" content=\"Nexo Informativo\" \/>\n<meta name=\"twitter:card\" content=\"summary_large_image\" \/>\n<meta name=\"twitter:label1\" content=\"Escrito por\" \/>\n\t<meta name=\"twitter:data1\" content=\"Nexo Informativo\" \/>\n\t<meta name=\"twitter:label2\" content=\"Tiempo de lectura\" \/>\n\t<meta name=\"twitter:data2\" content=\"2 minutos\" \/>\n<script type=\"application\/ld+json\" class=\"yoast-schema-graph\">{\"@context\":\"https:\/\/schema.org\",\"@graph\":[{\"@type\":\"Article\",\"@id\":\"https:\/\/www.nexoinformativo.mx\/index.php\/2024\/11\/15\/moodys-cambia-a-negativa-la-perspectiva-de-mexico-antes-del-paquete-economico-2025\/#article\",\"isPartOf\":{\"@id\":\"https:\/\/www.nexoinformativo.mx\/index.php\/2024\/11\/15\/moodys-cambia-a-negativa-la-perspectiva-de-mexico-antes-del-paquete-economico-2025\/\"},\"author\":{\"name\":\"Nexo Informativo\",\"@id\":\"https:\/\/www.nexoinformativo.mx\/#\/schema\/person\/7749d380ba08c8ca00d7bc76fd907b7d\"},\"headline\":\"Moody\u2019s cambia a Negativa la perspectiva de M\u00e9xico antes del Paquete Econ\u00f3mico 2025\",\"datePublished\":\"2024-11-15T13:40:01+00:00\",\"dateModified\":\"2024-11-15T14:51:43+00:00\",\"mainEntityOfPage\":{\"@id\":\"https:\/\/www.nexoinformativo.mx\/index.php\/2024\/11\/15\/moodys-cambia-a-negativa-la-perspectiva-de-mexico-antes-del-paquete-economico-2025\/\"},\"wordCount\":307,\"commentCount\":0,\"publisher\":{\"@id\":\"https:\/\/www.nexoinformativo.mx\/#organization\"},\"image\":{\"@id\":\"https:\/\/www.nexoinformativo.mx\/index.php\/2024\/11\/15\/moodys-cambia-a-negativa-la-perspectiva-de-mexico-antes-del-paquete-economico-2025\/#primaryimage\"},\"thumbnailUrl\":\"https:\/\/www.nexoinformativo.mx\/wp-content\/uploads\/2024\/11\/IMG_7812.jpg\",\"keywords\":[\"D\u00e9ficitFiscal\",\"Econom\u00edaM\u00e9xico\",\"Moody's\",\"PaqueteEcon\u00f3mico2025\"],\"articleSection\":[\"Nacional\",\"\u00daltima Hora\"],\"inLanguage\":\"es\",\"potentialAction\":[{\"@type\":\"CommentAction\",\"name\":\"Comment\",\"target\":[\"https:\/\/www.nexoinformativo.mx\/index.php\/2024\/11\/15\/moodys-cambia-a-negativa-la-perspectiva-de-mexico-antes-del-paquete-economico-2025\/#respond\"]}]},{\"@type\":\"WebPage\",\"@id\":\"https:\/\/www.nexoinformativo.mx\/index.php\/2024\/11\/15\/moodys-cambia-a-negativa-la-perspectiva-de-mexico-antes-del-paquete-economico-2025\/\",\"url\":\"https:\/\/www.nexoinformativo.mx\/index.php\/2024\/11\/15\/moodys-cambia-a-negativa-la-perspectiva-de-mexico-antes-del-paquete-economico-2025\/\",\"name\":\"Moody\u2019s cambia a Negativa la perspectiva de M\u00e9xico antes del Paquete Econ\u00f3mico 2025 | Nexo Informativo Santiago de Quer\u00e9taro\",\"isPartOf\":{\"@id\":\"https:\/\/www.nexoinformativo.mx\/#website\"},\"primaryImageOfPage\":{\"@id\":\"https:\/\/www.nexoinformativo.mx\/index.php\/2024\/11\/15\/moodys-cambia-a-negativa-la-perspectiva-de-mexico-antes-del-paquete-economico-2025\/#primaryimage\"},\"image\":{\"@id\":\"https:\/\/www.nexoinformativo.mx\/index.php\/2024\/11\/15\/moodys-cambia-a-negativa-la-perspectiva-de-mexico-antes-del-paquete-economico-2025\/#primaryimage\"},\"thumbnailUrl\":\"https:\/\/www.nexoinformativo.mx\/wp-content\/uploads\/2024\/11\/IMG_7812.jpg\",\"datePublished\":\"2024-11-15T13:40:01+00:00\",\"dateModified\":\"2024-11-15T14:51:43+00:00\",\"description\":\"Moody\u2019s cambia a Negativa la perspectiva de M\u00e9xico antes del Paquete Econ\u00f3mico 2025\",\"breadcrumb\":{\"@id\":\"https:\/\/www.nexoinformativo.mx\/index.php\/2024\/11\/15\/moodys-cambia-a-negativa-la-perspectiva-de-mexico-antes-del-paquete-economico-2025\/#breadcrumb\"},\"inLanguage\":\"es\",\"potentialAction\":[{\"@type\":\"ReadAction\",\"target\":[\"https:\/\/www.nexoinformativo.mx\/index.php\/2024\/11\/15\/moodys-cambia-a-negativa-la-perspectiva-de-mexico-antes-del-paquete-economico-2025\/\"]}]},{\"@type\":\"ImageObject\",\"inLanguage\":\"es\",\"@id\":\"https:\/\/www.nexoinformativo.mx\/index.php\/2024\/11\/15\/moodys-cambia-a-negativa-la-perspectiva-de-mexico-antes-del-paquete-economico-2025\/#primaryimage\",\"url\":\"https:\/\/www.nexoinformativo.mx\/wp-content\/uploads\/2024\/11\/IMG_7812.jpg\",\"contentUrl\":\"https:\/\/www.nexoinformativo.mx\/wp-content\/uploads\/2024\/11\/IMG_7812.jpg\",\"width\":602,\"height\":451},{\"@type\":\"BreadcrumbList\",\"@id\":\"https:\/\/www.nexoinformativo.mx\/index.php\/2024\/11\/15\/moodys-cambia-a-negativa-la-perspectiva-de-mexico-antes-del-paquete-economico-2025\/#breadcrumb\",\"itemListElement\":[{\"@type\":\"ListItem\",\"position\":1,\"name\":\"Inicio\",\"item\":\"https:\/\/www.nexoinformativo.mx\/\"},{\"@type\":\"ListItem\",\"position\":2,\"name\":\"Moody\u2019s cambia a Negativa la perspectiva de M\u00e9xico antes del Paquete Econ\u00f3mico 2025\"}]},{\"@type\":\"WebSite\",\"@id\":\"https:\/\/www.nexoinformativo.mx\/#website\",\"url\":\"https:\/\/www.nexoinformativo.mx\/\",\"name\":\"Nexo Informativo Santiago de Quer\u00e9taro\",\"description\":\"Explora NexoInformativo y convi\u00e9rtete en parte de una comunidad que valora el conocimiento y la verdad. Tu nexoinformativo es tu puente hacia una comprensi\u00f3n m\u00e1s profunda del mundo que te rodea.\",\"publisher\":{\"@id\":\"https:\/\/www.nexoinformativo.mx\/#organization\"},\"potentialAction\":[{\"@type\":\"SearchAction\",\"target\":{\"@type\":\"EntryPoint\",\"urlTemplate\":\"https:\/\/www.nexoinformativo.mx\/?s={search_term_string}\"},\"query-input\":{\"@type\":\"PropertyValueSpecification\",\"valueRequired\":true,\"valueName\":\"search_term_string\"}}],\"inLanguage\":\"es\"},{\"@type\":\"Organization\",\"@id\":\"https:\/\/www.nexoinformativo.mx\/#organization\",\"name\":\"Nexo Informativo Santiago de Quer\u00e9taro\",\"url\":\"https:\/\/www.nexoinformativo.mx\/\",\"logo\":{\"@type\":\"ImageObject\",\"inLanguage\":\"es\",\"@id\":\"https:\/\/www.nexoinformativo.mx\/#\/schema\/logo\/image\/\",\"url\":\"https:\/\/www.nexoinformativo.mx\/wp-content\/uploads\/2024\/07\/nexoi-trasparente-2.png\",\"contentUrl\":\"https:\/\/www.nexoinformativo.mx\/wp-content\/uploads\/2024\/07\/nexoi-trasparente-2.png\",\"width\":816,\"height\":339,\"caption\":\"Nexo Informativo Santiago de Quer\u00e9taro\"},\"image\":{\"@id\":\"https:\/\/www.nexoinformativo.mx\/#\/schema\/logo\/image\/\"},\"sameAs\":[\"https:\/\/www.facebook.com\/people\/Nexo-Informativo\/61564066885511\/\"]},{\"@type\":\"Person\",\"@id\":\"https:\/\/www.nexoinformativo.mx\/#\/schema\/person\/7749d380ba08c8ca00d7bc76fd907b7d\",\"name\":\"Nexo Informativo\",\"image\":{\"@type\":\"ImageObject\",\"inLanguage\":\"es\",\"@id\":\"https:\/\/www.nexoinformativo.mx\/#\/schema\/person\/image\/\",\"url\":\"https:\/\/secure.gravatar.com\/avatar\/dde2928154642a13d95f87ddf1ea9718fe2b46760a005c53e41ff5ad610704e6?s=96&d=mm&r=g\",\"contentUrl\":\"https:\/\/secure.gravatar.com\/avatar\/dde2928154642a13d95f87ddf1ea9718fe2b46760a005c53e41ff5ad610704e6?s=96&d=mm&r=g\",\"caption\":\"Nexo Informativo\"},\"url\":\"https:\/\/www.nexoinformativo.mx\/index.php\/author\/edicion\/\"}]}<\/script>\n<!-- \/ Yoast SEO plugin. -->","yoast_head_json":{"title":"Moody\u2019s cambia a Negativa la perspectiva de M\u00e9xico antes del Paquete Econ\u00f3mico 2025 | Nexo Informativo Santiago de Quer\u00e9taro","description":"Moody\u2019s cambia a Negativa la perspectiva de M\u00e9xico antes del Paquete Econ\u00f3mico 2025","robots":{"index":"index","follow":"follow","max-snippet":"max-snippet:-1","max-image-preview":"max-image-preview:large","max-video-preview":"max-video-preview:-1"},"canonical":"https:\/\/www.nexoinformativo.mx\/index.php\/2024\/11\/15\/moodys-cambia-a-negativa-la-perspectiva-de-mexico-antes-del-paquete-economico-2025\/","og_locale":"es_MX","og_type":"article","og_title":"Moody\u2019s cambia a Negativa la perspectiva de M\u00e9xico antes del Paquete Econ\u00f3mico 2025 | Nexo Informativo Santiago de Quer\u00e9taro","og_description":"Moody\u2019s cambia a Negativa la perspectiva de M\u00e9xico antes del Paquete Econ\u00f3mico 2025","og_url":"https:\/\/www.nexoinformativo.mx\/index.php\/2024\/11\/15\/moodys-cambia-a-negativa-la-perspectiva-de-mexico-antes-del-paquete-economico-2025\/","og_site_name":"Nexo Informativo Santiago de Quer\u00e9taro","article_publisher":"https:\/\/www.facebook.com\/people\/Nexo-Informativo\/61564066885511\/","article_published_time":"2024-11-15T13:40:01+00:00","article_modified_time":"2024-11-15T14:51:43+00:00","og_image":[{"width":602,"height":451,"url":"https:\/\/www.nexoinformativo.mx\/wp-content\/uploads\/2024\/11\/IMG_7812.jpg","type":"image\/jpeg"}],"author":"Nexo Informativo","twitter_card":"summary_large_image","twitter_misc":{"Escrito por":"Nexo Informativo","Tiempo de lectura":"2 minutos"},"schema":{"@context":"https:\/\/schema.org","@graph":[{"@type":"Article","@id":"https:\/\/www.nexoinformativo.mx\/index.php\/2024\/11\/15\/moodys-cambia-a-negativa-la-perspectiva-de-mexico-antes-del-paquete-economico-2025\/#article","isPartOf":{"@id":"https:\/\/www.nexoinformativo.mx\/index.php\/2024\/11\/15\/moodys-cambia-a-negativa-la-perspectiva-de-mexico-antes-del-paquete-economico-2025\/"},"author":{"name":"Nexo Informativo","@id":"https:\/\/www.nexoinformativo.mx\/#\/schema\/person\/7749d380ba08c8ca00d7bc76fd907b7d"},"headline":"Moody\u2019s cambia a Negativa la perspectiva de M\u00e9xico antes del Paquete Econ\u00f3mico 2025","datePublished":"2024-11-15T13:40:01+00:00","dateModified":"2024-11-15T14:51:43+00:00","mainEntityOfPage":{"@id":"https:\/\/www.nexoinformativo.mx\/index.php\/2024\/11\/15\/moodys-cambia-a-negativa-la-perspectiva-de-mexico-antes-del-paquete-economico-2025\/"},"wordCount":307,"commentCount":0,"publisher":{"@id":"https:\/\/www.nexoinformativo.mx\/#organization"},"image":{"@id":"https:\/\/www.nexoinformativo.mx\/index.php\/2024\/11\/15\/moodys-cambia-a-negativa-la-perspectiva-de-mexico-antes-del-paquete-economico-2025\/#primaryimage"},"thumbnailUrl":"https:\/\/www.nexoinformativo.mx\/wp-content\/uploads\/2024\/11\/IMG_7812.jpg","keywords":["D\u00e9ficitFiscal","Econom\u00edaM\u00e9xico","Moody's","PaqueteEcon\u00f3mico2025"],"articleSection":["Nacional","\u00daltima Hora"],"inLanguage":"es","potentialAction":[{"@type":"CommentAction","name":"Comment","target":["https:\/\/www.nexoinformativo.mx\/index.php\/2024\/11\/15\/moodys-cambia-a-negativa-la-perspectiva-de-mexico-antes-del-paquete-economico-2025\/#respond"]}]},{"@type":"WebPage","@id":"https:\/\/www.nexoinformativo.mx\/index.php\/2024\/11\/15\/moodys-cambia-a-negativa-la-perspectiva-de-mexico-antes-del-paquete-economico-2025\/","url":"https:\/\/www.nexoinformativo.mx\/index.php\/2024\/11\/15\/moodys-cambia-a-negativa-la-perspectiva-de-mexico-antes-del-paquete-economico-2025\/","name":"Moody\u2019s cambia a Negativa la perspectiva de M\u00e9xico antes del Paquete Econ\u00f3mico 2025 | Nexo Informativo Santiago de Quer\u00e9taro","isPartOf":{"@id":"https:\/\/www.nexoinformativo.mx\/#website"},"primaryImageOfPage":{"@id":"https:\/\/www.nexoinformativo.mx\/index.php\/2024\/11\/15\/moodys-cambia-a-negativa-la-perspectiva-de-mexico-antes-del-paquete-economico-2025\/#primaryimage"},"image":{"@id":"https:\/\/www.nexoinformativo.mx\/index.php\/2024\/11\/15\/moodys-cambia-a-negativa-la-perspectiva-de-mexico-antes-del-paquete-economico-2025\/#primaryimage"},"thumbnailUrl":"https:\/\/www.nexoinformativo.mx\/wp-content\/uploads\/2024\/11\/IMG_7812.jpg","datePublished":"2024-11-15T13:40:01+00:00","dateModified":"2024-11-15T14:51:43+00:00","description":"Moody\u2019s cambia a Negativa la perspectiva de M\u00e9xico antes del Paquete Econ\u00f3mico 2025","breadcrumb":{"@id":"https:\/\/www.nexoinformativo.mx\/index.php\/2024\/11\/15\/moodys-cambia-a-negativa-la-perspectiva-de-mexico-antes-del-paquete-economico-2025\/#breadcrumb"},"inLanguage":"es","potentialAction":[{"@type":"ReadAction","target":["https:\/\/www.nexoinformativo.mx\/index.php\/2024\/11\/15\/moodys-cambia-a-negativa-la-perspectiva-de-mexico-antes-del-paquete-economico-2025\/"]}]},{"@type":"ImageObject","inLanguage":"es","@id":"https:\/\/www.nexoinformativo.mx\/index.php\/2024\/11\/15\/moodys-cambia-a-negativa-la-perspectiva-de-mexico-antes-del-paquete-economico-2025\/#primaryimage","url":"https:\/\/www.nexoinformativo.mx\/wp-content\/uploads\/2024\/11\/IMG_7812.jpg","contentUrl":"https:\/\/www.nexoinformativo.mx\/wp-content\/uploads\/2024\/11\/IMG_7812.jpg","width":602,"height":451},{"@type":"BreadcrumbList","@id":"https:\/\/www.nexoinformativo.mx\/index.php\/2024\/11\/15\/moodys-cambia-a-negativa-la-perspectiva-de-mexico-antes-del-paquete-economico-2025\/#breadcrumb","itemListElement":[{"@type":"ListItem","position":1,"name":"Inicio","item":"https:\/\/www.nexoinformativo.mx\/"},{"@type":"ListItem","position":2,"name":"Moody\u2019s cambia a Negativa la perspectiva de M\u00e9xico antes del Paquete Econ\u00f3mico 2025"}]},{"@type":"WebSite","@id":"https:\/\/www.nexoinformativo.mx\/#website","url":"https:\/\/www.nexoinformativo.mx\/","name":"Nexo Informativo Santiago de Quer\u00e9taro","description":"Explora NexoInformativo y convi\u00e9rtete en parte de una comunidad que valora el conocimiento y la verdad. Tu nexoinformativo es tu puente hacia una comprensi\u00f3n m\u00e1s profunda del mundo que te rodea.","publisher":{"@id":"https:\/\/www.nexoinformativo.mx\/#organization"},"potentialAction":[{"@type":"SearchAction","target":{"@type":"EntryPoint","urlTemplate":"https:\/\/www.nexoinformativo.mx\/?s={search_term_string}"},"query-input":{"@type":"PropertyValueSpecification","valueRequired":true,"valueName":"search_term_string"}}],"inLanguage":"es"},{"@type":"Organization","@id":"https:\/\/www.nexoinformativo.mx\/#organization","name":"Nexo Informativo Santiago de Quer\u00e9taro","url":"https:\/\/www.nexoinformativo.mx\/","logo":{"@type":"ImageObject","inLanguage":"es","@id":"https:\/\/www.nexoinformativo.mx\/#\/schema\/logo\/image\/","url":"https:\/\/www.nexoinformativo.mx\/wp-content\/uploads\/2024\/07\/nexoi-trasparente-2.png","contentUrl":"https:\/\/www.nexoinformativo.mx\/wp-content\/uploads\/2024\/07\/nexoi-trasparente-2.png","width":816,"height":339,"caption":"Nexo Informativo Santiago de Quer\u00e9taro"},"image":{"@id":"https:\/\/www.nexoinformativo.mx\/#\/schema\/logo\/image\/"},"sameAs":["https:\/\/www.facebook.com\/people\/Nexo-Informativo\/61564066885511\/"]},{"@type":"Person","@id":"https:\/\/www.nexoinformativo.mx\/#\/schema\/person\/7749d380ba08c8ca00d7bc76fd907b7d","name":"Nexo Informativo","image":{"@type":"ImageObject","inLanguage":"es","@id":"https:\/\/www.nexoinformativo.mx\/#\/schema\/person\/image\/","url":"https:\/\/secure.gravatar.com\/avatar\/dde2928154642a13d95f87ddf1ea9718fe2b46760a005c53e41ff5ad610704e6?s=96&d=mm&r=g","contentUrl":"https:\/\/secure.gravatar.com\/avatar\/dde2928154642a13d95f87ddf1ea9718fe2b46760a005c53e41ff5ad610704e6?s=96&d=mm&r=g","caption":"Nexo Informativo"},"url":"https:\/\/www.nexoinformativo.mx\/index.php\/author\/edicion\/"}]}},"_links":{"self":[{"href":"https:\/\/www.nexoinformativo.mx\/index.php\/wp-json\/wp\/v2\/posts\/6115","targetHints":{"allow":["GET"]}}],"collection":[{"href":"https:\/\/www.nexoinformativo.mx\/index.php\/wp-json\/wp\/v2\/posts"}],"about":[{"href":"https:\/\/www.nexoinformativo.mx\/index.php\/wp-json\/wp\/v2\/types\/post"}],"author":[{"embeddable":true,"href":"https:\/\/www.nexoinformativo.mx\/index.php\/wp-json\/wp\/v2\/users\/3"}],"replies":[{"embeddable":true,"href":"https:\/\/www.nexoinformativo.mx\/index.php\/wp-json\/wp\/v2\/comments?post=6115"}],"version-history":[{"count":5,"href":"https:\/\/www.nexoinformativo.mx\/index.php\/wp-json\/wp\/v2\/posts\/6115\/revisions"}],"predecessor-version":[{"id":6121,"href":"https:\/\/www.nexoinformativo.mx\/index.php\/wp-json\/wp\/v2\/posts\/6115\/revisions\/6121"}],"wp:featuredmedia":[{"embeddable":true,"href":"https:\/\/www.nexoinformativo.mx\/index.php\/wp-json\/wp\/v2\/media\/6116"}],"wp:attachment":[{"href":"https:\/\/www.nexoinformativo.mx\/index.php\/wp-json\/wp\/v2\/media?parent=6115"}],"wp:term":[{"taxonomy":"category","embeddable":true,"href":"https:\/\/www.nexoinformativo.mx\/index.php\/wp-json\/wp\/v2\/categories?post=6115"},{"taxonomy":"post_tag","embeddable":true,"href":"https:\/\/www.nexoinformativo.mx\/index.php\/wp-json\/wp\/v2\/tags?post=6115"}],"curies":[{"name":"wp","href":"https:\/\/api.w.org\/{rel}","templated":true}]}}