{"id":6144,"date":"2024-11-15T10:00:53","date_gmt":"2024-11-15T16:00:53","guid":{"rendered":"https:\/\/www.nexoinformativo.mx\/?p=6144"},"modified":"2024-11-15T14:37:55","modified_gmt":"2024-11-15T20:37:55","slug":"clausuran-9-bares-y-restaurantes-en-el-marques-por-falta-de-licencias","status":"publish","type":"post","link":"https:\/\/www.nexoinformativo.mx\/index.php\/2024\/11\/15\/clausuran-9-bares-y-restaurantes-en-el-marques-por-falta-de-licencias\/","title":{"rendered":"Clausuran 9 Bares y Restaurantes en El Marqu\u00e9s por Falta de Licencias"},"content":{"rendered":"<p style=\"text-align: justify;\">El municipio de El Marqu\u00e9s ha intensificado sus acciones preventivas para garantizar la seguridad de sus habitantes. A trav\u00e9s de la Direcci\u00f3n de Inspecci\u00f3n Municipal, se han llevado a cabo revisiones exhaustivas en bares y restaurantes desde el inicio de la administraci\u00f3n 2024-2027. Como resultado, se han clausurado 9 establecimientos por no contar con la licencia de funcionamiento correspondiente, incluyendo cinco suspensiones realizadas entre el 9 de noviembre y la fecha actual.<\/p>\n<p>&nbsp;<\/p>\n<p style=\"text-align: justify;\">Las clausuras se efectuaron en diversas localidades de El Marqu\u00e9s, tales como Alfajayucan, El Colorado, La Pradera y Zibat\u00e1, entre otras. Estas acciones forman parte de los\u00a0<strong>\u201cOperativos Sorpresa\u201d<\/strong>, implementados en puntos estrat\u00e9gicos del municipio para asegurar el cumplimiento de la normativa aplicable.<\/p>\n<p>&nbsp;<\/p>\n<p style=\"text-align: justify;\">El director de Inspecci\u00f3n Municipal, Jos\u00e9 Luis Morales Ibarra, destac\u00f3 la importancia de que los comercios cumplan con los requisitos legales, especialmente aquellos que venden bebidas alcoh\u00f3licas. Tambi\u00e9n invit\u00f3 a la ciudadan\u00eda a seguir denunciando comercios irregulares a trav\u00e9s del n\u00famero de emergencias 9-1-1 o en la Direcci\u00f3n de Atenci\u00f3n Ciudadana, con el objetivo de erradicar la actividad clandestina en la zona.<\/p>\n<p>&nbsp;<\/p>\n<p style=\"text-align: justify;\">Morales Ibarra reiter\u00f3 que las inspecciones y clausuras son medidas clave para garantizar la seguridad en El Marqu\u00e9s. Adem\u00e1s, afirm\u00f3 que los\u00a0<strong>\u201cOperativos Sorpresa\u201d<\/strong>\u00a0seguir\u00e1n llev\u00e1ndose a cabo de manera permanente en diferentes comunidades y horarios, asegurando que todos los negocios operen conforme a la ley.<\/p>\n<p>&nbsp;<\/p>\n<p style=\"text-align: center;\"><em><strong>\u00a1Informaci\u00f3n que transforma!<\/strong><\/em><\/p>\n","protected":false},"excerpt":{"rendered":"<p>El municipio de El Marqu\u00e9s ha intensificado sus acciones preventivas para garantizar la seguridad de sus habitantes. A trav\u00e9s de la Direcci\u00f3n de Inspecci\u00f3n Municipal, se han llevado a cabo revisiones exhaustivas en bares y restaurantes desde el inicio de la administraci\u00f3n 2024-2027<\/p>\n","protected":false},"author":3,"featured_media":6145,"comment_status":"open","ping_status":"open","sticky":false,"template":"","format":"standard","meta":{"footnotes":""},"categories":[65,58],"tags":[2085,2083,2084,157],"class_list":["post-6144","post","type-post","status-publish","format-standard","has-post-thumbnail","hentry","category-municipios","category-ultima-hora","tag-clausuraselmarques","tag-licenciascomerciales","tag-operativossorpresa","tag-seguridadciudadana"],"yoast_head":"<!-- This site is optimized with the Yoast SEO plugin v25.0 - https:\/\/yoast.com\/wordpress\/plugins\/seo\/ -->\n<title>Clausuran 9 Bares y Restaurantes en El Marqu\u00e9s por Falta de Licencias | Nexo Informativo Santiago de Quer\u00e9taro<\/title>\n<meta name=\"description\" content=\"Clausuran 9 Bares y Restaurantes en El Marqu\u00e9s por Falta de Licencias\" \/>\n<meta name=\"robots\" content=\"index, follow, max-snippet:-1, max-image-preview:large, max-video-preview:-1\" \/>\n<link rel=\"canonical\" href=\"https:\/\/www.nexoinformativo.mx\/index.php\/2024\/11\/15\/clausuran-9-bares-y-restaurantes-en-el-marques-por-falta-de-licencias\/\" \/>\n<meta property=\"og:locale\" content=\"es_MX\" \/>\n<meta property=\"og:type\" content=\"article\" \/>\n<meta property=\"og:title\" content=\"Clausuran 9 Bares y Restaurantes en El Marqu\u00e9s por Falta de Licencias | Nexo Informativo Santiago de Quer\u00e9taro\" \/>\n<meta property=\"og:description\" content=\"Clausuran 9 Bares y Restaurantes en El Marqu\u00e9s por Falta de Licencias\" \/>\n<meta property=\"og:url\" content=\"https:\/\/www.nexoinformativo.mx\/index.php\/2024\/11\/15\/clausuran-9-bares-y-restaurantes-en-el-marques-por-falta-de-licencias\/\" \/>\n<meta property=\"og:site_name\" content=\"Nexo Informativo Santiago de Quer\u00e9taro\" \/>\n<meta property=\"article:publisher\" content=\"https:\/\/www.facebook.com\/people\/Nexo-Informativo\/61564066885511\/\" \/>\n<meta property=\"article:published_time\" content=\"2024-11-15T16:00:53+00:00\" \/>\n<meta property=\"article:modified_time\" content=\"2024-11-15T20:37:55+00:00\" \/>\n<meta property=\"og:image\" content=\"https:\/\/www.nexoinformativo.mx\/wp-content\/uploads\/2024\/11\/unnamed-1-e1731702906564.jpg\" \/>\n\t<meta property=\"og:image:width\" content=\"800\" \/>\n\t<meta property=\"og:image:height\" content=\"1000\" \/>\n\t<meta property=\"og:image:type\" content=\"image\/jpeg\" \/>\n<meta name=\"author\" content=\"Nexo Informativo\" \/>\n<meta name=\"twitter:card\" content=\"summary_large_image\" \/>\n<meta name=\"twitter:label1\" content=\"Escrito por\" \/>\n\t<meta name=\"twitter:data1\" content=\"Nexo Informativo\" \/>\n\t<meta name=\"twitter:label2\" content=\"Tiempo de lectura\" \/>\n\t<meta name=\"twitter:data2\" content=\"2 minutos\" \/>\n<script type=\"application\/ld+json\" class=\"yoast-schema-graph\">{\"@context\":\"https:\/\/schema.org\",\"@graph\":[{\"@type\":\"Article\",\"@id\":\"https:\/\/www.nexoinformativo.mx\/index.php\/2024\/11\/15\/clausuran-9-bares-y-restaurantes-en-el-marques-por-falta-de-licencias\/#article\",\"isPartOf\":{\"@id\":\"https:\/\/www.nexoinformativo.mx\/index.php\/2024\/11\/15\/clausuran-9-bares-y-restaurantes-en-el-marques-por-falta-de-licencias\/\"},\"author\":{\"name\":\"Nexo Informativo\",\"@id\":\"https:\/\/www.nexoinformativo.mx\/#\/schema\/person\/7749d380ba08c8ca00d7bc76fd907b7d\"},\"headline\":\"Clausuran 9 Bares y Restaurantes en El Marqu\u00e9s por Falta de Licencias\",\"datePublished\":\"2024-11-15T16:00:53+00:00\",\"dateModified\":\"2024-11-15T20:37:55+00:00\",\"mainEntityOfPage\":{\"@id\":\"https:\/\/www.nexoinformativo.mx\/index.php\/2024\/11\/15\/clausuran-9-bares-y-restaurantes-en-el-marques-por-falta-de-licencias\/\"},\"wordCount\":261,\"commentCount\":0,\"publisher\":{\"@id\":\"https:\/\/www.nexoinformativo.mx\/#organization\"},\"image\":{\"@id\":\"https:\/\/www.nexoinformativo.mx\/index.php\/2024\/11\/15\/clausuran-9-bares-y-restaurantes-en-el-marques-por-falta-de-licencias\/#primaryimage\"},\"thumbnailUrl\":\"https:\/\/www.nexoinformativo.mx\/wp-content\/uploads\/2024\/11\/unnamed-1-e1731702906564.jpg\",\"keywords\":[\"ClausurasElMarqu\u00e9s\",\"LicenciasComerciales\",\"OperativosSorpresa\",\"SeguridadCiudadana\"],\"articleSection\":[\"Municipios\",\"\u00daltima Hora\"],\"inLanguage\":\"es\",\"potentialAction\":[{\"@type\":\"CommentAction\",\"name\":\"Comment\",\"target\":[\"https:\/\/www.nexoinformativo.mx\/index.php\/2024\/11\/15\/clausuran-9-bares-y-restaurantes-en-el-marques-por-falta-de-licencias\/#respond\"]}]},{\"@type\":\"WebPage\",\"@id\":\"https:\/\/www.nexoinformativo.mx\/index.php\/2024\/11\/15\/clausuran-9-bares-y-restaurantes-en-el-marques-por-falta-de-licencias\/\",\"url\":\"https:\/\/www.nexoinformativo.mx\/index.php\/2024\/11\/15\/clausuran-9-bares-y-restaurantes-en-el-marques-por-falta-de-licencias\/\",\"name\":\"Clausuran 9 Bares y Restaurantes en El Marqu\u00e9s por Falta de Licencias | Nexo Informativo Santiago de Quer\u00e9taro\",\"isPartOf\":{\"@id\":\"https:\/\/www.nexoinformativo.mx\/#website\"},\"primaryImageOfPage\":{\"@id\":\"https:\/\/www.nexoinformativo.mx\/index.php\/2024\/11\/15\/clausuran-9-bares-y-restaurantes-en-el-marques-por-falta-de-licencias\/#primaryimage\"},\"image\":{\"@id\":\"https:\/\/www.nexoinformativo.mx\/index.php\/2024\/11\/15\/clausuran-9-bares-y-restaurantes-en-el-marques-por-falta-de-licencias\/#primaryimage\"},\"thumbnailUrl\":\"https:\/\/www.nexoinformativo.mx\/wp-content\/uploads\/2024\/11\/unnamed-1-e1731702906564.jpg\",\"datePublished\":\"2024-11-15T16:00:53+00:00\",\"dateModified\":\"2024-11-15T20:37:55+00:00\",\"description\":\"Clausuran 9 Bares y Restaurantes en El Marqu\u00e9s por Falta de Licencias\",\"breadcrumb\":{\"@id\":\"https:\/\/www.nexoinformativo.mx\/index.php\/2024\/11\/15\/clausuran-9-bares-y-restaurantes-en-el-marques-por-falta-de-licencias\/#breadcrumb\"},\"inLanguage\":\"es\",\"potentialAction\":[{\"@type\":\"ReadAction\",\"target\":[\"https:\/\/www.nexoinformativo.mx\/index.php\/2024\/11\/15\/clausuran-9-bares-y-restaurantes-en-el-marques-por-falta-de-licencias\/\"]}]},{\"@type\":\"ImageObject\",\"inLanguage\":\"es\",\"@id\":\"https:\/\/www.nexoinformativo.mx\/index.php\/2024\/11\/15\/clausuran-9-bares-y-restaurantes-en-el-marques-por-falta-de-licencias\/#primaryimage\",\"url\":\"https:\/\/www.nexoinformativo.mx\/wp-content\/uploads\/2024\/11\/unnamed-1-e1731702906564.jpg\",\"contentUrl\":\"https:\/\/www.nexoinformativo.mx\/wp-content\/uploads\/2024\/11\/unnamed-1-e1731702906564.jpg\",\"width\":800,\"height\":1000},{\"@type\":\"BreadcrumbList\",\"@id\":\"https:\/\/www.nexoinformativo.mx\/index.php\/2024\/11\/15\/clausuran-9-bares-y-restaurantes-en-el-marques-por-falta-de-licencias\/#breadcrumb\",\"itemListElement\":[{\"@type\":\"ListItem\",\"position\":1,\"name\":\"Inicio\",\"item\":\"https:\/\/www.nexoinformativo.mx\/\"},{\"@type\":\"ListItem\",\"position\":2,\"name\":\"Clausuran 9 Bares y Restaurantes en El Marqu\u00e9s por Falta de Licencias\"}]},{\"@type\":\"WebSite\",\"@id\":\"https:\/\/www.nexoinformativo.mx\/#website\",\"url\":\"https:\/\/www.nexoinformativo.mx\/\",\"name\":\"Nexo Informativo Santiago de Quer\u00e9taro\",\"description\":\"Explora NexoInformativo y convi\u00e9rtete en parte de una comunidad que valora el conocimiento y la verdad. Tu nexoinformativo es tu puente hacia una comprensi\u00f3n m\u00e1s profunda del mundo que te rodea.\",\"publisher\":{\"@id\":\"https:\/\/www.nexoinformativo.mx\/#organization\"},\"potentialAction\":[{\"@type\":\"SearchAction\",\"target\":{\"@type\":\"EntryPoint\",\"urlTemplate\":\"https:\/\/www.nexoinformativo.mx\/?s={search_term_string}\"},\"query-input\":{\"@type\":\"PropertyValueSpecification\",\"valueRequired\":true,\"valueName\":\"search_term_string\"}}],\"inLanguage\":\"es\"},{\"@type\":\"Organization\",\"@id\":\"https:\/\/www.nexoinformativo.mx\/#organization\",\"name\":\"Nexo Informativo Santiago de Quer\u00e9taro\",\"url\":\"https:\/\/www.nexoinformativo.mx\/\",\"logo\":{\"@type\":\"ImageObject\",\"inLanguage\":\"es\",\"@id\":\"https:\/\/www.nexoinformativo.mx\/#\/schema\/logo\/image\/\",\"url\":\"https:\/\/www.nexoinformativo.mx\/wp-content\/uploads\/2024\/07\/nexoi-trasparente-2.png\",\"contentUrl\":\"https:\/\/www.nexoinformativo.mx\/wp-content\/uploads\/2024\/07\/nexoi-trasparente-2.png\",\"width\":816,\"height\":339,\"caption\":\"Nexo Informativo Santiago de Quer\u00e9taro\"},\"image\":{\"@id\":\"https:\/\/www.nexoinformativo.mx\/#\/schema\/logo\/image\/\"},\"sameAs\":[\"https:\/\/www.facebook.com\/people\/Nexo-Informativo\/61564066885511\/\"]},{\"@type\":\"Person\",\"@id\":\"https:\/\/www.nexoinformativo.mx\/#\/schema\/person\/7749d380ba08c8ca00d7bc76fd907b7d\",\"name\":\"Nexo Informativo\",\"image\":{\"@type\":\"ImageObject\",\"inLanguage\":\"es\",\"@id\":\"https:\/\/www.nexoinformativo.mx\/#\/schema\/person\/image\/\",\"url\":\"https:\/\/secure.gravatar.com\/avatar\/dde2928154642a13d95f87ddf1ea9718fe2b46760a005c53e41ff5ad610704e6?s=96&d=mm&r=g\",\"contentUrl\":\"https:\/\/secure.gravatar.com\/avatar\/dde2928154642a13d95f87ddf1ea9718fe2b46760a005c53e41ff5ad610704e6?s=96&d=mm&r=g\",\"caption\":\"Nexo Informativo\"},\"url\":\"https:\/\/www.nexoinformativo.mx\/index.php\/author\/edicion\/\"}]}<\/script>\n<!-- \/ Yoast SEO plugin. -->","yoast_head_json":{"title":"Clausuran 9 Bares y Restaurantes en El Marqu\u00e9s por Falta de Licencias | Nexo Informativo Santiago de Quer\u00e9taro","description":"Clausuran 9 Bares y Restaurantes en El Marqu\u00e9s por Falta de Licencias","robots":{"index":"index","follow":"follow","max-snippet":"max-snippet:-1","max-image-preview":"max-image-preview:large","max-video-preview":"max-video-preview:-1"},"canonical":"https:\/\/www.nexoinformativo.mx\/index.php\/2024\/11\/15\/clausuran-9-bares-y-restaurantes-en-el-marques-por-falta-de-licencias\/","og_locale":"es_MX","og_type":"article","og_title":"Clausuran 9 Bares y Restaurantes en El Marqu\u00e9s por Falta de Licencias | Nexo Informativo Santiago de Quer\u00e9taro","og_description":"Clausuran 9 Bares y Restaurantes en El Marqu\u00e9s por Falta de Licencias","og_url":"https:\/\/www.nexoinformativo.mx\/index.php\/2024\/11\/15\/clausuran-9-bares-y-restaurantes-en-el-marques-por-falta-de-licencias\/","og_site_name":"Nexo Informativo Santiago de Quer\u00e9taro","article_publisher":"https:\/\/www.facebook.com\/people\/Nexo-Informativo\/61564066885511\/","article_published_time":"2024-11-15T16:00:53+00:00","article_modified_time":"2024-11-15T20:37:55+00:00","og_image":[{"width":800,"height":1000,"url":"https:\/\/www.nexoinformativo.mx\/wp-content\/uploads\/2024\/11\/unnamed-1-e1731702906564.jpg","type":"image\/jpeg"}],"author":"Nexo Informativo","twitter_card":"summary_large_image","twitter_misc":{"Escrito por":"Nexo Informativo","Tiempo de lectura":"2 minutos"},"schema":{"@context":"https:\/\/schema.org","@graph":[{"@type":"Article","@id":"https:\/\/www.nexoinformativo.mx\/index.php\/2024\/11\/15\/clausuran-9-bares-y-restaurantes-en-el-marques-por-falta-de-licencias\/#article","isPartOf":{"@id":"https:\/\/www.nexoinformativo.mx\/index.php\/2024\/11\/15\/clausuran-9-bares-y-restaurantes-en-el-marques-por-falta-de-licencias\/"},"author":{"name":"Nexo Informativo","@id":"https:\/\/www.nexoinformativo.mx\/#\/schema\/person\/7749d380ba08c8ca00d7bc76fd907b7d"},"headline":"Clausuran 9 Bares y Restaurantes en El Marqu\u00e9s por Falta de Licencias","datePublished":"2024-11-15T16:00:53+00:00","dateModified":"2024-11-15T20:37:55+00:00","mainEntityOfPage":{"@id":"https:\/\/www.nexoinformativo.mx\/index.php\/2024\/11\/15\/clausuran-9-bares-y-restaurantes-en-el-marques-por-falta-de-licencias\/"},"wordCount":261,"commentCount":0,"publisher":{"@id":"https:\/\/www.nexoinformativo.mx\/#organization"},"image":{"@id":"https:\/\/www.nexoinformativo.mx\/index.php\/2024\/11\/15\/clausuran-9-bares-y-restaurantes-en-el-marques-por-falta-de-licencias\/#primaryimage"},"thumbnailUrl":"https:\/\/www.nexoinformativo.mx\/wp-content\/uploads\/2024\/11\/unnamed-1-e1731702906564.jpg","keywords":["ClausurasElMarqu\u00e9s","LicenciasComerciales","OperativosSorpresa","SeguridadCiudadana"],"articleSection":["Municipios","\u00daltima Hora"],"inLanguage":"es","potentialAction":[{"@type":"CommentAction","name":"Comment","target":["https:\/\/www.nexoinformativo.mx\/index.php\/2024\/11\/15\/clausuran-9-bares-y-restaurantes-en-el-marques-por-falta-de-licencias\/#respond"]}]},{"@type":"WebPage","@id":"https:\/\/www.nexoinformativo.mx\/index.php\/2024\/11\/15\/clausuran-9-bares-y-restaurantes-en-el-marques-por-falta-de-licencias\/","url":"https:\/\/www.nexoinformativo.mx\/index.php\/2024\/11\/15\/clausuran-9-bares-y-restaurantes-en-el-marques-por-falta-de-licencias\/","name":"Clausuran 9 Bares y Restaurantes en El Marqu\u00e9s por Falta de Licencias | Nexo Informativo Santiago de Quer\u00e9taro","isPartOf":{"@id":"https:\/\/www.nexoinformativo.mx\/#website"},"primaryImageOfPage":{"@id":"https:\/\/www.nexoinformativo.mx\/index.php\/2024\/11\/15\/clausuran-9-bares-y-restaurantes-en-el-marques-por-falta-de-licencias\/#primaryimage"},"image":{"@id":"https:\/\/www.nexoinformativo.mx\/index.php\/2024\/11\/15\/clausuran-9-bares-y-restaurantes-en-el-marques-por-falta-de-licencias\/#primaryimage"},"thumbnailUrl":"https:\/\/www.nexoinformativo.mx\/wp-content\/uploads\/2024\/11\/unnamed-1-e1731702906564.jpg","datePublished":"2024-11-15T16:00:53+00:00","dateModified":"2024-11-15T20:37:55+00:00","description":"Clausuran 9 Bares y Restaurantes en El Marqu\u00e9s por Falta de Licencias","breadcrumb":{"@id":"https:\/\/www.nexoinformativo.mx\/index.php\/2024\/11\/15\/clausuran-9-bares-y-restaurantes-en-el-marques-por-falta-de-licencias\/#breadcrumb"},"inLanguage":"es","potentialAction":[{"@type":"ReadAction","target":["https:\/\/www.nexoinformativo.mx\/index.php\/2024\/11\/15\/clausuran-9-bares-y-restaurantes-en-el-marques-por-falta-de-licencias\/"]}]},{"@type":"ImageObject","inLanguage":"es","@id":"https:\/\/www.nexoinformativo.mx\/index.php\/2024\/11\/15\/clausuran-9-bares-y-restaurantes-en-el-marques-por-falta-de-licencias\/#primaryimage","url":"https:\/\/www.nexoinformativo.mx\/wp-content\/uploads\/2024\/11\/unnamed-1-e1731702906564.jpg","contentUrl":"https:\/\/www.nexoinformativo.mx\/wp-content\/uploads\/2024\/11\/unnamed-1-e1731702906564.jpg","width":800,"height":1000},{"@type":"BreadcrumbList","@id":"https:\/\/www.nexoinformativo.mx\/index.php\/2024\/11\/15\/clausuran-9-bares-y-restaurantes-en-el-marques-por-falta-de-licencias\/#breadcrumb","itemListElement":[{"@type":"ListItem","position":1,"name":"Inicio","item":"https:\/\/www.nexoinformativo.mx\/"},{"@type":"ListItem","position":2,"name":"Clausuran 9 Bares y Restaurantes en El Marqu\u00e9s por Falta de Licencias"}]},{"@type":"WebSite","@id":"https:\/\/www.nexoinformativo.mx\/#website","url":"https:\/\/www.nexoinformativo.mx\/","name":"Nexo Informativo Santiago de Quer\u00e9taro","description":"Explora NexoInformativo y convi\u00e9rtete en parte de una comunidad que valora el conocimiento y la verdad. Tu nexoinformativo es tu puente hacia una comprensi\u00f3n m\u00e1s profunda del mundo que te rodea.","publisher":{"@id":"https:\/\/www.nexoinformativo.mx\/#organization"},"potentialAction":[{"@type":"SearchAction","target":{"@type":"EntryPoint","urlTemplate":"https:\/\/www.nexoinformativo.mx\/?s={search_term_string}"},"query-input":{"@type":"PropertyValueSpecification","valueRequired":true,"valueName":"search_term_string"}}],"inLanguage":"es"},{"@type":"Organization","@id":"https:\/\/www.nexoinformativo.mx\/#organization","name":"Nexo Informativo Santiago de Quer\u00e9taro","url":"https:\/\/www.nexoinformativo.mx\/","logo":{"@type":"ImageObject","inLanguage":"es","@id":"https:\/\/www.nexoinformativo.mx\/#\/schema\/logo\/image\/","url":"https:\/\/www.nexoinformativo.mx\/wp-content\/uploads\/2024\/07\/nexoi-trasparente-2.png","contentUrl":"https:\/\/www.nexoinformativo.mx\/wp-content\/uploads\/2024\/07\/nexoi-trasparente-2.png","width":816,"height":339,"caption":"Nexo Informativo Santiago de Quer\u00e9taro"},"image":{"@id":"https:\/\/www.nexoinformativo.mx\/#\/schema\/logo\/image\/"},"sameAs":["https:\/\/www.facebook.com\/people\/Nexo-Informativo\/61564066885511\/"]},{"@type":"Person","@id":"https:\/\/www.nexoinformativo.mx\/#\/schema\/person\/7749d380ba08c8ca00d7bc76fd907b7d","name":"Nexo Informativo","image":{"@type":"ImageObject","inLanguage":"es","@id":"https:\/\/www.nexoinformativo.mx\/#\/schema\/person\/image\/","url":"https:\/\/secure.gravatar.com\/avatar\/dde2928154642a13d95f87ddf1ea9718fe2b46760a005c53e41ff5ad610704e6?s=96&d=mm&r=g","contentUrl":"https:\/\/secure.gravatar.com\/avatar\/dde2928154642a13d95f87ddf1ea9718fe2b46760a005c53e41ff5ad610704e6?s=96&d=mm&r=g","caption":"Nexo Informativo"},"url":"https:\/\/www.nexoinformativo.mx\/index.php\/author\/edicion\/"}]}},"_links":{"self":[{"href":"https:\/\/www.nexoinformativo.mx\/index.php\/wp-json\/wp\/v2\/posts\/6144","targetHints":{"allow":["GET"]}}],"collection":[{"href":"https:\/\/www.nexoinformativo.mx\/index.php\/wp-json\/wp\/v2\/posts"}],"about":[{"href":"https:\/\/www.nexoinformativo.mx\/index.php\/wp-json\/wp\/v2\/types\/post"}],"author":[{"embeddable":true,"href":"https:\/\/www.nexoinformativo.mx\/index.php\/wp-json\/wp\/v2\/users\/3"}],"replies":[{"embeddable":true,"href":"https:\/\/www.nexoinformativo.mx\/index.php\/wp-json\/wp\/v2\/comments?post=6144"}],"version-history":[{"count":3,"href":"https:\/\/www.nexoinformativo.mx\/index.php\/wp-json\/wp\/v2\/posts\/6144\/revisions"}],"predecessor-version":[{"id":6149,"href":"https:\/\/www.nexoinformativo.mx\/index.php\/wp-json\/wp\/v2\/posts\/6144\/revisions\/6149"}],"wp:featuredmedia":[{"embeddable":true,"href":"https:\/\/www.nexoinformativo.mx\/index.php\/wp-json\/wp\/v2\/media\/6145"}],"wp:attachment":[{"href":"https:\/\/www.nexoinformativo.mx\/index.php\/wp-json\/wp\/v2\/media?parent=6144"}],"wp:term":[{"taxonomy":"category","embeddable":true,"href":"https:\/\/www.nexoinformativo.mx\/index.php\/wp-json\/wp\/v2\/categories?post=6144"},{"taxonomy":"post_tag","embeddable":true,"href":"https:\/\/www.nexoinformativo.mx\/index.php\/wp-json\/wp\/v2\/tags?post=6144"}],"curies":[{"name":"wp","href":"https:\/\/api.w.org\/{rel}","templated":true}]}}