{"id":6157,"date":"2024-11-15T14:00:31","date_gmt":"2024-11-15T20:00:31","guid":{"rendered":"https:\/\/www.nexoinformativo.mx\/?p=6157"},"modified":"2024-11-15T14:54:10","modified_gmt":"2024-11-15T20:54:10","slug":"jovenes-queretanos-viajan-a-la-nasa-para-participar-en-programa-espacial","status":"publish","type":"post","link":"https:\/\/www.nexoinformativo.mx\/index.php\/2024\/11\/15\/jovenes-queretanos-viajan-a-la-nasa-para-participar-en-programa-espacial\/","title":{"rendered":"J\u00f3venes Queretanos viajan a la NASA para participar en programa espacial"},"content":{"rendered":"<p style=\"text-align: justify;\">Los 22 j\u00f3venes ganadores de la convocatoria <strong>\u201cContigo Quer\u00e9taro digital te lleva al espacio\u201d<\/strong> viajaron a Huntsville, Alabama, Estados Unidos, para participar en el programa <strong>&#8220;International Air &amp; Space Program 2024 (IASP)\u201d<\/strong> de AEXA Aerospace.<\/p>\n<p>&nbsp;<\/p>\n<p style=\"text-align: justify;\">Esta iniciativa, impulsada conjuntamente por la Secretar\u00eda de la Juventud <strong>(SEJUVE)<\/strong> y la Secretar\u00eda de Finanzas, busca ofrecer a los seleccionados la oportunidad de vivir una semana c\u00f3mo astronautas y ampliar sus horizontes de formaci\u00f3n internacional.<\/p>\n<p>&nbsp;<\/p>\n<p style=\"text-align: justify;\">Durante la semana, los participantes recibir\u00e1n entrenamiento en simulador de Gravedad Cero, capacitaci\u00f3n para trabajo como astronauta, experiencia de pilotaje en aeronaves espaciales, talleres de rob\u00f3tica y funcionamiento de cohetes, y entrenamiento bajo el agua, entre otras actividades.<\/p>\n<p>&nbsp;<\/p>\n<p style=\"text-align: justify;\">Este programa est\u00e1 dise\u00f1ado para proporcionar una experiencia inmersiva en el campo aeroespacial y fomentar el desarrollo de habilidades t\u00e9cnicas y cient\u00edficas.<\/p>\n<p>&nbsp;<\/p>\n<p style=\"text-align: justify;\">La convocatoria <strong>\u201cContigo Quer\u00e9taro digital te lleva al espacio\u201d<\/strong> refleja el compromiso del gobierno de Quer\u00e9taro con el desarrollo del talento joven y la promoci\u00f3n de profesionales de alto nivel. Este tipo de iniciativas buscan inspirar a las nuevas generaciones y prepararlas para enfrentar los desaf\u00edos del futuro con creatividad y conocimiento.<\/p>\n<p>&nbsp;<\/p>\n<p style=\"text-align: center;\"><em><strong>\u00a1Informaci\u00f3n que transforma!<\/strong><\/em><\/p>\n","protected":false},"excerpt":{"rendered":"<p>Los 22 j\u00f3venes ganadores de la convocatoria \u201cContigo Quer\u00e9taro digital te lleva al espacio\u201d viajaron a Huntsville, Alabama, Estados Unidos, para participar en el programa &#8220;International Air &#038; Space Program 2024 (IASP)\u201d de AEXA Aerospace.<\/p>\n","protected":false},"author":3,"featured_media":6158,"comment_status":"open","ping_status":"open","sticky":false,"template":"","format":"standard","meta":{"footnotes":""},"categories":[42,58],"tags":[1184,1581,2092,2023],"class_list":["post-6157","post","type-post","status-publish","format-standard","has-post-thumbnail","hentry","category-estado","category-ultima-hora","tag-juventudqueretaro","tag-nasa","tag-programaespacial","tag-sejuve"],"yoast_head":"<!-- This site is optimized with the Yoast SEO plugin v25.0 - https:\/\/yoast.com\/wordpress\/plugins\/seo\/ -->\n<title>J\u00f3venes Queretanos viajan a la NASA para participar en programa espacial | Nexo Informativo Santiago de Quer\u00e9taro<\/title>\n<meta name=\"description\" content=\"J\u00f3venes Queretanos viajan a la NASA para participar en programa espacial\" \/>\n<meta name=\"robots\" content=\"index, follow, max-snippet:-1, max-image-preview:large, max-video-preview:-1\" \/>\n<link rel=\"canonical\" href=\"https:\/\/www.nexoinformativo.mx\/index.php\/2024\/11\/15\/jovenes-queretanos-viajan-a-la-nasa-para-participar-en-programa-espacial\/\" \/>\n<meta property=\"og:locale\" content=\"es_MX\" \/>\n<meta property=\"og:type\" content=\"article\" \/>\n<meta property=\"og:title\" content=\"J\u00f3venes Queretanos viajan a la NASA para participar en programa espacial | Nexo Informativo Santiago de Quer\u00e9taro\" \/>\n<meta property=\"og:description\" content=\"J\u00f3venes Queretanos viajan a la NASA para participar en programa espacial\" \/>\n<meta property=\"og:url\" content=\"https:\/\/www.nexoinformativo.mx\/index.php\/2024\/11\/15\/jovenes-queretanos-viajan-a-la-nasa-para-participar-en-programa-espacial\/\" \/>\n<meta property=\"og:site_name\" content=\"Nexo Informativo Santiago de Quer\u00e9taro\" \/>\n<meta property=\"article:publisher\" content=\"https:\/\/www.facebook.com\/people\/Nexo-Informativo\/61564066885511\/\" \/>\n<meta property=\"article:published_time\" content=\"2024-11-15T20:00:31+00:00\" \/>\n<meta property=\"article:modified_time\" content=\"2024-11-15T20:54:10+00:00\" \/>\n<meta property=\"og:image\" content=\"https:\/\/www.nexoinformativo.mx\/wp-content\/uploads\/2024\/11\/PHOTO-2024-11-15-14-05-57-e1731703905841.jpg\" \/>\n\t<meta property=\"og:image:width\" content=\"700\" \/>\n\t<meta property=\"og:image:height\" content=\"466\" \/>\n\t<meta property=\"og:image:type\" content=\"image\/jpeg\" \/>\n<meta name=\"author\" content=\"Nexo Informativo\" \/>\n<meta name=\"twitter:card\" content=\"summary_large_image\" \/>\n<meta name=\"twitter:label1\" content=\"Escrito por\" \/>\n\t<meta name=\"twitter:data1\" content=\"Nexo Informativo\" \/>\n\t<meta name=\"twitter:label2\" content=\"Tiempo de lectura\" \/>\n\t<meta name=\"twitter:data2\" content=\"2 minutos\" \/>\n<script type=\"application\/ld+json\" class=\"yoast-schema-graph\">{\"@context\":\"https:\/\/schema.org\",\"@graph\":[{\"@type\":\"Article\",\"@id\":\"https:\/\/www.nexoinformativo.mx\/index.php\/2024\/11\/15\/jovenes-queretanos-viajan-a-la-nasa-para-participar-en-programa-espacial\/#article\",\"isPartOf\":{\"@id\":\"https:\/\/www.nexoinformativo.mx\/index.php\/2024\/11\/15\/jovenes-queretanos-viajan-a-la-nasa-para-participar-en-programa-espacial\/\"},\"author\":{\"name\":\"Nexo Informativo\",\"@id\":\"https:\/\/www.nexoinformativo.mx\/#\/schema\/person\/7749d380ba08c8ca00d7bc76fd907b7d\"},\"headline\":\"J\u00f3venes Queretanos viajan a la NASA para participar en programa espacial\",\"datePublished\":\"2024-11-15T20:00:31+00:00\",\"dateModified\":\"2024-11-15T20:54:10+00:00\",\"mainEntityOfPage\":{\"@id\":\"https:\/\/www.nexoinformativo.mx\/index.php\/2024\/11\/15\/jovenes-queretanos-viajan-a-la-nasa-para-participar-en-programa-espacial\/\"},\"wordCount\":218,\"commentCount\":0,\"publisher\":{\"@id\":\"https:\/\/www.nexoinformativo.mx\/#organization\"},\"image\":{\"@id\":\"https:\/\/www.nexoinformativo.mx\/index.php\/2024\/11\/15\/jovenes-queretanos-viajan-a-la-nasa-para-participar-en-programa-espacial\/#primaryimage\"},\"thumbnailUrl\":\"https:\/\/www.nexoinformativo.mx\/wp-content\/uploads\/2024\/11\/PHOTO-2024-11-15-14-05-57-e1731703905841.jpg\",\"keywords\":[\"JuventudQuer\u00e9taro\",\"NASA\",\"ProgramaEspacial\",\"SEJUVE\"],\"articleSection\":[\"Estado\",\"\u00daltima Hora\"],\"inLanguage\":\"es\",\"potentialAction\":[{\"@type\":\"CommentAction\",\"name\":\"Comment\",\"target\":[\"https:\/\/www.nexoinformativo.mx\/index.php\/2024\/11\/15\/jovenes-queretanos-viajan-a-la-nasa-para-participar-en-programa-espacial\/#respond\"]}]},{\"@type\":\"WebPage\",\"@id\":\"https:\/\/www.nexoinformativo.mx\/index.php\/2024\/11\/15\/jovenes-queretanos-viajan-a-la-nasa-para-participar-en-programa-espacial\/\",\"url\":\"https:\/\/www.nexoinformativo.mx\/index.php\/2024\/11\/15\/jovenes-queretanos-viajan-a-la-nasa-para-participar-en-programa-espacial\/\",\"name\":\"J\u00f3venes Queretanos viajan a la NASA para participar en programa espacial | Nexo Informativo Santiago de Quer\u00e9taro\",\"isPartOf\":{\"@id\":\"https:\/\/www.nexoinformativo.mx\/#website\"},\"primaryImageOfPage\":{\"@id\":\"https:\/\/www.nexoinformativo.mx\/index.php\/2024\/11\/15\/jovenes-queretanos-viajan-a-la-nasa-para-participar-en-programa-espacial\/#primaryimage\"},\"image\":{\"@id\":\"https:\/\/www.nexoinformativo.mx\/index.php\/2024\/11\/15\/jovenes-queretanos-viajan-a-la-nasa-para-participar-en-programa-espacial\/#primaryimage\"},\"thumbnailUrl\":\"https:\/\/www.nexoinformativo.mx\/wp-content\/uploads\/2024\/11\/PHOTO-2024-11-15-14-05-57-e1731703905841.jpg\",\"datePublished\":\"2024-11-15T20:00:31+00:00\",\"dateModified\":\"2024-11-15T20:54:10+00:00\",\"description\":\"J\u00f3venes Queretanos viajan a la NASA para participar en programa espacial\",\"breadcrumb\":{\"@id\":\"https:\/\/www.nexoinformativo.mx\/index.php\/2024\/11\/15\/jovenes-queretanos-viajan-a-la-nasa-para-participar-en-programa-espacial\/#breadcrumb\"},\"inLanguage\":\"es\",\"potentialAction\":[{\"@type\":\"ReadAction\",\"target\":[\"https:\/\/www.nexoinformativo.mx\/index.php\/2024\/11\/15\/jovenes-queretanos-viajan-a-la-nasa-para-participar-en-programa-espacial\/\"]}]},{\"@type\":\"ImageObject\",\"inLanguage\":\"es\",\"@id\":\"https:\/\/www.nexoinformativo.mx\/index.php\/2024\/11\/15\/jovenes-queretanos-viajan-a-la-nasa-para-participar-en-programa-espacial\/#primaryimage\",\"url\":\"https:\/\/www.nexoinformativo.mx\/wp-content\/uploads\/2024\/11\/PHOTO-2024-11-15-14-05-57-e1731703905841.jpg\",\"contentUrl\":\"https:\/\/www.nexoinformativo.mx\/wp-content\/uploads\/2024\/11\/PHOTO-2024-11-15-14-05-57-e1731703905841.jpg\",\"width\":700,\"height\":466},{\"@type\":\"BreadcrumbList\",\"@id\":\"https:\/\/www.nexoinformativo.mx\/index.php\/2024\/11\/15\/jovenes-queretanos-viajan-a-la-nasa-para-participar-en-programa-espacial\/#breadcrumb\",\"itemListElement\":[{\"@type\":\"ListItem\",\"position\":1,\"name\":\"Inicio\",\"item\":\"https:\/\/www.nexoinformativo.mx\/\"},{\"@type\":\"ListItem\",\"position\":2,\"name\":\"J\u00f3venes Queretanos viajan a la NASA para participar en programa espacial\"}]},{\"@type\":\"WebSite\",\"@id\":\"https:\/\/www.nexoinformativo.mx\/#website\",\"url\":\"https:\/\/www.nexoinformativo.mx\/\",\"name\":\"Nexo Informativo Santiago de Quer\u00e9taro\",\"description\":\"Explora NexoInformativo y convi\u00e9rtete en parte de una comunidad que valora el conocimiento y la verdad. Tu nexoinformativo es tu puente hacia una comprensi\u00f3n m\u00e1s profunda del mundo que te rodea.\",\"publisher\":{\"@id\":\"https:\/\/www.nexoinformativo.mx\/#organization\"},\"potentialAction\":[{\"@type\":\"SearchAction\",\"target\":{\"@type\":\"EntryPoint\",\"urlTemplate\":\"https:\/\/www.nexoinformativo.mx\/?s={search_term_string}\"},\"query-input\":{\"@type\":\"PropertyValueSpecification\",\"valueRequired\":true,\"valueName\":\"search_term_string\"}}],\"inLanguage\":\"es\"},{\"@type\":\"Organization\",\"@id\":\"https:\/\/www.nexoinformativo.mx\/#organization\",\"name\":\"Nexo Informativo Santiago de Quer\u00e9taro\",\"url\":\"https:\/\/www.nexoinformativo.mx\/\",\"logo\":{\"@type\":\"ImageObject\",\"inLanguage\":\"es\",\"@id\":\"https:\/\/www.nexoinformativo.mx\/#\/schema\/logo\/image\/\",\"url\":\"https:\/\/www.nexoinformativo.mx\/wp-content\/uploads\/2024\/07\/nexoi-trasparente-2.png\",\"contentUrl\":\"https:\/\/www.nexoinformativo.mx\/wp-content\/uploads\/2024\/07\/nexoi-trasparente-2.png\",\"width\":816,\"height\":339,\"caption\":\"Nexo Informativo Santiago de Quer\u00e9taro\"},\"image\":{\"@id\":\"https:\/\/www.nexoinformativo.mx\/#\/schema\/logo\/image\/\"},\"sameAs\":[\"https:\/\/www.facebook.com\/people\/Nexo-Informativo\/61564066885511\/\"]},{\"@type\":\"Person\",\"@id\":\"https:\/\/www.nexoinformativo.mx\/#\/schema\/person\/7749d380ba08c8ca00d7bc76fd907b7d\",\"name\":\"Nexo Informativo\",\"image\":{\"@type\":\"ImageObject\",\"inLanguage\":\"es\",\"@id\":\"https:\/\/www.nexoinformativo.mx\/#\/schema\/person\/image\/\",\"url\":\"https:\/\/secure.gravatar.com\/avatar\/dde2928154642a13d95f87ddf1ea9718fe2b46760a005c53e41ff5ad610704e6?s=96&d=mm&r=g\",\"contentUrl\":\"https:\/\/secure.gravatar.com\/avatar\/dde2928154642a13d95f87ddf1ea9718fe2b46760a005c53e41ff5ad610704e6?s=96&d=mm&r=g\",\"caption\":\"Nexo Informativo\"},\"url\":\"https:\/\/www.nexoinformativo.mx\/index.php\/author\/edicion\/\"}]}<\/script>\n<!-- \/ Yoast SEO plugin. -->","yoast_head_json":{"title":"J\u00f3venes Queretanos viajan a la NASA para participar en programa espacial | Nexo Informativo Santiago de Quer\u00e9taro","description":"J\u00f3venes Queretanos viajan a la NASA para participar en programa espacial","robots":{"index":"index","follow":"follow","max-snippet":"max-snippet:-1","max-image-preview":"max-image-preview:large","max-video-preview":"max-video-preview:-1"},"canonical":"https:\/\/www.nexoinformativo.mx\/index.php\/2024\/11\/15\/jovenes-queretanos-viajan-a-la-nasa-para-participar-en-programa-espacial\/","og_locale":"es_MX","og_type":"article","og_title":"J\u00f3venes Queretanos viajan a la NASA para participar en programa espacial | Nexo Informativo Santiago de Quer\u00e9taro","og_description":"J\u00f3venes Queretanos viajan a la NASA para participar en programa espacial","og_url":"https:\/\/www.nexoinformativo.mx\/index.php\/2024\/11\/15\/jovenes-queretanos-viajan-a-la-nasa-para-participar-en-programa-espacial\/","og_site_name":"Nexo Informativo Santiago de Quer\u00e9taro","article_publisher":"https:\/\/www.facebook.com\/people\/Nexo-Informativo\/61564066885511\/","article_published_time":"2024-11-15T20:00:31+00:00","article_modified_time":"2024-11-15T20:54:10+00:00","og_image":[{"width":700,"height":466,"url":"https:\/\/www.nexoinformativo.mx\/wp-content\/uploads\/2024\/11\/PHOTO-2024-11-15-14-05-57-e1731703905841.jpg","type":"image\/jpeg"}],"author":"Nexo Informativo","twitter_card":"summary_large_image","twitter_misc":{"Escrito por":"Nexo Informativo","Tiempo de lectura":"2 minutos"},"schema":{"@context":"https:\/\/schema.org","@graph":[{"@type":"Article","@id":"https:\/\/www.nexoinformativo.mx\/index.php\/2024\/11\/15\/jovenes-queretanos-viajan-a-la-nasa-para-participar-en-programa-espacial\/#article","isPartOf":{"@id":"https:\/\/www.nexoinformativo.mx\/index.php\/2024\/11\/15\/jovenes-queretanos-viajan-a-la-nasa-para-participar-en-programa-espacial\/"},"author":{"name":"Nexo Informativo","@id":"https:\/\/www.nexoinformativo.mx\/#\/schema\/person\/7749d380ba08c8ca00d7bc76fd907b7d"},"headline":"J\u00f3venes Queretanos viajan a la NASA para participar en programa espacial","datePublished":"2024-11-15T20:00:31+00:00","dateModified":"2024-11-15T20:54:10+00:00","mainEntityOfPage":{"@id":"https:\/\/www.nexoinformativo.mx\/index.php\/2024\/11\/15\/jovenes-queretanos-viajan-a-la-nasa-para-participar-en-programa-espacial\/"},"wordCount":218,"commentCount":0,"publisher":{"@id":"https:\/\/www.nexoinformativo.mx\/#organization"},"image":{"@id":"https:\/\/www.nexoinformativo.mx\/index.php\/2024\/11\/15\/jovenes-queretanos-viajan-a-la-nasa-para-participar-en-programa-espacial\/#primaryimage"},"thumbnailUrl":"https:\/\/www.nexoinformativo.mx\/wp-content\/uploads\/2024\/11\/PHOTO-2024-11-15-14-05-57-e1731703905841.jpg","keywords":["JuventudQuer\u00e9taro","NASA","ProgramaEspacial","SEJUVE"],"articleSection":["Estado","\u00daltima Hora"],"inLanguage":"es","potentialAction":[{"@type":"CommentAction","name":"Comment","target":["https:\/\/www.nexoinformativo.mx\/index.php\/2024\/11\/15\/jovenes-queretanos-viajan-a-la-nasa-para-participar-en-programa-espacial\/#respond"]}]},{"@type":"WebPage","@id":"https:\/\/www.nexoinformativo.mx\/index.php\/2024\/11\/15\/jovenes-queretanos-viajan-a-la-nasa-para-participar-en-programa-espacial\/","url":"https:\/\/www.nexoinformativo.mx\/index.php\/2024\/11\/15\/jovenes-queretanos-viajan-a-la-nasa-para-participar-en-programa-espacial\/","name":"J\u00f3venes Queretanos viajan a la NASA para participar en programa espacial | Nexo Informativo Santiago de Quer\u00e9taro","isPartOf":{"@id":"https:\/\/www.nexoinformativo.mx\/#website"},"primaryImageOfPage":{"@id":"https:\/\/www.nexoinformativo.mx\/index.php\/2024\/11\/15\/jovenes-queretanos-viajan-a-la-nasa-para-participar-en-programa-espacial\/#primaryimage"},"image":{"@id":"https:\/\/www.nexoinformativo.mx\/index.php\/2024\/11\/15\/jovenes-queretanos-viajan-a-la-nasa-para-participar-en-programa-espacial\/#primaryimage"},"thumbnailUrl":"https:\/\/www.nexoinformativo.mx\/wp-content\/uploads\/2024\/11\/PHOTO-2024-11-15-14-05-57-e1731703905841.jpg","datePublished":"2024-11-15T20:00:31+00:00","dateModified":"2024-11-15T20:54:10+00:00","description":"J\u00f3venes Queretanos viajan a la NASA para participar en programa espacial","breadcrumb":{"@id":"https:\/\/www.nexoinformativo.mx\/index.php\/2024\/11\/15\/jovenes-queretanos-viajan-a-la-nasa-para-participar-en-programa-espacial\/#breadcrumb"},"inLanguage":"es","potentialAction":[{"@type":"ReadAction","target":["https:\/\/www.nexoinformativo.mx\/index.php\/2024\/11\/15\/jovenes-queretanos-viajan-a-la-nasa-para-participar-en-programa-espacial\/"]}]},{"@type":"ImageObject","inLanguage":"es","@id":"https:\/\/www.nexoinformativo.mx\/index.php\/2024\/11\/15\/jovenes-queretanos-viajan-a-la-nasa-para-participar-en-programa-espacial\/#primaryimage","url":"https:\/\/www.nexoinformativo.mx\/wp-content\/uploads\/2024\/11\/PHOTO-2024-11-15-14-05-57-e1731703905841.jpg","contentUrl":"https:\/\/www.nexoinformativo.mx\/wp-content\/uploads\/2024\/11\/PHOTO-2024-11-15-14-05-57-e1731703905841.jpg","width":700,"height":466},{"@type":"BreadcrumbList","@id":"https:\/\/www.nexoinformativo.mx\/index.php\/2024\/11\/15\/jovenes-queretanos-viajan-a-la-nasa-para-participar-en-programa-espacial\/#breadcrumb","itemListElement":[{"@type":"ListItem","position":1,"name":"Inicio","item":"https:\/\/www.nexoinformativo.mx\/"},{"@type":"ListItem","position":2,"name":"J\u00f3venes Queretanos viajan a la NASA para participar en programa espacial"}]},{"@type":"WebSite","@id":"https:\/\/www.nexoinformativo.mx\/#website","url":"https:\/\/www.nexoinformativo.mx\/","name":"Nexo Informativo Santiago de Quer\u00e9taro","description":"Explora NexoInformativo y convi\u00e9rtete en parte de una comunidad que valora el conocimiento y la verdad. Tu nexoinformativo es tu puente hacia una comprensi\u00f3n m\u00e1s profunda del mundo que te rodea.","publisher":{"@id":"https:\/\/www.nexoinformativo.mx\/#organization"},"potentialAction":[{"@type":"SearchAction","target":{"@type":"EntryPoint","urlTemplate":"https:\/\/www.nexoinformativo.mx\/?s={search_term_string}"},"query-input":{"@type":"PropertyValueSpecification","valueRequired":true,"valueName":"search_term_string"}}],"inLanguage":"es"},{"@type":"Organization","@id":"https:\/\/www.nexoinformativo.mx\/#organization","name":"Nexo Informativo Santiago de Quer\u00e9taro","url":"https:\/\/www.nexoinformativo.mx\/","logo":{"@type":"ImageObject","inLanguage":"es","@id":"https:\/\/www.nexoinformativo.mx\/#\/schema\/logo\/image\/","url":"https:\/\/www.nexoinformativo.mx\/wp-content\/uploads\/2024\/07\/nexoi-trasparente-2.png","contentUrl":"https:\/\/www.nexoinformativo.mx\/wp-content\/uploads\/2024\/07\/nexoi-trasparente-2.png","width":816,"height":339,"caption":"Nexo Informativo Santiago de Quer\u00e9taro"},"image":{"@id":"https:\/\/www.nexoinformativo.mx\/#\/schema\/logo\/image\/"},"sameAs":["https:\/\/www.facebook.com\/people\/Nexo-Informativo\/61564066885511\/"]},{"@type":"Person","@id":"https:\/\/www.nexoinformativo.mx\/#\/schema\/person\/7749d380ba08c8ca00d7bc76fd907b7d","name":"Nexo Informativo","image":{"@type":"ImageObject","inLanguage":"es","@id":"https:\/\/www.nexoinformativo.mx\/#\/schema\/person\/image\/","url":"https:\/\/secure.gravatar.com\/avatar\/dde2928154642a13d95f87ddf1ea9718fe2b46760a005c53e41ff5ad610704e6?s=96&d=mm&r=g","contentUrl":"https:\/\/secure.gravatar.com\/avatar\/dde2928154642a13d95f87ddf1ea9718fe2b46760a005c53e41ff5ad610704e6?s=96&d=mm&r=g","caption":"Nexo Informativo"},"url":"https:\/\/www.nexoinformativo.mx\/index.php\/author\/edicion\/"}]}},"_links":{"self":[{"href":"https:\/\/www.nexoinformativo.mx\/index.php\/wp-json\/wp\/v2\/posts\/6157","targetHints":{"allow":["GET"]}}],"collection":[{"href":"https:\/\/www.nexoinformativo.mx\/index.php\/wp-json\/wp\/v2\/posts"}],"about":[{"href":"https:\/\/www.nexoinformativo.mx\/index.php\/wp-json\/wp\/v2\/types\/post"}],"author":[{"embeddable":true,"href":"https:\/\/www.nexoinformativo.mx\/index.php\/wp-json\/wp\/v2\/users\/3"}],"replies":[{"embeddable":true,"href":"https:\/\/www.nexoinformativo.mx\/index.php\/wp-json\/wp\/v2\/comments?post=6157"}],"version-history":[{"count":3,"href":"https:\/\/www.nexoinformativo.mx\/index.php\/wp-json\/wp\/v2\/posts\/6157\/revisions"}],"predecessor-version":[{"id":6161,"href":"https:\/\/www.nexoinformativo.mx\/index.php\/wp-json\/wp\/v2\/posts\/6157\/revisions\/6161"}],"wp:featuredmedia":[{"embeddable":true,"href":"https:\/\/www.nexoinformativo.mx\/index.php\/wp-json\/wp\/v2\/media\/6158"}],"wp:attachment":[{"href":"https:\/\/www.nexoinformativo.mx\/index.php\/wp-json\/wp\/v2\/media?parent=6157"}],"wp:term":[{"taxonomy":"category","embeddable":true,"href":"https:\/\/www.nexoinformativo.mx\/index.php\/wp-json\/wp\/v2\/categories?post=6157"},{"taxonomy":"post_tag","embeddable":true,"href":"https:\/\/www.nexoinformativo.mx\/index.php\/wp-json\/wp\/v2\/tags?post=6157"}],"curies":[{"name":"wp","href":"https:\/\/api.w.org\/{rel}","templated":true}]}}