{"id":6162,"date":"2024-11-15T14:00:27","date_gmt":"2024-11-15T20:00:27","guid":{"rendered":"https:\/\/www.nexoinformativo.mx\/?p=6162"},"modified":"2024-11-15T14:59:47","modified_gmt":"2024-11-15T20:59:47","slug":"mauricio-kuri-refuerza-medidas-de-seguridad-con-operativos-en-vulcanizadoras-anexos-bares-y-antros","status":"publish","type":"post","link":"https:\/\/www.nexoinformativo.mx\/index.php\/2024\/11\/15\/mauricio-kuri-refuerza-medidas-de-seguridad-con-operativos-en-vulcanizadoras-anexos-bares-y-antros\/","title":{"rendered":"Mauricio Kuri refuerza medidas de seguridad con operativos en vulcanizadoras, anexos, bares y antros"},"content":{"rendered":"<p style=\"text-align: justify;\">El gobernador del estado, Mauricio Kuri, anunci\u00f3 que se llevar\u00e1n a cabo operativos de revisi\u00f3n en vulcanizadoras, antros, bares y anexos como parte de los trabajos de prevenci\u00f3n para evitar la llegada del crimen organizado. Esta decisi\u00f3n surge a ra\u00edz de los hechos registrados el pasado fin de semana en el bar <strong>Los Cantaritos<\/strong>.<\/p>\n<p>&nbsp;<\/p>\n<p style=\"text-align: justify;\">Kuri enfatiz\u00f3 la necesidad de actuar con mucha precauci\u00f3n y firmeza en aquellos lugares que representen un riesgo. Se\u00f1al\u00f3 que, aunque algunas voces aseguran que estas acciones podr\u00edan violar derechos humanos, la integridad de los queretanos es lo m\u00e1s importante.<\/p>\n<p>&nbsp;<\/p>\n<p style=\"text-align: justify;\">El gobernador destac\u00f3 el acompa\u00f1amiento de la Guardia Nacional y el Ej\u00e9rcito Mexicano en estos trabajos. Adem\u00e1s, afirm\u00f3 que es crucial ser muy cuidadosos con lugares donde podr\u00eda infiltrarse el crimen organizado, como centros nocturnos, vulcanizadoras y anexos.<\/p>\n<p>&nbsp;<\/p>\n<p style=\"text-align: justify;\">Kuri reafirm\u00f3 su compromiso de mantener a Quer\u00e9taro seguro, trabajando de manera coordinada con todas las autoridades y subrayando la importancia de no acostumbrarse a la violencia en el estado.<\/p>\n<p>&nbsp;<\/p>\n<p style=\"text-align: center;\"><em><strong>\u00a1Informaci\u00f3n que transforma!<\/strong><\/em><\/p>\n","protected":false},"excerpt":{"rendered":"<p>El gobernador del estado, Mauricio Kuri, anunci\u00f3 que se llevar\u00e1n a cabo operativos de revisi\u00f3n en vulcanizadoras, antros, bares y anexos como parte de los trabajos de prevenci\u00f3n para evitar la llegada del crimen organizado.<\/p>\n","protected":false},"author":3,"featured_media":5338,"comment_status":"open","ping_status":"open","sticky":false,"template":"","format":"standard","meta":{"footnotes":""},"categories":[42,58],"tags":[206,661,2093,266],"class_list":["post-6162","post","type-post","status-publish","format-standard","has-post-thumbnail","hentry","category-estado","category-ultima-hora","tag-guardianacional","tag-mauriciokuri","tag-operativosprevencion","tag-seguridadqueretaro"],"yoast_head":"<!-- This site is optimized with the Yoast SEO plugin v25.0 - https:\/\/yoast.com\/wordpress\/plugins\/seo\/ -->\n<title>Mauricio Kuri refuerza medidas de seguridad con operativos en vulcanizadoras, anexos, bares y antros | Nexo Informativo Santiago de Quer\u00e9taro<\/title>\n<meta name=\"description\" content=\"Mauricio Kuri refuerza medidas de seguridad con operativos en vulcanizadoras, anexos, bares y antros\" \/>\n<meta name=\"robots\" content=\"index, follow, max-snippet:-1, max-image-preview:large, max-video-preview:-1\" \/>\n<link rel=\"canonical\" href=\"https:\/\/www.nexoinformativo.mx\/index.php\/2024\/11\/15\/mauricio-kuri-refuerza-medidas-de-seguridad-con-operativos-en-vulcanizadoras-anexos-bares-y-antros\/\" \/>\n<meta property=\"og:locale\" content=\"es_MX\" \/>\n<meta property=\"og:type\" content=\"article\" \/>\n<meta property=\"og:title\" content=\"Mauricio Kuri refuerza medidas de seguridad con operativos en vulcanizadoras, anexos, bares y antros | Nexo Informativo Santiago de Quer\u00e9taro\" \/>\n<meta property=\"og:description\" content=\"Mauricio Kuri refuerza medidas de seguridad con operativos en vulcanizadoras, anexos, bares y antros\" \/>\n<meta property=\"og:url\" content=\"https:\/\/www.nexoinformativo.mx\/index.php\/2024\/11\/15\/mauricio-kuri-refuerza-medidas-de-seguridad-con-operativos-en-vulcanizadoras-anexos-bares-y-antros\/\" \/>\n<meta property=\"og:site_name\" content=\"Nexo Informativo Santiago de Quer\u00e9taro\" \/>\n<meta property=\"article:publisher\" content=\"https:\/\/www.facebook.com\/people\/Nexo-Informativo\/61564066885511\/\" \/>\n<meta property=\"article:published_time\" content=\"2024-11-15T20:00:27+00:00\" \/>\n<meta property=\"article:modified_time\" content=\"2024-11-15T20:59:47+00:00\" \/>\n<meta property=\"og:image\" content=\"https:\/\/www.nexoinformativo.mx\/wp-content\/uploads\/2024\/11\/PHOTO-2024-11-05-11-05-53-e1730827376434.jpg\" \/>\n\t<meta property=\"og:image:width\" content=\"700\" \/>\n\t<meta property=\"og:image:height\" content=\"467\" \/>\n\t<meta property=\"og:image:type\" content=\"image\/jpeg\" \/>\n<meta name=\"author\" content=\"Nexo Informativo\" \/>\n<meta name=\"twitter:card\" content=\"summary_large_image\" \/>\n<meta name=\"twitter:label1\" content=\"Escrito por\" \/>\n\t<meta name=\"twitter:data1\" content=\"Nexo Informativo\" \/>\n\t<meta name=\"twitter:label2\" content=\"Tiempo de lectura\" \/>\n\t<meta name=\"twitter:data2\" content=\"1 minuto\" \/>\n<script type=\"application\/ld+json\" class=\"yoast-schema-graph\">{\"@context\":\"https:\/\/schema.org\",\"@graph\":[{\"@type\":\"Article\",\"@id\":\"https:\/\/www.nexoinformativo.mx\/index.php\/2024\/11\/15\/mauricio-kuri-refuerza-medidas-de-seguridad-con-operativos-en-vulcanizadoras-anexos-bares-y-antros\/#article\",\"isPartOf\":{\"@id\":\"https:\/\/www.nexoinformativo.mx\/index.php\/2024\/11\/15\/mauricio-kuri-refuerza-medidas-de-seguridad-con-operativos-en-vulcanizadoras-anexos-bares-y-antros\/\"},\"author\":{\"name\":\"Nexo Informativo\",\"@id\":\"https:\/\/www.nexoinformativo.mx\/#\/schema\/person\/7749d380ba08c8ca00d7bc76fd907b7d\"},\"headline\":\"Mauricio Kuri refuerza medidas de seguridad con operativos en vulcanizadoras, anexos, bares y antros\",\"datePublished\":\"2024-11-15T20:00:27+00:00\",\"dateModified\":\"2024-11-15T20:59:47+00:00\",\"mainEntityOfPage\":{\"@id\":\"https:\/\/www.nexoinformativo.mx\/index.php\/2024\/11\/15\/mauricio-kuri-refuerza-medidas-de-seguridad-con-operativos-en-vulcanizadoras-anexos-bares-y-antros\/\"},\"wordCount\":198,\"commentCount\":0,\"publisher\":{\"@id\":\"https:\/\/www.nexoinformativo.mx\/#organization\"},\"image\":{\"@id\":\"https:\/\/www.nexoinformativo.mx\/index.php\/2024\/11\/15\/mauricio-kuri-refuerza-medidas-de-seguridad-con-operativos-en-vulcanizadoras-anexos-bares-y-antros\/#primaryimage\"},\"thumbnailUrl\":\"https:\/\/www.nexoinformativo.mx\/wp-content\/uploads\/2024\/11\/PHOTO-2024-11-05-11-05-53-e1730827376434.jpg\",\"keywords\":[\"GuardiaNacional\",\"MauricioKuri\",\"OperativosPrevenci\u00f3n\",\"SeguridadQueretaro\"],\"articleSection\":[\"Estado\",\"\u00daltima Hora\"],\"inLanguage\":\"es\",\"potentialAction\":[{\"@type\":\"CommentAction\",\"name\":\"Comment\",\"target\":[\"https:\/\/www.nexoinformativo.mx\/index.php\/2024\/11\/15\/mauricio-kuri-refuerza-medidas-de-seguridad-con-operativos-en-vulcanizadoras-anexos-bares-y-antros\/#respond\"]}]},{\"@type\":\"WebPage\",\"@id\":\"https:\/\/www.nexoinformativo.mx\/index.php\/2024\/11\/15\/mauricio-kuri-refuerza-medidas-de-seguridad-con-operativos-en-vulcanizadoras-anexos-bares-y-antros\/\",\"url\":\"https:\/\/www.nexoinformativo.mx\/index.php\/2024\/11\/15\/mauricio-kuri-refuerza-medidas-de-seguridad-con-operativos-en-vulcanizadoras-anexos-bares-y-antros\/\",\"name\":\"Mauricio Kuri refuerza medidas de seguridad con operativos en vulcanizadoras, anexos, bares y antros | Nexo Informativo Santiago de Quer\u00e9taro\",\"isPartOf\":{\"@id\":\"https:\/\/www.nexoinformativo.mx\/#website\"},\"primaryImageOfPage\":{\"@id\":\"https:\/\/www.nexoinformativo.mx\/index.php\/2024\/11\/15\/mauricio-kuri-refuerza-medidas-de-seguridad-con-operativos-en-vulcanizadoras-anexos-bares-y-antros\/#primaryimage\"},\"image\":{\"@id\":\"https:\/\/www.nexoinformativo.mx\/index.php\/2024\/11\/15\/mauricio-kuri-refuerza-medidas-de-seguridad-con-operativos-en-vulcanizadoras-anexos-bares-y-antros\/#primaryimage\"},\"thumbnailUrl\":\"https:\/\/www.nexoinformativo.mx\/wp-content\/uploads\/2024\/11\/PHOTO-2024-11-05-11-05-53-e1730827376434.jpg\",\"datePublished\":\"2024-11-15T20:00:27+00:00\",\"dateModified\":\"2024-11-15T20:59:47+00:00\",\"description\":\"Mauricio Kuri refuerza medidas de seguridad con operativos en vulcanizadoras, anexos, bares y antros\",\"breadcrumb\":{\"@id\":\"https:\/\/www.nexoinformativo.mx\/index.php\/2024\/11\/15\/mauricio-kuri-refuerza-medidas-de-seguridad-con-operativos-en-vulcanizadoras-anexos-bares-y-antros\/#breadcrumb\"},\"inLanguage\":\"es\",\"potentialAction\":[{\"@type\":\"ReadAction\",\"target\":[\"https:\/\/www.nexoinformativo.mx\/index.php\/2024\/11\/15\/mauricio-kuri-refuerza-medidas-de-seguridad-con-operativos-en-vulcanizadoras-anexos-bares-y-antros\/\"]}]},{\"@type\":\"ImageObject\",\"inLanguage\":\"es\",\"@id\":\"https:\/\/www.nexoinformativo.mx\/index.php\/2024\/11\/15\/mauricio-kuri-refuerza-medidas-de-seguridad-con-operativos-en-vulcanizadoras-anexos-bares-y-antros\/#primaryimage\",\"url\":\"https:\/\/www.nexoinformativo.mx\/wp-content\/uploads\/2024\/11\/PHOTO-2024-11-05-11-05-53-e1730827376434.jpg\",\"contentUrl\":\"https:\/\/www.nexoinformativo.mx\/wp-content\/uploads\/2024\/11\/PHOTO-2024-11-05-11-05-53-e1730827376434.jpg\",\"width\":700,\"height\":467},{\"@type\":\"BreadcrumbList\",\"@id\":\"https:\/\/www.nexoinformativo.mx\/index.php\/2024\/11\/15\/mauricio-kuri-refuerza-medidas-de-seguridad-con-operativos-en-vulcanizadoras-anexos-bares-y-antros\/#breadcrumb\",\"itemListElement\":[{\"@type\":\"ListItem\",\"position\":1,\"name\":\"Inicio\",\"item\":\"https:\/\/www.nexoinformativo.mx\/\"},{\"@type\":\"ListItem\",\"position\":2,\"name\":\"Mauricio Kuri refuerza medidas de seguridad con operativos en vulcanizadoras, anexos, bares y antros\"}]},{\"@type\":\"WebSite\",\"@id\":\"https:\/\/www.nexoinformativo.mx\/#website\",\"url\":\"https:\/\/www.nexoinformativo.mx\/\",\"name\":\"Nexo Informativo Santiago de Quer\u00e9taro\",\"description\":\"Explora NexoInformativo y convi\u00e9rtete en parte de una comunidad que valora el conocimiento y la verdad. Tu nexoinformativo es tu puente hacia una comprensi\u00f3n m\u00e1s profunda del mundo que te rodea.\",\"publisher\":{\"@id\":\"https:\/\/www.nexoinformativo.mx\/#organization\"},\"potentialAction\":[{\"@type\":\"SearchAction\",\"target\":{\"@type\":\"EntryPoint\",\"urlTemplate\":\"https:\/\/www.nexoinformativo.mx\/?s={search_term_string}\"},\"query-input\":{\"@type\":\"PropertyValueSpecification\",\"valueRequired\":true,\"valueName\":\"search_term_string\"}}],\"inLanguage\":\"es\"},{\"@type\":\"Organization\",\"@id\":\"https:\/\/www.nexoinformativo.mx\/#organization\",\"name\":\"Nexo Informativo Santiago de Quer\u00e9taro\",\"url\":\"https:\/\/www.nexoinformativo.mx\/\",\"logo\":{\"@type\":\"ImageObject\",\"inLanguage\":\"es\",\"@id\":\"https:\/\/www.nexoinformativo.mx\/#\/schema\/logo\/image\/\",\"url\":\"https:\/\/www.nexoinformativo.mx\/wp-content\/uploads\/2024\/07\/nexoi-trasparente-2.png\",\"contentUrl\":\"https:\/\/www.nexoinformativo.mx\/wp-content\/uploads\/2024\/07\/nexoi-trasparente-2.png\",\"width\":816,\"height\":339,\"caption\":\"Nexo Informativo Santiago de Quer\u00e9taro\"},\"image\":{\"@id\":\"https:\/\/www.nexoinformativo.mx\/#\/schema\/logo\/image\/\"},\"sameAs\":[\"https:\/\/www.facebook.com\/people\/Nexo-Informativo\/61564066885511\/\"]},{\"@type\":\"Person\",\"@id\":\"https:\/\/www.nexoinformativo.mx\/#\/schema\/person\/7749d380ba08c8ca00d7bc76fd907b7d\",\"name\":\"Nexo Informativo\",\"image\":{\"@type\":\"ImageObject\",\"inLanguage\":\"es\",\"@id\":\"https:\/\/www.nexoinformativo.mx\/#\/schema\/person\/image\/\",\"url\":\"https:\/\/secure.gravatar.com\/avatar\/dde2928154642a13d95f87ddf1ea9718fe2b46760a005c53e41ff5ad610704e6?s=96&d=mm&r=g\",\"contentUrl\":\"https:\/\/secure.gravatar.com\/avatar\/dde2928154642a13d95f87ddf1ea9718fe2b46760a005c53e41ff5ad610704e6?s=96&d=mm&r=g\",\"caption\":\"Nexo Informativo\"},\"url\":\"https:\/\/www.nexoinformativo.mx\/index.php\/author\/edicion\/\"}]}<\/script>\n<!-- \/ Yoast SEO plugin. -->","yoast_head_json":{"title":"Mauricio Kuri refuerza medidas de seguridad con operativos en vulcanizadoras, anexos, bares y antros | Nexo Informativo Santiago de Quer\u00e9taro","description":"Mauricio Kuri refuerza medidas de seguridad con operativos en vulcanizadoras, anexos, bares y antros","robots":{"index":"index","follow":"follow","max-snippet":"max-snippet:-1","max-image-preview":"max-image-preview:large","max-video-preview":"max-video-preview:-1"},"canonical":"https:\/\/www.nexoinformativo.mx\/index.php\/2024\/11\/15\/mauricio-kuri-refuerza-medidas-de-seguridad-con-operativos-en-vulcanizadoras-anexos-bares-y-antros\/","og_locale":"es_MX","og_type":"article","og_title":"Mauricio Kuri refuerza medidas de seguridad con operativos en vulcanizadoras, anexos, bares y antros | Nexo Informativo Santiago de Quer\u00e9taro","og_description":"Mauricio Kuri refuerza medidas de seguridad con operativos en vulcanizadoras, anexos, bares y antros","og_url":"https:\/\/www.nexoinformativo.mx\/index.php\/2024\/11\/15\/mauricio-kuri-refuerza-medidas-de-seguridad-con-operativos-en-vulcanizadoras-anexos-bares-y-antros\/","og_site_name":"Nexo Informativo Santiago de Quer\u00e9taro","article_publisher":"https:\/\/www.facebook.com\/people\/Nexo-Informativo\/61564066885511\/","article_published_time":"2024-11-15T20:00:27+00:00","article_modified_time":"2024-11-15T20:59:47+00:00","og_image":[{"width":700,"height":467,"url":"https:\/\/www.nexoinformativo.mx\/wp-content\/uploads\/2024\/11\/PHOTO-2024-11-05-11-05-53-e1730827376434.jpg","type":"image\/jpeg"}],"author":"Nexo Informativo","twitter_card":"summary_large_image","twitter_misc":{"Escrito por":"Nexo Informativo","Tiempo de lectura":"1 minuto"},"schema":{"@context":"https:\/\/schema.org","@graph":[{"@type":"Article","@id":"https:\/\/www.nexoinformativo.mx\/index.php\/2024\/11\/15\/mauricio-kuri-refuerza-medidas-de-seguridad-con-operativos-en-vulcanizadoras-anexos-bares-y-antros\/#article","isPartOf":{"@id":"https:\/\/www.nexoinformativo.mx\/index.php\/2024\/11\/15\/mauricio-kuri-refuerza-medidas-de-seguridad-con-operativos-en-vulcanizadoras-anexos-bares-y-antros\/"},"author":{"name":"Nexo Informativo","@id":"https:\/\/www.nexoinformativo.mx\/#\/schema\/person\/7749d380ba08c8ca00d7bc76fd907b7d"},"headline":"Mauricio Kuri refuerza medidas de seguridad con operativos en vulcanizadoras, anexos, bares y antros","datePublished":"2024-11-15T20:00:27+00:00","dateModified":"2024-11-15T20:59:47+00:00","mainEntityOfPage":{"@id":"https:\/\/www.nexoinformativo.mx\/index.php\/2024\/11\/15\/mauricio-kuri-refuerza-medidas-de-seguridad-con-operativos-en-vulcanizadoras-anexos-bares-y-antros\/"},"wordCount":198,"commentCount":0,"publisher":{"@id":"https:\/\/www.nexoinformativo.mx\/#organization"},"image":{"@id":"https:\/\/www.nexoinformativo.mx\/index.php\/2024\/11\/15\/mauricio-kuri-refuerza-medidas-de-seguridad-con-operativos-en-vulcanizadoras-anexos-bares-y-antros\/#primaryimage"},"thumbnailUrl":"https:\/\/www.nexoinformativo.mx\/wp-content\/uploads\/2024\/11\/PHOTO-2024-11-05-11-05-53-e1730827376434.jpg","keywords":["GuardiaNacional","MauricioKuri","OperativosPrevenci\u00f3n","SeguridadQueretaro"],"articleSection":["Estado","\u00daltima Hora"],"inLanguage":"es","potentialAction":[{"@type":"CommentAction","name":"Comment","target":["https:\/\/www.nexoinformativo.mx\/index.php\/2024\/11\/15\/mauricio-kuri-refuerza-medidas-de-seguridad-con-operativos-en-vulcanizadoras-anexos-bares-y-antros\/#respond"]}]},{"@type":"WebPage","@id":"https:\/\/www.nexoinformativo.mx\/index.php\/2024\/11\/15\/mauricio-kuri-refuerza-medidas-de-seguridad-con-operativos-en-vulcanizadoras-anexos-bares-y-antros\/","url":"https:\/\/www.nexoinformativo.mx\/index.php\/2024\/11\/15\/mauricio-kuri-refuerza-medidas-de-seguridad-con-operativos-en-vulcanizadoras-anexos-bares-y-antros\/","name":"Mauricio Kuri refuerza medidas de seguridad con operativos en vulcanizadoras, anexos, bares y antros | Nexo Informativo Santiago de Quer\u00e9taro","isPartOf":{"@id":"https:\/\/www.nexoinformativo.mx\/#website"},"primaryImageOfPage":{"@id":"https:\/\/www.nexoinformativo.mx\/index.php\/2024\/11\/15\/mauricio-kuri-refuerza-medidas-de-seguridad-con-operativos-en-vulcanizadoras-anexos-bares-y-antros\/#primaryimage"},"image":{"@id":"https:\/\/www.nexoinformativo.mx\/index.php\/2024\/11\/15\/mauricio-kuri-refuerza-medidas-de-seguridad-con-operativos-en-vulcanizadoras-anexos-bares-y-antros\/#primaryimage"},"thumbnailUrl":"https:\/\/www.nexoinformativo.mx\/wp-content\/uploads\/2024\/11\/PHOTO-2024-11-05-11-05-53-e1730827376434.jpg","datePublished":"2024-11-15T20:00:27+00:00","dateModified":"2024-11-15T20:59:47+00:00","description":"Mauricio Kuri refuerza medidas de seguridad con operativos en vulcanizadoras, anexos, bares y antros","breadcrumb":{"@id":"https:\/\/www.nexoinformativo.mx\/index.php\/2024\/11\/15\/mauricio-kuri-refuerza-medidas-de-seguridad-con-operativos-en-vulcanizadoras-anexos-bares-y-antros\/#breadcrumb"},"inLanguage":"es","potentialAction":[{"@type":"ReadAction","target":["https:\/\/www.nexoinformativo.mx\/index.php\/2024\/11\/15\/mauricio-kuri-refuerza-medidas-de-seguridad-con-operativos-en-vulcanizadoras-anexos-bares-y-antros\/"]}]},{"@type":"ImageObject","inLanguage":"es","@id":"https:\/\/www.nexoinformativo.mx\/index.php\/2024\/11\/15\/mauricio-kuri-refuerza-medidas-de-seguridad-con-operativos-en-vulcanizadoras-anexos-bares-y-antros\/#primaryimage","url":"https:\/\/www.nexoinformativo.mx\/wp-content\/uploads\/2024\/11\/PHOTO-2024-11-05-11-05-53-e1730827376434.jpg","contentUrl":"https:\/\/www.nexoinformativo.mx\/wp-content\/uploads\/2024\/11\/PHOTO-2024-11-05-11-05-53-e1730827376434.jpg","width":700,"height":467},{"@type":"BreadcrumbList","@id":"https:\/\/www.nexoinformativo.mx\/index.php\/2024\/11\/15\/mauricio-kuri-refuerza-medidas-de-seguridad-con-operativos-en-vulcanizadoras-anexos-bares-y-antros\/#breadcrumb","itemListElement":[{"@type":"ListItem","position":1,"name":"Inicio","item":"https:\/\/www.nexoinformativo.mx\/"},{"@type":"ListItem","position":2,"name":"Mauricio Kuri refuerza medidas de seguridad con operativos en vulcanizadoras, anexos, bares y antros"}]},{"@type":"WebSite","@id":"https:\/\/www.nexoinformativo.mx\/#website","url":"https:\/\/www.nexoinformativo.mx\/","name":"Nexo Informativo Santiago de Quer\u00e9taro","description":"Explora NexoInformativo y convi\u00e9rtete en parte de una comunidad que valora el conocimiento y la verdad. Tu nexoinformativo es tu puente hacia una comprensi\u00f3n m\u00e1s profunda del mundo que te rodea.","publisher":{"@id":"https:\/\/www.nexoinformativo.mx\/#organization"},"potentialAction":[{"@type":"SearchAction","target":{"@type":"EntryPoint","urlTemplate":"https:\/\/www.nexoinformativo.mx\/?s={search_term_string}"},"query-input":{"@type":"PropertyValueSpecification","valueRequired":true,"valueName":"search_term_string"}}],"inLanguage":"es"},{"@type":"Organization","@id":"https:\/\/www.nexoinformativo.mx\/#organization","name":"Nexo Informativo Santiago de Quer\u00e9taro","url":"https:\/\/www.nexoinformativo.mx\/","logo":{"@type":"ImageObject","inLanguage":"es","@id":"https:\/\/www.nexoinformativo.mx\/#\/schema\/logo\/image\/","url":"https:\/\/www.nexoinformativo.mx\/wp-content\/uploads\/2024\/07\/nexoi-trasparente-2.png","contentUrl":"https:\/\/www.nexoinformativo.mx\/wp-content\/uploads\/2024\/07\/nexoi-trasparente-2.png","width":816,"height":339,"caption":"Nexo Informativo Santiago de Quer\u00e9taro"},"image":{"@id":"https:\/\/www.nexoinformativo.mx\/#\/schema\/logo\/image\/"},"sameAs":["https:\/\/www.facebook.com\/people\/Nexo-Informativo\/61564066885511\/"]},{"@type":"Person","@id":"https:\/\/www.nexoinformativo.mx\/#\/schema\/person\/7749d380ba08c8ca00d7bc76fd907b7d","name":"Nexo Informativo","image":{"@type":"ImageObject","inLanguage":"es","@id":"https:\/\/www.nexoinformativo.mx\/#\/schema\/person\/image\/","url":"https:\/\/secure.gravatar.com\/avatar\/dde2928154642a13d95f87ddf1ea9718fe2b46760a005c53e41ff5ad610704e6?s=96&d=mm&r=g","contentUrl":"https:\/\/secure.gravatar.com\/avatar\/dde2928154642a13d95f87ddf1ea9718fe2b46760a005c53e41ff5ad610704e6?s=96&d=mm&r=g","caption":"Nexo Informativo"},"url":"https:\/\/www.nexoinformativo.mx\/index.php\/author\/edicion\/"}]}},"_links":{"self":[{"href":"https:\/\/www.nexoinformativo.mx\/index.php\/wp-json\/wp\/v2\/posts\/6162","targetHints":{"allow":["GET"]}}],"collection":[{"href":"https:\/\/www.nexoinformativo.mx\/index.php\/wp-json\/wp\/v2\/posts"}],"about":[{"href":"https:\/\/www.nexoinformativo.mx\/index.php\/wp-json\/wp\/v2\/types\/post"}],"author":[{"embeddable":true,"href":"https:\/\/www.nexoinformativo.mx\/index.php\/wp-json\/wp\/v2\/users\/3"}],"replies":[{"embeddable":true,"href":"https:\/\/www.nexoinformativo.mx\/index.php\/wp-json\/wp\/v2\/comments?post=6162"}],"version-history":[{"count":2,"href":"https:\/\/www.nexoinformativo.mx\/index.php\/wp-json\/wp\/v2\/posts\/6162\/revisions"}],"predecessor-version":[{"id":6164,"href":"https:\/\/www.nexoinformativo.mx\/index.php\/wp-json\/wp\/v2\/posts\/6162\/revisions\/6164"}],"wp:featuredmedia":[{"embeddable":true,"href":"https:\/\/www.nexoinformativo.mx\/index.php\/wp-json\/wp\/v2\/media\/5338"}],"wp:attachment":[{"href":"https:\/\/www.nexoinformativo.mx\/index.php\/wp-json\/wp\/v2\/media?parent=6162"}],"wp:term":[{"taxonomy":"category","embeddable":true,"href":"https:\/\/www.nexoinformativo.mx\/index.php\/wp-json\/wp\/v2\/categories?post=6162"},{"taxonomy":"post_tag","embeddable":true,"href":"https:\/\/www.nexoinformativo.mx\/index.php\/wp-json\/wp\/v2\/tags?post=6162"}],"curies":[{"name":"wp","href":"https:\/\/api.w.org\/{rel}","templated":true}]}}