{"id":6191,"date":"2024-11-16T08:00:30","date_gmt":"2024-11-16T14:00:30","guid":{"rendered":"https:\/\/www.nexoinformativo.mx\/?p=6191"},"modified":"2024-11-16T08:29:00","modified_gmt":"2024-11-16T14:29:00","slug":"presupuesto-2025-claves-del-paquete-economico-de-claudia-sheinbaum-para-impulsar-el-crecimiento-economico","status":"publish","type":"post","link":"https:\/\/www.nexoinformativo.mx\/index.php\/2024\/11\/16\/presupuesto-2025-claves-del-paquete-economico-de-claudia-sheinbaum-para-impulsar-el-crecimiento-economico\/","title":{"rendered":"Presupuesto 2025: Claves del Paquete Econ\u00f3mico de Claudia Sheinbaum para impulsar el crecimiento de M\u00e9xico"},"content":{"rendered":"<p style=\"text-align: justify;\">El Gobierno de Claudia Sheinbaum ha entregado el Paquete Econ\u00f3mico 2025 a la C\u00e1mara de Diputados, estableciendo las pol\u00edticas p\u00fablicas necesarias para alcanzar las metas de estabilidad y crecimiento econ\u00f3mico durante el arranque de su sexenio. Este documento gu\u00eda las previsiones de la Secretar\u00eda de Hacienda y Cr\u00e9dito P\u00fablico (SHCP) y define c\u00f3mo se obtendr\u00e1n y distribuir\u00e1n los recursos p\u00fablicos.<\/p>\n<p>&nbsp;<\/p>\n<p style=\"text-align: justify;\">El paquete econ\u00f3mico incluye los criterios generales de pol\u00edtica econ\u00f3mica, estos elementos entrar\u00e1n en vigor en 2025 tras su aprobaci\u00f3n en el Congreso. La propuesta se entreg\u00f3 ayer 15 de noviembre y espera su aprobaci\u00f3n a mas tardar el 31 de diciembre.<\/p>\n<p>&nbsp;<\/p>\n<p style=\"text-align: justify;\">La Secretar\u00eda de Hacienda proyecta un crecimiento del Producto Interno Bruto (PIB) entre 2% y 3% al a\u00f1o en t\u00e9rminos reales, superando los pron\u00f3sticos de organismos internacionales. Tambi\u00e9n se espera una tendencia decreciente en la inflaci\u00f3n, estimada en 3.5% al cierre de 2025, y un tipo de cambio de $18.7 por d\u00f3lar.<\/p>\n<p>&nbsp;<\/p>\n<p style=\"text-align: justify;\">La recaudaci\u00f3n tributaria y los ingresos petroleros son las principales fuentes de financiamiento. Se estiman ingresos por 8 billones de pesos, con 5.3 billones provenientes de ingresos tributarios. La estrategia incluye medidas para combatir el fraude fiscal y promover la digitalizaci\u00f3n y simplificaci\u00f3n en el pago de contribuciones.<\/p>\n<p>&nbsp;<\/p>\n<p style=\"text-align: justify;\">Los programas del Bienestar, como las pensiones para adultos mayores y las becas Benito Ju\u00e1rez, encabezan las prioridades del presupuesto 2025. Tambi\u00e9n se incluyen programas destinados a fortalecer el campo, como Sembrando Vida y Producci\u00f3n para el Bienestar.<\/p>\n<p>&nbsp;<\/p>\n<p style=\"text-align: center;\"><em><strong>\u00a1Informaci\u00f3n que transforma!<\/strong><\/em><\/p>\n","protected":false},"excerpt":{"rendered":"<p>El Gobierno de Claudia Sheinbaum ha entregado el Paquete Econ\u00f3mico 2025 a la C\u00e1mara de Diputados, estableciendo las pol\u00edticas p\u00fablicas necesarias para alcanzar las metas de estabilidad y crecimiento econ\u00f3mico durante el arranque de su sexenio.<\/p>\n","protected":false},"author":3,"featured_media":6192,"comment_status":"open","ping_status":"open","sticky":false,"template":"","format":"standard","meta":{"footnotes":""},"categories":[5,88,58],"tags":[967,279,1314,1395],"class_list":["post-6191","post","type-post","status-publish","format-standard","has-post-thumbnail","hentry","category-economia","category-nacional","category-ultima-hora","tag-claudiasheinbaum","tag-crecimientoeconomico","tag-economiamexico","tag-presupuesto2025"],"yoast_head":"<!-- This site is optimized with the Yoast SEO plugin v25.0 - https:\/\/yoast.com\/wordpress\/plugins\/seo\/ -->\n<title>Presupuesto 2025: Claves del Paquete Econ\u00f3mico de Claudia Sheinbaum para impulsar el crecimiento de M\u00e9xico | Nexo Informativo Santiago de Quer\u00e9taro<\/title>\n<meta name=\"description\" content=\"Presupuesto 2025: Claves del Paquete Econ\u00f3mico de Claudia Sheinbaum para impulsar el crecimiento de M\u00e9xico\" \/>\n<meta name=\"robots\" content=\"index, follow, max-snippet:-1, max-image-preview:large, max-video-preview:-1\" \/>\n<link rel=\"canonical\" href=\"https:\/\/www.nexoinformativo.mx\/index.php\/2024\/11\/16\/presupuesto-2025-claves-del-paquete-economico-de-claudia-sheinbaum-para-impulsar-el-crecimiento-economico\/\" \/>\n<meta property=\"og:locale\" content=\"es_MX\" \/>\n<meta property=\"og:type\" content=\"article\" \/>\n<meta property=\"og:title\" content=\"Presupuesto 2025: Claves del Paquete Econ\u00f3mico de Claudia Sheinbaum para impulsar el crecimiento de M\u00e9xico | Nexo Informativo Santiago de Quer\u00e9taro\" \/>\n<meta property=\"og:description\" content=\"Presupuesto 2025: Claves del Paquete Econ\u00f3mico de Claudia Sheinbaum para impulsar el crecimiento de M\u00e9xico\" \/>\n<meta property=\"og:url\" content=\"https:\/\/www.nexoinformativo.mx\/index.php\/2024\/11\/16\/presupuesto-2025-claves-del-paquete-economico-de-claudia-sheinbaum-para-impulsar-el-crecimiento-economico\/\" \/>\n<meta property=\"og:site_name\" content=\"Nexo Informativo Santiago de Quer\u00e9taro\" \/>\n<meta property=\"article:publisher\" content=\"https:\/\/www.facebook.com\/people\/Nexo-Informativo\/61564066885511\/\" \/>\n<meta property=\"article:published_time\" content=\"2024-11-16T14:00:30+00:00\" \/>\n<meta property=\"article:modified_time\" content=\"2024-11-16T14:29:00+00:00\" \/>\n<meta property=\"og:image\" content=\"https:\/\/www.nexoinformativo.mx\/wp-content\/uploads\/2024\/11\/IMG_3665-e1731767245289.jpg\" \/>\n\t<meta property=\"og:image:width\" content=\"600\" \/>\n\t<meta property=\"og:image:height\" content=\"426\" \/>\n\t<meta property=\"og:image:type\" content=\"image\/jpeg\" \/>\n<meta name=\"author\" content=\"Nexo Informativo\" \/>\n<meta name=\"twitter:card\" content=\"summary_large_image\" \/>\n<meta name=\"twitter:label1\" content=\"Escrito por\" \/>\n\t<meta name=\"twitter:data1\" content=\"Nexo Informativo\" \/>\n\t<meta name=\"twitter:label2\" content=\"Tiempo de lectura\" \/>\n\t<meta name=\"twitter:data2\" content=\"2 minutos\" \/>\n<script type=\"application\/ld+json\" class=\"yoast-schema-graph\">{\"@context\":\"https:\/\/schema.org\",\"@graph\":[{\"@type\":\"Article\",\"@id\":\"https:\/\/www.nexoinformativo.mx\/index.php\/2024\/11\/16\/presupuesto-2025-claves-del-paquete-economico-de-claudia-sheinbaum-para-impulsar-el-crecimiento-economico\/#article\",\"isPartOf\":{\"@id\":\"https:\/\/www.nexoinformativo.mx\/index.php\/2024\/11\/16\/presupuesto-2025-claves-del-paquete-economico-de-claudia-sheinbaum-para-impulsar-el-crecimiento-economico\/\"},\"author\":{\"name\":\"Nexo Informativo\",\"@id\":\"https:\/\/www.nexoinformativo.mx\/#\/schema\/person\/7749d380ba08c8ca00d7bc76fd907b7d\"},\"headline\":\"Presupuesto 2025: Claves del Paquete Econ\u00f3mico de Claudia Sheinbaum para impulsar el crecimiento de M\u00e9xico\",\"datePublished\":\"2024-11-16T14:00:30+00:00\",\"dateModified\":\"2024-11-16T14:29:00+00:00\",\"mainEntityOfPage\":{\"@id\":\"https:\/\/www.nexoinformativo.mx\/index.php\/2024\/11\/16\/presupuesto-2025-claves-del-paquete-economico-de-claudia-sheinbaum-para-impulsar-el-crecimiento-economico\/\"},\"wordCount\":285,\"commentCount\":0,\"publisher\":{\"@id\":\"https:\/\/www.nexoinformativo.mx\/#organization\"},\"image\":{\"@id\":\"https:\/\/www.nexoinformativo.mx\/index.php\/2024\/11\/16\/presupuesto-2025-claves-del-paquete-economico-de-claudia-sheinbaum-para-impulsar-el-crecimiento-economico\/#primaryimage\"},\"thumbnailUrl\":\"https:\/\/www.nexoinformativo.mx\/wp-content\/uploads\/2024\/11\/IMG_3665-e1731767245289.jpg\",\"keywords\":[\"ClaudiaSheinbaum\",\"CrecimientoEconomico\",\"Econom\u00edaM\u00e9xico\",\"Presupuesto2025\"],\"articleSection\":[\"Econom\u00eda\",\"Nacional\",\"\u00daltima Hora\"],\"inLanguage\":\"es\",\"potentialAction\":[{\"@type\":\"CommentAction\",\"name\":\"Comment\",\"target\":[\"https:\/\/www.nexoinformativo.mx\/index.php\/2024\/11\/16\/presupuesto-2025-claves-del-paquete-economico-de-claudia-sheinbaum-para-impulsar-el-crecimiento-economico\/#respond\"]}]},{\"@type\":\"WebPage\",\"@id\":\"https:\/\/www.nexoinformativo.mx\/index.php\/2024\/11\/16\/presupuesto-2025-claves-del-paquete-economico-de-claudia-sheinbaum-para-impulsar-el-crecimiento-economico\/\",\"url\":\"https:\/\/www.nexoinformativo.mx\/index.php\/2024\/11\/16\/presupuesto-2025-claves-del-paquete-economico-de-claudia-sheinbaum-para-impulsar-el-crecimiento-economico\/\",\"name\":\"Presupuesto 2025: Claves del Paquete Econ\u00f3mico de Claudia Sheinbaum para impulsar el crecimiento de M\u00e9xico | Nexo Informativo Santiago de Quer\u00e9taro\",\"isPartOf\":{\"@id\":\"https:\/\/www.nexoinformativo.mx\/#website\"},\"primaryImageOfPage\":{\"@id\":\"https:\/\/www.nexoinformativo.mx\/index.php\/2024\/11\/16\/presupuesto-2025-claves-del-paquete-economico-de-claudia-sheinbaum-para-impulsar-el-crecimiento-economico\/#primaryimage\"},\"image\":{\"@id\":\"https:\/\/www.nexoinformativo.mx\/index.php\/2024\/11\/16\/presupuesto-2025-claves-del-paquete-economico-de-claudia-sheinbaum-para-impulsar-el-crecimiento-economico\/#primaryimage\"},\"thumbnailUrl\":\"https:\/\/www.nexoinformativo.mx\/wp-content\/uploads\/2024\/11\/IMG_3665-e1731767245289.jpg\",\"datePublished\":\"2024-11-16T14:00:30+00:00\",\"dateModified\":\"2024-11-16T14:29:00+00:00\",\"description\":\"Presupuesto 2025: Claves del Paquete Econ\u00f3mico de Claudia Sheinbaum para impulsar el crecimiento de M\u00e9xico\",\"breadcrumb\":{\"@id\":\"https:\/\/www.nexoinformativo.mx\/index.php\/2024\/11\/16\/presupuesto-2025-claves-del-paquete-economico-de-claudia-sheinbaum-para-impulsar-el-crecimiento-economico\/#breadcrumb\"},\"inLanguage\":\"es\",\"potentialAction\":[{\"@type\":\"ReadAction\",\"target\":[\"https:\/\/www.nexoinformativo.mx\/index.php\/2024\/11\/16\/presupuesto-2025-claves-del-paquete-economico-de-claudia-sheinbaum-para-impulsar-el-crecimiento-economico\/\"]}]},{\"@type\":\"ImageObject\",\"inLanguage\":\"es\",\"@id\":\"https:\/\/www.nexoinformativo.mx\/index.php\/2024\/11\/16\/presupuesto-2025-claves-del-paquete-economico-de-claudia-sheinbaum-para-impulsar-el-crecimiento-economico\/#primaryimage\",\"url\":\"https:\/\/www.nexoinformativo.mx\/wp-content\/uploads\/2024\/11\/IMG_3665-e1731767245289.jpg\",\"contentUrl\":\"https:\/\/www.nexoinformativo.mx\/wp-content\/uploads\/2024\/11\/IMG_3665-e1731767245289.jpg\",\"width\":600,\"height\":426},{\"@type\":\"BreadcrumbList\",\"@id\":\"https:\/\/www.nexoinformativo.mx\/index.php\/2024\/11\/16\/presupuesto-2025-claves-del-paquete-economico-de-claudia-sheinbaum-para-impulsar-el-crecimiento-economico\/#breadcrumb\",\"itemListElement\":[{\"@type\":\"ListItem\",\"position\":1,\"name\":\"Inicio\",\"item\":\"https:\/\/www.nexoinformativo.mx\/\"},{\"@type\":\"ListItem\",\"position\":2,\"name\":\"Presupuesto 2025: Claves del Paquete Econ\u00f3mico de Claudia Sheinbaum para impulsar el crecimiento de M\u00e9xico\"}]},{\"@type\":\"WebSite\",\"@id\":\"https:\/\/www.nexoinformativo.mx\/#website\",\"url\":\"https:\/\/www.nexoinformativo.mx\/\",\"name\":\"Nexo Informativo Santiago de Quer\u00e9taro\",\"description\":\"Explora NexoInformativo y convi\u00e9rtete en parte de una comunidad que valora el conocimiento y la verdad. Tu nexoinformativo es tu puente hacia una comprensi\u00f3n m\u00e1s profunda del mundo que te rodea.\",\"publisher\":{\"@id\":\"https:\/\/www.nexoinformativo.mx\/#organization\"},\"potentialAction\":[{\"@type\":\"SearchAction\",\"target\":{\"@type\":\"EntryPoint\",\"urlTemplate\":\"https:\/\/www.nexoinformativo.mx\/?s={search_term_string}\"},\"query-input\":{\"@type\":\"PropertyValueSpecification\",\"valueRequired\":true,\"valueName\":\"search_term_string\"}}],\"inLanguage\":\"es\"},{\"@type\":\"Organization\",\"@id\":\"https:\/\/www.nexoinformativo.mx\/#organization\",\"name\":\"Nexo Informativo Santiago de Quer\u00e9taro\",\"url\":\"https:\/\/www.nexoinformativo.mx\/\",\"logo\":{\"@type\":\"ImageObject\",\"inLanguage\":\"es\",\"@id\":\"https:\/\/www.nexoinformativo.mx\/#\/schema\/logo\/image\/\",\"url\":\"https:\/\/www.nexoinformativo.mx\/wp-content\/uploads\/2024\/07\/nexoi-trasparente-2.png\",\"contentUrl\":\"https:\/\/www.nexoinformativo.mx\/wp-content\/uploads\/2024\/07\/nexoi-trasparente-2.png\",\"width\":816,\"height\":339,\"caption\":\"Nexo Informativo Santiago de Quer\u00e9taro\"},\"image\":{\"@id\":\"https:\/\/www.nexoinformativo.mx\/#\/schema\/logo\/image\/\"},\"sameAs\":[\"https:\/\/www.facebook.com\/people\/Nexo-Informativo\/61564066885511\/\"]},{\"@type\":\"Person\",\"@id\":\"https:\/\/www.nexoinformativo.mx\/#\/schema\/person\/7749d380ba08c8ca00d7bc76fd907b7d\",\"name\":\"Nexo Informativo\",\"image\":{\"@type\":\"ImageObject\",\"inLanguage\":\"es\",\"@id\":\"https:\/\/www.nexoinformativo.mx\/#\/schema\/person\/image\/\",\"url\":\"https:\/\/secure.gravatar.com\/avatar\/dde2928154642a13d95f87ddf1ea9718fe2b46760a005c53e41ff5ad610704e6?s=96&d=mm&r=g\",\"contentUrl\":\"https:\/\/secure.gravatar.com\/avatar\/dde2928154642a13d95f87ddf1ea9718fe2b46760a005c53e41ff5ad610704e6?s=96&d=mm&r=g\",\"caption\":\"Nexo Informativo\"},\"url\":\"https:\/\/www.nexoinformativo.mx\/index.php\/author\/edicion\/\"}]}<\/script>\n<!-- \/ Yoast SEO plugin. -->","yoast_head_json":{"title":"Presupuesto 2025: Claves del Paquete Econ\u00f3mico de Claudia Sheinbaum para impulsar el crecimiento de M\u00e9xico | Nexo Informativo Santiago de Quer\u00e9taro","description":"Presupuesto 2025: Claves del Paquete Econ\u00f3mico de Claudia Sheinbaum para impulsar el crecimiento de M\u00e9xico","robots":{"index":"index","follow":"follow","max-snippet":"max-snippet:-1","max-image-preview":"max-image-preview:large","max-video-preview":"max-video-preview:-1"},"canonical":"https:\/\/www.nexoinformativo.mx\/index.php\/2024\/11\/16\/presupuesto-2025-claves-del-paquete-economico-de-claudia-sheinbaum-para-impulsar-el-crecimiento-economico\/","og_locale":"es_MX","og_type":"article","og_title":"Presupuesto 2025: Claves del Paquete Econ\u00f3mico de Claudia Sheinbaum para impulsar el crecimiento de M\u00e9xico | Nexo Informativo Santiago de Quer\u00e9taro","og_description":"Presupuesto 2025: Claves del Paquete Econ\u00f3mico de Claudia Sheinbaum para impulsar el crecimiento de M\u00e9xico","og_url":"https:\/\/www.nexoinformativo.mx\/index.php\/2024\/11\/16\/presupuesto-2025-claves-del-paquete-economico-de-claudia-sheinbaum-para-impulsar-el-crecimiento-economico\/","og_site_name":"Nexo Informativo Santiago de Quer\u00e9taro","article_publisher":"https:\/\/www.facebook.com\/people\/Nexo-Informativo\/61564066885511\/","article_published_time":"2024-11-16T14:00:30+00:00","article_modified_time":"2024-11-16T14:29:00+00:00","og_image":[{"width":600,"height":426,"url":"https:\/\/www.nexoinformativo.mx\/wp-content\/uploads\/2024\/11\/IMG_3665-e1731767245289.jpg","type":"image\/jpeg"}],"author":"Nexo Informativo","twitter_card":"summary_large_image","twitter_misc":{"Escrito por":"Nexo Informativo","Tiempo de lectura":"2 minutos"},"schema":{"@context":"https:\/\/schema.org","@graph":[{"@type":"Article","@id":"https:\/\/www.nexoinformativo.mx\/index.php\/2024\/11\/16\/presupuesto-2025-claves-del-paquete-economico-de-claudia-sheinbaum-para-impulsar-el-crecimiento-economico\/#article","isPartOf":{"@id":"https:\/\/www.nexoinformativo.mx\/index.php\/2024\/11\/16\/presupuesto-2025-claves-del-paquete-economico-de-claudia-sheinbaum-para-impulsar-el-crecimiento-economico\/"},"author":{"name":"Nexo Informativo","@id":"https:\/\/www.nexoinformativo.mx\/#\/schema\/person\/7749d380ba08c8ca00d7bc76fd907b7d"},"headline":"Presupuesto 2025: Claves del Paquete Econ\u00f3mico de Claudia Sheinbaum para impulsar el crecimiento de M\u00e9xico","datePublished":"2024-11-16T14:00:30+00:00","dateModified":"2024-11-16T14:29:00+00:00","mainEntityOfPage":{"@id":"https:\/\/www.nexoinformativo.mx\/index.php\/2024\/11\/16\/presupuesto-2025-claves-del-paquete-economico-de-claudia-sheinbaum-para-impulsar-el-crecimiento-economico\/"},"wordCount":285,"commentCount":0,"publisher":{"@id":"https:\/\/www.nexoinformativo.mx\/#organization"},"image":{"@id":"https:\/\/www.nexoinformativo.mx\/index.php\/2024\/11\/16\/presupuesto-2025-claves-del-paquete-economico-de-claudia-sheinbaum-para-impulsar-el-crecimiento-economico\/#primaryimage"},"thumbnailUrl":"https:\/\/www.nexoinformativo.mx\/wp-content\/uploads\/2024\/11\/IMG_3665-e1731767245289.jpg","keywords":["ClaudiaSheinbaum","CrecimientoEconomico","Econom\u00edaM\u00e9xico","Presupuesto2025"],"articleSection":["Econom\u00eda","Nacional","\u00daltima Hora"],"inLanguage":"es","potentialAction":[{"@type":"CommentAction","name":"Comment","target":["https:\/\/www.nexoinformativo.mx\/index.php\/2024\/11\/16\/presupuesto-2025-claves-del-paquete-economico-de-claudia-sheinbaum-para-impulsar-el-crecimiento-economico\/#respond"]}]},{"@type":"WebPage","@id":"https:\/\/www.nexoinformativo.mx\/index.php\/2024\/11\/16\/presupuesto-2025-claves-del-paquete-economico-de-claudia-sheinbaum-para-impulsar-el-crecimiento-economico\/","url":"https:\/\/www.nexoinformativo.mx\/index.php\/2024\/11\/16\/presupuesto-2025-claves-del-paquete-economico-de-claudia-sheinbaum-para-impulsar-el-crecimiento-economico\/","name":"Presupuesto 2025: Claves del Paquete Econ\u00f3mico de Claudia Sheinbaum para impulsar el crecimiento de M\u00e9xico | Nexo Informativo Santiago de Quer\u00e9taro","isPartOf":{"@id":"https:\/\/www.nexoinformativo.mx\/#website"},"primaryImageOfPage":{"@id":"https:\/\/www.nexoinformativo.mx\/index.php\/2024\/11\/16\/presupuesto-2025-claves-del-paquete-economico-de-claudia-sheinbaum-para-impulsar-el-crecimiento-economico\/#primaryimage"},"image":{"@id":"https:\/\/www.nexoinformativo.mx\/index.php\/2024\/11\/16\/presupuesto-2025-claves-del-paquete-economico-de-claudia-sheinbaum-para-impulsar-el-crecimiento-economico\/#primaryimage"},"thumbnailUrl":"https:\/\/www.nexoinformativo.mx\/wp-content\/uploads\/2024\/11\/IMG_3665-e1731767245289.jpg","datePublished":"2024-11-16T14:00:30+00:00","dateModified":"2024-11-16T14:29:00+00:00","description":"Presupuesto 2025: Claves del Paquete Econ\u00f3mico de Claudia Sheinbaum para impulsar el crecimiento de M\u00e9xico","breadcrumb":{"@id":"https:\/\/www.nexoinformativo.mx\/index.php\/2024\/11\/16\/presupuesto-2025-claves-del-paquete-economico-de-claudia-sheinbaum-para-impulsar-el-crecimiento-economico\/#breadcrumb"},"inLanguage":"es","potentialAction":[{"@type":"ReadAction","target":["https:\/\/www.nexoinformativo.mx\/index.php\/2024\/11\/16\/presupuesto-2025-claves-del-paquete-economico-de-claudia-sheinbaum-para-impulsar-el-crecimiento-economico\/"]}]},{"@type":"ImageObject","inLanguage":"es","@id":"https:\/\/www.nexoinformativo.mx\/index.php\/2024\/11\/16\/presupuesto-2025-claves-del-paquete-economico-de-claudia-sheinbaum-para-impulsar-el-crecimiento-economico\/#primaryimage","url":"https:\/\/www.nexoinformativo.mx\/wp-content\/uploads\/2024\/11\/IMG_3665-e1731767245289.jpg","contentUrl":"https:\/\/www.nexoinformativo.mx\/wp-content\/uploads\/2024\/11\/IMG_3665-e1731767245289.jpg","width":600,"height":426},{"@type":"BreadcrumbList","@id":"https:\/\/www.nexoinformativo.mx\/index.php\/2024\/11\/16\/presupuesto-2025-claves-del-paquete-economico-de-claudia-sheinbaum-para-impulsar-el-crecimiento-economico\/#breadcrumb","itemListElement":[{"@type":"ListItem","position":1,"name":"Inicio","item":"https:\/\/www.nexoinformativo.mx\/"},{"@type":"ListItem","position":2,"name":"Presupuesto 2025: Claves del Paquete Econ\u00f3mico de Claudia Sheinbaum para impulsar el crecimiento de M\u00e9xico"}]},{"@type":"WebSite","@id":"https:\/\/www.nexoinformativo.mx\/#website","url":"https:\/\/www.nexoinformativo.mx\/","name":"Nexo Informativo Santiago de Quer\u00e9taro","description":"Explora NexoInformativo y convi\u00e9rtete en parte de una comunidad que valora el conocimiento y la verdad. Tu nexoinformativo es tu puente hacia una comprensi\u00f3n m\u00e1s profunda del mundo que te rodea.","publisher":{"@id":"https:\/\/www.nexoinformativo.mx\/#organization"},"potentialAction":[{"@type":"SearchAction","target":{"@type":"EntryPoint","urlTemplate":"https:\/\/www.nexoinformativo.mx\/?s={search_term_string}"},"query-input":{"@type":"PropertyValueSpecification","valueRequired":true,"valueName":"search_term_string"}}],"inLanguage":"es"},{"@type":"Organization","@id":"https:\/\/www.nexoinformativo.mx\/#organization","name":"Nexo Informativo Santiago de Quer\u00e9taro","url":"https:\/\/www.nexoinformativo.mx\/","logo":{"@type":"ImageObject","inLanguage":"es","@id":"https:\/\/www.nexoinformativo.mx\/#\/schema\/logo\/image\/","url":"https:\/\/www.nexoinformativo.mx\/wp-content\/uploads\/2024\/07\/nexoi-trasparente-2.png","contentUrl":"https:\/\/www.nexoinformativo.mx\/wp-content\/uploads\/2024\/07\/nexoi-trasparente-2.png","width":816,"height":339,"caption":"Nexo Informativo Santiago de Quer\u00e9taro"},"image":{"@id":"https:\/\/www.nexoinformativo.mx\/#\/schema\/logo\/image\/"},"sameAs":["https:\/\/www.facebook.com\/people\/Nexo-Informativo\/61564066885511\/"]},{"@type":"Person","@id":"https:\/\/www.nexoinformativo.mx\/#\/schema\/person\/7749d380ba08c8ca00d7bc76fd907b7d","name":"Nexo Informativo","image":{"@type":"ImageObject","inLanguage":"es","@id":"https:\/\/www.nexoinformativo.mx\/#\/schema\/person\/image\/","url":"https:\/\/secure.gravatar.com\/avatar\/dde2928154642a13d95f87ddf1ea9718fe2b46760a005c53e41ff5ad610704e6?s=96&d=mm&r=g","contentUrl":"https:\/\/secure.gravatar.com\/avatar\/dde2928154642a13d95f87ddf1ea9718fe2b46760a005c53e41ff5ad610704e6?s=96&d=mm&r=g","caption":"Nexo Informativo"},"url":"https:\/\/www.nexoinformativo.mx\/index.php\/author\/edicion\/"}]}},"_links":{"self":[{"href":"https:\/\/www.nexoinformativo.mx\/index.php\/wp-json\/wp\/v2\/posts\/6191","targetHints":{"allow":["GET"]}}],"collection":[{"href":"https:\/\/www.nexoinformativo.mx\/index.php\/wp-json\/wp\/v2\/posts"}],"about":[{"href":"https:\/\/www.nexoinformativo.mx\/index.php\/wp-json\/wp\/v2\/types\/post"}],"author":[{"embeddable":true,"href":"https:\/\/www.nexoinformativo.mx\/index.php\/wp-json\/wp\/v2\/users\/3"}],"replies":[{"embeddable":true,"href":"https:\/\/www.nexoinformativo.mx\/index.php\/wp-json\/wp\/v2\/comments?post=6191"}],"version-history":[{"count":4,"href":"https:\/\/www.nexoinformativo.mx\/index.php\/wp-json\/wp\/v2\/posts\/6191\/revisions"}],"predecessor-version":[{"id":6194,"href":"https:\/\/www.nexoinformativo.mx\/index.php\/wp-json\/wp\/v2\/posts\/6191\/revisions\/6194"}],"wp:featuredmedia":[{"embeddable":true,"href":"https:\/\/www.nexoinformativo.mx\/index.php\/wp-json\/wp\/v2\/media\/6192"}],"wp:attachment":[{"href":"https:\/\/www.nexoinformativo.mx\/index.php\/wp-json\/wp\/v2\/media?parent=6191"}],"wp:term":[{"taxonomy":"category","embeddable":true,"href":"https:\/\/www.nexoinformativo.mx\/index.php\/wp-json\/wp\/v2\/categories?post=6191"},{"taxonomy":"post_tag","embeddable":true,"href":"https:\/\/www.nexoinformativo.mx\/index.php\/wp-json\/wp\/v2\/tags?post=6191"}],"curies":[{"name":"wp","href":"https:\/\/api.w.org\/{rel}","templated":true}]}}