{"id":6202,"date":"2024-11-16T17:00:15","date_gmt":"2024-11-16T23:00:15","guid":{"rendered":"https:\/\/www.nexoinformativo.mx\/?p=6202"},"modified":"2024-11-16T18:52:12","modified_gmt":"2024-11-17T00:52:12","slug":"sesa-realiza-jornada-de-salud-en-corregidora-para-adultos-y-adultos-mayores","status":"publish","type":"post","link":"https:\/\/www.nexoinformativo.mx\/index.php\/2024\/11\/16\/sesa-realiza-jornada-de-salud-en-corregidora-para-adultos-y-adultos-mayores\/","title":{"rendered":"SESA realiza Jornada de Salud en Corregidora para adultos y adultos mayores"},"content":{"rendered":"<p style=\"text-align: justify;\">El personal de la Jurisdicci\u00f3n Sanitaria n\u00famero uno de la Secretar\u00eda de Salud del Estado de Quer\u00e9taro (SESA), en coordinaci\u00f3n con el Sistema Municipal DIF, llev\u00f3 a cabo una Jornada de Salud en la Deportiva El Pueblito del municipio de Corregidora.<\/p>\n<p>&nbsp;<\/p>\n<p style=\"text-align: justify;\">La jornada estuvo dirigida a la poblaci\u00f3n adulta y adulta mayor, ofreciendo diversas actividades y servicios m\u00e9dicos.\u00a0Durante la jornada, se realizaron activaciones acu\u00e1ticas y se aplicaron vacunas contra influenza, COVID-19 y neumococo.<\/p>\n<p>&nbsp;<\/p>\n<p style=\"text-align: justify;\">Tambi\u00e9n se llevaron a cabo detecciones de diabetes mellitus, hipertensi\u00f3n arterial, sobrepeso\/obesidad y patolog\u00eda prost\u00e1tica. En cuanto a salud bucal, se analiz\u00f3 la t\u00e9cnica de cepillado de dientes y se realizaron limpiezas dentales en la unidad m\u00f3vil.<\/p>\n<p>&nbsp;<\/p>\n<p style=\"text-align: justify;\">Adem\u00e1s de los servicios mencionados, se brind\u00f3 orientaci\u00f3n nutricional y se otorgaron citas para mastograf\u00edas. El municipio proporcion\u00f3 atenci\u00f3n m\u00e9dica, podol\u00f3gica y valoraciones de agudeza visual y auditiva.<\/p>\n<p>&nbsp;<\/p>\n<p style=\"text-align: justify;\">La jornada cont\u00f3 con la presencia del director de la Jurisdicci\u00f3n, Pedro Enrique Mu\u00f1iz, la presidenta del Sistema Municipal DIF, Gabriela Tr\u00e1pala Mart\u00ednez, el secretario de Desarrollo Social de Corregidora, German Borja, y la directora del Instituto Municipal de la Salud de Corregidora, Ruth Ugalde.<\/p>\n<p>&nbsp;<\/p>\n<p style=\"text-align: center;\"><em><strong>\u00a1Informaci\u00f3n que transforma!<\/strong><\/em><\/p>\n","protected":false},"excerpt":{"rendered":"<p>El personal de la Jurisdicci\u00f3n Sanitaria n\u00famero uno de la Secretar\u00eda de Salud del Estado de Quer\u00e9taro (SESA), en coordinaci\u00f3n con el Sistema Municipal DIF, llev\u00f3 a cabo una Jornada de Salud en la Deportiva El Pueblito del municipio de Corregidora.<\/p>\n","protected":false},"author":3,"featured_media":6203,"comment_status":"open","ping_status":"open","sticky":false,"template":"","format":"standard","meta":{"footnotes":""},"categories":[65,58],"tags":[2105,2103,2102,2104],"class_list":["post-6202","post","type-post","status-publish","format-standard","has-post-thumbnail","hentry","category-municipios","category-ultima-hora","tag-bienestarpublico","tag-jornadadesalud","tag-saludcorregidora","tag-sesaqueretaro"],"yoast_head":"<!-- This site is optimized with the Yoast SEO plugin v25.0 - https:\/\/yoast.com\/wordpress\/plugins\/seo\/ -->\n<title>SESA realiza Jornada de Salud en Corregidora para adultos y adultos mayores | Nexo Informativo Santiago de Quer\u00e9taro<\/title>\n<meta name=\"description\" content=\"SESA realiza Jornada de Salud en Corregidora para adultos y adultos mayores\" \/>\n<meta name=\"robots\" content=\"index, follow, max-snippet:-1, max-image-preview:large, max-video-preview:-1\" \/>\n<link rel=\"canonical\" href=\"https:\/\/www.nexoinformativo.mx\/index.php\/2024\/11\/16\/sesa-realiza-jornada-de-salud-en-corregidora-para-adultos-y-adultos-mayores\/\" \/>\n<meta property=\"og:locale\" content=\"es_MX\" \/>\n<meta property=\"og:type\" content=\"article\" \/>\n<meta property=\"og:title\" content=\"SESA realiza Jornada de Salud en Corregidora para adultos y adultos mayores | Nexo Informativo Santiago de Quer\u00e9taro\" \/>\n<meta property=\"og:description\" content=\"SESA realiza Jornada de Salud en Corregidora para adultos y adultos mayores\" \/>\n<meta property=\"og:url\" content=\"https:\/\/www.nexoinformativo.mx\/index.php\/2024\/11\/16\/sesa-realiza-jornada-de-salud-en-corregidora-para-adultos-y-adultos-mayores\/\" \/>\n<meta property=\"og:site_name\" content=\"Nexo Informativo Santiago de Quer\u00e9taro\" \/>\n<meta property=\"article:publisher\" content=\"https:\/\/www.facebook.com\/people\/Nexo-Informativo\/61564066885511\/\" \/>\n<meta property=\"article:published_time\" content=\"2024-11-16T23:00:15+00:00\" \/>\n<meta property=\"article:modified_time\" content=\"2024-11-17T00:52:12+00:00\" \/>\n<meta property=\"og:image\" content=\"https:\/\/www.nexoinformativo.mx\/wp-content\/uploads\/2024\/11\/IMG_3670-e1731804672353.jpg\" \/>\n\t<meta property=\"og:image:width\" content=\"600\" \/>\n\t<meta property=\"og:image:height\" content=\"600\" \/>\n\t<meta property=\"og:image:type\" content=\"image\/jpeg\" \/>\n<meta name=\"author\" content=\"Nexo Informativo\" \/>\n<meta name=\"twitter:card\" content=\"summary_large_image\" \/>\n<meta name=\"twitter:label1\" content=\"Escrito por\" \/>\n\t<meta name=\"twitter:data1\" content=\"Nexo Informativo\" \/>\n\t<meta name=\"twitter:label2\" content=\"Tiempo de lectura\" \/>\n\t<meta name=\"twitter:data2\" content=\"2 minutos\" \/>\n<script type=\"application\/ld+json\" class=\"yoast-schema-graph\">{\"@context\":\"https:\/\/schema.org\",\"@graph\":[{\"@type\":\"Article\",\"@id\":\"https:\/\/www.nexoinformativo.mx\/index.php\/2024\/11\/16\/sesa-realiza-jornada-de-salud-en-corregidora-para-adultos-y-adultos-mayores\/#article\",\"isPartOf\":{\"@id\":\"https:\/\/www.nexoinformativo.mx\/index.php\/2024\/11\/16\/sesa-realiza-jornada-de-salud-en-corregidora-para-adultos-y-adultos-mayores\/\"},\"author\":{\"name\":\"Nexo Informativo\",\"@id\":\"https:\/\/www.nexoinformativo.mx\/#\/schema\/person\/7749d380ba08c8ca00d7bc76fd907b7d\"},\"headline\":\"SESA realiza Jornada de Salud en Corregidora para adultos y adultos mayores\",\"datePublished\":\"2024-11-16T23:00:15+00:00\",\"dateModified\":\"2024-11-17T00:52:12+00:00\",\"mainEntityOfPage\":{\"@id\":\"https:\/\/www.nexoinformativo.mx\/index.php\/2024\/11\/16\/sesa-realiza-jornada-de-salud-en-corregidora-para-adultos-y-adultos-mayores\/\"},\"wordCount\":230,\"commentCount\":0,\"publisher\":{\"@id\":\"https:\/\/www.nexoinformativo.mx\/#organization\"},\"image\":{\"@id\":\"https:\/\/www.nexoinformativo.mx\/index.php\/2024\/11\/16\/sesa-realiza-jornada-de-salud-en-corregidora-para-adultos-y-adultos-mayores\/#primaryimage\"},\"thumbnailUrl\":\"https:\/\/www.nexoinformativo.mx\/wp-content\/uploads\/2024\/11\/IMG_3670-e1731804672353.jpg\",\"keywords\":[\"BienestarP\u00fablico\",\"JornadaDeSalud\",\"SaludCorregidora\",\"SESAQuer\u00e9taro\"],\"articleSection\":[\"Municipios\",\"\u00daltima Hora\"],\"inLanguage\":\"es\",\"potentialAction\":[{\"@type\":\"CommentAction\",\"name\":\"Comment\",\"target\":[\"https:\/\/www.nexoinformativo.mx\/index.php\/2024\/11\/16\/sesa-realiza-jornada-de-salud-en-corregidora-para-adultos-y-adultos-mayores\/#respond\"]}]},{\"@type\":\"WebPage\",\"@id\":\"https:\/\/www.nexoinformativo.mx\/index.php\/2024\/11\/16\/sesa-realiza-jornada-de-salud-en-corregidora-para-adultos-y-adultos-mayores\/\",\"url\":\"https:\/\/www.nexoinformativo.mx\/index.php\/2024\/11\/16\/sesa-realiza-jornada-de-salud-en-corregidora-para-adultos-y-adultos-mayores\/\",\"name\":\"SESA realiza Jornada de Salud en Corregidora para adultos y adultos mayores | Nexo Informativo Santiago de Quer\u00e9taro\",\"isPartOf\":{\"@id\":\"https:\/\/www.nexoinformativo.mx\/#website\"},\"primaryImageOfPage\":{\"@id\":\"https:\/\/www.nexoinformativo.mx\/index.php\/2024\/11\/16\/sesa-realiza-jornada-de-salud-en-corregidora-para-adultos-y-adultos-mayores\/#primaryimage\"},\"image\":{\"@id\":\"https:\/\/www.nexoinformativo.mx\/index.php\/2024\/11\/16\/sesa-realiza-jornada-de-salud-en-corregidora-para-adultos-y-adultos-mayores\/#primaryimage\"},\"thumbnailUrl\":\"https:\/\/www.nexoinformativo.mx\/wp-content\/uploads\/2024\/11\/IMG_3670-e1731804672353.jpg\",\"datePublished\":\"2024-11-16T23:00:15+00:00\",\"dateModified\":\"2024-11-17T00:52:12+00:00\",\"description\":\"SESA realiza Jornada de Salud en Corregidora para adultos y adultos mayores\",\"breadcrumb\":{\"@id\":\"https:\/\/www.nexoinformativo.mx\/index.php\/2024\/11\/16\/sesa-realiza-jornada-de-salud-en-corregidora-para-adultos-y-adultos-mayores\/#breadcrumb\"},\"inLanguage\":\"es\",\"potentialAction\":[{\"@type\":\"ReadAction\",\"target\":[\"https:\/\/www.nexoinformativo.mx\/index.php\/2024\/11\/16\/sesa-realiza-jornada-de-salud-en-corregidora-para-adultos-y-adultos-mayores\/\"]}]},{\"@type\":\"ImageObject\",\"inLanguage\":\"es\",\"@id\":\"https:\/\/www.nexoinformativo.mx\/index.php\/2024\/11\/16\/sesa-realiza-jornada-de-salud-en-corregidora-para-adultos-y-adultos-mayores\/#primaryimage\",\"url\":\"https:\/\/www.nexoinformativo.mx\/wp-content\/uploads\/2024\/11\/IMG_3670-e1731804672353.jpg\",\"contentUrl\":\"https:\/\/www.nexoinformativo.mx\/wp-content\/uploads\/2024\/11\/IMG_3670-e1731804672353.jpg\",\"width\":600,\"height\":600},{\"@type\":\"BreadcrumbList\",\"@id\":\"https:\/\/www.nexoinformativo.mx\/index.php\/2024\/11\/16\/sesa-realiza-jornada-de-salud-en-corregidora-para-adultos-y-adultos-mayores\/#breadcrumb\",\"itemListElement\":[{\"@type\":\"ListItem\",\"position\":1,\"name\":\"Inicio\",\"item\":\"https:\/\/www.nexoinformativo.mx\/\"},{\"@type\":\"ListItem\",\"position\":2,\"name\":\"SESA realiza Jornada de Salud en Corregidora para adultos y adultos mayores\"}]},{\"@type\":\"WebSite\",\"@id\":\"https:\/\/www.nexoinformativo.mx\/#website\",\"url\":\"https:\/\/www.nexoinformativo.mx\/\",\"name\":\"Nexo Informativo Santiago de Quer\u00e9taro\",\"description\":\"Explora NexoInformativo y convi\u00e9rtete en parte de una comunidad que valora el conocimiento y la verdad. Tu nexoinformativo es tu puente hacia una comprensi\u00f3n m\u00e1s profunda del mundo que te rodea.\",\"publisher\":{\"@id\":\"https:\/\/www.nexoinformativo.mx\/#organization\"},\"potentialAction\":[{\"@type\":\"SearchAction\",\"target\":{\"@type\":\"EntryPoint\",\"urlTemplate\":\"https:\/\/www.nexoinformativo.mx\/?s={search_term_string}\"},\"query-input\":{\"@type\":\"PropertyValueSpecification\",\"valueRequired\":true,\"valueName\":\"search_term_string\"}}],\"inLanguage\":\"es\"},{\"@type\":\"Organization\",\"@id\":\"https:\/\/www.nexoinformativo.mx\/#organization\",\"name\":\"Nexo Informativo Santiago de Quer\u00e9taro\",\"url\":\"https:\/\/www.nexoinformativo.mx\/\",\"logo\":{\"@type\":\"ImageObject\",\"inLanguage\":\"es\",\"@id\":\"https:\/\/www.nexoinformativo.mx\/#\/schema\/logo\/image\/\",\"url\":\"https:\/\/www.nexoinformativo.mx\/wp-content\/uploads\/2024\/07\/nexoi-trasparente-2.png\",\"contentUrl\":\"https:\/\/www.nexoinformativo.mx\/wp-content\/uploads\/2024\/07\/nexoi-trasparente-2.png\",\"width\":816,\"height\":339,\"caption\":\"Nexo Informativo Santiago de Quer\u00e9taro\"},\"image\":{\"@id\":\"https:\/\/www.nexoinformativo.mx\/#\/schema\/logo\/image\/\"},\"sameAs\":[\"https:\/\/www.facebook.com\/people\/Nexo-Informativo\/61564066885511\/\"]},{\"@type\":\"Person\",\"@id\":\"https:\/\/www.nexoinformativo.mx\/#\/schema\/person\/7749d380ba08c8ca00d7bc76fd907b7d\",\"name\":\"Nexo Informativo\",\"image\":{\"@type\":\"ImageObject\",\"inLanguage\":\"es\",\"@id\":\"https:\/\/www.nexoinformativo.mx\/#\/schema\/person\/image\/\",\"url\":\"https:\/\/secure.gravatar.com\/avatar\/dde2928154642a13d95f87ddf1ea9718fe2b46760a005c53e41ff5ad610704e6?s=96&d=mm&r=g\",\"contentUrl\":\"https:\/\/secure.gravatar.com\/avatar\/dde2928154642a13d95f87ddf1ea9718fe2b46760a005c53e41ff5ad610704e6?s=96&d=mm&r=g\",\"caption\":\"Nexo Informativo\"},\"url\":\"https:\/\/www.nexoinformativo.mx\/index.php\/author\/edicion\/\"}]}<\/script>\n<!-- \/ Yoast SEO plugin. -->","yoast_head_json":{"title":"SESA realiza Jornada de Salud en Corregidora para adultos y adultos mayores | Nexo Informativo Santiago de Quer\u00e9taro","description":"SESA realiza Jornada de Salud en Corregidora para adultos y adultos mayores","robots":{"index":"index","follow":"follow","max-snippet":"max-snippet:-1","max-image-preview":"max-image-preview:large","max-video-preview":"max-video-preview:-1"},"canonical":"https:\/\/www.nexoinformativo.mx\/index.php\/2024\/11\/16\/sesa-realiza-jornada-de-salud-en-corregidora-para-adultos-y-adultos-mayores\/","og_locale":"es_MX","og_type":"article","og_title":"SESA realiza Jornada de Salud en Corregidora para adultos y adultos mayores | Nexo Informativo Santiago de Quer\u00e9taro","og_description":"SESA realiza Jornada de Salud en Corregidora para adultos y adultos mayores","og_url":"https:\/\/www.nexoinformativo.mx\/index.php\/2024\/11\/16\/sesa-realiza-jornada-de-salud-en-corregidora-para-adultos-y-adultos-mayores\/","og_site_name":"Nexo Informativo Santiago de Quer\u00e9taro","article_publisher":"https:\/\/www.facebook.com\/people\/Nexo-Informativo\/61564066885511\/","article_published_time":"2024-11-16T23:00:15+00:00","article_modified_time":"2024-11-17T00:52:12+00:00","og_image":[{"width":600,"height":600,"url":"https:\/\/www.nexoinformativo.mx\/wp-content\/uploads\/2024\/11\/IMG_3670-e1731804672353.jpg","type":"image\/jpeg"}],"author":"Nexo Informativo","twitter_card":"summary_large_image","twitter_misc":{"Escrito por":"Nexo Informativo","Tiempo de lectura":"2 minutos"},"schema":{"@context":"https:\/\/schema.org","@graph":[{"@type":"Article","@id":"https:\/\/www.nexoinformativo.mx\/index.php\/2024\/11\/16\/sesa-realiza-jornada-de-salud-en-corregidora-para-adultos-y-adultos-mayores\/#article","isPartOf":{"@id":"https:\/\/www.nexoinformativo.mx\/index.php\/2024\/11\/16\/sesa-realiza-jornada-de-salud-en-corregidora-para-adultos-y-adultos-mayores\/"},"author":{"name":"Nexo Informativo","@id":"https:\/\/www.nexoinformativo.mx\/#\/schema\/person\/7749d380ba08c8ca00d7bc76fd907b7d"},"headline":"SESA realiza Jornada de Salud en Corregidora para adultos y adultos mayores","datePublished":"2024-11-16T23:00:15+00:00","dateModified":"2024-11-17T00:52:12+00:00","mainEntityOfPage":{"@id":"https:\/\/www.nexoinformativo.mx\/index.php\/2024\/11\/16\/sesa-realiza-jornada-de-salud-en-corregidora-para-adultos-y-adultos-mayores\/"},"wordCount":230,"commentCount":0,"publisher":{"@id":"https:\/\/www.nexoinformativo.mx\/#organization"},"image":{"@id":"https:\/\/www.nexoinformativo.mx\/index.php\/2024\/11\/16\/sesa-realiza-jornada-de-salud-en-corregidora-para-adultos-y-adultos-mayores\/#primaryimage"},"thumbnailUrl":"https:\/\/www.nexoinformativo.mx\/wp-content\/uploads\/2024\/11\/IMG_3670-e1731804672353.jpg","keywords":["BienestarP\u00fablico","JornadaDeSalud","SaludCorregidora","SESAQuer\u00e9taro"],"articleSection":["Municipios","\u00daltima Hora"],"inLanguage":"es","potentialAction":[{"@type":"CommentAction","name":"Comment","target":["https:\/\/www.nexoinformativo.mx\/index.php\/2024\/11\/16\/sesa-realiza-jornada-de-salud-en-corregidora-para-adultos-y-adultos-mayores\/#respond"]}]},{"@type":"WebPage","@id":"https:\/\/www.nexoinformativo.mx\/index.php\/2024\/11\/16\/sesa-realiza-jornada-de-salud-en-corregidora-para-adultos-y-adultos-mayores\/","url":"https:\/\/www.nexoinformativo.mx\/index.php\/2024\/11\/16\/sesa-realiza-jornada-de-salud-en-corregidora-para-adultos-y-adultos-mayores\/","name":"SESA realiza Jornada de Salud en Corregidora para adultos y adultos mayores | Nexo Informativo Santiago de Quer\u00e9taro","isPartOf":{"@id":"https:\/\/www.nexoinformativo.mx\/#website"},"primaryImageOfPage":{"@id":"https:\/\/www.nexoinformativo.mx\/index.php\/2024\/11\/16\/sesa-realiza-jornada-de-salud-en-corregidora-para-adultos-y-adultos-mayores\/#primaryimage"},"image":{"@id":"https:\/\/www.nexoinformativo.mx\/index.php\/2024\/11\/16\/sesa-realiza-jornada-de-salud-en-corregidora-para-adultos-y-adultos-mayores\/#primaryimage"},"thumbnailUrl":"https:\/\/www.nexoinformativo.mx\/wp-content\/uploads\/2024\/11\/IMG_3670-e1731804672353.jpg","datePublished":"2024-11-16T23:00:15+00:00","dateModified":"2024-11-17T00:52:12+00:00","description":"SESA realiza Jornada de Salud en Corregidora para adultos y adultos mayores","breadcrumb":{"@id":"https:\/\/www.nexoinformativo.mx\/index.php\/2024\/11\/16\/sesa-realiza-jornada-de-salud-en-corregidora-para-adultos-y-adultos-mayores\/#breadcrumb"},"inLanguage":"es","potentialAction":[{"@type":"ReadAction","target":["https:\/\/www.nexoinformativo.mx\/index.php\/2024\/11\/16\/sesa-realiza-jornada-de-salud-en-corregidora-para-adultos-y-adultos-mayores\/"]}]},{"@type":"ImageObject","inLanguage":"es","@id":"https:\/\/www.nexoinformativo.mx\/index.php\/2024\/11\/16\/sesa-realiza-jornada-de-salud-en-corregidora-para-adultos-y-adultos-mayores\/#primaryimage","url":"https:\/\/www.nexoinformativo.mx\/wp-content\/uploads\/2024\/11\/IMG_3670-e1731804672353.jpg","contentUrl":"https:\/\/www.nexoinformativo.mx\/wp-content\/uploads\/2024\/11\/IMG_3670-e1731804672353.jpg","width":600,"height":600},{"@type":"BreadcrumbList","@id":"https:\/\/www.nexoinformativo.mx\/index.php\/2024\/11\/16\/sesa-realiza-jornada-de-salud-en-corregidora-para-adultos-y-adultos-mayores\/#breadcrumb","itemListElement":[{"@type":"ListItem","position":1,"name":"Inicio","item":"https:\/\/www.nexoinformativo.mx\/"},{"@type":"ListItem","position":2,"name":"SESA realiza Jornada de Salud en Corregidora para adultos y adultos mayores"}]},{"@type":"WebSite","@id":"https:\/\/www.nexoinformativo.mx\/#website","url":"https:\/\/www.nexoinformativo.mx\/","name":"Nexo Informativo Santiago de Quer\u00e9taro","description":"Explora NexoInformativo y convi\u00e9rtete en parte de una comunidad que valora el conocimiento y la verdad. Tu nexoinformativo es tu puente hacia una comprensi\u00f3n m\u00e1s profunda del mundo que te rodea.","publisher":{"@id":"https:\/\/www.nexoinformativo.mx\/#organization"},"potentialAction":[{"@type":"SearchAction","target":{"@type":"EntryPoint","urlTemplate":"https:\/\/www.nexoinformativo.mx\/?s={search_term_string}"},"query-input":{"@type":"PropertyValueSpecification","valueRequired":true,"valueName":"search_term_string"}}],"inLanguage":"es"},{"@type":"Organization","@id":"https:\/\/www.nexoinformativo.mx\/#organization","name":"Nexo Informativo Santiago de Quer\u00e9taro","url":"https:\/\/www.nexoinformativo.mx\/","logo":{"@type":"ImageObject","inLanguage":"es","@id":"https:\/\/www.nexoinformativo.mx\/#\/schema\/logo\/image\/","url":"https:\/\/www.nexoinformativo.mx\/wp-content\/uploads\/2024\/07\/nexoi-trasparente-2.png","contentUrl":"https:\/\/www.nexoinformativo.mx\/wp-content\/uploads\/2024\/07\/nexoi-trasparente-2.png","width":816,"height":339,"caption":"Nexo Informativo Santiago de Quer\u00e9taro"},"image":{"@id":"https:\/\/www.nexoinformativo.mx\/#\/schema\/logo\/image\/"},"sameAs":["https:\/\/www.facebook.com\/people\/Nexo-Informativo\/61564066885511\/"]},{"@type":"Person","@id":"https:\/\/www.nexoinformativo.mx\/#\/schema\/person\/7749d380ba08c8ca00d7bc76fd907b7d","name":"Nexo Informativo","image":{"@type":"ImageObject","inLanguage":"es","@id":"https:\/\/www.nexoinformativo.mx\/#\/schema\/person\/image\/","url":"https:\/\/secure.gravatar.com\/avatar\/dde2928154642a13d95f87ddf1ea9718fe2b46760a005c53e41ff5ad610704e6?s=96&d=mm&r=g","contentUrl":"https:\/\/secure.gravatar.com\/avatar\/dde2928154642a13d95f87ddf1ea9718fe2b46760a005c53e41ff5ad610704e6?s=96&d=mm&r=g","caption":"Nexo Informativo"},"url":"https:\/\/www.nexoinformativo.mx\/index.php\/author\/edicion\/"}]}},"_links":{"self":[{"href":"https:\/\/www.nexoinformativo.mx\/index.php\/wp-json\/wp\/v2\/posts\/6202","targetHints":{"allow":["GET"]}}],"collection":[{"href":"https:\/\/www.nexoinformativo.mx\/index.php\/wp-json\/wp\/v2\/posts"}],"about":[{"href":"https:\/\/www.nexoinformativo.mx\/index.php\/wp-json\/wp\/v2\/types\/post"}],"author":[{"embeddable":true,"href":"https:\/\/www.nexoinformativo.mx\/index.php\/wp-json\/wp\/v2\/users\/3"}],"replies":[{"embeddable":true,"href":"https:\/\/www.nexoinformativo.mx\/index.php\/wp-json\/wp\/v2\/comments?post=6202"}],"version-history":[{"count":2,"href":"https:\/\/www.nexoinformativo.mx\/index.php\/wp-json\/wp\/v2\/posts\/6202\/revisions"}],"predecessor-version":[{"id":6205,"href":"https:\/\/www.nexoinformativo.mx\/index.php\/wp-json\/wp\/v2\/posts\/6202\/revisions\/6205"}],"wp:featuredmedia":[{"embeddable":true,"href":"https:\/\/www.nexoinformativo.mx\/index.php\/wp-json\/wp\/v2\/media\/6203"}],"wp:attachment":[{"href":"https:\/\/www.nexoinformativo.mx\/index.php\/wp-json\/wp\/v2\/media?parent=6202"}],"wp:term":[{"taxonomy":"category","embeddable":true,"href":"https:\/\/www.nexoinformativo.mx\/index.php\/wp-json\/wp\/v2\/categories?post=6202"},{"taxonomy":"post_tag","embeddable":true,"href":"https:\/\/www.nexoinformativo.mx\/index.php\/wp-json\/wp\/v2\/tags?post=6202"}],"curies":[{"name":"wp","href":"https:\/\/api.w.org\/{rel}","templated":true}]}}