{"id":6206,"date":"2024-11-16T17:30:31","date_gmt":"2024-11-16T23:30:31","guid":{"rendered":"https:\/\/www.nexoinformativo.mx\/?p=6206"},"modified":"2024-11-16T18:58:42","modified_gmt":"2024-11-17T00:58:42","slug":"felifer-macias-cuidamos-el-centro-historico-de-queretaro-con-orden-y-seguridad","status":"publish","type":"post","link":"https:\/\/www.nexoinformativo.mx\/index.php\/2024\/11\/16\/felifer-macias-cuidamos-el-centro-historico-de-queretaro-con-orden-y-seguridad\/","title":{"rendered":"Felifer Mac\u00edas: Cuidamos el Centro Hist\u00f3rico de Quer\u00e9taro con orden y seguridad"},"content":{"rendered":"<p style=\"text-align: justify;\">El presidente municipal de Quer\u00e9taro, Felifer Mac\u00edas, encabez\u00f3 la intervenci\u00f3n en la explanada del templo de La Cruz, uno de los lugares m\u00e1s tradicionales del Centro Hist\u00f3rico, como parte de la estrategia Plan Orden.<\/p>\n<p>&nbsp;<\/p>\n<p style=\"text-align: justify;\">El objetivo es brindar a los queretanos un espacio renovado para disfrutar, promover la convivencia y fortalecer el tejido social en la capital.<\/p>\n<p>&nbsp;<\/p>\n<p style=\"text-align: justify;\"><strong>\u201cEstamos lavando de manera integral todo el atrio. Y tambi\u00e9n incluso interviniendo con pintura, con ornamenta, con herrer\u00eda y todos los elementos que se ocupan para que el atrio del templo de la Santa Cruz est\u00e9 en perfecto estado. C\u00f3mo ustedes saben, de manera integral atendiendo el centro hist\u00f3rico. Todos los d\u00edas en la calle, todas las semanas en la calle, con mucho orden, con seguridad, con servicios p\u00fablicos, cuidando el primer cuadro de la ciudad\u201d<\/strong>, coment\u00f3 Mac\u00edas.<\/p>\n<p>&nbsp;<\/p>\n<p style=\"text-align: justify;\">Durante el recorrido, Felifer Mac\u00edas invit\u00f3 a los ciudadanos a realizar sus solicitudes a trav\u00e9s del 070 para que el equipo municipal pueda visitar plazas, parques y colonias, atendiendo las necesidades de manera integral seg\u00fan la estrategia Plan Orden.<\/p>\n<p>&nbsp;<\/p>\n<p style=\"text-align: justify;\">La intervenci\u00f3n incluy\u00f3 la limpieza y mantenimiento de esculturas, la limpieza del atrio con hidro-lavadora, poda baja, pintura de jardineras y el mantenimiento y sustituci\u00f3n de luminarias.<\/p>\n<p>&nbsp;<\/p>\n<p style=\"text-align: justify;\">Estas acciones buscan el cuidado y mantenimiento del Centro Hist\u00f3rico, asegurando que las familias y visitantes se sientan seguras al disfrutar de una de las plazas m\u00e1s emblem\u00e1ticas y con gran historia de Quer\u00e9taro.<\/p>\n<p>&nbsp;<\/p>\n<p style=\"text-align: center;\"><em><strong>\u00a1Informaci\u00f3n que transforma!<\/strong><\/em><\/p>\n","protected":false},"excerpt":{"rendered":"<p>El presidente municipal de Quer\u00e9taro, Felifer Mac\u00edas, encabez\u00f3 la intervenci\u00f3n en la explanada del templo de La Cruz, uno de los lugares m\u00e1s tradicionales del Centro Hist\u00f3rico, como parte de la estrategia Plan Orden.<\/p>\n","protected":false},"author":3,"featured_media":6207,"comment_status":"open","ping_status":"open","sticky":false,"template":"","format":"standard","meta":{"footnotes":""},"categories":[65,58],"tags":[653,2106,1000,1634],"class_list":["post-6206","post","type-post","status-publish","format-standard","has-post-thumbnail","hentry","category-municipios","category-ultima-hora","tag-centrohistorico","tag-cuidamosqueretaro","tag-felifermacias","tag-planorden"],"yoast_head":"<!-- This site is optimized with the Yoast SEO plugin v25.0 - https:\/\/yoast.com\/wordpress\/plugins\/seo\/ -->\n<title>Felifer Mac\u00edas: Cuidamos el Centro Hist\u00f3rico de Quer\u00e9taro con orden y seguridad | Nexo Informativo Santiago de Quer\u00e9taro<\/title>\n<meta name=\"description\" content=\"Felifer Mac\u00edas: Cuidamos el Centro Hist\u00f3rico de Quer\u00e9taro con orden y seguridad\" \/>\n<meta name=\"robots\" content=\"index, follow, max-snippet:-1, max-image-preview:large, max-video-preview:-1\" \/>\n<link rel=\"canonical\" href=\"https:\/\/www.nexoinformativo.mx\/index.php\/2024\/11\/16\/felifer-macias-cuidamos-el-centro-historico-de-queretaro-con-orden-y-seguridad\/\" \/>\n<meta property=\"og:locale\" content=\"es_MX\" \/>\n<meta property=\"og:type\" content=\"article\" \/>\n<meta property=\"og:title\" content=\"Felifer Mac\u00edas: Cuidamos el Centro Hist\u00f3rico de Quer\u00e9taro con orden y seguridad | Nexo Informativo Santiago de Quer\u00e9taro\" \/>\n<meta property=\"og:description\" content=\"Felifer Mac\u00edas: Cuidamos el Centro Hist\u00f3rico de Quer\u00e9taro con orden y seguridad\" \/>\n<meta property=\"og:url\" content=\"https:\/\/www.nexoinformativo.mx\/index.php\/2024\/11\/16\/felifer-macias-cuidamos-el-centro-historico-de-queretaro-con-orden-y-seguridad\/\" \/>\n<meta property=\"og:site_name\" content=\"Nexo Informativo Santiago de Quer\u00e9taro\" \/>\n<meta property=\"article:publisher\" content=\"https:\/\/www.facebook.com\/people\/Nexo-Informativo\/61564066885511\/\" \/>\n<meta property=\"article:published_time\" content=\"2024-11-16T23:30:31+00:00\" \/>\n<meta property=\"article:modified_time\" content=\"2024-11-17T00:58:42+00:00\" \/>\n<meta property=\"og:image\" content=\"https:\/\/www.nexoinformativo.mx\/wp-content\/uploads\/2024\/11\/IMG_7856-e1731804941638.jpg\" \/>\n\t<meta property=\"og:image:width\" content=\"600\" \/>\n\t<meta property=\"og:image:height\" content=\"400\" \/>\n\t<meta property=\"og:image:type\" content=\"image\/jpeg\" \/>\n<meta name=\"author\" content=\"Nexo Informativo\" \/>\n<meta name=\"twitter:card\" content=\"summary_large_image\" \/>\n<meta name=\"twitter:label1\" content=\"Escrito por\" \/>\n\t<meta name=\"twitter:data1\" content=\"Nexo Informativo\" \/>\n\t<meta name=\"twitter:label2\" content=\"Tiempo de lectura\" \/>\n\t<meta name=\"twitter:data2\" content=\"2 minutos\" \/>\n<script type=\"application\/ld+json\" class=\"yoast-schema-graph\">{\"@context\":\"https:\/\/schema.org\",\"@graph\":[{\"@type\":\"Article\",\"@id\":\"https:\/\/www.nexoinformativo.mx\/index.php\/2024\/11\/16\/felifer-macias-cuidamos-el-centro-historico-de-queretaro-con-orden-y-seguridad\/#article\",\"isPartOf\":{\"@id\":\"https:\/\/www.nexoinformativo.mx\/index.php\/2024\/11\/16\/felifer-macias-cuidamos-el-centro-historico-de-queretaro-con-orden-y-seguridad\/\"},\"author\":{\"name\":\"Nexo Informativo\",\"@id\":\"https:\/\/www.nexoinformativo.mx\/#\/schema\/person\/7749d380ba08c8ca00d7bc76fd907b7d\"},\"headline\":\"Felifer Mac\u00edas: Cuidamos el Centro Hist\u00f3rico de Quer\u00e9taro con orden y seguridad\",\"datePublished\":\"2024-11-16T23:30:31+00:00\",\"dateModified\":\"2024-11-17T00:58:42+00:00\",\"mainEntityOfPage\":{\"@id\":\"https:\/\/www.nexoinformativo.mx\/index.php\/2024\/11\/16\/felifer-macias-cuidamos-el-centro-historico-de-queretaro-con-orden-y-seguridad\/\"},\"wordCount\":280,\"commentCount\":0,\"publisher\":{\"@id\":\"https:\/\/www.nexoinformativo.mx\/#organization\"},\"image\":{\"@id\":\"https:\/\/www.nexoinformativo.mx\/index.php\/2024\/11\/16\/felifer-macias-cuidamos-el-centro-historico-de-queretaro-con-orden-y-seguridad\/#primaryimage\"},\"thumbnailUrl\":\"https:\/\/www.nexoinformativo.mx\/wp-content\/uploads\/2024\/11\/IMG_7856-e1731804941638.jpg\",\"keywords\":[\"CentroHist\u00f3rico\",\"CuidamosQuer\u00e9taro\",\"FeliferMac\u00edas\",\"PlanOrden\"],\"articleSection\":[\"Municipios\",\"\u00daltima Hora\"],\"inLanguage\":\"es\",\"potentialAction\":[{\"@type\":\"CommentAction\",\"name\":\"Comment\",\"target\":[\"https:\/\/www.nexoinformativo.mx\/index.php\/2024\/11\/16\/felifer-macias-cuidamos-el-centro-historico-de-queretaro-con-orden-y-seguridad\/#respond\"]}]},{\"@type\":\"WebPage\",\"@id\":\"https:\/\/www.nexoinformativo.mx\/index.php\/2024\/11\/16\/felifer-macias-cuidamos-el-centro-historico-de-queretaro-con-orden-y-seguridad\/\",\"url\":\"https:\/\/www.nexoinformativo.mx\/index.php\/2024\/11\/16\/felifer-macias-cuidamos-el-centro-historico-de-queretaro-con-orden-y-seguridad\/\",\"name\":\"Felifer Mac\u00edas: Cuidamos el Centro Hist\u00f3rico de Quer\u00e9taro con orden y seguridad | Nexo Informativo Santiago de Quer\u00e9taro\",\"isPartOf\":{\"@id\":\"https:\/\/www.nexoinformativo.mx\/#website\"},\"primaryImageOfPage\":{\"@id\":\"https:\/\/www.nexoinformativo.mx\/index.php\/2024\/11\/16\/felifer-macias-cuidamos-el-centro-historico-de-queretaro-con-orden-y-seguridad\/#primaryimage\"},\"image\":{\"@id\":\"https:\/\/www.nexoinformativo.mx\/index.php\/2024\/11\/16\/felifer-macias-cuidamos-el-centro-historico-de-queretaro-con-orden-y-seguridad\/#primaryimage\"},\"thumbnailUrl\":\"https:\/\/www.nexoinformativo.mx\/wp-content\/uploads\/2024\/11\/IMG_7856-e1731804941638.jpg\",\"datePublished\":\"2024-11-16T23:30:31+00:00\",\"dateModified\":\"2024-11-17T00:58:42+00:00\",\"description\":\"Felifer Mac\u00edas: Cuidamos el Centro Hist\u00f3rico de Quer\u00e9taro con orden y seguridad\",\"breadcrumb\":{\"@id\":\"https:\/\/www.nexoinformativo.mx\/index.php\/2024\/11\/16\/felifer-macias-cuidamos-el-centro-historico-de-queretaro-con-orden-y-seguridad\/#breadcrumb\"},\"inLanguage\":\"es\",\"potentialAction\":[{\"@type\":\"ReadAction\",\"target\":[\"https:\/\/www.nexoinformativo.mx\/index.php\/2024\/11\/16\/felifer-macias-cuidamos-el-centro-historico-de-queretaro-con-orden-y-seguridad\/\"]}]},{\"@type\":\"ImageObject\",\"inLanguage\":\"es\",\"@id\":\"https:\/\/www.nexoinformativo.mx\/index.php\/2024\/11\/16\/felifer-macias-cuidamos-el-centro-historico-de-queretaro-con-orden-y-seguridad\/#primaryimage\",\"url\":\"https:\/\/www.nexoinformativo.mx\/wp-content\/uploads\/2024\/11\/IMG_7856-e1731804941638.jpg\",\"contentUrl\":\"https:\/\/www.nexoinformativo.mx\/wp-content\/uploads\/2024\/11\/IMG_7856-e1731804941638.jpg\",\"width\":600,\"height\":400},{\"@type\":\"BreadcrumbList\",\"@id\":\"https:\/\/www.nexoinformativo.mx\/index.php\/2024\/11\/16\/felifer-macias-cuidamos-el-centro-historico-de-queretaro-con-orden-y-seguridad\/#breadcrumb\",\"itemListElement\":[{\"@type\":\"ListItem\",\"position\":1,\"name\":\"Inicio\",\"item\":\"https:\/\/www.nexoinformativo.mx\/\"},{\"@type\":\"ListItem\",\"position\":2,\"name\":\"Felifer Mac\u00edas: Cuidamos el Centro Hist\u00f3rico de Quer\u00e9taro con orden y seguridad\"}]},{\"@type\":\"WebSite\",\"@id\":\"https:\/\/www.nexoinformativo.mx\/#website\",\"url\":\"https:\/\/www.nexoinformativo.mx\/\",\"name\":\"Nexo Informativo Santiago de Quer\u00e9taro\",\"description\":\"Explora NexoInformativo y convi\u00e9rtete en parte de una comunidad que valora el conocimiento y la verdad. Tu nexoinformativo es tu puente hacia una comprensi\u00f3n m\u00e1s profunda del mundo que te rodea.\",\"publisher\":{\"@id\":\"https:\/\/www.nexoinformativo.mx\/#organization\"},\"potentialAction\":[{\"@type\":\"SearchAction\",\"target\":{\"@type\":\"EntryPoint\",\"urlTemplate\":\"https:\/\/www.nexoinformativo.mx\/?s={search_term_string}\"},\"query-input\":{\"@type\":\"PropertyValueSpecification\",\"valueRequired\":true,\"valueName\":\"search_term_string\"}}],\"inLanguage\":\"es\"},{\"@type\":\"Organization\",\"@id\":\"https:\/\/www.nexoinformativo.mx\/#organization\",\"name\":\"Nexo Informativo Santiago de Quer\u00e9taro\",\"url\":\"https:\/\/www.nexoinformativo.mx\/\",\"logo\":{\"@type\":\"ImageObject\",\"inLanguage\":\"es\",\"@id\":\"https:\/\/www.nexoinformativo.mx\/#\/schema\/logo\/image\/\",\"url\":\"https:\/\/www.nexoinformativo.mx\/wp-content\/uploads\/2024\/07\/nexoi-trasparente-2.png\",\"contentUrl\":\"https:\/\/www.nexoinformativo.mx\/wp-content\/uploads\/2024\/07\/nexoi-trasparente-2.png\",\"width\":816,\"height\":339,\"caption\":\"Nexo Informativo Santiago de Quer\u00e9taro\"},\"image\":{\"@id\":\"https:\/\/www.nexoinformativo.mx\/#\/schema\/logo\/image\/\"},\"sameAs\":[\"https:\/\/www.facebook.com\/people\/Nexo-Informativo\/61564066885511\/\"]},{\"@type\":\"Person\",\"@id\":\"https:\/\/www.nexoinformativo.mx\/#\/schema\/person\/7749d380ba08c8ca00d7bc76fd907b7d\",\"name\":\"Nexo Informativo\",\"image\":{\"@type\":\"ImageObject\",\"inLanguage\":\"es\",\"@id\":\"https:\/\/www.nexoinformativo.mx\/#\/schema\/person\/image\/\",\"url\":\"https:\/\/secure.gravatar.com\/avatar\/dde2928154642a13d95f87ddf1ea9718fe2b46760a005c53e41ff5ad610704e6?s=96&d=mm&r=g\",\"contentUrl\":\"https:\/\/secure.gravatar.com\/avatar\/dde2928154642a13d95f87ddf1ea9718fe2b46760a005c53e41ff5ad610704e6?s=96&d=mm&r=g\",\"caption\":\"Nexo Informativo\"},\"url\":\"https:\/\/www.nexoinformativo.mx\/index.php\/author\/edicion\/\"}]}<\/script>\n<!-- \/ Yoast SEO plugin. -->","yoast_head_json":{"title":"Felifer Mac\u00edas: Cuidamos el Centro Hist\u00f3rico de Quer\u00e9taro con orden y seguridad | Nexo Informativo Santiago de Quer\u00e9taro","description":"Felifer Mac\u00edas: Cuidamos el Centro Hist\u00f3rico de Quer\u00e9taro con orden y seguridad","robots":{"index":"index","follow":"follow","max-snippet":"max-snippet:-1","max-image-preview":"max-image-preview:large","max-video-preview":"max-video-preview:-1"},"canonical":"https:\/\/www.nexoinformativo.mx\/index.php\/2024\/11\/16\/felifer-macias-cuidamos-el-centro-historico-de-queretaro-con-orden-y-seguridad\/","og_locale":"es_MX","og_type":"article","og_title":"Felifer Mac\u00edas: Cuidamos el Centro Hist\u00f3rico de Quer\u00e9taro con orden y seguridad | Nexo Informativo Santiago de Quer\u00e9taro","og_description":"Felifer Mac\u00edas: Cuidamos el Centro Hist\u00f3rico de Quer\u00e9taro con orden y seguridad","og_url":"https:\/\/www.nexoinformativo.mx\/index.php\/2024\/11\/16\/felifer-macias-cuidamos-el-centro-historico-de-queretaro-con-orden-y-seguridad\/","og_site_name":"Nexo Informativo Santiago de Quer\u00e9taro","article_publisher":"https:\/\/www.facebook.com\/people\/Nexo-Informativo\/61564066885511\/","article_published_time":"2024-11-16T23:30:31+00:00","article_modified_time":"2024-11-17T00:58:42+00:00","og_image":[{"width":600,"height":400,"url":"https:\/\/www.nexoinformativo.mx\/wp-content\/uploads\/2024\/11\/IMG_7856-e1731804941638.jpg","type":"image\/jpeg"}],"author":"Nexo Informativo","twitter_card":"summary_large_image","twitter_misc":{"Escrito por":"Nexo Informativo","Tiempo de lectura":"2 minutos"},"schema":{"@context":"https:\/\/schema.org","@graph":[{"@type":"Article","@id":"https:\/\/www.nexoinformativo.mx\/index.php\/2024\/11\/16\/felifer-macias-cuidamos-el-centro-historico-de-queretaro-con-orden-y-seguridad\/#article","isPartOf":{"@id":"https:\/\/www.nexoinformativo.mx\/index.php\/2024\/11\/16\/felifer-macias-cuidamos-el-centro-historico-de-queretaro-con-orden-y-seguridad\/"},"author":{"name":"Nexo Informativo","@id":"https:\/\/www.nexoinformativo.mx\/#\/schema\/person\/7749d380ba08c8ca00d7bc76fd907b7d"},"headline":"Felifer Mac\u00edas: Cuidamos el Centro Hist\u00f3rico de Quer\u00e9taro con orden y seguridad","datePublished":"2024-11-16T23:30:31+00:00","dateModified":"2024-11-17T00:58:42+00:00","mainEntityOfPage":{"@id":"https:\/\/www.nexoinformativo.mx\/index.php\/2024\/11\/16\/felifer-macias-cuidamos-el-centro-historico-de-queretaro-con-orden-y-seguridad\/"},"wordCount":280,"commentCount":0,"publisher":{"@id":"https:\/\/www.nexoinformativo.mx\/#organization"},"image":{"@id":"https:\/\/www.nexoinformativo.mx\/index.php\/2024\/11\/16\/felifer-macias-cuidamos-el-centro-historico-de-queretaro-con-orden-y-seguridad\/#primaryimage"},"thumbnailUrl":"https:\/\/www.nexoinformativo.mx\/wp-content\/uploads\/2024\/11\/IMG_7856-e1731804941638.jpg","keywords":["CentroHist\u00f3rico","CuidamosQuer\u00e9taro","FeliferMac\u00edas","PlanOrden"],"articleSection":["Municipios","\u00daltima Hora"],"inLanguage":"es","potentialAction":[{"@type":"CommentAction","name":"Comment","target":["https:\/\/www.nexoinformativo.mx\/index.php\/2024\/11\/16\/felifer-macias-cuidamos-el-centro-historico-de-queretaro-con-orden-y-seguridad\/#respond"]}]},{"@type":"WebPage","@id":"https:\/\/www.nexoinformativo.mx\/index.php\/2024\/11\/16\/felifer-macias-cuidamos-el-centro-historico-de-queretaro-con-orden-y-seguridad\/","url":"https:\/\/www.nexoinformativo.mx\/index.php\/2024\/11\/16\/felifer-macias-cuidamos-el-centro-historico-de-queretaro-con-orden-y-seguridad\/","name":"Felifer Mac\u00edas: Cuidamos el Centro Hist\u00f3rico de Quer\u00e9taro con orden y seguridad | Nexo Informativo Santiago de Quer\u00e9taro","isPartOf":{"@id":"https:\/\/www.nexoinformativo.mx\/#website"},"primaryImageOfPage":{"@id":"https:\/\/www.nexoinformativo.mx\/index.php\/2024\/11\/16\/felifer-macias-cuidamos-el-centro-historico-de-queretaro-con-orden-y-seguridad\/#primaryimage"},"image":{"@id":"https:\/\/www.nexoinformativo.mx\/index.php\/2024\/11\/16\/felifer-macias-cuidamos-el-centro-historico-de-queretaro-con-orden-y-seguridad\/#primaryimage"},"thumbnailUrl":"https:\/\/www.nexoinformativo.mx\/wp-content\/uploads\/2024\/11\/IMG_7856-e1731804941638.jpg","datePublished":"2024-11-16T23:30:31+00:00","dateModified":"2024-11-17T00:58:42+00:00","description":"Felifer Mac\u00edas: Cuidamos el Centro Hist\u00f3rico de Quer\u00e9taro con orden y seguridad","breadcrumb":{"@id":"https:\/\/www.nexoinformativo.mx\/index.php\/2024\/11\/16\/felifer-macias-cuidamos-el-centro-historico-de-queretaro-con-orden-y-seguridad\/#breadcrumb"},"inLanguage":"es","potentialAction":[{"@type":"ReadAction","target":["https:\/\/www.nexoinformativo.mx\/index.php\/2024\/11\/16\/felifer-macias-cuidamos-el-centro-historico-de-queretaro-con-orden-y-seguridad\/"]}]},{"@type":"ImageObject","inLanguage":"es","@id":"https:\/\/www.nexoinformativo.mx\/index.php\/2024\/11\/16\/felifer-macias-cuidamos-el-centro-historico-de-queretaro-con-orden-y-seguridad\/#primaryimage","url":"https:\/\/www.nexoinformativo.mx\/wp-content\/uploads\/2024\/11\/IMG_7856-e1731804941638.jpg","contentUrl":"https:\/\/www.nexoinformativo.mx\/wp-content\/uploads\/2024\/11\/IMG_7856-e1731804941638.jpg","width":600,"height":400},{"@type":"BreadcrumbList","@id":"https:\/\/www.nexoinformativo.mx\/index.php\/2024\/11\/16\/felifer-macias-cuidamos-el-centro-historico-de-queretaro-con-orden-y-seguridad\/#breadcrumb","itemListElement":[{"@type":"ListItem","position":1,"name":"Inicio","item":"https:\/\/www.nexoinformativo.mx\/"},{"@type":"ListItem","position":2,"name":"Felifer Mac\u00edas: Cuidamos el Centro Hist\u00f3rico de Quer\u00e9taro con orden y seguridad"}]},{"@type":"WebSite","@id":"https:\/\/www.nexoinformativo.mx\/#website","url":"https:\/\/www.nexoinformativo.mx\/","name":"Nexo Informativo Santiago de Quer\u00e9taro","description":"Explora NexoInformativo y convi\u00e9rtete en parte de una comunidad que valora el conocimiento y la verdad. Tu nexoinformativo es tu puente hacia una comprensi\u00f3n m\u00e1s profunda del mundo que te rodea.","publisher":{"@id":"https:\/\/www.nexoinformativo.mx\/#organization"},"potentialAction":[{"@type":"SearchAction","target":{"@type":"EntryPoint","urlTemplate":"https:\/\/www.nexoinformativo.mx\/?s={search_term_string}"},"query-input":{"@type":"PropertyValueSpecification","valueRequired":true,"valueName":"search_term_string"}}],"inLanguage":"es"},{"@type":"Organization","@id":"https:\/\/www.nexoinformativo.mx\/#organization","name":"Nexo Informativo Santiago de Quer\u00e9taro","url":"https:\/\/www.nexoinformativo.mx\/","logo":{"@type":"ImageObject","inLanguage":"es","@id":"https:\/\/www.nexoinformativo.mx\/#\/schema\/logo\/image\/","url":"https:\/\/www.nexoinformativo.mx\/wp-content\/uploads\/2024\/07\/nexoi-trasparente-2.png","contentUrl":"https:\/\/www.nexoinformativo.mx\/wp-content\/uploads\/2024\/07\/nexoi-trasparente-2.png","width":816,"height":339,"caption":"Nexo Informativo Santiago de Quer\u00e9taro"},"image":{"@id":"https:\/\/www.nexoinformativo.mx\/#\/schema\/logo\/image\/"},"sameAs":["https:\/\/www.facebook.com\/people\/Nexo-Informativo\/61564066885511\/"]},{"@type":"Person","@id":"https:\/\/www.nexoinformativo.mx\/#\/schema\/person\/7749d380ba08c8ca00d7bc76fd907b7d","name":"Nexo Informativo","image":{"@type":"ImageObject","inLanguage":"es","@id":"https:\/\/www.nexoinformativo.mx\/#\/schema\/person\/image\/","url":"https:\/\/secure.gravatar.com\/avatar\/dde2928154642a13d95f87ddf1ea9718fe2b46760a005c53e41ff5ad610704e6?s=96&d=mm&r=g","contentUrl":"https:\/\/secure.gravatar.com\/avatar\/dde2928154642a13d95f87ddf1ea9718fe2b46760a005c53e41ff5ad610704e6?s=96&d=mm&r=g","caption":"Nexo Informativo"},"url":"https:\/\/www.nexoinformativo.mx\/index.php\/author\/edicion\/"}]}},"_links":{"self":[{"href":"https:\/\/www.nexoinformativo.mx\/index.php\/wp-json\/wp\/v2\/posts\/6206","targetHints":{"allow":["GET"]}}],"collection":[{"href":"https:\/\/www.nexoinformativo.mx\/index.php\/wp-json\/wp\/v2\/posts"}],"about":[{"href":"https:\/\/www.nexoinformativo.mx\/index.php\/wp-json\/wp\/v2\/types\/post"}],"author":[{"embeddable":true,"href":"https:\/\/www.nexoinformativo.mx\/index.php\/wp-json\/wp\/v2\/users\/3"}],"replies":[{"embeddable":true,"href":"https:\/\/www.nexoinformativo.mx\/index.php\/wp-json\/wp\/v2\/comments?post=6206"}],"version-history":[{"count":3,"href":"https:\/\/www.nexoinformativo.mx\/index.php\/wp-json\/wp\/v2\/posts\/6206\/revisions"}],"predecessor-version":[{"id":6210,"href":"https:\/\/www.nexoinformativo.mx\/index.php\/wp-json\/wp\/v2\/posts\/6206\/revisions\/6210"}],"wp:featuredmedia":[{"embeddable":true,"href":"https:\/\/www.nexoinformativo.mx\/index.php\/wp-json\/wp\/v2\/media\/6207"}],"wp:attachment":[{"href":"https:\/\/www.nexoinformativo.mx\/index.php\/wp-json\/wp\/v2\/media?parent=6206"}],"wp:term":[{"taxonomy":"category","embeddable":true,"href":"https:\/\/www.nexoinformativo.mx\/index.php\/wp-json\/wp\/v2\/categories?post=6206"},{"taxonomy":"post_tag","embeddable":true,"href":"https:\/\/www.nexoinformativo.mx\/index.php\/wp-json\/wp\/v2\/tags?post=6206"}],"curies":[{"name":"wp","href":"https:\/\/api.w.org\/{rel}","templated":true}]}}