{"id":6223,"date":"2024-11-16T19:00:43","date_gmt":"2024-11-17T01:00:43","guid":{"rendered":"https:\/\/www.nexoinformativo.mx\/?p=6223"},"modified":"2024-11-16T19:45:23","modified_gmt":"2024-11-17T01:45:23","slug":"felifer-macias-inicia-mega-recorridos-ciudadanos-en-santa-rosa-jauregui","status":"publish","type":"post","link":"https:\/\/www.nexoinformativo.mx\/index.php\/2024\/11\/16\/felifer-macias-inicia-mega-recorridos-ciudadanos-en-santa-rosa-jauregui\/","title":{"rendered":"Felifer Mac\u00edas inicia mega recorridos ciudadanos en Santa Rosa J\u00e1uregui"},"content":{"rendered":"<p style=\"text-align: justify;\">El presidente municipal de Quer\u00e9taro, Felifer Mac\u00edas, encabez\u00f3 un mega recorrido en Santa Rosa J\u00e1uregui, acompa\u00f1ado de m\u00e1s de 500 servidores p\u00fablicos del Municipio de Quer\u00e9taro y del Gobierno del Estado. Este ejercicio de comunicaci\u00f3n impulsa tres acciones clave de su gobierno: el Transporte Comunitario Gratuito, la Tarjeta de Apoyo Econ\u00f3mico Directo y la nueva Guardia C\u00edvica.<\/p>\n<p>&nbsp;<\/p>\n<p style=\"text-align: justify;\">&#8220;Estamos recorriendo las comunidades, las calles, para atender todas las necesidades y haciendo anuncios bien importantes\u2026 Como nunca antes el Municipio de Quer\u00e9taro va a cuidar a Santa Rosa J\u00e1uregui. Acciones por Santa Rosa con futuro&#8221;, asegur\u00f3 Mac\u00edas durante su visita a la comunidad de Ca\u00f1ada de La Monja y posteriormente en La Monja.<\/p>\n<p>&nbsp;<\/p>\n<p style=\"text-align: justify;\">En este recorrido simult\u00e1neo, servidores p\u00fablicos visitaron las 43 comunidades rurales, colonias aleda\u00f1as y la cabecera municipal de Santa Rosa J\u00e1uregui a trav\u00e9s de 40 brigadas. Se levantaron cuestionarios y se promovieron sinergias entre integrantes del gabinete, miembros del Ayuntamiento, representantes del Gobierno del Estado y diputadas y diputados locales.<\/p>\n<p>&nbsp;<\/p>\n<p style=\"text-align: justify;\">El compromiso del presidente municipal Felifer es tener presencia en las zonas m\u00e1s alejadas de la capital y brindar soluciones integrales a las demandas de esta poblaci\u00f3n. Esta din\u00e1mica ser\u00e1 replicada en las seis delegaciones restantes.<\/p>\n<p>&nbsp;<\/p>\n<p style=\"text-align: justify;\">Adem\u00e1s de los 500 servidores p\u00fablicos del Municipio de Quer\u00e9taro, se integraron funcionarias y funcionarios de m\u00e1s de 15 dependencias del Gobierno del Estado, incluyendo la Subsecretar\u00eda de Gobierno, el Instituto Queretano de la Mujer y la Secretar\u00eda de Desarrollo Humano y Obras P\u00fablicas.<\/p>\n<p>&nbsp;<\/p>\n<p style=\"text-align: center;\"><em><strong>\u00a1Informaci\u00f3n que transforma!<\/strong><\/em><\/p>\n","protected":false},"excerpt":{"rendered":"<p>El presidente municipal de Quer\u00e9taro, Felifer Mac\u00edas, encabez\u00f3 un mega recorrido en Santa Rosa J\u00e1uregui, acompa\u00f1ado de m\u00e1s de 500 servidores p\u00fablicos del Municipio de Quer\u00e9taro y del Gobierno del Estado<\/p>\n","protected":false},"author":3,"featured_media":6224,"comment_status":"open","ping_status":"open","sticky":false,"template":"","format":"standard","meta":{"footnotes":""},"categories":[65,58],"tags":[1000,1407,133,575],"class_list":["post-6223","post","type-post","status-publish","format-standard","has-post-thumbnail","hentry","category-municipios","category-ultima-hora","tag-felifermacias","tag-gobiernocercano","tag-queretaro","tag-santarosajauregui"],"yoast_head":"<!-- This site is optimized with the Yoast SEO plugin v25.0 - https:\/\/yoast.com\/wordpress\/plugins\/seo\/ -->\n<title>Felifer Mac\u00edas inicia mega recorridos ciudadanos en Santa Rosa J\u00e1uregui | Nexo Informativo Santiago de Quer\u00e9taro<\/title>\n<meta name=\"description\" content=\"Felifer Mac\u00edas inicia mega recorridos ciudadanos en Santa Rosa J\u00e1uregui\" \/>\n<meta name=\"robots\" content=\"index, follow, max-snippet:-1, max-image-preview:large, max-video-preview:-1\" \/>\n<link rel=\"canonical\" href=\"https:\/\/www.nexoinformativo.mx\/index.php\/2024\/11\/16\/felifer-macias-inicia-mega-recorridos-ciudadanos-en-santa-rosa-jauregui\/\" \/>\n<meta property=\"og:locale\" content=\"es_MX\" \/>\n<meta property=\"og:type\" content=\"article\" \/>\n<meta property=\"og:title\" content=\"Felifer Mac\u00edas inicia mega recorridos ciudadanos en Santa Rosa J\u00e1uregui | Nexo Informativo Santiago de Quer\u00e9taro\" \/>\n<meta property=\"og:description\" content=\"Felifer Mac\u00edas inicia mega recorridos ciudadanos en Santa Rosa J\u00e1uregui\" \/>\n<meta property=\"og:url\" content=\"https:\/\/www.nexoinformativo.mx\/index.php\/2024\/11\/16\/felifer-macias-inicia-mega-recorridos-ciudadanos-en-santa-rosa-jauregui\/\" \/>\n<meta property=\"og:site_name\" content=\"Nexo Informativo Santiago de Quer\u00e9taro\" \/>\n<meta property=\"article:publisher\" content=\"https:\/\/www.facebook.com\/people\/Nexo-Informativo\/61564066885511\/\" \/>\n<meta property=\"article:published_time\" content=\"2024-11-17T01:00:43+00:00\" \/>\n<meta property=\"article:modified_time\" content=\"2024-11-17T01:45:23+00:00\" \/>\n<meta property=\"og:image\" content=\"https:\/\/www.nexoinformativo.mx\/wp-content\/uploads\/2024\/11\/PHOTO-2024-11-16-18-40-22-e1731807713367.jpg\" \/>\n\t<meta property=\"og:image:width\" content=\"700\" \/>\n\t<meta property=\"og:image:height\" content=\"875\" \/>\n\t<meta property=\"og:image:type\" content=\"image\/jpeg\" \/>\n<meta name=\"author\" content=\"Nexo Informativo\" \/>\n<meta name=\"twitter:card\" content=\"summary_large_image\" \/>\n<meta name=\"twitter:label1\" content=\"Escrito por\" \/>\n\t<meta name=\"twitter:data1\" content=\"Nexo Informativo\" \/>\n\t<meta name=\"twitter:label2\" content=\"Tiempo de lectura\" \/>\n\t<meta name=\"twitter:data2\" content=\"2 minutos\" \/>\n<script type=\"application\/ld+json\" class=\"yoast-schema-graph\">{\"@context\":\"https:\/\/schema.org\",\"@graph\":[{\"@type\":\"Article\",\"@id\":\"https:\/\/www.nexoinformativo.mx\/index.php\/2024\/11\/16\/felifer-macias-inicia-mega-recorridos-ciudadanos-en-santa-rosa-jauregui\/#article\",\"isPartOf\":{\"@id\":\"https:\/\/www.nexoinformativo.mx\/index.php\/2024\/11\/16\/felifer-macias-inicia-mega-recorridos-ciudadanos-en-santa-rosa-jauregui\/\"},\"author\":{\"name\":\"Nexo Informativo\",\"@id\":\"https:\/\/www.nexoinformativo.mx\/#\/schema\/person\/7749d380ba08c8ca00d7bc76fd907b7d\"},\"headline\":\"Felifer Mac\u00edas inicia mega recorridos ciudadanos en Santa Rosa J\u00e1uregui\",\"datePublished\":\"2024-11-17T01:00:43+00:00\",\"dateModified\":\"2024-11-17T01:45:23+00:00\",\"mainEntityOfPage\":{\"@id\":\"https:\/\/www.nexoinformativo.mx\/index.php\/2024\/11\/16\/felifer-macias-inicia-mega-recorridos-ciudadanos-en-santa-rosa-jauregui\/\"},\"wordCount\":286,\"commentCount\":0,\"publisher\":{\"@id\":\"https:\/\/www.nexoinformativo.mx\/#organization\"},\"image\":{\"@id\":\"https:\/\/www.nexoinformativo.mx\/index.php\/2024\/11\/16\/felifer-macias-inicia-mega-recorridos-ciudadanos-en-santa-rosa-jauregui\/#primaryimage\"},\"thumbnailUrl\":\"https:\/\/www.nexoinformativo.mx\/wp-content\/uploads\/2024\/11\/PHOTO-2024-11-16-18-40-22-e1731807713367.jpg\",\"keywords\":[\"FeliferMac\u00edas\",\"GobiernoCercano\",\"Quer\u00e9taro\",\"SantaRosaJ\u00e1uregui\"],\"articleSection\":[\"Municipios\",\"\u00daltima Hora\"],\"inLanguage\":\"es\",\"potentialAction\":[{\"@type\":\"CommentAction\",\"name\":\"Comment\",\"target\":[\"https:\/\/www.nexoinformativo.mx\/index.php\/2024\/11\/16\/felifer-macias-inicia-mega-recorridos-ciudadanos-en-santa-rosa-jauregui\/#respond\"]}]},{\"@type\":\"WebPage\",\"@id\":\"https:\/\/www.nexoinformativo.mx\/index.php\/2024\/11\/16\/felifer-macias-inicia-mega-recorridos-ciudadanos-en-santa-rosa-jauregui\/\",\"url\":\"https:\/\/www.nexoinformativo.mx\/index.php\/2024\/11\/16\/felifer-macias-inicia-mega-recorridos-ciudadanos-en-santa-rosa-jauregui\/\",\"name\":\"Felifer Mac\u00edas inicia mega recorridos ciudadanos en Santa Rosa J\u00e1uregui | Nexo Informativo Santiago de Quer\u00e9taro\",\"isPartOf\":{\"@id\":\"https:\/\/www.nexoinformativo.mx\/#website\"},\"primaryImageOfPage\":{\"@id\":\"https:\/\/www.nexoinformativo.mx\/index.php\/2024\/11\/16\/felifer-macias-inicia-mega-recorridos-ciudadanos-en-santa-rosa-jauregui\/#primaryimage\"},\"image\":{\"@id\":\"https:\/\/www.nexoinformativo.mx\/index.php\/2024\/11\/16\/felifer-macias-inicia-mega-recorridos-ciudadanos-en-santa-rosa-jauregui\/#primaryimage\"},\"thumbnailUrl\":\"https:\/\/www.nexoinformativo.mx\/wp-content\/uploads\/2024\/11\/PHOTO-2024-11-16-18-40-22-e1731807713367.jpg\",\"datePublished\":\"2024-11-17T01:00:43+00:00\",\"dateModified\":\"2024-11-17T01:45:23+00:00\",\"description\":\"Felifer Mac\u00edas inicia mega recorridos ciudadanos en Santa Rosa J\u00e1uregui\",\"breadcrumb\":{\"@id\":\"https:\/\/www.nexoinformativo.mx\/index.php\/2024\/11\/16\/felifer-macias-inicia-mega-recorridos-ciudadanos-en-santa-rosa-jauregui\/#breadcrumb\"},\"inLanguage\":\"es\",\"potentialAction\":[{\"@type\":\"ReadAction\",\"target\":[\"https:\/\/www.nexoinformativo.mx\/index.php\/2024\/11\/16\/felifer-macias-inicia-mega-recorridos-ciudadanos-en-santa-rosa-jauregui\/\"]}]},{\"@type\":\"ImageObject\",\"inLanguage\":\"es\",\"@id\":\"https:\/\/www.nexoinformativo.mx\/index.php\/2024\/11\/16\/felifer-macias-inicia-mega-recorridos-ciudadanos-en-santa-rosa-jauregui\/#primaryimage\",\"url\":\"https:\/\/www.nexoinformativo.mx\/wp-content\/uploads\/2024\/11\/PHOTO-2024-11-16-18-40-22-e1731807713367.jpg\",\"contentUrl\":\"https:\/\/www.nexoinformativo.mx\/wp-content\/uploads\/2024\/11\/PHOTO-2024-11-16-18-40-22-e1731807713367.jpg\",\"width\":700,\"height\":875},{\"@type\":\"BreadcrumbList\",\"@id\":\"https:\/\/www.nexoinformativo.mx\/index.php\/2024\/11\/16\/felifer-macias-inicia-mega-recorridos-ciudadanos-en-santa-rosa-jauregui\/#breadcrumb\",\"itemListElement\":[{\"@type\":\"ListItem\",\"position\":1,\"name\":\"Inicio\",\"item\":\"https:\/\/www.nexoinformativo.mx\/\"},{\"@type\":\"ListItem\",\"position\":2,\"name\":\"Felifer Mac\u00edas inicia mega recorridos ciudadanos en Santa Rosa J\u00e1uregui\"}]},{\"@type\":\"WebSite\",\"@id\":\"https:\/\/www.nexoinformativo.mx\/#website\",\"url\":\"https:\/\/www.nexoinformativo.mx\/\",\"name\":\"Nexo Informativo Santiago de Quer\u00e9taro\",\"description\":\"Explora NexoInformativo y convi\u00e9rtete en parte de una comunidad que valora el conocimiento y la verdad. Tu nexoinformativo es tu puente hacia una comprensi\u00f3n m\u00e1s profunda del mundo que te rodea.\",\"publisher\":{\"@id\":\"https:\/\/www.nexoinformativo.mx\/#organization\"},\"potentialAction\":[{\"@type\":\"SearchAction\",\"target\":{\"@type\":\"EntryPoint\",\"urlTemplate\":\"https:\/\/www.nexoinformativo.mx\/?s={search_term_string}\"},\"query-input\":{\"@type\":\"PropertyValueSpecification\",\"valueRequired\":true,\"valueName\":\"search_term_string\"}}],\"inLanguage\":\"es\"},{\"@type\":\"Organization\",\"@id\":\"https:\/\/www.nexoinformativo.mx\/#organization\",\"name\":\"Nexo Informativo Santiago de Quer\u00e9taro\",\"url\":\"https:\/\/www.nexoinformativo.mx\/\",\"logo\":{\"@type\":\"ImageObject\",\"inLanguage\":\"es\",\"@id\":\"https:\/\/www.nexoinformativo.mx\/#\/schema\/logo\/image\/\",\"url\":\"https:\/\/www.nexoinformativo.mx\/wp-content\/uploads\/2024\/07\/nexoi-trasparente-2.png\",\"contentUrl\":\"https:\/\/www.nexoinformativo.mx\/wp-content\/uploads\/2024\/07\/nexoi-trasparente-2.png\",\"width\":816,\"height\":339,\"caption\":\"Nexo Informativo Santiago de Quer\u00e9taro\"},\"image\":{\"@id\":\"https:\/\/www.nexoinformativo.mx\/#\/schema\/logo\/image\/\"},\"sameAs\":[\"https:\/\/www.facebook.com\/people\/Nexo-Informativo\/61564066885511\/\"]},{\"@type\":\"Person\",\"@id\":\"https:\/\/www.nexoinformativo.mx\/#\/schema\/person\/7749d380ba08c8ca00d7bc76fd907b7d\",\"name\":\"Nexo Informativo\",\"image\":{\"@type\":\"ImageObject\",\"inLanguage\":\"es\",\"@id\":\"https:\/\/www.nexoinformativo.mx\/#\/schema\/person\/image\/\",\"url\":\"https:\/\/secure.gravatar.com\/avatar\/dde2928154642a13d95f87ddf1ea9718fe2b46760a005c53e41ff5ad610704e6?s=96&d=mm&r=g\",\"contentUrl\":\"https:\/\/secure.gravatar.com\/avatar\/dde2928154642a13d95f87ddf1ea9718fe2b46760a005c53e41ff5ad610704e6?s=96&d=mm&r=g\",\"caption\":\"Nexo Informativo\"},\"url\":\"https:\/\/www.nexoinformativo.mx\/index.php\/author\/edicion\/\"}]}<\/script>\n<!-- \/ Yoast SEO plugin. -->","yoast_head_json":{"title":"Felifer Mac\u00edas inicia mega recorridos ciudadanos en Santa Rosa J\u00e1uregui | Nexo Informativo Santiago de Quer\u00e9taro","description":"Felifer Mac\u00edas inicia mega recorridos ciudadanos en Santa Rosa J\u00e1uregui","robots":{"index":"index","follow":"follow","max-snippet":"max-snippet:-1","max-image-preview":"max-image-preview:large","max-video-preview":"max-video-preview:-1"},"canonical":"https:\/\/www.nexoinformativo.mx\/index.php\/2024\/11\/16\/felifer-macias-inicia-mega-recorridos-ciudadanos-en-santa-rosa-jauregui\/","og_locale":"es_MX","og_type":"article","og_title":"Felifer Mac\u00edas inicia mega recorridos ciudadanos en Santa Rosa J\u00e1uregui | Nexo Informativo Santiago de Quer\u00e9taro","og_description":"Felifer Mac\u00edas inicia mega recorridos ciudadanos en Santa Rosa J\u00e1uregui","og_url":"https:\/\/www.nexoinformativo.mx\/index.php\/2024\/11\/16\/felifer-macias-inicia-mega-recorridos-ciudadanos-en-santa-rosa-jauregui\/","og_site_name":"Nexo Informativo Santiago de Quer\u00e9taro","article_publisher":"https:\/\/www.facebook.com\/people\/Nexo-Informativo\/61564066885511\/","article_published_time":"2024-11-17T01:00:43+00:00","article_modified_time":"2024-11-17T01:45:23+00:00","og_image":[{"width":700,"height":875,"url":"https:\/\/www.nexoinformativo.mx\/wp-content\/uploads\/2024\/11\/PHOTO-2024-11-16-18-40-22-e1731807713367.jpg","type":"image\/jpeg"}],"author":"Nexo Informativo","twitter_card":"summary_large_image","twitter_misc":{"Escrito por":"Nexo Informativo","Tiempo de lectura":"2 minutos"},"schema":{"@context":"https:\/\/schema.org","@graph":[{"@type":"Article","@id":"https:\/\/www.nexoinformativo.mx\/index.php\/2024\/11\/16\/felifer-macias-inicia-mega-recorridos-ciudadanos-en-santa-rosa-jauregui\/#article","isPartOf":{"@id":"https:\/\/www.nexoinformativo.mx\/index.php\/2024\/11\/16\/felifer-macias-inicia-mega-recorridos-ciudadanos-en-santa-rosa-jauregui\/"},"author":{"name":"Nexo Informativo","@id":"https:\/\/www.nexoinformativo.mx\/#\/schema\/person\/7749d380ba08c8ca00d7bc76fd907b7d"},"headline":"Felifer Mac\u00edas inicia mega recorridos ciudadanos en Santa Rosa J\u00e1uregui","datePublished":"2024-11-17T01:00:43+00:00","dateModified":"2024-11-17T01:45:23+00:00","mainEntityOfPage":{"@id":"https:\/\/www.nexoinformativo.mx\/index.php\/2024\/11\/16\/felifer-macias-inicia-mega-recorridos-ciudadanos-en-santa-rosa-jauregui\/"},"wordCount":286,"commentCount":0,"publisher":{"@id":"https:\/\/www.nexoinformativo.mx\/#organization"},"image":{"@id":"https:\/\/www.nexoinformativo.mx\/index.php\/2024\/11\/16\/felifer-macias-inicia-mega-recorridos-ciudadanos-en-santa-rosa-jauregui\/#primaryimage"},"thumbnailUrl":"https:\/\/www.nexoinformativo.mx\/wp-content\/uploads\/2024\/11\/PHOTO-2024-11-16-18-40-22-e1731807713367.jpg","keywords":["FeliferMac\u00edas","GobiernoCercano","Quer\u00e9taro","SantaRosaJ\u00e1uregui"],"articleSection":["Municipios","\u00daltima Hora"],"inLanguage":"es","potentialAction":[{"@type":"CommentAction","name":"Comment","target":["https:\/\/www.nexoinformativo.mx\/index.php\/2024\/11\/16\/felifer-macias-inicia-mega-recorridos-ciudadanos-en-santa-rosa-jauregui\/#respond"]}]},{"@type":"WebPage","@id":"https:\/\/www.nexoinformativo.mx\/index.php\/2024\/11\/16\/felifer-macias-inicia-mega-recorridos-ciudadanos-en-santa-rosa-jauregui\/","url":"https:\/\/www.nexoinformativo.mx\/index.php\/2024\/11\/16\/felifer-macias-inicia-mega-recorridos-ciudadanos-en-santa-rosa-jauregui\/","name":"Felifer Mac\u00edas inicia mega recorridos ciudadanos en Santa Rosa J\u00e1uregui | Nexo Informativo Santiago de Quer\u00e9taro","isPartOf":{"@id":"https:\/\/www.nexoinformativo.mx\/#website"},"primaryImageOfPage":{"@id":"https:\/\/www.nexoinformativo.mx\/index.php\/2024\/11\/16\/felifer-macias-inicia-mega-recorridos-ciudadanos-en-santa-rosa-jauregui\/#primaryimage"},"image":{"@id":"https:\/\/www.nexoinformativo.mx\/index.php\/2024\/11\/16\/felifer-macias-inicia-mega-recorridos-ciudadanos-en-santa-rosa-jauregui\/#primaryimage"},"thumbnailUrl":"https:\/\/www.nexoinformativo.mx\/wp-content\/uploads\/2024\/11\/PHOTO-2024-11-16-18-40-22-e1731807713367.jpg","datePublished":"2024-11-17T01:00:43+00:00","dateModified":"2024-11-17T01:45:23+00:00","description":"Felifer Mac\u00edas inicia mega recorridos ciudadanos en Santa Rosa J\u00e1uregui","breadcrumb":{"@id":"https:\/\/www.nexoinformativo.mx\/index.php\/2024\/11\/16\/felifer-macias-inicia-mega-recorridos-ciudadanos-en-santa-rosa-jauregui\/#breadcrumb"},"inLanguage":"es","potentialAction":[{"@type":"ReadAction","target":["https:\/\/www.nexoinformativo.mx\/index.php\/2024\/11\/16\/felifer-macias-inicia-mega-recorridos-ciudadanos-en-santa-rosa-jauregui\/"]}]},{"@type":"ImageObject","inLanguage":"es","@id":"https:\/\/www.nexoinformativo.mx\/index.php\/2024\/11\/16\/felifer-macias-inicia-mega-recorridos-ciudadanos-en-santa-rosa-jauregui\/#primaryimage","url":"https:\/\/www.nexoinformativo.mx\/wp-content\/uploads\/2024\/11\/PHOTO-2024-11-16-18-40-22-e1731807713367.jpg","contentUrl":"https:\/\/www.nexoinformativo.mx\/wp-content\/uploads\/2024\/11\/PHOTO-2024-11-16-18-40-22-e1731807713367.jpg","width":700,"height":875},{"@type":"BreadcrumbList","@id":"https:\/\/www.nexoinformativo.mx\/index.php\/2024\/11\/16\/felifer-macias-inicia-mega-recorridos-ciudadanos-en-santa-rosa-jauregui\/#breadcrumb","itemListElement":[{"@type":"ListItem","position":1,"name":"Inicio","item":"https:\/\/www.nexoinformativo.mx\/"},{"@type":"ListItem","position":2,"name":"Felifer Mac\u00edas inicia mega recorridos ciudadanos en Santa Rosa J\u00e1uregui"}]},{"@type":"WebSite","@id":"https:\/\/www.nexoinformativo.mx\/#website","url":"https:\/\/www.nexoinformativo.mx\/","name":"Nexo Informativo Santiago de Quer\u00e9taro","description":"Explora NexoInformativo y convi\u00e9rtete en parte de una comunidad que valora el conocimiento y la verdad. Tu nexoinformativo es tu puente hacia una comprensi\u00f3n m\u00e1s profunda del mundo que te rodea.","publisher":{"@id":"https:\/\/www.nexoinformativo.mx\/#organization"},"potentialAction":[{"@type":"SearchAction","target":{"@type":"EntryPoint","urlTemplate":"https:\/\/www.nexoinformativo.mx\/?s={search_term_string}"},"query-input":{"@type":"PropertyValueSpecification","valueRequired":true,"valueName":"search_term_string"}}],"inLanguage":"es"},{"@type":"Organization","@id":"https:\/\/www.nexoinformativo.mx\/#organization","name":"Nexo Informativo Santiago de Quer\u00e9taro","url":"https:\/\/www.nexoinformativo.mx\/","logo":{"@type":"ImageObject","inLanguage":"es","@id":"https:\/\/www.nexoinformativo.mx\/#\/schema\/logo\/image\/","url":"https:\/\/www.nexoinformativo.mx\/wp-content\/uploads\/2024\/07\/nexoi-trasparente-2.png","contentUrl":"https:\/\/www.nexoinformativo.mx\/wp-content\/uploads\/2024\/07\/nexoi-trasparente-2.png","width":816,"height":339,"caption":"Nexo Informativo Santiago de Quer\u00e9taro"},"image":{"@id":"https:\/\/www.nexoinformativo.mx\/#\/schema\/logo\/image\/"},"sameAs":["https:\/\/www.facebook.com\/people\/Nexo-Informativo\/61564066885511\/"]},{"@type":"Person","@id":"https:\/\/www.nexoinformativo.mx\/#\/schema\/person\/7749d380ba08c8ca00d7bc76fd907b7d","name":"Nexo Informativo","image":{"@type":"ImageObject","inLanguage":"es","@id":"https:\/\/www.nexoinformativo.mx\/#\/schema\/person\/image\/","url":"https:\/\/secure.gravatar.com\/avatar\/dde2928154642a13d95f87ddf1ea9718fe2b46760a005c53e41ff5ad610704e6?s=96&d=mm&r=g","contentUrl":"https:\/\/secure.gravatar.com\/avatar\/dde2928154642a13d95f87ddf1ea9718fe2b46760a005c53e41ff5ad610704e6?s=96&d=mm&r=g","caption":"Nexo Informativo"},"url":"https:\/\/www.nexoinformativo.mx\/index.php\/author\/edicion\/"}]}},"_links":{"self":[{"href":"https:\/\/www.nexoinformativo.mx\/index.php\/wp-json\/wp\/v2\/posts\/6223","targetHints":{"allow":["GET"]}}],"collection":[{"href":"https:\/\/www.nexoinformativo.mx\/index.php\/wp-json\/wp\/v2\/posts"}],"about":[{"href":"https:\/\/www.nexoinformativo.mx\/index.php\/wp-json\/wp\/v2\/types\/post"}],"author":[{"embeddable":true,"href":"https:\/\/www.nexoinformativo.mx\/index.php\/wp-json\/wp\/v2\/users\/3"}],"replies":[{"embeddable":true,"href":"https:\/\/www.nexoinformativo.mx\/index.php\/wp-json\/wp\/v2\/comments?post=6223"}],"version-history":[{"count":3,"href":"https:\/\/www.nexoinformativo.mx\/index.php\/wp-json\/wp\/v2\/posts\/6223\/revisions"}],"predecessor-version":[{"id":6227,"href":"https:\/\/www.nexoinformativo.mx\/index.php\/wp-json\/wp\/v2\/posts\/6223\/revisions\/6227"}],"wp:featuredmedia":[{"embeddable":true,"href":"https:\/\/www.nexoinformativo.mx\/index.php\/wp-json\/wp\/v2\/media\/6224"}],"wp:attachment":[{"href":"https:\/\/www.nexoinformativo.mx\/index.php\/wp-json\/wp\/v2\/media?parent=6223"}],"wp:term":[{"taxonomy":"category","embeddable":true,"href":"https:\/\/www.nexoinformativo.mx\/index.php\/wp-json\/wp\/v2\/categories?post=6223"},{"taxonomy":"post_tag","embeddable":true,"href":"https:\/\/www.nexoinformativo.mx\/index.php\/wp-json\/wp\/v2\/tags?post=6223"}],"curies":[{"name":"wp","href":"https:\/\/api.w.org\/{rel}","templated":true}]}}