{"id":6231,"date":"2024-11-17T07:00:29","date_gmt":"2024-11-17T13:00:29","guid":{"rendered":"https:\/\/www.nexoinformativo.mx\/?p=6231"},"modified":"2024-11-17T08:26:21","modified_gmt":"2024-11-17T14:26:21","slug":"mexico-envio-a-alto-cargo-de-economia-a-la-apec-pese-a-tensiones-con-peru","status":"publish","type":"post","link":"https:\/\/www.nexoinformativo.mx\/index.php\/2024\/11\/17\/mexico-envio-a-alto-cargo-de-economia-a-la-apec-pese-a-tensiones-con-peru\/","title":{"rendered":"M\u00e9xico envi\u00f3 a alto cargo de Econom\u00eda a la APEC pese a tensiones con Per\u00fa"},"content":{"rendered":"<p style=\"text-align: justify;\">M\u00e9xico ha enviado a Luis Rosendo Guti\u00e9rrez, subsecretario de Comercio Internacional de la Secretar\u00eda de Econom\u00eda, como representante al <strong>Foro de Cooperaci\u00f3n Econ\u00f3mica Asia Pac\u00edfico<\/strong> (APEC) en Lima. Este viaje se produce en medio de tensiones diplom\u00e1ticas entre M\u00e9xico y Per\u00fa, destacando la importancia de la participaci\u00f3n mexicana en este evento internacional.<\/p>\n<p>&nbsp;<\/p>\n<p style=\"text-align: justify;\">La presidenta mexicana, Claudia Sheinbaum, confirm\u00f3 la participaci\u00f3n de un funcionario de la Secretar\u00eda de Econom\u00eda en la cumbre, sin ofrecer detalles adicionales. Las relaciones entre Per\u00fa y M\u00e9xico han sido tensas desde la expulsi\u00f3n del embajador Pablo Monroy en 2022, tras declaraciones del entonces presidente AMLO sobre la presidenta peruana Dina Boluarte.<\/p>\n<p>&nbsp;<\/p>\n<p style=\"text-align: justify;\">La presencia de Guti\u00e9rrez en la APEC es crucial, ya que liderar\u00e1 la revisi\u00f3n del Tratado comercial entre M\u00e9xico, Estados Unidos y Canad\u00e1<strong> (T-MEC)<\/strong> prevista para 2026. Esta revisi\u00f3n se anticipa complicada debido a las amenazas de aranceles por parte del presidente electo de Estados Unidos, Donald Trump.<\/p>\n<p>&nbsp;<\/p>\n<p style=\"text-align: justify;\">Luis Rosendo Guti\u00e9rrez destac\u00f3 en redes sociales el rol estrat\u00e9gico de M\u00e9xico en la cooperaci\u00f3n econ\u00f3mica y el comercio en la regi\u00f3n de Asia-Pac\u00edfico. La Semana de L\u00edderes de APEC en Lima concluir\u00e1 con la declaraci\u00f3n de los jefes de gobierno de 21 econom\u00edas miembro, incluyendo China y Estados Unidos.<\/p>\n<p>&nbsp;<\/p>\n<p style=\"text-align: center;\"><em><strong>\u00a1Informaci\u00f3n que transforma!<\/strong><\/em><\/p>\n","protected":false},"excerpt":{"rendered":"<p>M\u00e9xico ha enviado a Luis Rosendo Guti\u00e9rrez, subsecretario de Comercio Internacional de la Secretar\u00eda de Econom\u00eda, como representante al Foro de Cooperaci\u00f3n Econ\u00f3mica Asia Pac\u00edfico (APEC) en Lima<\/p>\n","protected":false},"author":3,"featured_media":6232,"comment_status":"open","ping_status":"open","sticky":false,"template":"","format":"standard","meta":{"footnotes":""},"categories":[88,58],"tags":[2109,1491,2110,2111],"class_list":["post-6231","post","type-post","status-publish","format-standard","has-post-thumbnail","hentry","category-nacional","category-ultima-hora","tag-apec2024","tag-comerciointernacional","tag-mexicoenapec","tag-relacionesdiplomaticas"],"yoast_head":"<!-- This site is optimized with the Yoast SEO plugin v25.0 - https:\/\/yoast.com\/wordpress\/plugins\/seo\/ -->\n<title>M\u00e9xico envi\u00f3 a alto cargo de Econom\u00eda a la APEC pese a tensiones con Per\u00fa | Nexo Informativo Santiago de Quer\u00e9taro<\/title>\n<meta name=\"description\" content=\"M\u00e9xico envi\u00f3 a alto cargo de Econom\u00eda a la APEC pese a tensiones con Per\u00fa\" \/>\n<meta name=\"robots\" content=\"index, follow, max-snippet:-1, max-image-preview:large, max-video-preview:-1\" \/>\n<link rel=\"canonical\" href=\"https:\/\/www.nexoinformativo.mx\/index.php\/2024\/11\/17\/mexico-envio-a-alto-cargo-de-economia-a-la-apec-pese-a-tensiones-con-peru\/\" \/>\n<meta property=\"og:locale\" content=\"es_MX\" \/>\n<meta property=\"og:type\" content=\"article\" \/>\n<meta property=\"og:title\" content=\"M\u00e9xico envi\u00f3 a alto cargo de Econom\u00eda a la APEC pese a tensiones con Per\u00fa | Nexo Informativo Santiago de Quer\u00e9taro\" \/>\n<meta property=\"og:description\" content=\"M\u00e9xico envi\u00f3 a alto cargo de Econom\u00eda a la APEC pese a tensiones con Per\u00fa\" \/>\n<meta property=\"og:url\" content=\"https:\/\/www.nexoinformativo.mx\/index.php\/2024\/11\/17\/mexico-envio-a-alto-cargo-de-economia-a-la-apec-pese-a-tensiones-con-peru\/\" \/>\n<meta property=\"og:site_name\" content=\"Nexo Informativo Santiago de Quer\u00e9taro\" \/>\n<meta property=\"article:publisher\" content=\"https:\/\/www.facebook.com\/people\/Nexo-Informativo\/61564066885511\/\" \/>\n<meta property=\"article:published_time\" content=\"2024-11-17T13:00:29+00:00\" \/>\n<meta property=\"article:modified_time\" content=\"2024-11-17T14:26:21+00:00\" \/>\n<meta property=\"og:image\" content=\"https:\/\/www.nexoinformativo.mx\/wp-content\/uploads\/2024\/11\/IMG_7874-e1731853481631.jpg\" \/>\n\t<meta property=\"og:image:width\" content=\"680\" \/>\n\t<meta property=\"og:image:height\" content=\"454\" \/>\n\t<meta property=\"og:image:type\" content=\"image\/jpeg\" \/>\n<meta name=\"author\" content=\"Nexo Informativo\" \/>\n<meta name=\"twitter:card\" content=\"summary_large_image\" \/>\n<meta name=\"twitter:label1\" content=\"Escrito por\" \/>\n\t<meta name=\"twitter:data1\" content=\"Nexo Informativo\" \/>\n\t<meta name=\"twitter:label2\" content=\"Tiempo de lectura\" \/>\n\t<meta name=\"twitter:data2\" content=\"2 minutos\" \/>\n<script type=\"application\/ld+json\" class=\"yoast-schema-graph\">{\"@context\":\"https:\/\/schema.org\",\"@graph\":[{\"@type\":\"Article\",\"@id\":\"https:\/\/www.nexoinformativo.mx\/index.php\/2024\/11\/17\/mexico-envio-a-alto-cargo-de-economia-a-la-apec-pese-a-tensiones-con-peru\/#article\",\"isPartOf\":{\"@id\":\"https:\/\/www.nexoinformativo.mx\/index.php\/2024\/11\/17\/mexico-envio-a-alto-cargo-de-economia-a-la-apec-pese-a-tensiones-con-peru\/\"},\"author\":{\"name\":\"Nexo Informativo\",\"@id\":\"https:\/\/www.nexoinformativo.mx\/#\/schema\/person\/7749d380ba08c8ca00d7bc76fd907b7d\"},\"headline\":\"M\u00e9xico envi\u00f3 a alto cargo de Econom\u00eda a la APEC pese a tensiones con Per\u00fa\",\"datePublished\":\"2024-11-17T13:00:29+00:00\",\"dateModified\":\"2024-11-17T14:26:21+00:00\",\"mainEntityOfPage\":{\"@id\":\"https:\/\/www.nexoinformativo.mx\/index.php\/2024\/11\/17\/mexico-envio-a-alto-cargo-de-economia-a-la-apec-pese-a-tensiones-con-peru\/\"},\"wordCount\":254,\"commentCount\":0,\"publisher\":{\"@id\":\"https:\/\/www.nexoinformativo.mx\/#organization\"},\"image\":{\"@id\":\"https:\/\/www.nexoinformativo.mx\/index.php\/2024\/11\/17\/mexico-envio-a-alto-cargo-de-economia-a-la-apec-pese-a-tensiones-con-peru\/#primaryimage\"},\"thumbnailUrl\":\"https:\/\/www.nexoinformativo.mx\/wp-content\/uploads\/2024\/11\/IMG_7874-e1731853481631.jpg\",\"keywords\":[\"APEC2024\",\"ComercioInternacional\",\"M\u00e9xicoEnAPEC\",\"RelacionesDiplom\u00e1ticas\"],\"articleSection\":[\"Nacional\",\"\u00daltima Hora\"],\"inLanguage\":\"es\",\"potentialAction\":[{\"@type\":\"CommentAction\",\"name\":\"Comment\",\"target\":[\"https:\/\/www.nexoinformativo.mx\/index.php\/2024\/11\/17\/mexico-envio-a-alto-cargo-de-economia-a-la-apec-pese-a-tensiones-con-peru\/#respond\"]}]},{\"@type\":\"WebPage\",\"@id\":\"https:\/\/www.nexoinformativo.mx\/index.php\/2024\/11\/17\/mexico-envio-a-alto-cargo-de-economia-a-la-apec-pese-a-tensiones-con-peru\/\",\"url\":\"https:\/\/www.nexoinformativo.mx\/index.php\/2024\/11\/17\/mexico-envio-a-alto-cargo-de-economia-a-la-apec-pese-a-tensiones-con-peru\/\",\"name\":\"M\u00e9xico envi\u00f3 a alto cargo de Econom\u00eda a la APEC pese a tensiones con Per\u00fa | Nexo Informativo Santiago de Quer\u00e9taro\",\"isPartOf\":{\"@id\":\"https:\/\/www.nexoinformativo.mx\/#website\"},\"primaryImageOfPage\":{\"@id\":\"https:\/\/www.nexoinformativo.mx\/index.php\/2024\/11\/17\/mexico-envio-a-alto-cargo-de-economia-a-la-apec-pese-a-tensiones-con-peru\/#primaryimage\"},\"image\":{\"@id\":\"https:\/\/www.nexoinformativo.mx\/index.php\/2024\/11\/17\/mexico-envio-a-alto-cargo-de-economia-a-la-apec-pese-a-tensiones-con-peru\/#primaryimage\"},\"thumbnailUrl\":\"https:\/\/www.nexoinformativo.mx\/wp-content\/uploads\/2024\/11\/IMG_7874-e1731853481631.jpg\",\"datePublished\":\"2024-11-17T13:00:29+00:00\",\"dateModified\":\"2024-11-17T14:26:21+00:00\",\"description\":\"M\u00e9xico envi\u00f3 a alto cargo de Econom\u00eda a la APEC pese a tensiones con Per\u00fa\",\"breadcrumb\":{\"@id\":\"https:\/\/www.nexoinformativo.mx\/index.php\/2024\/11\/17\/mexico-envio-a-alto-cargo-de-economia-a-la-apec-pese-a-tensiones-con-peru\/#breadcrumb\"},\"inLanguage\":\"es\",\"potentialAction\":[{\"@type\":\"ReadAction\",\"target\":[\"https:\/\/www.nexoinformativo.mx\/index.php\/2024\/11\/17\/mexico-envio-a-alto-cargo-de-economia-a-la-apec-pese-a-tensiones-con-peru\/\"]}]},{\"@type\":\"ImageObject\",\"inLanguage\":\"es\",\"@id\":\"https:\/\/www.nexoinformativo.mx\/index.php\/2024\/11\/17\/mexico-envio-a-alto-cargo-de-economia-a-la-apec-pese-a-tensiones-con-peru\/#primaryimage\",\"url\":\"https:\/\/www.nexoinformativo.mx\/wp-content\/uploads\/2024\/11\/IMG_7874-e1731853481631.jpg\",\"contentUrl\":\"https:\/\/www.nexoinformativo.mx\/wp-content\/uploads\/2024\/11\/IMG_7874-e1731853481631.jpg\",\"width\":680,\"height\":454},{\"@type\":\"BreadcrumbList\",\"@id\":\"https:\/\/www.nexoinformativo.mx\/index.php\/2024\/11\/17\/mexico-envio-a-alto-cargo-de-economia-a-la-apec-pese-a-tensiones-con-peru\/#breadcrumb\",\"itemListElement\":[{\"@type\":\"ListItem\",\"position\":1,\"name\":\"Inicio\",\"item\":\"https:\/\/www.nexoinformativo.mx\/\"},{\"@type\":\"ListItem\",\"position\":2,\"name\":\"M\u00e9xico envi\u00f3 a alto cargo de Econom\u00eda a la APEC pese a tensiones con Per\u00fa\"}]},{\"@type\":\"WebSite\",\"@id\":\"https:\/\/www.nexoinformativo.mx\/#website\",\"url\":\"https:\/\/www.nexoinformativo.mx\/\",\"name\":\"Nexo Informativo Santiago de Quer\u00e9taro\",\"description\":\"Explora NexoInformativo y convi\u00e9rtete en parte de una comunidad que valora el conocimiento y la verdad. Tu nexoinformativo es tu puente hacia una comprensi\u00f3n m\u00e1s profunda del mundo que te rodea.\",\"publisher\":{\"@id\":\"https:\/\/www.nexoinformativo.mx\/#organization\"},\"potentialAction\":[{\"@type\":\"SearchAction\",\"target\":{\"@type\":\"EntryPoint\",\"urlTemplate\":\"https:\/\/www.nexoinformativo.mx\/?s={search_term_string}\"},\"query-input\":{\"@type\":\"PropertyValueSpecification\",\"valueRequired\":true,\"valueName\":\"search_term_string\"}}],\"inLanguage\":\"es\"},{\"@type\":\"Organization\",\"@id\":\"https:\/\/www.nexoinformativo.mx\/#organization\",\"name\":\"Nexo Informativo Santiago de Quer\u00e9taro\",\"url\":\"https:\/\/www.nexoinformativo.mx\/\",\"logo\":{\"@type\":\"ImageObject\",\"inLanguage\":\"es\",\"@id\":\"https:\/\/www.nexoinformativo.mx\/#\/schema\/logo\/image\/\",\"url\":\"https:\/\/www.nexoinformativo.mx\/wp-content\/uploads\/2024\/07\/nexoi-trasparente-2.png\",\"contentUrl\":\"https:\/\/www.nexoinformativo.mx\/wp-content\/uploads\/2024\/07\/nexoi-trasparente-2.png\",\"width\":816,\"height\":339,\"caption\":\"Nexo Informativo Santiago de Quer\u00e9taro\"},\"image\":{\"@id\":\"https:\/\/www.nexoinformativo.mx\/#\/schema\/logo\/image\/\"},\"sameAs\":[\"https:\/\/www.facebook.com\/people\/Nexo-Informativo\/61564066885511\/\"]},{\"@type\":\"Person\",\"@id\":\"https:\/\/www.nexoinformativo.mx\/#\/schema\/person\/7749d380ba08c8ca00d7bc76fd907b7d\",\"name\":\"Nexo Informativo\",\"image\":{\"@type\":\"ImageObject\",\"inLanguage\":\"es\",\"@id\":\"https:\/\/www.nexoinformativo.mx\/#\/schema\/person\/image\/\",\"url\":\"https:\/\/secure.gravatar.com\/avatar\/dde2928154642a13d95f87ddf1ea9718fe2b46760a005c53e41ff5ad610704e6?s=96&d=mm&r=g\",\"contentUrl\":\"https:\/\/secure.gravatar.com\/avatar\/dde2928154642a13d95f87ddf1ea9718fe2b46760a005c53e41ff5ad610704e6?s=96&d=mm&r=g\",\"caption\":\"Nexo Informativo\"},\"url\":\"https:\/\/www.nexoinformativo.mx\/index.php\/author\/edicion\/\"}]}<\/script>\n<!-- \/ Yoast SEO plugin. -->","yoast_head_json":{"title":"M\u00e9xico envi\u00f3 a alto cargo de Econom\u00eda a la APEC pese a tensiones con Per\u00fa | Nexo Informativo Santiago de Quer\u00e9taro","description":"M\u00e9xico envi\u00f3 a alto cargo de Econom\u00eda a la APEC pese a tensiones con Per\u00fa","robots":{"index":"index","follow":"follow","max-snippet":"max-snippet:-1","max-image-preview":"max-image-preview:large","max-video-preview":"max-video-preview:-1"},"canonical":"https:\/\/www.nexoinformativo.mx\/index.php\/2024\/11\/17\/mexico-envio-a-alto-cargo-de-economia-a-la-apec-pese-a-tensiones-con-peru\/","og_locale":"es_MX","og_type":"article","og_title":"M\u00e9xico envi\u00f3 a alto cargo de Econom\u00eda a la APEC pese a tensiones con Per\u00fa | Nexo Informativo Santiago de Quer\u00e9taro","og_description":"M\u00e9xico envi\u00f3 a alto cargo de Econom\u00eda a la APEC pese a tensiones con Per\u00fa","og_url":"https:\/\/www.nexoinformativo.mx\/index.php\/2024\/11\/17\/mexico-envio-a-alto-cargo-de-economia-a-la-apec-pese-a-tensiones-con-peru\/","og_site_name":"Nexo Informativo Santiago de Quer\u00e9taro","article_publisher":"https:\/\/www.facebook.com\/people\/Nexo-Informativo\/61564066885511\/","article_published_time":"2024-11-17T13:00:29+00:00","article_modified_time":"2024-11-17T14:26:21+00:00","og_image":[{"width":680,"height":454,"url":"https:\/\/www.nexoinformativo.mx\/wp-content\/uploads\/2024\/11\/IMG_7874-e1731853481631.jpg","type":"image\/jpeg"}],"author":"Nexo Informativo","twitter_card":"summary_large_image","twitter_misc":{"Escrito por":"Nexo Informativo","Tiempo de lectura":"2 minutos"},"schema":{"@context":"https:\/\/schema.org","@graph":[{"@type":"Article","@id":"https:\/\/www.nexoinformativo.mx\/index.php\/2024\/11\/17\/mexico-envio-a-alto-cargo-de-economia-a-la-apec-pese-a-tensiones-con-peru\/#article","isPartOf":{"@id":"https:\/\/www.nexoinformativo.mx\/index.php\/2024\/11\/17\/mexico-envio-a-alto-cargo-de-economia-a-la-apec-pese-a-tensiones-con-peru\/"},"author":{"name":"Nexo Informativo","@id":"https:\/\/www.nexoinformativo.mx\/#\/schema\/person\/7749d380ba08c8ca00d7bc76fd907b7d"},"headline":"M\u00e9xico envi\u00f3 a alto cargo de Econom\u00eda a la APEC pese a tensiones con Per\u00fa","datePublished":"2024-11-17T13:00:29+00:00","dateModified":"2024-11-17T14:26:21+00:00","mainEntityOfPage":{"@id":"https:\/\/www.nexoinformativo.mx\/index.php\/2024\/11\/17\/mexico-envio-a-alto-cargo-de-economia-a-la-apec-pese-a-tensiones-con-peru\/"},"wordCount":254,"commentCount":0,"publisher":{"@id":"https:\/\/www.nexoinformativo.mx\/#organization"},"image":{"@id":"https:\/\/www.nexoinformativo.mx\/index.php\/2024\/11\/17\/mexico-envio-a-alto-cargo-de-economia-a-la-apec-pese-a-tensiones-con-peru\/#primaryimage"},"thumbnailUrl":"https:\/\/www.nexoinformativo.mx\/wp-content\/uploads\/2024\/11\/IMG_7874-e1731853481631.jpg","keywords":["APEC2024","ComercioInternacional","M\u00e9xicoEnAPEC","RelacionesDiplom\u00e1ticas"],"articleSection":["Nacional","\u00daltima Hora"],"inLanguage":"es","potentialAction":[{"@type":"CommentAction","name":"Comment","target":["https:\/\/www.nexoinformativo.mx\/index.php\/2024\/11\/17\/mexico-envio-a-alto-cargo-de-economia-a-la-apec-pese-a-tensiones-con-peru\/#respond"]}]},{"@type":"WebPage","@id":"https:\/\/www.nexoinformativo.mx\/index.php\/2024\/11\/17\/mexico-envio-a-alto-cargo-de-economia-a-la-apec-pese-a-tensiones-con-peru\/","url":"https:\/\/www.nexoinformativo.mx\/index.php\/2024\/11\/17\/mexico-envio-a-alto-cargo-de-economia-a-la-apec-pese-a-tensiones-con-peru\/","name":"M\u00e9xico envi\u00f3 a alto cargo de Econom\u00eda a la APEC pese a tensiones con Per\u00fa | Nexo Informativo Santiago de Quer\u00e9taro","isPartOf":{"@id":"https:\/\/www.nexoinformativo.mx\/#website"},"primaryImageOfPage":{"@id":"https:\/\/www.nexoinformativo.mx\/index.php\/2024\/11\/17\/mexico-envio-a-alto-cargo-de-economia-a-la-apec-pese-a-tensiones-con-peru\/#primaryimage"},"image":{"@id":"https:\/\/www.nexoinformativo.mx\/index.php\/2024\/11\/17\/mexico-envio-a-alto-cargo-de-economia-a-la-apec-pese-a-tensiones-con-peru\/#primaryimage"},"thumbnailUrl":"https:\/\/www.nexoinformativo.mx\/wp-content\/uploads\/2024\/11\/IMG_7874-e1731853481631.jpg","datePublished":"2024-11-17T13:00:29+00:00","dateModified":"2024-11-17T14:26:21+00:00","description":"M\u00e9xico envi\u00f3 a alto cargo de Econom\u00eda a la APEC pese a tensiones con Per\u00fa","breadcrumb":{"@id":"https:\/\/www.nexoinformativo.mx\/index.php\/2024\/11\/17\/mexico-envio-a-alto-cargo-de-economia-a-la-apec-pese-a-tensiones-con-peru\/#breadcrumb"},"inLanguage":"es","potentialAction":[{"@type":"ReadAction","target":["https:\/\/www.nexoinformativo.mx\/index.php\/2024\/11\/17\/mexico-envio-a-alto-cargo-de-economia-a-la-apec-pese-a-tensiones-con-peru\/"]}]},{"@type":"ImageObject","inLanguage":"es","@id":"https:\/\/www.nexoinformativo.mx\/index.php\/2024\/11\/17\/mexico-envio-a-alto-cargo-de-economia-a-la-apec-pese-a-tensiones-con-peru\/#primaryimage","url":"https:\/\/www.nexoinformativo.mx\/wp-content\/uploads\/2024\/11\/IMG_7874-e1731853481631.jpg","contentUrl":"https:\/\/www.nexoinformativo.mx\/wp-content\/uploads\/2024\/11\/IMG_7874-e1731853481631.jpg","width":680,"height":454},{"@type":"BreadcrumbList","@id":"https:\/\/www.nexoinformativo.mx\/index.php\/2024\/11\/17\/mexico-envio-a-alto-cargo-de-economia-a-la-apec-pese-a-tensiones-con-peru\/#breadcrumb","itemListElement":[{"@type":"ListItem","position":1,"name":"Inicio","item":"https:\/\/www.nexoinformativo.mx\/"},{"@type":"ListItem","position":2,"name":"M\u00e9xico envi\u00f3 a alto cargo de Econom\u00eda a la APEC pese a tensiones con Per\u00fa"}]},{"@type":"WebSite","@id":"https:\/\/www.nexoinformativo.mx\/#website","url":"https:\/\/www.nexoinformativo.mx\/","name":"Nexo Informativo Santiago de Quer\u00e9taro","description":"Explora NexoInformativo y convi\u00e9rtete en parte de una comunidad que valora el conocimiento y la verdad. Tu nexoinformativo es tu puente hacia una comprensi\u00f3n m\u00e1s profunda del mundo que te rodea.","publisher":{"@id":"https:\/\/www.nexoinformativo.mx\/#organization"},"potentialAction":[{"@type":"SearchAction","target":{"@type":"EntryPoint","urlTemplate":"https:\/\/www.nexoinformativo.mx\/?s={search_term_string}"},"query-input":{"@type":"PropertyValueSpecification","valueRequired":true,"valueName":"search_term_string"}}],"inLanguage":"es"},{"@type":"Organization","@id":"https:\/\/www.nexoinformativo.mx\/#organization","name":"Nexo Informativo Santiago de Quer\u00e9taro","url":"https:\/\/www.nexoinformativo.mx\/","logo":{"@type":"ImageObject","inLanguage":"es","@id":"https:\/\/www.nexoinformativo.mx\/#\/schema\/logo\/image\/","url":"https:\/\/www.nexoinformativo.mx\/wp-content\/uploads\/2024\/07\/nexoi-trasparente-2.png","contentUrl":"https:\/\/www.nexoinformativo.mx\/wp-content\/uploads\/2024\/07\/nexoi-trasparente-2.png","width":816,"height":339,"caption":"Nexo Informativo Santiago de Quer\u00e9taro"},"image":{"@id":"https:\/\/www.nexoinformativo.mx\/#\/schema\/logo\/image\/"},"sameAs":["https:\/\/www.facebook.com\/people\/Nexo-Informativo\/61564066885511\/"]},{"@type":"Person","@id":"https:\/\/www.nexoinformativo.mx\/#\/schema\/person\/7749d380ba08c8ca00d7bc76fd907b7d","name":"Nexo Informativo","image":{"@type":"ImageObject","inLanguage":"es","@id":"https:\/\/www.nexoinformativo.mx\/#\/schema\/person\/image\/","url":"https:\/\/secure.gravatar.com\/avatar\/dde2928154642a13d95f87ddf1ea9718fe2b46760a005c53e41ff5ad610704e6?s=96&d=mm&r=g","contentUrl":"https:\/\/secure.gravatar.com\/avatar\/dde2928154642a13d95f87ddf1ea9718fe2b46760a005c53e41ff5ad610704e6?s=96&d=mm&r=g","caption":"Nexo Informativo"},"url":"https:\/\/www.nexoinformativo.mx\/index.php\/author\/edicion\/"}]}},"_links":{"self":[{"href":"https:\/\/www.nexoinformativo.mx\/index.php\/wp-json\/wp\/v2\/posts\/6231","targetHints":{"allow":["GET"]}}],"collection":[{"href":"https:\/\/www.nexoinformativo.mx\/index.php\/wp-json\/wp\/v2\/posts"}],"about":[{"href":"https:\/\/www.nexoinformativo.mx\/index.php\/wp-json\/wp\/v2\/types\/post"}],"author":[{"embeddable":true,"href":"https:\/\/www.nexoinformativo.mx\/index.php\/wp-json\/wp\/v2\/users\/3"}],"replies":[{"embeddable":true,"href":"https:\/\/www.nexoinformativo.mx\/index.php\/wp-json\/wp\/v2\/comments?post=6231"}],"version-history":[{"count":2,"href":"https:\/\/www.nexoinformativo.mx\/index.php\/wp-json\/wp\/v2\/posts\/6231\/revisions"}],"predecessor-version":[{"id":6235,"href":"https:\/\/www.nexoinformativo.mx\/index.php\/wp-json\/wp\/v2\/posts\/6231\/revisions\/6235"}],"wp:featuredmedia":[{"embeddable":true,"href":"https:\/\/www.nexoinformativo.mx\/index.php\/wp-json\/wp\/v2\/media\/6232"}],"wp:attachment":[{"href":"https:\/\/www.nexoinformativo.mx\/index.php\/wp-json\/wp\/v2\/media?parent=6231"}],"wp:term":[{"taxonomy":"category","embeddable":true,"href":"https:\/\/www.nexoinformativo.mx\/index.php\/wp-json\/wp\/v2\/categories?post=6231"},{"taxonomy":"post_tag","embeddable":true,"href":"https:\/\/www.nexoinformativo.mx\/index.php\/wp-json\/wp\/v2\/tags?post=6231"}],"curies":[{"name":"wp","href":"https:\/\/api.w.org\/{rel}","templated":true}]}}