{"id":6236,"date":"2024-11-17T07:30:51","date_gmt":"2024-11-17T13:30:51","guid":{"rendered":"https:\/\/www.nexoinformativo.mx\/?p=6236"},"modified":"2024-11-17T08:35:15","modified_gmt":"2024-11-17T14:35:15","slug":"canada-pide-a-mexico-hacer-equipo-para-el-t-mec-ante-amenazas-de-trump","status":"publish","type":"post","link":"https:\/\/www.nexoinformativo.mx\/index.php\/2024\/11\/17\/canada-pide-a-mexico-hacer-equipo-para-el-t-mec-ante-amenazas-de-trump\/","title":{"rendered":"Canad\u00e1 pide a M\u00e9xico &#8220;Hacer Equipo para el T-MEC&#8221; ante amenazas de Trump"},"content":{"rendered":"<p style=\"text-align: justify;\">El embajador de Canad\u00e1 en M\u00e9xico, Graeme C. Clark, destac\u00f3 la necesidad de que ambos pa\u00edses coordinen esfuerzos ante la pr\u00f3xima revisi\u00f3n del Tratado entre M\u00e9xico, Estados Unidos y Canad\u00e1 <strong>(T-MEC)<\/strong>. En medio de la amenaza de medidas proteccionistas por parte del presidente electo de EU, Donald Trump, Canad\u00e1 busca fortalecer su alianza con M\u00e9xico para enfrentar estos desaf\u00edos.<\/p>\n<p>&nbsp;<\/p>\n<p style=\"text-align: justify;\">Clark subray\u00f3 la importancia de una coordinaci\u00f3n fluida entre funcionarios y empresarios de ambos pa\u00edses. &#8220;Es muy importante que M\u00e9xico y Canad\u00e1 tengan una coordinaci\u00f3n fluida entre funcionarios y empresarios; que sepamos lo que est\u00e1 pensando el otro lado, para que no haya dos negociaciones bilaterales, sino una negociaci\u00f3n trilateral&#8221;, \u00a0se\u00f1al\u00f3.<\/p>\n<p>&nbsp;<\/p>\n<p style=\"text-align: justify;\">El embajador canadiense expres\u00f3 la preocupaci\u00f3n existente tanto en Ottawa como para M\u00e9xico sobre c\u00f3mo las pol\u00edticas de Trump podr\u00edan influir en la relaci\u00f3n comercial. <strong>&#8220;Ya hemos visto un gobierno con este presidente en el pasado, y estamos listos para defender nuestros intereses&#8221;<\/strong>, dijo, refiri\u00e9ndose a la pr\u00f3xima revisi\u00f3n del T-MEC, programada para 2026.<\/p>\n<p>&nbsp;<\/p>\n<p style=\"text-align: justify;\">Clark, quien est\u00e1 a punto de dejar el cargo tras cinco a\u00f1os en M\u00e9xico, reconoci\u00f3 que, aunque con el nuevo gobierno en Estados Unidos &#8220;el horizonte se ve m\u00e1s complicado&#8221;, el acuerdo comercial de Am\u00e9rica del Norte surgi\u00f3 precisamente durante la primera administraci\u00f3n de Trump. Esto resalta la importancia de mantener una alianza s\u00f3lida entre M\u00e9xico y Canad\u00e1 para enfrentar los retos futuros.<\/p>\n<p>&nbsp;<\/p>\n<p style=\"text-align: center;\"><em><strong>\u00a1Informaci\u00f3n que transforma!<\/strong><\/em><\/p>\n","protected":false},"excerpt":{"rendered":"<p>El embajador de Canad\u00e1 en M\u00e9xico, Graeme C. Clark, destac\u00f3 la necesidad de que ambos pa\u00edses coordinen esfuerzos ante la pr\u00f3xima revisi\u00f3n del Tratado entre M\u00e9xico, Estados Unidos y Canad\u00e1 (T-MEC).<\/p>\n","protected":false},"author":3,"featured_media":6237,"comment_status":"open","ping_status":"open","sticky":false,"template":"","format":"standard","meta":{"footnotes":""},"categories":[88,58],"tags":[1491,2113,2111,2112],"class_list":["post-6236","post","type-post","status-publish","format-standard","has-post-thumbnail","hentry","category-nacional","category-ultima-hora","tag-comerciointernacional","tag-mexicocanada","tag-relacionesdiplomaticas","tag-tmeccooperacion"],"yoast_head":"<!-- This site is optimized with the Yoast SEO plugin v25.0 - https:\/\/yoast.com\/wordpress\/plugins\/seo\/ -->\n<title>Canad\u00e1 pide a M\u00e9xico &quot;Hacer Equipo para el T-MEC&quot; ante amenazas de Trump | Nexo Informativo Santiago de Quer\u00e9taro<\/title>\n<meta name=\"description\" content=\"Canad\u00e1 pide a M\u00e9xico &quot;Hacer Equipo para el T-MEC&quot; ante amenazas de Trump\" \/>\n<meta name=\"robots\" content=\"index, follow, max-snippet:-1, max-image-preview:large, max-video-preview:-1\" \/>\n<link rel=\"canonical\" href=\"https:\/\/www.nexoinformativo.mx\/index.php\/2024\/11\/17\/canada-pide-a-mexico-hacer-equipo-para-el-t-mec-ante-amenazas-de-trump\/\" \/>\n<meta property=\"og:locale\" content=\"es_MX\" \/>\n<meta property=\"og:type\" content=\"article\" \/>\n<meta property=\"og:title\" content=\"Canad\u00e1 pide a M\u00e9xico &quot;Hacer Equipo para el T-MEC&quot; ante amenazas de Trump | Nexo Informativo Santiago de Quer\u00e9taro\" \/>\n<meta property=\"og:description\" content=\"Canad\u00e1 pide a M\u00e9xico &quot;Hacer Equipo para el T-MEC&quot; ante amenazas de Trump\" \/>\n<meta property=\"og:url\" content=\"https:\/\/www.nexoinformativo.mx\/index.php\/2024\/11\/17\/canada-pide-a-mexico-hacer-equipo-para-el-t-mec-ante-amenazas-de-trump\/\" \/>\n<meta property=\"og:site_name\" content=\"Nexo Informativo Santiago de Quer\u00e9taro\" \/>\n<meta property=\"article:publisher\" content=\"https:\/\/www.facebook.com\/people\/Nexo-Informativo\/61564066885511\/\" \/>\n<meta property=\"article:published_time\" content=\"2024-11-17T13:30:51+00:00\" \/>\n<meta property=\"article:modified_time\" content=\"2024-11-17T14:35:15+00:00\" \/>\n<meta property=\"og:image\" content=\"https:\/\/www.nexoinformativo.mx\/wp-content\/uploads\/2024\/11\/IMG_7866-e1731853918284.jpg\" \/>\n\t<meta property=\"og:image:width\" content=\"700\" \/>\n\t<meta property=\"og:image:height\" content=\"717\" \/>\n\t<meta property=\"og:image:type\" content=\"image\/jpeg\" \/>\n<meta name=\"author\" content=\"Nexo Informativo\" \/>\n<meta name=\"twitter:card\" content=\"summary_large_image\" \/>\n<meta name=\"twitter:label1\" content=\"Escrito por\" \/>\n\t<meta name=\"twitter:data1\" content=\"Nexo Informativo\" \/>\n\t<meta name=\"twitter:label2\" content=\"Tiempo de lectura\" \/>\n\t<meta name=\"twitter:data2\" content=\"2 minutos\" \/>\n<script type=\"application\/ld+json\" class=\"yoast-schema-graph\">{\"@context\":\"https:\/\/schema.org\",\"@graph\":[{\"@type\":\"Article\",\"@id\":\"https:\/\/www.nexoinformativo.mx\/index.php\/2024\/11\/17\/canada-pide-a-mexico-hacer-equipo-para-el-t-mec-ante-amenazas-de-trump\/#article\",\"isPartOf\":{\"@id\":\"https:\/\/www.nexoinformativo.mx\/index.php\/2024\/11\/17\/canada-pide-a-mexico-hacer-equipo-para-el-t-mec-ante-amenazas-de-trump\/\"},\"author\":{\"name\":\"Nexo Informativo\",\"@id\":\"https:\/\/www.nexoinformativo.mx\/#\/schema\/person\/7749d380ba08c8ca00d7bc76fd907b7d\"},\"headline\":\"Canad\u00e1 pide a M\u00e9xico &#8220;Hacer Equipo para el T-MEC&#8221; ante amenazas de Trump\",\"datePublished\":\"2024-11-17T13:30:51+00:00\",\"dateModified\":\"2024-11-17T14:35:15+00:00\",\"mainEntityOfPage\":{\"@id\":\"https:\/\/www.nexoinformativo.mx\/index.php\/2024\/11\/17\/canada-pide-a-mexico-hacer-equipo-para-el-t-mec-ante-amenazas-de-trump\/\"},\"wordCount\":277,\"commentCount\":0,\"publisher\":{\"@id\":\"https:\/\/www.nexoinformativo.mx\/#organization\"},\"image\":{\"@id\":\"https:\/\/www.nexoinformativo.mx\/index.php\/2024\/11\/17\/canada-pide-a-mexico-hacer-equipo-para-el-t-mec-ante-amenazas-de-trump\/#primaryimage\"},\"thumbnailUrl\":\"https:\/\/www.nexoinformativo.mx\/wp-content\/uploads\/2024\/11\/IMG_7866-e1731853918284.jpg\",\"keywords\":[\"ComercioInternacional\",\"M\u00e9xicoCanad\u00e1\",\"RelacionesDiplom\u00e1ticas\",\"TMECCooperaci\u00f3n\"],\"articleSection\":[\"Nacional\",\"\u00daltima Hora\"],\"inLanguage\":\"es\",\"potentialAction\":[{\"@type\":\"CommentAction\",\"name\":\"Comment\",\"target\":[\"https:\/\/www.nexoinformativo.mx\/index.php\/2024\/11\/17\/canada-pide-a-mexico-hacer-equipo-para-el-t-mec-ante-amenazas-de-trump\/#respond\"]}]},{\"@type\":\"WebPage\",\"@id\":\"https:\/\/www.nexoinformativo.mx\/index.php\/2024\/11\/17\/canada-pide-a-mexico-hacer-equipo-para-el-t-mec-ante-amenazas-de-trump\/\",\"url\":\"https:\/\/www.nexoinformativo.mx\/index.php\/2024\/11\/17\/canada-pide-a-mexico-hacer-equipo-para-el-t-mec-ante-amenazas-de-trump\/\",\"name\":\"Canad\u00e1 pide a M\u00e9xico \\\"Hacer Equipo para el T-MEC\\\" ante amenazas de Trump | Nexo Informativo Santiago de Quer\u00e9taro\",\"isPartOf\":{\"@id\":\"https:\/\/www.nexoinformativo.mx\/#website\"},\"primaryImageOfPage\":{\"@id\":\"https:\/\/www.nexoinformativo.mx\/index.php\/2024\/11\/17\/canada-pide-a-mexico-hacer-equipo-para-el-t-mec-ante-amenazas-de-trump\/#primaryimage\"},\"image\":{\"@id\":\"https:\/\/www.nexoinformativo.mx\/index.php\/2024\/11\/17\/canada-pide-a-mexico-hacer-equipo-para-el-t-mec-ante-amenazas-de-trump\/#primaryimage\"},\"thumbnailUrl\":\"https:\/\/www.nexoinformativo.mx\/wp-content\/uploads\/2024\/11\/IMG_7866-e1731853918284.jpg\",\"datePublished\":\"2024-11-17T13:30:51+00:00\",\"dateModified\":\"2024-11-17T14:35:15+00:00\",\"description\":\"Canad\u00e1 pide a M\u00e9xico \\\"Hacer Equipo para el T-MEC\\\" ante amenazas de Trump\",\"breadcrumb\":{\"@id\":\"https:\/\/www.nexoinformativo.mx\/index.php\/2024\/11\/17\/canada-pide-a-mexico-hacer-equipo-para-el-t-mec-ante-amenazas-de-trump\/#breadcrumb\"},\"inLanguage\":\"es\",\"potentialAction\":[{\"@type\":\"ReadAction\",\"target\":[\"https:\/\/www.nexoinformativo.mx\/index.php\/2024\/11\/17\/canada-pide-a-mexico-hacer-equipo-para-el-t-mec-ante-amenazas-de-trump\/\"]}]},{\"@type\":\"ImageObject\",\"inLanguage\":\"es\",\"@id\":\"https:\/\/www.nexoinformativo.mx\/index.php\/2024\/11\/17\/canada-pide-a-mexico-hacer-equipo-para-el-t-mec-ante-amenazas-de-trump\/#primaryimage\",\"url\":\"https:\/\/www.nexoinformativo.mx\/wp-content\/uploads\/2024\/11\/IMG_7866-e1731853918284.jpg\",\"contentUrl\":\"https:\/\/www.nexoinformativo.mx\/wp-content\/uploads\/2024\/11\/IMG_7866-e1731853918284.jpg\",\"width\":700,\"height\":717},{\"@type\":\"BreadcrumbList\",\"@id\":\"https:\/\/www.nexoinformativo.mx\/index.php\/2024\/11\/17\/canada-pide-a-mexico-hacer-equipo-para-el-t-mec-ante-amenazas-de-trump\/#breadcrumb\",\"itemListElement\":[{\"@type\":\"ListItem\",\"position\":1,\"name\":\"Inicio\",\"item\":\"https:\/\/www.nexoinformativo.mx\/\"},{\"@type\":\"ListItem\",\"position\":2,\"name\":\"Canad\u00e1 pide a M\u00e9xico &#8220;Hacer Equipo para el T-MEC&#8221; ante amenazas de Trump\"}]},{\"@type\":\"WebSite\",\"@id\":\"https:\/\/www.nexoinformativo.mx\/#website\",\"url\":\"https:\/\/www.nexoinformativo.mx\/\",\"name\":\"Nexo Informativo Santiago de Quer\u00e9taro\",\"description\":\"Explora NexoInformativo y convi\u00e9rtete en parte de una comunidad que valora el conocimiento y la verdad. Tu nexoinformativo es tu puente hacia una comprensi\u00f3n m\u00e1s profunda del mundo que te rodea.\",\"publisher\":{\"@id\":\"https:\/\/www.nexoinformativo.mx\/#organization\"},\"potentialAction\":[{\"@type\":\"SearchAction\",\"target\":{\"@type\":\"EntryPoint\",\"urlTemplate\":\"https:\/\/www.nexoinformativo.mx\/?s={search_term_string}\"},\"query-input\":{\"@type\":\"PropertyValueSpecification\",\"valueRequired\":true,\"valueName\":\"search_term_string\"}}],\"inLanguage\":\"es\"},{\"@type\":\"Organization\",\"@id\":\"https:\/\/www.nexoinformativo.mx\/#organization\",\"name\":\"Nexo Informativo Santiago de Quer\u00e9taro\",\"url\":\"https:\/\/www.nexoinformativo.mx\/\",\"logo\":{\"@type\":\"ImageObject\",\"inLanguage\":\"es\",\"@id\":\"https:\/\/www.nexoinformativo.mx\/#\/schema\/logo\/image\/\",\"url\":\"https:\/\/www.nexoinformativo.mx\/wp-content\/uploads\/2024\/07\/nexoi-trasparente-2.png\",\"contentUrl\":\"https:\/\/www.nexoinformativo.mx\/wp-content\/uploads\/2024\/07\/nexoi-trasparente-2.png\",\"width\":816,\"height\":339,\"caption\":\"Nexo Informativo Santiago de Quer\u00e9taro\"},\"image\":{\"@id\":\"https:\/\/www.nexoinformativo.mx\/#\/schema\/logo\/image\/\"},\"sameAs\":[\"https:\/\/www.facebook.com\/people\/Nexo-Informativo\/61564066885511\/\"]},{\"@type\":\"Person\",\"@id\":\"https:\/\/www.nexoinformativo.mx\/#\/schema\/person\/7749d380ba08c8ca00d7bc76fd907b7d\",\"name\":\"Nexo Informativo\",\"image\":{\"@type\":\"ImageObject\",\"inLanguage\":\"es\",\"@id\":\"https:\/\/www.nexoinformativo.mx\/#\/schema\/person\/image\/\",\"url\":\"https:\/\/secure.gravatar.com\/avatar\/dde2928154642a13d95f87ddf1ea9718fe2b46760a005c53e41ff5ad610704e6?s=96&d=mm&r=g\",\"contentUrl\":\"https:\/\/secure.gravatar.com\/avatar\/dde2928154642a13d95f87ddf1ea9718fe2b46760a005c53e41ff5ad610704e6?s=96&d=mm&r=g\",\"caption\":\"Nexo Informativo\"},\"url\":\"https:\/\/www.nexoinformativo.mx\/index.php\/author\/edicion\/\"}]}<\/script>\n<!-- \/ Yoast SEO plugin. -->","yoast_head_json":{"title":"Canad\u00e1 pide a M\u00e9xico \"Hacer Equipo para el T-MEC\" ante amenazas de Trump | Nexo Informativo Santiago de Quer\u00e9taro","description":"Canad\u00e1 pide a M\u00e9xico \"Hacer Equipo para el T-MEC\" ante amenazas de Trump","robots":{"index":"index","follow":"follow","max-snippet":"max-snippet:-1","max-image-preview":"max-image-preview:large","max-video-preview":"max-video-preview:-1"},"canonical":"https:\/\/www.nexoinformativo.mx\/index.php\/2024\/11\/17\/canada-pide-a-mexico-hacer-equipo-para-el-t-mec-ante-amenazas-de-trump\/","og_locale":"es_MX","og_type":"article","og_title":"Canad\u00e1 pide a M\u00e9xico \"Hacer Equipo para el T-MEC\" ante amenazas de Trump | Nexo Informativo Santiago de Quer\u00e9taro","og_description":"Canad\u00e1 pide a M\u00e9xico \"Hacer Equipo para el T-MEC\" ante amenazas de Trump","og_url":"https:\/\/www.nexoinformativo.mx\/index.php\/2024\/11\/17\/canada-pide-a-mexico-hacer-equipo-para-el-t-mec-ante-amenazas-de-trump\/","og_site_name":"Nexo Informativo Santiago de Quer\u00e9taro","article_publisher":"https:\/\/www.facebook.com\/people\/Nexo-Informativo\/61564066885511\/","article_published_time":"2024-11-17T13:30:51+00:00","article_modified_time":"2024-11-17T14:35:15+00:00","og_image":[{"width":700,"height":717,"url":"https:\/\/www.nexoinformativo.mx\/wp-content\/uploads\/2024\/11\/IMG_7866-e1731853918284.jpg","type":"image\/jpeg"}],"author":"Nexo Informativo","twitter_card":"summary_large_image","twitter_misc":{"Escrito por":"Nexo Informativo","Tiempo de lectura":"2 minutos"},"schema":{"@context":"https:\/\/schema.org","@graph":[{"@type":"Article","@id":"https:\/\/www.nexoinformativo.mx\/index.php\/2024\/11\/17\/canada-pide-a-mexico-hacer-equipo-para-el-t-mec-ante-amenazas-de-trump\/#article","isPartOf":{"@id":"https:\/\/www.nexoinformativo.mx\/index.php\/2024\/11\/17\/canada-pide-a-mexico-hacer-equipo-para-el-t-mec-ante-amenazas-de-trump\/"},"author":{"name":"Nexo Informativo","@id":"https:\/\/www.nexoinformativo.mx\/#\/schema\/person\/7749d380ba08c8ca00d7bc76fd907b7d"},"headline":"Canad\u00e1 pide a M\u00e9xico &#8220;Hacer Equipo para el T-MEC&#8221; ante amenazas de Trump","datePublished":"2024-11-17T13:30:51+00:00","dateModified":"2024-11-17T14:35:15+00:00","mainEntityOfPage":{"@id":"https:\/\/www.nexoinformativo.mx\/index.php\/2024\/11\/17\/canada-pide-a-mexico-hacer-equipo-para-el-t-mec-ante-amenazas-de-trump\/"},"wordCount":277,"commentCount":0,"publisher":{"@id":"https:\/\/www.nexoinformativo.mx\/#organization"},"image":{"@id":"https:\/\/www.nexoinformativo.mx\/index.php\/2024\/11\/17\/canada-pide-a-mexico-hacer-equipo-para-el-t-mec-ante-amenazas-de-trump\/#primaryimage"},"thumbnailUrl":"https:\/\/www.nexoinformativo.mx\/wp-content\/uploads\/2024\/11\/IMG_7866-e1731853918284.jpg","keywords":["ComercioInternacional","M\u00e9xicoCanad\u00e1","RelacionesDiplom\u00e1ticas","TMECCooperaci\u00f3n"],"articleSection":["Nacional","\u00daltima Hora"],"inLanguage":"es","potentialAction":[{"@type":"CommentAction","name":"Comment","target":["https:\/\/www.nexoinformativo.mx\/index.php\/2024\/11\/17\/canada-pide-a-mexico-hacer-equipo-para-el-t-mec-ante-amenazas-de-trump\/#respond"]}]},{"@type":"WebPage","@id":"https:\/\/www.nexoinformativo.mx\/index.php\/2024\/11\/17\/canada-pide-a-mexico-hacer-equipo-para-el-t-mec-ante-amenazas-de-trump\/","url":"https:\/\/www.nexoinformativo.mx\/index.php\/2024\/11\/17\/canada-pide-a-mexico-hacer-equipo-para-el-t-mec-ante-amenazas-de-trump\/","name":"Canad\u00e1 pide a M\u00e9xico \"Hacer Equipo para el T-MEC\" ante amenazas de Trump | Nexo Informativo Santiago de Quer\u00e9taro","isPartOf":{"@id":"https:\/\/www.nexoinformativo.mx\/#website"},"primaryImageOfPage":{"@id":"https:\/\/www.nexoinformativo.mx\/index.php\/2024\/11\/17\/canada-pide-a-mexico-hacer-equipo-para-el-t-mec-ante-amenazas-de-trump\/#primaryimage"},"image":{"@id":"https:\/\/www.nexoinformativo.mx\/index.php\/2024\/11\/17\/canada-pide-a-mexico-hacer-equipo-para-el-t-mec-ante-amenazas-de-trump\/#primaryimage"},"thumbnailUrl":"https:\/\/www.nexoinformativo.mx\/wp-content\/uploads\/2024\/11\/IMG_7866-e1731853918284.jpg","datePublished":"2024-11-17T13:30:51+00:00","dateModified":"2024-11-17T14:35:15+00:00","description":"Canad\u00e1 pide a M\u00e9xico \"Hacer Equipo para el T-MEC\" ante amenazas de Trump","breadcrumb":{"@id":"https:\/\/www.nexoinformativo.mx\/index.php\/2024\/11\/17\/canada-pide-a-mexico-hacer-equipo-para-el-t-mec-ante-amenazas-de-trump\/#breadcrumb"},"inLanguage":"es","potentialAction":[{"@type":"ReadAction","target":["https:\/\/www.nexoinformativo.mx\/index.php\/2024\/11\/17\/canada-pide-a-mexico-hacer-equipo-para-el-t-mec-ante-amenazas-de-trump\/"]}]},{"@type":"ImageObject","inLanguage":"es","@id":"https:\/\/www.nexoinformativo.mx\/index.php\/2024\/11\/17\/canada-pide-a-mexico-hacer-equipo-para-el-t-mec-ante-amenazas-de-trump\/#primaryimage","url":"https:\/\/www.nexoinformativo.mx\/wp-content\/uploads\/2024\/11\/IMG_7866-e1731853918284.jpg","contentUrl":"https:\/\/www.nexoinformativo.mx\/wp-content\/uploads\/2024\/11\/IMG_7866-e1731853918284.jpg","width":700,"height":717},{"@type":"BreadcrumbList","@id":"https:\/\/www.nexoinformativo.mx\/index.php\/2024\/11\/17\/canada-pide-a-mexico-hacer-equipo-para-el-t-mec-ante-amenazas-de-trump\/#breadcrumb","itemListElement":[{"@type":"ListItem","position":1,"name":"Inicio","item":"https:\/\/www.nexoinformativo.mx\/"},{"@type":"ListItem","position":2,"name":"Canad\u00e1 pide a M\u00e9xico &#8220;Hacer Equipo para el T-MEC&#8221; ante amenazas de Trump"}]},{"@type":"WebSite","@id":"https:\/\/www.nexoinformativo.mx\/#website","url":"https:\/\/www.nexoinformativo.mx\/","name":"Nexo Informativo Santiago de Quer\u00e9taro","description":"Explora NexoInformativo y convi\u00e9rtete en parte de una comunidad que valora el conocimiento y la verdad. Tu nexoinformativo es tu puente hacia una comprensi\u00f3n m\u00e1s profunda del mundo que te rodea.","publisher":{"@id":"https:\/\/www.nexoinformativo.mx\/#organization"},"potentialAction":[{"@type":"SearchAction","target":{"@type":"EntryPoint","urlTemplate":"https:\/\/www.nexoinformativo.mx\/?s={search_term_string}"},"query-input":{"@type":"PropertyValueSpecification","valueRequired":true,"valueName":"search_term_string"}}],"inLanguage":"es"},{"@type":"Organization","@id":"https:\/\/www.nexoinformativo.mx\/#organization","name":"Nexo Informativo Santiago de Quer\u00e9taro","url":"https:\/\/www.nexoinformativo.mx\/","logo":{"@type":"ImageObject","inLanguage":"es","@id":"https:\/\/www.nexoinformativo.mx\/#\/schema\/logo\/image\/","url":"https:\/\/www.nexoinformativo.mx\/wp-content\/uploads\/2024\/07\/nexoi-trasparente-2.png","contentUrl":"https:\/\/www.nexoinformativo.mx\/wp-content\/uploads\/2024\/07\/nexoi-trasparente-2.png","width":816,"height":339,"caption":"Nexo Informativo Santiago de Quer\u00e9taro"},"image":{"@id":"https:\/\/www.nexoinformativo.mx\/#\/schema\/logo\/image\/"},"sameAs":["https:\/\/www.facebook.com\/people\/Nexo-Informativo\/61564066885511\/"]},{"@type":"Person","@id":"https:\/\/www.nexoinformativo.mx\/#\/schema\/person\/7749d380ba08c8ca00d7bc76fd907b7d","name":"Nexo Informativo","image":{"@type":"ImageObject","inLanguage":"es","@id":"https:\/\/www.nexoinformativo.mx\/#\/schema\/person\/image\/","url":"https:\/\/secure.gravatar.com\/avatar\/dde2928154642a13d95f87ddf1ea9718fe2b46760a005c53e41ff5ad610704e6?s=96&d=mm&r=g","contentUrl":"https:\/\/secure.gravatar.com\/avatar\/dde2928154642a13d95f87ddf1ea9718fe2b46760a005c53e41ff5ad610704e6?s=96&d=mm&r=g","caption":"Nexo Informativo"},"url":"https:\/\/www.nexoinformativo.mx\/index.php\/author\/edicion\/"}]}},"_links":{"self":[{"href":"https:\/\/www.nexoinformativo.mx\/index.php\/wp-json\/wp\/v2\/posts\/6236","targetHints":{"allow":["GET"]}}],"collection":[{"href":"https:\/\/www.nexoinformativo.mx\/index.php\/wp-json\/wp\/v2\/posts"}],"about":[{"href":"https:\/\/www.nexoinformativo.mx\/index.php\/wp-json\/wp\/v2\/types\/post"}],"author":[{"embeddable":true,"href":"https:\/\/www.nexoinformativo.mx\/index.php\/wp-json\/wp\/v2\/users\/3"}],"replies":[{"embeddable":true,"href":"https:\/\/www.nexoinformativo.mx\/index.php\/wp-json\/wp\/v2\/comments?post=6236"}],"version-history":[{"count":4,"href":"https:\/\/www.nexoinformativo.mx\/index.php\/wp-json\/wp\/v2\/posts\/6236\/revisions"}],"predecessor-version":[{"id":6241,"href":"https:\/\/www.nexoinformativo.mx\/index.php\/wp-json\/wp\/v2\/posts\/6236\/revisions\/6241"}],"wp:featuredmedia":[{"embeddable":true,"href":"https:\/\/www.nexoinformativo.mx\/index.php\/wp-json\/wp\/v2\/media\/6237"}],"wp:attachment":[{"href":"https:\/\/www.nexoinformativo.mx\/index.php\/wp-json\/wp\/v2\/media?parent=6236"}],"wp:term":[{"taxonomy":"category","embeddable":true,"href":"https:\/\/www.nexoinformativo.mx\/index.php\/wp-json\/wp\/v2\/categories?post=6236"},{"taxonomy":"post_tag","embeddable":true,"href":"https:\/\/www.nexoinformativo.mx\/index.php\/wp-json\/wp\/v2\/tags?post=6236"}],"curies":[{"name":"wp","href":"https:\/\/api.w.org\/{rel}","templated":true}]}}