{"id":6242,"date":"2024-11-17T08:00:21","date_gmt":"2024-11-17T14:00:21","guid":{"rendered":"https:\/\/www.nexoinformativo.mx\/?p=6242"},"modified":"2024-11-17T08:48:17","modified_gmt":"2024-11-17T14:48:17","slug":"apec-2024-foro-economico-culmina-con-reuniones-de-joe-biden-y-xi-jinping","status":"publish","type":"post","link":"https:\/\/www.nexoinformativo.mx\/index.php\/2024\/11\/17\/apec-2024-foro-economico-culmina-con-reuniones-de-joe-biden-y-xi-jinping\/","title":{"rendered":"APEC 2024: Foro Econ\u00f3mico culmina con reuniones de Joe Biden y Xi Jinping"},"content":{"rendered":"<p style=\"text-align: justify;\"><strong>El Foro de Cooperaci\u00f3n Econ\u00f3mica Asia-Pac\u00edfico<\/strong> (APEC) concluy\u00f3 con la aprobaci\u00f3n de la Hoja de Ruta de Lima, destinada a combatir la informalidad y fomentar el comercio global inclusivo. Los l\u00edderes de las 21 econom\u00edas de APEC tambi\u00e9n adoptaron la Declaraci\u00f3n de Ichma, enfocada en renovar la agenda del \u00c1rea de Libre Comercio del Asia-Pac\u00edfico (FTAAP).<\/p>\n<p>&nbsp;<\/p>\n<p style=\"text-align: justify;\">La presidenta Dina Boluarte destac\u00f3 que la Hoja de Ruta de Lima establece estrategias para empoderar sectores vulnerables y promover la innovaci\u00f3n y digitalizaci\u00f3n en la regi\u00f3n. Adem\u00e1s, subray\u00f3 dos logros significativos: p<strong>ol\u00edticas de hidr\u00f3geno limpio y bajo en carbono, y los Principios de Trujillo para reducir la p\u00e9rdida y desperdicio de alimentos<\/strong>.<\/p>\n<p>&nbsp;<\/p>\n<p style=\"text-align: justify;\">En la Semana de L\u00edderes de APEC, se aprob\u00f3 la Declaraci\u00f3n Ministerial Conjunta, centrada en promover una integraci\u00f3n econ\u00f3mica regional inclusiva, fomentar la innovaci\u00f3n y digitalizaci\u00f3n, y lograr un crecimiento sostenible y resiliente. La ministra de Comercio Exterior y Turismo, Desil\u00fa Le\u00f3n, destac\u00f3 la importancia de expandir el acceso de las MIPYME a mercados formales y globales.<\/p>\n<p>&nbsp;<\/p>\n<p style=\"text-align: justify;\">Mexico presente en la<strong> APEC Economic Leaders Week 2024<\/strong> con el subsecretario mexicano de Comercio Internacional tiene especial relevancia, ya que ser\u00e1 uno de los encargados de liderar la revisi\u00f3n del T-MEC. Nuestro pa\u00eds juega un rol estrat\u00e9gico en la cooperaci\u00f3n econ\u00f3mica y el comercio en la importante regi\u00f3n de Asia-Pac\u00edfico.<\/p>\n<p>&nbsp;<\/p>\n<p style=\"text-align: justify;\">El foro culmin\u00f3 con reuniones entre Joe Biden y Xi Jinping, abordando temas como el comercio, seguridad y sostenibilidad. La presidenta Boluarte concluy\u00f3 con optimismo sobre los pr\u00f3ximos debates, enfatizando la necesidad de convertir los compromisos en resultados reales.<\/p>\n<p>&nbsp;<\/p>\n<p style=\"text-align: center;\"><em><strong>\u00a1Informaci\u00f3n que transforma!<\/strong><\/em><\/p>\n","protected":false},"excerpt":{"rendered":"<p>El Foro de Cooperaci\u00f3n Econ\u00f3mica Asia-Pac\u00edfico (APEC) concluy\u00f3 con la aprobaci\u00f3n de la Hoja de Ruta de Lima, destinada a combatir la informalidad y fomentar el comercio global inclusivo.<\/p>\n","protected":false},"author":3,"featured_media":6243,"comment_status":"open","ping_status":"open","sticky":false,"template":"","format":"standard","meta":{"footnotes":""},"categories":[5,88,58],"tags":[2109,2114,2115,1451],"class_list":["post-6242","post","type-post","status-publish","format-standard","has-post-thumbnail","hentry","category-economia","category-nacional","category-ultima-hora","tag-apec2024","tag-comercioglobal","tag-economiaformal","tag-sostenibilidad"],"yoast_head":"<!-- This site is optimized with the Yoast SEO plugin v25.0 - https:\/\/yoast.com\/wordpress\/plugins\/seo\/ -->\n<title>APEC 2024: Foro Econ\u00f3mico culmina con reuniones de Joe Biden y Xi Jinping | Nexo Informativo Santiago de Quer\u00e9taro<\/title>\n<meta name=\"description\" content=\"APEC 2024: Foro Econ\u00f3mico culmina con reuniones de Joe Biden y Xi Jinping\" \/>\n<meta name=\"robots\" content=\"index, follow, max-snippet:-1, max-image-preview:large, max-video-preview:-1\" \/>\n<link rel=\"canonical\" href=\"https:\/\/www.nexoinformativo.mx\/index.php\/2024\/11\/17\/apec-2024-foro-economico-culmina-con-reuniones-de-joe-biden-y-xi-jinping\/\" \/>\n<meta property=\"og:locale\" content=\"es_MX\" \/>\n<meta property=\"og:type\" content=\"article\" \/>\n<meta property=\"og:title\" content=\"APEC 2024: Foro Econ\u00f3mico culmina con reuniones de Joe Biden y Xi Jinping | Nexo Informativo Santiago de Quer\u00e9taro\" \/>\n<meta property=\"og:description\" content=\"APEC 2024: Foro Econ\u00f3mico culmina con reuniones de Joe Biden y Xi Jinping\" \/>\n<meta property=\"og:url\" content=\"https:\/\/www.nexoinformativo.mx\/index.php\/2024\/11\/17\/apec-2024-foro-economico-culmina-con-reuniones-de-joe-biden-y-xi-jinping\/\" \/>\n<meta property=\"og:site_name\" content=\"Nexo Informativo Santiago de Quer\u00e9taro\" \/>\n<meta property=\"article:publisher\" content=\"https:\/\/www.facebook.com\/people\/Nexo-Informativo\/61564066885511\/\" \/>\n<meta property=\"article:published_time\" content=\"2024-11-17T14:00:21+00:00\" \/>\n<meta property=\"article:modified_time\" content=\"2024-11-17T14:48:17+00:00\" \/>\n<meta property=\"og:image\" content=\"https:\/\/www.nexoinformativo.mx\/wp-content\/uploads\/2024\/11\/IMG_7873-e1731854616735.jpg\" \/>\n\t<meta property=\"og:image:width\" content=\"700\" \/>\n\t<meta property=\"og:image:height\" content=\"500\" \/>\n\t<meta property=\"og:image:type\" content=\"image\/jpeg\" \/>\n<meta name=\"author\" content=\"Nexo Informativo\" \/>\n<meta name=\"twitter:card\" content=\"summary_large_image\" \/>\n<meta name=\"twitter:label1\" content=\"Escrito por\" \/>\n\t<meta name=\"twitter:data1\" content=\"Nexo Informativo\" \/>\n\t<meta name=\"twitter:label2\" content=\"Tiempo de lectura\" \/>\n\t<meta name=\"twitter:data2\" content=\"2 minutos\" \/>\n<script type=\"application\/ld+json\" class=\"yoast-schema-graph\">{\"@context\":\"https:\/\/schema.org\",\"@graph\":[{\"@type\":\"Article\",\"@id\":\"https:\/\/www.nexoinformativo.mx\/index.php\/2024\/11\/17\/apec-2024-foro-economico-culmina-con-reuniones-de-joe-biden-y-xi-jinping\/#article\",\"isPartOf\":{\"@id\":\"https:\/\/www.nexoinformativo.mx\/index.php\/2024\/11\/17\/apec-2024-foro-economico-culmina-con-reuniones-de-joe-biden-y-xi-jinping\/\"},\"author\":{\"name\":\"Nexo Informativo\",\"@id\":\"https:\/\/www.nexoinformativo.mx\/#\/schema\/person\/7749d380ba08c8ca00d7bc76fd907b7d\"},\"headline\":\"APEC 2024: Foro Econ\u00f3mico culmina con reuniones de Joe Biden y Xi Jinping\",\"datePublished\":\"2024-11-17T14:00:21+00:00\",\"dateModified\":\"2024-11-17T14:48:17+00:00\",\"mainEntityOfPage\":{\"@id\":\"https:\/\/www.nexoinformativo.mx\/index.php\/2024\/11\/17\/apec-2024-foro-economico-culmina-con-reuniones-de-joe-biden-y-xi-jinping\/\"},\"wordCount\":307,\"commentCount\":0,\"publisher\":{\"@id\":\"https:\/\/www.nexoinformativo.mx\/#organization\"},\"image\":{\"@id\":\"https:\/\/www.nexoinformativo.mx\/index.php\/2024\/11\/17\/apec-2024-foro-economico-culmina-con-reuniones-de-joe-biden-y-xi-jinping\/#primaryimage\"},\"thumbnailUrl\":\"https:\/\/www.nexoinformativo.mx\/wp-content\/uploads\/2024\/11\/IMG_7873-e1731854616735.jpg\",\"keywords\":[\"APEC2024\",\"ComercioGlobal\",\"Econom\u00edaFormal\",\"Sostenibilidad\"],\"articleSection\":[\"Econom\u00eda\",\"Nacional\",\"\u00daltima Hora\"],\"inLanguage\":\"es\",\"potentialAction\":[{\"@type\":\"CommentAction\",\"name\":\"Comment\",\"target\":[\"https:\/\/www.nexoinformativo.mx\/index.php\/2024\/11\/17\/apec-2024-foro-economico-culmina-con-reuniones-de-joe-biden-y-xi-jinping\/#respond\"]}]},{\"@type\":\"WebPage\",\"@id\":\"https:\/\/www.nexoinformativo.mx\/index.php\/2024\/11\/17\/apec-2024-foro-economico-culmina-con-reuniones-de-joe-biden-y-xi-jinping\/\",\"url\":\"https:\/\/www.nexoinformativo.mx\/index.php\/2024\/11\/17\/apec-2024-foro-economico-culmina-con-reuniones-de-joe-biden-y-xi-jinping\/\",\"name\":\"APEC 2024: Foro Econ\u00f3mico culmina con reuniones de Joe Biden y Xi Jinping | Nexo Informativo Santiago de Quer\u00e9taro\",\"isPartOf\":{\"@id\":\"https:\/\/www.nexoinformativo.mx\/#website\"},\"primaryImageOfPage\":{\"@id\":\"https:\/\/www.nexoinformativo.mx\/index.php\/2024\/11\/17\/apec-2024-foro-economico-culmina-con-reuniones-de-joe-biden-y-xi-jinping\/#primaryimage\"},\"image\":{\"@id\":\"https:\/\/www.nexoinformativo.mx\/index.php\/2024\/11\/17\/apec-2024-foro-economico-culmina-con-reuniones-de-joe-biden-y-xi-jinping\/#primaryimage\"},\"thumbnailUrl\":\"https:\/\/www.nexoinformativo.mx\/wp-content\/uploads\/2024\/11\/IMG_7873-e1731854616735.jpg\",\"datePublished\":\"2024-11-17T14:00:21+00:00\",\"dateModified\":\"2024-11-17T14:48:17+00:00\",\"description\":\"APEC 2024: Foro Econ\u00f3mico culmina con reuniones de Joe Biden y Xi Jinping\",\"breadcrumb\":{\"@id\":\"https:\/\/www.nexoinformativo.mx\/index.php\/2024\/11\/17\/apec-2024-foro-economico-culmina-con-reuniones-de-joe-biden-y-xi-jinping\/#breadcrumb\"},\"inLanguage\":\"es\",\"potentialAction\":[{\"@type\":\"ReadAction\",\"target\":[\"https:\/\/www.nexoinformativo.mx\/index.php\/2024\/11\/17\/apec-2024-foro-economico-culmina-con-reuniones-de-joe-biden-y-xi-jinping\/\"]}]},{\"@type\":\"ImageObject\",\"inLanguage\":\"es\",\"@id\":\"https:\/\/www.nexoinformativo.mx\/index.php\/2024\/11\/17\/apec-2024-foro-economico-culmina-con-reuniones-de-joe-biden-y-xi-jinping\/#primaryimage\",\"url\":\"https:\/\/www.nexoinformativo.mx\/wp-content\/uploads\/2024\/11\/IMG_7873-e1731854616735.jpg\",\"contentUrl\":\"https:\/\/www.nexoinformativo.mx\/wp-content\/uploads\/2024\/11\/IMG_7873-e1731854616735.jpg\",\"width\":700,\"height\":500},{\"@type\":\"BreadcrumbList\",\"@id\":\"https:\/\/www.nexoinformativo.mx\/index.php\/2024\/11\/17\/apec-2024-foro-economico-culmina-con-reuniones-de-joe-biden-y-xi-jinping\/#breadcrumb\",\"itemListElement\":[{\"@type\":\"ListItem\",\"position\":1,\"name\":\"Inicio\",\"item\":\"https:\/\/www.nexoinformativo.mx\/\"},{\"@type\":\"ListItem\",\"position\":2,\"name\":\"APEC 2024: Foro Econ\u00f3mico culmina con reuniones de Joe Biden y Xi Jinping\"}]},{\"@type\":\"WebSite\",\"@id\":\"https:\/\/www.nexoinformativo.mx\/#website\",\"url\":\"https:\/\/www.nexoinformativo.mx\/\",\"name\":\"Nexo Informativo Santiago de Quer\u00e9taro\",\"description\":\"Explora NexoInformativo y convi\u00e9rtete en parte de una comunidad que valora el conocimiento y la verdad. Tu nexoinformativo es tu puente hacia una comprensi\u00f3n m\u00e1s profunda del mundo que te rodea.\",\"publisher\":{\"@id\":\"https:\/\/www.nexoinformativo.mx\/#organization\"},\"potentialAction\":[{\"@type\":\"SearchAction\",\"target\":{\"@type\":\"EntryPoint\",\"urlTemplate\":\"https:\/\/www.nexoinformativo.mx\/?s={search_term_string}\"},\"query-input\":{\"@type\":\"PropertyValueSpecification\",\"valueRequired\":true,\"valueName\":\"search_term_string\"}}],\"inLanguage\":\"es\"},{\"@type\":\"Organization\",\"@id\":\"https:\/\/www.nexoinformativo.mx\/#organization\",\"name\":\"Nexo Informativo Santiago de Quer\u00e9taro\",\"url\":\"https:\/\/www.nexoinformativo.mx\/\",\"logo\":{\"@type\":\"ImageObject\",\"inLanguage\":\"es\",\"@id\":\"https:\/\/www.nexoinformativo.mx\/#\/schema\/logo\/image\/\",\"url\":\"https:\/\/www.nexoinformativo.mx\/wp-content\/uploads\/2024\/07\/nexoi-trasparente-2.png\",\"contentUrl\":\"https:\/\/www.nexoinformativo.mx\/wp-content\/uploads\/2024\/07\/nexoi-trasparente-2.png\",\"width\":816,\"height\":339,\"caption\":\"Nexo Informativo Santiago de Quer\u00e9taro\"},\"image\":{\"@id\":\"https:\/\/www.nexoinformativo.mx\/#\/schema\/logo\/image\/\"},\"sameAs\":[\"https:\/\/www.facebook.com\/people\/Nexo-Informativo\/61564066885511\/\"]},{\"@type\":\"Person\",\"@id\":\"https:\/\/www.nexoinformativo.mx\/#\/schema\/person\/7749d380ba08c8ca00d7bc76fd907b7d\",\"name\":\"Nexo Informativo\",\"image\":{\"@type\":\"ImageObject\",\"inLanguage\":\"es\",\"@id\":\"https:\/\/www.nexoinformativo.mx\/#\/schema\/person\/image\/\",\"url\":\"https:\/\/secure.gravatar.com\/avatar\/dde2928154642a13d95f87ddf1ea9718fe2b46760a005c53e41ff5ad610704e6?s=96&d=mm&r=g\",\"contentUrl\":\"https:\/\/secure.gravatar.com\/avatar\/dde2928154642a13d95f87ddf1ea9718fe2b46760a005c53e41ff5ad610704e6?s=96&d=mm&r=g\",\"caption\":\"Nexo Informativo\"},\"url\":\"https:\/\/www.nexoinformativo.mx\/index.php\/author\/edicion\/\"}]}<\/script>\n<!-- \/ Yoast SEO plugin. -->","yoast_head_json":{"title":"APEC 2024: Foro Econ\u00f3mico culmina con reuniones de Joe Biden y Xi Jinping | Nexo Informativo Santiago de Quer\u00e9taro","description":"APEC 2024: Foro Econ\u00f3mico culmina con reuniones de Joe Biden y Xi Jinping","robots":{"index":"index","follow":"follow","max-snippet":"max-snippet:-1","max-image-preview":"max-image-preview:large","max-video-preview":"max-video-preview:-1"},"canonical":"https:\/\/www.nexoinformativo.mx\/index.php\/2024\/11\/17\/apec-2024-foro-economico-culmina-con-reuniones-de-joe-biden-y-xi-jinping\/","og_locale":"es_MX","og_type":"article","og_title":"APEC 2024: Foro Econ\u00f3mico culmina con reuniones de Joe Biden y Xi Jinping | Nexo Informativo Santiago de Quer\u00e9taro","og_description":"APEC 2024: Foro Econ\u00f3mico culmina con reuniones de Joe Biden y Xi Jinping","og_url":"https:\/\/www.nexoinformativo.mx\/index.php\/2024\/11\/17\/apec-2024-foro-economico-culmina-con-reuniones-de-joe-biden-y-xi-jinping\/","og_site_name":"Nexo Informativo Santiago de Quer\u00e9taro","article_publisher":"https:\/\/www.facebook.com\/people\/Nexo-Informativo\/61564066885511\/","article_published_time":"2024-11-17T14:00:21+00:00","article_modified_time":"2024-11-17T14:48:17+00:00","og_image":[{"width":700,"height":500,"url":"https:\/\/www.nexoinformativo.mx\/wp-content\/uploads\/2024\/11\/IMG_7873-e1731854616735.jpg","type":"image\/jpeg"}],"author":"Nexo Informativo","twitter_card":"summary_large_image","twitter_misc":{"Escrito por":"Nexo Informativo","Tiempo de lectura":"2 minutos"},"schema":{"@context":"https:\/\/schema.org","@graph":[{"@type":"Article","@id":"https:\/\/www.nexoinformativo.mx\/index.php\/2024\/11\/17\/apec-2024-foro-economico-culmina-con-reuniones-de-joe-biden-y-xi-jinping\/#article","isPartOf":{"@id":"https:\/\/www.nexoinformativo.mx\/index.php\/2024\/11\/17\/apec-2024-foro-economico-culmina-con-reuniones-de-joe-biden-y-xi-jinping\/"},"author":{"name":"Nexo Informativo","@id":"https:\/\/www.nexoinformativo.mx\/#\/schema\/person\/7749d380ba08c8ca00d7bc76fd907b7d"},"headline":"APEC 2024: Foro Econ\u00f3mico culmina con reuniones de Joe Biden y Xi Jinping","datePublished":"2024-11-17T14:00:21+00:00","dateModified":"2024-11-17T14:48:17+00:00","mainEntityOfPage":{"@id":"https:\/\/www.nexoinformativo.mx\/index.php\/2024\/11\/17\/apec-2024-foro-economico-culmina-con-reuniones-de-joe-biden-y-xi-jinping\/"},"wordCount":307,"commentCount":0,"publisher":{"@id":"https:\/\/www.nexoinformativo.mx\/#organization"},"image":{"@id":"https:\/\/www.nexoinformativo.mx\/index.php\/2024\/11\/17\/apec-2024-foro-economico-culmina-con-reuniones-de-joe-biden-y-xi-jinping\/#primaryimage"},"thumbnailUrl":"https:\/\/www.nexoinformativo.mx\/wp-content\/uploads\/2024\/11\/IMG_7873-e1731854616735.jpg","keywords":["APEC2024","ComercioGlobal","Econom\u00edaFormal","Sostenibilidad"],"articleSection":["Econom\u00eda","Nacional","\u00daltima Hora"],"inLanguage":"es","potentialAction":[{"@type":"CommentAction","name":"Comment","target":["https:\/\/www.nexoinformativo.mx\/index.php\/2024\/11\/17\/apec-2024-foro-economico-culmina-con-reuniones-de-joe-biden-y-xi-jinping\/#respond"]}]},{"@type":"WebPage","@id":"https:\/\/www.nexoinformativo.mx\/index.php\/2024\/11\/17\/apec-2024-foro-economico-culmina-con-reuniones-de-joe-biden-y-xi-jinping\/","url":"https:\/\/www.nexoinformativo.mx\/index.php\/2024\/11\/17\/apec-2024-foro-economico-culmina-con-reuniones-de-joe-biden-y-xi-jinping\/","name":"APEC 2024: Foro Econ\u00f3mico culmina con reuniones de Joe Biden y Xi Jinping | Nexo Informativo Santiago de Quer\u00e9taro","isPartOf":{"@id":"https:\/\/www.nexoinformativo.mx\/#website"},"primaryImageOfPage":{"@id":"https:\/\/www.nexoinformativo.mx\/index.php\/2024\/11\/17\/apec-2024-foro-economico-culmina-con-reuniones-de-joe-biden-y-xi-jinping\/#primaryimage"},"image":{"@id":"https:\/\/www.nexoinformativo.mx\/index.php\/2024\/11\/17\/apec-2024-foro-economico-culmina-con-reuniones-de-joe-biden-y-xi-jinping\/#primaryimage"},"thumbnailUrl":"https:\/\/www.nexoinformativo.mx\/wp-content\/uploads\/2024\/11\/IMG_7873-e1731854616735.jpg","datePublished":"2024-11-17T14:00:21+00:00","dateModified":"2024-11-17T14:48:17+00:00","description":"APEC 2024: Foro Econ\u00f3mico culmina con reuniones de Joe Biden y Xi Jinping","breadcrumb":{"@id":"https:\/\/www.nexoinformativo.mx\/index.php\/2024\/11\/17\/apec-2024-foro-economico-culmina-con-reuniones-de-joe-biden-y-xi-jinping\/#breadcrumb"},"inLanguage":"es","potentialAction":[{"@type":"ReadAction","target":["https:\/\/www.nexoinformativo.mx\/index.php\/2024\/11\/17\/apec-2024-foro-economico-culmina-con-reuniones-de-joe-biden-y-xi-jinping\/"]}]},{"@type":"ImageObject","inLanguage":"es","@id":"https:\/\/www.nexoinformativo.mx\/index.php\/2024\/11\/17\/apec-2024-foro-economico-culmina-con-reuniones-de-joe-biden-y-xi-jinping\/#primaryimage","url":"https:\/\/www.nexoinformativo.mx\/wp-content\/uploads\/2024\/11\/IMG_7873-e1731854616735.jpg","contentUrl":"https:\/\/www.nexoinformativo.mx\/wp-content\/uploads\/2024\/11\/IMG_7873-e1731854616735.jpg","width":700,"height":500},{"@type":"BreadcrumbList","@id":"https:\/\/www.nexoinformativo.mx\/index.php\/2024\/11\/17\/apec-2024-foro-economico-culmina-con-reuniones-de-joe-biden-y-xi-jinping\/#breadcrumb","itemListElement":[{"@type":"ListItem","position":1,"name":"Inicio","item":"https:\/\/www.nexoinformativo.mx\/"},{"@type":"ListItem","position":2,"name":"APEC 2024: Foro Econ\u00f3mico culmina con reuniones de Joe Biden y Xi Jinping"}]},{"@type":"WebSite","@id":"https:\/\/www.nexoinformativo.mx\/#website","url":"https:\/\/www.nexoinformativo.mx\/","name":"Nexo Informativo Santiago de Quer\u00e9taro","description":"Explora NexoInformativo y convi\u00e9rtete en parte de una comunidad que valora el conocimiento y la verdad. Tu nexoinformativo es tu puente hacia una comprensi\u00f3n m\u00e1s profunda del mundo que te rodea.","publisher":{"@id":"https:\/\/www.nexoinformativo.mx\/#organization"},"potentialAction":[{"@type":"SearchAction","target":{"@type":"EntryPoint","urlTemplate":"https:\/\/www.nexoinformativo.mx\/?s={search_term_string}"},"query-input":{"@type":"PropertyValueSpecification","valueRequired":true,"valueName":"search_term_string"}}],"inLanguage":"es"},{"@type":"Organization","@id":"https:\/\/www.nexoinformativo.mx\/#organization","name":"Nexo Informativo Santiago de Quer\u00e9taro","url":"https:\/\/www.nexoinformativo.mx\/","logo":{"@type":"ImageObject","inLanguage":"es","@id":"https:\/\/www.nexoinformativo.mx\/#\/schema\/logo\/image\/","url":"https:\/\/www.nexoinformativo.mx\/wp-content\/uploads\/2024\/07\/nexoi-trasparente-2.png","contentUrl":"https:\/\/www.nexoinformativo.mx\/wp-content\/uploads\/2024\/07\/nexoi-trasparente-2.png","width":816,"height":339,"caption":"Nexo Informativo Santiago de Quer\u00e9taro"},"image":{"@id":"https:\/\/www.nexoinformativo.mx\/#\/schema\/logo\/image\/"},"sameAs":["https:\/\/www.facebook.com\/people\/Nexo-Informativo\/61564066885511\/"]},{"@type":"Person","@id":"https:\/\/www.nexoinformativo.mx\/#\/schema\/person\/7749d380ba08c8ca00d7bc76fd907b7d","name":"Nexo Informativo","image":{"@type":"ImageObject","inLanguage":"es","@id":"https:\/\/www.nexoinformativo.mx\/#\/schema\/person\/image\/","url":"https:\/\/secure.gravatar.com\/avatar\/dde2928154642a13d95f87ddf1ea9718fe2b46760a005c53e41ff5ad610704e6?s=96&d=mm&r=g","contentUrl":"https:\/\/secure.gravatar.com\/avatar\/dde2928154642a13d95f87ddf1ea9718fe2b46760a005c53e41ff5ad610704e6?s=96&d=mm&r=g","caption":"Nexo Informativo"},"url":"https:\/\/www.nexoinformativo.mx\/index.php\/author\/edicion\/"}]}},"_links":{"self":[{"href":"https:\/\/www.nexoinformativo.mx\/index.php\/wp-json\/wp\/v2\/posts\/6242","targetHints":{"allow":["GET"]}}],"collection":[{"href":"https:\/\/www.nexoinformativo.mx\/index.php\/wp-json\/wp\/v2\/posts"}],"about":[{"href":"https:\/\/www.nexoinformativo.mx\/index.php\/wp-json\/wp\/v2\/types\/post"}],"author":[{"embeddable":true,"href":"https:\/\/www.nexoinformativo.mx\/index.php\/wp-json\/wp\/v2\/users\/3"}],"replies":[{"embeddable":true,"href":"https:\/\/www.nexoinformativo.mx\/index.php\/wp-json\/wp\/v2\/comments?post=6242"}],"version-history":[{"count":5,"href":"https:\/\/www.nexoinformativo.mx\/index.php\/wp-json\/wp\/v2\/posts\/6242\/revisions"}],"predecessor-version":[{"id":6249,"href":"https:\/\/www.nexoinformativo.mx\/index.php\/wp-json\/wp\/v2\/posts\/6242\/revisions\/6249"}],"wp:featuredmedia":[{"embeddable":true,"href":"https:\/\/www.nexoinformativo.mx\/index.php\/wp-json\/wp\/v2\/media\/6243"}],"wp:attachment":[{"href":"https:\/\/www.nexoinformativo.mx\/index.php\/wp-json\/wp\/v2\/media?parent=6242"}],"wp:term":[{"taxonomy":"category","embeddable":true,"href":"https:\/\/www.nexoinformativo.mx\/index.php\/wp-json\/wp\/v2\/categories?post=6242"},{"taxonomy":"post_tag","embeddable":true,"href":"https:\/\/www.nexoinformativo.mx\/index.php\/wp-json\/wp\/v2\/tags?post=6242"}],"curies":[{"name":"wp","href":"https:\/\/api.w.org\/{rel}","templated":true}]}}