{"id":625,"date":"2024-08-12T10:11:50","date_gmt":"2024-08-12T16:11:50","guid":{"rendered":"https:\/\/www.nexoinformativo.mx\/?p=625"},"modified":"2024-10-07T12:22:54","modified_gmt":"2024-10-07T18:22:54","slug":"policias-de-queretaro-sancionados-por-uso-indebido-de-patrulla-para-compras-personales","status":"publish","type":"post","link":"https:\/\/www.nexoinformativo.mx\/index.php\/2024\/08\/12\/policias-de-queretaro-sancionados-por-uso-indebido-de-patrulla-para-compras-personales\/","title":{"rendered":"Polic\u00edas de Quer\u00e9taro sancionados por uso indebido de patrulla para compras personales"},"content":{"rendered":"\r\n<p style=\"text-align: justify;\">Despu\u00e9s de que atreves de redes sociales se evidenciara como personas vestidas de civil, hacen uso indebido de una de las patrullas de la Secretar\u00eda de Seguridad P\u00fablica Municipal (SSPMQ), utilizando la unidad para ir de compras al Costco, la autoridad anunci\u00f3 que ya se tomaron medidas disciplinarias.<\/p>\r\n<p>&nbsp;<\/p>\r\n<p>\r\n\r\n<\/p>\r\n<p style=\"text-align: justify;\">La dependencia de seguridad p\u00fablica municipal, a trav\u00e9s de una breve publicaci\u00f3n en la red social \u201cX\u201d antes Twitter, confirm\u00f3 que dichas personas que se observan en el video, son polic\u00edas activos de dicha instituci\u00f3n, mismos quienes ya fueron identificados y sancionados.<\/p>\r\n<p>&nbsp;<\/p>\r\n<p>\r\n\r\n<\/p>\r\n<p style=\"text-align: justify;\">\u201cIdentificados y sancionados los polic\u00edas que aparecen en un v\u00eddeo que circula en redes sociales, donde se aprecia que personal operativo realiza una acci\u00f3n irregular a bordo de un veh\u00edculo oficial en servicio\u201d, inform\u00f3 la SSPMQ.<\/p>\r\n<p>&nbsp;<\/p>\r\n<p>\r\n\r\n<\/p>\r\n<p style=\"text-align: justify;\">Aunque la dependencia municipal no dio detalles espec\u00edficos de qu\u00e9 tipo de sanci\u00f3n fue impuesta a los polic\u00edas por hacer uso de una unidad oficial como veh\u00edculo particular, de acuerdo a la \u00faltima ocasi\u00f3n que se present\u00f3 un hecho similar que fue cuando fotografiaron al ex secretario de esta misma corporaci\u00f3n Rolando Eugenio Hidalgo Eddy (QEPD), usando una unidad tambi\u00e9n para ir de compras, el propio titular tuvo que renunciar al cargo.<\/p>\r\n<p>&nbsp;<\/p>\r\n<p style=\"text-align: center;\"><strong><em>\u00a1Informaci\u00f3n que transforma!<\/em><\/strong><\/p>\r\n<p><\/p>","protected":false},"excerpt":{"rendered":"<p>Despu\u00e9s de que atreves de redes sociales se evidenciara como personas vestidas de civil, hacen uso indebido de una de las patrullas de la Secretar\u00eda de Seguridad P\u00fablica Municipal (SSPMQ), utilizando la unidad para ir de compras al Costco, la autoridad anunci\u00f3 que ya se tomaron medidas disciplinarias. &nbsp; La dependencia de seguridad p\u00fablica municipal, [&hellip;]<\/p>\n","protected":false},"author":2,"featured_media":626,"comment_status":"closed","ping_status":"open","sticky":false,"template":"","format":"standard","meta":{"footnotes":""},"categories":[137],"tags":[258,256,257],"class_list":["post-625","post","type-post","status-publish","format-standard","has-post-thumbnail","hentry","category-sucesos","tag-policiasancionados","tag-policiasmunicipales","tag-sancionados"],"yoast_head":"<!-- This site is optimized with the Yoast SEO plugin v25.0 - https:\/\/yoast.com\/wordpress\/plugins\/seo\/ -->\n<title>Polic\u00edas de Quer\u00e9taro sancionados por uso indebido de patrulla para compras personales | Nexo Informativo Santiago de Quer\u00e9taro<\/title>\n<meta name=\"robots\" content=\"index, follow, max-snippet:-1, max-image-preview:large, max-video-preview:-1\" \/>\n<link rel=\"canonical\" href=\"https:\/\/www.nexoinformativo.mx\/index.php\/2024\/08\/12\/policias-de-queretaro-sancionados-por-uso-indebido-de-patrulla-para-compras-personales\/\" \/>\n<meta property=\"og:locale\" content=\"es_MX\" \/>\n<meta property=\"og:type\" content=\"article\" \/>\n<meta property=\"og:title\" content=\"Polic\u00edas de Quer\u00e9taro sancionados por uso indebido de patrulla para compras personales | Nexo Informativo Santiago de Quer\u00e9taro\" \/>\n<meta property=\"og:description\" content=\"Despu\u00e9s de que atreves de redes sociales se evidenciara como personas vestidas de civil, hacen uso indebido de una de las patrullas de la Secretar\u00eda de Seguridad P\u00fablica Municipal (SSPMQ), utilizando la unidad para ir de compras al Costco, la autoridad anunci\u00f3 que ya se tomaron medidas disciplinarias. &nbsp; La dependencia de seguridad p\u00fablica municipal, [&hellip;]\" \/>\n<meta property=\"og:url\" content=\"https:\/\/www.nexoinformativo.mx\/index.php\/2024\/08\/12\/policias-de-queretaro-sancionados-por-uso-indebido-de-patrulla-para-compras-personales\/\" \/>\n<meta property=\"og:site_name\" content=\"Nexo Informativo Santiago de Quer\u00e9taro\" \/>\n<meta property=\"article:publisher\" content=\"https:\/\/www.facebook.com\/people\/Nexo-Informativo\/61564066885511\/\" \/>\n<meta property=\"article:published_time\" content=\"2024-08-12T16:11:50+00:00\" \/>\n<meta property=\"article:modified_time\" content=\"2024-10-07T18:22:54+00:00\" \/>\n<meta property=\"og:image\" content=\"https:\/\/www.nexoinformativo.mx\/wp-content\/uploads\/2024\/08\/Screenshot_2024-08-09-13-39-49-613_com.whatsapp7E2.webp\" \/>\n\t<meta property=\"og:image:width\" content=\"1220\" \/>\n\t<meta property=\"og:image:height\" content=\"1380\" \/>\n\t<meta property=\"og:image:type\" content=\"image\/webp\" \/>\n<meta name=\"author\" content=\"admin\" \/>\n<meta name=\"twitter:card\" content=\"summary_large_image\" \/>\n<meta name=\"twitter:label1\" content=\"Escrito por\" \/>\n\t<meta name=\"twitter:data1\" content=\"admin\" \/>\n\t<meta name=\"twitter:label2\" content=\"Tiempo de lectura\" \/>\n\t<meta name=\"twitter:data2\" content=\"2 minutos\" \/>\n<script type=\"application\/ld+json\" class=\"yoast-schema-graph\">{\"@context\":\"https:\/\/schema.org\",\"@graph\":[{\"@type\":\"Article\",\"@id\":\"https:\/\/www.nexoinformativo.mx\/index.php\/2024\/08\/12\/policias-de-queretaro-sancionados-por-uso-indebido-de-patrulla-para-compras-personales\/#article\",\"isPartOf\":{\"@id\":\"https:\/\/www.nexoinformativo.mx\/index.php\/2024\/08\/12\/policias-de-queretaro-sancionados-por-uso-indebido-de-patrulla-para-compras-personales\/\"},\"author\":{\"name\":\"admin\",\"@id\":\"https:\/\/www.nexoinformativo.mx\/#\/schema\/person\/4beeb8fa2c46efc230191fd4030766b5\"},\"headline\":\"Polic\u00edas de Quer\u00e9taro sancionados por uso indebido de patrulla para compras personales\",\"datePublished\":\"2024-08-12T16:11:50+00:00\",\"dateModified\":\"2024-10-07T18:22:54+00:00\",\"mainEntityOfPage\":{\"@id\":\"https:\/\/www.nexoinformativo.mx\/index.php\/2024\/08\/12\/policias-de-queretaro-sancionados-por-uso-indebido-de-patrulla-para-compras-personales\/\"},\"wordCount\":239,\"publisher\":{\"@id\":\"https:\/\/www.nexoinformativo.mx\/#organization\"},\"image\":{\"@id\":\"https:\/\/www.nexoinformativo.mx\/index.php\/2024\/08\/12\/policias-de-queretaro-sancionados-por-uso-indebido-de-patrulla-para-compras-personales\/#primaryimage\"},\"thumbnailUrl\":\"https:\/\/www.nexoinformativo.mx\/wp-content\/uploads\/2024\/08\/Screenshot_2024-08-09-13-39-49-613_com.whatsapp7E2.webp\",\"keywords\":[\"policiasancionados\",\"PoliciasMunicipales\",\"sancionados\"],\"articleSection\":[\"Sucesos\"],\"inLanguage\":\"es\"},{\"@type\":\"WebPage\",\"@id\":\"https:\/\/www.nexoinformativo.mx\/index.php\/2024\/08\/12\/policias-de-queretaro-sancionados-por-uso-indebido-de-patrulla-para-compras-personales\/\",\"url\":\"https:\/\/www.nexoinformativo.mx\/index.php\/2024\/08\/12\/policias-de-queretaro-sancionados-por-uso-indebido-de-patrulla-para-compras-personales\/\",\"name\":\"Polic\u00edas de Quer\u00e9taro sancionados por uso indebido de patrulla para compras personales | Nexo Informativo Santiago de Quer\u00e9taro\",\"isPartOf\":{\"@id\":\"https:\/\/www.nexoinformativo.mx\/#website\"},\"primaryImageOfPage\":{\"@id\":\"https:\/\/www.nexoinformativo.mx\/index.php\/2024\/08\/12\/policias-de-queretaro-sancionados-por-uso-indebido-de-patrulla-para-compras-personales\/#primaryimage\"},\"image\":{\"@id\":\"https:\/\/www.nexoinformativo.mx\/index.php\/2024\/08\/12\/policias-de-queretaro-sancionados-por-uso-indebido-de-patrulla-para-compras-personales\/#primaryimage\"},\"thumbnailUrl\":\"https:\/\/www.nexoinformativo.mx\/wp-content\/uploads\/2024\/08\/Screenshot_2024-08-09-13-39-49-613_com.whatsapp7E2.webp\",\"datePublished\":\"2024-08-12T16:11:50+00:00\",\"dateModified\":\"2024-10-07T18:22:54+00:00\",\"breadcrumb\":{\"@id\":\"https:\/\/www.nexoinformativo.mx\/index.php\/2024\/08\/12\/policias-de-queretaro-sancionados-por-uso-indebido-de-patrulla-para-compras-personales\/#breadcrumb\"},\"inLanguage\":\"es\",\"potentialAction\":[{\"@type\":\"ReadAction\",\"target\":[\"https:\/\/www.nexoinformativo.mx\/index.php\/2024\/08\/12\/policias-de-queretaro-sancionados-por-uso-indebido-de-patrulla-para-compras-personales\/\"]}]},{\"@type\":\"ImageObject\",\"inLanguage\":\"es\",\"@id\":\"https:\/\/www.nexoinformativo.mx\/index.php\/2024\/08\/12\/policias-de-queretaro-sancionados-por-uso-indebido-de-patrulla-para-compras-personales\/#primaryimage\",\"url\":\"https:\/\/www.nexoinformativo.mx\/wp-content\/uploads\/2024\/08\/Screenshot_2024-08-09-13-39-49-613_com.whatsapp7E2.webp\",\"contentUrl\":\"https:\/\/www.nexoinformativo.mx\/wp-content\/uploads\/2024\/08\/Screenshot_2024-08-09-13-39-49-613_com.whatsapp7E2.webp\",\"width\":1220,\"height\":1380},{\"@type\":\"BreadcrumbList\",\"@id\":\"https:\/\/www.nexoinformativo.mx\/index.php\/2024\/08\/12\/policias-de-queretaro-sancionados-por-uso-indebido-de-patrulla-para-compras-personales\/#breadcrumb\",\"itemListElement\":[{\"@type\":\"ListItem\",\"position\":1,\"name\":\"Inicio\",\"item\":\"https:\/\/www.nexoinformativo.mx\/\"},{\"@type\":\"ListItem\",\"position\":2,\"name\":\"Polic\u00edas de Quer\u00e9taro sancionados por uso indebido de patrulla para compras personales\"}]},{\"@type\":\"WebSite\",\"@id\":\"https:\/\/www.nexoinformativo.mx\/#website\",\"url\":\"https:\/\/www.nexoinformativo.mx\/\",\"name\":\"Nexo Informativo Santiago de Quer\u00e9taro\",\"description\":\"Explora NexoInformativo y convi\u00e9rtete en parte de una comunidad que valora el conocimiento y la verdad. Tu nexoinformativo es tu puente hacia una comprensi\u00f3n m\u00e1s profunda del mundo que te rodea.\",\"publisher\":{\"@id\":\"https:\/\/www.nexoinformativo.mx\/#organization\"},\"potentialAction\":[{\"@type\":\"SearchAction\",\"target\":{\"@type\":\"EntryPoint\",\"urlTemplate\":\"https:\/\/www.nexoinformativo.mx\/?s={search_term_string}\"},\"query-input\":{\"@type\":\"PropertyValueSpecification\",\"valueRequired\":true,\"valueName\":\"search_term_string\"}}],\"inLanguage\":\"es\"},{\"@type\":\"Organization\",\"@id\":\"https:\/\/www.nexoinformativo.mx\/#organization\",\"name\":\"Nexo Informativo Santiago de Quer\u00e9taro\",\"url\":\"https:\/\/www.nexoinformativo.mx\/\",\"logo\":{\"@type\":\"ImageObject\",\"inLanguage\":\"es\",\"@id\":\"https:\/\/www.nexoinformativo.mx\/#\/schema\/logo\/image\/\",\"url\":\"https:\/\/www.nexoinformativo.mx\/wp-content\/uploads\/2024\/07\/nexoi-trasparente-2.png\",\"contentUrl\":\"https:\/\/www.nexoinformativo.mx\/wp-content\/uploads\/2024\/07\/nexoi-trasparente-2.png\",\"width\":816,\"height\":339,\"caption\":\"Nexo Informativo Santiago de Quer\u00e9taro\"},\"image\":{\"@id\":\"https:\/\/www.nexoinformativo.mx\/#\/schema\/logo\/image\/\"},\"sameAs\":[\"https:\/\/www.facebook.com\/people\/Nexo-Informativo\/61564066885511\/\"]},{\"@type\":\"Person\",\"@id\":\"https:\/\/www.nexoinformativo.mx\/#\/schema\/person\/4beeb8fa2c46efc230191fd4030766b5\",\"name\":\"admin\",\"image\":{\"@type\":\"ImageObject\",\"inLanguage\":\"es\",\"@id\":\"https:\/\/www.nexoinformativo.mx\/#\/schema\/person\/image\/\",\"url\":\"https:\/\/secure.gravatar.com\/avatar\/58054e91f5151d6a21f8409a1d615488226bb336a676ff34638f345cfb020b66?s=96&d=mm&r=g\",\"contentUrl\":\"https:\/\/secure.gravatar.com\/avatar\/58054e91f5151d6a21f8409a1d615488226bb336a676ff34638f345cfb020b66?s=96&d=mm&r=g\",\"caption\":\"admin\"},\"url\":\"https:\/\/www.nexoinformativo.mx\/index.php\/author\/admin\/\"}]}<\/script>\n<!-- \/ Yoast SEO plugin. -->","yoast_head_json":{"title":"Polic\u00edas de Quer\u00e9taro sancionados por uso indebido de patrulla para compras personales | Nexo Informativo Santiago de Quer\u00e9taro","robots":{"index":"index","follow":"follow","max-snippet":"max-snippet:-1","max-image-preview":"max-image-preview:large","max-video-preview":"max-video-preview:-1"},"canonical":"https:\/\/www.nexoinformativo.mx\/index.php\/2024\/08\/12\/policias-de-queretaro-sancionados-por-uso-indebido-de-patrulla-para-compras-personales\/","og_locale":"es_MX","og_type":"article","og_title":"Polic\u00edas de Quer\u00e9taro sancionados por uso indebido de patrulla para compras personales | Nexo Informativo Santiago de Quer\u00e9taro","og_description":"Despu\u00e9s de que atreves de redes sociales se evidenciara como personas vestidas de civil, hacen uso indebido de una de las patrullas de la Secretar\u00eda de Seguridad P\u00fablica Municipal (SSPMQ), utilizando la unidad para ir de compras al Costco, la autoridad anunci\u00f3 que ya se tomaron medidas disciplinarias. &nbsp; La dependencia de seguridad p\u00fablica municipal, [&hellip;]","og_url":"https:\/\/www.nexoinformativo.mx\/index.php\/2024\/08\/12\/policias-de-queretaro-sancionados-por-uso-indebido-de-patrulla-para-compras-personales\/","og_site_name":"Nexo Informativo Santiago de Quer\u00e9taro","article_publisher":"https:\/\/www.facebook.com\/people\/Nexo-Informativo\/61564066885511\/","article_published_time":"2024-08-12T16:11:50+00:00","article_modified_time":"2024-10-07T18:22:54+00:00","og_image":[{"width":1220,"height":1380,"url":"https:\/\/www.nexoinformativo.mx\/wp-content\/uploads\/2024\/08\/Screenshot_2024-08-09-13-39-49-613_com.whatsapp7E2.webp","type":"image\/webp"}],"author":"admin","twitter_card":"summary_large_image","twitter_misc":{"Escrito por":"admin","Tiempo de lectura":"2 minutos"},"schema":{"@context":"https:\/\/schema.org","@graph":[{"@type":"Article","@id":"https:\/\/www.nexoinformativo.mx\/index.php\/2024\/08\/12\/policias-de-queretaro-sancionados-por-uso-indebido-de-patrulla-para-compras-personales\/#article","isPartOf":{"@id":"https:\/\/www.nexoinformativo.mx\/index.php\/2024\/08\/12\/policias-de-queretaro-sancionados-por-uso-indebido-de-patrulla-para-compras-personales\/"},"author":{"name":"admin","@id":"https:\/\/www.nexoinformativo.mx\/#\/schema\/person\/4beeb8fa2c46efc230191fd4030766b5"},"headline":"Polic\u00edas de Quer\u00e9taro sancionados por uso indebido de patrulla para compras personales","datePublished":"2024-08-12T16:11:50+00:00","dateModified":"2024-10-07T18:22:54+00:00","mainEntityOfPage":{"@id":"https:\/\/www.nexoinformativo.mx\/index.php\/2024\/08\/12\/policias-de-queretaro-sancionados-por-uso-indebido-de-patrulla-para-compras-personales\/"},"wordCount":239,"publisher":{"@id":"https:\/\/www.nexoinformativo.mx\/#organization"},"image":{"@id":"https:\/\/www.nexoinformativo.mx\/index.php\/2024\/08\/12\/policias-de-queretaro-sancionados-por-uso-indebido-de-patrulla-para-compras-personales\/#primaryimage"},"thumbnailUrl":"https:\/\/www.nexoinformativo.mx\/wp-content\/uploads\/2024\/08\/Screenshot_2024-08-09-13-39-49-613_com.whatsapp7E2.webp","keywords":["policiasancionados","PoliciasMunicipales","sancionados"],"articleSection":["Sucesos"],"inLanguage":"es"},{"@type":"WebPage","@id":"https:\/\/www.nexoinformativo.mx\/index.php\/2024\/08\/12\/policias-de-queretaro-sancionados-por-uso-indebido-de-patrulla-para-compras-personales\/","url":"https:\/\/www.nexoinformativo.mx\/index.php\/2024\/08\/12\/policias-de-queretaro-sancionados-por-uso-indebido-de-patrulla-para-compras-personales\/","name":"Polic\u00edas de Quer\u00e9taro sancionados por uso indebido de patrulla para compras personales | Nexo Informativo Santiago de Quer\u00e9taro","isPartOf":{"@id":"https:\/\/www.nexoinformativo.mx\/#website"},"primaryImageOfPage":{"@id":"https:\/\/www.nexoinformativo.mx\/index.php\/2024\/08\/12\/policias-de-queretaro-sancionados-por-uso-indebido-de-patrulla-para-compras-personales\/#primaryimage"},"image":{"@id":"https:\/\/www.nexoinformativo.mx\/index.php\/2024\/08\/12\/policias-de-queretaro-sancionados-por-uso-indebido-de-patrulla-para-compras-personales\/#primaryimage"},"thumbnailUrl":"https:\/\/www.nexoinformativo.mx\/wp-content\/uploads\/2024\/08\/Screenshot_2024-08-09-13-39-49-613_com.whatsapp7E2.webp","datePublished":"2024-08-12T16:11:50+00:00","dateModified":"2024-10-07T18:22:54+00:00","breadcrumb":{"@id":"https:\/\/www.nexoinformativo.mx\/index.php\/2024\/08\/12\/policias-de-queretaro-sancionados-por-uso-indebido-de-patrulla-para-compras-personales\/#breadcrumb"},"inLanguage":"es","potentialAction":[{"@type":"ReadAction","target":["https:\/\/www.nexoinformativo.mx\/index.php\/2024\/08\/12\/policias-de-queretaro-sancionados-por-uso-indebido-de-patrulla-para-compras-personales\/"]}]},{"@type":"ImageObject","inLanguage":"es","@id":"https:\/\/www.nexoinformativo.mx\/index.php\/2024\/08\/12\/policias-de-queretaro-sancionados-por-uso-indebido-de-patrulla-para-compras-personales\/#primaryimage","url":"https:\/\/www.nexoinformativo.mx\/wp-content\/uploads\/2024\/08\/Screenshot_2024-08-09-13-39-49-613_com.whatsapp7E2.webp","contentUrl":"https:\/\/www.nexoinformativo.mx\/wp-content\/uploads\/2024\/08\/Screenshot_2024-08-09-13-39-49-613_com.whatsapp7E2.webp","width":1220,"height":1380},{"@type":"BreadcrumbList","@id":"https:\/\/www.nexoinformativo.mx\/index.php\/2024\/08\/12\/policias-de-queretaro-sancionados-por-uso-indebido-de-patrulla-para-compras-personales\/#breadcrumb","itemListElement":[{"@type":"ListItem","position":1,"name":"Inicio","item":"https:\/\/www.nexoinformativo.mx\/"},{"@type":"ListItem","position":2,"name":"Polic\u00edas de Quer\u00e9taro sancionados por uso indebido de patrulla para compras personales"}]},{"@type":"WebSite","@id":"https:\/\/www.nexoinformativo.mx\/#website","url":"https:\/\/www.nexoinformativo.mx\/","name":"Nexo Informativo Santiago de Quer\u00e9taro","description":"Explora NexoInformativo y convi\u00e9rtete en parte de una comunidad que valora el conocimiento y la verdad. Tu nexoinformativo es tu puente hacia una comprensi\u00f3n m\u00e1s profunda del mundo que te rodea.","publisher":{"@id":"https:\/\/www.nexoinformativo.mx\/#organization"},"potentialAction":[{"@type":"SearchAction","target":{"@type":"EntryPoint","urlTemplate":"https:\/\/www.nexoinformativo.mx\/?s={search_term_string}"},"query-input":{"@type":"PropertyValueSpecification","valueRequired":true,"valueName":"search_term_string"}}],"inLanguage":"es"},{"@type":"Organization","@id":"https:\/\/www.nexoinformativo.mx\/#organization","name":"Nexo Informativo Santiago de Quer\u00e9taro","url":"https:\/\/www.nexoinformativo.mx\/","logo":{"@type":"ImageObject","inLanguage":"es","@id":"https:\/\/www.nexoinformativo.mx\/#\/schema\/logo\/image\/","url":"https:\/\/www.nexoinformativo.mx\/wp-content\/uploads\/2024\/07\/nexoi-trasparente-2.png","contentUrl":"https:\/\/www.nexoinformativo.mx\/wp-content\/uploads\/2024\/07\/nexoi-trasparente-2.png","width":816,"height":339,"caption":"Nexo Informativo Santiago de Quer\u00e9taro"},"image":{"@id":"https:\/\/www.nexoinformativo.mx\/#\/schema\/logo\/image\/"},"sameAs":["https:\/\/www.facebook.com\/people\/Nexo-Informativo\/61564066885511\/"]},{"@type":"Person","@id":"https:\/\/www.nexoinformativo.mx\/#\/schema\/person\/4beeb8fa2c46efc230191fd4030766b5","name":"admin","image":{"@type":"ImageObject","inLanguage":"es","@id":"https:\/\/www.nexoinformativo.mx\/#\/schema\/person\/image\/","url":"https:\/\/secure.gravatar.com\/avatar\/58054e91f5151d6a21f8409a1d615488226bb336a676ff34638f345cfb020b66?s=96&d=mm&r=g","contentUrl":"https:\/\/secure.gravatar.com\/avatar\/58054e91f5151d6a21f8409a1d615488226bb336a676ff34638f345cfb020b66?s=96&d=mm&r=g","caption":"admin"},"url":"https:\/\/www.nexoinformativo.mx\/index.php\/author\/admin\/"}]}},"_links":{"self":[{"href":"https:\/\/www.nexoinformativo.mx\/index.php\/wp-json\/wp\/v2\/posts\/625","targetHints":{"allow":["GET"]}}],"collection":[{"href":"https:\/\/www.nexoinformativo.mx\/index.php\/wp-json\/wp\/v2\/posts"}],"about":[{"href":"https:\/\/www.nexoinformativo.mx\/index.php\/wp-json\/wp\/v2\/types\/post"}],"author":[{"embeddable":true,"href":"https:\/\/www.nexoinformativo.mx\/index.php\/wp-json\/wp\/v2\/users\/2"}],"replies":[{"embeddable":true,"href":"https:\/\/www.nexoinformativo.mx\/index.php\/wp-json\/wp\/v2\/comments?post=625"}],"version-history":[{"count":7,"href":"https:\/\/www.nexoinformativo.mx\/index.php\/wp-json\/wp\/v2\/posts\/625\/revisions"}],"predecessor-version":[{"id":2786,"href":"https:\/\/www.nexoinformativo.mx\/index.php\/wp-json\/wp\/v2\/posts\/625\/revisions\/2786"}],"wp:featuredmedia":[{"embeddable":true,"href":"https:\/\/www.nexoinformativo.mx\/index.php\/wp-json\/wp\/v2\/media\/626"}],"wp:attachment":[{"href":"https:\/\/www.nexoinformativo.mx\/index.php\/wp-json\/wp\/v2\/media?parent=625"}],"wp:term":[{"taxonomy":"category","embeddable":true,"href":"https:\/\/www.nexoinformativo.mx\/index.php\/wp-json\/wp\/v2\/categories?post=625"},{"taxonomy":"post_tag","embeddable":true,"href":"https:\/\/www.nexoinformativo.mx\/index.php\/wp-json\/wp\/v2\/tags?post=625"}],"curies":[{"name":"wp","href":"https:\/\/api.w.org\/{rel}","templated":true}]}}