{"id":6275,"date":"2024-11-18T08:00:39","date_gmt":"2024-11-18T14:00:39","guid":{"rendered":"https:\/\/www.nexoinformativo.mx\/?p=6275"},"modified":"2024-11-18T09:20:02","modified_gmt":"2024-11-18T15:20:02","slug":"mujeres-de-penamiller-reciben-apoyos-economicos-de-sedesoq","status":"publish","type":"post","link":"https:\/\/www.nexoinformativo.mx\/index.php\/2024\/11\/18\/mujeres-de-penamiller-reciben-apoyos-economicos-de-sedesoq\/","title":{"rendered":"Mujeres de Pe\u00f1amiller reciben apoyos econ\u00f3micos de SEDESOQ"},"content":{"rendered":"<p style=\"text-align: justify;\">El titular de la Secretar\u00eda de Desarrollo Social en el Estado <strong>(SEDESOQ)<\/strong>, Luis Nava, encabez\u00f3 la entrega de Tarjetas CONTIGO a nuevas beneficiarias del municipio de Pe\u00f1amiller. Estas tarjetas proporcionar\u00e1n un apoyo econ\u00f3mico bimestral de mil 500 pesos, garantizando que las mujeres y sus familias cuenten con lo necesario para vivir dignamente.<\/p>\n<p>&nbsp;<\/p>\n<p style=\"text-align: justify;\">En esta ocasi\u00f3n, 70 jefas de familia recibieron su apoyo, sumando un total de 541 beneficiarias en Pe\u00f1amiller y m\u00e1s de 26 mil en todo el estado. Este programa est\u00e1 dise\u00f1ado para ayudar a las mujeres a salir adelante junto a sus hijos e hijas.<\/p>\n<p>&nbsp;<\/p>\n<p style=\"text-align: justify;\">Luis Nava destac\u00f3 que el programa no solo ofrece apoyo econ\u00f3mico, sino tambi\u00e9n pl\u00e1ticas para mejorar la parte personal de las beneficiarias. <strong>&#8220;Nuestro gobernador, Mauricio Kuri, tiene ese gran compromiso y nos pidi\u00f3 por eso estar aqu\u00ed, para mejorar la calidad de vida de las mujeres. Creemos en ustedes, pero necesitamos que ustedes crean en ustedes mismas, que sean valientes, que sean luchonas, que sean muy fuertes&#8221;<\/strong>, expres\u00f3.<\/p>\n<p>&nbsp;<\/p>\n<p style=\"text-align: justify;\">Nava Guerrero acompa\u00f1\u00f3 a las beneficiarias en su taller de corresponsabilidad, reconociendo que estas acciones son herramientas para que las mujeres se valoren, crean en ellas mismas y transmitan valores como el trabajo y la tolerancia a sus familias.<\/p>\n<p>&nbsp;<\/p>\n<p style=\"text-align: justify;\">Durante su gira de trabajo, el titular de SEDESOQ sostuvo un encuentro con habitantes de distintas comunidades para ponerse a sus \u00f3rdenes, atenderlos y reafirmar el compromiso del Gobernador de mantenerse al pendiente y dispuesto a apoyar a quien m\u00e1s lo necesita.<\/p>\n<p>&nbsp;<\/p>\n<p style=\"text-align: center;\"><em><strong>\u00a1Informaci\u00f3n que transforma!<\/strong><\/em><\/p>\n","protected":false},"excerpt":{"rendered":"<p>El titular de la Secretar\u00eda de Desarrollo Social en el Estado (SEDESOQ), Luis Nava, encabez\u00f3 la entrega de Tarjetas CONTIGO a nuevas beneficiarias del municipio de Pe\u00f1amiller.<\/p>\n","protected":false},"author":3,"featured_media":6276,"comment_status":"open","ping_status":"open","sticky":false,"template":"","format":"standard","meta":{"footnotes":""},"categories":[65,58],"tags":[2129,2130,2131,2132],"class_list":["post-6275","post","type-post","status-publish","format-standard","has-post-thumbnail","hentry","category-municipios","category-ultima-hora","tag-apoyoeconomico","tag-mujerespenamiller","tag-sedesoq","tag-tarjetascontigo"],"yoast_head":"<!-- This site is optimized with the Yoast SEO plugin v25.0 - https:\/\/yoast.com\/wordpress\/plugins\/seo\/ -->\n<title>Mujeres de Pe\u00f1amiller reciben apoyos econ\u00f3micos de SEDESOQ | Nexo Informativo Santiago de Quer\u00e9taro<\/title>\n<meta name=\"description\" content=\"Mujeres de Pe\u00f1amiller reciben apoyos econ\u00f3micos de SEDESOQ\" \/>\n<meta name=\"robots\" content=\"index, follow, max-snippet:-1, max-image-preview:large, max-video-preview:-1\" \/>\n<link rel=\"canonical\" href=\"https:\/\/www.nexoinformativo.mx\/index.php\/2024\/11\/18\/mujeres-de-penamiller-reciben-apoyos-economicos-de-sedesoq\/\" \/>\n<meta property=\"og:locale\" content=\"es_MX\" \/>\n<meta property=\"og:type\" content=\"article\" \/>\n<meta property=\"og:title\" content=\"Mujeres de Pe\u00f1amiller reciben apoyos econ\u00f3micos de SEDESOQ | Nexo Informativo Santiago de Quer\u00e9taro\" \/>\n<meta property=\"og:description\" content=\"Mujeres de Pe\u00f1amiller reciben apoyos econ\u00f3micos de SEDESOQ\" \/>\n<meta property=\"og:url\" content=\"https:\/\/www.nexoinformativo.mx\/index.php\/2024\/11\/18\/mujeres-de-penamiller-reciben-apoyos-economicos-de-sedesoq\/\" \/>\n<meta property=\"og:site_name\" content=\"Nexo Informativo Santiago de Quer\u00e9taro\" \/>\n<meta property=\"article:publisher\" content=\"https:\/\/www.facebook.com\/people\/Nexo-Informativo\/61564066885511\/\" \/>\n<meta property=\"article:published_time\" content=\"2024-11-18T14:00:39+00:00\" \/>\n<meta property=\"article:modified_time\" content=\"2024-11-18T15:20:02+00:00\" \/>\n<meta property=\"og:image\" content=\"https:\/\/www.nexoinformativo.mx\/wp-content\/uploads\/2024\/11\/PHOTO-2024-11-18-08-04-10-e1731943135429.jpg\" \/>\n\t<meta property=\"og:image:width\" content=\"700\" \/>\n\t<meta property=\"og:image:height\" content=\"327\" \/>\n\t<meta property=\"og:image:type\" content=\"image\/jpeg\" \/>\n<meta name=\"author\" content=\"Nexo Informativo\" \/>\n<meta name=\"twitter:card\" content=\"summary_large_image\" \/>\n<meta name=\"twitter:label1\" content=\"Escrito por\" \/>\n\t<meta name=\"twitter:data1\" content=\"Nexo Informativo\" \/>\n\t<meta name=\"twitter:label2\" content=\"Tiempo de lectura\" \/>\n\t<meta name=\"twitter:data2\" content=\"2 minutos\" \/>\n<script type=\"application\/ld+json\" class=\"yoast-schema-graph\">{\"@context\":\"https:\/\/schema.org\",\"@graph\":[{\"@type\":\"Article\",\"@id\":\"https:\/\/www.nexoinformativo.mx\/index.php\/2024\/11\/18\/mujeres-de-penamiller-reciben-apoyos-economicos-de-sedesoq\/#article\",\"isPartOf\":{\"@id\":\"https:\/\/www.nexoinformativo.mx\/index.php\/2024\/11\/18\/mujeres-de-penamiller-reciben-apoyos-economicos-de-sedesoq\/\"},\"author\":{\"name\":\"Nexo Informativo\",\"@id\":\"https:\/\/www.nexoinformativo.mx\/#\/schema\/person\/7749d380ba08c8ca00d7bc76fd907b7d\"},\"headline\":\"Mujeres de Pe\u00f1amiller reciben apoyos econ\u00f3micos de SEDESOQ\",\"datePublished\":\"2024-11-18T14:00:39+00:00\",\"dateModified\":\"2024-11-18T15:20:02+00:00\",\"mainEntityOfPage\":{\"@id\":\"https:\/\/www.nexoinformativo.mx\/index.php\/2024\/11\/18\/mujeres-de-penamiller-reciben-apoyos-economicos-de-sedesoq\/\"},\"wordCount\":273,\"commentCount\":0,\"publisher\":{\"@id\":\"https:\/\/www.nexoinformativo.mx\/#organization\"},\"image\":{\"@id\":\"https:\/\/www.nexoinformativo.mx\/index.php\/2024\/11\/18\/mujeres-de-penamiller-reciben-apoyos-economicos-de-sedesoq\/#primaryimage\"},\"thumbnailUrl\":\"https:\/\/www.nexoinformativo.mx\/wp-content\/uploads\/2024\/11\/PHOTO-2024-11-18-08-04-10-e1731943135429.jpg\",\"keywords\":[\"ApoyoEcon\u00f3mico\",\"MujeresPe\u00f1amiller\",\"SEDESOQ\",\"TarjetasCONTIGO\"],\"articleSection\":[\"Municipios\",\"\u00daltima Hora\"],\"inLanguage\":\"es\",\"potentialAction\":[{\"@type\":\"CommentAction\",\"name\":\"Comment\",\"target\":[\"https:\/\/www.nexoinformativo.mx\/index.php\/2024\/11\/18\/mujeres-de-penamiller-reciben-apoyos-economicos-de-sedesoq\/#respond\"]}]},{\"@type\":\"WebPage\",\"@id\":\"https:\/\/www.nexoinformativo.mx\/index.php\/2024\/11\/18\/mujeres-de-penamiller-reciben-apoyos-economicos-de-sedesoq\/\",\"url\":\"https:\/\/www.nexoinformativo.mx\/index.php\/2024\/11\/18\/mujeres-de-penamiller-reciben-apoyos-economicos-de-sedesoq\/\",\"name\":\"Mujeres de Pe\u00f1amiller reciben apoyos econ\u00f3micos de SEDESOQ | Nexo Informativo Santiago de Quer\u00e9taro\",\"isPartOf\":{\"@id\":\"https:\/\/www.nexoinformativo.mx\/#website\"},\"primaryImageOfPage\":{\"@id\":\"https:\/\/www.nexoinformativo.mx\/index.php\/2024\/11\/18\/mujeres-de-penamiller-reciben-apoyos-economicos-de-sedesoq\/#primaryimage\"},\"image\":{\"@id\":\"https:\/\/www.nexoinformativo.mx\/index.php\/2024\/11\/18\/mujeres-de-penamiller-reciben-apoyos-economicos-de-sedesoq\/#primaryimage\"},\"thumbnailUrl\":\"https:\/\/www.nexoinformativo.mx\/wp-content\/uploads\/2024\/11\/PHOTO-2024-11-18-08-04-10-e1731943135429.jpg\",\"datePublished\":\"2024-11-18T14:00:39+00:00\",\"dateModified\":\"2024-11-18T15:20:02+00:00\",\"description\":\"Mujeres de Pe\u00f1amiller reciben apoyos econ\u00f3micos de SEDESOQ\",\"breadcrumb\":{\"@id\":\"https:\/\/www.nexoinformativo.mx\/index.php\/2024\/11\/18\/mujeres-de-penamiller-reciben-apoyos-economicos-de-sedesoq\/#breadcrumb\"},\"inLanguage\":\"es\",\"potentialAction\":[{\"@type\":\"ReadAction\",\"target\":[\"https:\/\/www.nexoinformativo.mx\/index.php\/2024\/11\/18\/mujeres-de-penamiller-reciben-apoyos-economicos-de-sedesoq\/\"]}]},{\"@type\":\"ImageObject\",\"inLanguage\":\"es\",\"@id\":\"https:\/\/www.nexoinformativo.mx\/index.php\/2024\/11\/18\/mujeres-de-penamiller-reciben-apoyos-economicos-de-sedesoq\/#primaryimage\",\"url\":\"https:\/\/www.nexoinformativo.mx\/wp-content\/uploads\/2024\/11\/PHOTO-2024-11-18-08-04-10-e1731943135429.jpg\",\"contentUrl\":\"https:\/\/www.nexoinformativo.mx\/wp-content\/uploads\/2024\/11\/PHOTO-2024-11-18-08-04-10-e1731943135429.jpg\",\"width\":700,\"height\":327},{\"@type\":\"BreadcrumbList\",\"@id\":\"https:\/\/www.nexoinformativo.mx\/index.php\/2024\/11\/18\/mujeres-de-penamiller-reciben-apoyos-economicos-de-sedesoq\/#breadcrumb\",\"itemListElement\":[{\"@type\":\"ListItem\",\"position\":1,\"name\":\"Inicio\",\"item\":\"https:\/\/www.nexoinformativo.mx\/\"},{\"@type\":\"ListItem\",\"position\":2,\"name\":\"Mujeres de Pe\u00f1amiller reciben apoyos econ\u00f3micos de SEDESOQ\"}]},{\"@type\":\"WebSite\",\"@id\":\"https:\/\/www.nexoinformativo.mx\/#website\",\"url\":\"https:\/\/www.nexoinformativo.mx\/\",\"name\":\"Nexo Informativo Santiago de Quer\u00e9taro\",\"description\":\"Explora NexoInformativo y convi\u00e9rtete en parte de una comunidad que valora el conocimiento y la verdad. Tu nexoinformativo es tu puente hacia una comprensi\u00f3n m\u00e1s profunda del mundo que te rodea.\",\"publisher\":{\"@id\":\"https:\/\/www.nexoinformativo.mx\/#organization\"},\"potentialAction\":[{\"@type\":\"SearchAction\",\"target\":{\"@type\":\"EntryPoint\",\"urlTemplate\":\"https:\/\/www.nexoinformativo.mx\/?s={search_term_string}\"},\"query-input\":{\"@type\":\"PropertyValueSpecification\",\"valueRequired\":true,\"valueName\":\"search_term_string\"}}],\"inLanguage\":\"es\"},{\"@type\":\"Organization\",\"@id\":\"https:\/\/www.nexoinformativo.mx\/#organization\",\"name\":\"Nexo Informativo Santiago de Quer\u00e9taro\",\"url\":\"https:\/\/www.nexoinformativo.mx\/\",\"logo\":{\"@type\":\"ImageObject\",\"inLanguage\":\"es\",\"@id\":\"https:\/\/www.nexoinformativo.mx\/#\/schema\/logo\/image\/\",\"url\":\"https:\/\/www.nexoinformativo.mx\/wp-content\/uploads\/2024\/07\/nexoi-trasparente-2.png\",\"contentUrl\":\"https:\/\/www.nexoinformativo.mx\/wp-content\/uploads\/2024\/07\/nexoi-trasparente-2.png\",\"width\":816,\"height\":339,\"caption\":\"Nexo Informativo Santiago de Quer\u00e9taro\"},\"image\":{\"@id\":\"https:\/\/www.nexoinformativo.mx\/#\/schema\/logo\/image\/\"},\"sameAs\":[\"https:\/\/www.facebook.com\/people\/Nexo-Informativo\/61564066885511\/\"]},{\"@type\":\"Person\",\"@id\":\"https:\/\/www.nexoinformativo.mx\/#\/schema\/person\/7749d380ba08c8ca00d7bc76fd907b7d\",\"name\":\"Nexo Informativo\",\"image\":{\"@type\":\"ImageObject\",\"inLanguage\":\"es\",\"@id\":\"https:\/\/www.nexoinformativo.mx\/#\/schema\/person\/image\/\",\"url\":\"https:\/\/secure.gravatar.com\/avatar\/dde2928154642a13d95f87ddf1ea9718fe2b46760a005c53e41ff5ad610704e6?s=96&d=mm&r=g\",\"contentUrl\":\"https:\/\/secure.gravatar.com\/avatar\/dde2928154642a13d95f87ddf1ea9718fe2b46760a005c53e41ff5ad610704e6?s=96&d=mm&r=g\",\"caption\":\"Nexo Informativo\"},\"url\":\"https:\/\/www.nexoinformativo.mx\/index.php\/author\/edicion\/\"}]}<\/script>\n<!-- \/ Yoast SEO plugin. -->","yoast_head_json":{"title":"Mujeres de Pe\u00f1amiller reciben apoyos econ\u00f3micos de SEDESOQ | Nexo Informativo Santiago de Quer\u00e9taro","description":"Mujeres de Pe\u00f1amiller reciben apoyos econ\u00f3micos de SEDESOQ","robots":{"index":"index","follow":"follow","max-snippet":"max-snippet:-1","max-image-preview":"max-image-preview:large","max-video-preview":"max-video-preview:-1"},"canonical":"https:\/\/www.nexoinformativo.mx\/index.php\/2024\/11\/18\/mujeres-de-penamiller-reciben-apoyos-economicos-de-sedesoq\/","og_locale":"es_MX","og_type":"article","og_title":"Mujeres de Pe\u00f1amiller reciben apoyos econ\u00f3micos de SEDESOQ | Nexo Informativo Santiago de Quer\u00e9taro","og_description":"Mujeres de Pe\u00f1amiller reciben apoyos econ\u00f3micos de SEDESOQ","og_url":"https:\/\/www.nexoinformativo.mx\/index.php\/2024\/11\/18\/mujeres-de-penamiller-reciben-apoyos-economicos-de-sedesoq\/","og_site_name":"Nexo Informativo Santiago de Quer\u00e9taro","article_publisher":"https:\/\/www.facebook.com\/people\/Nexo-Informativo\/61564066885511\/","article_published_time":"2024-11-18T14:00:39+00:00","article_modified_time":"2024-11-18T15:20:02+00:00","og_image":[{"width":700,"height":327,"url":"https:\/\/www.nexoinformativo.mx\/wp-content\/uploads\/2024\/11\/PHOTO-2024-11-18-08-04-10-e1731943135429.jpg","type":"image\/jpeg"}],"author":"Nexo Informativo","twitter_card":"summary_large_image","twitter_misc":{"Escrito por":"Nexo Informativo","Tiempo de lectura":"2 minutos"},"schema":{"@context":"https:\/\/schema.org","@graph":[{"@type":"Article","@id":"https:\/\/www.nexoinformativo.mx\/index.php\/2024\/11\/18\/mujeres-de-penamiller-reciben-apoyos-economicos-de-sedesoq\/#article","isPartOf":{"@id":"https:\/\/www.nexoinformativo.mx\/index.php\/2024\/11\/18\/mujeres-de-penamiller-reciben-apoyos-economicos-de-sedesoq\/"},"author":{"name":"Nexo Informativo","@id":"https:\/\/www.nexoinformativo.mx\/#\/schema\/person\/7749d380ba08c8ca00d7bc76fd907b7d"},"headline":"Mujeres de Pe\u00f1amiller reciben apoyos econ\u00f3micos de SEDESOQ","datePublished":"2024-11-18T14:00:39+00:00","dateModified":"2024-11-18T15:20:02+00:00","mainEntityOfPage":{"@id":"https:\/\/www.nexoinformativo.mx\/index.php\/2024\/11\/18\/mujeres-de-penamiller-reciben-apoyos-economicos-de-sedesoq\/"},"wordCount":273,"commentCount":0,"publisher":{"@id":"https:\/\/www.nexoinformativo.mx\/#organization"},"image":{"@id":"https:\/\/www.nexoinformativo.mx\/index.php\/2024\/11\/18\/mujeres-de-penamiller-reciben-apoyos-economicos-de-sedesoq\/#primaryimage"},"thumbnailUrl":"https:\/\/www.nexoinformativo.mx\/wp-content\/uploads\/2024\/11\/PHOTO-2024-11-18-08-04-10-e1731943135429.jpg","keywords":["ApoyoEcon\u00f3mico","MujeresPe\u00f1amiller","SEDESOQ","TarjetasCONTIGO"],"articleSection":["Municipios","\u00daltima Hora"],"inLanguage":"es","potentialAction":[{"@type":"CommentAction","name":"Comment","target":["https:\/\/www.nexoinformativo.mx\/index.php\/2024\/11\/18\/mujeres-de-penamiller-reciben-apoyos-economicos-de-sedesoq\/#respond"]}]},{"@type":"WebPage","@id":"https:\/\/www.nexoinformativo.mx\/index.php\/2024\/11\/18\/mujeres-de-penamiller-reciben-apoyos-economicos-de-sedesoq\/","url":"https:\/\/www.nexoinformativo.mx\/index.php\/2024\/11\/18\/mujeres-de-penamiller-reciben-apoyos-economicos-de-sedesoq\/","name":"Mujeres de Pe\u00f1amiller reciben apoyos econ\u00f3micos de SEDESOQ | Nexo Informativo Santiago de Quer\u00e9taro","isPartOf":{"@id":"https:\/\/www.nexoinformativo.mx\/#website"},"primaryImageOfPage":{"@id":"https:\/\/www.nexoinformativo.mx\/index.php\/2024\/11\/18\/mujeres-de-penamiller-reciben-apoyos-economicos-de-sedesoq\/#primaryimage"},"image":{"@id":"https:\/\/www.nexoinformativo.mx\/index.php\/2024\/11\/18\/mujeres-de-penamiller-reciben-apoyos-economicos-de-sedesoq\/#primaryimage"},"thumbnailUrl":"https:\/\/www.nexoinformativo.mx\/wp-content\/uploads\/2024\/11\/PHOTO-2024-11-18-08-04-10-e1731943135429.jpg","datePublished":"2024-11-18T14:00:39+00:00","dateModified":"2024-11-18T15:20:02+00:00","description":"Mujeres de Pe\u00f1amiller reciben apoyos econ\u00f3micos de SEDESOQ","breadcrumb":{"@id":"https:\/\/www.nexoinformativo.mx\/index.php\/2024\/11\/18\/mujeres-de-penamiller-reciben-apoyos-economicos-de-sedesoq\/#breadcrumb"},"inLanguage":"es","potentialAction":[{"@type":"ReadAction","target":["https:\/\/www.nexoinformativo.mx\/index.php\/2024\/11\/18\/mujeres-de-penamiller-reciben-apoyos-economicos-de-sedesoq\/"]}]},{"@type":"ImageObject","inLanguage":"es","@id":"https:\/\/www.nexoinformativo.mx\/index.php\/2024\/11\/18\/mujeres-de-penamiller-reciben-apoyos-economicos-de-sedesoq\/#primaryimage","url":"https:\/\/www.nexoinformativo.mx\/wp-content\/uploads\/2024\/11\/PHOTO-2024-11-18-08-04-10-e1731943135429.jpg","contentUrl":"https:\/\/www.nexoinformativo.mx\/wp-content\/uploads\/2024\/11\/PHOTO-2024-11-18-08-04-10-e1731943135429.jpg","width":700,"height":327},{"@type":"BreadcrumbList","@id":"https:\/\/www.nexoinformativo.mx\/index.php\/2024\/11\/18\/mujeres-de-penamiller-reciben-apoyos-economicos-de-sedesoq\/#breadcrumb","itemListElement":[{"@type":"ListItem","position":1,"name":"Inicio","item":"https:\/\/www.nexoinformativo.mx\/"},{"@type":"ListItem","position":2,"name":"Mujeres de Pe\u00f1amiller reciben apoyos econ\u00f3micos de SEDESOQ"}]},{"@type":"WebSite","@id":"https:\/\/www.nexoinformativo.mx\/#website","url":"https:\/\/www.nexoinformativo.mx\/","name":"Nexo Informativo Santiago de Quer\u00e9taro","description":"Explora NexoInformativo y convi\u00e9rtete en parte de una comunidad que valora el conocimiento y la verdad. Tu nexoinformativo es tu puente hacia una comprensi\u00f3n m\u00e1s profunda del mundo que te rodea.","publisher":{"@id":"https:\/\/www.nexoinformativo.mx\/#organization"},"potentialAction":[{"@type":"SearchAction","target":{"@type":"EntryPoint","urlTemplate":"https:\/\/www.nexoinformativo.mx\/?s={search_term_string}"},"query-input":{"@type":"PropertyValueSpecification","valueRequired":true,"valueName":"search_term_string"}}],"inLanguage":"es"},{"@type":"Organization","@id":"https:\/\/www.nexoinformativo.mx\/#organization","name":"Nexo Informativo Santiago de Quer\u00e9taro","url":"https:\/\/www.nexoinformativo.mx\/","logo":{"@type":"ImageObject","inLanguage":"es","@id":"https:\/\/www.nexoinformativo.mx\/#\/schema\/logo\/image\/","url":"https:\/\/www.nexoinformativo.mx\/wp-content\/uploads\/2024\/07\/nexoi-trasparente-2.png","contentUrl":"https:\/\/www.nexoinformativo.mx\/wp-content\/uploads\/2024\/07\/nexoi-trasparente-2.png","width":816,"height":339,"caption":"Nexo Informativo Santiago de Quer\u00e9taro"},"image":{"@id":"https:\/\/www.nexoinformativo.mx\/#\/schema\/logo\/image\/"},"sameAs":["https:\/\/www.facebook.com\/people\/Nexo-Informativo\/61564066885511\/"]},{"@type":"Person","@id":"https:\/\/www.nexoinformativo.mx\/#\/schema\/person\/7749d380ba08c8ca00d7bc76fd907b7d","name":"Nexo Informativo","image":{"@type":"ImageObject","inLanguage":"es","@id":"https:\/\/www.nexoinformativo.mx\/#\/schema\/person\/image\/","url":"https:\/\/secure.gravatar.com\/avatar\/dde2928154642a13d95f87ddf1ea9718fe2b46760a005c53e41ff5ad610704e6?s=96&d=mm&r=g","contentUrl":"https:\/\/secure.gravatar.com\/avatar\/dde2928154642a13d95f87ddf1ea9718fe2b46760a005c53e41ff5ad610704e6?s=96&d=mm&r=g","caption":"Nexo Informativo"},"url":"https:\/\/www.nexoinformativo.mx\/index.php\/author\/edicion\/"}]}},"_links":{"self":[{"href":"https:\/\/www.nexoinformativo.mx\/index.php\/wp-json\/wp\/v2\/posts\/6275","targetHints":{"allow":["GET"]}}],"collection":[{"href":"https:\/\/www.nexoinformativo.mx\/index.php\/wp-json\/wp\/v2\/posts"}],"about":[{"href":"https:\/\/www.nexoinformativo.mx\/index.php\/wp-json\/wp\/v2\/types\/post"}],"author":[{"embeddable":true,"href":"https:\/\/www.nexoinformativo.mx\/index.php\/wp-json\/wp\/v2\/users\/3"}],"replies":[{"embeddable":true,"href":"https:\/\/www.nexoinformativo.mx\/index.php\/wp-json\/wp\/v2\/comments?post=6275"}],"version-history":[{"count":3,"href":"https:\/\/www.nexoinformativo.mx\/index.php\/wp-json\/wp\/v2\/posts\/6275\/revisions"}],"predecessor-version":[{"id":6279,"href":"https:\/\/www.nexoinformativo.mx\/index.php\/wp-json\/wp\/v2\/posts\/6275\/revisions\/6279"}],"wp:featuredmedia":[{"embeddable":true,"href":"https:\/\/www.nexoinformativo.mx\/index.php\/wp-json\/wp\/v2\/media\/6276"}],"wp:attachment":[{"href":"https:\/\/www.nexoinformativo.mx\/index.php\/wp-json\/wp\/v2\/media?parent=6275"}],"wp:term":[{"taxonomy":"category","embeddable":true,"href":"https:\/\/www.nexoinformativo.mx\/index.php\/wp-json\/wp\/v2\/categories?post=6275"},{"taxonomy":"post_tag","embeddable":true,"href":"https:\/\/www.nexoinformativo.mx\/index.php\/wp-json\/wp\/v2\/tags?post=6275"}],"curies":[{"name":"wp","href":"https:\/\/api.w.org\/{rel}","templated":true}]}}