{"id":628,"date":"2024-08-12T10:12:50","date_gmt":"2024-08-12T16:12:50","guid":{"rendered":"https:\/\/www.nexoinformativo.mx\/?p=628"},"modified":"2024-10-07T12:24:09","modified_gmt":"2024-10-07T18:24:09","slug":"queretaro-ha-recibido-el-70-de-libros-de-texto-de-primaria","status":"publish","type":"post","link":"https:\/\/www.nexoinformativo.mx\/index.php\/2024\/08\/12\/queretaro-ha-recibido-el-70-de-libros-de-texto-de-primaria\/","title":{"rendered":"Quer\u00e9taro ha recibido el 70% de libros de texto de primaria"},"content":{"rendered":"\r\n\r\n\r\n<p style=\"text-align: justify;\">La coordinadora general de la USEBEQ, Irene Quintanar, inform\u00f3 que esta dependencia recibi\u00f3 un poco m\u00e1s del 70 por ciento de los libros de texto gratuitos para nivel primaria de educaci\u00f3n b\u00e1sica p\u00fablica.\u00a0Indic\u00f3 que a\u00fan est\u00e1n a la espera del arribo del resto de los libros de texto, sobre todo, aquellos para secundaria y preescolar.<\/p>\r\n<p>\r\n\r\n<\/p>\r\n<p>\r\n\r\n<\/p>\r\n<p>&nbsp;<\/p>\r\n<p style=\"text-align: justify;\">Por otro lado, inform\u00f3 que, con el prop\u00f3sito de fortalecer una educaci\u00f3n de calidad con equidad en el acceso al conocimiento de las y los alumnos, a trav\u00e9s del uso de las tecnolog\u00edas de la informaci\u00f3n y comunicaci\u00f3n, la USEBEQ ha equipado a las 242 escuelas telesecundarias de la entidad con 640 pantallas digitales, en beneficio de 29 mil estudiantes y mil 400 docentes.<\/p>\r\n<p>\r\n\r\n<\/p>\r\n<p>&nbsp;<\/p>\r\n<p style=\"text-align: justify;\">La coordinadora refiri\u00f3 que estas pantallas servir\u00e1n para continuar con la operaci\u00f3n de una plataforma digital que ofrece de manera complementaria conocimientos para las y los estudiantes.<\/p>\r\n<p>\r\n\r\n<\/p>\r\n<p>Dijo que esta es una herramienta tecnol\u00f3gica interactiva avanzada para todas y todos los estudiantes.<\/p>\r\n<p>&nbsp;<\/p>\r\n<p>\r\n\r\n<\/p>\r\n<p style=\"text-align: justify;\">\u201cEsta iniciativa del gobierno de Mauricio Kuri Gonz\u00e1lez es un paso significativo hacia la transformaci\u00f3n digital de nuestras aulas, permitiendo a las y los estudiantes, y las y los docentes acceder a contenidos educativos de alta calidad y a nuevas formas de ense\u00f1anza que fomentan la interacci\u00f3n y el aprendizaje colaborativo. Estamos seguros de que esta inversi\u00f3n tendr\u00e1 un impacto positivo y duradero en la formaci\u00f3n de nuestros j\u00f3venes, prepar\u00e1ndolos mejor para los retos del futuro\u201d\u00a0manifest\u00f3.<\/p>\r\n<p>&nbsp;<\/p>\r\n<p>\r\n\r\n<\/p>\r\n<p style=\"text-align: justify;\">Agreg\u00f3 que esta herramienta de innovaci\u00f3n tecnol\u00f3gica ofrece la oportunidad de convertir el sal\u00f3n en un aula interactiva, con clases m\u00e1s din\u00e1micas para las y los alumnos, y la posibilidad de descargar aplicaciones, as\u00ed como contar con laboratorios virtuales y pizarr\u00f3n electr\u00f3nico, entre otras bondades.<\/p>\r\n<p>&nbsp;<\/p>\r\n<p>\r\n\r\n<\/p>\r\n<p style=\"text-align: justify;\">La coordinadora afirm\u00f3 que si la Federaci\u00f3n retarda la entrega de libros de texto, a\u00fan cuando ya haya iniciado el ciclo escolar, la autoridad educativa local utilizar\u00eda est\u00e1 la plataforma digital de contenidos que ya puso en operaci\u00f3n en el ciclo que termin\u00f3.<\/p>\r\n<p>&nbsp;<\/p>\r\n<p>\r\n\r\n<\/p>\r\n<p style=\"text-align: justify;\">Asimismo, Irene Quintanar expuso, adem\u00e1s, que se ha estado trabajando en la planeaci\u00f3n del siguiente ciclo escolar, sobre todo, en reforzar los conocimientos en lectura, matem\u00e1ticas y cuidado del cuerpo.<\/p>\r\n<p>&nbsp;<\/p>\r\n<p>\r\n\r\n<\/p>\r\n<p>En ese sentido, la funcionaria detall\u00f3 que en materia del cuidado del cuerpo se fomentar\u00e1 la cultura de la paz, conocimientos acerca de la nutrici\u00f3n, salud integral y la sana convivencia.<\/p>\r\n<p>&nbsp;<\/p>\r\n<p>&nbsp;<\/p>\r\n<p style=\"text-align: center;\"><strong><em>\u00a1Informaci\u00f3n que transforma!<\/em><\/strong><\/p>\r\n<p><\/p>","protected":false},"excerpt":{"rendered":"<p>La coordinadora general de la USEBEQ, Irene Quintanar, inform\u00f3 que esta dependencia recibi\u00f3 un poco m\u00e1s del 70 por ciento de los libros de texto gratuitos para nivel primaria de educaci\u00f3n b\u00e1sica p\u00fablica.\u00a0Indic\u00f3 que a\u00fan est\u00e1n a la espera del arribo del resto de los libros de texto, sobre todo, aquellos para secundaria y preescolar. [&hellip;]<\/p>\n","protected":false},"author":2,"featured_media":629,"comment_status":"closed","ping_status":"open","sticky":false,"template":"","format":"standard","meta":{"footnotes":""},"categories":[65],"tags":[255,133,254],"class_list":["post-628","post","type-post","status-publish","format-standard","has-post-thumbnail","hentry","category-municipios","tag-librosdetextogratuitos","tag-queretaro","tag-usebeq"],"yoast_head":"<!-- This site is optimized with the Yoast SEO plugin v25.0 - https:\/\/yoast.com\/wordpress\/plugins\/seo\/ -->\n<title>Quer\u00e9taro ha recibido el 70% de libros de texto de primaria | Nexo Informativo Santiago de Quer\u00e9taro<\/title>\n<meta name=\"robots\" content=\"index, follow, max-snippet:-1, max-image-preview:large, max-video-preview:-1\" \/>\n<link rel=\"canonical\" href=\"https:\/\/www.nexoinformativo.mx\/index.php\/2024\/08\/12\/queretaro-ha-recibido-el-70-de-libros-de-texto-de-primaria\/\" \/>\n<meta property=\"og:locale\" content=\"es_MX\" \/>\n<meta property=\"og:type\" content=\"article\" \/>\n<meta property=\"og:title\" content=\"Quer\u00e9taro ha recibido el 70% de libros de texto de primaria | Nexo Informativo Santiago de Quer\u00e9taro\" \/>\n<meta property=\"og:description\" content=\"La coordinadora general de la USEBEQ, Irene Quintanar, inform\u00f3 que esta dependencia recibi\u00f3 un poco m\u00e1s del 70 por ciento de los libros de texto gratuitos para nivel primaria de educaci\u00f3n b\u00e1sica p\u00fablica.\u00a0Indic\u00f3 que a\u00fan est\u00e1n a la espera del arribo del resto de los libros de texto, sobre todo, aquellos para secundaria y preescolar. [&hellip;]\" \/>\n<meta property=\"og:url\" content=\"https:\/\/www.nexoinformativo.mx\/index.php\/2024\/08\/12\/queretaro-ha-recibido-el-70-de-libros-de-texto-de-primaria\/\" \/>\n<meta property=\"og:site_name\" content=\"Nexo Informativo Santiago de Quer\u00e9taro\" \/>\n<meta property=\"article:publisher\" content=\"https:\/\/www.facebook.com\/people\/Nexo-Informativo\/61564066885511\/\" \/>\n<meta property=\"article:published_time\" content=\"2024-08-12T16:12:50+00:00\" \/>\n<meta property=\"article:modified_time\" content=\"2024-10-07T18:24:09+00:00\" \/>\n<meta property=\"og:image\" content=\"https:\/\/www.nexoinformativo.mx\/wp-content\/uploads\/2024\/08\/IMG-20240724-WA0022.webp\" \/>\n\t<meta property=\"og:image:width\" content=\"1280\" \/>\n\t<meta property=\"og:image:height\" content=\"916\" \/>\n\t<meta property=\"og:image:type\" content=\"image\/webp\" \/>\n<meta name=\"author\" content=\"admin\" \/>\n<meta name=\"twitter:card\" content=\"summary_large_image\" \/>\n<meta name=\"twitter:label1\" content=\"Escrito por\" \/>\n\t<meta name=\"twitter:data1\" content=\"admin\" \/>\n\t<meta name=\"twitter:label2\" content=\"Tiempo de lectura\" \/>\n\t<meta name=\"twitter:data2\" content=\"2 minutos\" \/>\n<script type=\"application\/ld+json\" class=\"yoast-schema-graph\">{\"@context\":\"https:\/\/schema.org\",\"@graph\":[{\"@type\":\"Article\",\"@id\":\"https:\/\/www.nexoinformativo.mx\/index.php\/2024\/08\/12\/queretaro-ha-recibido-el-70-de-libros-de-texto-de-primaria\/#article\",\"isPartOf\":{\"@id\":\"https:\/\/www.nexoinformativo.mx\/index.php\/2024\/08\/12\/queretaro-ha-recibido-el-70-de-libros-de-texto-de-primaria\/\"},\"author\":{\"name\":\"admin\",\"@id\":\"https:\/\/www.nexoinformativo.mx\/#\/schema\/person\/4beeb8fa2c46efc230191fd4030766b5\"},\"headline\":\"Quer\u00e9taro ha recibido el 70% de libros de texto de primaria\",\"datePublished\":\"2024-08-12T16:12:50+00:00\",\"dateModified\":\"2024-10-07T18:24:09+00:00\",\"mainEntityOfPage\":{\"@id\":\"https:\/\/www.nexoinformativo.mx\/index.php\/2024\/08\/12\/queretaro-ha-recibido-el-70-de-libros-de-texto-de-primaria\/\"},\"wordCount\":445,\"publisher\":{\"@id\":\"https:\/\/www.nexoinformativo.mx\/#organization\"},\"image\":{\"@id\":\"https:\/\/www.nexoinformativo.mx\/index.php\/2024\/08\/12\/queretaro-ha-recibido-el-70-de-libros-de-texto-de-primaria\/#primaryimage\"},\"thumbnailUrl\":\"https:\/\/www.nexoinformativo.mx\/wp-content\/uploads\/2024\/08\/IMG-20240724-WA0022.webp\",\"keywords\":[\"librosdetextogratuitos\",\"Quer\u00e9taro\",\"USEBEQ\"],\"articleSection\":[\"Municipios\"],\"inLanguage\":\"es\"},{\"@type\":\"WebPage\",\"@id\":\"https:\/\/www.nexoinformativo.mx\/index.php\/2024\/08\/12\/queretaro-ha-recibido-el-70-de-libros-de-texto-de-primaria\/\",\"url\":\"https:\/\/www.nexoinformativo.mx\/index.php\/2024\/08\/12\/queretaro-ha-recibido-el-70-de-libros-de-texto-de-primaria\/\",\"name\":\"Quer\u00e9taro ha recibido el 70% de libros de texto de primaria | Nexo Informativo Santiago de Quer\u00e9taro\",\"isPartOf\":{\"@id\":\"https:\/\/www.nexoinformativo.mx\/#website\"},\"primaryImageOfPage\":{\"@id\":\"https:\/\/www.nexoinformativo.mx\/index.php\/2024\/08\/12\/queretaro-ha-recibido-el-70-de-libros-de-texto-de-primaria\/#primaryimage\"},\"image\":{\"@id\":\"https:\/\/www.nexoinformativo.mx\/index.php\/2024\/08\/12\/queretaro-ha-recibido-el-70-de-libros-de-texto-de-primaria\/#primaryimage\"},\"thumbnailUrl\":\"https:\/\/www.nexoinformativo.mx\/wp-content\/uploads\/2024\/08\/IMG-20240724-WA0022.webp\",\"datePublished\":\"2024-08-12T16:12:50+00:00\",\"dateModified\":\"2024-10-07T18:24:09+00:00\",\"breadcrumb\":{\"@id\":\"https:\/\/www.nexoinformativo.mx\/index.php\/2024\/08\/12\/queretaro-ha-recibido-el-70-de-libros-de-texto-de-primaria\/#breadcrumb\"},\"inLanguage\":\"es\",\"potentialAction\":[{\"@type\":\"ReadAction\",\"target\":[\"https:\/\/www.nexoinformativo.mx\/index.php\/2024\/08\/12\/queretaro-ha-recibido-el-70-de-libros-de-texto-de-primaria\/\"]}]},{\"@type\":\"ImageObject\",\"inLanguage\":\"es\",\"@id\":\"https:\/\/www.nexoinformativo.mx\/index.php\/2024\/08\/12\/queretaro-ha-recibido-el-70-de-libros-de-texto-de-primaria\/#primaryimage\",\"url\":\"https:\/\/www.nexoinformativo.mx\/wp-content\/uploads\/2024\/08\/IMG-20240724-WA0022.webp\",\"contentUrl\":\"https:\/\/www.nexoinformativo.mx\/wp-content\/uploads\/2024\/08\/IMG-20240724-WA0022.webp\",\"width\":1280,\"height\":916},{\"@type\":\"BreadcrumbList\",\"@id\":\"https:\/\/www.nexoinformativo.mx\/index.php\/2024\/08\/12\/queretaro-ha-recibido-el-70-de-libros-de-texto-de-primaria\/#breadcrumb\",\"itemListElement\":[{\"@type\":\"ListItem\",\"position\":1,\"name\":\"Inicio\",\"item\":\"https:\/\/www.nexoinformativo.mx\/\"},{\"@type\":\"ListItem\",\"position\":2,\"name\":\"Quer\u00e9taro ha recibido el 70% de libros de texto de primaria\"}]},{\"@type\":\"WebSite\",\"@id\":\"https:\/\/www.nexoinformativo.mx\/#website\",\"url\":\"https:\/\/www.nexoinformativo.mx\/\",\"name\":\"Nexo Informativo Santiago de Quer\u00e9taro\",\"description\":\"Explora NexoInformativo y convi\u00e9rtete en parte de una comunidad que valora el conocimiento y la verdad. Tu nexoinformativo es tu puente hacia una comprensi\u00f3n m\u00e1s profunda del mundo que te rodea.\",\"publisher\":{\"@id\":\"https:\/\/www.nexoinformativo.mx\/#organization\"},\"potentialAction\":[{\"@type\":\"SearchAction\",\"target\":{\"@type\":\"EntryPoint\",\"urlTemplate\":\"https:\/\/www.nexoinformativo.mx\/?s={search_term_string}\"},\"query-input\":{\"@type\":\"PropertyValueSpecification\",\"valueRequired\":true,\"valueName\":\"search_term_string\"}}],\"inLanguage\":\"es\"},{\"@type\":\"Organization\",\"@id\":\"https:\/\/www.nexoinformativo.mx\/#organization\",\"name\":\"Nexo Informativo Santiago de Quer\u00e9taro\",\"url\":\"https:\/\/www.nexoinformativo.mx\/\",\"logo\":{\"@type\":\"ImageObject\",\"inLanguage\":\"es\",\"@id\":\"https:\/\/www.nexoinformativo.mx\/#\/schema\/logo\/image\/\",\"url\":\"https:\/\/www.nexoinformativo.mx\/wp-content\/uploads\/2024\/07\/nexoi-trasparente-2.png\",\"contentUrl\":\"https:\/\/www.nexoinformativo.mx\/wp-content\/uploads\/2024\/07\/nexoi-trasparente-2.png\",\"width\":816,\"height\":339,\"caption\":\"Nexo Informativo Santiago de Quer\u00e9taro\"},\"image\":{\"@id\":\"https:\/\/www.nexoinformativo.mx\/#\/schema\/logo\/image\/\"},\"sameAs\":[\"https:\/\/www.facebook.com\/people\/Nexo-Informativo\/61564066885511\/\"]},{\"@type\":\"Person\",\"@id\":\"https:\/\/www.nexoinformativo.mx\/#\/schema\/person\/4beeb8fa2c46efc230191fd4030766b5\",\"name\":\"admin\",\"image\":{\"@type\":\"ImageObject\",\"inLanguage\":\"es\",\"@id\":\"https:\/\/www.nexoinformativo.mx\/#\/schema\/person\/image\/\",\"url\":\"https:\/\/secure.gravatar.com\/avatar\/58054e91f5151d6a21f8409a1d615488226bb336a676ff34638f345cfb020b66?s=96&d=mm&r=g\",\"contentUrl\":\"https:\/\/secure.gravatar.com\/avatar\/58054e91f5151d6a21f8409a1d615488226bb336a676ff34638f345cfb020b66?s=96&d=mm&r=g\",\"caption\":\"admin\"},\"url\":\"https:\/\/www.nexoinformativo.mx\/index.php\/author\/admin\/\"}]}<\/script>\n<!-- \/ Yoast SEO plugin. -->","yoast_head_json":{"title":"Quer\u00e9taro ha recibido el 70% de libros de texto de primaria | Nexo Informativo Santiago de Quer\u00e9taro","robots":{"index":"index","follow":"follow","max-snippet":"max-snippet:-1","max-image-preview":"max-image-preview:large","max-video-preview":"max-video-preview:-1"},"canonical":"https:\/\/www.nexoinformativo.mx\/index.php\/2024\/08\/12\/queretaro-ha-recibido-el-70-de-libros-de-texto-de-primaria\/","og_locale":"es_MX","og_type":"article","og_title":"Quer\u00e9taro ha recibido el 70% de libros de texto de primaria | Nexo Informativo Santiago de Quer\u00e9taro","og_description":"La coordinadora general de la USEBEQ, Irene Quintanar, inform\u00f3 que esta dependencia recibi\u00f3 un poco m\u00e1s del 70 por ciento de los libros de texto gratuitos para nivel primaria de educaci\u00f3n b\u00e1sica p\u00fablica.\u00a0Indic\u00f3 que a\u00fan est\u00e1n a la espera del arribo del resto de los libros de texto, sobre todo, aquellos para secundaria y preescolar. [&hellip;]","og_url":"https:\/\/www.nexoinformativo.mx\/index.php\/2024\/08\/12\/queretaro-ha-recibido-el-70-de-libros-de-texto-de-primaria\/","og_site_name":"Nexo Informativo Santiago de Quer\u00e9taro","article_publisher":"https:\/\/www.facebook.com\/people\/Nexo-Informativo\/61564066885511\/","article_published_time":"2024-08-12T16:12:50+00:00","article_modified_time":"2024-10-07T18:24:09+00:00","og_image":[{"width":1280,"height":916,"url":"https:\/\/www.nexoinformativo.mx\/wp-content\/uploads\/2024\/08\/IMG-20240724-WA0022.webp","type":"image\/webp"}],"author":"admin","twitter_card":"summary_large_image","twitter_misc":{"Escrito por":"admin","Tiempo de lectura":"2 minutos"},"schema":{"@context":"https:\/\/schema.org","@graph":[{"@type":"Article","@id":"https:\/\/www.nexoinformativo.mx\/index.php\/2024\/08\/12\/queretaro-ha-recibido-el-70-de-libros-de-texto-de-primaria\/#article","isPartOf":{"@id":"https:\/\/www.nexoinformativo.mx\/index.php\/2024\/08\/12\/queretaro-ha-recibido-el-70-de-libros-de-texto-de-primaria\/"},"author":{"name":"admin","@id":"https:\/\/www.nexoinformativo.mx\/#\/schema\/person\/4beeb8fa2c46efc230191fd4030766b5"},"headline":"Quer\u00e9taro ha recibido el 70% de libros de texto de primaria","datePublished":"2024-08-12T16:12:50+00:00","dateModified":"2024-10-07T18:24:09+00:00","mainEntityOfPage":{"@id":"https:\/\/www.nexoinformativo.mx\/index.php\/2024\/08\/12\/queretaro-ha-recibido-el-70-de-libros-de-texto-de-primaria\/"},"wordCount":445,"publisher":{"@id":"https:\/\/www.nexoinformativo.mx\/#organization"},"image":{"@id":"https:\/\/www.nexoinformativo.mx\/index.php\/2024\/08\/12\/queretaro-ha-recibido-el-70-de-libros-de-texto-de-primaria\/#primaryimage"},"thumbnailUrl":"https:\/\/www.nexoinformativo.mx\/wp-content\/uploads\/2024\/08\/IMG-20240724-WA0022.webp","keywords":["librosdetextogratuitos","Quer\u00e9taro","USEBEQ"],"articleSection":["Municipios"],"inLanguage":"es"},{"@type":"WebPage","@id":"https:\/\/www.nexoinformativo.mx\/index.php\/2024\/08\/12\/queretaro-ha-recibido-el-70-de-libros-de-texto-de-primaria\/","url":"https:\/\/www.nexoinformativo.mx\/index.php\/2024\/08\/12\/queretaro-ha-recibido-el-70-de-libros-de-texto-de-primaria\/","name":"Quer\u00e9taro ha recibido el 70% de libros de texto de primaria | Nexo Informativo Santiago de Quer\u00e9taro","isPartOf":{"@id":"https:\/\/www.nexoinformativo.mx\/#website"},"primaryImageOfPage":{"@id":"https:\/\/www.nexoinformativo.mx\/index.php\/2024\/08\/12\/queretaro-ha-recibido-el-70-de-libros-de-texto-de-primaria\/#primaryimage"},"image":{"@id":"https:\/\/www.nexoinformativo.mx\/index.php\/2024\/08\/12\/queretaro-ha-recibido-el-70-de-libros-de-texto-de-primaria\/#primaryimage"},"thumbnailUrl":"https:\/\/www.nexoinformativo.mx\/wp-content\/uploads\/2024\/08\/IMG-20240724-WA0022.webp","datePublished":"2024-08-12T16:12:50+00:00","dateModified":"2024-10-07T18:24:09+00:00","breadcrumb":{"@id":"https:\/\/www.nexoinformativo.mx\/index.php\/2024\/08\/12\/queretaro-ha-recibido-el-70-de-libros-de-texto-de-primaria\/#breadcrumb"},"inLanguage":"es","potentialAction":[{"@type":"ReadAction","target":["https:\/\/www.nexoinformativo.mx\/index.php\/2024\/08\/12\/queretaro-ha-recibido-el-70-de-libros-de-texto-de-primaria\/"]}]},{"@type":"ImageObject","inLanguage":"es","@id":"https:\/\/www.nexoinformativo.mx\/index.php\/2024\/08\/12\/queretaro-ha-recibido-el-70-de-libros-de-texto-de-primaria\/#primaryimage","url":"https:\/\/www.nexoinformativo.mx\/wp-content\/uploads\/2024\/08\/IMG-20240724-WA0022.webp","contentUrl":"https:\/\/www.nexoinformativo.mx\/wp-content\/uploads\/2024\/08\/IMG-20240724-WA0022.webp","width":1280,"height":916},{"@type":"BreadcrumbList","@id":"https:\/\/www.nexoinformativo.mx\/index.php\/2024\/08\/12\/queretaro-ha-recibido-el-70-de-libros-de-texto-de-primaria\/#breadcrumb","itemListElement":[{"@type":"ListItem","position":1,"name":"Inicio","item":"https:\/\/www.nexoinformativo.mx\/"},{"@type":"ListItem","position":2,"name":"Quer\u00e9taro ha recibido el 70% de libros de texto de primaria"}]},{"@type":"WebSite","@id":"https:\/\/www.nexoinformativo.mx\/#website","url":"https:\/\/www.nexoinformativo.mx\/","name":"Nexo Informativo Santiago de Quer\u00e9taro","description":"Explora NexoInformativo y convi\u00e9rtete en parte de una comunidad que valora el conocimiento y la verdad. Tu nexoinformativo es tu puente hacia una comprensi\u00f3n m\u00e1s profunda del mundo que te rodea.","publisher":{"@id":"https:\/\/www.nexoinformativo.mx\/#organization"},"potentialAction":[{"@type":"SearchAction","target":{"@type":"EntryPoint","urlTemplate":"https:\/\/www.nexoinformativo.mx\/?s={search_term_string}"},"query-input":{"@type":"PropertyValueSpecification","valueRequired":true,"valueName":"search_term_string"}}],"inLanguage":"es"},{"@type":"Organization","@id":"https:\/\/www.nexoinformativo.mx\/#organization","name":"Nexo Informativo Santiago de Quer\u00e9taro","url":"https:\/\/www.nexoinformativo.mx\/","logo":{"@type":"ImageObject","inLanguage":"es","@id":"https:\/\/www.nexoinformativo.mx\/#\/schema\/logo\/image\/","url":"https:\/\/www.nexoinformativo.mx\/wp-content\/uploads\/2024\/07\/nexoi-trasparente-2.png","contentUrl":"https:\/\/www.nexoinformativo.mx\/wp-content\/uploads\/2024\/07\/nexoi-trasparente-2.png","width":816,"height":339,"caption":"Nexo Informativo Santiago de Quer\u00e9taro"},"image":{"@id":"https:\/\/www.nexoinformativo.mx\/#\/schema\/logo\/image\/"},"sameAs":["https:\/\/www.facebook.com\/people\/Nexo-Informativo\/61564066885511\/"]},{"@type":"Person","@id":"https:\/\/www.nexoinformativo.mx\/#\/schema\/person\/4beeb8fa2c46efc230191fd4030766b5","name":"admin","image":{"@type":"ImageObject","inLanguage":"es","@id":"https:\/\/www.nexoinformativo.mx\/#\/schema\/person\/image\/","url":"https:\/\/secure.gravatar.com\/avatar\/58054e91f5151d6a21f8409a1d615488226bb336a676ff34638f345cfb020b66?s=96&d=mm&r=g","contentUrl":"https:\/\/secure.gravatar.com\/avatar\/58054e91f5151d6a21f8409a1d615488226bb336a676ff34638f345cfb020b66?s=96&d=mm&r=g","caption":"admin"},"url":"https:\/\/www.nexoinformativo.mx\/index.php\/author\/admin\/"}]}},"_links":{"self":[{"href":"https:\/\/www.nexoinformativo.mx\/index.php\/wp-json\/wp\/v2\/posts\/628","targetHints":{"allow":["GET"]}}],"collection":[{"href":"https:\/\/www.nexoinformativo.mx\/index.php\/wp-json\/wp\/v2\/posts"}],"about":[{"href":"https:\/\/www.nexoinformativo.mx\/index.php\/wp-json\/wp\/v2\/types\/post"}],"author":[{"embeddable":true,"href":"https:\/\/www.nexoinformativo.mx\/index.php\/wp-json\/wp\/v2\/users\/2"}],"replies":[{"embeddable":true,"href":"https:\/\/www.nexoinformativo.mx\/index.php\/wp-json\/wp\/v2\/comments?post=628"}],"version-history":[{"count":9,"href":"https:\/\/www.nexoinformativo.mx\/index.php\/wp-json\/wp\/v2\/posts\/628\/revisions"}],"predecessor-version":[{"id":2791,"href":"https:\/\/www.nexoinformativo.mx\/index.php\/wp-json\/wp\/v2\/posts\/628\/revisions\/2791"}],"wp:featuredmedia":[{"embeddable":true,"href":"https:\/\/www.nexoinformativo.mx\/index.php\/wp-json\/wp\/v2\/media\/629"}],"wp:attachment":[{"href":"https:\/\/www.nexoinformativo.mx\/index.php\/wp-json\/wp\/v2\/media?parent=628"}],"wp:term":[{"taxonomy":"category","embeddable":true,"href":"https:\/\/www.nexoinformativo.mx\/index.php\/wp-json\/wp\/v2\/categories?post=628"},{"taxonomy":"post_tag","embeddable":true,"href":"https:\/\/www.nexoinformativo.mx\/index.php\/wp-json\/wp\/v2\/tags?post=628"}],"curies":[{"name":"wp","href":"https:\/\/api.w.org\/{rel}","templated":true}]}}