{"id":6280,"date":"2024-11-18T07:45:14","date_gmt":"2024-11-18T13:45:14","guid":{"rendered":"https:\/\/www.nexoinformativo.mx\/?p=6280"},"modified":"2024-11-18T09:40:27","modified_gmt":"2024-11-18T15:40:27","slug":"aplicadas-196-mil-dosis-de-vacuna-contra-influenza-en-queretaro-donde-vacunarse","status":"publish","type":"post","link":"https:\/\/www.nexoinformativo.mx\/index.php\/2024\/11\/18\/aplicadas-196-mil-dosis-de-vacuna-contra-influenza-en-queretaro-donde-vacunarse\/","title":{"rendered":"Aplicadas 196 mil dosis de vacuna contra Influenza en Quer\u00e9taro: \u00bfD\u00f3nde vacunarse?"},"content":{"rendered":"<p style=\"text-align: justify;\">La Secretar\u00eda de Salud del estado de Quer\u00e9taro (SESA) ha informado que hasta el momento se han aplicado 196 mil 126 dosis de la vacuna contra la influenza, lo que representa un avance del 31.66% de la meta estatal programada de 619 mil 499 dosis.<\/p>\n<p>&nbsp;<\/p>\n<p style=\"text-align: justify;\">Hasta el 14 de noviembre, se han registrado doce casos positivos de influenza estacional en Quer\u00e9taro, sin defunciones. A nivel nacional, se han reportado 441 casos positivos y cuatro defunciones. Durante la temporada de fr\u00edo, se incrementa el riesgo de infecciones respiratorias, por lo que se exhorta a ciertos grupos a vacunarse para evitar complicaciones.<\/p>\n<p>&nbsp;<\/p>\n<p style=\"text-align: justify;\">La influenza estacional se caracteriza por fiebre alta, tos seca, dolores musculares, de cabeza y garganta, y secreci\u00f3n nasal. En personas con enfermedades cr\u00f3nicas, la influenza puede causar enfermedad grave o muerte.<\/p>\n<p>&nbsp;<\/p>\n<p style=\"text-align: justify;\">Servicios de Salud del Estado de Quer\u00e9taro (SESEQ) aplica la vacuna en los 198 centros de salud de los 18 municipios del estado durante su horario de atenci\u00f3n. Tambi\u00e9n se ha instalado un puesto de vacunaci\u00f3n en Plaza de Armas, funcionando de lunes a viernes de 09:00 a 14:00 horas.<\/p>\n<p>&nbsp;<\/p>\n<p style=\"text-align: justify;\">En cuanto al I<strong>SSSTE,<\/strong> se instala un puesto de vacunaci\u00f3n en el kiosco del jard\u00edn principal de la cabecera municipal de Santa Rosa J\u00e1uregui, de lunes a viernes de 09:00 a 12:30 horas.<\/p>\n<p>&nbsp;<\/p>\n<p style=\"text-align: justify;\">Adem\u00e1s el <strong>IMSS<\/strong>, aplica el biol\u00f3gico de lunes a viernes en horario de trabajo de cada unidad, y coloca puestos de vacunaci\u00f3n en las siguientes ubicaciones y horarios:<\/p>\n<p>&nbsp;<\/p>\n<p style=\"text-align: justify;\">\u2022 <strong>S\u00e1bados y domingos<\/strong> de 10:00 a 16:00 horas en Plaza de Armas, Alameda Hidalgo, Aurrera Tintero, Aurrera Sat\u00e9lite, Aurrera Pe\u00f1aflor, Soriana Sendero y Walmart Bernardo Quintana.<\/p>\n<p style=\"text-align: justify;\">\u2022 <strong>Jueves, s\u00e1bados y domingos<\/strong> de 09:00 a 15:30 horas en Mercado del Tepetate.<\/p>\n<p style=\"text-align: justify;\">\u2022 <strong>S\u00e1bados y domingos<\/strong> de 09:00 a 15:30 horas en Sam\u00b4s Club Bernardo Quintana, Mercado La Cruz, Mercado Escobedo, Sam\u00b4s Club Plaza de Toros, Tienda Del Sol (Centro), La Comer (Zaragoza), Soriana Ensue\u00f1o, Aurrera Reforma Agraria, Mega Cimatario y Soriana Hiper (Plaza de las Am\u00e9ricas).<\/p>\n<p style=\"text-align: justify;\">\u2022 <strong>S\u00e1bados y domingos<\/strong> de 11:00 a 17:30 horas en Walmart Juriquilla, Plaza Portal (Pie de la Cuesta), Plaza Antea, Aurrera Pie de la Cuesta.<\/p>\n<p style=\"text-align: justify;\">\u2022<strong> Mi\u00e9rcoles<\/strong> de 8:30 a 13:30 horas en Fresco Juriquilla.<\/p>\n<p style=\"text-align: justify;\">\u2022<strong> Jueves y domingos<\/strong> de 08:00 a 15:00 horas en el Mercado de Lomas de Casa Blanca.<\/p>\n<p style=\"text-align: justify;\">\u2022<strong> Martes y s\u00e1bados<\/strong> de 09:00 a 15:30 horas en el Mercado Presidentes.<\/p>\n<p style=\"text-align: justify;\">\u2022 <strong>S\u00e1bados y domingos<\/strong> de 11:00 a 17:00 horas en Plaza Puerta La Victoria.<\/p>\n<p>&nbsp;<\/p>\n<p style=\"text-align: center;\"><em><strong>\u00a1Informaci\u00f3n que transforma!<\/strong><\/em><\/p>\n","protected":false},"excerpt":{"rendered":"<p>La Secretar\u00eda de Salud del estado de Quer\u00e9taro (SESA) ha informado que hasta el momento se han aplicado 196 mil 126 dosis de la vacuna contra la influenza, lo que representa un avance del 31.66% de la meta estatal programada de 619 mil 499 dosis. &nbsp; Hasta el 14 de noviembre, se han registrado doce [&hellip;]<\/p>\n","protected":false},"author":3,"featured_media":6281,"comment_status":"open","ping_status":"open","sticky":false,"template":"","format":"standard","meta":{"footnotes":""},"categories":[42,58],"tags":[1415,806,319,2133],"class_list":["post-6280","post","type-post","status-publish","format-standard","has-post-thumbnail","hentry","category-estado","category-ultima-hora","tag-influenza","tag-prevencion","tag-saludpublica","tag-vacunacionqueretaro"],"yoast_head":"<!-- This site is optimized with the Yoast SEO plugin v25.0 - https:\/\/yoast.com\/wordpress\/plugins\/seo\/ -->\n<title>Aplicadas 196 mil dosis de vacuna contra Influenza en Quer\u00e9taro: \u00bfD\u00f3nde vacunarse? | Nexo Informativo Santiago de Quer\u00e9taro<\/title>\n<meta name=\"description\" content=\"Aplicadas 196 mil dosis de vacuna contra Influenza en Quer\u00e9taro: \u00bfD\u00f3nde vacunarse?\" \/>\n<meta name=\"robots\" content=\"index, follow, max-snippet:-1, max-image-preview:large, max-video-preview:-1\" \/>\n<link rel=\"canonical\" href=\"https:\/\/www.nexoinformativo.mx\/index.php\/2024\/11\/18\/aplicadas-196-mil-dosis-de-vacuna-contra-influenza-en-queretaro-donde-vacunarse\/\" \/>\n<meta property=\"og:locale\" content=\"es_MX\" \/>\n<meta property=\"og:type\" content=\"article\" \/>\n<meta property=\"og:title\" content=\"Aplicadas 196 mil dosis de vacuna contra Influenza en Quer\u00e9taro: \u00bfD\u00f3nde vacunarse? | Nexo Informativo Santiago de Quer\u00e9taro\" \/>\n<meta property=\"og:description\" content=\"Aplicadas 196 mil dosis de vacuna contra Influenza en Quer\u00e9taro: \u00bfD\u00f3nde vacunarse?\" \/>\n<meta property=\"og:url\" content=\"https:\/\/www.nexoinformativo.mx\/index.php\/2024\/11\/18\/aplicadas-196-mil-dosis-de-vacuna-contra-influenza-en-queretaro-donde-vacunarse\/\" \/>\n<meta property=\"og:site_name\" content=\"Nexo Informativo Santiago de Quer\u00e9taro\" \/>\n<meta property=\"article:publisher\" content=\"https:\/\/www.facebook.com\/people\/Nexo-Informativo\/61564066885511\/\" \/>\n<meta property=\"article:published_time\" content=\"2024-11-18T13:45:14+00:00\" \/>\n<meta property=\"article:modified_time\" content=\"2024-11-18T15:40:27+00:00\" \/>\n<meta property=\"og:image\" content=\"https:\/\/www.nexoinformativo.mx\/wp-content\/uploads\/2024\/11\/PHOTO-2024-11-18-08-34-07.jpg\" \/>\n\t<meta property=\"og:image:width\" content=\"684\" \/>\n\t<meta property=\"og:image:height\" content=\"724\" \/>\n\t<meta property=\"og:image:type\" content=\"image\/jpeg\" \/>\n<meta name=\"author\" content=\"Nexo Informativo\" \/>\n<meta name=\"twitter:card\" content=\"summary_large_image\" \/>\n<meta name=\"twitter:label1\" content=\"Escrito por\" \/>\n\t<meta name=\"twitter:data1\" content=\"Nexo Informativo\" \/>\n\t<meta name=\"twitter:label2\" content=\"Tiempo de lectura\" \/>\n\t<meta name=\"twitter:data2\" content=\"3 minutos\" \/>\n<script type=\"application\/ld+json\" class=\"yoast-schema-graph\">{\"@context\":\"https:\/\/schema.org\",\"@graph\":[{\"@type\":\"Article\",\"@id\":\"https:\/\/www.nexoinformativo.mx\/index.php\/2024\/11\/18\/aplicadas-196-mil-dosis-de-vacuna-contra-influenza-en-queretaro-donde-vacunarse\/#article\",\"isPartOf\":{\"@id\":\"https:\/\/www.nexoinformativo.mx\/index.php\/2024\/11\/18\/aplicadas-196-mil-dosis-de-vacuna-contra-influenza-en-queretaro-donde-vacunarse\/\"},\"author\":{\"name\":\"Nexo Informativo\",\"@id\":\"https:\/\/www.nexoinformativo.mx\/#\/schema\/person\/7749d380ba08c8ca00d7bc76fd907b7d\"},\"headline\":\"Aplicadas 196 mil dosis de vacuna contra Influenza en Quer\u00e9taro: \u00bfD\u00f3nde vacunarse?\",\"datePublished\":\"2024-11-18T13:45:14+00:00\",\"dateModified\":\"2024-11-18T15:40:27+00:00\",\"mainEntityOfPage\":{\"@id\":\"https:\/\/www.nexoinformativo.mx\/index.php\/2024\/11\/18\/aplicadas-196-mil-dosis-de-vacuna-contra-influenza-en-queretaro-donde-vacunarse\/\"},\"wordCount\":424,\"commentCount\":0,\"publisher\":{\"@id\":\"https:\/\/www.nexoinformativo.mx\/#organization\"},\"image\":{\"@id\":\"https:\/\/www.nexoinformativo.mx\/index.php\/2024\/11\/18\/aplicadas-196-mil-dosis-de-vacuna-contra-influenza-en-queretaro-donde-vacunarse\/#primaryimage\"},\"thumbnailUrl\":\"https:\/\/www.nexoinformativo.mx\/wp-content\/uploads\/2024\/11\/PHOTO-2024-11-18-08-34-07.jpg\",\"keywords\":[\"Influenza\",\"Prevenci\u00f3n\",\"SaludP\u00fablica\",\"Vacunaci\u00f3nQuer\u00e9taro\"],\"articleSection\":[\"Estado\",\"\u00daltima Hora\"],\"inLanguage\":\"es\",\"potentialAction\":[{\"@type\":\"CommentAction\",\"name\":\"Comment\",\"target\":[\"https:\/\/www.nexoinformativo.mx\/index.php\/2024\/11\/18\/aplicadas-196-mil-dosis-de-vacuna-contra-influenza-en-queretaro-donde-vacunarse\/#respond\"]}]},{\"@type\":\"WebPage\",\"@id\":\"https:\/\/www.nexoinformativo.mx\/index.php\/2024\/11\/18\/aplicadas-196-mil-dosis-de-vacuna-contra-influenza-en-queretaro-donde-vacunarse\/\",\"url\":\"https:\/\/www.nexoinformativo.mx\/index.php\/2024\/11\/18\/aplicadas-196-mil-dosis-de-vacuna-contra-influenza-en-queretaro-donde-vacunarse\/\",\"name\":\"Aplicadas 196 mil dosis de vacuna contra Influenza en Quer\u00e9taro: \u00bfD\u00f3nde vacunarse? | Nexo Informativo Santiago de Quer\u00e9taro\",\"isPartOf\":{\"@id\":\"https:\/\/www.nexoinformativo.mx\/#website\"},\"primaryImageOfPage\":{\"@id\":\"https:\/\/www.nexoinformativo.mx\/index.php\/2024\/11\/18\/aplicadas-196-mil-dosis-de-vacuna-contra-influenza-en-queretaro-donde-vacunarse\/#primaryimage\"},\"image\":{\"@id\":\"https:\/\/www.nexoinformativo.mx\/index.php\/2024\/11\/18\/aplicadas-196-mil-dosis-de-vacuna-contra-influenza-en-queretaro-donde-vacunarse\/#primaryimage\"},\"thumbnailUrl\":\"https:\/\/www.nexoinformativo.mx\/wp-content\/uploads\/2024\/11\/PHOTO-2024-11-18-08-34-07.jpg\",\"datePublished\":\"2024-11-18T13:45:14+00:00\",\"dateModified\":\"2024-11-18T15:40:27+00:00\",\"description\":\"Aplicadas 196 mil dosis de vacuna contra Influenza en Quer\u00e9taro: \u00bfD\u00f3nde vacunarse?\",\"breadcrumb\":{\"@id\":\"https:\/\/www.nexoinformativo.mx\/index.php\/2024\/11\/18\/aplicadas-196-mil-dosis-de-vacuna-contra-influenza-en-queretaro-donde-vacunarse\/#breadcrumb\"},\"inLanguage\":\"es\",\"potentialAction\":[{\"@type\":\"ReadAction\",\"target\":[\"https:\/\/www.nexoinformativo.mx\/index.php\/2024\/11\/18\/aplicadas-196-mil-dosis-de-vacuna-contra-influenza-en-queretaro-donde-vacunarse\/\"]}]},{\"@type\":\"ImageObject\",\"inLanguage\":\"es\",\"@id\":\"https:\/\/www.nexoinformativo.mx\/index.php\/2024\/11\/18\/aplicadas-196-mil-dosis-de-vacuna-contra-influenza-en-queretaro-donde-vacunarse\/#primaryimage\",\"url\":\"https:\/\/www.nexoinformativo.mx\/wp-content\/uploads\/2024\/11\/PHOTO-2024-11-18-08-34-07.jpg\",\"contentUrl\":\"https:\/\/www.nexoinformativo.mx\/wp-content\/uploads\/2024\/11\/PHOTO-2024-11-18-08-34-07.jpg\",\"width\":684,\"height\":724},{\"@type\":\"BreadcrumbList\",\"@id\":\"https:\/\/www.nexoinformativo.mx\/index.php\/2024\/11\/18\/aplicadas-196-mil-dosis-de-vacuna-contra-influenza-en-queretaro-donde-vacunarse\/#breadcrumb\",\"itemListElement\":[{\"@type\":\"ListItem\",\"position\":1,\"name\":\"Inicio\",\"item\":\"https:\/\/www.nexoinformativo.mx\/\"},{\"@type\":\"ListItem\",\"position\":2,\"name\":\"Aplicadas 196 mil dosis de vacuna contra Influenza en Quer\u00e9taro: \u00bfD\u00f3nde vacunarse?\"}]},{\"@type\":\"WebSite\",\"@id\":\"https:\/\/www.nexoinformativo.mx\/#website\",\"url\":\"https:\/\/www.nexoinformativo.mx\/\",\"name\":\"Nexo Informativo Santiago de Quer\u00e9taro\",\"description\":\"Explora NexoInformativo y convi\u00e9rtete en parte de una comunidad que valora el conocimiento y la verdad. Tu nexoinformativo es tu puente hacia una comprensi\u00f3n m\u00e1s profunda del mundo que te rodea.\",\"publisher\":{\"@id\":\"https:\/\/www.nexoinformativo.mx\/#organization\"},\"potentialAction\":[{\"@type\":\"SearchAction\",\"target\":{\"@type\":\"EntryPoint\",\"urlTemplate\":\"https:\/\/www.nexoinformativo.mx\/?s={search_term_string}\"},\"query-input\":{\"@type\":\"PropertyValueSpecification\",\"valueRequired\":true,\"valueName\":\"search_term_string\"}}],\"inLanguage\":\"es\"},{\"@type\":\"Organization\",\"@id\":\"https:\/\/www.nexoinformativo.mx\/#organization\",\"name\":\"Nexo Informativo Santiago de Quer\u00e9taro\",\"url\":\"https:\/\/www.nexoinformativo.mx\/\",\"logo\":{\"@type\":\"ImageObject\",\"inLanguage\":\"es\",\"@id\":\"https:\/\/www.nexoinformativo.mx\/#\/schema\/logo\/image\/\",\"url\":\"https:\/\/www.nexoinformativo.mx\/wp-content\/uploads\/2024\/07\/nexoi-trasparente-2.png\",\"contentUrl\":\"https:\/\/www.nexoinformativo.mx\/wp-content\/uploads\/2024\/07\/nexoi-trasparente-2.png\",\"width\":816,\"height\":339,\"caption\":\"Nexo Informativo Santiago de Quer\u00e9taro\"},\"image\":{\"@id\":\"https:\/\/www.nexoinformativo.mx\/#\/schema\/logo\/image\/\"},\"sameAs\":[\"https:\/\/www.facebook.com\/people\/Nexo-Informativo\/61564066885511\/\"]},{\"@type\":\"Person\",\"@id\":\"https:\/\/www.nexoinformativo.mx\/#\/schema\/person\/7749d380ba08c8ca00d7bc76fd907b7d\",\"name\":\"Nexo Informativo\",\"image\":{\"@type\":\"ImageObject\",\"inLanguage\":\"es\",\"@id\":\"https:\/\/www.nexoinformativo.mx\/#\/schema\/person\/image\/\",\"url\":\"https:\/\/secure.gravatar.com\/avatar\/dde2928154642a13d95f87ddf1ea9718fe2b46760a005c53e41ff5ad610704e6?s=96&d=mm&r=g\",\"contentUrl\":\"https:\/\/secure.gravatar.com\/avatar\/dde2928154642a13d95f87ddf1ea9718fe2b46760a005c53e41ff5ad610704e6?s=96&d=mm&r=g\",\"caption\":\"Nexo Informativo\"},\"url\":\"https:\/\/www.nexoinformativo.mx\/index.php\/author\/edicion\/\"}]}<\/script>\n<!-- \/ Yoast SEO plugin. -->","yoast_head_json":{"title":"Aplicadas 196 mil dosis de vacuna contra Influenza en Quer\u00e9taro: \u00bfD\u00f3nde vacunarse? | Nexo Informativo Santiago de Quer\u00e9taro","description":"Aplicadas 196 mil dosis de vacuna contra Influenza en Quer\u00e9taro: \u00bfD\u00f3nde vacunarse?","robots":{"index":"index","follow":"follow","max-snippet":"max-snippet:-1","max-image-preview":"max-image-preview:large","max-video-preview":"max-video-preview:-1"},"canonical":"https:\/\/www.nexoinformativo.mx\/index.php\/2024\/11\/18\/aplicadas-196-mil-dosis-de-vacuna-contra-influenza-en-queretaro-donde-vacunarse\/","og_locale":"es_MX","og_type":"article","og_title":"Aplicadas 196 mil dosis de vacuna contra Influenza en Quer\u00e9taro: \u00bfD\u00f3nde vacunarse? | Nexo Informativo Santiago de Quer\u00e9taro","og_description":"Aplicadas 196 mil dosis de vacuna contra Influenza en Quer\u00e9taro: \u00bfD\u00f3nde vacunarse?","og_url":"https:\/\/www.nexoinformativo.mx\/index.php\/2024\/11\/18\/aplicadas-196-mil-dosis-de-vacuna-contra-influenza-en-queretaro-donde-vacunarse\/","og_site_name":"Nexo Informativo Santiago de Quer\u00e9taro","article_publisher":"https:\/\/www.facebook.com\/people\/Nexo-Informativo\/61564066885511\/","article_published_time":"2024-11-18T13:45:14+00:00","article_modified_time":"2024-11-18T15:40:27+00:00","og_image":[{"width":684,"height":724,"url":"https:\/\/www.nexoinformativo.mx\/wp-content\/uploads\/2024\/11\/PHOTO-2024-11-18-08-34-07.jpg","type":"image\/jpeg"}],"author":"Nexo Informativo","twitter_card":"summary_large_image","twitter_misc":{"Escrito por":"Nexo Informativo","Tiempo de lectura":"3 minutos"},"schema":{"@context":"https:\/\/schema.org","@graph":[{"@type":"Article","@id":"https:\/\/www.nexoinformativo.mx\/index.php\/2024\/11\/18\/aplicadas-196-mil-dosis-de-vacuna-contra-influenza-en-queretaro-donde-vacunarse\/#article","isPartOf":{"@id":"https:\/\/www.nexoinformativo.mx\/index.php\/2024\/11\/18\/aplicadas-196-mil-dosis-de-vacuna-contra-influenza-en-queretaro-donde-vacunarse\/"},"author":{"name":"Nexo Informativo","@id":"https:\/\/www.nexoinformativo.mx\/#\/schema\/person\/7749d380ba08c8ca00d7bc76fd907b7d"},"headline":"Aplicadas 196 mil dosis de vacuna contra Influenza en Quer\u00e9taro: \u00bfD\u00f3nde vacunarse?","datePublished":"2024-11-18T13:45:14+00:00","dateModified":"2024-11-18T15:40:27+00:00","mainEntityOfPage":{"@id":"https:\/\/www.nexoinformativo.mx\/index.php\/2024\/11\/18\/aplicadas-196-mil-dosis-de-vacuna-contra-influenza-en-queretaro-donde-vacunarse\/"},"wordCount":424,"commentCount":0,"publisher":{"@id":"https:\/\/www.nexoinformativo.mx\/#organization"},"image":{"@id":"https:\/\/www.nexoinformativo.mx\/index.php\/2024\/11\/18\/aplicadas-196-mil-dosis-de-vacuna-contra-influenza-en-queretaro-donde-vacunarse\/#primaryimage"},"thumbnailUrl":"https:\/\/www.nexoinformativo.mx\/wp-content\/uploads\/2024\/11\/PHOTO-2024-11-18-08-34-07.jpg","keywords":["Influenza","Prevenci\u00f3n","SaludP\u00fablica","Vacunaci\u00f3nQuer\u00e9taro"],"articleSection":["Estado","\u00daltima Hora"],"inLanguage":"es","potentialAction":[{"@type":"CommentAction","name":"Comment","target":["https:\/\/www.nexoinformativo.mx\/index.php\/2024\/11\/18\/aplicadas-196-mil-dosis-de-vacuna-contra-influenza-en-queretaro-donde-vacunarse\/#respond"]}]},{"@type":"WebPage","@id":"https:\/\/www.nexoinformativo.mx\/index.php\/2024\/11\/18\/aplicadas-196-mil-dosis-de-vacuna-contra-influenza-en-queretaro-donde-vacunarse\/","url":"https:\/\/www.nexoinformativo.mx\/index.php\/2024\/11\/18\/aplicadas-196-mil-dosis-de-vacuna-contra-influenza-en-queretaro-donde-vacunarse\/","name":"Aplicadas 196 mil dosis de vacuna contra Influenza en Quer\u00e9taro: \u00bfD\u00f3nde vacunarse? | Nexo Informativo Santiago de Quer\u00e9taro","isPartOf":{"@id":"https:\/\/www.nexoinformativo.mx\/#website"},"primaryImageOfPage":{"@id":"https:\/\/www.nexoinformativo.mx\/index.php\/2024\/11\/18\/aplicadas-196-mil-dosis-de-vacuna-contra-influenza-en-queretaro-donde-vacunarse\/#primaryimage"},"image":{"@id":"https:\/\/www.nexoinformativo.mx\/index.php\/2024\/11\/18\/aplicadas-196-mil-dosis-de-vacuna-contra-influenza-en-queretaro-donde-vacunarse\/#primaryimage"},"thumbnailUrl":"https:\/\/www.nexoinformativo.mx\/wp-content\/uploads\/2024\/11\/PHOTO-2024-11-18-08-34-07.jpg","datePublished":"2024-11-18T13:45:14+00:00","dateModified":"2024-11-18T15:40:27+00:00","description":"Aplicadas 196 mil dosis de vacuna contra Influenza en Quer\u00e9taro: \u00bfD\u00f3nde vacunarse?","breadcrumb":{"@id":"https:\/\/www.nexoinformativo.mx\/index.php\/2024\/11\/18\/aplicadas-196-mil-dosis-de-vacuna-contra-influenza-en-queretaro-donde-vacunarse\/#breadcrumb"},"inLanguage":"es","potentialAction":[{"@type":"ReadAction","target":["https:\/\/www.nexoinformativo.mx\/index.php\/2024\/11\/18\/aplicadas-196-mil-dosis-de-vacuna-contra-influenza-en-queretaro-donde-vacunarse\/"]}]},{"@type":"ImageObject","inLanguage":"es","@id":"https:\/\/www.nexoinformativo.mx\/index.php\/2024\/11\/18\/aplicadas-196-mil-dosis-de-vacuna-contra-influenza-en-queretaro-donde-vacunarse\/#primaryimage","url":"https:\/\/www.nexoinformativo.mx\/wp-content\/uploads\/2024\/11\/PHOTO-2024-11-18-08-34-07.jpg","contentUrl":"https:\/\/www.nexoinformativo.mx\/wp-content\/uploads\/2024\/11\/PHOTO-2024-11-18-08-34-07.jpg","width":684,"height":724},{"@type":"BreadcrumbList","@id":"https:\/\/www.nexoinformativo.mx\/index.php\/2024\/11\/18\/aplicadas-196-mil-dosis-de-vacuna-contra-influenza-en-queretaro-donde-vacunarse\/#breadcrumb","itemListElement":[{"@type":"ListItem","position":1,"name":"Inicio","item":"https:\/\/www.nexoinformativo.mx\/"},{"@type":"ListItem","position":2,"name":"Aplicadas 196 mil dosis de vacuna contra Influenza en Quer\u00e9taro: \u00bfD\u00f3nde vacunarse?"}]},{"@type":"WebSite","@id":"https:\/\/www.nexoinformativo.mx\/#website","url":"https:\/\/www.nexoinformativo.mx\/","name":"Nexo Informativo Santiago de Quer\u00e9taro","description":"Explora NexoInformativo y convi\u00e9rtete en parte de una comunidad que valora el conocimiento y la verdad. Tu nexoinformativo es tu puente hacia una comprensi\u00f3n m\u00e1s profunda del mundo que te rodea.","publisher":{"@id":"https:\/\/www.nexoinformativo.mx\/#organization"},"potentialAction":[{"@type":"SearchAction","target":{"@type":"EntryPoint","urlTemplate":"https:\/\/www.nexoinformativo.mx\/?s={search_term_string}"},"query-input":{"@type":"PropertyValueSpecification","valueRequired":true,"valueName":"search_term_string"}}],"inLanguage":"es"},{"@type":"Organization","@id":"https:\/\/www.nexoinformativo.mx\/#organization","name":"Nexo Informativo Santiago de Quer\u00e9taro","url":"https:\/\/www.nexoinformativo.mx\/","logo":{"@type":"ImageObject","inLanguage":"es","@id":"https:\/\/www.nexoinformativo.mx\/#\/schema\/logo\/image\/","url":"https:\/\/www.nexoinformativo.mx\/wp-content\/uploads\/2024\/07\/nexoi-trasparente-2.png","contentUrl":"https:\/\/www.nexoinformativo.mx\/wp-content\/uploads\/2024\/07\/nexoi-trasparente-2.png","width":816,"height":339,"caption":"Nexo Informativo Santiago de Quer\u00e9taro"},"image":{"@id":"https:\/\/www.nexoinformativo.mx\/#\/schema\/logo\/image\/"},"sameAs":["https:\/\/www.facebook.com\/people\/Nexo-Informativo\/61564066885511\/"]},{"@type":"Person","@id":"https:\/\/www.nexoinformativo.mx\/#\/schema\/person\/7749d380ba08c8ca00d7bc76fd907b7d","name":"Nexo Informativo","image":{"@type":"ImageObject","inLanguage":"es","@id":"https:\/\/www.nexoinformativo.mx\/#\/schema\/person\/image\/","url":"https:\/\/secure.gravatar.com\/avatar\/dde2928154642a13d95f87ddf1ea9718fe2b46760a005c53e41ff5ad610704e6?s=96&d=mm&r=g","contentUrl":"https:\/\/secure.gravatar.com\/avatar\/dde2928154642a13d95f87ddf1ea9718fe2b46760a005c53e41ff5ad610704e6?s=96&d=mm&r=g","caption":"Nexo Informativo"},"url":"https:\/\/www.nexoinformativo.mx\/index.php\/author\/edicion\/"}]}},"_links":{"self":[{"href":"https:\/\/www.nexoinformativo.mx\/index.php\/wp-json\/wp\/v2\/posts\/6280","targetHints":{"allow":["GET"]}}],"collection":[{"href":"https:\/\/www.nexoinformativo.mx\/index.php\/wp-json\/wp\/v2\/posts"}],"about":[{"href":"https:\/\/www.nexoinformativo.mx\/index.php\/wp-json\/wp\/v2\/types\/post"}],"author":[{"embeddable":true,"href":"https:\/\/www.nexoinformativo.mx\/index.php\/wp-json\/wp\/v2\/users\/3"}],"replies":[{"embeddable":true,"href":"https:\/\/www.nexoinformativo.mx\/index.php\/wp-json\/wp\/v2\/comments?post=6280"}],"version-history":[{"count":4,"href":"https:\/\/www.nexoinformativo.mx\/index.php\/wp-json\/wp\/v2\/posts\/6280\/revisions"}],"predecessor-version":[{"id":6286,"href":"https:\/\/www.nexoinformativo.mx\/index.php\/wp-json\/wp\/v2\/posts\/6280\/revisions\/6286"}],"wp:featuredmedia":[{"embeddable":true,"href":"https:\/\/www.nexoinformativo.mx\/index.php\/wp-json\/wp\/v2\/media\/6281"}],"wp:attachment":[{"href":"https:\/\/www.nexoinformativo.mx\/index.php\/wp-json\/wp\/v2\/media?parent=6280"}],"wp:term":[{"taxonomy":"category","embeddable":true,"href":"https:\/\/www.nexoinformativo.mx\/index.php\/wp-json\/wp\/v2\/categories?post=6280"},{"taxonomy":"post_tag","embeddable":true,"href":"https:\/\/www.nexoinformativo.mx\/index.php\/wp-json\/wp\/v2\/tags?post=6280"}],"curies":[{"name":"wp","href":"https:\/\/api.w.org\/{rel}","templated":true}]}}