{"id":6287,"date":"2024-11-18T08:15:39","date_gmt":"2024-11-18T14:15:39","guid":{"rendered":"https:\/\/www.nexoinformativo.mx\/?p=6287"},"modified":"2024-11-18T09:52:35","modified_gmt":"2024-11-18T15:52:35","slug":"policia-asegura-2-motocicletas-por-exceso-de-velocidad-en-la-madrugada-de-hoy","status":"publish","type":"post","link":"https:\/\/www.nexoinformativo.mx\/index.php\/2024\/11\/18\/policia-asegura-2-motocicletas-por-exceso-de-velocidad-en-la-madrugada-de-hoy\/","title":{"rendered":"Polic\u00eda asegura 2 motocicletas por exceso de velocidad en la madrugada de hoy"},"content":{"rendered":"<p style=\"text-align: justify;\">Hoy por la madrugada, elementos de la corporaci\u00f3n aseguraron dos motocicletas que eran conducidas en exceso de velocidad y sin las medidas de seguridad necesarias. Estos veh\u00edculos fueron puestos a disposici\u00f3n de la autoridad competente bajo el reglamento de tr\u00e1nsito.<\/p>\n<p>&nbsp;<\/p>\n<p style=\"text-align: justify;\">Se hace un llamado a la poblaci\u00f3n en general a respetar los l\u00edmites de velocidad, respetar los pasos peatonales, evitar el ruido excesivo del escape de sus veh\u00edculos y usar casco protector al conducir motocicletas o cuatrimotos.<\/p>\n<p>&nbsp;<\/p>\n<p><strong>N\u00fameros de emergencia<\/strong><\/p>\n<p>Para reportar cualquier incidente, los ciudadanos pueden utilizar los siguientes n\u00fameros de emergencia:<\/p>\n<p>&nbsp;<\/p>\n<ul>\n<li>L\u00ednea \u00fanica de emergencias: 9-1-1<\/li>\n<li>Seguridad P\u00fablica WhatsApp: 44 11303536<\/li>\n<\/ul>\n<p>&nbsp;<\/p>\n<p style=\"text-align: center;\"><em><strong>\u00a1Informaci\u00f3n que transforma!<\/strong><\/em><\/p>\n","protected":false},"excerpt":{"rendered":"<p>Hoy por la madrugada, elementos de la corporaci\u00f3n aseguraron dos motocicletas que eran conducidas en exceso de velocidad y sin las medidas de seguridad necesarias.<\/p>\n","protected":false},"author":3,"featured_media":6288,"comment_status":"open","ping_status":"open","sticky":false,"template":"","format":"standard","meta":{"footnotes":""},"categories":[137,58],"tags":[717,151,602,2134],"class_list":["post-6287","post","type-post","status-publish","format-standard","has-post-thumbnail","hentry","category-sucesos","category-ultima-hora","tag-emergencias","tag-seguridadvial","tag-transitoseguro","tag-usodecasco"],"yoast_head":"<!-- This site is optimized with the Yoast SEO plugin v25.0 - https:\/\/yoast.com\/wordpress\/plugins\/seo\/ -->\n<title>Polic\u00eda asegura 2 motocicletas por exceso de velocidad en la madrugada de hoy | Nexo Informativo Santiago de Quer\u00e9taro<\/title>\n<meta name=\"description\" content=\"Polic\u00eda asegura 2 motocicletas por exceso de velocidad en la madrugada de hoy\" \/>\n<meta name=\"robots\" content=\"index, follow, max-snippet:-1, max-image-preview:large, max-video-preview:-1\" \/>\n<link rel=\"canonical\" href=\"https:\/\/www.nexoinformativo.mx\/index.php\/2024\/11\/18\/policia-asegura-2-motocicletas-por-exceso-de-velocidad-en-la-madrugada-de-hoy\/\" \/>\n<meta property=\"og:locale\" content=\"es_MX\" \/>\n<meta property=\"og:type\" content=\"article\" \/>\n<meta property=\"og:title\" content=\"Polic\u00eda asegura 2 motocicletas por exceso de velocidad en la madrugada de hoy | Nexo Informativo Santiago de Quer\u00e9taro\" \/>\n<meta property=\"og:description\" content=\"Polic\u00eda asegura 2 motocicletas por exceso de velocidad en la madrugada de hoy\" \/>\n<meta property=\"og:url\" content=\"https:\/\/www.nexoinformativo.mx\/index.php\/2024\/11\/18\/policia-asegura-2-motocicletas-por-exceso-de-velocidad-en-la-madrugada-de-hoy\/\" \/>\n<meta property=\"og:site_name\" content=\"Nexo Informativo Santiago de Quer\u00e9taro\" \/>\n<meta property=\"article:publisher\" content=\"https:\/\/www.facebook.com\/people\/Nexo-Informativo\/61564066885511\/\" \/>\n<meta property=\"article:published_time\" content=\"2024-11-18T14:15:39+00:00\" \/>\n<meta property=\"article:modified_time\" content=\"2024-11-18T15:52:35+00:00\" \/>\n<meta property=\"og:image\" content=\"https:\/\/www.nexoinformativo.mx\/wp-content\/uploads\/2024\/11\/PHOTO-2024-11-18-08-58-27-e1731944567170.jpg\" \/>\n\t<meta property=\"og:image:width\" content=\"700\" \/>\n\t<meta property=\"og:image:height\" content=\"875\" \/>\n\t<meta property=\"og:image:type\" content=\"image\/jpeg\" \/>\n<meta name=\"author\" content=\"Nexo Informativo\" \/>\n<meta name=\"twitter:card\" content=\"summary_large_image\" \/>\n<meta name=\"twitter:label1\" content=\"Escrito por\" \/>\n\t<meta name=\"twitter:data1\" content=\"Nexo Informativo\" \/>\n\t<meta name=\"twitter:label2\" content=\"Tiempo de lectura\" \/>\n\t<meta name=\"twitter:data2\" content=\"1 minuto\" \/>\n<script type=\"application\/ld+json\" class=\"yoast-schema-graph\">{\"@context\":\"https:\/\/schema.org\",\"@graph\":[{\"@type\":\"Article\",\"@id\":\"https:\/\/www.nexoinformativo.mx\/index.php\/2024\/11\/18\/policia-asegura-2-motocicletas-por-exceso-de-velocidad-en-la-madrugada-de-hoy\/#article\",\"isPartOf\":{\"@id\":\"https:\/\/www.nexoinformativo.mx\/index.php\/2024\/11\/18\/policia-asegura-2-motocicletas-por-exceso-de-velocidad-en-la-madrugada-de-hoy\/\"},\"author\":{\"name\":\"Nexo Informativo\",\"@id\":\"https:\/\/www.nexoinformativo.mx\/#\/schema\/person\/7749d380ba08c8ca00d7bc76fd907b7d\"},\"headline\":\"Polic\u00eda asegura 2 motocicletas por exceso de velocidad en la madrugada de hoy\",\"datePublished\":\"2024-11-18T14:15:39+00:00\",\"dateModified\":\"2024-11-18T15:52:35+00:00\",\"mainEntityOfPage\":{\"@id\":\"https:\/\/www.nexoinformativo.mx\/index.php\/2024\/11\/18\/policia-asegura-2-motocicletas-por-exceso-de-velocidad-en-la-madrugada-de-hoy\/\"},\"wordCount\":134,\"commentCount\":0,\"publisher\":{\"@id\":\"https:\/\/www.nexoinformativo.mx\/#organization\"},\"image\":{\"@id\":\"https:\/\/www.nexoinformativo.mx\/index.php\/2024\/11\/18\/policia-asegura-2-motocicletas-por-exceso-de-velocidad-en-la-madrugada-de-hoy\/#primaryimage\"},\"thumbnailUrl\":\"https:\/\/www.nexoinformativo.mx\/wp-content\/uploads\/2024\/11\/PHOTO-2024-11-18-08-58-27-e1731944567170.jpg\",\"keywords\":[\"Emergencias\",\"seguridadvial\",\"TransitoSeguro\",\"UsoDeCasco\"],\"articleSection\":[\"Sucesos\",\"\u00daltima Hora\"],\"inLanguage\":\"es\",\"potentialAction\":[{\"@type\":\"CommentAction\",\"name\":\"Comment\",\"target\":[\"https:\/\/www.nexoinformativo.mx\/index.php\/2024\/11\/18\/policia-asegura-2-motocicletas-por-exceso-de-velocidad-en-la-madrugada-de-hoy\/#respond\"]}]},{\"@type\":\"WebPage\",\"@id\":\"https:\/\/www.nexoinformativo.mx\/index.php\/2024\/11\/18\/policia-asegura-2-motocicletas-por-exceso-de-velocidad-en-la-madrugada-de-hoy\/\",\"url\":\"https:\/\/www.nexoinformativo.mx\/index.php\/2024\/11\/18\/policia-asegura-2-motocicletas-por-exceso-de-velocidad-en-la-madrugada-de-hoy\/\",\"name\":\"Polic\u00eda asegura 2 motocicletas por exceso de velocidad en la madrugada de hoy | Nexo Informativo Santiago de Quer\u00e9taro\",\"isPartOf\":{\"@id\":\"https:\/\/www.nexoinformativo.mx\/#website\"},\"primaryImageOfPage\":{\"@id\":\"https:\/\/www.nexoinformativo.mx\/index.php\/2024\/11\/18\/policia-asegura-2-motocicletas-por-exceso-de-velocidad-en-la-madrugada-de-hoy\/#primaryimage\"},\"image\":{\"@id\":\"https:\/\/www.nexoinformativo.mx\/index.php\/2024\/11\/18\/policia-asegura-2-motocicletas-por-exceso-de-velocidad-en-la-madrugada-de-hoy\/#primaryimage\"},\"thumbnailUrl\":\"https:\/\/www.nexoinformativo.mx\/wp-content\/uploads\/2024\/11\/PHOTO-2024-11-18-08-58-27-e1731944567170.jpg\",\"datePublished\":\"2024-11-18T14:15:39+00:00\",\"dateModified\":\"2024-11-18T15:52:35+00:00\",\"description\":\"Polic\u00eda asegura 2 motocicletas por exceso de velocidad en la madrugada de hoy\",\"breadcrumb\":{\"@id\":\"https:\/\/www.nexoinformativo.mx\/index.php\/2024\/11\/18\/policia-asegura-2-motocicletas-por-exceso-de-velocidad-en-la-madrugada-de-hoy\/#breadcrumb\"},\"inLanguage\":\"es\",\"potentialAction\":[{\"@type\":\"ReadAction\",\"target\":[\"https:\/\/www.nexoinformativo.mx\/index.php\/2024\/11\/18\/policia-asegura-2-motocicletas-por-exceso-de-velocidad-en-la-madrugada-de-hoy\/\"]}]},{\"@type\":\"ImageObject\",\"inLanguage\":\"es\",\"@id\":\"https:\/\/www.nexoinformativo.mx\/index.php\/2024\/11\/18\/policia-asegura-2-motocicletas-por-exceso-de-velocidad-en-la-madrugada-de-hoy\/#primaryimage\",\"url\":\"https:\/\/www.nexoinformativo.mx\/wp-content\/uploads\/2024\/11\/PHOTO-2024-11-18-08-58-27-e1731944567170.jpg\",\"contentUrl\":\"https:\/\/www.nexoinformativo.mx\/wp-content\/uploads\/2024\/11\/PHOTO-2024-11-18-08-58-27-e1731944567170.jpg\",\"width\":700,\"height\":875},{\"@type\":\"BreadcrumbList\",\"@id\":\"https:\/\/www.nexoinformativo.mx\/index.php\/2024\/11\/18\/policia-asegura-2-motocicletas-por-exceso-de-velocidad-en-la-madrugada-de-hoy\/#breadcrumb\",\"itemListElement\":[{\"@type\":\"ListItem\",\"position\":1,\"name\":\"Inicio\",\"item\":\"https:\/\/www.nexoinformativo.mx\/\"},{\"@type\":\"ListItem\",\"position\":2,\"name\":\"Polic\u00eda asegura 2 motocicletas por exceso de velocidad en la madrugada de hoy\"}]},{\"@type\":\"WebSite\",\"@id\":\"https:\/\/www.nexoinformativo.mx\/#website\",\"url\":\"https:\/\/www.nexoinformativo.mx\/\",\"name\":\"Nexo Informativo Santiago de Quer\u00e9taro\",\"description\":\"Explora NexoInformativo y convi\u00e9rtete en parte de una comunidad que valora el conocimiento y la verdad. Tu nexoinformativo es tu puente hacia una comprensi\u00f3n m\u00e1s profunda del mundo que te rodea.\",\"publisher\":{\"@id\":\"https:\/\/www.nexoinformativo.mx\/#organization\"},\"potentialAction\":[{\"@type\":\"SearchAction\",\"target\":{\"@type\":\"EntryPoint\",\"urlTemplate\":\"https:\/\/www.nexoinformativo.mx\/?s={search_term_string}\"},\"query-input\":{\"@type\":\"PropertyValueSpecification\",\"valueRequired\":true,\"valueName\":\"search_term_string\"}}],\"inLanguage\":\"es\"},{\"@type\":\"Organization\",\"@id\":\"https:\/\/www.nexoinformativo.mx\/#organization\",\"name\":\"Nexo Informativo Santiago de Quer\u00e9taro\",\"url\":\"https:\/\/www.nexoinformativo.mx\/\",\"logo\":{\"@type\":\"ImageObject\",\"inLanguage\":\"es\",\"@id\":\"https:\/\/www.nexoinformativo.mx\/#\/schema\/logo\/image\/\",\"url\":\"https:\/\/www.nexoinformativo.mx\/wp-content\/uploads\/2024\/07\/nexoi-trasparente-2.png\",\"contentUrl\":\"https:\/\/www.nexoinformativo.mx\/wp-content\/uploads\/2024\/07\/nexoi-trasparente-2.png\",\"width\":816,\"height\":339,\"caption\":\"Nexo Informativo Santiago de Quer\u00e9taro\"},\"image\":{\"@id\":\"https:\/\/www.nexoinformativo.mx\/#\/schema\/logo\/image\/\"},\"sameAs\":[\"https:\/\/www.facebook.com\/people\/Nexo-Informativo\/61564066885511\/\"]},{\"@type\":\"Person\",\"@id\":\"https:\/\/www.nexoinformativo.mx\/#\/schema\/person\/7749d380ba08c8ca00d7bc76fd907b7d\",\"name\":\"Nexo Informativo\",\"image\":{\"@type\":\"ImageObject\",\"inLanguage\":\"es\",\"@id\":\"https:\/\/www.nexoinformativo.mx\/#\/schema\/person\/image\/\",\"url\":\"https:\/\/secure.gravatar.com\/avatar\/dde2928154642a13d95f87ddf1ea9718fe2b46760a005c53e41ff5ad610704e6?s=96&d=mm&r=g\",\"contentUrl\":\"https:\/\/secure.gravatar.com\/avatar\/dde2928154642a13d95f87ddf1ea9718fe2b46760a005c53e41ff5ad610704e6?s=96&d=mm&r=g\",\"caption\":\"Nexo Informativo\"},\"url\":\"https:\/\/www.nexoinformativo.mx\/index.php\/author\/edicion\/\"}]}<\/script>\n<!-- \/ Yoast SEO plugin. -->","yoast_head_json":{"title":"Polic\u00eda asegura 2 motocicletas por exceso de velocidad en la madrugada de hoy | Nexo Informativo Santiago de Quer\u00e9taro","description":"Polic\u00eda asegura 2 motocicletas por exceso de velocidad en la madrugada de hoy","robots":{"index":"index","follow":"follow","max-snippet":"max-snippet:-1","max-image-preview":"max-image-preview:large","max-video-preview":"max-video-preview:-1"},"canonical":"https:\/\/www.nexoinformativo.mx\/index.php\/2024\/11\/18\/policia-asegura-2-motocicletas-por-exceso-de-velocidad-en-la-madrugada-de-hoy\/","og_locale":"es_MX","og_type":"article","og_title":"Polic\u00eda asegura 2 motocicletas por exceso de velocidad en la madrugada de hoy | Nexo Informativo Santiago de Quer\u00e9taro","og_description":"Polic\u00eda asegura 2 motocicletas por exceso de velocidad en la madrugada de hoy","og_url":"https:\/\/www.nexoinformativo.mx\/index.php\/2024\/11\/18\/policia-asegura-2-motocicletas-por-exceso-de-velocidad-en-la-madrugada-de-hoy\/","og_site_name":"Nexo Informativo Santiago de Quer\u00e9taro","article_publisher":"https:\/\/www.facebook.com\/people\/Nexo-Informativo\/61564066885511\/","article_published_time":"2024-11-18T14:15:39+00:00","article_modified_time":"2024-11-18T15:52:35+00:00","og_image":[{"width":700,"height":875,"url":"https:\/\/www.nexoinformativo.mx\/wp-content\/uploads\/2024\/11\/PHOTO-2024-11-18-08-58-27-e1731944567170.jpg","type":"image\/jpeg"}],"author":"Nexo Informativo","twitter_card":"summary_large_image","twitter_misc":{"Escrito por":"Nexo Informativo","Tiempo de lectura":"1 minuto"},"schema":{"@context":"https:\/\/schema.org","@graph":[{"@type":"Article","@id":"https:\/\/www.nexoinformativo.mx\/index.php\/2024\/11\/18\/policia-asegura-2-motocicletas-por-exceso-de-velocidad-en-la-madrugada-de-hoy\/#article","isPartOf":{"@id":"https:\/\/www.nexoinformativo.mx\/index.php\/2024\/11\/18\/policia-asegura-2-motocicletas-por-exceso-de-velocidad-en-la-madrugada-de-hoy\/"},"author":{"name":"Nexo Informativo","@id":"https:\/\/www.nexoinformativo.mx\/#\/schema\/person\/7749d380ba08c8ca00d7bc76fd907b7d"},"headline":"Polic\u00eda asegura 2 motocicletas por exceso de velocidad en la madrugada de hoy","datePublished":"2024-11-18T14:15:39+00:00","dateModified":"2024-11-18T15:52:35+00:00","mainEntityOfPage":{"@id":"https:\/\/www.nexoinformativo.mx\/index.php\/2024\/11\/18\/policia-asegura-2-motocicletas-por-exceso-de-velocidad-en-la-madrugada-de-hoy\/"},"wordCount":134,"commentCount":0,"publisher":{"@id":"https:\/\/www.nexoinformativo.mx\/#organization"},"image":{"@id":"https:\/\/www.nexoinformativo.mx\/index.php\/2024\/11\/18\/policia-asegura-2-motocicletas-por-exceso-de-velocidad-en-la-madrugada-de-hoy\/#primaryimage"},"thumbnailUrl":"https:\/\/www.nexoinformativo.mx\/wp-content\/uploads\/2024\/11\/PHOTO-2024-11-18-08-58-27-e1731944567170.jpg","keywords":["Emergencias","seguridadvial","TransitoSeguro","UsoDeCasco"],"articleSection":["Sucesos","\u00daltima Hora"],"inLanguage":"es","potentialAction":[{"@type":"CommentAction","name":"Comment","target":["https:\/\/www.nexoinformativo.mx\/index.php\/2024\/11\/18\/policia-asegura-2-motocicletas-por-exceso-de-velocidad-en-la-madrugada-de-hoy\/#respond"]}]},{"@type":"WebPage","@id":"https:\/\/www.nexoinformativo.mx\/index.php\/2024\/11\/18\/policia-asegura-2-motocicletas-por-exceso-de-velocidad-en-la-madrugada-de-hoy\/","url":"https:\/\/www.nexoinformativo.mx\/index.php\/2024\/11\/18\/policia-asegura-2-motocicletas-por-exceso-de-velocidad-en-la-madrugada-de-hoy\/","name":"Polic\u00eda asegura 2 motocicletas por exceso de velocidad en la madrugada de hoy | Nexo Informativo Santiago de Quer\u00e9taro","isPartOf":{"@id":"https:\/\/www.nexoinformativo.mx\/#website"},"primaryImageOfPage":{"@id":"https:\/\/www.nexoinformativo.mx\/index.php\/2024\/11\/18\/policia-asegura-2-motocicletas-por-exceso-de-velocidad-en-la-madrugada-de-hoy\/#primaryimage"},"image":{"@id":"https:\/\/www.nexoinformativo.mx\/index.php\/2024\/11\/18\/policia-asegura-2-motocicletas-por-exceso-de-velocidad-en-la-madrugada-de-hoy\/#primaryimage"},"thumbnailUrl":"https:\/\/www.nexoinformativo.mx\/wp-content\/uploads\/2024\/11\/PHOTO-2024-11-18-08-58-27-e1731944567170.jpg","datePublished":"2024-11-18T14:15:39+00:00","dateModified":"2024-11-18T15:52:35+00:00","description":"Polic\u00eda asegura 2 motocicletas por exceso de velocidad en la madrugada de hoy","breadcrumb":{"@id":"https:\/\/www.nexoinformativo.mx\/index.php\/2024\/11\/18\/policia-asegura-2-motocicletas-por-exceso-de-velocidad-en-la-madrugada-de-hoy\/#breadcrumb"},"inLanguage":"es","potentialAction":[{"@type":"ReadAction","target":["https:\/\/www.nexoinformativo.mx\/index.php\/2024\/11\/18\/policia-asegura-2-motocicletas-por-exceso-de-velocidad-en-la-madrugada-de-hoy\/"]}]},{"@type":"ImageObject","inLanguage":"es","@id":"https:\/\/www.nexoinformativo.mx\/index.php\/2024\/11\/18\/policia-asegura-2-motocicletas-por-exceso-de-velocidad-en-la-madrugada-de-hoy\/#primaryimage","url":"https:\/\/www.nexoinformativo.mx\/wp-content\/uploads\/2024\/11\/PHOTO-2024-11-18-08-58-27-e1731944567170.jpg","contentUrl":"https:\/\/www.nexoinformativo.mx\/wp-content\/uploads\/2024\/11\/PHOTO-2024-11-18-08-58-27-e1731944567170.jpg","width":700,"height":875},{"@type":"BreadcrumbList","@id":"https:\/\/www.nexoinformativo.mx\/index.php\/2024\/11\/18\/policia-asegura-2-motocicletas-por-exceso-de-velocidad-en-la-madrugada-de-hoy\/#breadcrumb","itemListElement":[{"@type":"ListItem","position":1,"name":"Inicio","item":"https:\/\/www.nexoinformativo.mx\/"},{"@type":"ListItem","position":2,"name":"Polic\u00eda asegura 2 motocicletas por exceso de velocidad en la madrugada de hoy"}]},{"@type":"WebSite","@id":"https:\/\/www.nexoinformativo.mx\/#website","url":"https:\/\/www.nexoinformativo.mx\/","name":"Nexo Informativo Santiago de Quer\u00e9taro","description":"Explora NexoInformativo y convi\u00e9rtete en parte de una comunidad que valora el conocimiento y la verdad. Tu nexoinformativo es tu puente hacia una comprensi\u00f3n m\u00e1s profunda del mundo que te rodea.","publisher":{"@id":"https:\/\/www.nexoinformativo.mx\/#organization"},"potentialAction":[{"@type":"SearchAction","target":{"@type":"EntryPoint","urlTemplate":"https:\/\/www.nexoinformativo.mx\/?s={search_term_string}"},"query-input":{"@type":"PropertyValueSpecification","valueRequired":true,"valueName":"search_term_string"}}],"inLanguage":"es"},{"@type":"Organization","@id":"https:\/\/www.nexoinformativo.mx\/#organization","name":"Nexo Informativo Santiago de Quer\u00e9taro","url":"https:\/\/www.nexoinformativo.mx\/","logo":{"@type":"ImageObject","inLanguage":"es","@id":"https:\/\/www.nexoinformativo.mx\/#\/schema\/logo\/image\/","url":"https:\/\/www.nexoinformativo.mx\/wp-content\/uploads\/2024\/07\/nexoi-trasparente-2.png","contentUrl":"https:\/\/www.nexoinformativo.mx\/wp-content\/uploads\/2024\/07\/nexoi-trasparente-2.png","width":816,"height":339,"caption":"Nexo Informativo Santiago de Quer\u00e9taro"},"image":{"@id":"https:\/\/www.nexoinformativo.mx\/#\/schema\/logo\/image\/"},"sameAs":["https:\/\/www.facebook.com\/people\/Nexo-Informativo\/61564066885511\/"]},{"@type":"Person","@id":"https:\/\/www.nexoinformativo.mx\/#\/schema\/person\/7749d380ba08c8ca00d7bc76fd907b7d","name":"Nexo Informativo","image":{"@type":"ImageObject","inLanguage":"es","@id":"https:\/\/www.nexoinformativo.mx\/#\/schema\/person\/image\/","url":"https:\/\/secure.gravatar.com\/avatar\/dde2928154642a13d95f87ddf1ea9718fe2b46760a005c53e41ff5ad610704e6?s=96&d=mm&r=g","contentUrl":"https:\/\/secure.gravatar.com\/avatar\/dde2928154642a13d95f87ddf1ea9718fe2b46760a005c53e41ff5ad610704e6?s=96&d=mm&r=g","caption":"Nexo Informativo"},"url":"https:\/\/www.nexoinformativo.mx\/index.php\/author\/edicion\/"}]}},"_links":{"self":[{"href":"https:\/\/www.nexoinformativo.mx\/index.php\/wp-json\/wp\/v2\/posts\/6287","targetHints":{"allow":["GET"]}}],"collection":[{"href":"https:\/\/www.nexoinformativo.mx\/index.php\/wp-json\/wp\/v2\/posts"}],"about":[{"href":"https:\/\/www.nexoinformativo.mx\/index.php\/wp-json\/wp\/v2\/types\/post"}],"author":[{"embeddable":true,"href":"https:\/\/www.nexoinformativo.mx\/index.php\/wp-json\/wp\/v2\/users\/3"}],"replies":[{"embeddable":true,"href":"https:\/\/www.nexoinformativo.mx\/index.php\/wp-json\/wp\/v2\/comments?post=6287"}],"version-history":[{"count":6,"href":"https:\/\/www.nexoinformativo.mx\/index.php\/wp-json\/wp\/v2\/posts\/6287\/revisions"}],"predecessor-version":[{"id":6290,"href":"https:\/\/www.nexoinformativo.mx\/index.php\/wp-json\/wp\/v2\/posts\/6287\/revisions\/6290"}],"wp:featuredmedia":[{"embeddable":true,"href":"https:\/\/www.nexoinformativo.mx\/index.php\/wp-json\/wp\/v2\/media\/6288"}],"wp:attachment":[{"href":"https:\/\/www.nexoinformativo.mx\/index.php\/wp-json\/wp\/v2\/media?parent=6287"}],"wp:term":[{"taxonomy":"category","embeddable":true,"href":"https:\/\/www.nexoinformativo.mx\/index.php\/wp-json\/wp\/v2\/categories?post=6287"},{"taxonomy":"post_tag","embeddable":true,"href":"https:\/\/www.nexoinformativo.mx\/index.php\/wp-json\/wp\/v2\/tags?post=6287"}],"curies":[{"name":"wp","href":"https:\/\/api.w.org\/{rel}","templated":true}]}}