{"id":6295,"date":"2024-11-18T08:30:54","date_gmt":"2024-11-18T14:30:54","guid":{"rendered":"https:\/\/www.nexoinformativo.mx\/?p=6295"},"modified":"2024-11-18T09:58:53","modified_gmt":"2024-11-18T15:58:53","slug":"operativo-interinstitucional-comprometidos-con-la-seguridad-en-ezequiel-montes","status":"publish","type":"post","link":"https:\/\/www.nexoinformativo.mx\/index.php\/2024\/11\/18\/operativo-interinstitucional-comprometidos-con-la-seguridad-en-ezequiel-montes\/","title":{"rendered":"Operativo interinstitucional: Comprometidos con la seguridad en Ezequiel Montes"},"content":{"rendered":"<p style=\"text-align: justify;\">En respuesta a los recientes hechos ocurridos en la capital del estado y en cumplimiento de las normativas de seguridad p\u00fablica, la Direcci\u00f3n de Seguridad P\u00fablica, Polic\u00eda de Proximidad y Tr\u00e1nsito Municipal de Ezequiel Montes implement\u00f3 un Operativo Interinstitucional de Seguridad y Vigilancia. El objetivo es reforzar la protecci\u00f3n de la ciudadan\u00eda y prevenir situaciones que pongan en riesgo la integridad de los habitantes.<\/p>\n<p>&nbsp;<\/p>\n<p style=\"text-align: justify;\">El operativo se llev\u00f3 a cabo en Barrio Nuevo Bernal y zonas aleda\u00f1as, bajo la direcci\u00f3n del Director de Seguridad P\u00fablica. Participaron 21 elementos municipales con 2 unidades de patrullaje, 5 elementos del Ej\u00e9rcito Mexicano, 4 inspectores de comercio y 4 elementos de Protecci\u00f3n Civil. Como resultado, se clausuraron dos establecimientos por incumplimiento de normativas vigentes:<\/p>\n<p>&nbsp;<\/p>\n<ol style=\"text-align: justify;\" start=\"1\">\n<li><strong>Cantaritos el Prieto<\/strong> en calle Jos\u00e9 Mar\u00eda Morelos y Pav\u00f3n, Zona Centro, verificando la seguridad de aproximadamente 100 personas.<\/li>\n<li><strong>La Palapa<\/strong> en calle Benito Ju\u00e1rez, Barrio Los Palacios, inspeccionando aproximadamente 12 personas.<\/li>\n<\/ol>\n<p>&nbsp;<\/p>\n<p style=\"text-align: justify;\">Estas acciones reflejan el compromiso continuo del gobierno municipal de Ezequiel Montes para fortalecer la seguridad en todo el municipio. Se agradece la colaboraci\u00f3n de las instituciones involucradas y se hace un llamado a la ciudadan\u00eda a seguir sumando esfuerzos para mantener la paz y tranquilidad caracter\u00edsticas de la localidad.<\/p>\n<p>&nbsp;<\/p>\n<p style=\"text-align: center;\"><em><strong>\u00a1Informaci\u00f3n que transforma!<\/strong><\/em><\/p>\n","protected":false},"excerpt":{"rendered":"<p>En respuesta a los recientes hechos ocurridos en la capital del estado y en cumplimiento de las normativas de seguridad p\u00fablica, la Direcci\u00f3n de Seguridad P\u00fablica, Polic\u00eda de Proximidad y Tr\u00e1nsito Municipal de Ezequiel Montes implement\u00f3 un Operativo Interinstitucional de Seguridad y Vigilancia.<\/p>\n","protected":false},"author":3,"featured_media":6296,"comment_status":"open","ping_status":"open","sticky":false,"template":"","format":"standard","meta":{"footnotes":""},"categories":[65,58],"tags":[2137,2136,447,2135],"class_list":["post-6295","post","type-post","status-publish","format-standard","has-post-thumbnail","hentry","category-municipios","category-ultima-hora","tag-compromisomunicipal","tag-operativointerinstitucional","tag-proteccionciudadana","tag-seguridadezequielmontes"],"yoast_head":"<!-- This site is optimized with the Yoast SEO plugin v25.0 - https:\/\/yoast.com\/wordpress\/plugins\/seo\/ -->\n<title>Operativo interinstitucional: Comprometidos con la seguridad en Ezequiel Montes | Nexo Informativo Santiago de Quer\u00e9taro<\/title>\n<meta name=\"description\" content=\"Operativo interinstitucional: Comprometidos con la seguridad en Ezequiel Montes\" \/>\n<meta name=\"robots\" content=\"index, follow, max-snippet:-1, max-image-preview:large, max-video-preview:-1\" \/>\n<link rel=\"canonical\" href=\"https:\/\/www.nexoinformativo.mx\/index.php\/2024\/11\/18\/operativo-interinstitucional-comprometidos-con-la-seguridad-en-ezequiel-montes\/\" \/>\n<meta property=\"og:locale\" content=\"es_MX\" \/>\n<meta property=\"og:type\" content=\"article\" \/>\n<meta property=\"og:title\" content=\"Operativo interinstitucional: Comprometidos con la seguridad en Ezequiel Montes | Nexo Informativo Santiago de Quer\u00e9taro\" \/>\n<meta property=\"og:description\" content=\"Operativo interinstitucional: Comprometidos con la seguridad en Ezequiel Montes\" \/>\n<meta property=\"og:url\" content=\"https:\/\/www.nexoinformativo.mx\/index.php\/2024\/11\/18\/operativo-interinstitucional-comprometidos-con-la-seguridad-en-ezequiel-montes\/\" \/>\n<meta property=\"og:site_name\" content=\"Nexo Informativo Santiago de Quer\u00e9taro\" \/>\n<meta property=\"article:publisher\" content=\"https:\/\/www.facebook.com\/people\/Nexo-Informativo\/61564066885511\/\" \/>\n<meta property=\"article:published_time\" content=\"2024-11-18T14:30:54+00:00\" \/>\n<meta property=\"article:modified_time\" content=\"2024-11-18T15:58:53+00:00\" \/>\n<meta property=\"og:image\" content=\"https:\/\/www.nexoinformativo.mx\/wp-content\/uploads\/2024\/11\/PHOTO-2024-11-18-09-02-17-e1731945434431.jpg\" \/>\n\t<meta property=\"og:image:width\" content=\"600\" \/>\n\t<meta property=\"og:image:height\" content=\"750\" \/>\n\t<meta property=\"og:image:type\" content=\"image\/jpeg\" \/>\n<meta name=\"author\" content=\"Nexo Informativo\" \/>\n<meta name=\"twitter:card\" content=\"summary_large_image\" \/>\n<meta name=\"twitter:label1\" content=\"Escrito por\" \/>\n\t<meta name=\"twitter:data1\" content=\"Nexo Informativo\" \/>\n\t<meta name=\"twitter:label2\" content=\"Tiempo de lectura\" \/>\n\t<meta name=\"twitter:data2\" content=\"2 minutos\" \/>\n<script type=\"application\/ld+json\" class=\"yoast-schema-graph\">{\"@context\":\"https:\/\/schema.org\",\"@graph\":[{\"@type\":\"Article\",\"@id\":\"https:\/\/www.nexoinformativo.mx\/index.php\/2024\/11\/18\/operativo-interinstitucional-comprometidos-con-la-seguridad-en-ezequiel-montes\/#article\",\"isPartOf\":{\"@id\":\"https:\/\/www.nexoinformativo.mx\/index.php\/2024\/11\/18\/operativo-interinstitucional-comprometidos-con-la-seguridad-en-ezequiel-montes\/\"},\"author\":{\"name\":\"Nexo Informativo\",\"@id\":\"https:\/\/www.nexoinformativo.mx\/#\/schema\/person\/7749d380ba08c8ca00d7bc76fd907b7d\"},\"headline\":\"Operativo interinstitucional: Comprometidos con la seguridad en Ezequiel Montes\",\"datePublished\":\"2024-11-18T14:30:54+00:00\",\"dateModified\":\"2024-11-18T15:58:53+00:00\",\"mainEntityOfPage\":{\"@id\":\"https:\/\/www.nexoinformativo.mx\/index.php\/2024\/11\/18\/operativo-interinstitucional-comprometidos-con-la-seguridad-en-ezequiel-montes\/\"},\"wordCount\":230,\"commentCount\":0,\"publisher\":{\"@id\":\"https:\/\/www.nexoinformativo.mx\/#organization\"},\"image\":{\"@id\":\"https:\/\/www.nexoinformativo.mx\/index.php\/2024\/11\/18\/operativo-interinstitucional-comprometidos-con-la-seguridad-en-ezequiel-montes\/#primaryimage\"},\"thumbnailUrl\":\"https:\/\/www.nexoinformativo.mx\/wp-content\/uploads\/2024\/11\/PHOTO-2024-11-18-09-02-17-e1731945434431.jpg\",\"keywords\":[\"CompromisoMunicipal\",\"OperativoInterinstitucional\",\"Protecci\u00f3nCiudadana\",\"SeguridadEzequielMontes\"],\"articleSection\":[\"Municipios\",\"\u00daltima Hora\"],\"inLanguage\":\"es\",\"potentialAction\":[{\"@type\":\"CommentAction\",\"name\":\"Comment\",\"target\":[\"https:\/\/www.nexoinformativo.mx\/index.php\/2024\/11\/18\/operativo-interinstitucional-comprometidos-con-la-seguridad-en-ezequiel-montes\/#respond\"]}]},{\"@type\":\"WebPage\",\"@id\":\"https:\/\/www.nexoinformativo.mx\/index.php\/2024\/11\/18\/operativo-interinstitucional-comprometidos-con-la-seguridad-en-ezequiel-montes\/\",\"url\":\"https:\/\/www.nexoinformativo.mx\/index.php\/2024\/11\/18\/operativo-interinstitucional-comprometidos-con-la-seguridad-en-ezequiel-montes\/\",\"name\":\"Operativo interinstitucional: Comprometidos con la seguridad en Ezequiel Montes | Nexo Informativo Santiago de Quer\u00e9taro\",\"isPartOf\":{\"@id\":\"https:\/\/www.nexoinformativo.mx\/#website\"},\"primaryImageOfPage\":{\"@id\":\"https:\/\/www.nexoinformativo.mx\/index.php\/2024\/11\/18\/operativo-interinstitucional-comprometidos-con-la-seguridad-en-ezequiel-montes\/#primaryimage\"},\"image\":{\"@id\":\"https:\/\/www.nexoinformativo.mx\/index.php\/2024\/11\/18\/operativo-interinstitucional-comprometidos-con-la-seguridad-en-ezequiel-montes\/#primaryimage\"},\"thumbnailUrl\":\"https:\/\/www.nexoinformativo.mx\/wp-content\/uploads\/2024\/11\/PHOTO-2024-11-18-09-02-17-e1731945434431.jpg\",\"datePublished\":\"2024-11-18T14:30:54+00:00\",\"dateModified\":\"2024-11-18T15:58:53+00:00\",\"description\":\"Operativo interinstitucional: Comprometidos con la seguridad en Ezequiel Montes\",\"breadcrumb\":{\"@id\":\"https:\/\/www.nexoinformativo.mx\/index.php\/2024\/11\/18\/operativo-interinstitucional-comprometidos-con-la-seguridad-en-ezequiel-montes\/#breadcrumb\"},\"inLanguage\":\"es\",\"potentialAction\":[{\"@type\":\"ReadAction\",\"target\":[\"https:\/\/www.nexoinformativo.mx\/index.php\/2024\/11\/18\/operativo-interinstitucional-comprometidos-con-la-seguridad-en-ezequiel-montes\/\"]}]},{\"@type\":\"ImageObject\",\"inLanguage\":\"es\",\"@id\":\"https:\/\/www.nexoinformativo.mx\/index.php\/2024\/11\/18\/operativo-interinstitucional-comprometidos-con-la-seguridad-en-ezequiel-montes\/#primaryimage\",\"url\":\"https:\/\/www.nexoinformativo.mx\/wp-content\/uploads\/2024\/11\/PHOTO-2024-11-18-09-02-17-e1731945434431.jpg\",\"contentUrl\":\"https:\/\/www.nexoinformativo.mx\/wp-content\/uploads\/2024\/11\/PHOTO-2024-11-18-09-02-17-e1731945434431.jpg\",\"width\":600,\"height\":750},{\"@type\":\"BreadcrumbList\",\"@id\":\"https:\/\/www.nexoinformativo.mx\/index.php\/2024\/11\/18\/operativo-interinstitucional-comprometidos-con-la-seguridad-en-ezequiel-montes\/#breadcrumb\",\"itemListElement\":[{\"@type\":\"ListItem\",\"position\":1,\"name\":\"Inicio\",\"item\":\"https:\/\/www.nexoinformativo.mx\/\"},{\"@type\":\"ListItem\",\"position\":2,\"name\":\"Operativo interinstitucional: Comprometidos con la seguridad en Ezequiel Montes\"}]},{\"@type\":\"WebSite\",\"@id\":\"https:\/\/www.nexoinformativo.mx\/#website\",\"url\":\"https:\/\/www.nexoinformativo.mx\/\",\"name\":\"Nexo Informativo Santiago de Quer\u00e9taro\",\"description\":\"Explora NexoInformativo y convi\u00e9rtete en parte de una comunidad que valora el conocimiento y la verdad. Tu nexoinformativo es tu puente hacia una comprensi\u00f3n m\u00e1s profunda del mundo que te rodea.\",\"publisher\":{\"@id\":\"https:\/\/www.nexoinformativo.mx\/#organization\"},\"potentialAction\":[{\"@type\":\"SearchAction\",\"target\":{\"@type\":\"EntryPoint\",\"urlTemplate\":\"https:\/\/www.nexoinformativo.mx\/?s={search_term_string}\"},\"query-input\":{\"@type\":\"PropertyValueSpecification\",\"valueRequired\":true,\"valueName\":\"search_term_string\"}}],\"inLanguage\":\"es\"},{\"@type\":\"Organization\",\"@id\":\"https:\/\/www.nexoinformativo.mx\/#organization\",\"name\":\"Nexo Informativo Santiago de Quer\u00e9taro\",\"url\":\"https:\/\/www.nexoinformativo.mx\/\",\"logo\":{\"@type\":\"ImageObject\",\"inLanguage\":\"es\",\"@id\":\"https:\/\/www.nexoinformativo.mx\/#\/schema\/logo\/image\/\",\"url\":\"https:\/\/www.nexoinformativo.mx\/wp-content\/uploads\/2024\/07\/nexoi-trasparente-2.png\",\"contentUrl\":\"https:\/\/www.nexoinformativo.mx\/wp-content\/uploads\/2024\/07\/nexoi-trasparente-2.png\",\"width\":816,\"height\":339,\"caption\":\"Nexo Informativo Santiago de Quer\u00e9taro\"},\"image\":{\"@id\":\"https:\/\/www.nexoinformativo.mx\/#\/schema\/logo\/image\/\"},\"sameAs\":[\"https:\/\/www.facebook.com\/people\/Nexo-Informativo\/61564066885511\/\"]},{\"@type\":\"Person\",\"@id\":\"https:\/\/www.nexoinformativo.mx\/#\/schema\/person\/7749d380ba08c8ca00d7bc76fd907b7d\",\"name\":\"Nexo Informativo\",\"image\":{\"@type\":\"ImageObject\",\"inLanguage\":\"es\",\"@id\":\"https:\/\/www.nexoinformativo.mx\/#\/schema\/person\/image\/\",\"url\":\"https:\/\/secure.gravatar.com\/avatar\/dde2928154642a13d95f87ddf1ea9718fe2b46760a005c53e41ff5ad610704e6?s=96&d=mm&r=g\",\"contentUrl\":\"https:\/\/secure.gravatar.com\/avatar\/dde2928154642a13d95f87ddf1ea9718fe2b46760a005c53e41ff5ad610704e6?s=96&d=mm&r=g\",\"caption\":\"Nexo Informativo\"},\"url\":\"https:\/\/www.nexoinformativo.mx\/index.php\/author\/edicion\/\"}]}<\/script>\n<!-- \/ Yoast SEO plugin. -->","yoast_head_json":{"title":"Operativo interinstitucional: Comprometidos con la seguridad en Ezequiel Montes | Nexo Informativo Santiago de Quer\u00e9taro","description":"Operativo interinstitucional: Comprometidos con la seguridad en Ezequiel Montes","robots":{"index":"index","follow":"follow","max-snippet":"max-snippet:-1","max-image-preview":"max-image-preview:large","max-video-preview":"max-video-preview:-1"},"canonical":"https:\/\/www.nexoinformativo.mx\/index.php\/2024\/11\/18\/operativo-interinstitucional-comprometidos-con-la-seguridad-en-ezequiel-montes\/","og_locale":"es_MX","og_type":"article","og_title":"Operativo interinstitucional: Comprometidos con la seguridad en Ezequiel Montes | Nexo Informativo Santiago de Quer\u00e9taro","og_description":"Operativo interinstitucional: Comprometidos con la seguridad en Ezequiel Montes","og_url":"https:\/\/www.nexoinformativo.mx\/index.php\/2024\/11\/18\/operativo-interinstitucional-comprometidos-con-la-seguridad-en-ezequiel-montes\/","og_site_name":"Nexo Informativo Santiago de Quer\u00e9taro","article_publisher":"https:\/\/www.facebook.com\/people\/Nexo-Informativo\/61564066885511\/","article_published_time":"2024-11-18T14:30:54+00:00","article_modified_time":"2024-11-18T15:58:53+00:00","og_image":[{"width":600,"height":750,"url":"https:\/\/www.nexoinformativo.mx\/wp-content\/uploads\/2024\/11\/PHOTO-2024-11-18-09-02-17-e1731945434431.jpg","type":"image\/jpeg"}],"author":"Nexo Informativo","twitter_card":"summary_large_image","twitter_misc":{"Escrito por":"Nexo Informativo","Tiempo de lectura":"2 minutos"},"schema":{"@context":"https:\/\/schema.org","@graph":[{"@type":"Article","@id":"https:\/\/www.nexoinformativo.mx\/index.php\/2024\/11\/18\/operativo-interinstitucional-comprometidos-con-la-seguridad-en-ezequiel-montes\/#article","isPartOf":{"@id":"https:\/\/www.nexoinformativo.mx\/index.php\/2024\/11\/18\/operativo-interinstitucional-comprometidos-con-la-seguridad-en-ezequiel-montes\/"},"author":{"name":"Nexo Informativo","@id":"https:\/\/www.nexoinformativo.mx\/#\/schema\/person\/7749d380ba08c8ca00d7bc76fd907b7d"},"headline":"Operativo interinstitucional: Comprometidos con la seguridad en Ezequiel Montes","datePublished":"2024-11-18T14:30:54+00:00","dateModified":"2024-11-18T15:58:53+00:00","mainEntityOfPage":{"@id":"https:\/\/www.nexoinformativo.mx\/index.php\/2024\/11\/18\/operativo-interinstitucional-comprometidos-con-la-seguridad-en-ezequiel-montes\/"},"wordCount":230,"commentCount":0,"publisher":{"@id":"https:\/\/www.nexoinformativo.mx\/#organization"},"image":{"@id":"https:\/\/www.nexoinformativo.mx\/index.php\/2024\/11\/18\/operativo-interinstitucional-comprometidos-con-la-seguridad-en-ezequiel-montes\/#primaryimage"},"thumbnailUrl":"https:\/\/www.nexoinformativo.mx\/wp-content\/uploads\/2024\/11\/PHOTO-2024-11-18-09-02-17-e1731945434431.jpg","keywords":["CompromisoMunicipal","OperativoInterinstitucional","Protecci\u00f3nCiudadana","SeguridadEzequielMontes"],"articleSection":["Municipios","\u00daltima Hora"],"inLanguage":"es","potentialAction":[{"@type":"CommentAction","name":"Comment","target":["https:\/\/www.nexoinformativo.mx\/index.php\/2024\/11\/18\/operativo-interinstitucional-comprometidos-con-la-seguridad-en-ezequiel-montes\/#respond"]}]},{"@type":"WebPage","@id":"https:\/\/www.nexoinformativo.mx\/index.php\/2024\/11\/18\/operativo-interinstitucional-comprometidos-con-la-seguridad-en-ezequiel-montes\/","url":"https:\/\/www.nexoinformativo.mx\/index.php\/2024\/11\/18\/operativo-interinstitucional-comprometidos-con-la-seguridad-en-ezequiel-montes\/","name":"Operativo interinstitucional: Comprometidos con la seguridad en Ezequiel Montes | Nexo Informativo Santiago de Quer\u00e9taro","isPartOf":{"@id":"https:\/\/www.nexoinformativo.mx\/#website"},"primaryImageOfPage":{"@id":"https:\/\/www.nexoinformativo.mx\/index.php\/2024\/11\/18\/operativo-interinstitucional-comprometidos-con-la-seguridad-en-ezequiel-montes\/#primaryimage"},"image":{"@id":"https:\/\/www.nexoinformativo.mx\/index.php\/2024\/11\/18\/operativo-interinstitucional-comprometidos-con-la-seguridad-en-ezequiel-montes\/#primaryimage"},"thumbnailUrl":"https:\/\/www.nexoinformativo.mx\/wp-content\/uploads\/2024\/11\/PHOTO-2024-11-18-09-02-17-e1731945434431.jpg","datePublished":"2024-11-18T14:30:54+00:00","dateModified":"2024-11-18T15:58:53+00:00","description":"Operativo interinstitucional: Comprometidos con la seguridad en Ezequiel Montes","breadcrumb":{"@id":"https:\/\/www.nexoinformativo.mx\/index.php\/2024\/11\/18\/operativo-interinstitucional-comprometidos-con-la-seguridad-en-ezequiel-montes\/#breadcrumb"},"inLanguage":"es","potentialAction":[{"@type":"ReadAction","target":["https:\/\/www.nexoinformativo.mx\/index.php\/2024\/11\/18\/operativo-interinstitucional-comprometidos-con-la-seguridad-en-ezequiel-montes\/"]}]},{"@type":"ImageObject","inLanguage":"es","@id":"https:\/\/www.nexoinformativo.mx\/index.php\/2024\/11\/18\/operativo-interinstitucional-comprometidos-con-la-seguridad-en-ezequiel-montes\/#primaryimage","url":"https:\/\/www.nexoinformativo.mx\/wp-content\/uploads\/2024\/11\/PHOTO-2024-11-18-09-02-17-e1731945434431.jpg","contentUrl":"https:\/\/www.nexoinformativo.mx\/wp-content\/uploads\/2024\/11\/PHOTO-2024-11-18-09-02-17-e1731945434431.jpg","width":600,"height":750},{"@type":"BreadcrumbList","@id":"https:\/\/www.nexoinformativo.mx\/index.php\/2024\/11\/18\/operativo-interinstitucional-comprometidos-con-la-seguridad-en-ezequiel-montes\/#breadcrumb","itemListElement":[{"@type":"ListItem","position":1,"name":"Inicio","item":"https:\/\/www.nexoinformativo.mx\/"},{"@type":"ListItem","position":2,"name":"Operativo interinstitucional: Comprometidos con la seguridad en Ezequiel Montes"}]},{"@type":"WebSite","@id":"https:\/\/www.nexoinformativo.mx\/#website","url":"https:\/\/www.nexoinformativo.mx\/","name":"Nexo Informativo Santiago de Quer\u00e9taro","description":"Explora NexoInformativo y convi\u00e9rtete en parte de una comunidad que valora el conocimiento y la verdad. Tu nexoinformativo es tu puente hacia una comprensi\u00f3n m\u00e1s profunda del mundo que te rodea.","publisher":{"@id":"https:\/\/www.nexoinformativo.mx\/#organization"},"potentialAction":[{"@type":"SearchAction","target":{"@type":"EntryPoint","urlTemplate":"https:\/\/www.nexoinformativo.mx\/?s={search_term_string}"},"query-input":{"@type":"PropertyValueSpecification","valueRequired":true,"valueName":"search_term_string"}}],"inLanguage":"es"},{"@type":"Organization","@id":"https:\/\/www.nexoinformativo.mx\/#organization","name":"Nexo Informativo Santiago de Quer\u00e9taro","url":"https:\/\/www.nexoinformativo.mx\/","logo":{"@type":"ImageObject","inLanguage":"es","@id":"https:\/\/www.nexoinformativo.mx\/#\/schema\/logo\/image\/","url":"https:\/\/www.nexoinformativo.mx\/wp-content\/uploads\/2024\/07\/nexoi-trasparente-2.png","contentUrl":"https:\/\/www.nexoinformativo.mx\/wp-content\/uploads\/2024\/07\/nexoi-trasparente-2.png","width":816,"height":339,"caption":"Nexo Informativo Santiago de Quer\u00e9taro"},"image":{"@id":"https:\/\/www.nexoinformativo.mx\/#\/schema\/logo\/image\/"},"sameAs":["https:\/\/www.facebook.com\/people\/Nexo-Informativo\/61564066885511\/"]},{"@type":"Person","@id":"https:\/\/www.nexoinformativo.mx\/#\/schema\/person\/7749d380ba08c8ca00d7bc76fd907b7d","name":"Nexo Informativo","image":{"@type":"ImageObject","inLanguage":"es","@id":"https:\/\/www.nexoinformativo.mx\/#\/schema\/person\/image\/","url":"https:\/\/secure.gravatar.com\/avatar\/dde2928154642a13d95f87ddf1ea9718fe2b46760a005c53e41ff5ad610704e6?s=96&d=mm&r=g","contentUrl":"https:\/\/secure.gravatar.com\/avatar\/dde2928154642a13d95f87ddf1ea9718fe2b46760a005c53e41ff5ad610704e6?s=96&d=mm&r=g","caption":"Nexo Informativo"},"url":"https:\/\/www.nexoinformativo.mx\/index.php\/author\/edicion\/"}]}},"_links":{"self":[{"href":"https:\/\/www.nexoinformativo.mx\/index.php\/wp-json\/wp\/v2\/posts\/6295","targetHints":{"allow":["GET"]}}],"collection":[{"href":"https:\/\/www.nexoinformativo.mx\/index.php\/wp-json\/wp\/v2\/posts"}],"about":[{"href":"https:\/\/www.nexoinformativo.mx\/index.php\/wp-json\/wp\/v2\/types\/post"}],"author":[{"embeddable":true,"href":"https:\/\/www.nexoinformativo.mx\/index.php\/wp-json\/wp\/v2\/users\/3"}],"replies":[{"embeddable":true,"href":"https:\/\/www.nexoinformativo.mx\/index.php\/wp-json\/wp\/v2\/comments?post=6295"}],"version-history":[{"count":3,"href":"https:\/\/www.nexoinformativo.mx\/index.php\/wp-json\/wp\/v2\/posts\/6295\/revisions"}],"predecessor-version":[{"id":6298,"href":"https:\/\/www.nexoinformativo.mx\/index.php\/wp-json\/wp\/v2\/posts\/6295\/revisions\/6298"}],"wp:featuredmedia":[{"embeddable":true,"href":"https:\/\/www.nexoinformativo.mx\/index.php\/wp-json\/wp\/v2\/media\/6296"}],"wp:attachment":[{"href":"https:\/\/www.nexoinformativo.mx\/index.php\/wp-json\/wp\/v2\/media?parent=6295"}],"wp:term":[{"taxonomy":"category","embeddable":true,"href":"https:\/\/www.nexoinformativo.mx\/index.php\/wp-json\/wp\/v2\/categories?post=6295"},{"taxonomy":"post_tag","embeddable":true,"href":"https:\/\/www.nexoinformativo.mx\/index.php\/wp-json\/wp\/v2\/tags?post=6295"}],"curies":[{"name":"wp","href":"https:\/\/api.w.org\/{rel}","templated":true}]}}