{"id":6300,"date":"2024-11-18T09:00:47","date_gmt":"2024-11-18T15:00:47","guid":{"rendered":"https:\/\/www.nexoinformativo.mx\/?p=6300"},"modified":"2024-11-18T10:08:35","modified_gmt":"2024-11-18T16:08:35","slug":"presidencia-y-dif-de-san-juan-del-rio-firman-convenio-para-apoyar-a-familias","status":"publish","type":"post","link":"https:\/\/www.nexoinformativo.mx\/index.php\/2024\/11\/18\/presidencia-y-dif-de-san-juan-del-rio-firman-convenio-para-apoyar-a-familias\/","title":{"rendered":"Presidencia y DIF de San Juan del R\u00edo firman convenio para apoyar a familias"},"content":{"rendered":"<p style=\"text-align: justify;\">La presidenta del DIF San Juan del R\u00edo, Georgina S\u00e1nchez, y el alcalde Roberto Cabrera han firmado un convenio para realizar trabajos en beneficio de las familias sanjuanenses. Este acuerdo establece lazos de colaboraci\u00f3n entre las distintas Secretar\u00edas de la Administraci\u00f3n Municipal y el DIF para ejecutar diversas acciones, actividades y programas.<\/p>\n<p>&nbsp;<\/p>\n<p style=\"text-align: justify;\">Durante la firma, Georgina S\u00e1nchez reconoci\u00f3 la importancia del trabajo coordinado entre las dependencias municipales y el DIF. Resalt\u00f3 que contar con espacios p\u00fablicos para el deporte y el sano esparcimiento es fundamental para las familias. Roberto Cabrera a\u00f1adi\u00f3 que el convenio contempla la elaboraci\u00f3n y desarrollo de proyectos, as\u00ed como la prestaci\u00f3n de servicios en beneficio de la comunidad.<\/p>\n<p>&nbsp;<\/p>\n<p style=\"text-align: justify;\">S\u00e1nchez Barrios enfatiz\u00f3 que el orden y la dedicaci\u00f3n son esenciales para construir el bien com\u00fan, agradeciendo el esfuerzo conjunto. Roberto Cabrera Valencia destac\u00f3 que el Ayuntamiento, como m\u00e1xima autoridad municipal, se compromete a ejecutar los compromisos del convenio, involucrando a diversas \u00e1reas del gobierno.<\/p>\n<p>&nbsp;<\/p>\n<p style=\"text-align: justify;\">En la firma del convenio estuvieron presentes el s\u00edndico del Ayuntamiento, Jos\u00e9 Francisco Landeras Layseca; las secretarias de Obras P\u00fablicas y Desarrollo Urbano, Edith \u00c1lvarez Flores, y de Desarrollo Social, Bibiana Rodr\u00edguez Montes; y otros funcionarios clave, quienes reafirmaron su compromiso con el desarrollo integral de las familias de San Juan del R\u00edo.<\/p>\n<p>&nbsp;<\/p>\n<p style=\"text-align: center;\"><em><strong>\u00a1Informaci\u00f3n que transforma!<\/strong><\/em><\/p>\n","protected":false},"excerpt":{"rendered":"<p>La presidenta del DIF San Juan del R\u00edo, Georgina S\u00e1nchez, y el alcalde Roberto Cabrera han firmado un convenio para realizar trabajos en beneficio de las familias sanjuanenses<\/p>\n","protected":false},"author":3,"featured_media":6301,"comment_status":"open","ping_status":"open","sticky":false,"template":"","format":"standard","meta":{"footnotes":""},"categories":[65,58],"tags":[2138,1704,2139,382],"class_list":["post-6300","post","type-post","status-publish","format-standard","has-post-thumbnail","hentry","category-municipios","category-ultima-hora","tag-bienestarfamiliar","tag-colaboracionmunicipal","tag-difsanjuan","tag-sanjuandelrio"],"yoast_head":"<!-- This site is optimized with the Yoast SEO plugin v25.0 - https:\/\/yoast.com\/wordpress\/plugins\/seo\/ -->\n<title>Presidencia y DIF de San Juan del R\u00edo firman convenio para apoyar a familias | Nexo Informativo Santiago de Quer\u00e9taro<\/title>\n<meta name=\"description\" content=\"Presidencia y DIF de San Juan del R\u00edo firman convenio para apoyar a familias\" \/>\n<meta name=\"robots\" content=\"index, follow, max-snippet:-1, max-image-preview:large, max-video-preview:-1\" \/>\n<link rel=\"canonical\" href=\"https:\/\/www.nexoinformativo.mx\/index.php\/2024\/11\/18\/presidencia-y-dif-de-san-juan-del-rio-firman-convenio-para-apoyar-a-familias\/\" \/>\n<meta property=\"og:locale\" content=\"es_MX\" \/>\n<meta property=\"og:type\" content=\"article\" \/>\n<meta property=\"og:title\" content=\"Presidencia y DIF de San Juan del R\u00edo firman convenio para apoyar a familias | Nexo Informativo Santiago de Quer\u00e9taro\" \/>\n<meta property=\"og:description\" content=\"Presidencia y DIF de San Juan del R\u00edo firman convenio para apoyar a familias\" \/>\n<meta property=\"og:url\" content=\"https:\/\/www.nexoinformativo.mx\/index.php\/2024\/11\/18\/presidencia-y-dif-de-san-juan-del-rio-firman-convenio-para-apoyar-a-familias\/\" \/>\n<meta property=\"og:site_name\" content=\"Nexo Informativo Santiago de Quer\u00e9taro\" \/>\n<meta property=\"article:publisher\" content=\"https:\/\/www.facebook.com\/people\/Nexo-Informativo\/61564066885511\/\" \/>\n<meta property=\"article:published_time\" content=\"2024-11-18T15:00:47+00:00\" \/>\n<meta property=\"article:modified_time\" content=\"2024-11-18T16:08:35+00:00\" \/>\n<meta property=\"og:image\" content=\"https:\/\/www.nexoinformativo.mx\/wp-content\/uploads\/2024\/11\/PHOTO-2024-11-18-09-14-47-e1731946040767.jpg\" \/>\n\t<meta property=\"og:image:width\" content=\"700\" \/>\n\t<meta property=\"og:image:height\" content=\"463\" \/>\n\t<meta property=\"og:image:type\" content=\"image\/jpeg\" \/>\n<meta name=\"author\" content=\"Nexo Informativo\" \/>\n<meta name=\"twitter:card\" content=\"summary_large_image\" \/>\n<meta name=\"twitter:label1\" content=\"Escrito por\" \/>\n\t<meta name=\"twitter:data1\" content=\"Nexo Informativo\" \/>\n\t<meta name=\"twitter:label2\" content=\"Tiempo de lectura\" \/>\n\t<meta name=\"twitter:data2\" content=\"2 minutos\" \/>\n<script type=\"application\/ld+json\" class=\"yoast-schema-graph\">{\"@context\":\"https:\/\/schema.org\",\"@graph\":[{\"@type\":\"Article\",\"@id\":\"https:\/\/www.nexoinformativo.mx\/index.php\/2024\/11\/18\/presidencia-y-dif-de-san-juan-del-rio-firman-convenio-para-apoyar-a-familias\/#article\",\"isPartOf\":{\"@id\":\"https:\/\/www.nexoinformativo.mx\/index.php\/2024\/11\/18\/presidencia-y-dif-de-san-juan-del-rio-firman-convenio-para-apoyar-a-familias\/\"},\"author\":{\"name\":\"Nexo Informativo\",\"@id\":\"https:\/\/www.nexoinformativo.mx\/#\/schema\/person\/7749d380ba08c8ca00d7bc76fd907b7d\"},\"headline\":\"Presidencia y DIF de San Juan del R\u00edo firman convenio para apoyar a familias\",\"datePublished\":\"2024-11-18T15:00:47+00:00\",\"dateModified\":\"2024-11-18T16:08:35+00:00\",\"mainEntityOfPage\":{\"@id\":\"https:\/\/www.nexoinformativo.mx\/index.php\/2024\/11\/18\/presidencia-y-dif-de-san-juan-del-rio-firman-convenio-para-apoyar-a-familias\/\"},\"wordCount\":251,\"commentCount\":0,\"publisher\":{\"@id\":\"https:\/\/www.nexoinformativo.mx\/#organization\"},\"image\":{\"@id\":\"https:\/\/www.nexoinformativo.mx\/index.php\/2024\/11\/18\/presidencia-y-dif-de-san-juan-del-rio-firman-convenio-para-apoyar-a-familias\/#primaryimage\"},\"thumbnailUrl\":\"https:\/\/www.nexoinformativo.mx\/wp-content\/uploads\/2024\/11\/PHOTO-2024-11-18-09-14-47-e1731946040767.jpg\",\"keywords\":[\"BienestarFamiliar\",\"Colaboraci\u00f3nMunicipal\",\"DIFSanJuan\",\"SanJuanDelR\u00edo\"],\"articleSection\":[\"Municipios\",\"\u00daltima Hora\"],\"inLanguage\":\"es\",\"potentialAction\":[{\"@type\":\"CommentAction\",\"name\":\"Comment\",\"target\":[\"https:\/\/www.nexoinformativo.mx\/index.php\/2024\/11\/18\/presidencia-y-dif-de-san-juan-del-rio-firman-convenio-para-apoyar-a-familias\/#respond\"]}]},{\"@type\":\"WebPage\",\"@id\":\"https:\/\/www.nexoinformativo.mx\/index.php\/2024\/11\/18\/presidencia-y-dif-de-san-juan-del-rio-firman-convenio-para-apoyar-a-familias\/\",\"url\":\"https:\/\/www.nexoinformativo.mx\/index.php\/2024\/11\/18\/presidencia-y-dif-de-san-juan-del-rio-firman-convenio-para-apoyar-a-familias\/\",\"name\":\"Presidencia y DIF de San Juan del R\u00edo firman convenio para apoyar a familias | Nexo Informativo Santiago de Quer\u00e9taro\",\"isPartOf\":{\"@id\":\"https:\/\/www.nexoinformativo.mx\/#website\"},\"primaryImageOfPage\":{\"@id\":\"https:\/\/www.nexoinformativo.mx\/index.php\/2024\/11\/18\/presidencia-y-dif-de-san-juan-del-rio-firman-convenio-para-apoyar-a-familias\/#primaryimage\"},\"image\":{\"@id\":\"https:\/\/www.nexoinformativo.mx\/index.php\/2024\/11\/18\/presidencia-y-dif-de-san-juan-del-rio-firman-convenio-para-apoyar-a-familias\/#primaryimage\"},\"thumbnailUrl\":\"https:\/\/www.nexoinformativo.mx\/wp-content\/uploads\/2024\/11\/PHOTO-2024-11-18-09-14-47-e1731946040767.jpg\",\"datePublished\":\"2024-11-18T15:00:47+00:00\",\"dateModified\":\"2024-11-18T16:08:35+00:00\",\"description\":\"Presidencia y DIF de San Juan del R\u00edo firman convenio para apoyar a familias\",\"breadcrumb\":{\"@id\":\"https:\/\/www.nexoinformativo.mx\/index.php\/2024\/11\/18\/presidencia-y-dif-de-san-juan-del-rio-firman-convenio-para-apoyar-a-familias\/#breadcrumb\"},\"inLanguage\":\"es\",\"potentialAction\":[{\"@type\":\"ReadAction\",\"target\":[\"https:\/\/www.nexoinformativo.mx\/index.php\/2024\/11\/18\/presidencia-y-dif-de-san-juan-del-rio-firman-convenio-para-apoyar-a-familias\/\"]}]},{\"@type\":\"ImageObject\",\"inLanguage\":\"es\",\"@id\":\"https:\/\/www.nexoinformativo.mx\/index.php\/2024\/11\/18\/presidencia-y-dif-de-san-juan-del-rio-firman-convenio-para-apoyar-a-familias\/#primaryimage\",\"url\":\"https:\/\/www.nexoinformativo.mx\/wp-content\/uploads\/2024\/11\/PHOTO-2024-11-18-09-14-47-e1731946040767.jpg\",\"contentUrl\":\"https:\/\/www.nexoinformativo.mx\/wp-content\/uploads\/2024\/11\/PHOTO-2024-11-18-09-14-47-e1731946040767.jpg\",\"width\":700,\"height\":463},{\"@type\":\"BreadcrumbList\",\"@id\":\"https:\/\/www.nexoinformativo.mx\/index.php\/2024\/11\/18\/presidencia-y-dif-de-san-juan-del-rio-firman-convenio-para-apoyar-a-familias\/#breadcrumb\",\"itemListElement\":[{\"@type\":\"ListItem\",\"position\":1,\"name\":\"Inicio\",\"item\":\"https:\/\/www.nexoinformativo.mx\/\"},{\"@type\":\"ListItem\",\"position\":2,\"name\":\"Presidencia y DIF de San Juan del R\u00edo firman convenio para apoyar a familias\"}]},{\"@type\":\"WebSite\",\"@id\":\"https:\/\/www.nexoinformativo.mx\/#website\",\"url\":\"https:\/\/www.nexoinformativo.mx\/\",\"name\":\"Nexo Informativo Santiago de Quer\u00e9taro\",\"description\":\"Explora NexoInformativo y convi\u00e9rtete en parte de una comunidad que valora el conocimiento y la verdad. Tu nexoinformativo es tu puente hacia una comprensi\u00f3n m\u00e1s profunda del mundo que te rodea.\",\"publisher\":{\"@id\":\"https:\/\/www.nexoinformativo.mx\/#organization\"},\"potentialAction\":[{\"@type\":\"SearchAction\",\"target\":{\"@type\":\"EntryPoint\",\"urlTemplate\":\"https:\/\/www.nexoinformativo.mx\/?s={search_term_string}\"},\"query-input\":{\"@type\":\"PropertyValueSpecification\",\"valueRequired\":true,\"valueName\":\"search_term_string\"}}],\"inLanguage\":\"es\"},{\"@type\":\"Organization\",\"@id\":\"https:\/\/www.nexoinformativo.mx\/#organization\",\"name\":\"Nexo Informativo Santiago de Quer\u00e9taro\",\"url\":\"https:\/\/www.nexoinformativo.mx\/\",\"logo\":{\"@type\":\"ImageObject\",\"inLanguage\":\"es\",\"@id\":\"https:\/\/www.nexoinformativo.mx\/#\/schema\/logo\/image\/\",\"url\":\"https:\/\/www.nexoinformativo.mx\/wp-content\/uploads\/2024\/07\/nexoi-trasparente-2.png\",\"contentUrl\":\"https:\/\/www.nexoinformativo.mx\/wp-content\/uploads\/2024\/07\/nexoi-trasparente-2.png\",\"width\":816,\"height\":339,\"caption\":\"Nexo Informativo Santiago de Quer\u00e9taro\"},\"image\":{\"@id\":\"https:\/\/www.nexoinformativo.mx\/#\/schema\/logo\/image\/\"},\"sameAs\":[\"https:\/\/www.facebook.com\/people\/Nexo-Informativo\/61564066885511\/\"]},{\"@type\":\"Person\",\"@id\":\"https:\/\/www.nexoinformativo.mx\/#\/schema\/person\/7749d380ba08c8ca00d7bc76fd907b7d\",\"name\":\"Nexo Informativo\",\"image\":{\"@type\":\"ImageObject\",\"inLanguage\":\"es\",\"@id\":\"https:\/\/www.nexoinformativo.mx\/#\/schema\/person\/image\/\",\"url\":\"https:\/\/secure.gravatar.com\/avatar\/dde2928154642a13d95f87ddf1ea9718fe2b46760a005c53e41ff5ad610704e6?s=96&d=mm&r=g\",\"contentUrl\":\"https:\/\/secure.gravatar.com\/avatar\/dde2928154642a13d95f87ddf1ea9718fe2b46760a005c53e41ff5ad610704e6?s=96&d=mm&r=g\",\"caption\":\"Nexo Informativo\"},\"url\":\"https:\/\/www.nexoinformativo.mx\/index.php\/author\/edicion\/\"}]}<\/script>\n<!-- \/ Yoast SEO plugin. -->","yoast_head_json":{"title":"Presidencia y DIF de San Juan del R\u00edo firman convenio para apoyar a familias | Nexo Informativo Santiago de Quer\u00e9taro","description":"Presidencia y DIF de San Juan del R\u00edo firman convenio para apoyar a familias","robots":{"index":"index","follow":"follow","max-snippet":"max-snippet:-1","max-image-preview":"max-image-preview:large","max-video-preview":"max-video-preview:-1"},"canonical":"https:\/\/www.nexoinformativo.mx\/index.php\/2024\/11\/18\/presidencia-y-dif-de-san-juan-del-rio-firman-convenio-para-apoyar-a-familias\/","og_locale":"es_MX","og_type":"article","og_title":"Presidencia y DIF de San Juan del R\u00edo firman convenio para apoyar a familias | Nexo Informativo Santiago de Quer\u00e9taro","og_description":"Presidencia y DIF de San Juan del R\u00edo firman convenio para apoyar a familias","og_url":"https:\/\/www.nexoinformativo.mx\/index.php\/2024\/11\/18\/presidencia-y-dif-de-san-juan-del-rio-firman-convenio-para-apoyar-a-familias\/","og_site_name":"Nexo Informativo Santiago de Quer\u00e9taro","article_publisher":"https:\/\/www.facebook.com\/people\/Nexo-Informativo\/61564066885511\/","article_published_time":"2024-11-18T15:00:47+00:00","article_modified_time":"2024-11-18T16:08:35+00:00","og_image":[{"width":700,"height":463,"url":"https:\/\/www.nexoinformativo.mx\/wp-content\/uploads\/2024\/11\/PHOTO-2024-11-18-09-14-47-e1731946040767.jpg","type":"image\/jpeg"}],"author":"Nexo Informativo","twitter_card":"summary_large_image","twitter_misc":{"Escrito por":"Nexo Informativo","Tiempo de lectura":"2 minutos"},"schema":{"@context":"https:\/\/schema.org","@graph":[{"@type":"Article","@id":"https:\/\/www.nexoinformativo.mx\/index.php\/2024\/11\/18\/presidencia-y-dif-de-san-juan-del-rio-firman-convenio-para-apoyar-a-familias\/#article","isPartOf":{"@id":"https:\/\/www.nexoinformativo.mx\/index.php\/2024\/11\/18\/presidencia-y-dif-de-san-juan-del-rio-firman-convenio-para-apoyar-a-familias\/"},"author":{"name":"Nexo Informativo","@id":"https:\/\/www.nexoinformativo.mx\/#\/schema\/person\/7749d380ba08c8ca00d7bc76fd907b7d"},"headline":"Presidencia y DIF de San Juan del R\u00edo firman convenio para apoyar a familias","datePublished":"2024-11-18T15:00:47+00:00","dateModified":"2024-11-18T16:08:35+00:00","mainEntityOfPage":{"@id":"https:\/\/www.nexoinformativo.mx\/index.php\/2024\/11\/18\/presidencia-y-dif-de-san-juan-del-rio-firman-convenio-para-apoyar-a-familias\/"},"wordCount":251,"commentCount":0,"publisher":{"@id":"https:\/\/www.nexoinformativo.mx\/#organization"},"image":{"@id":"https:\/\/www.nexoinformativo.mx\/index.php\/2024\/11\/18\/presidencia-y-dif-de-san-juan-del-rio-firman-convenio-para-apoyar-a-familias\/#primaryimage"},"thumbnailUrl":"https:\/\/www.nexoinformativo.mx\/wp-content\/uploads\/2024\/11\/PHOTO-2024-11-18-09-14-47-e1731946040767.jpg","keywords":["BienestarFamiliar","Colaboraci\u00f3nMunicipal","DIFSanJuan","SanJuanDelR\u00edo"],"articleSection":["Municipios","\u00daltima Hora"],"inLanguage":"es","potentialAction":[{"@type":"CommentAction","name":"Comment","target":["https:\/\/www.nexoinformativo.mx\/index.php\/2024\/11\/18\/presidencia-y-dif-de-san-juan-del-rio-firman-convenio-para-apoyar-a-familias\/#respond"]}]},{"@type":"WebPage","@id":"https:\/\/www.nexoinformativo.mx\/index.php\/2024\/11\/18\/presidencia-y-dif-de-san-juan-del-rio-firman-convenio-para-apoyar-a-familias\/","url":"https:\/\/www.nexoinformativo.mx\/index.php\/2024\/11\/18\/presidencia-y-dif-de-san-juan-del-rio-firman-convenio-para-apoyar-a-familias\/","name":"Presidencia y DIF de San Juan del R\u00edo firman convenio para apoyar a familias | Nexo Informativo Santiago de Quer\u00e9taro","isPartOf":{"@id":"https:\/\/www.nexoinformativo.mx\/#website"},"primaryImageOfPage":{"@id":"https:\/\/www.nexoinformativo.mx\/index.php\/2024\/11\/18\/presidencia-y-dif-de-san-juan-del-rio-firman-convenio-para-apoyar-a-familias\/#primaryimage"},"image":{"@id":"https:\/\/www.nexoinformativo.mx\/index.php\/2024\/11\/18\/presidencia-y-dif-de-san-juan-del-rio-firman-convenio-para-apoyar-a-familias\/#primaryimage"},"thumbnailUrl":"https:\/\/www.nexoinformativo.mx\/wp-content\/uploads\/2024\/11\/PHOTO-2024-11-18-09-14-47-e1731946040767.jpg","datePublished":"2024-11-18T15:00:47+00:00","dateModified":"2024-11-18T16:08:35+00:00","description":"Presidencia y DIF de San Juan del R\u00edo firman convenio para apoyar a familias","breadcrumb":{"@id":"https:\/\/www.nexoinformativo.mx\/index.php\/2024\/11\/18\/presidencia-y-dif-de-san-juan-del-rio-firman-convenio-para-apoyar-a-familias\/#breadcrumb"},"inLanguage":"es","potentialAction":[{"@type":"ReadAction","target":["https:\/\/www.nexoinformativo.mx\/index.php\/2024\/11\/18\/presidencia-y-dif-de-san-juan-del-rio-firman-convenio-para-apoyar-a-familias\/"]}]},{"@type":"ImageObject","inLanguage":"es","@id":"https:\/\/www.nexoinformativo.mx\/index.php\/2024\/11\/18\/presidencia-y-dif-de-san-juan-del-rio-firman-convenio-para-apoyar-a-familias\/#primaryimage","url":"https:\/\/www.nexoinformativo.mx\/wp-content\/uploads\/2024\/11\/PHOTO-2024-11-18-09-14-47-e1731946040767.jpg","contentUrl":"https:\/\/www.nexoinformativo.mx\/wp-content\/uploads\/2024\/11\/PHOTO-2024-11-18-09-14-47-e1731946040767.jpg","width":700,"height":463},{"@type":"BreadcrumbList","@id":"https:\/\/www.nexoinformativo.mx\/index.php\/2024\/11\/18\/presidencia-y-dif-de-san-juan-del-rio-firman-convenio-para-apoyar-a-familias\/#breadcrumb","itemListElement":[{"@type":"ListItem","position":1,"name":"Inicio","item":"https:\/\/www.nexoinformativo.mx\/"},{"@type":"ListItem","position":2,"name":"Presidencia y DIF de San Juan del R\u00edo firman convenio para apoyar a familias"}]},{"@type":"WebSite","@id":"https:\/\/www.nexoinformativo.mx\/#website","url":"https:\/\/www.nexoinformativo.mx\/","name":"Nexo Informativo Santiago de Quer\u00e9taro","description":"Explora NexoInformativo y convi\u00e9rtete en parte de una comunidad que valora el conocimiento y la verdad. Tu nexoinformativo es tu puente hacia una comprensi\u00f3n m\u00e1s profunda del mundo que te rodea.","publisher":{"@id":"https:\/\/www.nexoinformativo.mx\/#organization"},"potentialAction":[{"@type":"SearchAction","target":{"@type":"EntryPoint","urlTemplate":"https:\/\/www.nexoinformativo.mx\/?s={search_term_string}"},"query-input":{"@type":"PropertyValueSpecification","valueRequired":true,"valueName":"search_term_string"}}],"inLanguage":"es"},{"@type":"Organization","@id":"https:\/\/www.nexoinformativo.mx\/#organization","name":"Nexo Informativo Santiago de Quer\u00e9taro","url":"https:\/\/www.nexoinformativo.mx\/","logo":{"@type":"ImageObject","inLanguage":"es","@id":"https:\/\/www.nexoinformativo.mx\/#\/schema\/logo\/image\/","url":"https:\/\/www.nexoinformativo.mx\/wp-content\/uploads\/2024\/07\/nexoi-trasparente-2.png","contentUrl":"https:\/\/www.nexoinformativo.mx\/wp-content\/uploads\/2024\/07\/nexoi-trasparente-2.png","width":816,"height":339,"caption":"Nexo Informativo Santiago de Quer\u00e9taro"},"image":{"@id":"https:\/\/www.nexoinformativo.mx\/#\/schema\/logo\/image\/"},"sameAs":["https:\/\/www.facebook.com\/people\/Nexo-Informativo\/61564066885511\/"]},{"@type":"Person","@id":"https:\/\/www.nexoinformativo.mx\/#\/schema\/person\/7749d380ba08c8ca00d7bc76fd907b7d","name":"Nexo Informativo","image":{"@type":"ImageObject","inLanguage":"es","@id":"https:\/\/www.nexoinformativo.mx\/#\/schema\/person\/image\/","url":"https:\/\/secure.gravatar.com\/avatar\/dde2928154642a13d95f87ddf1ea9718fe2b46760a005c53e41ff5ad610704e6?s=96&d=mm&r=g","contentUrl":"https:\/\/secure.gravatar.com\/avatar\/dde2928154642a13d95f87ddf1ea9718fe2b46760a005c53e41ff5ad610704e6?s=96&d=mm&r=g","caption":"Nexo Informativo"},"url":"https:\/\/www.nexoinformativo.mx\/index.php\/author\/edicion\/"}]}},"_links":{"self":[{"href":"https:\/\/www.nexoinformativo.mx\/index.php\/wp-json\/wp\/v2\/posts\/6300","targetHints":{"allow":["GET"]}}],"collection":[{"href":"https:\/\/www.nexoinformativo.mx\/index.php\/wp-json\/wp\/v2\/posts"}],"about":[{"href":"https:\/\/www.nexoinformativo.mx\/index.php\/wp-json\/wp\/v2\/types\/post"}],"author":[{"embeddable":true,"href":"https:\/\/www.nexoinformativo.mx\/index.php\/wp-json\/wp\/v2\/users\/3"}],"replies":[{"embeddable":true,"href":"https:\/\/www.nexoinformativo.mx\/index.php\/wp-json\/wp\/v2\/comments?post=6300"}],"version-history":[{"count":2,"href":"https:\/\/www.nexoinformativo.mx\/index.php\/wp-json\/wp\/v2\/posts\/6300\/revisions"}],"predecessor-version":[{"id":6303,"href":"https:\/\/www.nexoinformativo.mx\/index.php\/wp-json\/wp\/v2\/posts\/6300\/revisions\/6303"}],"wp:featuredmedia":[{"embeddable":true,"href":"https:\/\/www.nexoinformativo.mx\/index.php\/wp-json\/wp\/v2\/media\/6301"}],"wp:attachment":[{"href":"https:\/\/www.nexoinformativo.mx\/index.php\/wp-json\/wp\/v2\/media?parent=6300"}],"wp:term":[{"taxonomy":"category","embeddable":true,"href":"https:\/\/www.nexoinformativo.mx\/index.php\/wp-json\/wp\/v2\/categories?post=6300"},{"taxonomy":"post_tag","embeddable":true,"href":"https:\/\/www.nexoinformativo.mx\/index.php\/wp-json\/wp\/v2\/tags?post=6300"}],"curies":[{"name":"wp","href":"https:\/\/api.w.org\/{rel}","templated":true}]}}