{"id":6327,"date":"2024-11-18T13:00:27","date_gmt":"2024-11-18T19:00:27","guid":{"rendered":"https:\/\/www.nexoinformativo.mx\/?p=6327"},"modified":"2024-11-18T13:55:51","modified_gmt":"2024-11-18T19:55:51","slug":"mauricio-kuri-inician-obras-del-tren-de-pasajeros-mexico-queretaro-en-abril","status":"publish","type":"post","link":"https:\/\/www.nexoinformativo.mx\/index.php\/2024\/11\/18\/mauricio-kuri-inician-obras-del-tren-de-pasajeros-mexico-queretaro-en-abril\/","title":{"rendered":"Mauricio Kuri: Inician Obras del tren de pasajeros M\u00e9xico-Quer\u00e9taro en Abril"},"content":{"rendered":"<p style=\"text-align: justify;\">El gobernador Mauricio Kuri Gonz\u00e1lez anunci\u00f3 que las obras de construcci\u00f3n del tren de pasajeros M\u00e9xico-Quer\u00e9taro comenzar\u00e1n en abril pr\u00f3ximo. Seg\u00fan inform\u00f3 el Gobierno de M\u00e9xico, los trabajos se llevar\u00e1n a cabo en varios frentes, avanzando 7 kil\u00f3metros cada mes, con el objetivo de terminar primero el tramo que se iniciar\u00e1 desde Quer\u00e9taro.<\/p>\n<p>&nbsp;<\/p>\n<p style=\"text-align: justify;\">Kuri mencion\u00f3 que el Gobierno de M\u00e9xico solicit\u00f3 apoyo de los gobiernos municipales de Quer\u00e9taro, El Marqu\u00e9s y Pedro Escobedo para continuar con los trabajos del proyecto del tren. El gobierno federal trabaja en la definici\u00f3n del trazo y, una vez definido, el gobierno de Quer\u00e9taro ayudar\u00e1 en la liberaci\u00f3n del terreno por donde pasar\u00e1 la v\u00eda.<\/p>\n<p>&nbsp;<\/p>\n<p style=\"text-align: justify;\">El gobernador adelant\u00f3 que en diciembre el gobierno federal anunciar\u00e1 los proyectos de infraestructura que llevar\u00e1 a cabo en Quer\u00e9taro, incluyendo la pavimentaci\u00f3n de la carretera federal Xilitla-San Juan del R\u00edo, que no ha recibido conservaci\u00f3n en dos a\u00f1os.<\/p>\n<p>&nbsp;<\/p>\n<p style=\"text-align: justify;\">Adem\u00e1s, Kuri mencion\u00f3 que el secretario de educaci\u00f3n, Mario Delgado, se mostr\u00f3 accesible para apoyar a Quer\u00e9taro en temas educativos.<\/p>\n<p>&nbsp;<\/p>\n<p style=\"text-align: center;\"><em><strong>\u00a1Informaci\u00f3n que transforma!<\/strong><\/em><\/p>\n","protected":false},"excerpt":{"rendered":"<p>El gobernador Mauricio Kuri Gonz\u00e1lez anunci\u00f3 que las obras de construcci\u00f3n del tren de pasajeros M\u00e9xico-Quer\u00e9taro comenzar\u00e1n en abril pr\u00f3ximo<\/p>\n","protected":false},"author":3,"featured_media":6328,"comment_status":"open","ping_status":"open","sticky":false,"template":"","format":"standard","meta":{"footnotes":""},"categories":[42,58],"tags":[734,661,133,1009],"class_list":["post-6327","post","type-post","status-publish","format-standard","has-post-thumbnail","hentry","category-estado","category-ultima-hora","tag-infraestructura","tag-mauriciokuri","tag-queretaro","tag-trenmexicoqueretaro"],"yoast_head":"<!-- This site is optimized with the Yoast SEO plugin v25.0 - https:\/\/yoast.com\/wordpress\/plugins\/seo\/ -->\n<title>Mauricio Kuri: Inician Obras del tren de pasajeros M\u00e9xico-Quer\u00e9taro en Abril | Nexo Informativo Santiago de Quer\u00e9taro<\/title>\n<meta name=\"description\" content=\"Mauricio Kuri: Inician Obras del tren de pasajeros M\u00e9xico-Quer\u00e9taro en Abril\" \/>\n<meta name=\"robots\" content=\"index, follow, max-snippet:-1, max-image-preview:large, max-video-preview:-1\" \/>\n<link rel=\"canonical\" href=\"https:\/\/www.nexoinformativo.mx\/index.php\/2024\/11\/18\/mauricio-kuri-inician-obras-del-tren-de-pasajeros-mexico-queretaro-en-abril\/\" \/>\n<meta property=\"og:locale\" content=\"es_MX\" \/>\n<meta property=\"og:type\" content=\"article\" \/>\n<meta property=\"og:title\" content=\"Mauricio Kuri: Inician Obras del tren de pasajeros M\u00e9xico-Quer\u00e9taro en Abril | Nexo Informativo Santiago de Quer\u00e9taro\" \/>\n<meta property=\"og:description\" content=\"Mauricio Kuri: Inician Obras del tren de pasajeros M\u00e9xico-Quer\u00e9taro en Abril\" \/>\n<meta property=\"og:url\" content=\"https:\/\/www.nexoinformativo.mx\/index.php\/2024\/11\/18\/mauricio-kuri-inician-obras-del-tren-de-pasajeros-mexico-queretaro-en-abril\/\" \/>\n<meta property=\"og:site_name\" content=\"Nexo Informativo Santiago de Quer\u00e9taro\" \/>\n<meta property=\"article:publisher\" content=\"https:\/\/www.facebook.com\/people\/Nexo-Informativo\/61564066885511\/\" \/>\n<meta property=\"article:published_time\" content=\"2024-11-18T19:00:27+00:00\" \/>\n<meta property=\"article:modified_time\" content=\"2024-11-18T19:55:51+00:00\" \/>\n<meta property=\"og:image\" content=\"https:\/\/www.nexoinformativo.mx\/wp-content\/uploads\/2024\/11\/PHOTO-2024-11-18-11-27-40-e1731959704993.jpg\" \/>\n\t<meta property=\"og:image:width\" content=\"700\" \/>\n\t<meta property=\"og:image:height\" content=\"394\" \/>\n\t<meta property=\"og:image:type\" content=\"image\/jpeg\" \/>\n<meta name=\"author\" content=\"Nexo Informativo\" \/>\n<meta name=\"twitter:card\" content=\"summary_large_image\" \/>\n<meta name=\"twitter:label1\" content=\"Escrito por\" \/>\n\t<meta name=\"twitter:data1\" content=\"Nexo Informativo\" \/>\n\t<meta name=\"twitter:label2\" content=\"Tiempo de lectura\" \/>\n\t<meta name=\"twitter:data2\" content=\"1 minuto\" \/>\n<script type=\"application\/ld+json\" class=\"yoast-schema-graph\">{\"@context\":\"https:\/\/schema.org\",\"@graph\":[{\"@type\":\"Article\",\"@id\":\"https:\/\/www.nexoinformativo.mx\/index.php\/2024\/11\/18\/mauricio-kuri-inician-obras-del-tren-de-pasajeros-mexico-queretaro-en-abril\/#article\",\"isPartOf\":{\"@id\":\"https:\/\/www.nexoinformativo.mx\/index.php\/2024\/11\/18\/mauricio-kuri-inician-obras-del-tren-de-pasajeros-mexico-queretaro-en-abril\/\"},\"author\":{\"name\":\"Nexo Informativo\",\"@id\":\"https:\/\/www.nexoinformativo.mx\/#\/schema\/person\/7749d380ba08c8ca00d7bc76fd907b7d\"},\"headline\":\"Mauricio Kuri: Inician Obras del tren de pasajeros M\u00e9xico-Quer\u00e9taro en Abril\",\"datePublished\":\"2024-11-18T19:00:27+00:00\",\"dateModified\":\"2024-11-18T19:55:51+00:00\",\"mainEntityOfPage\":{\"@id\":\"https:\/\/www.nexoinformativo.mx\/index.php\/2024\/11\/18\/mauricio-kuri-inician-obras-del-tren-de-pasajeros-mexico-queretaro-en-abril\/\"},\"wordCount\":215,\"commentCount\":0,\"publisher\":{\"@id\":\"https:\/\/www.nexoinformativo.mx\/#organization\"},\"image\":{\"@id\":\"https:\/\/www.nexoinformativo.mx\/index.php\/2024\/11\/18\/mauricio-kuri-inician-obras-del-tren-de-pasajeros-mexico-queretaro-en-abril\/#primaryimage\"},\"thumbnailUrl\":\"https:\/\/www.nexoinformativo.mx\/wp-content\/uploads\/2024\/11\/PHOTO-2024-11-18-11-27-40-e1731959704993.jpg\",\"keywords\":[\"Infraestructura\",\"MauricioKuri\",\"Quer\u00e9taro\",\"TrenMexicoQuer\u00e9taro\"],\"articleSection\":[\"Estado\",\"\u00daltima Hora\"],\"inLanguage\":\"es\",\"potentialAction\":[{\"@type\":\"CommentAction\",\"name\":\"Comment\",\"target\":[\"https:\/\/www.nexoinformativo.mx\/index.php\/2024\/11\/18\/mauricio-kuri-inician-obras-del-tren-de-pasajeros-mexico-queretaro-en-abril\/#respond\"]}]},{\"@type\":\"WebPage\",\"@id\":\"https:\/\/www.nexoinformativo.mx\/index.php\/2024\/11\/18\/mauricio-kuri-inician-obras-del-tren-de-pasajeros-mexico-queretaro-en-abril\/\",\"url\":\"https:\/\/www.nexoinformativo.mx\/index.php\/2024\/11\/18\/mauricio-kuri-inician-obras-del-tren-de-pasajeros-mexico-queretaro-en-abril\/\",\"name\":\"Mauricio Kuri: Inician Obras del tren de pasajeros M\u00e9xico-Quer\u00e9taro en Abril | Nexo Informativo Santiago de Quer\u00e9taro\",\"isPartOf\":{\"@id\":\"https:\/\/www.nexoinformativo.mx\/#website\"},\"primaryImageOfPage\":{\"@id\":\"https:\/\/www.nexoinformativo.mx\/index.php\/2024\/11\/18\/mauricio-kuri-inician-obras-del-tren-de-pasajeros-mexico-queretaro-en-abril\/#primaryimage\"},\"image\":{\"@id\":\"https:\/\/www.nexoinformativo.mx\/index.php\/2024\/11\/18\/mauricio-kuri-inician-obras-del-tren-de-pasajeros-mexico-queretaro-en-abril\/#primaryimage\"},\"thumbnailUrl\":\"https:\/\/www.nexoinformativo.mx\/wp-content\/uploads\/2024\/11\/PHOTO-2024-11-18-11-27-40-e1731959704993.jpg\",\"datePublished\":\"2024-11-18T19:00:27+00:00\",\"dateModified\":\"2024-11-18T19:55:51+00:00\",\"description\":\"Mauricio Kuri: Inician Obras del tren de pasajeros M\u00e9xico-Quer\u00e9taro en Abril\",\"breadcrumb\":{\"@id\":\"https:\/\/www.nexoinformativo.mx\/index.php\/2024\/11\/18\/mauricio-kuri-inician-obras-del-tren-de-pasajeros-mexico-queretaro-en-abril\/#breadcrumb\"},\"inLanguage\":\"es\",\"potentialAction\":[{\"@type\":\"ReadAction\",\"target\":[\"https:\/\/www.nexoinformativo.mx\/index.php\/2024\/11\/18\/mauricio-kuri-inician-obras-del-tren-de-pasajeros-mexico-queretaro-en-abril\/\"]}]},{\"@type\":\"ImageObject\",\"inLanguage\":\"es\",\"@id\":\"https:\/\/www.nexoinformativo.mx\/index.php\/2024\/11\/18\/mauricio-kuri-inician-obras-del-tren-de-pasajeros-mexico-queretaro-en-abril\/#primaryimage\",\"url\":\"https:\/\/www.nexoinformativo.mx\/wp-content\/uploads\/2024\/11\/PHOTO-2024-11-18-11-27-40-e1731959704993.jpg\",\"contentUrl\":\"https:\/\/www.nexoinformativo.mx\/wp-content\/uploads\/2024\/11\/PHOTO-2024-11-18-11-27-40-e1731959704993.jpg\",\"width\":700,\"height\":394},{\"@type\":\"BreadcrumbList\",\"@id\":\"https:\/\/www.nexoinformativo.mx\/index.php\/2024\/11\/18\/mauricio-kuri-inician-obras-del-tren-de-pasajeros-mexico-queretaro-en-abril\/#breadcrumb\",\"itemListElement\":[{\"@type\":\"ListItem\",\"position\":1,\"name\":\"Inicio\",\"item\":\"https:\/\/www.nexoinformativo.mx\/\"},{\"@type\":\"ListItem\",\"position\":2,\"name\":\"Mauricio Kuri: Inician Obras del tren de pasajeros M\u00e9xico-Quer\u00e9taro en Abril\"}]},{\"@type\":\"WebSite\",\"@id\":\"https:\/\/www.nexoinformativo.mx\/#website\",\"url\":\"https:\/\/www.nexoinformativo.mx\/\",\"name\":\"Nexo Informativo Santiago de Quer\u00e9taro\",\"description\":\"Explora NexoInformativo y convi\u00e9rtete en parte de una comunidad que valora el conocimiento y la verdad. Tu nexoinformativo es tu puente hacia una comprensi\u00f3n m\u00e1s profunda del mundo que te rodea.\",\"publisher\":{\"@id\":\"https:\/\/www.nexoinformativo.mx\/#organization\"},\"potentialAction\":[{\"@type\":\"SearchAction\",\"target\":{\"@type\":\"EntryPoint\",\"urlTemplate\":\"https:\/\/www.nexoinformativo.mx\/?s={search_term_string}\"},\"query-input\":{\"@type\":\"PropertyValueSpecification\",\"valueRequired\":true,\"valueName\":\"search_term_string\"}}],\"inLanguage\":\"es\"},{\"@type\":\"Organization\",\"@id\":\"https:\/\/www.nexoinformativo.mx\/#organization\",\"name\":\"Nexo Informativo Santiago de Quer\u00e9taro\",\"url\":\"https:\/\/www.nexoinformativo.mx\/\",\"logo\":{\"@type\":\"ImageObject\",\"inLanguage\":\"es\",\"@id\":\"https:\/\/www.nexoinformativo.mx\/#\/schema\/logo\/image\/\",\"url\":\"https:\/\/www.nexoinformativo.mx\/wp-content\/uploads\/2024\/07\/nexoi-trasparente-2.png\",\"contentUrl\":\"https:\/\/www.nexoinformativo.mx\/wp-content\/uploads\/2024\/07\/nexoi-trasparente-2.png\",\"width\":816,\"height\":339,\"caption\":\"Nexo Informativo Santiago de Quer\u00e9taro\"},\"image\":{\"@id\":\"https:\/\/www.nexoinformativo.mx\/#\/schema\/logo\/image\/\"},\"sameAs\":[\"https:\/\/www.facebook.com\/people\/Nexo-Informativo\/61564066885511\/\"]},{\"@type\":\"Person\",\"@id\":\"https:\/\/www.nexoinformativo.mx\/#\/schema\/person\/7749d380ba08c8ca00d7bc76fd907b7d\",\"name\":\"Nexo Informativo\",\"image\":{\"@type\":\"ImageObject\",\"inLanguage\":\"es\",\"@id\":\"https:\/\/www.nexoinformativo.mx\/#\/schema\/person\/image\/\",\"url\":\"https:\/\/secure.gravatar.com\/avatar\/dde2928154642a13d95f87ddf1ea9718fe2b46760a005c53e41ff5ad610704e6?s=96&d=mm&r=g\",\"contentUrl\":\"https:\/\/secure.gravatar.com\/avatar\/dde2928154642a13d95f87ddf1ea9718fe2b46760a005c53e41ff5ad610704e6?s=96&d=mm&r=g\",\"caption\":\"Nexo Informativo\"},\"url\":\"https:\/\/www.nexoinformativo.mx\/index.php\/author\/edicion\/\"}]}<\/script>\n<!-- \/ Yoast SEO plugin. -->","yoast_head_json":{"title":"Mauricio Kuri: Inician Obras del tren de pasajeros M\u00e9xico-Quer\u00e9taro en Abril | Nexo Informativo Santiago de Quer\u00e9taro","description":"Mauricio Kuri: Inician Obras del tren de pasajeros M\u00e9xico-Quer\u00e9taro en Abril","robots":{"index":"index","follow":"follow","max-snippet":"max-snippet:-1","max-image-preview":"max-image-preview:large","max-video-preview":"max-video-preview:-1"},"canonical":"https:\/\/www.nexoinformativo.mx\/index.php\/2024\/11\/18\/mauricio-kuri-inician-obras-del-tren-de-pasajeros-mexico-queretaro-en-abril\/","og_locale":"es_MX","og_type":"article","og_title":"Mauricio Kuri: Inician Obras del tren de pasajeros M\u00e9xico-Quer\u00e9taro en Abril | Nexo Informativo Santiago de Quer\u00e9taro","og_description":"Mauricio Kuri: Inician Obras del tren de pasajeros M\u00e9xico-Quer\u00e9taro en Abril","og_url":"https:\/\/www.nexoinformativo.mx\/index.php\/2024\/11\/18\/mauricio-kuri-inician-obras-del-tren-de-pasajeros-mexico-queretaro-en-abril\/","og_site_name":"Nexo Informativo Santiago de Quer\u00e9taro","article_publisher":"https:\/\/www.facebook.com\/people\/Nexo-Informativo\/61564066885511\/","article_published_time":"2024-11-18T19:00:27+00:00","article_modified_time":"2024-11-18T19:55:51+00:00","og_image":[{"width":700,"height":394,"url":"https:\/\/www.nexoinformativo.mx\/wp-content\/uploads\/2024\/11\/PHOTO-2024-11-18-11-27-40-e1731959704993.jpg","type":"image\/jpeg"}],"author":"Nexo Informativo","twitter_card":"summary_large_image","twitter_misc":{"Escrito por":"Nexo Informativo","Tiempo de lectura":"1 minuto"},"schema":{"@context":"https:\/\/schema.org","@graph":[{"@type":"Article","@id":"https:\/\/www.nexoinformativo.mx\/index.php\/2024\/11\/18\/mauricio-kuri-inician-obras-del-tren-de-pasajeros-mexico-queretaro-en-abril\/#article","isPartOf":{"@id":"https:\/\/www.nexoinformativo.mx\/index.php\/2024\/11\/18\/mauricio-kuri-inician-obras-del-tren-de-pasajeros-mexico-queretaro-en-abril\/"},"author":{"name":"Nexo Informativo","@id":"https:\/\/www.nexoinformativo.mx\/#\/schema\/person\/7749d380ba08c8ca00d7bc76fd907b7d"},"headline":"Mauricio Kuri: Inician Obras del tren de pasajeros M\u00e9xico-Quer\u00e9taro en Abril","datePublished":"2024-11-18T19:00:27+00:00","dateModified":"2024-11-18T19:55:51+00:00","mainEntityOfPage":{"@id":"https:\/\/www.nexoinformativo.mx\/index.php\/2024\/11\/18\/mauricio-kuri-inician-obras-del-tren-de-pasajeros-mexico-queretaro-en-abril\/"},"wordCount":215,"commentCount":0,"publisher":{"@id":"https:\/\/www.nexoinformativo.mx\/#organization"},"image":{"@id":"https:\/\/www.nexoinformativo.mx\/index.php\/2024\/11\/18\/mauricio-kuri-inician-obras-del-tren-de-pasajeros-mexico-queretaro-en-abril\/#primaryimage"},"thumbnailUrl":"https:\/\/www.nexoinformativo.mx\/wp-content\/uploads\/2024\/11\/PHOTO-2024-11-18-11-27-40-e1731959704993.jpg","keywords":["Infraestructura","MauricioKuri","Quer\u00e9taro","TrenMexicoQuer\u00e9taro"],"articleSection":["Estado","\u00daltima Hora"],"inLanguage":"es","potentialAction":[{"@type":"CommentAction","name":"Comment","target":["https:\/\/www.nexoinformativo.mx\/index.php\/2024\/11\/18\/mauricio-kuri-inician-obras-del-tren-de-pasajeros-mexico-queretaro-en-abril\/#respond"]}]},{"@type":"WebPage","@id":"https:\/\/www.nexoinformativo.mx\/index.php\/2024\/11\/18\/mauricio-kuri-inician-obras-del-tren-de-pasajeros-mexico-queretaro-en-abril\/","url":"https:\/\/www.nexoinformativo.mx\/index.php\/2024\/11\/18\/mauricio-kuri-inician-obras-del-tren-de-pasajeros-mexico-queretaro-en-abril\/","name":"Mauricio Kuri: Inician Obras del tren de pasajeros M\u00e9xico-Quer\u00e9taro en Abril | Nexo Informativo Santiago de Quer\u00e9taro","isPartOf":{"@id":"https:\/\/www.nexoinformativo.mx\/#website"},"primaryImageOfPage":{"@id":"https:\/\/www.nexoinformativo.mx\/index.php\/2024\/11\/18\/mauricio-kuri-inician-obras-del-tren-de-pasajeros-mexico-queretaro-en-abril\/#primaryimage"},"image":{"@id":"https:\/\/www.nexoinformativo.mx\/index.php\/2024\/11\/18\/mauricio-kuri-inician-obras-del-tren-de-pasajeros-mexico-queretaro-en-abril\/#primaryimage"},"thumbnailUrl":"https:\/\/www.nexoinformativo.mx\/wp-content\/uploads\/2024\/11\/PHOTO-2024-11-18-11-27-40-e1731959704993.jpg","datePublished":"2024-11-18T19:00:27+00:00","dateModified":"2024-11-18T19:55:51+00:00","description":"Mauricio Kuri: Inician Obras del tren de pasajeros M\u00e9xico-Quer\u00e9taro en Abril","breadcrumb":{"@id":"https:\/\/www.nexoinformativo.mx\/index.php\/2024\/11\/18\/mauricio-kuri-inician-obras-del-tren-de-pasajeros-mexico-queretaro-en-abril\/#breadcrumb"},"inLanguage":"es","potentialAction":[{"@type":"ReadAction","target":["https:\/\/www.nexoinformativo.mx\/index.php\/2024\/11\/18\/mauricio-kuri-inician-obras-del-tren-de-pasajeros-mexico-queretaro-en-abril\/"]}]},{"@type":"ImageObject","inLanguage":"es","@id":"https:\/\/www.nexoinformativo.mx\/index.php\/2024\/11\/18\/mauricio-kuri-inician-obras-del-tren-de-pasajeros-mexico-queretaro-en-abril\/#primaryimage","url":"https:\/\/www.nexoinformativo.mx\/wp-content\/uploads\/2024\/11\/PHOTO-2024-11-18-11-27-40-e1731959704993.jpg","contentUrl":"https:\/\/www.nexoinformativo.mx\/wp-content\/uploads\/2024\/11\/PHOTO-2024-11-18-11-27-40-e1731959704993.jpg","width":700,"height":394},{"@type":"BreadcrumbList","@id":"https:\/\/www.nexoinformativo.mx\/index.php\/2024\/11\/18\/mauricio-kuri-inician-obras-del-tren-de-pasajeros-mexico-queretaro-en-abril\/#breadcrumb","itemListElement":[{"@type":"ListItem","position":1,"name":"Inicio","item":"https:\/\/www.nexoinformativo.mx\/"},{"@type":"ListItem","position":2,"name":"Mauricio Kuri: Inician Obras del tren de pasajeros M\u00e9xico-Quer\u00e9taro en Abril"}]},{"@type":"WebSite","@id":"https:\/\/www.nexoinformativo.mx\/#website","url":"https:\/\/www.nexoinformativo.mx\/","name":"Nexo Informativo Santiago de Quer\u00e9taro","description":"Explora NexoInformativo y convi\u00e9rtete en parte de una comunidad que valora el conocimiento y la verdad. Tu nexoinformativo es tu puente hacia una comprensi\u00f3n m\u00e1s profunda del mundo que te rodea.","publisher":{"@id":"https:\/\/www.nexoinformativo.mx\/#organization"},"potentialAction":[{"@type":"SearchAction","target":{"@type":"EntryPoint","urlTemplate":"https:\/\/www.nexoinformativo.mx\/?s={search_term_string}"},"query-input":{"@type":"PropertyValueSpecification","valueRequired":true,"valueName":"search_term_string"}}],"inLanguage":"es"},{"@type":"Organization","@id":"https:\/\/www.nexoinformativo.mx\/#organization","name":"Nexo Informativo Santiago de Quer\u00e9taro","url":"https:\/\/www.nexoinformativo.mx\/","logo":{"@type":"ImageObject","inLanguage":"es","@id":"https:\/\/www.nexoinformativo.mx\/#\/schema\/logo\/image\/","url":"https:\/\/www.nexoinformativo.mx\/wp-content\/uploads\/2024\/07\/nexoi-trasparente-2.png","contentUrl":"https:\/\/www.nexoinformativo.mx\/wp-content\/uploads\/2024\/07\/nexoi-trasparente-2.png","width":816,"height":339,"caption":"Nexo Informativo Santiago de Quer\u00e9taro"},"image":{"@id":"https:\/\/www.nexoinformativo.mx\/#\/schema\/logo\/image\/"},"sameAs":["https:\/\/www.facebook.com\/people\/Nexo-Informativo\/61564066885511\/"]},{"@type":"Person","@id":"https:\/\/www.nexoinformativo.mx\/#\/schema\/person\/7749d380ba08c8ca00d7bc76fd907b7d","name":"Nexo Informativo","image":{"@type":"ImageObject","inLanguage":"es","@id":"https:\/\/www.nexoinformativo.mx\/#\/schema\/person\/image\/","url":"https:\/\/secure.gravatar.com\/avatar\/dde2928154642a13d95f87ddf1ea9718fe2b46760a005c53e41ff5ad610704e6?s=96&d=mm&r=g","contentUrl":"https:\/\/secure.gravatar.com\/avatar\/dde2928154642a13d95f87ddf1ea9718fe2b46760a005c53e41ff5ad610704e6?s=96&d=mm&r=g","caption":"Nexo Informativo"},"url":"https:\/\/www.nexoinformativo.mx\/index.php\/author\/edicion\/"}]}},"_links":{"self":[{"href":"https:\/\/www.nexoinformativo.mx\/index.php\/wp-json\/wp\/v2\/posts\/6327","targetHints":{"allow":["GET"]}}],"collection":[{"href":"https:\/\/www.nexoinformativo.mx\/index.php\/wp-json\/wp\/v2\/posts"}],"about":[{"href":"https:\/\/www.nexoinformativo.mx\/index.php\/wp-json\/wp\/v2\/types\/post"}],"author":[{"embeddable":true,"href":"https:\/\/www.nexoinformativo.mx\/index.php\/wp-json\/wp\/v2\/users\/3"}],"replies":[{"embeddable":true,"href":"https:\/\/www.nexoinformativo.mx\/index.php\/wp-json\/wp\/v2\/comments?post=6327"}],"version-history":[{"count":3,"href":"https:\/\/www.nexoinformativo.mx\/index.php\/wp-json\/wp\/v2\/posts\/6327\/revisions"}],"predecessor-version":[{"id":6330,"href":"https:\/\/www.nexoinformativo.mx\/index.php\/wp-json\/wp\/v2\/posts\/6327\/revisions\/6330"}],"wp:featuredmedia":[{"embeddable":true,"href":"https:\/\/www.nexoinformativo.mx\/index.php\/wp-json\/wp\/v2\/media\/6328"}],"wp:attachment":[{"href":"https:\/\/www.nexoinformativo.mx\/index.php\/wp-json\/wp\/v2\/media?parent=6327"}],"wp:term":[{"taxonomy":"category","embeddable":true,"href":"https:\/\/www.nexoinformativo.mx\/index.php\/wp-json\/wp\/v2\/categories?post=6327"},{"taxonomy":"post_tag","embeddable":true,"href":"https:\/\/www.nexoinformativo.mx\/index.php\/wp-json\/wp\/v2\/tags?post=6327"}],"curies":[{"name":"wp","href":"https:\/\/api.w.org\/{rel}","templated":true}]}}