{"id":6355,"date":"2024-11-18T17:00:44","date_gmt":"2024-11-18T23:00:44","guid":{"rendered":"https:\/\/www.nexoinformativo.mx\/?p=6355"},"modified":"2024-11-18T18:45:03","modified_gmt":"2024-11-19T00:45:03","slug":"toda-la-fuerza-policiaca-trabaja-en-operativos-por-cierre-de-ano-en-queretaro","status":"publish","type":"post","link":"https:\/\/www.nexoinformativo.mx\/index.php\/2024\/11\/18\/toda-la-fuerza-policiaca-trabaja-en-operativos-por-cierre-de-ano-en-queretaro\/","title":{"rendered":"Toda la fuerza policiaca trabaja en operativos por cierre de a\u00f1o en Quer\u00e9taro"},"content":{"rendered":"<p style=\"text-align: justify;\">El secretario de seguridad ciudadana, Iov\u00e1n El\u00edas P\u00e9rez, anunci\u00f3 que desde el 2 de noviembre hasta el 6 de enero se suspenden las vacaciones para todo el personal de la polic\u00eda estatal. Esta medida busca asegurar que toda la fuerza policiaca participe en los diferentes operativos de seguridad durante las actividades de cierre de a\u00f1o.<\/p>\n<p>&nbsp;<\/p>\n<p style=\"text-align: justify;\">La corporaci\u00f3n implementar\u00e1 diversas estrategias de seguridad durante la Feria Ganadera Internacional de Quer\u00e9taro, las posadas, las fiestas decembrinas, los d\u00edas de entrega de aguinaldo y las festividades de reyes magos. &#8220;<strong>Es un trabajo de mucha demanda y lo estamos haciendo de forma muy coordinada&#8221;<\/strong>, coment\u00f3 P\u00e9rez.<\/p>\n<p>&nbsp;<\/p>\n<p style=\"text-align: justify;\">La polic\u00eda estatal ha colocado puntos de observaci\u00f3n en diferentes vialidades, a trav\u00e9s de los cuales se han asegurado personas, armas de fuego, veh\u00edculos y sustancias t\u00f3xicas. Esta acci\u00f3n es parte de los esfuerzos para mantener la seguridad en el estado.<\/p>\n<p>&nbsp;<\/p>\n<p style=\"text-align: justify;\">El secretario destac\u00f3 la comunicaci\u00f3n constante con el secretario de seguridad ciudadana del Gobierno de M\u00e9xico, Omar Garc\u00eda Harfuch, para realizar varios operativos de seguridad en el estado. Esta colaboraci\u00f3n busca fortalecer la protecci\u00f3n de la ciudadan\u00eda durante el cierre de a\u00f1o.<\/p>\n<p>&nbsp;<\/p>\n<p style=\"text-align: center;\"><em><strong>\u00a1Informaci\u00f3n que transforma!<\/strong><\/em><\/p>\n","protected":false},"excerpt":{"rendered":"<p>El secretario de seguridad ciudadana, Iov\u00e1n El\u00edas P\u00e9rez, anunci\u00f3 que desde el 2 de noviembre hasta el 6 de enero se suspenden las vacaciones para todo el personal de la polic\u00eda estatal.<\/p>\n","protected":false},"author":3,"featured_media":6356,"comment_status":"open","ping_status":"open","sticky":false,"template":"","format":"standard","meta":{"footnotes":""},"categories":[42,58],"tags":[2158,2159,2157,266],"class_list":["post-6355","post","type-post","status-publish","format-standard","has-post-thumbnail","hentry","category-estado","category-ultima-hora","tag-cierredeano","tag-fuerzapoliciaca","tag-operativosdeseguridad","tag-seguridadqueretaro"],"yoast_head":"<!-- This site is optimized with the Yoast SEO plugin v25.0 - https:\/\/yoast.com\/wordpress\/plugins\/seo\/ -->\n<title>Toda la fuerza policiaca trabaja en operativos por cierre de a\u00f1o en Quer\u00e9taro | Nexo Informativo Santiago de Quer\u00e9taro<\/title>\n<meta name=\"description\" content=\"Toda la fuerza policiaca trabaja en operativos por cierre de a\u00f1o en Quer\u00e9taro\" \/>\n<meta name=\"robots\" content=\"index, follow, max-snippet:-1, max-image-preview:large, max-video-preview:-1\" \/>\n<link rel=\"canonical\" href=\"https:\/\/www.nexoinformativo.mx\/index.php\/2024\/11\/18\/toda-la-fuerza-policiaca-trabaja-en-operativos-por-cierre-de-ano-en-queretaro\/\" \/>\n<meta property=\"og:locale\" content=\"es_MX\" \/>\n<meta property=\"og:type\" content=\"article\" \/>\n<meta property=\"og:title\" content=\"Toda la fuerza policiaca trabaja en operativos por cierre de a\u00f1o en Quer\u00e9taro | Nexo Informativo Santiago de Quer\u00e9taro\" \/>\n<meta property=\"og:description\" content=\"Toda la fuerza policiaca trabaja en operativos por cierre de a\u00f1o en Quer\u00e9taro\" \/>\n<meta property=\"og:url\" content=\"https:\/\/www.nexoinformativo.mx\/index.php\/2024\/11\/18\/toda-la-fuerza-policiaca-trabaja-en-operativos-por-cierre-de-ano-en-queretaro\/\" \/>\n<meta property=\"og:site_name\" content=\"Nexo Informativo Santiago de Quer\u00e9taro\" \/>\n<meta property=\"article:publisher\" content=\"https:\/\/www.facebook.com\/people\/Nexo-Informativo\/61564066885511\/\" \/>\n<meta property=\"article:published_time\" content=\"2024-11-18T23:00:44+00:00\" \/>\n<meta property=\"article:modified_time\" content=\"2024-11-19T00:45:03+00:00\" \/>\n<meta property=\"og:image\" content=\"https:\/\/www.nexoinformativo.mx\/wp-content\/uploads\/2024\/11\/PHOTO-2024-11-18-17-31-04-e1731977019420.jpg\" \/>\n\t<meta property=\"og:image:width\" content=\"700\" \/>\n\t<meta property=\"og:image:height\" content=\"525\" \/>\n\t<meta property=\"og:image:type\" content=\"image\/jpeg\" \/>\n<meta name=\"author\" content=\"Nexo Informativo\" \/>\n<meta name=\"twitter:card\" content=\"summary_large_image\" \/>\n<meta name=\"twitter:label1\" content=\"Escrito por\" \/>\n\t<meta name=\"twitter:data1\" content=\"Nexo Informativo\" \/>\n\t<meta name=\"twitter:label2\" content=\"Tiempo de lectura\" \/>\n\t<meta name=\"twitter:data2\" content=\"2 minutos\" \/>\n<script type=\"application\/ld+json\" class=\"yoast-schema-graph\">{\"@context\":\"https:\/\/schema.org\",\"@graph\":[{\"@type\":\"Article\",\"@id\":\"https:\/\/www.nexoinformativo.mx\/index.php\/2024\/11\/18\/toda-la-fuerza-policiaca-trabaja-en-operativos-por-cierre-de-ano-en-queretaro\/#article\",\"isPartOf\":{\"@id\":\"https:\/\/www.nexoinformativo.mx\/index.php\/2024\/11\/18\/toda-la-fuerza-policiaca-trabaja-en-operativos-por-cierre-de-ano-en-queretaro\/\"},\"author\":{\"name\":\"Nexo Informativo\",\"@id\":\"https:\/\/www.nexoinformativo.mx\/#\/schema\/person\/7749d380ba08c8ca00d7bc76fd907b7d\"},\"headline\":\"Toda la fuerza policiaca trabaja en operativos por cierre de a\u00f1o en Quer\u00e9taro\",\"datePublished\":\"2024-11-18T23:00:44+00:00\",\"dateModified\":\"2024-11-19T00:45:03+00:00\",\"mainEntityOfPage\":{\"@id\":\"https:\/\/www.nexoinformativo.mx\/index.php\/2024\/11\/18\/toda-la-fuerza-policiaca-trabaja-en-operativos-por-cierre-de-ano-en-queretaro\/\"},\"wordCount\":228,\"commentCount\":0,\"publisher\":{\"@id\":\"https:\/\/www.nexoinformativo.mx\/#organization\"},\"image\":{\"@id\":\"https:\/\/www.nexoinformativo.mx\/index.php\/2024\/11\/18\/toda-la-fuerza-policiaca-trabaja-en-operativos-por-cierre-de-ano-en-queretaro\/#primaryimage\"},\"thumbnailUrl\":\"https:\/\/www.nexoinformativo.mx\/wp-content\/uploads\/2024\/11\/PHOTO-2024-11-18-17-31-04-e1731977019420.jpg\",\"keywords\":[\"CierreDeA\u00f1o\",\"FuerzaPoliciaca\",\"OperativosDeSeguridad\",\"SeguridadQueretaro\"],\"articleSection\":[\"Estado\",\"\u00daltima Hora\"],\"inLanguage\":\"es\",\"potentialAction\":[{\"@type\":\"CommentAction\",\"name\":\"Comment\",\"target\":[\"https:\/\/www.nexoinformativo.mx\/index.php\/2024\/11\/18\/toda-la-fuerza-policiaca-trabaja-en-operativos-por-cierre-de-ano-en-queretaro\/#respond\"]}]},{\"@type\":\"WebPage\",\"@id\":\"https:\/\/www.nexoinformativo.mx\/index.php\/2024\/11\/18\/toda-la-fuerza-policiaca-trabaja-en-operativos-por-cierre-de-ano-en-queretaro\/\",\"url\":\"https:\/\/www.nexoinformativo.mx\/index.php\/2024\/11\/18\/toda-la-fuerza-policiaca-trabaja-en-operativos-por-cierre-de-ano-en-queretaro\/\",\"name\":\"Toda la fuerza policiaca trabaja en operativos por cierre de a\u00f1o en Quer\u00e9taro | Nexo Informativo Santiago de Quer\u00e9taro\",\"isPartOf\":{\"@id\":\"https:\/\/www.nexoinformativo.mx\/#website\"},\"primaryImageOfPage\":{\"@id\":\"https:\/\/www.nexoinformativo.mx\/index.php\/2024\/11\/18\/toda-la-fuerza-policiaca-trabaja-en-operativos-por-cierre-de-ano-en-queretaro\/#primaryimage\"},\"image\":{\"@id\":\"https:\/\/www.nexoinformativo.mx\/index.php\/2024\/11\/18\/toda-la-fuerza-policiaca-trabaja-en-operativos-por-cierre-de-ano-en-queretaro\/#primaryimage\"},\"thumbnailUrl\":\"https:\/\/www.nexoinformativo.mx\/wp-content\/uploads\/2024\/11\/PHOTO-2024-11-18-17-31-04-e1731977019420.jpg\",\"datePublished\":\"2024-11-18T23:00:44+00:00\",\"dateModified\":\"2024-11-19T00:45:03+00:00\",\"description\":\"Toda la fuerza policiaca trabaja en operativos por cierre de a\u00f1o en Quer\u00e9taro\",\"breadcrumb\":{\"@id\":\"https:\/\/www.nexoinformativo.mx\/index.php\/2024\/11\/18\/toda-la-fuerza-policiaca-trabaja-en-operativos-por-cierre-de-ano-en-queretaro\/#breadcrumb\"},\"inLanguage\":\"es\",\"potentialAction\":[{\"@type\":\"ReadAction\",\"target\":[\"https:\/\/www.nexoinformativo.mx\/index.php\/2024\/11\/18\/toda-la-fuerza-policiaca-trabaja-en-operativos-por-cierre-de-ano-en-queretaro\/\"]}]},{\"@type\":\"ImageObject\",\"inLanguage\":\"es\",\"@id\":\"https:\/\/www.nexoinformativo.mx\/index.php\/2024\/11\/18\/toda-la-fuerza-policiaca-trabaja-en-operativos-por-cierre-de-ano-en-queretaro\/#primaryimage\",\"url\":\"https:\/\/www.nexoinformativo.mx\/wp-content\/uploads\/2024\/11\/PHOTO-2024-11-18-17-31-04-e1731977019420.jpg\",\"contentUrl\":\"https:\/\/www.nexoinformativo.mx\/wp-content\/uploads\/2024\/11\/PHOTO-2024-11-18-17-31-04-e1731977019420.jpg\",\"width\":700,\"height\":525},{\"@type\":\"BreadcrumbList\",\"@id\":\"https:\/\/www.nexoinformativo.mx\/index.php\/2024\/11\/18\/toda-la-fuerza-policiaca-trabaja-en-operativos-por-cierre-de-ano-en-queretaro\/#breadcrumb\",\"itemListElement\":[{\"@type\":\"ListItem\",\"position\":1,\"name\":\"Inicio\",\"item\":\"https:\/\/www.nexoinformativo.mx\/\"},{\"@type\":\"ListItem\",\"position\":2,\"name\":\"Toda la fuerza policiaca trabaja en operativos por cierre de a\u00f1o en Quer\u00e9taro\"}]},{\"@type\":\"WebSite\",\"@id\":\"https:\/\/www.nexoinformativo.mx\/#website\",\"url\":\"https:\/\/www.nexoinformativo.mx\/\",\"name\":\"Nexo Informativo Santiago de Quer\u00e9taro\",\"description\":\"Explora NexoInformativo y convi\u00e9rtete en parte de una comunidad que valora el conocimiento y la verdad. Tu nexoinformativo es tu puente hacia una comprensi\u00f3n m\u00e1s profunda del mundo que te rodea.\",\"publisher\":{\"@id\":\"https:\/\/www.nexoinformativo.mx\/#organization\"},\"potentialAction\":[{\"@type\":\"SearchAction\",\"target\":{\"@type\":\"EntryPoint\",\"urlTemplate\":\"https:\/\/www.nexoinformativo.mx\/?s={search_term_string}\"},\"query-input\":{\"@type\":\"PropertyValueSpecification\",\"valueRequired\":true,\"valueName\":\"search_term_string\"}}],\"inLanguage\":\"es\"},{\"@type\":\"Organization\",\"@id\":\"https:\/\/www.nexoinformativo.mx\/#organization\",\"name\":\"Nexo Informativo Santiago de Quer\u00e9taro\",\"url\":\"https:\/\/www.nexoinformativo.mx\/\",\"logo\":{\"@type\":\"ImageObject\",\"inLanguage\":\"es\",\"@id\":\"https:\/\/www.nexoinformativo.mx\/#\/schema\/logo\/image\/\",\"url\":\"https:\/\/www.nexoinformativo.mx\/wp-content\/uploads\/2024\/07\/nexoi-trasparente-2.png\",\"contentUrl\":\"https:\/\/www.nexoinformativo.mx\/wp-content\/uploads\/2024\/07\/nexoi-trasparente-2.png\",\"width\":816,\"height\":339,\"caption\":\"Nexo Informativo Santiago de Quer\u00e9taro\"},\"image\":{\"@id\":\"https:\/\/www.nexoinformativo.mx\/#\/schema\/logo\/image\/\"},\"sameAs\":[\"https:\/\/www.facebook.com\/people\/Nexo-Informativo\/61564066885511\/\"]},{\"@type\":\"Person\",\"@id\":\"https:\/\/www.nexoinformativo.mx\/#\/schema\/person\/7749d380ba08c8ca00d7bc76fd907b7d\",\"name\":\"Nexo Informativo\",\"image\":{\"@type\":\"ImageObject\",\"inLanguage\":\"es\",\"@id\":\"https:\/\/www.nexoinformativo.mx\/#\/schema\/person\/image\/\",\"url\":\"https:\/\/secure.gravatar.com\/avatar\/dde2928154642a13d95f87ddf1ea9718fe2b46760a005c53e41ff5ad610704e6?s=96&d=mm&r=g\",\"contentUrl\":\"https:\/\/secure.gravatar.com\/avatar\/dde2928154642a13d95f87ddf1ea9718fe2b46760a005c53e41ff5ad610704e6?s=96&d=mm&r=g\",\"caption\":\"Nexo Informativo\"},\"url\":\"https:\/\/www.nexoinformativo.mx\/index.php\/author\/edicion\/\"}]}<\/script>\n<!-- \/ Yoast SEO plugin. -->","yoast_head_json":{"title":"Toda la fuerza policiaca trabaja en operativos por cierre de a\u00f1o en Quer\u00e9taro | Nexo Informativo Santiago de Quer\u00e9taro","description":"Toda la fuerza policiaca trabaja en operativos por cierre de a\u00f1o en Quer\u00e9taro","robots":{"index":"index","follow":"follow","max-snippet":"max-snippet:-1","max-image-preview":"max-image-preview:large","max-video-preview":"max-video-preview:-1"},"canonical":"https:\/\/www.nexoinformativo.mx\/index.php\/2024\/11\/18\/toda-la-fuerza-policiaca-trabaja-en-operativos-por-cierre-de-ano-en-queretaro\/","og_locale":"es_MX","og_type":"article","og_title":"Toda la fuerza policiaca trabaja en operativos por cierre de a\u00f1o en Quer\u00e9taro | Nexo Informativo Santiago de Quer\u00e9taro","og_description":"Toda la fuerza policiaca trabaja en operativos por cierre de a\u00f1o en Quer\u00e9taro","og_url":"https:\/\/www.nexoinformativo.mx\/index.php\/2024\/11\/18\/toda-la-fuerza-policiaca-trabaja-en-operativos-por-cierre-de-ano-en-queretaro\/","og_site_name":"Nexo Informativo Santiago de Quer\u00e9taro","article_publisher":"https:\/\/www.facebook.com\/people\/Nexo-Informativo\/61564066885511\/","article_published_time":"2024-11-18T23:00:44+00:00","article_modified_time":"2024-11-19T00:45:03+00:00","og_image":[{"width":700,"height":525,"url":"https:\/\/www.nexoinformativo.mx\/wp-content\/uploads\/2024\/11\/PHOTO-2024-11-18-17-31-04-e1731977019420.jpg","type":"image\/jpeg"}],"author":"Nexo Informativo","twitter_card":"summary_large_image","twitter_misc":{"Escrito por":"Nexo Informativo","Tiempo de lectura":"2 minutos"},"schema":{"@context":"https:\/\/schema.org","@graph":[{"@type":"Article","@id":"https:\/\/www.nexoinformativo.mx\/index.php\/2024\/11\/18\/toda-la-fuerza-policiaca-trabaja-en-operativos-por-cierre-de-ano-en-queretaro\/#article","isPartOf":{"@id":"https:\/\/www.nexoinformativo.mx\/index.php\/2024\/11\/18\/toda-la-fuerza-policiaca-trabaja-en-operativos-por-cierre-de-ano-en-queretaro\/"},"author":{"name":"Nexo Informativo","@id":"https:\/\/www.nexoinformativo.mx\/#\/schema\/person\/7749d380ba08c8ca00d7bc76fd907b7d"},"headline":"Toda la fuerza policiaca trabaja en operativos por cierre de a\u00f1o en Quer\u00e9taro","datePublished":"2024-11-18T23:00:44+00:00","dateModified":"2024-11-19T00:45:03+00:00","mainEntityOfPage":{"@id":"https:\/\/www.nexoinformativo.mx\/index.php\/2024\/11\/18\/toda-la-fuerza-policiaca-trabaja-en-operativos-por-cierre-de-ano-en-queretaro\/"},"wordCount":228,"commentCount":0,"publisher":{"@id":"https:\/\/www.nexoinformativo.mx\/#organization"},"image":{"@id":"https:\/\/www.nexoinformativo.mx\/index.php\/2024\/11\/18\/toda-la-fuerza-policiaca-trabaja-en-operativos-por-cierre-de-ano-en-queretaro\/#primaryimage"},"thumbnailUrl":"https:\/\/www.nexoinformativo.mx\/wp-content\/uploads\/2024\/11\/PHOTO-2024-11-18-17-31-04-e1731977019420.jpg","keywords":["CierreDeA\u00f1o","FuerzaPoliciaca","OperativosDeSeguridad","SeguridadQueretaro"],"articleSection":["Estado","\u00daltima Hora"],"inLanguage":"es","potentialAction":[{"@type":"CommentAction","name":"Comment","target":["https:\/\/www.nexoinformativo.mx\/index.php\/2024\/11\/18\/toda-la-fuerza-policiaca-trabaja-en-operativos-por-cierre-de-ano-en-queretaro\/#respond"]}]},{"@type":"WebPage","@id":"https:\/\/www.nexoinformativo.mx\/index.php\/2024\/11\/18\/toda-la-fuerza-policiaca-trabaja-en-operativos-por-cierre-de-ano-en-queretaro\/","url":"https:\/\/www.nexoinformativo.mx\/index.php\/2024\/11\/18\/toda-la-fuerza-policiaca-trabaja-en-operativos-por-cierre-de-ano-en-queretaro\/","name":"Toda la fuerza policiaca trabaja en operativos por cierre de a\u00f1o en Quer\u00e9taro | Nexo Informativo Santiago de Quer\u00e9taro","isPartOf":{"@id":"https:\/\/www.nexoinformativo.mx\/#website"},"primaryImageOfPage":{"@id":"https:\/\/www.nexoinformativo.mx\/index.php\/2024\/11\/18\/toda-la-fuerza-policiaca-trabaja-en-operativos-por-cierre-de-ano-en-queretaro\/#primaryimage"},"image":{"@id":"https:\/\/www.nexoinformativo.mx\/index.php\/2024\/11\/18\/toda-la-fuerza-policiaca-trabaja-en-operativos-por-cierre-de-ano-en-queretaro\/#primaryimage"},"thumbnailUrl":"https:\/\/www.nexoinformativo.mx\/wp-content\/uploads\/2024\/11\/PHOTO-2024-11-18-17-31-04-e1731977019420.jpg","datePublished":"2024-11-18T23:00:44+00:00","dateModified":"2024-11-19T00:45:03+00:00","description":"Toda la fuerza policiaca trabaja en operativos por cierre de a\u00f1o en Quer\u00e9taro","breadcrumb":{"@id":"https:\/\/www.nexoinformativo.mx\/index.php\/2024\/11\/18\/toda-la-fuerza-policiaca-trabaja-en-operativos-por-cierre-de-ano-en-queretaro\/#breadcrumb"},"inLanguage":"es","potentialAction":[{"@type":"ReadAction","target":["https:\/\/www.nexoinformativo.mx\/index.php\/2024\/11\/18\/toda-la-fuerza-policiaca-trabaja-en-operativos-por-cierre-de-ano-en-queretaro\/"]}]},{"@type":"ImageObject","inLanguage":"es","@id":"https:\/\/www.nexoinformativo.mx\/index.php\/2024\/11\/18\/toda-la-fuerza-policiaca-trabaja-en-operativos-por-cierre-de-ano-en-queretaro\/#primaryimage","url":"https:\/\/www.nexoinformativo.mx\/wp-content\/uploads\/2024\/11\/PHOTO-2024-11-18-17-31-04-e1731977019420.jpg","contentUrl":"https:\/\/www.nexoinformativo.mx\/wp-content\/uploads\/2024\/11\/PHOTO-2024-11-18-17-31-04-e1731977019420.jpg","width":700,"height":525},{"@type":"BreadcrumbList","@id":"https:\/\/www.nexoinformativo.mx\/index.php\/2024\/11\/18\/toda-la-fuerza-policiaca-trabaja-en-operativos-por-cierre-de-ano-en-queretaro\/#breadcrumb","itemListElement":[{"@type":"ListItem","position":1,"name":"Inicio","item":"https:\/\/www.nexoinformativo.mx\/"},{"@type":"ListItem","position":2,"name":"Toda la fuerza policiaca trabaja en operativos por cierre de a\u00f1o en Quer\u00e9taro"}]},{"@type":"WebSite","@id":"https:\/\/www.nexoinformativo.mx\/#website","url":"https:\/\/www.nexoinformativo.mx\/","name":"Nexo Informativo Santiago de Quer\u00e9taro","description":"Explora NexoInformativo y convi\u00e9rtete en parte de una comunidad que valora el conocimiento y la verdad. Tu nexoinformativo es tu puente hacia una comprensi\u00f3n m\u00e1s profunda del mundo que te rodea.","publisher":{"@id":"https:\/\/www.nexoinformativo.mx\/#organization"},"potentialAction":[{"@type":"SearchAction","target":{"@type":"EntryPoint","urlTemplate":"https:\/\/www.nexoinformativo.mx\/?s={search_term_string}"},"query-input":{"@type":"PropertyValueSpecification","valueRequired":true,"valueName":"search_term_string"}}],"inLanguage":"es"},{"@type":"Organization","@id":"https:\/\/www.nexoinformativo.mx\/#organization","name":"Nexo Informativo Santiago de Quer\u00e9taro","url":"https:\/\/www.nexoinformativo.mx\/","logo":{"@type":"ImageObject","inLanguage":"es","@id":"https:\/\/www.nexoinformativo.mx\/#\/schema\/logo\/image\/","url":"https:\/\/www.nexoinformativo.mx\/wp-content\/uploads\/2024\/07\/nexoi-trasparente-2.png","contentUrl":"https:\/\/www.nexoinformativo.mx\/wp-content\/uploads\/2024\/07\/nexoi-trasparente-2.png","width":816,"height":339,"caption":"Nexo Informativo Santiago de Quer\u00e9taro"},"image":{"@id":"https:\/\/www.nexoinformativo.mx\/#\/schema\/logo\/image\/"},"sameAs":["https:\/\/www.facebook.com\/people\/Nexo-Informativo\/61564066885511\/"]},{"@type":"Person","@id":"https:\/\/www.nexoinformativo.mx\/#\/schema\/person\/7749d380ba08c8ca00d7bc76fd907b7d","name":"Nexo Informativo","image":{"@type":"ImageObject","inLanguage":"es","@id":"https:\/\/www.nexoinformativo.mx\/#\/schema\/person\/image\/","url":"https:\/\/secure.gravatar.com\/avatar\/dde2928154642a13d95f87ddf1ea9718fe2b46760a005c53e41ff5ad610704e6?s=96&d=mm&r=g","contentUrl":"https:\/\/secure.gravatar.com\/avatar\/dde2928154642a13d95f87ddf1ea9718fe2b46760a005c53e41ff5ad610704e6?s=96&d=mm&r=g","caption":"Nexo Informativo"},"url":"https:\/\/www.nexoinformativo.mx\/index.php\/author\/edicion\/"}]}},"_links":{"self":[{"href":"https:\/\/www.nexoinformativo.mx\/index.php\/wp-json\/wp\/v2\/posts\/6355","targetHints":{"allow":["GET"]}}],"collection":[{"href":"https:\/\/www.nexoinformativo.mx\/index.php\/wp-json\/wp\/v2\/posts"}],"about":[{"href":"https:\/\/www.nexoinformativo.mx\/index.php\/wp-json\/wp\/v2\/types\/post"}],"author":[{"embeddable":true,"href":"https:\/\/www.nexoinformativo.mx\/index.php\/wp-json\/wp\/v2\/users\/3"}],"replies":[{"embeddable":true,"href":"https:\/\/www.nexoinformativo.mx\/index.php\/wp-json\/wp\/v2\/comments?post=6355"}],"version-history":[{"count":3,"href":"https:\/\/www.nexoinformativo.mx\/index.php\/wp-json\/wp\/v2\/posts\/6355\/revisions"}],"predecessor-version":[{"id":6359,"href":"https:\/\/www.nexoinformativo.mx\/index.php\/wp-json\/wp\/v2\/posts\/6355\/revisions\/6359"}],"wp:featuredmedia":[{"embeddable":true,"href":"https:\/\/www.nexoinformativo.mx\/index.php\/wp-json\/wp\/v2\/media\/6356"}],"wp:attachment":[{"href":"https:\/\/www.nexoinformativo.mx\/index.php\/wp-json\/wp\/v2\/media?parent=6355"}],"wp:term":[{"taxonomy":"category","embeddable":true,"href":"https:\/\/www.nexoinformativo.mx\/index.php\/wp-json\/wp\/v2\/categories?post=6355"},{"taxonomy":"post_tag","embeddable":true,"href":"https:\/\/www.nexoinformativo.mx\/index.php\/wp-json\/wp\/v2\/tags?post=6355"}],"curies":[{"name":"wp","href":"https:\/\/api.w.org\/{rel}","templated":true}]}}