{"id":637,"date":"2024-08-12T10:18:34","date_gmt":"2024-08-12T16:18:34","guid":{"rendered":"https:\/\/www.nexoinformativo.mx\/?p=637"},"modified":"2024-10-06T19:23:19","modified_gmt":"2024-10-07T01:23:19","slug":"pendientes-de-renovar-23-mil-113-credenciales-para-votar-ine","status":"publish","type":"post","link":"https:\/\/www.nexoinformativo.mx\/index.php\/2024\/08\/12\/pendientes-de-renovar-23-mil-113-credenciales-para-votar-ine\/","title":{"rendered":"Pendientes de renovar 23 mil 113 credenciales para votar: INE"},"content":{"rendered":"\r\n<p>&nbsp;<\/p>\r\n<p style=\"text-align: justify;\">El Instituto Nacional Electoral (INE) inform\u00f3 que a\u00fan est\u00e1n pendientes de renovar 23 mil 113 credenciales para votar con vigencia del 2023 en el estado de Quer\u00e9taro.\u00a0Por tal motivo, el INE refiri\u00f3 que las credenciales para votar con fotograf\u00eda con vigencia 2023, dejaron de ser aceptadas como identificaci\u00f3n a partir del 3 de junio de 2024.<\/p>\r\n<p>\r\n\r\n<\/p>\r\n<p>&nbsp;<\/p>\r\n<p>\r\n\r\n<\/p>\r\n<p style=\"text-align: justify;\">Por lo anterior, el Instituto hace un llamado a la ciudadan\u00eda que cuenta con credenciales con vigencia 2023, para que acudan al M\u00f3dulo del INE de su preferencia a solicitar su renovaci\u00f3n y, con ello, obtengan una nueva, con la que puedan volver a identificarse y votar en los pr\u00f3ximos 10 a\u00f1os.<\/p>\r\n<p>&nbsp;<\/p>\r\n<p>\r\n\r\n<\/p>\r\n<p style=\"text-align: justify;\">El INE inform\u00f3 que, para solicitar la renovaci\u00f3n de estas credenciales, se requiere presentar acta de nacimiento original, un comprobante de domicilio con menos de tres meses de antig\u00fcedad y su credencial vencida.<\/p>\r\n<p>&nbsp;<\/p>\r\n<p>\r\n\r\n<\/p>\r\n<p style=\"text-align: justify;\">Cabe se\u00f1alar que el horario de los m\u00f3dulos de atenci\u00f3n ciudadana es de lunes a viernes de 08:00 a 20:00 y los s\u00e1bados de 08:00 a 15:00 horas; para mayores informes, se pone a su disposici\u00f3n la l\u00ednea telef\u00f3nica 800 433 2000 y la p\u00e1gina de internet <strong>www.ine.mx<\/strong>, donde podr\u00e1n agendar una cita.<\/p>\r\n<p>&nbsp;<\/p>\r\n<p>\r\n\r\n<\/p>\r\n<p style=\"text-align: justify;\">Al momento, en el estado de Quer\u00e9taro se cuenta con un Padr\u00f3n Electoral de 1\u2019901,544 y una Lista Nominal de 1\u2019876,403 ciudadanos y ciudadanas.<\/p>\r\n<p>&nbsp;<\/p>\r\n<p>&nbsp;<\/p>\r\n<p style=\"text-align: center;\"><strong><em>\u00a1Informaci\u00f3n que transforma!<\/em><\/strong><\/p>\r\n<p><\/p>","protected":false},"excerpt":{"rendered":"<p>&nbsp; El Instituto Nacional Electoral (INE) inform\u00f3 que a\u00fan est\u00e1n pendientes de renovar 23 mil 113 credenciales para votar con vigencia del 2023 en el estado de Quer\u00e9taro.\u00a0Por tal motivo, el INE refiri\u00f3 que las credenciales para votar con fotograf\u00eda con vigencia 2023, dejaron de ser aceptadas como identificaci\u00f3n a partir del 3 de junio [&hellip;]<\/p>\n","protected":false},"author":2,"featured_media":638,"comment_status":"closed","ping_status":"open","sticky":false,"template":"","format":"standard","meta":{"footnotes":""},"categories":[21],"tags":[249,244,245,247,133,248],"class_list":["post-637","post","type-post","status-publish","format-standard","has-post-thumbnail","hentry","category-politica","tag-credencialparavotar","tag-ine","tag-inequeretaro","tag-institutonacionalelectoral","tag-queretaro","tag-renovacionine"],"yoast_head":"<!-- This site is optimized with the Yoast SEO plugin v25.0 - https:\/\/yoast.com\/wordpress\/plugins\/seo\/ -->\n<title>Pendientes de renovar 23 mil 113 credenciales para votar: INE | Nexo Informativo Santiago de Quer\u00e9taro<\/title>\n<meta name=\"robots\" content=\"index, follow, max-snippet:-1, max-image-preview:large, max-video-preview:-1\" \/>\n<link rel=\"canonical\" href=\"https:\/\/www.nexoinformativo.mx\/index.php\/2024\/08\/12\/pendientes-de-renovar-23-mil-113-credenciales-para-votar-ine\/\" \/>\n<meta property=\"og:locale\" content=\"es_MX\" \/>\n<meta property=\"og:type\" content=\"article\" \/>\n<meta property=\"og:title\" content=\"Pendientes de renovar 23 mil 113 credenciales para votar: INE | Nexo Informativo Santiago de Quer\u00e9taro\" \/>\n<meta property=\"og:description\" content=\"&nbsp; El Instituto Nacional Electoral (INE) inform\u00f3 que a\u00fan est\u00e1n pendientes de renovar 23 mil 113 credenciales para votar con vigencia del 2023 en el estado de Quer\u00e9taro.\u00a0Por tal motivo, el INE refiri\u00f3 que las credenciales para votar con fotograf\u00eda con vigencia 2023, dejaron de ser aceptadas como identificaci\u00f3n a partir del 3 de junio [&hellip;]\" \/>\n<meta property=\"og:url\" content=\"https:\/\/www.nexoinformativo.mx\/index.php\/2024\/08\/12\/pendientes-de-renovar-23-mil-113-credenciales-para-votar-ine\/\" \/>\n<meta property=\"og:site_name\" content=\"Nexo Informativo Santiago de Quer\u00e9taro\" \/>\n<meta property=\"article:publisher\" content=\"https:\/\/www.facebook.com\/people\/Nexo-Informativo\/61564066885511\/\" \/>\n<meta property=\"article:published_time\" content=\"2024-08-12T16:18:34+00:00\" \/>\n<meta property=\"article:modified_time\" content=\"2024-10-07T01:23:19+00:00\" \/>\n<meta property=\"og:image\" content=\"https:\/\/www.nexoinformativo.mx\/wp-content\/uploads\/2024\/08\/IMG-20240722-WA0054-e1721702786121.webp\" \/>\n\t<meta property=\"og:image:width\" content=\"800\" \/>\n\t<meta property=\"og:image:height\" content=\"600\" \/>\n\t<meta property=\"og:image:type\" content=\"image\/webp\" \/>\n<meta name=\"author\" content=\"admin\" \/>\n<meta name=\"twitter:card\" content=\"summary_large_image\" \/>\n<meta name=\"twitter:label1\" content=\"Escrito por\" \/>\n\t<meta name=\"twitter:data1\" content=\"admin\" \/>\n\t<meta name=\"twitter:label2\" content=\"Tiempo de lectura\" \/>\n\t<meta name=\"twitter:data2\" content=\"2 minutos\" \/>\n<script type=\"application\/ld+json\" class=\"yoast-schema-graph\">{\"@context\":\"https:\/\/schema.org\",\"@graph\":[{\"@type\":\"Article\",\"@id\":\"https:\/\/www.nexoinformativo.mx\/index.php\/2024\/08\/12\/pendientes-de-renovar-23-mil-113-credenciales-para-votar-ine\/#article\",\"isPartOf\":{\"@id\":\"https:\/\/www.nexoinformativo.mx\/index.php\/2024\/08\/12\/pendientes-de-renovar-23-mil-113-credenciales-para-votar-ine\/\"},\"author\":{\"name\":\"admin\",\"@id\":\"https:\/\/www.nexoinformativo.mx\/#\/schema\/person\/4beeb8fa2c46efc230191fd4030766b5\"},\"headline\":\"Pendientes de renovar 23 mil 113 credenciales para votar: INE\",\"datePublished\":\"2024-08-12T16:18:34+00:00\",\"dateModified\":\"2024-10-07T01:23:19+00:00\",\"mainEntityOfPage\":{\"@id\":\"https:\/\/www.nexoinformativo.mx\/index.php\/2024\/08\/12\/pendientes-de-renovar-23-mil-113-credenciales-para-votar-ine\/\"},\"wordCount\":246,\"publisher\":{\"@id\":\"https:\/\/www.nexoinformativo.mx\/#organization\"},\"image\":{\"@id\":\"https:\/\/www.nexoinformativo.mx\/index.php\/2024\/08\/12\/pendientes-de-renovar-23-mil-113-credenciales-para-votar-ine\/#primaryimage\"},\"thumbnailUrl\":\"https:\/\/www.nexoinformativo.mx\/wp-content\/uploads\/2024\/08\/IMG-20240722-WA0054-e1721702786121.webp\",\"keywords\":[\"credencialparavotar\",\"INE\",\"INEqueretaro\",\"InstitutoNacionalElectoral\",\"Quer\u00e9taro\",\"renovacionINE\"],\"articleSection\":[\"Pol\u00edtica\"],\"inLanguage\":\"es\"},{\"@type\":\"WebPage\",\"@id\":\"https:\/\/www.nexoinformativo.mx\/index.php\/2024\/08\/12\/pendientes-de-renovar-23-mil-113-credenciales-para-votar-ine\/\",\"url\":\"https:\/\/www.nexoinformativo.mx\/index.php\/2024\/08\/12\/pendientes-de-renovar-23-mil-113-credenciales-para-votar-ine\/\",\"name\":\"Pendientes de renovar 23 mil 113 credenciales para votar: INE | Nexo Informativo Santiago de Quer\u00e9taro\",\"isPartOf\":{\"@id\":\"https:\/\/www.nexoinformativo.mx\/#website\"},\"primaryImageOfPage\":{\"@id\":\"https:\/\/www.nexoinformativo.mx\/index.php\/2024\/08\/12\/pendientes-de-renovar-23-mil-113-credenciales-para-votar-ine\/#primaryimage\"},\"image\":{\"@id\":\"https:\/\/www.nexoinformativo.mx\/index.php\/2024\/08\/12\/pendientes-de-renovar-23-mil-113-credenciales-para-votar-ine\/#primaryimage\"},\"thumbnailUrl\":\"https:\/\/www.nexoinformativo.mx\/wp-content\/uploads\/2024\/08\/IMG-20240722-WA0054-e1721702786121.webp\",\"datePublished\":\"2024-08-12T16:18:34+00:00\",\"dateModified\":\"2024-10-07T01:23:19+00:00\",\"breadcrumb\":{\"@id\":\"https:\/\/www.nexoinformativo.mx\/index.php\/2024\/08\/12\/pendientes-de-renovar-23-mil-113-credenciales-para-votar-ine\/#breadcrumb\"},\"inLanguage\":\"es\",\"potentialAction\":[{\"@type\":\"ReadAction\",\"target\":[\"https:\/\/www.nexoinformativo.mx\/index.php\/2024\/08\/12\/pendientes-de-renovar-23-mil-113-credenciales-para-votar-ine\/\"]}]},{\"@type\":\"ImageObject\",\"inLanguage\":\"es\",\"@id\":\"https:\/\/www.nexoinformativo.mx\/index.php\/2024\/08\/12\/pendientes-de-renovar-23-mil-113-credenciales-para-votar-ine\/#primaryimage\",\"url\":\"https:\/\/www.nexoinformativo.mx\/wp-content\/uploads\/2024\/08\/IMG-20240722-WA0054-e1721702786121.webp\",\"contentUrl\":\"https:\/\/www.nexoinformativo.mx\/wp-content\/uploads\/2024\/08\/IMG-20240722-WA0054-e1721702786121.webp\",\"width\":800,\"height\":600},{\"@type\":\"BreadcrumbList\",\"@id\":\"https:\/\/www.nexoinformativo.mx\/index.php\/2024\/08\/12\/pendientes-de-renovar-23-mil-113-credenciales-para-votar-ine\/#breadcrumb\",\"itemListElement\":[{\"@type\":\"ListItem\",\"position\":1,\"name\":\"Inicio\",\"item\":\"https:\/\/www.nexoinformativo.mx\/\"},{\"@type\":\"ListItem\",\"position\":2,\"name\":\"Pendientes de renovar 23 mil 113 credenciales para votar: INE\"}]},{\"@type\":\"WebSite\",\"@id\":\"https:\/\/www.nexoinformativo.mx\/#website\",\"url\":\"https:\/\/www.nexoinformativo.mx\/\",\"name\":\"Nexo Informativo Santiago de Quer\u00e9taro\",\"description\":\"Explora NexoInformativo y convi\u00e9rtete en parte de una comunidad que valora el conocimiento y la verdad. Tu nexoinformativo es tu puente hacia una comprensi\u00f3n m\u00e1s profunda del mundo que te rodea.\",\"publisher\":{\"@id\":\"https:\/\/www.nexoinformativo.mx\/#organization\"},\"potentialAction\":[{\"@type\":\"SearchAction\",\"target\":{\"@type\":\"EntryPoint\",\"urlTemplate\":\"https:\/\/www.nexoinformativo.mx\/?s={search_term_string}\"},\"query-input\":{\"@type\":\"PropertyValueSpecification\",\"valueRequired\":true,\"valueName\":\"search_term_string\"}}],\"inLanguage\":\"es\"},{\"@type\":\"Organization\",\"@id\":\"https:\/\/www.nexoinformativo.mx\/#organization\",\"name\":\"Nexo Informativo Santiago de Quer\u00e9taro\",\"url\":\"https:\/\/www.nexoinformativo.mx\/\",\"logo\":{\"@type\":\"ImageObject\",\"inLanguage\":\"es\",\"@id\":\"https:\/\/www.nexoinformativo.mx\/#\/schema\/logo\/image\/\",\"url\":\"https:\/\/www.nexoinformativo.mx\/wp-content\/uploads\/2024\/07\/nexoi-trasparente-2.png\",\"contentUrl\":\"https:\/\/www.nexoinformativo.mx\/wp-content\/uploads\/2024\/07\/nexoi-trasparente-2.png\",\"width\":816,\"height\":339,\"caption\":\"Nexo Informativo Santiago de Quer\u00e9taro\"},\"image\":{\"@id\":\"https:\/\/www.nexoinformativo.mx\/#\/schema\/logo\/image\/\"},\"sameAs\":[\"https:\/\/www.facebook.com\/people\/Nexo-Informativo\/61564066885511\/\"]},{\"@type\":\"Person\",\"@id\":\"https:\/\/www.nexoinformativo.mx\/#\/schema\/person\/4beeb8fa2c46efc230191fd4030766b5\",\"name\":\"admin\",\"image\":{\"@type\":\"ImageObject\",\"inLanguage\":\"es\",\"@id\":\"https:\/\/www.nexoinformativo.mx\/#\/schema\/person\/image\/\",\"url\":\"https:\/\/secure.gravatar.com\/avatar\/58054e91f5151d6a21f8409a1d615488226bb336a676ff34638f345cfb020b66?s=96&d=mm&r=g\",\"contentUrl\":\"https:\/\/secure.gravatar.com\/avatar\/58054e91f5151d6a21f8409a1d615488226bb336a676ff34638f345cfb020b66?s=96&d=mm&r=g\",\"caption\":\"admin\"},\"url\":\"https:\/\/www.nexoinformativo.mx\/index.php\/author\/admin\/\"}]}<\/script>\n<!-- \/ Yoast SEO plugin. -->","yoast_head_json":{"title":"Pendientes de renovar 23 mil 113 credenciales para votar: INE | Nexo Informativo Santiago de Quer\u00e9taro","robots":{"index":"index","follow":"follow","max-snippet":"max-snippet:-1","max-image-preview":"max-image-preview:large","max-video-preview":"max-video-preview:-1"},"canonical":"https:\/\/www.nexoinformativo.mx\/index.php\/2024\/08\/12\/pendientes-de-renovar-23-mil-113-credenciales-para-votar-ine\/","og_locale":"es_MX","og_type":"article","og_title":"Pendientes de renovar 23 mil 113 credenciales para votar: INE | Nexo Informativo Santiago de Quer\u00e9taro","og_description":"&nbsp; El Instituto Nacional Electoral (INE) inform\u00f3 que a\u00fan est\u00e1n pendientes de renovar 23 mil 113 credenciales para votar con vigencia del 2023 en el estado de Quer\u00e9taro.\u00a0Por tal motivo, el INE refiri\u00f3 que las credenciales para votar con fotograf\u00eda con vigencia 2023, dejaron de ser aceptadas como identificaci\u00f3n a partir del 3 de junio [&hellip;]","og_url":"https:\/\/www.nexoinformativo.mx\/index.php\/2024\/08\/12\/pendientes-de-renovar-23-mil-113-credenciales-para-votar-ine\/","og_site_name":"Nexo Informativo Santiago de Quer\u00e9taro","article_publisher":"https:\/\/www.facebook.com\/people\/Nexo-Informativo\/61564066885511\/","article_published_time":"2024-08-12T16:18:34+00:00","article_modified_time":"2024-10-07T01:23:19+00:00","og_image":[{"width":800,"height":600,"url":"https:\/\/www.nexoinformativo.mx\/wp-content\/uploads\/2024\/08\/IMG-20240722-WA0054-e1721702786121.webp","type":"image\/webp"}],"author":"admin","twitter_card":"summary_large_image","twitter_misc":{"Escrito por":"admin","Tiempo de lectura":"2 minutos"},"schema":{"@context":"https:\/\/schema.org","@graph":[{"@type":"Article","@id":"https:\/\/www.nexoinformativo.mx\/index.php\/2024\/08\/12\/pendientes-de-renovar-23-mil-113-credenciales-para-votar-ine\/#article","isPartOf":{"@id":"https:\/\/www.nexoinformativo.mx\/index.php\/2024\/08\/12\/pendientes-de-renovar-23-mil-113-credenciales-para-votar-ine\/"},"author":{"name":"admin","@id":"https:\/\/www.nexoinformativo.mx\/#\/schema\/person\/4beeb8fa2c46efc230191fd4030766b5"},"headline":"Pendientes de renovar 23 mil 113 credenciales para votar: INE","datePublished":"2024-08-12T16:18:34+00:00","dateModified":"2024-10-07T01:23:19+00:00","mainEntityOfPage":{"@id":"https:\/\/www.nexoinformativo.mx\/index.php\/2024\/08\/12\/pendientes-de-renovar-23-mil-113-credenciales-para-votar-ine\/"},"wordCount":246,"publisher":{"@id":"https:\/\/www.nexoinformativo.mx\/#organization"},"image":{"@id":"https:\/\/www.nexoinformativo.mx\/index.php\/2024\/08\/12\/pendientes-de-renovar-23-mil-113-credenciales-para-votar-ine\/#primaryimage"},"thumbnailUrl":"https:\/\/www.nexoinformativo.mx\/wp-content\/uploads\/2024\/08\/IMG-20240722-WA0054-e1721702786121.webp","keywords":["credencialparavotar","INE","INEqueretaro","InstitutoNacionalElectoral","Quer\u00e9taro","renovacionINE"],"articleSection":["Pol\u00edtica"],"inLanguage":"es"},{"@type":"WebPage","@id":"https:\/\/www.nexoinformativo.mx\/index.php\/2024\/08\/12\/pendientes-de-renovar-23-mil-113-credenciales-para-votar-ine\/","url":"https:\/\/www.nexoinformativo.mx\/index.php\/2024\/08\/12\/pendientes-de-renovar-23-mil-113-credenciales-para-votar-ine\/","name":"Pendientes de renovar 23 mil 113 credenciales para votar: INE | Nexo Informativo Santiago de Quer\u00e9taro","isPartOf":{"@id":"https:\/\/www.nexoinformativo.mx\/#website"},"primaryImageOfPage":{"@id":"https:\/\/www.nexoinformativo.mx\/index.php\/2024\/08\/12\/pendientes-de-renovar-23-mil-113-credenciales-para-votar-ine\/#primaryimage"},"image":{"@id":"https:\/\/www.nexoinformativo.mx\/index.php\/2024\/08\/12\/pendientes-de-renovar-23-mil-113-credenciales-para-votar-ine\/#primaryimage"},"thumbnailUrl":"https:\/\/www.nexoinformativo.mx\/wp-content\/uploads\/2024\/08\/IMG-20240722-WA0054-e1721702786121.webp","datePublished":"2024-08-12T16:18:34+00:00","dateModified":"2024-10-07T01:23:19+00:00","breadcrumb":{"@id":"https:\/\/www.nexoinformativo.mx\/index.php\/2024\/08\/12\/pendientes-de-renovar-23-mil-113-credenciales-para-votar-ine\/#breadcrumb"},"inLanguage":"es","potentialAction":[{"@type":"ReadAction","target":["https:\/\/www.nexoinformativo.mx\/index.php\/2024\/08\/12\/pendientes-de-renovar-23-mil-113-credenciales-para-votar-ine\/"]}]},{"@type":"ImageObject","inLanguage":"es","@id":"https:\/\/www.nexoinformativo.mx\/index.php\/2024\/08\/12\/pendientes-de-renovar-23-mil-113-credenciales-para-votar-ine\/#primaryimage","url":"https:\/\/www.nexoinformativo.mx\/wp-content\/uploads\/2024\/08\/IMG-20240722-WA0054-e1721702786121.webp","contentUrl":"https:\/\/www.nexoinformativo.mx\/wp-content\/uploads\/2024\/08\/IMG-20240722-WA0054-e1721702786121.webp","width":800,"height":600},{"@type":"BreadcrumbList","@id":"https:\/\/www.nexoinformativo.mx\/index.php\/2024\/08\/12\/pendientes-de-renovar-23-mil-113-credenciales-para-votar-ine\/#breadcrumb","itemListElement":[{"@type":"ListItem","position":1,"name":"Inicio","item":"https:\/\/www.nexoinformativo.mx\/"},{"@type":"ListItem","position":2,"name":"Pendientes de renovar 23 mil 113 credenciales para votar: INE"}]},{"@type":"WebSite","@id":"https:\/\/www.nexoinformativo.mx\/#website","url":"https:\/\/www.nexoinformativo.mx\/","name":"Nexo Informativo Santiago de Quer\u00e9taro","description":"Explora NexoInformativo y convi\u00e9rtete en parte de una comunidad que valora el conocimiento y la verdad. Tu nexoinformativo es tu puente hacia una comprensi\u00f3n m\u00e1s profunda del mundo que te rodea.","publisher":{"@id":"https:\/\/www.nexoinformativo.mx\/#organization"},"potentialAction":[{"@type":"SearchAction","target":{"@type":"EntryPoint","urlTemplate":"https:\/\/www.nexoinformativo.mx\/?s={search_term_string}"},"query-input":{"@type":"PropertyValueSpecification","valueRequired":true,"valueName":"search_term_string"}}],"inLanguage":"es"},{"@type":"Organization","@id":"https:\/\/www.nexoinformativo.mx\/#organization","name":"Nexo Informativo Santiago de Quer\u00e9taro","url":"https:\/\/www.nexoinformativo.mx\/","logo":{"@type":"ImageObject","inLanguage":"es","@id":"https:\/\/www.nexoinformativo.mx\/#\/schema\/logo\/image\/","url":"https:\/\/www.nexoinformativo.mx\/wp-content\/uploads\/2024\/07\/nexoi-trasparente-2.png","contentUrl":"https:\/\/www.nexoinformativo.mx\/wp-content\/uploads\/2024\/07\/nexoi-trasparente-2.png","width":816,"height":339,"caption":"Nexo Informativo Santiago de Quer\u00e9taro"},"image":{"@id":"https:\/\/www.nexoinformativo.mx\/#\/schema\/logo\/image\/"},"sameAs":["https:\/\/www.facebook.com\/people\/Nexo-Informativo\/61564066885511\/"]},{"@type":"Person","@id":"https:\/\/www.nexoinformativo.mx\/#\/schema\/person\/4beeb8fa2c46efc230191fd4030766b5","name":"admin","image":{"@type":"ImageObject","inLanguage":"es","@id":"https:\/\/www.nexoinformativo.mx\/#\/schema\/person\/image\/","url":"https:\/\/secure.gravatar.com\/avatar\/58054e91f5151d6a21f8409a1d615488226bb336a676ff34638f345cfb020b66?s=96&d=mm&r=g","contentUrl":"https:\/\/secure.gravatar.com\/avatar\/58054e91f5151d6a21f8409a1d615488226bb336a676ff34638f345cfb020b66?s=96&d=mm&r=g","caption":"admin"},"url":"https:\/\/www.nexoinformativo.mx\/index.php\/author\/admin\/"}]}},"_links":{"self":[{"href":"https:\/\/www.nexoinformativo.mx\/index.php\/wp-json\/wp\/v2\/posts\/637","targetHints":{"allow":["GET"]}}],"collection":[{"href":"https:\/\/www.nexoinformativo.mx\/index.php\/wp-json\/wp\/v2\/posts"}],"about":[{"href":"https:\/\/www.nexoinformativo.mx\/index.php\/wp-json\/wp\/v2\/types\/post"}],"author":[{"embeddable":true,"href":"https:\/\/www.nexoinformativo.mx\/index.php\/wp-json\/wp\/v2\/users\/2"}],"replies":[{"embeddable":true,"href":"https:\/\/www.nexoinformativo.mx\/index.php\/wp-json\/wp\/v2\/comments?post=637"}],"version-history":[{"count":8,"href":"https:\/\/www.nexoinformativo.mx\/index.php\/wp-json\/wp\/v2\/posts\/637\/revisions"}],"predecessor-version":[{"id":2788,"href":"https:\/\/www.nexoinformativo.mx\/index.php\/wp-json\/wp\/v2\/posts\/637\/revisions\/2788"}],"wp:featuredmedia":[{"embeddable":true,"href":"https:\/\/www.nexoinformativo.mx\/index.php\/wp-json\/wp\/v2\/media\/638"}],"wp:attachment":[{"href":"https:\/\/www.nexoinformativo.mx\/index.php\/wp-json\/wp\/v2\/media?parent=637"}],"wp:term":[{"taxonomy":"category","embeddable":true,"href":"https:\/\/www.nexoinformativo.mx\/index.php\/wp-json\/wp\/v2\/categories?post=637"},{"taxonomy":"post_tag","embeddable":true,"href":"https:\/\/www.nexoinformativo.mx\/index.php\/wp-json\/wp\/v2\/tags?post=637"}],"curies":[{"name":"wp","href":"https:\/\/api.w.org\/{rel}","templated":true}]}}