{"id":6376,"date":"2024-11-19T07:00:58","date_gmt":"2024-11-19T13:00:58","guid":{"rendered":"https:\/\/www.nexoinformativo.mx\/?p=6376"},"modified":"2024-11-19T08:41:04","modified_gmt":"2024-11-19T14:41:04","slug":"claudia-sheinbaum-agradece-a-xi-jinping-por-el-apoyo-de-china-para-la-recuperacion-tras-huracan-otis","status":"publish","type":"post","link":"https:\/\/www.nexoinformativo.mx\/index.php\/2024\/11\/19\/claudia-sheinbaum-agradece-a-xi-jinping-por-el-apoyo-de-china-para-la-recuperacion-tras-huracan-otis\/","title":{"rendered":"Claudia Sheinbaum agradece a Xi Jinping por el apoyo de China para la recuperaci\u00f3n tras hurac\u00e1n Otis"},"content":{"rendered":"<p style=\"text-align: justify;\">La presidenta Claudia Sheinbaum, se reuni\u00f3 con el presidente de China, Xi Jinping, al margen de la Cumbre del G20 en Brasil.<\/p>\n<p>&nbsp;<\/p>\n<p style=\"text-align: justify;\">A trav\u00e9s de su cuenta en la red social X, Sheinbaum comparti\u00f3 una imagen del encuentro y agradeci\u00f3 el apoyo brindado por China para la recuperaci\u00f3n de Acapulco, Guerrero, tras el impacto del hurac\u00e1n Otis en octubre de 2023.<\/p>\n<p>&nbsp;<\/p>\n<p style=\"text-align: justify;\">Sheinbaum destac\u00f3 la producci\u00f3n y entrega de enseres dom\u00e9sticos por parte de China como parte del apoyo para la recuperaci\u00f3n de Acapulco.<\/p>\n<p>&nbsp;<\/p>\n<p style=\"text-align: justify;\"><strong>&#8220;Con motivo de la Cumbre de L\u00edderes del G20, conversamos con el presidente de China, Xi Jinping. Agradec\u00ed todo el apoyo para la recuperaci\u00f3n de Acapulco mediante la producci\u00f3n y entrega de enseres dom\u00e9sticos&#8221;<\/strong>, mencion\u00f3 en su publicaci\u00f3n.<\/p>\n<p>&nbsp;<\/p>\n<p style=\"text-align: justify;\">En noviembre del a\u00f1o pasado, el entonces presidente AMLO se reuni\u00f3 con Xi Jinping en la cumbre del Foro de Cooperaci\u00f3n Econ\u00f3mica Asia-Pac\u00edfico (APEC) en Estados Unidos.<\/p>\n<p>&nbsp;<\/p>\n<p style=\"text-align: justify;\">Durante ese encuentro, acordaron apoyar a los hogares afectados por el hurac\u00e1n, combatir el tr\u00e1fico ilegal de precursores qu\u00edmicos de drogas sint\u00e9ticas y potenciar el comercio y las inversiones.<\/p>\n<p>&nbsp;<\/p>\n<p style=\"text-align: center;\"><em><strong>\u00a1Informaci\u00f3n que transforma!<\/strong><\/em><\/p>\n","protected":false},"excerpt":{"rendered":"<p>La presidenta Claudia Sheinbaum, se reuni\u00f3 con el presidente de China, Xi Jinping, al margen de la Cumbre del G20 en Brasil.<\/p>\n","protected":false},"author":3,"featured_media":6377,"comment_status":"open","ping_status":"open","sticky":false,"template":"","format":"standard","meta":{"footnotes":""},"categories":[88,58],"tags":[2170,967,1638,2169],"class_list":["post-6376","post","type-post","status-publish","format-standard","has-post-thumbnail","hentry","category-nacional","category-ultima-hora","tag-apoyochina","tag-claudiasheinbaum","tag-g20","tag-xijinping"],"yoast_head":"<!-- This site is optimized with the Yoast SEO plugin v25.0 - https:\/\/yoast.com\/wordpress\/plugins\/seo\/ -->\n<title>Claudia Sheinbaum agradece a Xi Jinping por el apoyo de China para la recuperaci\u00f3n tras hurac\u00e1n Otis | Nexo Informativo Santiago de Quer\u00e9taro<\/title>\n<meta name=\"description\" content=\"Claudia Sheinbaum agradece a Xi Jinping por el apoyo de China para la recuperaci\u00f3n tras hurac\u00e1n Otis\" \/>\n<meta name=\"robots\" content=\"index, follow, max-snippet:-1, max-image-preview:large, max-video-preview:-1\" \/>\n<link rel=\"canonical\" href=\"https:\/\/www.nexoinformativo.mx\/index.php\/2024\/11\/19\/claudia-sheinbaum-agradece-a-xi-jinping-por-el-apoyo-de-china-para-la-recuperacion-tras-huracan-otis\/\" \/>\n<meta property=\"og:locale\" content=\"es_MX\" \/>\n<meta property=\"og:type\" content=\"article\" \/>\n<meta property=\"og:title\" content=\"Claudia Sheinbaum agradece a Xi Jinping por el apoyo de China para la recuperaci\u00f3n tras hurac\u00e1n Otis | Nexo Informativo Santiago de Quer\u00e9taro\" \/>\n<meta property=\"og:description\" content=\"Claudia Sheinbaum agradece a Xi Jinping por el apoyo de China para la recuperaci\u00f3n tras hurac\u00e1n Otis\" \/>\n<meta property=\"og:url\" content=\"https:\/\/www.nexoinformativo.mx\/index.php\/2024\/11\/19\/claudia-sheinbaum-agradece-a-xi-jinping-por-el-apoyo-de-china-para-la-recuperacion-tras-huracan-otis\/\" \/>\n<meta property=\"og:site_name\" content=\"Nexo Informativo Santiago de Quer\u00e9taro\" \/>\n<meta property=\"article:publisher\" content=\"https:\/\/www.facebook.com\/people\/Nexo-Informativo\/61564066885511\/\" \/>\n<meta property=\"article:published_time\" content=\"2024-11-19T13:00:58+00:00\" \/>\n<meta property=\"article:modified_time\" content=\"2024-11-19T14:41:04+00:00\" \/>\n<meta property=\"og:image\" content=\"https:\/\/www.nexoinformativo.mx\/wp-content\/uploads\/2024\/11\/IMG_7938-e1732027236928.jpg\" \/>\n\t<meta property=\"og:image:width\" content=\"700\" \/>\n\t<meta property=\"og:image:height\" content=\"700\" \/>\n\t<meta property=\"og:image:type\" content=\"image\/jpeg\" \/>\n<meta name=\"author\" content=\"Nexo Informativo\" \/>\n<meta name=\"twitter:card\" content=\"summary_large_image\" \/>\n<meta name=\"twitter:label1\" content=\"Escrito por\" \/>\n\t<meta name=\"twitter:data1\" content=\"Nexo Informativo\" \/>\n\t<meta name=\"twitter:label2\" content=\"Tiempo de lectura\" \/>\n\t<meta name=\"twitter:data2\" content=\"2 minutos\" \/>\n<script type=\"application\/ld+json\" class=\"yoast-schema-graph\">{\"@context\":\"https:\/\/schema.org\",\"@graph\":[{\"@type\":\"Article\",\"@id\":\"https:\/\/www.nexoinformativo.mx\/index.php\/2024\/11\/19\/claudia-sheinbaum-agradece-a-xi-jinping-por-el-apoyo-de-china-para-la-recuperacion-tras-huracan-otis\/#article\",\"isPartOf\":{\"@id\":\"https:\/\/www.nexoinformativo.mx\/index.php\/2024\/11\/19\/claudia-sheinbaum-agradece-a-xi-jinping-por-el-apoyo-de-china-para-la-recuperacion-tras-huracan-otis\/\"},\"author\":{\"name\":\"Nexo Informativo\",\"@id\":\"https:\/\/www.nexoinformativo.mx\/#\/schema\/person\/7749d380ba08c8ca00d7bc76fd907b7d\"},\"headline\":\"Claudia Sheinbaum agradece a Xi Jinping por el apoyo de China para la recuperaci\u00f3n tras hurac\u00e1n Otis\",\"datePublished\":\"2024-11-19T13:00:58+00:00\",\"dateModified\":\"2024-11-19T14:41:04+00:00\",\"mainEntityOfPage\":{\"@id\":\"https:\/\/www.nexoinformativo.mx\/index.php\/2024\/11\/19\/claudia-sheinbaum-agradece-a-xi-jinping-por-el-apoyo-de-china-para-la-recuperacion-tras-huracan-otis\/\"},\"wordCount\":224,\"commentCount\":0,\"publisher\":{\"@id\":\"https:\/\/www.nexoinformativo.mx\/#organization\"},\"image\":{\"@id\":\"https:\/\/www.nexoinformativo.mx\/index.php\/2024\/11\/19\/claudia-sheinbaum-agradece-a-xi-jinping-por-el-apoyo-de-china-para-la-recuperacion-tras-huracan-otis\/#primaryimage\"},\"thumbnailUrl\":\"https:\/\/www.nexoinformativo.mx\/wp-content\/uploads\/2024\/11\/IMG_7938-e1732027236928.jpg\",\"keywords\":[\"ApoyoChina\",\"ClaudiaSheinbaum\",\"G20\",\"XiJinping\"],\"articleSection\":[\"Nacional\",\"\u00daltima Hora\"],\"inLanguage\":\"es\",\"potentialAction\":[{\"@type\":\"CommentAction\",\"name\":\"Comment\",\"target\":[\"https:\/\/www.nexoinformativo.mx\/index.php\/2024\/11\/19\/claudia-sheinbaum-agradece-a-xi-jinping-por-el-apoyo-de-china-para-la-recuperacion-tras-huracan-otis\/#respond\"]}]},{\"@type\":\"WebPage\",\"@id\":\"https:\/\/www.nexoinformativo.mx\/index.php\/2024\/11\/19\/claudia-sheinbaum-agradece-a-xi-jinping-por-el-apoyo-de-china-para-la-recuperacion-tras-huracan-otis\/\",\"url\":\"https:\/\/www.nexoinformativo.mx\/index.php\/2024\/11\/19\/claudia-sheinbaum-agradece-a-xi-jinping-por-el-apoyo-de-china-para-la-recuperacion-tras-huracan-otis\/\",\"name\":\"Claudia Sheinbaum agradece a Xi Jinping por el apoyo de China para la recuperaci\u00f3n tras hurac\u00e1n Otis | Nexo Informativo Santiago de Quer\u00e9taro\",\"isPartOf\":{\"@id\":\"https:\/\/www.nexoinformativo.mx\/#website\"},\"primaryImageOfPage\":{\"@id\":\"https:\/\/www.nexoinformativo.mx\/index.php\/2024\/11\/19\/claudia-sheinbaum-agradece-a-xi-jinping-por-el-apoyo-de-china-para-la-recuperacion-tras-huracan-otis\/#primaryimage\"},\"image\":{\"@id\":\"https:\/\/www.nexoinformativo.mx\/index.php\/2024\/11\/19\/claudia-sheinbaum-agradece-a-xi-jinping-por-el-apoyo-de-china-para-la-recuperacion-tras-huracan-otis\/#primaryimage\"},\"thumbnailUrl\":\"https:\/\/www.nexoinformativo.mx\/wp-content\/uploads\/2024\/11\/IMG_7938-e1732027236928.jpg\",\"datePublished\":\"2024-11-19T13:00:58+00:00\",\"dateModified\":\"2024-11-19T14:41:04+00:00\",\"description\":\"Claudia Sheinbaum agradece a Xi Jinping por el apoyo de China para la recuperaci\u00f3n tras hurac\u00e1n Otis\",\"breadcrumb\":{\"@id\":\"https:\/\/www.nexoinformativo.mx\/index.php\/2024\/11\/19\/claudia-sheinbaum-agradece-a-xi-jinping-por-el-apoyo-de-china-para-la-recuperacion-tras-huracan-otis\/#breadcrumb\"},\"inLanguage\":\"es\",\"potentialAction\":[{\"@type\":\"ReadAction\",\"target\":[\"https:\/\/www.nexoinformativo.mx\/index.php\/2024\/11\/19\/claudia-sheinbaum-agradece-a-xi-jinping-por-el-apoyo-de-china-para-la-recuperacion-tras-huracan-otis\/\"]}]},{\"@type\":\"ImageObject\",\"inLanguage\":\"es\",\"@id\":\"https:\/\/www.nexoinformativo.mx\/index.php\/2024\/11\/19\/claudia-sheinbaum-agradece-a-xi-jinping-por-el-apoyo-de-china-para-la-recuperacion-tras-huracan-otis\/#primaryimage\",\"url\":\"https:\/\/www.nexoinformativo.mx\/wp-content\/uploads\/2024\/11\/IMG_7938-e1732027236928.jpg\",\"contentUrl\":\"https:\/\/www.nexoinformativo.mx\/wp-content\/uploads\/2024\/11\/IMG_7938-e1732027236928.jpg\",\"width\":700,\"height\":700},{\"@type\":\"BreadcrumbList\",\"@id\":\"https:\/\/www.nexoinformativo.mx\/index.php\/2024\/11\/19\/claudia-sheinbaum-agradece-a-xi-jinping-por-el-apoyo-de-china-para-la-recuperacion-tras-huracan-otis\/#breadcrumb\",\"itemListElement\":[{\"@type\":\"ListItem\",\"position\":1,\"name\":\"Inicio\",\"item\":\"https:\/\/www.nexoinformativo.mx\/\"},{\"@type\":\"ListItem\",\"position\":2,\"name\":\"Claudia Sheinbaum agradece a Xi Jinping por el apoyo de China para la recuperaci\u00f3n tras hurac\u00e1n Otis\"}]},{\"@type\":\"WebSite\",\"@id\":\"https:\/\/www.nexoinformativo.mx\/#website\",\"url\":\"https:\/\/www.nexoinformativo.mx\/\",\"name\":\"Nexo Informativo Santiago de Quer\u00e9taro\",\"description\":\"Explora NexoInformativo y convi\u00e9rtete en parte de una comunidad que valora el conocimiento y la verdad. Tu nexoinformativo es tu puente hacia una comprensi\u00f3n m\u00e1s profunda del mundo que te rodea.\",\"publisher\":{\"@id\":\"https:\/\/www.nexoinformativo.mx\/#organization\"},\"potentialAction\":[{\"@type\":\"SearchAction\",\"target\":{\"@type\":\"EntryPoint\",\"urlTemplate\":\"https:\/\/www.nexoinformativo.mx\/?s={search_term_string}\"},\"query-input\":{\"@type\":\"PropertyValueSpecification\",\"valueRequired\":true,\"valueName\":\"search_term_string\"}}],\"inLanguage\":\"es\"},{\"@type\":\"Organization\",\"@id\":\"https:\/\/www.nexoinformativo.mx\/#organization\",\"name\":\"Nexo Informativo Santiago de Quer\u00e9taro\",\"url\":\"https:\/\/www.nexoinformativo.mx\/\",\"logo\":{\"@type\":\"ImageObject\",\"inLanguage\":\"es\",\"@id\":\"https:\/\/www.nexoinformativo.mx\/#\/schema\/logo\/image\/\",\"url\":\"https:\/\/www.nexoinformativo.mx\/wp-content\/uploads\/2024\/07\/nexoi-trasparente-2.png\",\"contentUrl\":\"https:\/\/www.nexoinformativo.mx\/wp-content\/uploads\/2024\/07\/nexoi-trasparente-2.png\",\"width\":816,\"height\":339,\"caption\":\"Nexo Informativo Santiago de Quer\u00e9taro\"},\"image\":{\"@id\":\"https:\/\/www.nexoinformativo.mx\/#\/schema\/logo\/image\/\"},\"sameAs\":[\"https:\/\/www.facebook.com\/people\/Nexo-Informativo\/61564066885511\/\"]},{\"@type\":\"Person\",\"@id\":\"https:\/\/www.nexoinformativo.mx\/#\/schema\/person\/7749d380ba08c8ca00d7bc76fd907b7d\",\"name\":\"Nexo Informativo\",\"image\":{\"@type\":\"ImageObject\",\"inLanguage\":\"es\",\"@id\":\"https:\/\/www.nexoinformativo.mx\/#\/schema\/person\/image\/\",\"url\":\"https:\/\/secure.gravatar.com\/avatar\/dde2928154642a13d95f87ddf1ea9718fe2b46760a005c53e41ff5ad610704e6?s=96&d=mm&r=g\",\"contentUrl\":\"https:\/\/secure.gravatar.com\/avatar\/dde2928154642a13d95f87ddf1ea9718fe2b46760a005c53e41ff5ad610704e6?s=96&d=mm&r=g\",\"caption\":\"Nexo Informativo\"},\"url\":\"https:\/\/www.nexoinformativo.mx\/index.php\/author\/edicion\/\"}]}<\/script>\n<!-- \/ Yoast SEO plugin. -->","yoast_head_json":{"title":"Claudia Sheinbaum agradece a Xi Jinping por el apoyo de China para la recuperaci\u00f3n tras hurac\u00e1n Otis | Nexo Informativo Santiago de Quer\u00e9taro","description":"Claudia Sheinbaum agradece a Xi Jinping por el apoyo de China para la recuperaci\u00f3n tras hurac\u00e1n Otis","robots":{"index":"index","follow":"follow","max-snippet":"max-snippet:-1","max-image-preview":"max-image-preview:large","max-video-preview":"max-video-preview:-1"},"canonical":"https:\/\/www.nexoinformativo.mx\/index.php\/2024\/11\/19\/claudia-sheinbaum-agradece-a-xi-jinping-por-el-apoyo-de-china-para-la-recuperacion-tras-huracan-otis\/","og_locale":"es_MX","og_type":"article","og_title":"Claudia Sheinbaum agradece a Xi Jinping por el apoyo de China para la recuperaci\u00f3n tras hurac\u00e1n Otis | Nexo Informativo Santiago de Quer\u00e9taro","og_description":"Claudia Sheinbaum agradece a Xi Jinping por el apoyo de China para la recuperaci\u00f3n tras hurac\u00e1n Otis","og_url":"https:\/\/www.nexoinformativo.mx\/index.php\/2024\/11\/19\/claudia-sheinbaum-agradece-a-xi-jinping-por-el-apoyo-de-china-para-la-recuperacion-tras-huracan-otis\/","og_site_name":"Nexo Informativo Santiago de Quer\u00e9taro","article_publisher":"https:\/\/www.facebook.com\/people\/Nexo-Informativo\/61564066885511\/","article_published_time":"2024-11-19T13:00:58+00:00","article_modified_time":"2024-11-19T14:41:04+00:00","og_image":[{"width":700,"height":700,"url":"https:\/\/www.nexoinformativo.mx\/wp-content\/uploads\/2024\/11\/IMG_7938-e1732027236928.jpg","type":"image\/jpeg"}],"author":"Nexo Informativo","twitter_card":"summary_large_image","twitter_misc":{"Escrito por":"Nexo Informativo","Tiempo de lectura":"2 minutos"},"schema":{"@context":"https:\/\/schema.org","@graph":[{"@type":"Article","@id":"https:\/\/www.nexoinformativo.mx\/index.php\/2024\/11\/19\/claudia-sheinbaum-agradece-a-xi-jinping-por-el-apoyo-de-china-para-la-recuperacion-tras-huracan-otis\/#article","isPartOf":{"@id":"https:\/\/www.nexoinformativo.mx\/index.php\/2024\/11\/19\/claudia-sheinbaum-agradece-a-xi-jinping-por-el-apoyo-de-china-para-la-recuperacion-tras-huracan-otis\/"},"author":{"name":"Nexo Informativo","@id":"https:\/\/www.nexoinformativo.mx\/#\/schema\/person\/7749d380ba08c8ca00d7bc76fd907b7d"},"headline":"Claudia Sheinbaum agradece a Xi Jinping por el apoyo de China para la recuperaci\u00f3n tras hurac\u00e1n Otis","datePublished":"2024-11-19T13:00:58+00:00","dateModified":"2024-11-19T14:41:04+00:00","mainEntityOfPage":{"@id":"https:\/\/www.nexoinformativo.mx\/index.php\/2024\/11\/19\/claudia-sheinbaum-agradece-a-xi-jinping-por-el-apoyo-de-china-para-la-recuperacion-tras-huracan-otis\/"},"wordCount":224,"commentCount":0,"publisher":{"@id":"https:\/\/www.nexoinformativo.mx\/#organization"},"image":{"@id":"https:\/\/www.nexoinformativo.mx\/index.php\/2024\/11\/19\/claudia-sheinbaum-agradece-a-xi-jinping-por-el-apoyo-de-china-para-la-recuperacion-tras-huracan-otis\/#primaryimage"},"thumbnailUrl":"https:\/\/www.nexoinformativo.mx\/wp-content\/uploads\/2024\/11\/IMG_7938-e1732027236928.jpg","keywords":["ApoyoChina","ClaudiaSheinbaum","G20","XiJinping"],"articleSection":["Nacional","\u00daltima Hora"],"inLanguage":"es","potentialAction":[{"@type":"CommentAction","name":"Comment","target":["https:\/\/www.nexoinformativo.mx\/index.php\/2024\/11\/19\/claudia-sheinbaum-agradece-a-xi-jinping-por-el-apoyo-de-china-para-la-recuperacion-tras-huracan-otis\/#respond"]}]},{"@type":"WebPage","@id":"https:\/\/www.nexoinformativo.mx\/index.php\/2024\/11\/19\/claudia-sheinbaum-agradece-a-xi-jinping-por-el-apoyo-de-china-para-la-recuperacion-tras-huracan-otis\/","url":"https:\/\/www.nexoinformativo.mx\/index.php\/2024\/11\/19\/claudia-sheinbaum-agradece-a-xi-jinping-por-el-apoyo-de-china-para-la-recuperacion-tras-huracan-otis\/","name":"Claudia Sheinbaum agradece a Xi Jinping por el apoyo de China para la recuperaci\u00f3n tras hurac\u00e1n Otis | Nexo Informativo Santiago de Quer\u00e9taro","isPartOf":{"@id":"https:\/\/www.nexoinformativo.mx\/#website"},"primaryImageOfPage":{"@id":"https:\/\/www.nexoinformativo.mx\/index.php\/2024\/11\/19\/claudia-sheinbaum-agradece-a-xi-jinping-por-el-apoyo-de-china-para-la-recuperacion-tras-huracan-otis\/#primaryimage"},"image":{"@id":"https:\/\/www.nexoinformativo.mx\/index.php\/2024\/11\/19\/claudia-sheinbaum-agradece-a-xi-jinping-por-el-apoyo-de-china-para-la-recuperacion-tras-huracan-otis\/#primaryimage"},"thumbnailUrl":"https:\/\/www.nexoinformativo.mx\/wp-content\/uploads\/2024\/11\/IMG_7938-e1732027236928.jpg","datePublished":"2024-11-19T13:00:58+00:00","dateModified":"2024-11-19T14:41:04+00:00","description":"Claudia Sheinbaum agradece a Xi Jinping por el apoyo de China para la recuperaci\u00f3n tras hurac\u00e1n Otis","breadcrumb":{"@id":"https:\/\/www.nexoinformativo.mx\/index.php\/2024\/11\/19\/claudia-sheinbaum-agradece-a-xi-jinping-por-el-apoyo-de-china-para-la-recuperacion-tras-huracan-otis\/#breadcrumb"},"inLanguage":"es","potentialAction":[{"@type":"ReadAction","target":["https:\/\/www.nexoinformativo.mx\/index.php\/2024\/11\/19\/claudia-sheinbaum-agradece-a-xi-jinping-por-el-apoyo-de-china-para-la-recuperacion-tras-huracan-otis\/"]}]},{"@type":"ImageObject","inLanguage":"es","@id":"https:\/\/www.nexoinformativo.mx\/index.php\/2024\/11\/19\/claudia-sheinbaum-agradece-a-xi-jinping-por-el-apoyo-de-china-para-la-recuperacion-tras-huracan-otis\/#primaryimage","url":"https:\/\/www.nexoinformativo.mx\/wp-content\/uploads\/2024\/11\/IMG_7938-e1732027236928.jpg","contentUrl":"https:\/\/www.nexoinformativo.mx\/wp-content\/uploads\/2024\/11\/IMG_7938-e1732027236928.jpg","width":700,"height":700},{"@type":"BreadcrumbList","@id":"https:\/\/www.nexoinformativo.mx\/index.php\/2024\/11\/19\/claudia-sheinbaum-agradece-a-xi-jinping-por-el-apoyo-de-china-para-la-recuperacion-tras-huracan-otis\/#breadcrumb","itemListElement":[{"@type":"ListItem","position":1,"name":"Inicio","item":"https:\/\/www.nexoinformativo.mx\/"},{"@type":"ListItem","position":2,"name":"Claudia Sheinbaum agradece a Xi Jinping por el apoyo de China para la recuperaci\u00f3n tras hurac\u00e1n Otis"}]},{"@type":"WebSite","@id":"https:\/\/www.nexoinformativo.mx\/#website","url":"https:\/\/www.nexoinformativo.mx\/","name":"Nexo Informativo Santiago de Quer\u00e9taro","description":"Explora NexoInformativo y convi\u00e9rtete en parte de una comunidad que valora el conocimiento y la verdad. Tu nexoinformativo es tu puente hacia una comprensi\u00f3n m\u00e1s profunda del mundo que te rodea.","publisher":{"@id":"https:\/\/www.nexoinformativo.mx\/#organization"},"potentialAction":[{"@type":"SearchAction","target":{"@type":"EntryPoint","urlTemplate":"https:\/\/www.nexoinformativo.mx\/?s={search_term_string}"},"query-input":{"@type":"PropertyValueSpecification","valueRequired":true,"valueName":"search_term_string"}}],"inLanguage":"es"},{"@type":"Organization","@id":"https:\/\/www.nexoinformativo.mx\/#organization","name":"Nexo Informativo Santiago de Quer\u00e9taro","url":"https:\/\/www.nexoinformativo.mx\/","logo":{"@type":"ImageObject","inLanguage":"es","@id":"https:\/\/www.nexoinformativo.mx\/#\/schema\/logo\/image\/","url":"https:\/\/www.nexoinformativo.mx\/wp-content\/uploads\/2024\/07\/nexoi-trasparente-2.png","contentUrl":"https:\/\/www.nexoinformativo.mx\/wp-content\/uploads\/2024\/07\/nexoi-trasparente-2.png","width":816,"height":339,"caption":"Nexo Informativo Santiago de Quer\u00e9taro"},"image":{"@id":"https:\/\/www.nexoinformativo.mx\/#\/schema\/logo\/image\/"},"sameAs":["https:\/\/www.facebook.com\/people\/Nexo-Informativo\/61564066885511\/"]},{"@type":"Person","@id":"https:\/\/www.nexoinformativo.mx\/#\/schema\/person\/7749d380ba08c8ca00d7bc76fd907b7d","name":"Nexo Informativo","image":{"@type":"ImageObject","inLanguage":"es","@id":"https:\/\/www.nexoinformativo.mx\/#\/schema\/person\/image\/","url":"https:\/\/secure.gravatar.com\/avatar\/dde2928154642a13d95f87ddf1ea9718fe2b46760a005c53e41ff5ad610704e6?s=96&d=mm&r=g","contentUrl":"https:\/\/secure.gravatar.com\/avatar\/dde2928154642a13d95f87ddf1ea9718fe2b46760a005c53e41ff5ad610704e6?s=96&d=mm&r=g","caption":"Nexo Informativo"},"url":"https:\/\/www.nexoinformativo.mx\/index.php\/author\/edicion\/"}]}},"_links":{"self":[{"href":"https:\/\/www.nexoinformativo.mx\/index.php\/wp-json\/wp\/v2\/posts\/6376","targetHints":{"allow":["GET"]}}],"collection":[{"href":"https:\/\/www.nexoinformativo.mx\/index.php\/wp-json\/wp\/v2\/posts"}],"about":[{"href":"https:\/\/www.nexoinformativo.mx\/index.php\/wp-json\/wp\/v2\/types\/post"}],"author":[{"embeddable":true,"href":"https:\/\/www.nexoinformativo.mx\/index.php\/wp-json\/wp\/v2\/users\/3"}],"replies":[{"embeddable":true,"href":"https:\/\/www.nexoinformativo.mx\/index.php\/wp-json\/wp\/v2\/comments?post=6376"}],"version-history":[{"count":2,"href":"https:\/\/www.nexoinformativo.mx\/index.php\/wp-json\/wp\/v2\/posts\/6376\/revisions"}],"predecessor-version":[{"id":6379,"href":"https:\/\/www.nexoinformativo.mx\/index.php\/wp-json\/wp\/v2\/posts\/6376\/revisions\/6379"}],"wp:featuredmedia":[{"embeddable":true,"href":"https:\/\/www.nexoinformativo.mx\/index.php\/wp-json\/wp\/v2\/media\/6377"}],"wp:attachment":[{"href":"https:\/\/www.nexoinformativo.mx\/index.php\/wp-json\/wp\/v2\/media?parent=6376"}],"wp:term":[{"taxonomy":"category","embeddable":true,"href":"https:\/\/www.nexoinformativo.mx\/index.php\/wp-json\/wp\/v2\/categories?post=6376"},{"taxonomy":"post_tag","embeddable":true,"href":"https:\/\/www.nexoinformativo.mx\/index.php\/wp-json\/wp\/v2\/tags?post=6376"}],"curies":[{"name":"wp","href":"https:\/\/api.w.org\/{rel}","templated":true}]}}