{"id":6388,"date":"2024-11-19T09:30:23","date_gmt":"2024-11-19T15:30:23","guid":{"rendered":"https:\/\/www.nexoinformativo.mx\/?p=6388"},"modified":"2024-11-19T10:45:38","modified_gmt":"2024-11-19T16:45:38","slug":"rodrigo-monsalvo-entrega-obras-de-infraestructura-en-el-colorado","status":"publish","type":"post","link":"https:\/\/www.nexoinformativo.mx\/index.php\/2024\/11\/19\/rodrigo-monsalvo-entrega-obras-de-infraestructura-en-el-colorado\/","title":{"rendered":"Rodrigo Monsalvo entrega obras de infraestructura en El Colorado"},"content":{"rendered":"<p style=\"text-align: justify;\">El presidente municipal de El Marqu\u00e9s, Rodrigo Monsalvo, acompa\u00f1ado por el secretario de Obras P\u00fablicas, Abraham Ibarra, entreg\u00f3 diversas obras de infraestructura deportiva y servicios b\u00e1sicos en El Colorado. La inversi\u00f3n total fue de 36 millones 982 mil 561 pesos, beneficiando a m\u00e1s de cuatro mil habitantes.<\/p>\n<p>&nbsp;<\/p>\n<p style=\"text-align: justify;\">Las autoridades municipales rehabilitaron<strong> la Unidad Deportiva El Colorado<\/strong>, incluyendo el acceso, cancha de futbol, andador peatonal, cancha de futbol 7, bodega, sanitarios y canchas deportivas. Adem\u00e1s, se coloc\u00f3 una lonaria de 670 metros cuadrados y se aplic\u00f3 pintura en las canchas. Esta inversi\u00f3n de 10 millones 90 mil 525 pesos beneficiar\u00e1 a dos mil 767 habitantes.<\/p>\n<p>&nbsp;<\/p>\n<p style=\"text-align: justify;\">En la misma comunidad, se realizaron trabajos de urbanizaci\u00f3n en las calles Ni\u00f1os H\u00e9roes, Privada Ni\u00f1os H\u00e9roes y Armando Paredes Arroyo. Las mejoras incluyen banquetas, pavimento de empedrado, adoqu\u00edn de cantera, concreto estampado, guarniciones y tuber\u00edas para drenaje y agua potable, beneficiando a 1277 habitantes.<\/p>\n<p>&nbsp;<\/p>\n<p style=\"text-align: justify;\">En San Cristobal El Colorado, se urbanizaron las calles Roca y Garambullo, con una inversi\u00f3n de ocho millones 565 mil 687 pesos, beneficiando a 240 habitantes.<\/p>\n<p>&nbsp;<\/p>\n<p style=\"text-align: justify;\">Durante el recorrido, Monsalvo se comprometi\u00f3 a seguir trabajando y llevando mas obras p\u00fablicas a las diferentes comunidades para mejorar la infraestructura en todo el municipio.<\/p>\n<p>&nbsp;<\/p>\n<p style=\"text-align: center;\"><em><strong>\u00a1Informaci\u00f3n que transforma!<\/strong><\/em><\/p>\n","protected":false},"excerpt":{"rendered":"<p>El presidente municipal de El Marqu\u00e9s, Rodrigo Monsalvo, acompa\u00f1ado por el secretario de Obras P\u00fablicas, Abraham Ibarra, entreg\u00f3 diversas obras de infraestructura deportiva y servicios b\u00e1sicos en El Colorado.<\/p>\n","protected":false},"author":3,"featured_media":6389,"comment_status":"open","ping_status":"open","sticky":false,"template":"","format":"standard","meta":{"footnotes":""},"categories":[65,58],"tags":[149,2176,644,777],"class_list":["post-6388","post","type-post","status-publish","format-standard","has-post-thumbnail","hentry","category-municipios","category-ultima-hora","tag-elmarques","tag-infraestructuraelcolorado","tag-obraspublicas","tag-rodrigomonsalvo"],"yoast_head":"<!-- This site is optimized with the Yoast SEO plugin v25.0 - https:\/\/yoast.com\/wordpress\/plugins\/seo\/ -->\n<title>Rodrigo Monsalvo entrega obras de infraestructura en El Colorado | Nexo Informativo Santiago de Quer\u00e9taro<\/title>\n<meta name=\"description\" content=\"Rodrigo Monsalvo entrega obras de infraestructura en El Colorado\" \/>\n<meta name=\"robots\" content=\"index, follow, max-snippet:-1, max-image-preview:large, max-video-preview:-1\" \/>\n<link rel=\"canonical\" href=\"https:\/\/www.nexoinformativo.mx\/index.php\/2024\/11\/19\/rodrigo-monsalvo-entrega-obras-de-infraestructura-en-el-colorado\/\" \/>\n<meta property=\"og:locale\" content=\"es_MX\" \/>\n<meta property=\"og:type\" content=\"article\" \/>\n<meta property=\"og:title\" content=\"Rodrigo Monsalvo entrega obras de infraestructura en El Colorado | Nexo Informativo Santiago de Quer\u00e9taro\" \/>\n<meta property=\"og:description\" content=\"Rodrigo Monsalvo entrega obras de infraestructura en El Colorado\" \/>\n<meta property=\"og:url\" content=\"https:\/\/www.nexoinformativo.mx\/index.php\/2024\/11\/19\/rodrigo-monsalvo-entrega-obras-de-infraestructura-en-el-colorado\/\" \/>\n<meta property=\"og:site_name\" content=\"Nexo Informativo Santiago de Quer\u00e9taro\" \/>\n<meta property=\"article:publisher\" content=\"https:\/\/www.facebook.com\/people\/Nexo-Informativo\/61564066885511\/\" \/>\n<meta property=\"article:published_time\" content=\"2024-11-19T15:30:23+00:00\" \/>\n<meta property=\"article:modified_time\" content=\"2024-11-19T16:45:38+00:00\" \/>\n<meta property=\"og:image\" content=\"https:\/\/www.nexoinformativo.mx\/wp-content\/uploads\/2024\/11\/PHOTO-2024-11-19-10-17-17-e1732034062394.jpg\" \/>\n\t<meta property=\"og:image:width\" content=\"700\" \/>\n\t<meta property=\"og:image:height\" content=\"875\" \/>\n\t<meta property=\"og:image:type\" content=\"image\/jpeg\" \/>\n<meta name=\"author\" content=\"Nexo Informativo\" \/>\n<meta name=\"twitter:card\" content=\"summary_large_image\" \/>\n<meta name=\"twitter:label1\" content=\"Escrito por\" \/>\n\t<meta name=\"twitter:data1\" content=\"Nexo Informativo\" \/>\n\t<meta name=\"twitter:label2\" content=\"Tiempo de lectura\" \/>\n\t<meta name=\"twitter:data2\" content=\"2 minutos\" \/>\n<script type=\"application\/ld+json\" class=\"yoast-schema-graph\">{\"@context\":\"https:\/\/schema.org\",\"@graph\":[{\"@type\":\"Article\",\"@id\":\"https:\/\/www.nexoinformativo.mx\/index.php\/2024\/11\/19\/rodrigo-monsalvo-entrega-obras-de-infraestructura-en-el-colorado\/#article\",\"isPartOf\":{\"@id\":\"https:\/\/www.nexoinformativo.mx\/index.php\/2024\/11\/19\/rodrigo-monsalvo-entrega-obras-de-infraestructura-en-el-colorado\/\"},\"author\":{\"name\":\"Nexo Informativo\",\"@id\":\"https:\/\/www.nexoinformativo.mx\/#\/schema\/person\/7749d380ba08c8ca00d7bc76fd907b7d\"},\"headline\":\"Rodrigo Monsalvo entrega obras de infraestructura en El Colorado\",\"datePublished\":\"2024-11-19T15:30:23+00:00\",\"dateModified\":\"2024-11-19T16:45:38+00:00\",\"mainEntityOfPage\":{\"@id\":\"https:\/\/www.nexoinformativo.mx\/index.php\/2024\/11\/19\/rodrigo-monsalvo-entrega-obras-de-infraestructura-en-el-colorado\/\"},\"wordCount\":223,\"commentCount\":0,\"publisher\":{\"@id\":\"https:\/\/www.nexoinformativo.mx\/#organization\"},\"image\":{\"@id\":\"https:\/\/www.nexoinformativo.mx\/index.php\/2024\/11\/19\/rodrigo-monsalvo-entrega-obras-de-infraestructura-en-el-colorado\/#primaryimage\"},\"thumbnailUrl\":\"https:\/\/www.nexoinformativo.mx\/wp-content\/uploads\/2024\/11\/PHOTO-2024-11-19-10-17-17-e1732034062394.jpg\",\"keywords\":[\"elmarques\",\"InfraestructuraElColorado\",\"ObrasP\u00fablicas\",\"RodrigoMonsalvo\"],\"articleSection\":[\"Municipios\",\"\u00daltima Hora\"],\"inLanguage\":\"es\",\"potentialAction\":[{\"@type\":\"CommentAction\",\"name\":\"Comment\",\"target\":[\"https:\/\/www.nexoinformativo.mx\/index.php\/2024\/11\/19\/rodrigo-monsalvo-entrega-obras-de-infraestructura-en-el-colorado\/#respond\"]}]},{\"@type\":\"WebPage\",\"@id\":\"https:\/\/www.nexoinformativo.mx\/index.php\/2024\/11\/19\/rodrigo-monsalvo-entrega-obras-de-infraestructura-en-el-colorado\/\",\"url\":\"https:\/\/www.nexoinformativo.mx\/index.php\/2024\/11\/19\/rodrigo-monsalvo-entrega-obras-de-infraestructura-en-el-colorado\/\",\"name\":\"Rodrigo Monsalvo entrega obras de infraestructura en El Colorado | Nexo Informativo Santiago de Quer\u00e9taro\",\"isPartOf\":{\"@id\":\"https:\/\/www.nexoinformativo.mx\/#website\"},\"primaryImageOfPage\":{\"@id\":\"https:\/\/www.nexoinformativo.mx\/index.php\/2024\/11\/19\/rodrigo-monsalvo-entrega-obras-de-infraestructura-en-el-colorado\/#primaryimage\"},\"image\":{\"@id\":\"https:\/\/www.nexoinformativo.mx\/index.php\/2024\/11\/19\/rodrigo-monsalvo-entrega-obras-de-infraestructura-en-el-colorado\/#primaryimage\"},\"thumbnailUrl\":\"https:\/\/www.nexoinformativo.mx\/wp-content\/uploads\/2024\/11\/PHOTO-2024-11-19-10-17-17-e1732034062394.jpg\",\"datePublished\":\"2024-11-19T15:30:23+00:00\",\"dateModified\":\"2024-11-19T16:45:38+00:00\",\"description\":\"Rodrigo Monsalvo entrega obras de infraestructura en El Colorado\",\"breadcrumb\":{\"@id\":\"https:\/\/www.nexoinformativo.mx\/index.php\/2024\/11\/19\/rodrigo-monsalvo-entrega-obras-de-infraestructura-en-el-colorado\/#breadcrumb\"},\"inLanguage\":\"es\",\"potentialAction\":[{\"@type\":\"ReadAction\",\"target\":[\"https:\/\/www.nexoinformativo.mx\/index.php\/2024\/11\/19\/rodrigo-monsalvo-entrega-obras-de-infraestructura-en-el-colorado\/\"]}]},{\"@type\":\"ImageObject\",\"inLanguage\":\"es\",\"@id\":\"https:\/\/www.nexoinformativo.mx\/index.php\/2024\/11\/19\/rodrigo-monsalvo-entrega-obras-de-infraestructura-en-el-colorado\/#primaryimage\",\"url\":\"https:\/\/www.nexoinformativo.mx\/wp-content\/uploads\/2024\/11\/PHOTO-2024-11-19-10-17-17-e1732034062394.jpg\",\"contentUrl\":\"https:\/\/www.nexoinformativo.mx\/wp-content\/uploads\/2024\/11\/PHOTO-2024-11-19-10-17-17-e1732034062394.jpg\",\"width\":700,\"height\":875},{\"@type\":\"BreadcrumbList\",\"@id\":\"https:\/\/www.nexoinformativo.mx\/index.php\/2024\/11\/19\/rodrigo-monsalvo-entrega-obras-de-infraestructura-en-el-colorado\/#breadcrumb\",\"itemListElement\":[{\"@type\":\"ListItem\",\"position\":1,\"name\":\"Inicio\",\"item\":\"https:\/\/www.nexoinformativo.mx\/\"},{\"@type\":\"ListItem\",\"position\":2,\"name\":\"Rodrigo Monsalvo entrega obras de infraestructura en El Colorado\"}]},{\"@type\":\"WebSite\",\"@id\":\"https:\/\/www.nexoinformativo.mx\/#website\",\"url\":\"https:\/\/www.nexoinformativo.mx\/\",\"name\":\"Nexo Informativo Santiago de Quer\u00e9taro\",\"description\":\"Explora NexoInformativo y convi\u00e9rtete en parte de una comunidad que valora el conocimiento y la verdad. Tu nexoinformativo es tu puente hacia una comprensi\u00f3n m\u00e1s profunda del mundo que te rodea.\",\"publisher\":{\"@id\":\"https:\/\/www.nexoinformativo.mx\/#organization\"},\"potentialAction\":[{\"@type\":\"SearchAction\",\"target\":{\"@type\":\"EntryPoint\",\"urlTemplate\":\"https:\/\/www.nexoinformativo.mx\/?s={search_term_string}\"},\"query-input\":{\"@type\":\"PropertyValueSpecification\",\"valueRequired\":true,\"valueName\":\"search_term_string\"}}],\"inLanguage\":\"es\"},{\"@type\":\"Organization\",\"@id\":\"https:\/\/www.nexoinformativo.mx\/#organization\",\"name\":\"Nexo Informativo Santiago de Quer\u00e9taro\",\"url\":\"https:\/\/www.nexoinformativo.mx\/\",\"logo\":{\"@type\":\"ImageObject\",\"inLanguage\":\"es\",\"@id\":\"https:\/\/www.nexoinformativo.mx\/#\/schema\/logo\/image\/\",\"url\":\"https:\/\/www.nexoinformativo.mx\/wp-content\/uploads\/2024\/07\/nexoi-trasparente-2.png\",\"contentUrl\":\"https:\/\/www.nexoinformativo.mx\/wp-content\/uploads\/2024\/07\/nexoi-trasparente-2.png\",\"width\":816,\"height\":339,\"caption\":\"Nexo Informativo Santiago de Quer\u00e9taro\"},\"image\":{\"@id\":\"https:\/\/www.nexoinformativo.mx\/#\/schema\/logo\/image\/\"},\"sameAs\":[\"https:\/\/www.facebook.com\/people\/Nexo-Informativo\/61564066885511\/\"]},{\"@type\":\"Person\",\"@id\":\"https:\/\/www.nexoinformativo.mx\/#\/schema\/person\/7749d380ba08c8ca00d7bc76fd907b7d\",\"name\":\"Nexo Informativo\",\"image\":{\"@type\":\"ImageObject\",\"inLanguage\":\"es\",\"@id\":\"https:\/\/www.nexoinformativo.mx\/#\/schema\/person\/image\/\",\"url\":\"https:\/\/secure.gravatar.com\/avatar\/dde2928154642a13d95f87ddf1ea9718fe2b46760a005c53e41ff5ad610704e6?s=96&d=mm&r=g\",\"contentUrl\":\"https:\/\/secure.gravatar.com\/avatar\/dde2928154642a13d95f87ddf1ea9718fe2b46760a005c53e41ff5ad610704e6?s=96&d=mm&r=g\",\"caption\":\"Nexo Informativo\"},\"url\":\"https:\/\/www.nexoinformativo.mx\/index.php\/author\/edicion\/\"}]}<\/script>\n<!-- \/ Yoast SEO plugin. -->","yoast_head_json":{"title":"Rodrigo Monsalvo entrega obras de infraestructura en El Colorado | Nexo Informativo Santiago de Quer\u00e9taro","description":"Rodrigo Monsalvo entrega obras de infraestructura en El Colorado","robots":{"index":"index","follow":"follow","max-snippet":"max-snippet:-1","max-image-preview":"max-image-preview:large","max-video-preview":"max-video-preview:-1"},"canonical":"https:\/\/www.nexoinformativo.mx\/index.php\/2024\/11\/19\/rodrigo-monsalvo-entrega-obras-de-infraestructura-en-el-colorado\/","og_locale":"es_MX","og_type":"article","og_title":"Rodrigo Monsalvo entrega obras de infraestructura en El Colorado | Nexo Informativo Santiago de Quer\u00e9taro","og_description":"Rodrigo Monsalvo entrega obras de infraestructura en El Colorado","og_url":"https:\/\/www.nexoinformativo.mx\/index.php\/2024\/11\/19\/rodrigo-monsalvo-entrega-obras-de-infraestructura-en-el-colorado\/","og_site_name":"Nexo Informativo Santiago de Quer\u00e9taro","article_publisher":"https:\/\/www.facebook.com\/people\/Nexo-Informativo\/61564066885511\/","article_published_time":"2024-11-19T15:30:23+00:00","article_modified_time":"2024-11-19T16:45:38+00:00","og_image":[{"width":700,"height":875,"url":"https:\/\/www.nexoinformativo.mx\/wp-content\/uploads\/2024\/11\/PHOTO-2024-11-19-10-17-17-e1732034062394.jpg","type":"image\/jpeg"}],"author":"Nexo Informativo","twitter_card":"summary_large_image","twitter_misc":{"Escrito por":"Nexo Informativo","Tiempo de lectura":"2 minutos"},"schema":{"@context":"https:\/\/schema.org","@graph":[{"@type":"Article","@id":"https:\/\/www.nexoinformativo.mx\/index.php\/2024\/11\/19\/rodrigo-monsalvo-entrega-obras-de-infraestructura-en-el-colorado\/#article","isPartOf":{"@id":"https:\/\/www.nexoinformativo.mx\/index.php\/2024\/11\/19\/rodrigo-monsalvo-entrega-obras-de-infraestructura-en-el-colorado\/"},"author":{"name":"Nexo Informativo","@id":"https:\/\/www.nexoinformativo.mx\/#\/schema\/person\/7749d380ba08c8ca00d7bc76fd907b7d"},"headline":"Rodrigo Monsalvo entrega obras de infraestructura en El Colorado","datePublished":"2024-11-19T15:30:23+00:00","dateModified":"2024-11-19T16:45:38+00:00","mainEntityOfPage":{"@id":"https:\/\/www.nexoinformativo.mx\/index.php\/2024\/11\/19\/rodrigo-monsalvo-entrega-obras-de-infraestructura-en-el-colorado\/"},"wordCount":223,"commentCount":0,"publisher":{"@id":"https:\/\/www.nexoinformativo.mx\/#organization"},"image":{"@id":"https:\/\/www.nexoinformativo.mx\/index.php\/2024\/11\/19\/rodrigo-monsalvo-entrega-obras-de-infraestructura-en-el-colorado\/#primaryimage"},"thumbnailUrl":"https:\/\/www.nexoinformativo.mx\/wp-content\/uploads\/2024\/11\/PHOTO-2024-11-19-10-17-17-e1732034062394.jpg","keywords":["elmarques","InfraestructuraElColorado","ObrasP\u00fablicas","RodrigoMonsalvo"],"articleSection":["Municipios","\u00daltima Hora"],"inLanguage":"es","potentialAction":[{"@type":"CommentAction","name":"Comment","target":["https:\/\/www.nexoinformativo.mx\/index.php\/2024\/11\/19\/rodrigo-monsalvo-entrega-obras-de-infraestructura-en-el-colorado\/#respond"]}]},{"@type":"WebPage","@id":"https:\/\/www.nexoinformativo.mx\/index.php\/2024\/11\/19\/rodrigo-monsalvo-entrega-obras-de-infraestructura-en-el-colorado\/","url":"https:\/\/www.nexoinformativo.mx\/index.php\/2024\/11\/19\/rodrigo-monsalvo-entrega-obras-de-infraestructura-en-el-colorado\/","name":"Rodrigo Monsalvo entrega obras de infraestructura en El Colorado | Nexo Informativo Santiago de Quer\u00e9taro","isPartOf":{"@id":"https:\/\/www.nexoinformativo.mx\/#website"},"primaryImageOfPage":{"@id":"https:\/\/www.nexoinformativo.mx\/index.php\/2024\/11\/19\/rodrigo-monsalvo-entrega-obras-de-infraestructura-en-el-colorado\/#primaryimage"},"image":{"@id":"https:\/\/www.nexoinformativo.mx\/index.php\/2024\/11\/19\/rodrigo-monsalvo-entrega-obras-de-infraestructura-en-el-colorado\/#primaryimage"},"thumbnailUrl":"https:\/\/www.nexoinformativo.mx\/wp-content\/uploads\/2024\/11\/PHOTO-2024-11-19-10-17-17-e1732034062394.jpg","datePublished":"2024-11-19T15:30:23+00:00","dateModified":"2024-11-19T16:45:38+00:00","description":"Rodrigo Monsalvo entrega obras de infraestructura en El Colorado","breadcrumb":{"@id":"https:\/\/www.nexoinformativo.mx\/index.php\/2024\/11\/19\/rodrigo-monsalvo-entrega-obras-de-infraestructura-en-el-colorado\/#breadcrumb"},"inLanguage":"es","potentialAction":[{"@type":"ReadAction","target":["https:\/\/www.nexoinformativo.mx\/index.php\/2024\/11\/19\/rodrigo-monsalvo-entrega-obras-de-infraestructura-en-el-colorado\/"]}]},{"@type":"ImageObject","inLanguage":"es","@id":"https:\/\/www.nexoinformativo.mx\/index.php\/2024\/11\/19\/rodrigo-monsalvo-entrega-obras-de-infraestructura-en-el-colorado\/#primaryimage","url":"https:\/\/www.nexoinformativo.mx\/wp-content\/uploads\/2024\/11\/PHOTO-2024-11-19-10-17-17-e1732034062394.jpg","contentUrl":"https:\/\/www.nexoinformativo.mx\/wp-content\/uploads\/2024\/11\/PHOTO-2024-11-19-10-17-17-e1732034062394.jpg","width":700,"height":875},{"@type":"BreadcrumbList","@id":"https:\/\/www.nexoinformativo.mx\/index.php\/2024\/11\/19\/rodrigo-monsalvo-entrega-obras-de-infraestructura-en-el-colorado\/#breadcrumb","itemListElement":[{"@type":"ListItem","position":1,"name":"Inicio","item":"https:\/\/www.nexoinformativo.mx\/"},{"@type":"ListItem","position":2,"name":"Rodrigo Monsalvo entrega obras de infraestructura en El Colorado"}]},{"@type":"WebSite","@id":"https:\/\/www.nexoinformativo.mx\/#website","url":"https:\/\/www.nexoinformativo.mx\/","name":"Nexo Informativo Santiago de Quer\u00e9taro","description":"Explora NexoInformativo y convi\u00e9rtete en parte de una comunidad que valora el conocimiento y la verdad. Tu nexoinformativo es tu puente hacia una comprensi\u00f3n m\u00e1s profunda del mundo que te rodea.","publisher":{"@id":"https:\/\/www.nexoinformativo.mx\/#organization"},"potentialAction":[{"@type":"SearchAction","target":{"@type":"EntryPoint","urlTemplate":"https:\/\/www.nexoinformativo.mx\/?s={search_term_string}"},"query-input":{"@type":"PropertyValueSpecification","valueRequired":true,"valueName":"search_term_string"}}],"inLanguage":"es"},{"@type":"Organization","@id":"https:\/\/www.nexoinformativo.mx\/#organization","name":"Nexo Informativo Santiago de Quer\u00e9taro","url":"https:\/\/www.nexoinformativo.mx\/","logo":{"@type":"ImageObject","inLanguage":"es","@id":"https:\/\/www.nexoinformativo.mx\/#\/schema\/logo\/image\/","url":"https:\/\/www.nexoinformativo.mx\/wp-content\/uploads\/2024\/07\/nexoi-trasparente-2.png","contentUrl":"https:\/\/www.nexoinformativo.mx\/wp-content\/uploads\/2024\/07\/nexoi-trasparente-2.png","width":816,"height":339,"caption":"Nexo Informativo Santiago de Quer\u00e9taro"},"image":{"@id":"https:\/\/www.nexoinformativo.mx\/#\/schema\/logo\/image\/"},"sameAs":["https:\/\/www.facebook.com\/people\/Nexo-Informativo\/61564066885511\/"]},{"@type":"Person","@id":"https:\/\/www.nexoinformativo.mx\/#\/schema\/person\/7749d380ba08c8ca00d7bc76fd907b7d","name":"Nexo Informativo","image":{"@type":"ImageObject","inLanguage":"es","@id":"https:\/\/www.nexoinformativo.mx\/#\/schema\/person\/image\/","url":"https:\/\/secure.gravatar.com\/avatar\/dde2928154642a13d95f87ddf1ea9718fe2b46760a005c53e41ff5ad610704e6?s=96&d=mm&r=g","contentUrl":"https:\/\/secure.gravatar.com\/avatar\/dde2928154642a13d95f87ddf1ea9718fe2b46760a005c53e41ff5ad610704e6?s=96&d=mm&r=g","caption":"Nexo Informativo"},"url":"https:\/\/www.nexoinformativo.mx\/index.php\/author\/edicion\/"}]}},"_links":{"self":[{"href":"https:\/\/www.nexoinformativo.mx\/index.php\/wp-json\/wp\/v2\/posts\/6388","targetHints":{"allow":["GET"]}}],"collection":[{"href":"https:\/\/www.nexoinformativo.mx\/index.php\/wp-json\/wp\/v2\/posts"}],"about":[{"href":"https:\/\/www.nexoinformativo.mx\/index.php\/wp-json\/wp\/v2\/types\/post"}],"author":[{"embeddable":true,"href":"https:\/\/www.nexoinformativo.mx\/index.php\/wp-json\/wp\/v2\/users\/3"}],"replies":[{"embeddable":true,"href":"https:\/\/www.nexoinformativo.mx\/index.php\/wp-json\/wp\/v2\/comments?post=6388"}],"version-history":[{"count":2,"href":"https:\/\/www.nexoinformativo.mx\/index.php\/wp-json\/wp\/v2\/posts\/6388\/revisions"}],"predecessor-version":[{"id":6392,"href":"https:\/\/www.nexoinformativo.mx\/index.php\/wp-json\/wp\/v2\/posts\/6388\/revisions\/6392"}],"wp:featuredmedia":[{"embeddable":true,"href":"https:\/\/www.nexoinformativo.mx\/index.php\/wp-json\/wp\/v2\/media\/6389"}],"wp:attachment":[{"href":"https:\/\/www.nexoinformativo.mx\/index.php\/wp-json\/wp\/v2\/media?parent=6388"}],"wp:term":[{"taxonomy":"category","embeddable":true,"href":"https:\/\/www.nexoinformativo.mx\/index.php\/wp-json\/wp\/v2\/categories?post=6388"},{"taxonomy":"post_tag","embeddable":true,"href":"https:\/\/www.nexoinformativo.mx\/index.php\/wp-json\/wp\/v2\/tags?post=6388"}],"curies":[{"name":"wp","href":"https:\/\/api.w.org\/{rel}","templated":true}]}}