{"id":6411,"date":"2024-11-19T12:30:30","date_gmt":"2024-11-19T18:30:30","guid":{"rendered":"https:\/\/www.nexoinformativo.mx\/?p=6411"},"modified":"2024-11-19T14:51:08","modified_gmt":"2024-11-19T20:51:08","slug":"felifer-macias-visita-el-tianguis-5-de-febrero-para-escuchar-a-comerciantes","status":"publish","type":"post","link":"https:\/\/www.nexoinformativo.mx\/index.php\/2024\/11\/19\/felifer-macias-visita-el-tianguis-5-de-febrero-para-escuchar-a-comerciantes\/","title":{"rendered":"Felifer Mac\u00edas visita el tianguis 5 de Febrero para escuchar a comerciantes"},"content":{"rendered":"<p style=\"text-align: justify;\">El presidente municipal de Quer\u00e9taro, Felifer Mac\u00edas, recorri\u00f3 el Tianguis 5 de febrero en la colonia San Pablo, donde dialog\u00f3 con comerciantes para conocer sus necesidades y propuestas.<\/p>\n<p>&nbsp;<\/p>\n<p style=\"text-align: justify;\">Este acercamiento busca integrar sus opiniones en el <strong>Plan Orden<\/strong>, con el objetivo de beneficiar a todas las familias queretanas.\u00a0Durante su visita, Felifer Mac\u00edas record\u00f3 a los ciudadanos que, a inicios del pr\u00f3ximo a\u00f1o, el Municipio planea apoyar a los sectores m\u00e1s vulnerables con ayudas econ\u00f3micas directas.<\/p>\n<p>&nbsp;<\/p>\n<p style=\"text-align: justify;\">Estas se otorgar\u00e1n a trav\u00e9s de una tarjeta en la que se depositar\u00e1 dinero mensualmente, permitiendo a las familias utilizarlo en lo que m\u00e1s necesiten para mejorar su calidad de vida.<\/p>\n<p>&nbsp;<\/p>\n<p style=\"text-align: justify;\">En el recorrido, Mac\u00edas estuvo acompa\u00f1ado por Benito S\u00e1nchez L\u00f3pez, l\u00edder del Tianguis 5 de febrero; Juan Jos\u00e9 Ojeda, secretario de Desarrollo Social; la diputada federal Ma. Lorena Garc\u00eda y el regidor Bruno Casalini. Este equipo reafirm\u00f3 su compromiso de trabajar en conjunto para el bienestar de la comunidad.<\/p>\n<p>&nbsp;<\/p>\n<p style=\"text-align: center;\"><em><strong>\u00a1Informaci\u00f3n que transforma!<\/strong><\/em><\/p>\n","protected":false},"excerpt":{"rendered":"<p>El presidente municipal de Quer\u00e9taro, Felifer Mac\u00edas, recorri\u00f3 el Tianguis 5 de febrero en la colonia San Pablo, donde dialog\u00f3 con comerciantes para conocer sus necesidades y propuestas.<\/p>\n","protected":false},"author":3,"featured_media":6412,"comment_status":"open","ping_status":"open","sticky":false,"template":"","format":"standard","meta":{"footnotes":""},"categories":[65,58],"tags":[896,1000,133,2182],"class_list":["post-6411","post","type-post","status-publish","format-standard","has-post-thumbnail","hentry","category-municipios","category-ultima-hora","tag-apoyocomunitario","tag-felifermacias","tag-queretaro","tag-tianguis5defebrero"],"yoast_head":"<!-- This site is optimized with the Yoast SEO plugin v25.0 - https:\/\/yoast.com\/wordpress\/plugins\/seo\/ -->\n<title>Felifer Mac\u00edas visita el tianguis 5 de Febrero para escuchar a comerciantes | Nexo Informativo Santiago de Quer\u00e9taro<\/title>\n<meta name=\"description\" content=\"Felifer Mac\u00edas visita el tianguis 5 de Febrero para escuchar a comerciantes\" \/>\n<meta name=\"robots\" content=\"index, follow, max-snippet:-1, max-image-preview:large, max-video-preview:-1\" \/>\n<link rel=\"canonical\" href=\"https:\/\/www.nexoinformativo.mx\/index.php\/2024\/11\/19\/felifer-macias-visita-el-tianguis-5-de-febrero-para-escuchar-a-comerciantes\/\" \/>\n<meta property=\"og:locale\" content=\"es_MX\" \/>\n<meta property=\"og:type\" content=\"article\" \/>\n<meta property=\"og:title\" content=\"Felifer Mac\u00edas visita el tianguis 5 de Febrero para escuchar a comerciantes | Nexo Informativo Santiago de Quer\u00e9taro\" \/>\n<meta property=\"og:description\" content=\"Felifer Mac\u00edas visita el tianguis 5 de Febrero para escuchar a comerciantes\" \/>\n<meta property=\"og:url\" content=\"https:\/\/www.nexoinformativo.mx\/index.php\/2024\/11\/19\/felifer-macias-visita-el-tianguis-5-de-febrero-para-escuchar-a-comerciantes\/\" \/>\n<meta property=\"og:site_name\" content=\"Nexo Informativo Santiago de Quer\u00e9taro\" \/>\n<meta property=\"article:publisher\" content=\"https:\/\/www.facebook.com\/people\/Nexo-Informativo\/61564066885511\/\" \/>\n<meta property=\"article:published_time\" content=\"2024-11-19T18:30:30+00:00\" \/>\n<meta property=\"article:modified_time\" content=\"2024-11-19T20:51:08+00:00\" \/>\n<meta property=\"og:image\" content=\"https:\/\/www.nexoinformativo.mx\/wp-content\/uploads\/2024\/11\/PHOTO-2024-11-19-14-17-16-e1732049437625.jpg\" \/>\n\t<meta property=\"og:image:width\" content=\"700\" \/>\n\t<meta property=\"og:image:height\" content=\"466\" \/>\n\t<meta property=\"og:image:type\" content=\"image\/jpeg\" \/>\n<meta name=\"author\" content=\"Nexo Informativo\" \/>\n<meta name=\"twitter:card\" content=\"summary_large_image\" \/>\n<meta name=\"twitter:label1\" content=\"Escrito por\" \/>\n\t<meta name=\"twitter:data1\" content=\"Nexo Informativo\" \/>\n\t<meta name=\"twitter:label2\" content=\"Tiempo de lectura\" \/>\n\t<meta name=\"twitter:data2\" content=\"1 minuto\" \/>\n<script type=\"application\/ld+json\" class=\"yoast-schema-graph\">{\"@context\":\"https:\/\/schema.org\",\"@graph\":[{\"@type\":\"Article\",\"@id\":\"https:\/\/www.nexoinformativo.mx\/index.php\/2024\/11\/19\/felifer-macias-visita-el-tianguis-5-de-febrero-para-escuchar-a-comerciantes\/#article\",\"isPartOf\":{\"@id\":\"https:\/\/www.nexoinformativo.mx\/index.php\/2024\/11\/19\/felifer-macias-visita-el-tianguis-5-de-febrero-para-escuchar-a-comerciantes\/\"},\"author\":{\"name\":\"Nexo Informativo\",\"@id\":\"https:\/\/www.nexoinformativo.mx\/#\/schema\/person\/7749d380ba08c8ca00d7bc76fd907b7d\"},\"headline\":\"Felifer Mac\u00edas visita el tianguis 5 de Febrero para escuchar a comerciantes\",\"datePublished\":\"2024-11-19T18:30:30+00:00\",\"dateModified\":\"2024-11-19T20:51:08+00:00\",\"mainEntityOfPage\":{\"@id\":\"https:\/\/www.nexoinformativo.mx\/index.php\/2024\/11\/19\/felifer-macias-visita-el-tianguis-5-de-febrero-para-escuchar-a-comerciantes\/\"},\"wordCount\":190,\"commentCount\":0,\"publisher\":{\"@id\":\"https:\/\/www.nexoinformativo.mx\/#organization\"},\"image\":{\"@id\":\"https:\/\/www.nexoinformativo.mx\/index.php\/2024\/11\/19\/felifer-macias-visita-el-tianguis-5-de-febrero-para-escuchar-a-comerciantes\/#primaryimage\"},\"thumbnailUrl\":\"https:\/\/www.nexoinformativo.mx\/wp-content\/uploads\/2024\/11\/PHOTO-2024-11-19-14-17-16-e1732049437625.jpg\",\"keywords\":[\"ApoyoComunitario\",\"FeliferMac\u00edas\",\"Quer\u00e9taro\",\"Tianguis5DeFebrero\"],\"articleSection\":[\"Municipios\",\"\u00daltima Hora\"],\"inLanguage\":\"es\",\"potentialAction\":[{\"@type\":\"CommentAction\",\"name\":\"Comment\",\"target\":[\"https:\/\/www.nexoinformativo.mx\/index.php\/2024\/11\/19\/felifer-macias-visita-el-tianguis-5-de-febrero-para-escuchar-a-comerciantes\/#respond\"]}]},{\"@type\":\"WebPage\",\"@id\":\"https:\/\/www.nexoinformativo.mx\/index.php\/2024\/11\/19\/felifer-macias-visita-el-tianguis-5-de-febrero-para-escuchar-a-comerciantes\/\",\"url\":\"https:\/\/www.nexoinformativo.mx\/index.php\/2024\/11\/19\/felifer-macias-visita-el-tianguis-5-de-febrero-para-escuchar-a-comerciantes\/\",\"name\":\"Felifer Mac\u00edas visita el tianguis 5 de Febrero para escuchar a comerciantes | Nexo Informativo Santiago de Quer\u00e9taro\",\"isPartOf\":{\"@id\":\"https:\/\/www.nexoinformativo.mx\/#website\"},\"primaryImageOfPage\":{\"@id\":\"https:\/\/www.nexoinformativo.mx\/index.php\/2024\/11\/19\/felifer-macias-visita-el-tianguis-5-de-febrero-para-escuchar-a-comerciantes\/#primaryimage\"},\"image\":{\"@id\":\"https:\/\/www.nexoinformativo.mx\/index.php\/2024\/11\/19\/felifer-macias-visita-el-tianguis-5-de-febrero-para-escuchar-a-comerciantes\/#primaryimage\"},\"thumbnailUrl\":\"https:\/\/www.nexoinformativo.mx\/wp-content\/uploads\/2024\/11\/PHOTO-2024-11-19-14-17-16-e1732049437625.jpg\",\"datePublished\":\"2024-11-19T18:30:30+00:00\",\"dateModified\":\"2024-11-19T20:51:08+00:00\",\"description\":\"Felifer Mac\u00edas visita el tianguis 5 de Febrero para escuchar a comerciantes\",\"breadcrumb\":{\"@id\":\"https:\/\/www.nexoinformativo.mx\/index.php\/2024\/11\/19\/felifer-macias-visita-el-tianguis-5-de-febrero-para-escuchar-a-comerciantes\/#breadcrumb\"},\"inLanguage\":\"es\",\"potentialAction\":[{\"@type\":\"ReadAction\",\"target\":[\"https:\/\/www.nexoinformativo.mx\/index.php\/2024\/11\/19\/felifer-macias-visita-el-tianguis-5-de-febrero-para-escuchar-a-comerciantes\/\"]}]},{\"@type\":\"ImageObject\",\"inLanguage\":\"es\",\"@id\":\"https:\/\/www.nexoinformativo.mx\/index.php\/2024\/11\/19\/felifer-macias-visita-el-tianguis-5-de-febrero-para-escuchar-a-comerciantes\/#primaryimage\",\"url\":\"https:\/\/www.nexoinformativo.mx\/wp-content\/uploads\/2024\/11\/PHOTO-2024-11-19-14-17-16-e1732049437625.jpg\",\"contentUrl\":\"https:\/\/www.nexoinformativo.mx\/wp-content\/uploads\/2024\/11\/PHOTO-2024-11-19-14-17-16-e1732049437625.jpg\",\"width\":700,\"height\":466},{\"@type\":\"BreadcrumbList\",\"@id\":\"https:\/\/www.nexoinformativo.mx\/index.php\/2024\/11\/19\/felifer-macias-visita-el-tianguis-5-de-febrero-para-escuchar-a-comerciantes\/#breadcrumb\",\"itemListElement\":[{\"@type\":\"ListItem\",\"position\":1,\"name\":\"Inicio\",\"item\":\"https:\/\/www.nexoinformativo.mx\/\"},{\"@type\":\"ListItem\",\"position\":2,\"name\":\"Felifer Mac\u00edas visita el tianguis 5 de Febrero para escuchar a comerciantes\"}]},{\"@type\":\"WebSite\",\"@id\":\"https:\/\/www.nexoinformativo.mx\/#website\",\"url\":\"https:\/\/www.nexoinformativo.mx\/\",\"name\":\"Nexo Informativo Santiago de Quer\u00e9taro\",\"description\":\"Explora NexoInformativo y convi\u00e9rtete en parte de una comunidad que valora el conocimiento y la verdad. Tu nexoinformativo es tu puente hacia una comprensi\u00f3n m\u00e1s profunda del mundo que te rodea.\",\"publisher\":{\"@id\":\"https:\/\/www.nexoinformativo.mx\/#organization\"},\"potentialAction\":[{\"@type\":\"SearchAction\",\"target\":{\"@type\":\"EntryPoint\",\"urlTemplate\":\"https:\/\/www.nexoinformativo.mx\/?s={search_term_string}\"},\"query-input\":{\"@type\":\"PropertyValueSpecification\",\"valueRequired\":true,\"valueName\":\"search_term_string\"}}],\"inLanguage\":\"es\"},{\"@type\":\"Organization\",\"@id\":\"https:\/\/www.nexoinformativo.mx\/#organization\",\"name\":\"Nexo Informativo Santiago de Quer\u00e9taro\",\"url\":\"https:\/\/www.nexoinformativo.mx\/\",\"logo\":{\"@type\":\"ImageObject\",\"inLanguage\":\"es\",\"@id\":\"https:\/\/www.nexoinformativo.mx\/#\/schema\/logo\/image\/\",\"url\":\"https:\/\/www.nexoinformativo.mx\/wp-content\/uploads\/2024\/07\/nexoi-trasparente-2.png\",\"contentUrl\":\"https:\/\/www.nexoinformativo.mx\/wp-content\/uploads\/2024\/07\/nexoi-trasparente-2.png\",\"width\":816,\"height\":339,\"caption\":\"Nexo Informativo Santiago de Quer\u00e9taro\"},\"image\":{\"@id\":\"https:\/\/www.nexoinformativo.mx\/#\/schema\/logo\/image\/\"},\"sameAs\":[\"https:\/\/www.facebook.com\/people\/Nexo-Informativo\/61564066885511\/\"]},{\"@type\":\"Person\",\"@id\":\"https:\/\/www.nexoinformativo.mx\/#\/schema\/person\/7749d380ba08c8ca00d7bc76fd907b7d\",\"name\":\"Nexo Informativo\",\"image\":{\"@type\":\"ImageObject\",\"inLanguage\":\"es\",\"@id\":\"https:\/\/www.nexoinformativo.mx\/#\/schema\/person\/image\/\",\"url\":\"https:\/\/secure.gravatar.com\/avatar\/dde2928154642a13d95f87ddf1ea9718fe2b46760a005c53e41ff5ad610704e6?s=96&d=mm&r=g\",\"contentUrl\":\"https:\/\/secure.gravatar.com\/avatar\/dde2928154642a13d95f87ddf1ea9718fe2b46760a005c53e41ff5ad610704e6?s=96&d=mm&r=g\",\"caption\":\"Nexo Informativo\"},\"url\":\"https:\/\/www.nexoinformativo.mx\/index.php\/author\/edicion\/\"}]}<\/script>\n<!-- \/ Yoast SEO plugin. -->","yoast_head_json":{"title":"Felifer Mac\u00edas visita el tianguis 5 de Febrero para escuchar a comerciantes | Nexo Informativo Santiago de Quer\u00e9taro","description":"Felifer Mac\u00edas visita el tianguis 5 de Febrero para escuchar a comerciantes","robots":{"index":"index","follow":"follow","max-snippet":"max-snippet:-1","max-image-preview":"max-image-preview:large","max-video-preview":"max-video-preview:-1"},"canonical":"https:\/\/www.nexoinformativo.mx\/index.php\/2024\/11\/19\/felifer-macias-visita-el-tianguis-5-de-febrero-para-escuchar-a-comerciantes\/","og_locale":"es_MX","og_type":"article","og_title":"Felifer Mac\u00edas visita el tianguis 5 de Febrero para escuchar a comerciantes | Nexo Informativo Santiago de Quer\u00e9taro","og_description":"Felifer Mac\u00edas visita el tianguis 5 de Febrero para escuchar a comerciantes","og_url":"https:\/\/www.nexoinformativo.mx\/index.php\/2024\/11\/19\/felifer-macias-visita-el-tianguis-5-de-febrero-para-escuchar-a-comerciantes\/","og_site_name":"Nexo Informativo Santiago de Quer\u00e9taro","article_publisher":"https:\/\/www.facebook.com\/people\/Nexo-Informativo\/61564066885511\/","article_published_time":"2024-11-19T18:30:30+00:00","article_modified_time":"2024-11-19T20:51:08+00:00","og_image":[{"width":700,"height":466,"url":"https:\/\/www.nexoinformativo.mx\/wp-content\/uploads\/2024\/11\/PHOTO-2024-11-19-14-17-16-e1732049437625.jpg","type":"image\/jpeg"}],"author":"Nexo Informativo","twitter_card":"summary_large_image","twitter_misc":{"Escrito por":"Nexo Informativo","Tiempo de lectura":"1 minuto"},"schema":{"@context":"https:\/\/schema.org","@graph":[{"@type":"Article","@id":"https:\/\/www.nexoinformativo.mx\/index.php\/2024\/11\/19\/felifer-macias-visita-el-tianguis-5-de-febrero-para-escuchar-a-comerciantes\/#article","isPartOf":{"@id":"https:\/\/www.nexoinformativo.mx\/index.php\/2024\/11\/19\/felifer-macias-visita-el-tianguis-5-de-febrero-para-escuchar-a-comerciantes\/"},"author":{"name":"Nexo Informativo","@id":"https:\/\/www.nexoinformativo.mx\/#\/schema\/person\/7749d380ba08c8ca00d7bc76fd907b7d"},"headline":"Felifer Mac\u00edas visita el tianguis 5 de Febrero para escuchar a comerciantes","datePublished":"2024-11-19T18:30:30+00:00","dateModified":"2024-11-19T20:51:08+00:00","mainEntityOfPage":{"@id":"https:\/\/www.nexoinformativo.mx\/index.php\/2024\/11\/19\/felifer-macias-visita-el-tianguis-5-de-febrero-para-escuchar-a-comerciantes\/"},"wordCount":190,"commentCount":0,"publisher":{"@id":"https:\/\/www.nexoinformativo.mx\/#organization"},"image":{"@id":"https:\/\/www.nexoinformativo.mx\/index.php\/2024\/11\/19\/felifer-macias-visita-el-tianguis-5-de-febrero-para-escuchar-a-comerciantes\/#primaryimage"},"thumbnailUrl":"https:\/\/www.nexoinformativo.mx\/wp-content\/uploads\/2024\/11\/PHOTO-2024-11-19-14-17-16-e1732049437625.jpg","keywords":["ApoyoComunitario","FeliferMac\u00edas","Quer\u00e9taro","Tianguis5DeFebrero"],"articleSection":["Municipios","\u00daltima Hora"],"inLanguage":"es","potentialAction":[{"@type":"CommentAction","name":"Comment","target":["https:\/\/www.nexoinformativo.mx\/index.php\/2024\/11\/19\/felifer-macias-visita-el-tianguis-5-de-febrero-para-escuchar-a-comerciantes\/#respond"]}]},{"@type":"WebPage","@id":"https:\/\/www.nexoinformativo.mx\/index.php\/2024\/11\/19\/felifer-macias-visita-el-tianguis-5-de-febrero-para-escuchar-a-comerciantes\/","url":"https:\/\/www.nexoinformativo.mx\/index.php\/2024\/11\/19\/felifer-macias-visita-el-tianguis-5-de-febrero-para-escuchar-a-comerciantes\/","name":"Felifer Mac\u00edas visita el tianguis 5 de Febrero para escuchar a comerciantes | Nexo Informativo Santiago de Quer\u00e9taro","isPartOf":{"@id":"https:\/\/www.nexoinformativo.mx\/#website"},"primaryImageOfPage":{"@id":"https:\/\/www.nexoinformativo.mx\/index.php\/2024\/11\/19\/felifer-macias-visita-el-tianguis-5-de-febrero-para-escuchar-a-comerciantes\/#primaryimage"},"image":{"@id":"https:\/\/www.nexoinformativo.mx\/index.php\/2024\/11\/19\/felifer-macias-visita-el-tianguis-5-de-febrero-para-escuchar-a-comerciantes\/#primaryimage"},"thumbnailUrl":"https:\/\/www.nexoinformativo.mx\/wp-content\/uploads\/2024\/11\/PHOTO-2024-11-19-14-17-16-e1732049437625.jpg","datePublished":"2024-11-19T18:30:30+00:00","dateModified":"2024-11-19T20:51:08+00:00","description":"Felifer Mac\u00edas visita el tianguis 5 de Febrero para escuchar a comerciantes","breadcrumb":{"@id":"https:\/\/www.nexoinformativo.mx\/index.php\/2024\/11\/19\/felifer-macias-visita-el-tianguis-5-de-febrero-para-escuchar-a-comerciantes\/#breadcrumb"},"inLanguage":"es","potentialAction":[{"@type":"ReadAction","target":["https:\/\/www.nexoinformativo.mx\/index.php\/2024\/11\/19\/felifer-macias-visita-el-tianguis-5-de-febrero-para-escuchar-a-comerciantes\/"]}]},{"@type":"ImageObject","inLanguage":"es","@id":"https:\/\/www.nexoinformativo.mx\/index.php\/2024\/11\/19\/felifer-macias-visita-el-tianguis-5-de-febrero-para-escuchar-a-comerciantes\/#primaryimage","url":"https:\/\/www.nexoinformativo.mx\/wp-content\/uploads\/2024\/11\/PHOTO-2024-11-19-14-17-16-e1732049437625.jpg","contentUrl":"https:\/\/www.nexoinformativo.mx\/wp-content\/uploads\/2024\/11\/PHOTO-2024-11-19-14-17-16-e1732049437625.jpg","width":700,"height":466},{"@type":"BreadcrumbList","@id":"https:\/\/www.nexoinformativo.mx\/index.php\/2024\/11\/19\/felifer-macias-visita-el-tianguis-5-de-febrero-para-escuchar-a-comerciantes\/#breadcrumb","itemListElement":[{"@type":"ListItem","position":1,"name":"Inicio","item":"https:\/\/www.nexoinformativo.mx\/"},{"@type":"ListItem","position":2,"name":"Felifer Mac\u00edas visita el tianguis 5 de Febrero para escuchar a comerciantes"}]},{"@type":"WebSite","@id":"https:\/\/www.nexoinformativo.mx\/#website","url":"https:\/\/www.nexoinformativo.mx\/","name":"Nexo Informativo Santiago de Quer\u00e9taro","description":"Explora NexoInformativo y convi\u00e9rtete en parte de una comunidad que valora el conocimiento y la verdad. Tu nexoinformativo es tu puente hacia una comprensi\u00f3n m\u00e1s profunda del mundo que te rodea.","publisher":{"@id":"https:\/\/www.nexoinformativo.mx\/#organization"},"potentialAction":[{"@type":"SearchAction","target":{"@type":"EntryPoint","urlTemplate":"https:\/\/www.nexoinformativo.mx\/?s={search_term_string}"},"query-input":{"@type":"PropertyValueSpecification","valueRequired":true,"valueName":"search_term_string"}}],"inLanguage":"es"},{"@type":"Organization","@id":"https:\/\/www.nexoinformativo.mx\/#organization","name":"Nexo Informativo Santiago de Quer\u00e9taro","url":"https:\/\/www.nexoinformativo.mx\/","logo":{"@type":"ImageObject","inLanguage":"es","@id":"https:\/\/www.nexoinformativo.mx\/#\/schema\/logo\/image\/","url":"https:\/\/www.nexoinformativo.mx\/wp-content\/uploads\/2024\/07\/nexoi-trasparente-2.png","contentUrl":"https:\/\/www.nexoinformativo.mx\/wp-content\/uploads\/2024\/07\/nexoi-trasparente-2.png","width":816,"height":339,"caption":"Nexo Informativo Santiago de Quer\u00e9taro"},"image":{"@id":"https:\/\/www.nexoinformativo.mx\/#\/schema\/logo\/image\/"},"sameAs":["https:\/\/www.facebook.com\/people\/Nexo-Informativo\/61564066885511\/"]},{"@type":"Person","@id":"https:\/\/www.nexoinformativo.mx\/#\/schema\/person\/7749d380ba08c8ca00d7bc76fd907b7d","name":"Nexo Informativo","image":{"@type":"ImageObject","inLanguage":"es","@id":"https:\/\/www.nexoinformativo.mx\/#\/schema\/person\/image\/","url":"https:\/\/secure.gravatar.com\/avatar\/dde2928154642a13d95f87ddf1ea9718fe2b46760a005c53e41ff5ad610704e6?s=96&d=mm&r=g","contentUrl":"https:\/\/secure.gravatar.com\/avatar\/dde2928154642a13d95f87ddf1ea9718fe2b46760a005c53e41ff5ad610704e6?s=96&d=mm&r=g","caption":"Nexo Informativo"},"url":"https:\/\/www.nexoinformativo.mx\/index.php\/author\/edicion\/"}]}},"_links":{"self":[{"href":"https:\/\/www.nexoinformativo.mx\/index.php\/wp-json\/wp\/v2\/posts\/6411","targetHints":{"allow":["GET"]}}],"collection":[{"href":"https:\/\/www.nexoinformativo.mx\/index.php\/wp-json\/wp\/v2\/posts"}],"about":[{"href":"https:\/\/www.nexoinformativo.mx\/index.php\/wp-json\/wp\/v2\/types\/post"}],"author":[{"embeddable":true,"href":"https:\/\/www.nexoinformativo.mx\/index.php\/wp-json\/wp\/v2\/users\/3"}],"replies":[{"embeddable":true,"href":"https:\/\/www.nexoinformativo.mx\/index.php\/wp-json\/wp\/v2\/comments?post=6411"}],"version-history":[{"count":2,"href":"https:\/\/www.nexoinformativo.mx\/index.php\/wp-json\/wp\/v2\/posts\/6411\/revisions"}],"predecessor-version":[{"id":6414,"href":"https:\/\/www.nexoinformativo.mx\/index.php\/wp-json\/wp\/v2\/posts\/6411\/revisions\/6414"}],"wp:featuredmedia":[{"embeddable":true,"href":"https:\/\/www.nexoinformativo.mx\/index.php\/wp-json\/wp\/v2\/media\/6412"}],"wp:attachment":[{"href":"https:\/\/www.nexoinformativo.mx\/index.php\/wp-json\/wp\/v2\/media?parent=6411"}],"wp:term":[{"taxonomy":"category","embeddable":true,"href":"https:\/\/www.nexoinformativo.mx\/index.php\/wp-json\/wp\/v2\/categories?post=6411"},{"taxonomy":"post_tag","embeddable":true,"href":"https:\/\/www.nexoinformativo.mx\/index.php\/wp-json\/wp\/v2\/tags?post=6411"}],"curies":[{"name":"wp","href":"https:\/\/api.w.org\/{rel}","templated":true}]}}