{"id":6419,"date":"2024-11-19T13:30:07","date_gmt":"2024-11-19T19:30:07","guid":{"rendered":"https:\/\/www.nexoinformativo.mx\/?p=6419"},"modified":"2024-11-19T15:04:11","modified_gmt":"2024-11-19T21:04:11","slug":"rodrigo-monsalvo-encabeza-instalacion-del-comite-de-etica-2024-2027-en-el-marques","status":"publish","type":"post","link":"https:\/\/www.nexoinformativo.mx\/index.php\/2024\/11\/19\/rodrigo-monsalvo-encabeza-instalacion-del-comite-de-etica-2024-2027-en-el-marques\/","title":{"rendered":"Rodrigo Monsalvo encabeza instalaci\u00f3n del Comit\u00e9 de \u00c9tica 2024-2027 en El Marqu\u00e9s"},"content":{"rendered":"<p style=\"text-align: justify;\">El presidente municipal de El Marqu\u00e9s, Rodrigo Monsalvo Castel\u00e1n, encabez\u00f3 la Sesi\u00f3n de Instalaci\u00f3n del Comit\u00e9 de \u00c9tica 2024-2027.<\/p>\n<p>&nbsp;<\/p>\n<p style=\"text-align: justify;\">Este comit\u00e9 tiene como objetivo fortalecer el comportamiento moral de los servidores p\u00fablicos del municipio, emitiendo recomendaciones para prevenir actos u omisiones que constituyan responsabilidades administrativas.<\/p>\n<p>&nbsp;<\/p>\n<p style=\"text-align: justify;\">Monsalvo destac\u00f3 que el comit\u00e9, junto con los C\u00f3digos de \u00c9tica y Conducta para servidores p\u00fablicos, contribuir\u00e1 a fortalecer el comportamiento moral basado en principios, valores y reglas de integridad. <strong>&#8220;Desde el primer d\u00eda de esta administraci\u00f3n me compromet\u00ed a servir a las y los marquesinas con un gobierno eficiente&#8221;<\/strong>, afirm\u00f3.<\/p>\n<p>&nbsp;<\/p>\n<p style=\"text-align: justify;\">La presidenta del Comit\u00e9 y Auditora Superior Municipal, Mar\u00eda Leonor Hern\u00e1ndez, resalt\u00f3 el compromiso del comit\u00e9 de velar por el cumplimiento de principios, valores y reglas de integridad por parte de los funcionarios p\u00fablicos.<\/p>\n<p>&nbsp;<\/p>\n<p style=\"text-align: justify;\">Durante la sesi\u00f3n, se cont\u00f3 con la presencia de la Coordinadora de Gabinete, Claudia Mart\u00ednez Guevara; el secretario del Ayuntamiento, Rodrigo Mesa Jim\u00e9nez; Oscar Rangel Gonz\u00e1lez, asesor de la Auditoria Superior Municipal; y los regidores Jes\u00fas Ram\u00edrez L\u00f3pez y Mar\u00eda Guadalupe C\u00e1rdenas Molina.<\/p>\n<p>&nbsp;<\/p>\n<p style=\"text-align: center;\"><em><strong>\u00a1Informaci\u00f3n que transforma!<\/strong><\/em><\/p>\n","protected":false},"excerpt":{"rendered":"<p>El presidente municipal de El Marqu\u00e9s, Rodrigo Monsalvo Castel\u00e1n, encabez\u00f3 la Sesi\u00f3n de Instalaci\u00f3n del Comit\u00e9 de \u00c9tica 2024-2027.<\/p>\n","protected":false},"author":3,"featured_media":6420,"comment_status":"open","ping_status":"open","sticky":false,"template":"","format":"standard","meta":{"footnotes":""},"categories":[65,58],"tags":[149,2184,777,1759],"class_list":["post-6419","post","type-post","status-publish","format-standard","has-post-thumbnail","hentry","category-municipios","category-ultima-hora","tag-elmarques","tag-eticapublica","tag-rodrigomonsalvo","tag-transparencia"],"yoast_head":"<!-- This site is optimized with the Yoast SEO plugin v25.0 - https:\/\/yoast.com\/wordpress\/plugins\/seo\/ -->\n<title>Rodrigo Monsalvo encabeza instalaci\u00f3n del Comit\u00e9 de \u00c9tica 2024-2027 en El Marqu\u00e9s | Nexo Informativo Santiago de Quer\u00e9taro<\/title>\n<meta name=\"description\" content=\"Rodrigo Monsalvo encabeza instalaci\u00f3n del Comit\u00e9 de \u00c9tica 2024-2027 en El Marqu\u00e9s\" \/>\n<meta name=\"robots\" content=\"index, follow, max-snippet:-1, max-image-preview:large, max-video-preview:-1\" \/>\n<link rel=\"canonical\" href=\"https:\/\/www.nexoinformativo.mx\/index.php\/2024\/11\/19\/rodrigo-monsalvo-encabeza-instalacion-del-comite-de-etica-2024-2027-en-el-marques\/\" \/>\n<meta property=\"og:locale\" content=\"es_MX\" \/>\n<meta property=\"og:type\" content=\"article\" \/>\n<meta property=\"og:title\" content=\"Rodrigo Monsalvo encabeza instalaci\u00f3n del Comit\u00e9 de \u00c9tica 2024-2027 en El Marqu\u00e9s | Nexo Informativo Santiago de Quer\u00e9taro\" \/>\n<meta property=\"og:description\" content=\"Rodrigo Monsalvo encabeza instalaci\u00f3n del Comit\u00e9 de \u00c9tica 2024-2027 en El Marqu\u00e9s\" \/>\n<meta property=\"og:url\" content=\"https:\/\/www.nexoinformativo.mx\/index.php\/2024\/11\/19\/rodrigo-monsalvo-encabeza-instalacion-del-comite-de-etica-2024-2027-en-el-marques\/\" \/>\n<meta property=\"og:site_name\" content=\"Nexo Informativo Santiago de Quer\u00e9taro\" \/>\n<meta property=\"article:publisher\" content=\"https:\/\/www.facebook.com\/people\/Nexo-Informativo\/61564066885511\/\" \/>\n<meta property=\"article:published_time\" content=\"2024-11-19T19:30:07+00:00\" \/>\n<meta property=\"article:modified_time\" content=\"2024-11-19T21:04:11+00:00\" \/>\n<meta property=\"og:image\" content=\"https:\/\/www.nexoinformativo.mx\/wp-content\/uploads\/2024\/11\/PHOTO-2024-11-19-14-17-42-2-scaled-e1732050215451.jpg\" \/>\n\t<meta property=\"og:image:width\" content=\"700\" \/>\n\t<meta property=\"og:image:height\" content=\"467\" \/>\n\t<meta property=\"og:image:type\" content=\"image\/jpeg\" \/>\n<meta name=\"author\" content=\"Nexo Informativo\" \/>\n<meta name=\"twitter:card\" content=\"summary_large_image\" \/>\n<meta name=\"twitter:label1\" content=\"Escrito por\" \/>\n\t<meta name=\"twitter:data1\" content=\"Nexo Informativo\" \/>\n\t<meta name=\"twitter:label2\" content=\"Tiempo de lectura\" \/>\n\t<meta name=\"twitter:data2\" content=\"2 minutos\" \/>\n<script type=\"application\/ld+json\" class=\"yoast-schema-graph\">{\"@context\":\"https:\/\/schema.org\",\"@graph\":[{\"@type\":\"Article\",\"@id\":\"https:\/\/www.nexoinformativo.mx\/index.php\/2024\/11\/19\/rodrigo-monsalvo-encabeza-instalacion-del-comite-de-etica-2024-2027-en-el-marques\/#article\",\"isPartOf\":{\"@id\":\"https:\/\/www.nexoinformativo.mx\/index.php\/2024\/11\/19\/rodrigo-monsalvo-encabeza-instalacion-del-comite-de-etica-2024-2027-en-el-marques\/\"},\"author\":{\"name\":\"Nexo Informativo\",\"@id\":\"https:\/\/www.nexoinformativo.mx\/#\/schema\/person\/7749d380ba08c8ca00d7bc76fd907b7d\"},\"headline\":\"Rodrigo Monsalvo encabeza instalaci\u00f3n del Comit\u00e9 de \u00c9tica 2024-2027 en El Marqu\u00e9s\",\"datePublished\":\"2024-11-19T19:30:07+00:00\",\"dateModified\":\"2024-11-19T21:04:11+00:00\",\"mainEntityOfPage\":{\"@id\":\"https:\/\/www.nexoinformativo.mx\/index.php\/2024\/11\/19\/rodrigo-monsalvo-encabeza-instalacion-del-comite-de-etica-2024-2027-en-el-marques\/\"},\"wordCount\":217,\"commentCount\":0,\"publisher\":{\"@id\":\"https:\/\/www.nexoinformativo.mx\/#organization\"},\"image\":{\"@id\":\"https:\/\/www.nexoinformativo.mx\/index.php\/2024\/11\/19\/rodrigo-monsalvo-encabeza-instalacion-del-comite-de-etica-2024-2027-en-el-marques\/#primaryimage\"},\"thumbnailUrl\":\"https:\/\/www.nexoinformativo.mx\/wp-content\/uploads\/2024\/11\/PHOTO-2024-11-19-14-17-42-2-scaled-e1732050215451.jpg\",\"keywords\":[\"elmarques\",\"\u00c9ticaP\u00fablica\",\"RodrigoMonsalvo\",\"Transparencia\"],\"articleSection\":[\"Municipios\",\"\u00daltima Hora\"],\"inLanguage\":\"es\",\"potentialAction\":[{\"@type\":\"CommentAction\",\"name\":\"Comment\",\"target\":[\"https:\/\/www.nexoinformativo.mx\/index.php\/2024\/11\/19\/rodrigo-monsalvo-encabeza-instalacion-del-comite-de-etica-2024-2027-en-el-marques\/#respond\"]}]},{\"@type\":\"WebPage\",\"@id\":\"https:\/\/www.nexoinformativo.mx\/index.php\/2024\/11\/19\/rodrigo-monsalvo-encabeza-instalacion-del-comite-de-etica-2024-2027-en-el-marques\/\",\"url\":\"https:\/\/www.nexoinformativo.mx\/index.php\/2024\/11\/19\/rodrigo-monsalvo-encabeza-instalacion-del-comite-de-etica-2024-2027-en-el-marques\/\",\"name\":\"Rodrigo Monsalvo encabeza instalaci\u00f3n del Comit\u00e9 de \u00c9tica 2024-2027 en El Marqu\u00e9s | Nexo Informativo Santiago de Quer\u00e9taro\",\"isPartOf\":{\"@id\":\"https:\/\/www.nexoinformativo.mx\/#website\"},\"primaryImageOfPage\":{\"@id\":\"https:\/\/www.nexoinformativo.mx\/index.php\/2024\/11\/19\/rodrigo-monsalvo-encabeza-instalacion-del-comite-de-etica-2024-2027-en-el-marques\/#primaryimage\"},\"image\":{\"@id\":\"https:\/\/www.nexoinformativo.mx\/index.php\/2024\/11\/19\/rodrigo-monsalvo-encabeza-instalacion-del-comite-de-etica-2024-2027-en-el-marques\/#primaryimage\"},\"thumbnailUrl\":\"https:\/\/www.nexoinformativo.mx\/wp-content\/uploads\/2024\/11\/PHOTO-2024-11-19-14-17-42-2-scaled-e1732050215451.jpg\",\"datePublished\":\"2024-11-19T19:30:07+00:00\",\"dateModified\":\"2024-11-19T21:04:11+00:00\",\"description\":\"Rodrigo Monsalvo encabeza instalaci\u00f3n del Comit\u00e9 de \u00c9tica 2024-2027 en El Marqu\u00e9s\",\"breadcrumb\":{\"@id\":\"https:\/\/www.nexoinformativo.mx\/index.php\/2024\/11\/19\/rodrigo-monsalvo-encabeza-instalacion-del-comite-de-etica-2024-2027-en-el-marques\/#breadcrumb\"},\"inLanguage\":\"es\",\"potentialAction\":[{\"@type\":\"ReadAction\",\"target\":[\"https:\/\/www.nexoinformativo.mx\/index.php\/2024\/11\/19\/rodrigo-monsalvo-encabeza-instalacion-del-comite-de-etica-2024-2027-en-el-marques\/\"]}]},{\"@type\":\"ImageObject\",\"inLanguage\":\"es\",\"@id\":\"https:\/\/www.nexoinformativo.mx\/index.php\/2024\/11\/19\/rodrigo-monsalvo-encabeza-instalacion-del-comite-de-etica-2024-2027-en-el-marques\/#primaryimage\",\"url\":\"https:\/\/www.nexoinformativo.mx\/wp-content\/uploads\/2024\/11\/PHOTO-2024-11-19-14-17-42-2-scaled-e1732050215451.jpg\",\"contentUrl\":\"https:\/\/www.nexoinformativo.mx\/wp-content\/uploads\/2024\/11\/PHOTO-2024-11-19-14-17-42-2-scaled-e1732050215451.jpg\",\"width\":700,\"height\":467},{\"@type\":\"BreadcrumbList\",\"@id\":\"https:\/\/www.nexoinformativo.mx\/index.php\/2024\/11\/19\/rodrigo-monsalvo-encabeza-instalacion-del-comite-de-etica-2024-2027-en-el-marques\/#breadcrumb\",\"itemListElement\":[{\"@type\":\"ListItem\",\"position\":1,\"name\":\"Inicio\",\"item\":\"https:\/\/www.nexoinformativo.mx\/\"},{\"@type\":\"ListItem\",\"position\":2,\"name\":\"Rodrigo Monsalvo encabeza instalaci\u00f3n del Comit\u00e9 de \u00c9tica 2024-2027 en El Marqu\u00e9s\"}]},{\"@type\":\"WebSite\",\"@id\":\"https:\/\/www.nexoinformativo.mx\/#website\",\"url\":\"https:\/\/www.nexoinformativo.mx\/\",\"name\":\"Nexo Informativo Santiago de Quer\u00e9taro\",\"description\":\"Explora NexoInformativo y convi\u00e9rtete en parte de una comunidad que valora el conocimiento y la verdad. Tu nexoinformativo es tu puente hacia una comprensi\u00f3n m\u00e1s profunda del mundo que te rodea.\",\"publisher\":{\"@id\":\"https:\/\/www.nexoinformativo.mx\/#organization\"},\"potentialAction\":[{\"@type\":\"SearchAction\",\"target\":{\"@type\":\"EntryPoint\",\"urlTemplate\":\"https:\/\/www.nexoinformativo.mx\/?s={search_term_string}\"},\"query-input\":{\"@type\":\"PropertyValueSpecification\",\"valueRequired\":true,\"valueName\":\"search_term_string\"}}],\"inLanguage\":\"es\"},{\"@type\":\"Organization\",\"@id\":\"https:\/\/www.nexoinformativo.mx\/#organization\",\"name\":\"Nexo Informativo Santiago de Quer\u00e9taro\",\"url\":\"https:\/\/www.nexoinformativo.mx\/\",\"logo\":{\"@type\":\"ImageObject\",\"inLanguage\":\"es\",\"@id\":\"https:\/\/www.nexoinformativo.mx\/#\/schema\/logo\/image\/\",\"url\":\"https:\/\/www.nexoinformativo.mx\/wp-content\/uploads\/2024\/07\/nexoi-trasparente-2.png\",\"contentUrl\":\"https:\/\/www.nexoinformativo.mx\/wp-content\/uploads\/2024\/07\/nexoi-trasparente-2.png\",\"width\":816,\"height\":339,\"caption\":\"Nexo Informativo Santiago de Quer\u00e9taro\"},\"image\":{\"@id\":\"https:\/\/www.nexoinformativo.mx\/#\/schema\/logo\/image\/\"},\"sameAs\":[\"https:\/\/www.facebook.com\/people\/Nexo-Informativo\/61564066885511\/\"]},{\"@type\":\"Person\",\"@id\":\"https:\/\/www.nexoinformativo.mx\/#\/schema\/person\/7749d380ba08c8ca00d7bc76fd907b7d\",\"name\":\"Nexo Informativo\",\"image\":{\"@type\":\"ImageObject\",\"inLanguage\":\"es\",\"@id\":\"https:\/\/www.nexoinformativo.mx\/#\/schema\/person\/image\/\",\"url\":\"https:\/\/secure.gravatar.com\/avatar\/dde2928154642a13d95f87ddf1ea9718fe2b46760a005c53e41ff5ad610704e6?s=96&d=mm&r=g\",\"contentUrl\":\"https:\/\/secure.gravatar.com\/avatar\/dde2928154642a13d95f87ddf1ea9718fe2b46760a005c53e41ff5ad610704e6?s=96&d=mm&r=g\",\"caption\":\"Nexo Informativo\"},\"url\":\"https:\/\/www.nexoinformativo.mx\/index.php\/author\/edicion\/\"}]}<\/script>\n<!-- \/ Yoast SEO plugin. -->","yoast_head_json":{"title":"Rodrigo Monsalvo encabeza instalaci\u00f3n del Comit\u00e9 de \u00c9tica 2024-2027 en El Marqu\u00e9s | Nexo Informativo Santiago de Quer\u00e9taro","description":"Rodrigo Monsalvo encabeza instalaci\u00f3n del Comit\u00e9 de \u00c9tica 2024-2027 en El Marqu\u00e9s","robots":{"index":"index","follow":"follow","max-snippet":"max-snippet:-1","max-image-preview":"max-image-preview:large","max-video-preview":"max-video-preview:-1"},"canonical":"https:\/\/www.nexoinformativo.mx\/index.php\/2024\/11\/19\/rodrigo-monsalvo-encabeza-instalacion-del-comite-de-etica-2024-2027-en-el-marques\/","og_locale":"es_MX","og_type":"article","og_title":"Rodrigo Monsalvo encabeza instalaci\u00f3n del Comit\u00e9 de \u00c9tica 2024-2027 en El Marqu\u00e9s | Nexo Informativo Santiago de Quer\u00e9taro","og_description":"Rodrigo Monsalvo encabeza instalaci\u00f3n del Comit\u00e9 de \u00c9tica 2024-2027 en El Marqu\u00e9s","og_url":"https:\/\/www.nexoinformativo.mx\/index.php\/2024\/11\/19\/rodrigo-monsalvo-encabeza-instalacion-del-comite-de-etica-2024-2027-en-el-marques\/","og_site_name":"Nexo Informativo Santiago de Quer\u00e9taro","article_publisher":"https:\/\/www.facebook.com\/people\/Nexo-Informativo\/61564066885511\/","article_published_time":"2024-11-19T19:30:07+00:00","article_modified_time":"2024-11-19T21:04:11+00:00","og_image":[{"width":700,"height":467,"url":"https:\/\/www.nexoinformativo.mx\/wp-content\/uploads\/2024\/11\/PHOTO-2024-11-19-14-17-42-2-scaled-e1732050215451.jpg","type":"image\/jpeg"}],"author":"Nexo Informativo","twitter_card":"summary_large_image","twitter_misc":{"Escrito por":"Nexo Informativo","Tiempo de lectura":"2 minutos"},"schema":{"@context":"https:\/\/schema.org","@graph":[{"@type":"Article","@id":"https:\/\/www.nexoinformativo.mx\/index.php\/2024\/11\/19\/rodrigo-monsalvo-encabeza-instalacion-del-comite-de-etica-2024-2027-en-el-marques\/#article","isPartOf":{"@id":"https:\/\/www.nexoinformativo.mx\/index.php\/2024\/11\/19\/rodrigo-monsalvo-encabeza-instalacion-del-comite-de-etica-2024-2027-en-el-marques\/"},"author":{"name":"Nexo Informativo","@id":"https:\/\/www.nexoinformativo.mx\/#\/schema\/person\/7749d380ba08c8ca00d7bc76fd907b7d"},"headline":"Rodrigo Monsalvo encabeza instalaci\u00f3n del Comit\u00e9 de \u00c9tica 2024-2027 en El Marqu\u00e9s","datePublished":"2024-11-19T19:30:07+00:00","dateModified":"2024-11-19T21:04:11+00:00","mainEntityOfPage":{"@id":"https:\/\/www.nexoinformativo.mx\/index.php\/2024\/11\/19\/rodrigo-monsalvo-encabeza-instalacion-del-comite-de-etica-2024-2027-en-el-marques\/"},"wordCount":217,"commentCount":0,"publisher":{"@id":"https:\/\/www.nexoinformativo.mx\/#organization"},"image":{"@id":"https:\/\/www.nexoinformativo.mx\/index.php\/2024\/11\/19\/rodrigo-monsalvo-encabeza-instalacion-del-comite-de-etica-2024-2027-en-el-marques\/#primaryimage"},"thumbnailUrl":"https:\/\/www.nexoinformativo.mx\/wp-content\/uploads\/2024\/11\/PHOTO-2024-11-19-14-17-42-2-scaled-e1732050215451.jpg","keywords":["elmarques","\u00c9ticaP\u00fablica","RodrigoMonsalvo","Transparencia"],"articleSection":["Municipios","\u00daltima Hora"],"inLanguage":"es","potentialAction":[{"@type":"CommentAction","name":"Comment","target":["https:\/\/www.nexoinformativo.mx\/index.php\/2024\/11\/19\/rodrigo-monsalvo-encabeza-instalacion-del-comite-de-etica-2024-2027-en-el-marques\/#respond"]}]},{"@type":"WebPage","@id":"https:\/\/www.nexoinformativo.mx\/index.php\/2024\/11\/19\/rodrigo-monsalvo-encabeza-instalacion-del-comite-de-etica-2024-2027-en-el-marques\/","url":"https:\/\/www.nexoinformativo.mx\/index.php\/2024\/11\/19\/rodrigo-monsalvo-encabeza-instalacion-del-comite-de-etica-2024-2027-en-el-marques\/","name":"Rodrigo Monsalvo encabeza instalaci\u00f3n del Comit\u00e9 de \u00c9tica 2024-2027 en El Marqu\u00e9s | Nexo Informativo Santiago de Quer\u00e9taro","isPartOf":{"@id":"https:\/\/www.nexoinformativo.mx\/#website"},"primaryImageOfPage":{"@id":"https:\/\/www.nexoinformativo.mx\/index.php\/2024\/11\/19\/rodrigo-monsalvo-encabeza-instalacion-del-comite-de-etica-2024-2027-en-el-marques\/#primaryimage"},"image":{"@id":"https:\/\/www.nexoinformativo.mx\/index.php\/2024\/11\/19\/rodrigo-monsalvo-encabeza-instalacion-del-comite-de-etica-2024-2027-en-el-marques\/#primaryimage"},"thumbnailUrl":"https:\/\/www.nexoinformativo.mx\/wp-content\/uploads\/2024\/11\/PHOTO-2024-11-19-14-17-42-2-scaled-e1732050215451.jpg","datePublished":"2024-11-19T19:30:07+00:00","dateModified":"2024-11-19T21:04:11+00:00","description":"Rodrigo Monsalvo encabeza instalaci\u00f3n del Comit\u00e9 de \u00c9tica 2024-2027 en El Marqu\u00e9s","breadcrumb":{"@id":"https:\/\/www.nexoinformativo.mx\/index.php\/2024\/11\/19\/rodrigo-monsalvo-encabeza-instalacion-del-comite-de-etica-2024-2027-en-el-marques\/#breadcrumb"},"inLanguage":"es","potentialAction":[{"@type":"ReadAction","target":["https:\/\/www.nexoinformativo.mx\/index.php\/2024\/11\/19\/rodrigo-monsalvo-encabeza-instalacion-del-comite-de-etica-2024-2027-en-el-marques\/"]}]},{"@type":"ImageObject","inLanguage":"es","@id":"https:\/\/www.nexoinformativo.mx\/index.php\/2024\/11\/19\/rodrigo-monsalvo-encabeza-instalacion-del-comite-de-etica-2024-2027-en-el-marques\/#primaryimage","url":"https:\/\/www.nexoinformativo.mx\/wp-content\/uploads\/2024\/11\/PHOTO-2024-11-19-14-17-42-2-scaled-e1732050215451.jpg","contentUrl":"https:\/\/www.nexoinformativo.mx\/wp-content\/uploads\/2024\/11\/PHOTO-2024-11-19-14-17-42-2-scaled-e1732050215451.jpg","width":700,"height":467},{"@type":"BreadcrumbList","@id":"https:\/\/www.nexoinformativo.mx\/index.php\/2024\/11\/19\/rodrigo-monsalvo-encabeza-instalacion-del-comite-de-etica-2024-2027-en-el-marques\/#breadcrumb","itemListElement":[{"@type":"ListItem","position":1,"name":"Inicio","item":"https:\/\/www.nexoinformativo.mx\/"},{"@type":"ListItem","position":2,"name":"Rodrigo Monsalvo encabeza instalaci\u00f3n del Comit\u00e9 de \u00c9tica 2024-2027 en El Marqu\u00e9s"}]},{"@type":"WebSite","@id":"https:\/\/www.nexoinformativo.mx\/#website","url":"https:\/\/www.nexoinformativo.mx\/","name":"Nexo Informativo Santiago de Quer\u00e9taro","description":"Explora NexoInformativo y convi\u00e9rtete en parte de una comunidad que valora el conocimiento y la verdad. Tu nexoinformativo es tu puente hacia una comprensi\u00f3n m\u00e1s profunda del mundo que te rodea.","publisher":{"@id":"https:\/\/www.nexoinformativo.mx\/#organization"},"potentialAction":[{"@type":"SearchAction","target":{"@type":"EntryPoint","urlTemplate":"https:\/\/www.nexoinformativo.mx\/?s={search_term_string}"},"query-input":{"@type":"PropertyValueSpecification","valueRequired":true,"valueName":"search_term_string"}}],"inLanguage":"es"},{"@type":"Organization","@id":"https:\/\/www.nexoinformativo.mx\/#organization","name":"Nexo Informativo Santiago de Quer\u00e9taro","url":"https:\/\/www.nexoinformativo.mx\/","logo":{"@type":"ImageObject","inLanguage":"es","@id":"https:\/\/www.nexoinformativo.mx\/#\/schema\/logo\/image\/","url":"https:\/\/www.nexoinformativo.mx\/wp-content\/uploads\/2024\/07\/nexoi-trasparente-2.png","contentUrl":"https:\/\/www.nexoinformativo.mx\/wp-content\/uploads\/2024\/07\/nexoi-trasparente-2.png","width":816,"height":339,"caption":"Nexo Informativo Santiago de Quer\u00e9taro"},"image":{"@id":"https:\/\/www.nexoinformativo.mx\/#\/schema\/logo\/image\/"},"sameAs":["https:\/\/www.facebook.com\/people\/Nexo-Informativo\/61564066885511\/"]},{"@type":"Person","@id":"https:\/\/www.nexoinformativo.mx\/#\/schema\/person\/7749d380ba08c8ca00d7bc76fd907b7d","name":"Nexo Informativo","image":{"@type":"ImageObject","inLanguage":"es","@id":"https:\/\/www.nexoinformativo.mx\/#\/schema\/person\/image\/","url":"https:\/\/secure.gravatar.com\/avatar\/dde2928154642a13d95f87ddf1ea9718fe2b46760a005c53e41ff5ad610704e6?s=96&d=mm&r=g","contentUrl":"https:\/\/secure.gravatar.com\/avatar\/dde2928154642a13d95f87ddf1ea9718fe2b46760a005c53e41ff5ad610704e6?s=96&d=mm&r=g","caption":"Nexo Informativo"},"url":"https:\/\/www.nexoinformativo.mx\/index.php\/author\/edicion\/"}]}},"_links":{"self":[{"href":"https:\/\/www.nexoinformativo.mx\/index.php\/wp-json\/wp\/v2\/posts\/6419","targetHints":{"allow":["GET"]}}],"collection":[{"href":"https:\/\/www.nexoinformativo.mx\/index.php\/wp-json\/wp\/v2\/posts"}],"about":[{"href":"https:\/\/www.nexoinformativo.mx\/index.php\/wp-json\/wp\/v2\/types\/post"}],"author":[{"embeddable":true,"href":"https:\/\/www.nexoinformativo.mx\/index.php\/wp-json\/wp\/v2\/users\/3"}],"replies":[{"embeddable":true,"href":"https:\/\/www.nexoinformativo.mx\/index.php\/wp-json\/wp\/v2\/comments?post=6419"}],"version-history":[{"count":2,"href":"https:\/\/www.nexoinformativo.mx\/index.php\/wp-json\/wp\/v2\/posts\/6419\/revisions"}],"predecessor-version":[{"id":6422,"href":"https:\/\/www.nexoinformativo.mx\/index.php\/wp-json\/wp\/v2\/posts\/6419\/revisions\/6422"}],"wp:featuredmedia":[{"embeddable":true,"href":"https:\/\/www.nexoinformativo.mx\/index.php\/wp-json\/wp\/v2\/media\/6420"}],"wp:attachment":[{"href":"https:\/\/www.nexoinformativo.mx\/index.php\/wp-json\/wp\/v2\/media?parent=6419"}],"wp:term":[{"taxonomy":"category","embeddable":true,"href":"https:\/\/www.nexoinformativo.mx\/index.php\/wp-json\/wp\/v2\/categories?post=6419"},{"taxonomy":"post_tag","embeddable":true,"href":"https:\/\/www.nexoinformativo.mx\/index.php\/wp-json\/wp\/v2\/tags?post=6419"}],"curies":[{"name":"wp","href":"https:\/\/api.w.org\/{rel}","templated":true}]}}