{"id":6427,"date":"2024-11-19T15:00:04","date_gmt":"2024-11-19T21:00:04","guid":{"rendered":"https:\/\/www.nexoinformativo.mx\/?p=6427"},"modified":"2024-11-19T16:28:06","modified_gmt":"2024-11-19T22:28:06","slug":"realizan-dos-cateos-en-queretaro-en-busqueda-de-presunto-responsable-del-ataque-en-los-cantaritos","status":"publish","type":"post","link":"https:\/\/www.nexoinformativo.mx\/index.php\/2024\/11\/19\/realizan-dos-cateos-en-queretaro-en-busqueda-de-presunto-responsable-del-ataque-en-los-cantaritos\/","title":{"rendered":"Realizan dos cateos en Quer\u00e9taro en b\u00fasqueda de presunto responsable del ataque en Los Cantaritos"},"content":{"rendered":"<p style=\"text-align: justify;\">Polic\u00edas de Investigaci\u00f3n del Delito de la <strong>Fiscal\u00eda General del Estado<\/strong> (FGE) realizaron este martes dos cateos en inmuebles ubicados en la zona sur de Quer\u00e9taro. Estas diligencias est\u00e1n relacionadas con la b\u00fasqueda de uno de los presuntos responsables del ataque armado en el bar Los Cantaritos.<\/p>\n<p>&nbsp;<\/p>\n<p style=\"text-align: justify;\">El primer cateo se llev\u00f3 a cabo en una vecindad en la calle 25 de la colonia Lomas de Casa Blanca. Durante esta operaci\u00f3n, los elementos de la Polic\u00eda de Investigaci\u00f3n del Delito, aseguraron y trasladaron en calidad de testigo a una mujer y aseguraron un departamento en el interior de la vecindad.<\/p>\n<p>&nbsp;<\/p>\n<p style=\"text-align: justify;\">La segunda diligencia se realiz\u00f3 en un inmueble en la calle Jos\u00e9 Maria Truchuelo, en la colonia Lomas del Valle. En este lugar, los elementos ministeriales irrumpieron en el domicilio, pero no se asegur\u00f3 a ninguna persona.<\/p>\n<p>&nbsp;<\/p>\n<p style=\"text-align: justify;\">En una de las diligencias, la FGE solicit\u00f3 el apoyo de la polic\u00eda municipal de Quer\u00e9taro para resguardar el per\u00edmetro. Estas movilizaciones alertaron a los vecinos de ambas colonias, ya que los Polic\u00edas de Investigaci\u00f3n del Delito arribaron fuertemente armados.<\/p>\n<p>&nbsp;<\/p>\n<p style=\"text-align: center;\"><em><strong>\u00a1Informaci\u00f3n que transforma!<\/strong><\/em><\/p>\n","protected":false},"excerpt":{"rendered":"<p>Polic\u00edas de Investigaci\u00f3n del Delito de la Fiscal\u00eda General del Estado (FGE) realizaron este martes dos cateos en inmuebles ubicados en la zona sur de Quer\u00e9taro<\/p>\n","protected":false},"author":3,"featured_media":6428,"comment_status":"open","ping_status":"open","sticky":false,"template":"","format":"standard","meta":{"footnotes":""},"categories":[137,58],"tags":[2188,1540,2154,131],"class_list":["post-6427","post","type-post","status-publish","format-standard","has-post-thumbnail","hentry","category-sucesos","category-ultima-hora","tag-cateosqueretaro","tag-investigacion","tag-loscantaritos","tag-seguridad"],"yoast_head":"<!-- This site is optimized with the Yoast SEO plugin v25.0 - https:\/\/yoast.com\/wordpress\/plugins\/seo\/ -->\n<title>Realizan dos cateos en Quer\u00e9taro en b\u00fasqueda de presunto responsable del ataque en Los Cantaritos | Nexo Informativo Santiago de Quer\u00e9taro<\/title>\n<meta name=\"description\" content=\"Realizan dos cateos en Quer\u00e9taro en b\u00fasqueda de presunto responsable del ataque en Los Cantaritos\" \/>\n<meta name=\"robots\" content=\"index, follow, max-snippet:-1, max-image-preview:large, max-video-preview:-1\" \/>\n<link rel=\"canonical\" href=\"https:\/\/www.nexoinformativo.mx\/index.php\/2024\/11\/19\/realizan-dos-cateos-en-queretaro-en-busqueda-de-presunto-responsable-del-ataque-en-los-cantaritos\/\" \/>\n<meta property=\"og:locale\" content=\"es_MX\" \/>\n<meta property=\"og:type\" content=\"article\" \/>\n<meta property=\"og:title\" content=\"Realizan dos cateos en Quer\u00e9taro en b\u00fasqueda de presunto responsable del ataque en Los Cantaritos | Nexo Informativo Santiago de Quer\u00e9taro\" \/>\n<meta property=\"og:description\" content=\"Realizan dos cateos en Quer\u00e9taro en b\u00fasqueda de presunto responsable del ataque en Los Cantaritos\" \/>\n<meta property=\"og:url\" content=\"https:\/\/www.nexoinformativo.mx\/index.php\/2024\/11\/19\/realizan-dos-cateos-en-queretaro-en-busqueda-de-presunto-responsable-del-ataque-en-los-cantaritos\/\" \/>\n<meta property=\"og:site_name\" content=\"Nexo Informativo Santiago de Quer\u00e9taro\" \/>\n<meta property=\"article:publisher\" content=\"https:\/\/www.facebook.com\/people\/Nexo-Informativo\/61564066885511\/\" \/>\n<meta property=\"article:published_time\" content=\"2024-11-19T21:00:04+00:00\" \/>\n<meta property=\"article:modified_time\" content=\"2024-11-19T22:28:06+00:00\" \/>\n<meta property=\"og:image\" content=\"https:\/\/www.nexoinformativo.mx\/wp-content\/uploads\/2024\/11\/IMG_7973-e1732055241475.jpg\" \/>\n\t<meta property=\"og:image:width\" content=\"650\" \/>\n\t<meta property=\"og:image:height\" content=\"360\" \/>\n\t<meta property=\"og:image:type\" content=\"image\/jpeg\" \/>\n<meta name=\"author\" content=\"Nexo Informativo\" \/>\n<meta name=\"twitter:card\" content=\"summary_large_image\" \/>\n<meta name=\"twitter:label1\" content=\"Escrito por\" \/>\n\t<meta name=\"twitter:data1\" content=\"Nexo Informativo\" \/>\n\t<meta name=\"twitter:label2\" content=\"Tiempo de lectura\" \/>\n\t<meta name=\"twitter:data2\" content=\"2 minutos\" \/>\n<script type=\"application\/ld+json\" class=\"yoast-schema-graph\">{\"@context\":\"https:\/\/schema.org\",\"@graph\":[{\"@type\":\"Article\",\"@id\":\"https:\/\/www.nexoinformativo.mx\/index.php\/2024\/11\/19\/realizan-dos-cateos-en-queretaro-en-busqueda-de-presunto-responsable-del-ataque-en-los-cantaritos\/#article\",\"isPartOf\":{\"@id\":\"https:\/\/www.nexoinformativo.mx\/index.php\/2024\/11\/19\/realizan-dos-cateos-en-queretaro-en-busqueda-de-presunto-responsable-del-ataque-en-los-cantaritos\/\"},\"author\":{\"name\":\"Nexo Informativo\",\"@id\":\"https:\/\/www.nexoinformativo.mx\/#\/schema\/person\/7749d380ba08c8ca00d7bc76fd907b7d\"},\"headline\":\"Realizan dos cateos en Quer\u00e9taro en b\u00fasqueda de presunto responsable del ataque en Los Cantaritos\",\"datePublished\":\"2024-11-19T21:00:04+00:00\",\"dateModified\":\"2024-11-19T22:28:06+00:00\",\"mainEntityOfPage\":{\"@id\":\"https:\/\/www.nexoinformativo.mx\/index.php\/2024\/11\/19\/realizan-dos-cateos-en-queretaro-en-busqueda-de-presunto-responsable-del-ataque-en-los-cantaritos\/\"},\"wordCount\":215,\"commentCount\":0,\"publisher\":{\"@id\":\"https:\/\/www.nexoinformativo.mx\/#organization\"},\"image\":{\"@id\":\"https:\/\/www.nexoinformativo.mx\/index.php\/2024\/11\/19\/realizan-dos-cateos-en-queretaro-en-busqueda-de-presunto-responsable-del-ataque-en-los-cantaritos\/#primaryimage\"},\"thumbnailUrl\":\"https:\/\/www.nexoinformativo.mx\/wp-content\/uploads\/2024\/11\/IMG_7973-e1732055241475.jpg\",\"keywords\":[\"CateosQuer\u00e9taro\",\"Investigaci\u00f3n\",\"LosCantaritos\",\"Seguridad\"],\"articleSection\":[\"Sucesos\",\"\u00daltima Hora\"],\"inLanguage\":\"es\",\"potentialAction\":[{\"@type\":\"CommentAction\",\"name\":\"Comment\",\"target\":[\"https:\/\/www.nexoinformativo.mx\/index.php\/2024\/11\/19\/realizan-dos-cateos-en-queretaro-en-busqueda-de-presunto-responsable-del-ataque-en-los-cantaritos\/#respond\"]}]},{\"@type\":\"WebPage\",\"@id\":\"https:\/\/www.nexoinformativo.mx\/index.php\/2024\/11\/19\/realizan-dos-cateos-en-queretaro-en-busqueda-de-presunto-responsable-del-ataque-en-los-cantaritos\/\",\"url\":\"https:\/\/www.nexoinformativo.mx\/index.php\/2024\/11\/19\/realizan-dos-cateos-en-queretaro-en-busqueda-de-presunto-responsable-del-ataque-en-los-cantaritos\/\",\"name\":\"Realizan dos cateos en Quer\u00e9taro en b\u00fasqueda de presunto responsable del ataque en Los Cantaritos | Nexo Informativo Santiago de Quer\u00e9taro\",\"isPartOf\":{\"@id\":\"https:\/\/www.nexoinformativo.mx\/#website\"},\"primaryImageOfPage\":{\"@id\":\"https:\/\/www.nexoinformativo.mx\/index.php\/2024\/11\/19\/realizan-dos-cateos-en-queretaro-en-busqueda-de-presunto-responsable-del-ataque-en-los-cantaritos\/#primaryimage\"},\"image\":{\"@id\":\"https:\/\/www.nexoinformativo.mx\/index.php\/2024\/11\/19\/realizan-dos-cateos-en-queretaro-en-busqueda-de-presunto-responsable-del-ataque-en-los-cantaritos\/#primaryimage\"},\"thumbnailUrl\":\"https:\/\/www.nexoinformativo.mx\/wp-content\/uploads\/2024\/11\/IMG_7973-e1732055241475.jpg\",\"datePublished\":\"2024-11-19T21:00:04+00:00\",\"dateModified\":\"2024-11-19T22:28:06+00:00\",\"description\":\"Realizan dos cateos en Quer\u00e9taro en b\u00fasqueda de presunto responsable del ataque en Los Cantaritos\",\"breadcrumb\":{\"@id\":\"https:\/\/www.nexoinformativo.mx\/index.php\/2024\/11\/19\/realizan-dos-cateos-en-queretaro-en-busqueda-de-presunto-responsable-del-ataque-en-los-cantaritos\/#breadcrumb\"},\"inLanguage\":\"es\",\"potentialAction\":[{\"@type\":\"ReadAction\",\"target\":[\"https:\/\/www.nexoinformativo.mx\/index.php\/2024\/11\/19\/realizan-dos-cateos-en-queretaro-en-busqueda-de-presunto-responsable-del-ataque-en-los-cantaritos\/\"]}]},{\"@type\":\"ImageObject\",\"inLanguage\":\"es\",\"@id\":\"https:\/\/www.nexoinformativo.mx\/index.php\/2024\/11\/19\/realizan-dos-cateos-en-queretaro-en-busqueda-de-presunto-responsable-del-ataque-en-los-cantaritos\/#primaryimage\",\"url\":\"https:\/\/www.nexoinformativo.mx\/wp-content\/uploads\/2024\/11\/IMG_7973-e1732055241475.jpg\",\"contentUrl\":\"https:\/\/www.nexoinformativo.mx\/wp-content\/uploads\/2024\/11\/IMG_7973-e1732055241475.jpg\",\"width\":650,\"height\":360,\"caption\":\"Screenshot\"},{\"@type\":\"BreadcrumbList\",\"@id\":\"https:\/\/www.nexoinformativo.mx\/index.php\/2024\/11\/19\/realizan-dos-cateos-en-queretaro-en-busqueda-de-presunto-responsable-del-ataque-en-los-cantaritos\/#breadcrumb\",\"itemListElement\":[{\"@type\":\"ListItem\",\"position\":1,\"name\":\"Inicio\",\"item\":\"https:\/\/www.nexoinformativo.mx\/\"},{\"@type\":\"ListItem\",\"position\":2,\"name\":\"Realizan dos cateos en Quer\u00e9taro en b\u00fasqueda de presunto responsable del ataque en Los Cantaritos\"}]},{\"@type\":\"WebSite\",\"@id\":\"https:\/\/www.nexoinformativo.mx\/#website\",\"url\":\"https:\/\/www.nexoinformativo.mx\/\",\"name\":\"Nexo Informativo Santiago de Quer\u00e9taro\",\"description\":\"Explora NexoInformativo y convi\u00e9rtete en parte de una comunidad que valora el conocimiento y la verdad. Tu nexoinformativo es tu puente hacia una comprensi\u00f3n m\u00e1s profunda del mundo que te rodea.\",\"publisher\":{\"@id\":\"https:\/\/www.nexoinformativo.mx\/#organization\"},\"potentialAction\":[{\"@type\":\"SearchAction\",\"target\":{\"@type\":\"EntryPoint\",\"urlTemplate\":\"https:\/\/www.nexoinformativo.mx\/?s={search_term_string}\"},\"query-input\":{\"@type\":\"PropertyValueSpecification\",\"valueRequired\":true,\"valueName\":\"search_term_string\"}}],\"inLanguage\":\"es\"},{\"@type\":\"Organization\",\"@id\":\"https:\/\/www.nexoinformativo.mx\/#organization\",\"name\":\"Nexo Informativo Santiago de Quer\u00e9taro\",\"url\":\"https:\/\/www.nexoinformativo.mx\/\",\"logo\":{\"@type\":\"ImageObject\",\"inLanguage\":\"es\",\"@id\":\"https:\/\/www.nexoinformativo.mx\/#\/schema\/logo\/image\/\",\"url\":\"https:\/\/www.nexoinformativo.mx\/wp-content\/uploads\/2024\/07\/nexoi-trasparente-2.png\",\"contentUrl\":\"https:\/\/www.nexoinformativo.mx\/wp-content\/uploads\/2024\/07\/nexoi-trasparente-2.png\",\"width\":816,\"height\":339,\"caption\":\"Nexo Informativo Santiago de Quer\u00e9taro\"},\"image\":{\"@id\":\"https:\/\/www.nexoinformativo.mx\/#\/schema\/logo\/image\/\"},\"sameAs\":[\"https:\/\/www.facebook.com\/people\/Nexo-Informativo\/61564066885511\/\"]},{\"@type\":\"Person\",\"@id\":\"https:\/\/www.nexoinformativo.mx\/#\/schema\/person\/7749d380ba08c8ca00d7bc76fd907b7d\",\"name\":\"Nexo Informativo\",\"image\":{\"@type\":\"ImageObject\",\"inLanguage\":\"es\",\"@id\":\"https:\/\/www.nexoinformativo.mx\/#\/schema\/person\/image\/\",\"url\":\"https:\/\/secure.gravatar.com\/avatar\/dde2928154642a13d95f87ddf1ea9718fe2b46760a005c53e41ff5ad610704e6?s=96&d=mm&r=g\",\"contentUrl\":\"https:\/\/secure.gravatar.com\/avatar\/dde2928154642a13d95f87ddf1ea9718fe2b46760a005c53e41ff5ad610704e6?s=96&d=mm&r=g\",\"caption\":\"Nexo Informativo\"},\"url\":\"https:\/\/www.nexoinformativo.mx\/index.php\/author\/edicion\/\"}]}<\/script>\n<!-- \/ Yoast SEO plugin. -->","yoast_head_json":{"title":"Realizan dos cateos en Quer\u00e9taro en b\u00fasqueda de presunto responsable del ataque en Los Cantaritos | Nexo Informativo Santiago de Quer\u00e9taro","description":"Realizan dos cateos en Quer\u00e9taro en b\u00fasqueda de presunto responsable del ataque en Los Cantaritos","robots":{"index":"index","follow":"follow","max-snippet":"max-snippet:-1","max-image-preview":"max-image-preview:large","max-video-preview":"max-video-preview:-1"},"canonical":"https:\/\/www.nexoinformativo.mx\/index.php\/2024\/11\/19\/realizan-dos-cateos-en-queretaro-en-busqueda-de-presunto-responsable-del-ataque-en-los-cantaritos\/","og_locale":"es_MX","og_type":"article","og_title":"Realizan dos cateos en Quer\u00e9taro en b\u00fasqueda de presunto responsable del ataque en Los Cantaritos | Nexo Informativo Santiago de Quer\u00e9taro","og_description":"Realizan dos cateos en Quer\u00e9taro en b\u00fasqueda de presunto responsable del ataque en Los Cantaritos","og_url":"https:\/\/www.nexoinformativo.mx\/index.php\/2024\/11\/19\/realizan-dos-cateos-en-queretaro-en-busqueda-de-presunto-responsable-del-ataque-en-los-cantaritos\/","og_site_name":"Nexo Informativo Santiago de Quer\u00e9taro","article_publisher":"https:\/\/www.facebook.com\/people\/Nexo-Informativo\/61564066885511\/","article_published_time":"2024-11-19T21:00:04+00:00","article_modified_time":"2024-11-19T22:28:06+00:00","og_image":[{"width":650,"height":360,"url":"https:\/\/www.nexoinformativo.mx\/wp-content\/uploads\/2024\/11\/IMG_7973-e1732055241475.jpg","type":"image\/jpeg"}],"author":"Nexo Informativo","twitter_card":"summary_large_image","twitter_misc":{"Escrito por":"Nexo Informativo","Tiempo de lectura":"2 minutos"},"schema":{"@context":"https:\/\/schema.org","@graph":[{"@type":"Article","@id":"https:\/\/www.nexoinformativo.mx\/index.php\/2024\/11\/19\/realizan-dos-cateos-en-queretaro-en-busqueda-de-presunto-responsable-del-ataque-en-los-cantaritos\/#article","isPartOf":{"@id":"https:\/\/www.nexoinformativo.mx\/index.php\/2024\/11\/19\/realizan-dos-cateos-en-queretaro-en-busqueda-de-presunto-responsable-del-ataque-en-los-cantaritos\/"},"author":{"name":"Nexo Informativo","@id":"https:\/\/www.nexoinformativo.mx\/#\/schema\/person\/7749d380ba08c8ca00d7bc76fd907b7d"},"headline":"Realizan dos cateos en Quer\u00e9taro en b\u00fasqueda de presunto responsable del ataque en Los Cantaritos","datePublished":"2024-11-19T21:00:04+00:00","dateModified":"2024-11-19T22:28:06+00:00","mainEntityOfPage":{"@id":"https:\/\/www.nexoinformativo.mx\/index.php\/2024\/11\/19\/realizan-dos-cateos-en-queretaro-en-busqueda-de-presunto-responsable-del-ataque-en-los-cantaritos\/"},"wordCount":215,"commentCount":0,"publisher":{"@id":"https:\/\/www.nexoinformativo.mx\/#organization"},"image":{"@id":"https:\/\/www.nexoinformativo.mx\/index.php\/2024\/11\/19\/realizan-dos-cateos-en-queretaro-en-busqueda-de-presunto-responsable-del-ataque-en-los-cantaritos\/#primaryimage"},"thumbnailUrl":"https:\/\/www.nexoinformativo.mx\/wp-content\/uploads\/2024\/11\/IMG_7973-e1732055241475.jpg","keywords":["CateosQuer\u00e9taro","Investigaci\u00f3n","LosCantaritos","Seguridad"],"articleSection":["Sucesos","\u00daltima Hora"],"inLanguage":"es","potentialAction":[{"@type":"CommentAction","name":"Comment","target":["https:\/\/www.nexoinformativo.mx\/index.php\/2024\/11\/19\/realizan-dos-cateos-en-queretaro-en-busqueda-de-presunto-responsable-del-ataque-en-los-cantaritos\/#respond"]}]},{"@type":"WebPage","@id":"https:\/\/www.nexoinformativo.mx\/index.php\/2024\/11\/19\/realizan-dos-cateos-en-queretaro-en-busqueda-de-presunto-responsable-del-ataque-en-los-cantaritos\/","url":"https:\/\/www.nexoinformativo.mx\/index.php\/2024\/11\/19\/realizan-dos-cateos-en-queretaro-en-busqueda-de-presunto-responsable-del-ataque-en-los-cantaritos\/","name":"Realizan dos cateos en Quer\u00e9taro en b\u00fasqueda de presunto responsable del ataque en Los Cantaritos | Nexo Informativo Santiago de Quer\u00e9taro","isPartOf":{"@id":"https:\/\/www.nexoinformativo.mx\/#website"},"primaryImageOfPage":{"@id":"https:\/\/www.nexoinformativo.mx\/index.php\/2024\/11\/19\/realizan-dos-cateos-en-queretaro-en-busqueda-de-presunto-responsable-del-ataque-en-los-cantaritos\/#primaryimage"},"image":{"@id":"https:\/\/www.nexoinformativo.mx\/index.php\/2024\/11\/19\/realizan-dos-cateos-en-queretaro-en-busqueda-de-presunto-responsable-del-ataque-en-los-cantaritos\/#primaryimage"},"thumbnailUrl":"https:\/\/www.nexoinformativo.mx\/wp-content\/uploads\/2024\/11\/IMG_7973-e1732055241475.jpg","datePublished":"2024-11-19T21:00:04+00:00","dateModified":"2024-11-19T22:28:06+00:00","description":"Realizan dos cateos en Quer\u00e9taro en b\u00fasqueda de presunto responsable del ataque en Los Cantaritos","breadcrumb":{"@id":"https:\/\/www.nexoinformativo.mx\/index.php\/2024\/11\/19\/realizan-dos-cateos-en-queretaro-en-busqueda-de-presunto-responsable-del-ataque-en-los-cantaritos\/#breadcrumb"},"inLanguage":"es","potentialAction":[{"@type":"ReadAction","target":["https:\/\/www.nexoinformativo.mx\/index.php\/2024\/11\/19\/realizan-dos-cateos-en-queretaro-en-busqueda-de-presunto-responsable-del-ataque-en-los-cantaritos\/"]}]},{"@type":"ImageObject","inLanguage":"es","@id":"https:\/\/www.nexoinformativo.mx\/index.php\/2024\/11\/19\/realizan-dos-cateos-en-queretaro-en-busqueda-de-presunto-responsable-del-ataque-en-los-cantaritos\/#primaryimage","url":"https:\/\/www.nexoinformativo.mx\/wp-content\/uploads\/2024\/11\/IMG_7973-e1732055241475.jpg","contentUrl":"https:\/\/www.nexoinformativo.mx\/wp-content\/uploads\/2024\/11\/IMG_7973-e1732055241475.jpg","width":650,"height":360,"caption":"Screenshot"},{"@type":"BreadcrumbList","@id":"https:\/\/www.nexoinformativo.mx\/index.php\/2024\/11\/19\/realizan-dos-cateos-en-queretaro-en-busqueda-de-presunto-responsable-del-ataque-en-los-cantaritos\/#breadcrumb","itemListElement":[{"@type":"ListItem","position":1,"name":"Inicio","item":"https:\/\/www.nexoinformativo.mx\/"},{"@type":"ListItem","position":2,"name":"Realizan dos cateos en Quer\u00e9taro en b\u00fasqueda de presunto responsable del ataque en Los Cantaritos"}]},{"@type":"WebSite","@id":"https:\/\/www.nexoinformativo.mx\/#website","url":"https:\/\/www.nexoinformativo.mx\/","name":"Nexo Informativo Santiago de Quer\u00e9taro","description":"Explora NexoInformativo y convi\u00e9rtete en parte de una comunidad que valora el conocimiento y la verdad. Tu nexoinformativo es tu puente hacia una comprensi\u00f3n m\u00e1s profunda del mundo que te rodea.","publisher":{"@id":"https:\/\/www.nexoinformativo.mx\/#organization"},"potentialAction":[{"@type":"SearchAction","target":{"@type":"EntryPoint","urlTemplate":"https:\/\/www.nexoinformativo.mx\/?s={search_term_string}"},"query-input":{"@type":"PropertyValueSpecification","valueRequired":true,"valueName":"search_term_string"}}],"inLanguage":"es"},{"@type":"Organization","@id":"https:\/\/www.nexoinformativo.mx\/#organization","name":"Nexo Informativo Santiago de Quer\u00e9taro","url":"https:\/\/www.nexoinformativo.mx\/","logo":{"@type":"ImageObject","inLanguage":"es","@id":"https:\/\/www.nexoinformativo.mx\/#\/schema\/logo\/image\/","url":"https:\/\/www.nexoinformativo.mx\/wp-content\/uploads\/2024\/07\/nexoi-trasparente-2.png","contentUrl":"https:\/\/www.nexoinformativo.mx\/wp-content\/uploads\/2024\/07\/nexoi-trasparente-2.png","width":816,"height":339,"caption":"Nexo Informativo Santiago de Quer\u00e9taro"},"image":{"@id":"https:\/\/www.nexoinformativo.mx\/#\/schema\/logo\/image\/"},"sameAs":["https:\/\/www.facebook.com\/people\/Nexo-Informativo\/61564066885511\/"]},{"@type":"Person","@id":"https:\/\/www.nexoinformativo.mx\/#\/schema\/person\/7749d380ba08c8ca00d7bc76fd907b7d","name":"Nexo Informativo","image":{"@type":"ImageObject","inLanguage":"es","@id":"https:\/\/www.nexoinformativo.mx\/#\/schema\/person\/image\/","url":"https:\/\/secure.gravatar.com\/avatar\/dde2928154642a13d95f87ddf1ea9718fe2b46760a005c53e41ff5ad610704e6?s=96&d=mm&r=g","contentUrl":"https:\/\/secure.gravatar.com\/avatar\/dde2928154642a13d95f87ddf1ea9718fe2b46760a005c53e41ff5ad610704e6?s=96&d=mm&r=g","caption":"Nexo Informativo"},"url":"https:\/\/www.nexoinformativo.mx\/index.php\/author\/edicion\/"}]}},"_links":{"self":[{"href":"https:\/\/www.nexoinformativo.mx\/index.php\/wp-json\/wp\/v2\/posts\/6427","targetHints":{"allow":["GET"]}}],"collection":[{"href":"https:\/\/www.nexoinformativo.mx\/index.php\/wp-json\/wp\/v2\/posts"}],"about":[{"href":"https:\/\/www.nexoinformativo.mx\/index.php\/wp-json\/wp\/v2\/types\/post"}],"author":[{"embeddable":true,"href":"https:\/\/www.nexoinformativo.mx\/index.php\/wp-json\/wp\/v2\/users\/3"}],"replies":[{"embeddable":true,"href":"https:\/\/www.nexoinformativo.mx\/index.php\/wp-json\/wp\/v2\/comments?post=6427"}],"version-history":[{"count":2,"href":"https:\/\/www.nexoinformativo.mx\/index.php\/wp-json\/wp\/v2\/posts\/6427\/revisions"}],"predecessor-version":[{"id":6430,"href":"https:\/\/www.nexoinformativo.mx\/index.php\/wp-json\/wp\/v2\/posts\/6427\/revisions\/6430"}],"wp:featuredmedia":[{"embeddable":true,"href":"https:\/\/www.nexoinformativo.mx\/index.php\/wp-json\/wp\/v2\/media\/6428"}],"wp:attachment":[{"href":"https:\/\/www.nexoinformativo.mx\/index.php\/wp-json\/wp\/v2\/media?parent=6427"}],"wp:term":[{"taxonomy":"category","embeddable":true,"href":"https:\/\/www.nexoinformativo.mx\/index.php\/wp-json\/wp\/v2\/categories?post=6427"},{"taxonomy":"post_tag","embeddable":true,"href":"https:\/\/www.nexoinformativo.mx\/index.php\/wp-json\/wp\/v2\/tags?post=6427"}],"curies":[{"name":"wp","href":"https:\/\/api.w.org\/{rel}","templated":true}]}}