{"id":6436,"date":"2024-11-19T17:00:43","date_gmt":"2024-11-19T23:00:43","guid":{"rendered":"https:\/\/www.nexoinformativo.mx\/?p=6436"},"modified":"2024-11-19T17:00:43","modified_gmt":"2024-11-19T23:00:43","slug":"municipios-firman-convenio-para-regular-establecimientos-con-venta-de-alcohol-en-queretaro","status":"publish","type":"post","link":"https:\/\/www.nexoinformativo.mx\/index.php\/2024\/11\/19\/municipios-firman-convenio-para-regular-establecimientos-con-venta-de-alcohol-en-queretaro\/","title":{"rendered":"Municipios Firman convenio para regular establecimientos con venta de alcohol en Quer\u00e9taro"},"content":{"rendered":"<p style=\"text-align: justify;\">Con el objetivo de proteger la seguridad e integridad de las personas en establecimientos de venta y consumo de bebidas alcoh\u00f3licas, el secretario de Gobierno, Carlos Alberto Alcaraz, encabez\u00f3 la firma de un convenio de coordinaci\u00f3n con 12 de los 13 municipios convocados. Este convenio busca establecer bases de colaboraci\u00f3n y desarrollar mecanismos para evitar riesgos.<\/p>\n<p>&nbsp;<\/p>\n<p style=\"text-align: justify;\">Alcaraz Guti\u00e9rrez reiter\u00f3 el compromiso del gobernador Mauricio Kuri para mantener condiciones adecuadas de gobernabilidad y construir un pacto con la sociedad que apoye a las familias. <strong>&#8220;Es un trabajo que es de todos los d\u00edas, que es constante y que obliga, sin duda, a tener un comportamiento cercano y de di\u00e1logo con la poblaci\u00f3n&#8221;<\/strong>, asegur\u00f3.<\/p>\n<p>&nbsp;<\/p>\n<p style=\"text-align: justify;\">El convenio contempla el desarrollo y monitoreo de actividades de seguridad en los establecimientos autorizados para almacenaje, venta y consumo de bebidas alcoh\u00f3licas. Incluye la aplicaci\u00f3n de reglamentos y protocolos, as\u00ed como el refuerzo de sistemas de video vigilancia y la homologaci\u00f3n de requisitos para la obtenci\u00f3n de licencias de funcionamiento municipales.<\/p>\n<p>&nbsp;<\/p>\n<p style=\"text-align: justify;\">Los presidentes municipales presentes coincidieron en que la unidad y colaboraci\u00f3n con el Estado es el camino para mantener la paz y tranquilidad de los queretanos. Este convenio fue rubricado previamente por los presidentes municipales de la Zona Metropolitana y San Juan del R\u00edo, y ahora tambi\u00e9n por los municipios restantes.<\/p>\n<p>&nbsp;<\/p>\n<p style=\"text-align: center;\"><em><strong>\u00a1Informaci\u00f3n que transforma!<\/strong><\/em><\/p>\n","protected":false},"excerpt":{"rendered":"<p>Con el objetivo de proteger la seguridad e integridad de las personas en establecimientos de venta y consumo de bebidas alcoh\u00f3licas, el secretario de Gobierno, Carlos Alberto Alcaraz, encabez\u00f3 la firma de un convenio de coordinaci\u00f3n con 12 de los 13 municipios convocados.<\/p>\n","protected":false},"author":3,"featured_media":6437,"comment_status":"open","ping_status":"open","sticky":false,"template":"","format":"standard","meta":{"footnotes":""},"categories":[65,58],"tags":[1743,2192,2191,266],"class_list":["post-6436","post","type-post","status-publish","format-standard","has-post-thumbnail","hentry","category-municipios","category-ultima-hora","tag-colaboracion","tag-gobernabilidad","tag-regulacionalcohol","tag-seguridadqueretaro"],"yoast_head":"<!-- This site is optimized with the Yoast SEO plugin v25.0 - https:\/\/yoast.com\/wordpress\/plugins\/seo\/ -->\n<title>Municipios Firman convenio para regular establecimientos con venta de alcohol en Quer\u00e9taro | Nexo Informativo Santiago de Quer\u00e9taro<\/title>\n<meta name=\"description\" content=\"Municipios Firman convenio para regular establecimientos con venta de alcohol en Quer\u00e9taro\" \/>\n<meta name=\"robots\" content=\"index, follow, max-snippet:-1, max-image-preview:large, max-video-preview:-1\" \/>\n<link rel=\"canonical\" href=\"https:\/\/www.nexoinformativo.mx\/index.php\/2024\/11\/19\/municipios-firman-convenio-para-regular-establecimientos-con-venta-de-alcohol-en-queretaro\/\" \/>\n<meta property=\"og:locale\" content=\"es_MX\" \/>\n<meta property=\"og:type\" content=\"article\" \/>\n<meta property=\"og:title\" content=\"Municipios Firman convenio para regular establecimientos con venta de alcohol en Quer\u00e9taro | Nexo Informativo Santiago de Quer\u00e9taro\" \/>\n<meta property=\"og:description\" content=\"Municipios Firman convenio para regular establecimientos con venta de alcohol en Quer\u00e9taro\" \/>\n<meta property=\"og:url\" content=\"https:\/\/www.nexoinformativo.mx\/index.php\/2024\/11\/19\/municipios-firman-convenio-para-regular-establecimientos-con-venta-de-alcohol-en-queretaro\/\" \/>\n<meta property=\"og:site_name\" content=\"Nexo Informativo Santiago de Quer\u00e9taro\" \/>\n<meta property=\"article:publisher\" content=\"https:\/\/www.facebook.com\/people\/Nexo-Informativo\/61564066885511\/\" \/>\n<meta property=\"article:published_time\" content=\"2024-11-19T23:00:43+00:00\" \/>\n<meta property=\"og:image\" content=\"https:\/\/www.nexoinformativo.mx\/wp-content\/uploads\/2024\/11\/PHOTO-2024-11-19-16-49-44-e1732057208779.jpg\" \/>\n\t<meta property=\"og:image:width\" content=\"700\" \/>\n\t<meta property=\"og:image:height\" content=\"456\" \/>\n\t<meta property=\"og:image:type\" content=\"image\/jpeg\" \/>\n<meta name=\"author\" content=\"Nexo Informativo\" \/>\n<meta name=\"twitter:card\" content=\"summary_large_image\" \/>\n<meta name=\"twitter:label1\" content=\"Escrito por\" \/>\n\t<meta name=\"twitter:data1\" content=\"Nexo Informativo\" \/>\n\t<meta name=\"twitter:label2\" content=\"Tiempo de lectura\" \/>\n\t<meta name=\"twitter:data2\" content=\"2 minutos\" \/>\n<script type=\"application\/ld+json\" class=\"yoast-schema-graph\">{\"@context\":\"https:\/\/schema.org\",\"@graph\":[{\"@type\":\"Article\",\"@id\":\"https:\/\/www.nexoinformativo.mx\/index.php\/2024\/11\/19\/municipios-firman-convenio-para-regular-establecimientos-con-venta-de-alcohol-en-queretaro\/#article\",\"isPartOf\":{\"@id\":\"https:\/\/www.nexoinformativo.mx\/index.php\/2024\/11\/19\/municipios-firman-convenio-para-regular-establecimientos-con-venta-de-alcohol-en-queretaro\/\"},\"author\":{\"name\":\"Nexo Informativo\",\"@id\":\"https:\/\/www.nexoinformativo.mx\/#\/schema\/person\/7749d380ba08c8ca00d7bc76fd907b7d\"},\"headline\":\"Municipios Firman convenio para regular establecimientos con venta de alcohol en Quer\u00e9taro\",\"datePublished\":\"2024-11-19T23:00:43+00:00\",\"mainEntityOfPage\":{\"@id\":\"https:\/\/www.nexoinformativo.mx\/index.php\/2024\/11\/19\/municipios-firman-convenio-para-regular-establecimientos-con-venta-de-alcohol-en-queretaro\/\"},\"wordCount\":248,\"commentCount\":0,\"publisher\":{\"@id\":\"https:\/\/www.nexoinformativo.mx\/#organization\"},\"image\":{\"@id\":\"https:\/\/www.nexoinformativo.mx\/index.php\/2024\/11\/19\/municipios-firman-convenio-para-regular-establecimientos-con-venta-de-alcohol-en-queretaro\/#primaryimage\"},\"thumbnailUrl\":\"https:\/\/www.nexoinformativo.mx\/wp-content\/uploads\/2024\/11\/PHOTO-2024-11-19-16-49-44-e1732057208779.jpg\",\"keywords\":[\"Colaboraci\u00f3n\",\"Gobernabilidad\",\"Regulaci\u00f3nAlcohol\",\"SeguridadQueretaro\"],\"articleSection\":[\"Municipios\",\"\u00daltima Hora\"],\"inLanguage\":\"es\",\"potentialAction\":[{\"@type\":\"CommentAction\",\"name\":\"Comment\",\"target\":[\"https:\/\/www.nexoinformativo.mx\/index.php\/2024\/11\/19\/municipios-firman-convenio-para-regular-establecimientos-con-venta-de-alcohol-en-queretaro\/#respond\"]}]},{\"@type\":\"WebPage\",\"@id\":\"https:\/\/www.nexoinformativo.mx\/index.php\/2024\/11\/19\/municipios-firman-convenio-para-regular-establecimientos-con-venta-de-alcohol-en-queretaro\/\",\"url\":\"https:\/\/www.nexoinformativo.mx\/index.php\/2024\/11\/19\/municipios-firman-convenio-para-regular-establecimientos-con-venta-de-alcohol-en-queretaro\/\",\"name\":\"Municipios Firman convenio para regular establecimientos con venta de alcohol en Quer\u00e9taro | Nexo Informativo Santiago de Quer\u00e9taro\",\"isPartOf\":{\"@id\":\"https:\/\/www.nexoinformativo.mx\/#website\"},\"primaryImageOfPage\":{\"@id\":\"https:\/\/www.nexoinformativo.mx\/index.php\/2024\/11\/19\/municipios-firman-convenio-para-regular-establecimientos-con-venta-de-alcohol-en-queretaro\/#primaryimage\"},\"image\":{\"@id\":\"https:\/\/www.nexoinformativo.mx\/index.php\/2024\/11\/19\/municipios-firman-convenio-para-regular-establecimientos-con-venta-de-alcohol-en-queretaro\/#primaryimage\"},\"thumbnailUrl\":\"https:\/\/www.nexoinformativo.mx\/wp-content\/uploads\/2024\/11\/PHOTO-2024-11-19-16-49-44-e1732057208779.jpg\",\"datePublished\":\"2024-11-19T23:00:43+00:00\",\"description\":\"Municipios Firman convenio para regular establecimientos con venta de alcohol en Quer\u00e9taro\",\"breadcrumb\":{\"@id\":\"https:\/\/www.nexoinformativo.mx\/index.php\/2024\/11\/19\/municipios-firman-convenio-para-regular-establecimientos-con-venta-de-alcohol-en-queretaro\/#breadcrumb\"},\"inLanguage\":\"es\",\"potentialAction\":[{\"@type\":\"ReadAction\",\"target\":[\"https:\/\/www.nexoinformativo.mx\/index.php\/2024\/11\/19\/municipios-firman-convenio-para-regular-establecimientos-con-venta-de-alcohol-en-queretaro\/\"]}]},{\"@type\":\"ImageObject\",\"inLanguage\":\"es\",\"@id\":\"https:\/\/www.nexoinformativo.mx\/index.php\/2024\/11\/19\/municipios-firman-convenio-para-regular-establecimientos-con-venta-de-alcohol-en-queretaro\/#primaryimage\",\"url\":\"https:\/\/www.nexoinformativo.mx\/wp-content\/uploads\/2024\/11\/PHOTO-2024-11-19-16-49-44-e1732057208779.jpg\",\"contentUrl\":\"https:\/\/www.nexoinformativo.mx\/wp-content\/uploads\/2024\/11\/PHOTO-2024-11-19-16-49-44-e1732057208779.jpg\",\"width\":700,\"height\":456},{\"@type\":\"BreadcrumbList\",\"@id\":\"https:\/\/www.nexoinformativo.mx\/index.php\/2024\/11\/19\/municipios-firman-convenio-para-regular-establecimientos-con-venta-de-alcohol-en-queretaro\/#breadcrumb\",\"itemListElement\":[{\"@type\":\"ListItem\",\"position\":1,\"name\":\"Inicio\",\"item\":\"https:\/\/www.nexoinformativo.mx\/\"},{\"@type\":\"ListItem\",\"position\":2,\"name\":\"Municipios Firman convenio para regular establecimientos con venta de alcohol en Quer\u00e9taro\"}]},{\"@type\":\"WebSite\",\"@id\":\"https:\/\/www.nexoinformativo.mx\/#website\",\"url\":\"https:\/\/www.nexoinformativo.mx\/\",\"name\":\"Nexo Informativo Santiago de Quer\u00e9taro\",\"description\":\"Explora NexoInformativo y convi\u00e9rtete en parte de una comunidad que valora el conocimiento y la verdad. Tu nexoinformativo es tu puente hacia una comprensi\u00f3n m\u00e1s profunda del mundo que te rodea.\",\"publisher\":{\"@id\":\"https:\/\/www.nexoinformativo.mx\/#organization\"},\"potentialAction\":[{\"@type\":\"SearchAction\",\"target\":{\"@type\":\"EntryPoint\",\"urlTemplate\":\"https:\/\/www.nexoinformativo.mx\/?s={search_term_string}\"},\"query-input\":{\"@type\":\"PropertyValueSpecification\",\"valueRequired\":true,\"valueName\":\"search_term_string\"}}],\"inLanguage\":\"es\"},{\"@type\":\"Organization\",\"@id\":\"https:\/\/www.nexoinformativo.mx\/#organization\",\"name\":\"Nexo Informativo Santiago de Quer\u00e9taro\",\"url\":\"https:\/\/www.nexoinformativo.mx\/\",\"logo\":{\"@type\":\"ImageObject\",\"inLanguage\":\"es\",\"@id\":\"https:\/\/www.nexoinformativo.mx\/#\/schema\/logo\/image\/\",\"url\":\"https:\/\/www.nexoinformativo.mx\/wp-content\/uploads\/2024\/07\/nexoi-trasparente-2.png\",\"contentUrl\":\"https:\/\/www.nexoinformativo.mx\/wp-content\/uploads\/2024\/07\/nexoi-trasparente-2.png\",\"width\":816,\"height\":339,\"caption\":\"Nexo Informativo Santiago de Quer\u00e9taro\"},\"image\":{\"@id\":\"https:\/\/www.nexoinformativo.mx\/#\/schema\/logo\/image\/\"},\"sameAs\":[\"https:\/\/www.facebook.com\/people\/Nexo-Informativo\/61564066885511\/\"]},{\"@type\":\"Person\",\"@id\":\"https:\/\/www.nexoinformativo.mx\/#\/schema\/person\/7749d380ba08c8ca00d7bc76fd907b7d\",\"name\":\"Nexo Informativo\",\"image\":{\"@type\":\"ImageObject\",\"inLanguage\":\"es\",\"@id\":\"https:\/\/www.nexoinformativo.mx\/#\/schema\/person\/image\/\",\"url\":\"https:\/\/secure.gravatar.com\/avatar\/dde2928154642a13d95f87ddf1ea9718fe2b46760a005c53e41ff5ad610704e6?s=96&d=mm&r=g\",\"contentUrl\":\"https:\/\/secure.gravatar.com\/avatar\/dde2928154642a13d95f87ddf1ea9718fe2b46760a005c53e41ff5ad610704e6?s=96&d=mm&r=g\",\"caption\":\"Nexo Informativo\"},\"url\":\"https:\/\/www.nexoinformativo.mx\/index.php\/author\/edicion\/\"}]}<\/script>\n<!-- \/ Yoast SEO plugin. -->","yoast_head_json":{"title":"Municipios Firman convenio para regular establecimientos con venta de alcohol en Quer\u00e9taro | Nexo Informativo Santiago de Quer\u00e9taro","description":"Municipios Firman convenio para regular establecimientos con venta de alcohol en Quer\u00e9taro","robots":{"index":"index","follow":"follow","max-snippet":"max-snippet:-1","max-image-preview":"max-image-preview:large","max-video-preview":"max-video-preview:-1"},"canonical":"https:\/\/www.nexoinformativo.mx\/index.php\/2024\/11\/19\/municipios-firman-convenio-para-regular-establecimientos-con-venta-de-alcohol-en-queretaro\/","og_locale":"es_MX","og_type":"article","og_title":"Municipios Firman convenio para regular establecimientos con venta de alcohol en Quer\u00e9taro | Nexo Informativo Santiago de Quer\u00e9taro","og_description":"Municipios Firman convenio para regular establecimientos con venta de alcohol en Quer\u00e9taro","og_url":"https:\/\/www.nexoinformativo.mx\/index.php\/2024\/11\/19\/municipios-firman-convenio-para-regular-establecimientos-con-venta-de-alcohol-en-queretaro\/","og_site_name":"Nexo Informativo Santiago de Quer\u00e9taro","article_publisher":"https:\/\/www.facebook.com\/people\/Nexo-Informativo\/61564066885511\/","article_published_time":"2024-11-19T23:00:43+00:00","og_image":[{"width":700,"height":456,"url":"https:\/\/www.nexoinformativo.mx\/wp-content\/uploads\/2024\/11\/PHOTO-2024-11-19-16-49-44-e1732057208779.jpg","type":"image\/jpeg"}],"author":"Nexo Informativo","twitter_card":"summary_large_image","twitter_misc":{"Escrito por":"Nexo Informativo","Tiempo de lectura":"2 minutos"},"schema":{"@context":"https:\/\/schema.org","@graph":[{"@type":"Article","@id":"https:\/\/www.nexoinformativo.mx\/index.php\/2024\/11\/19\/municipios-firman-convenio-para-regular-establecimientos-con-venta-de-alcohol-en-queretaro\/#article","isPartOf":{"@id":"https:\/\/www.nexoinformativo.mx\/index.php\/2024\/11\/19\/municipios-firman-convenio-para-regular-establecimientos-con-venta-de-alcohol-en-queretaro\/"},"author":{"name":"Nexo Informativo","@id":"https:\/\/www.nexoinformativo.mx\/#\/schema\/person\/7749d380ba08c8ca00d7bc76fd907b7d"},"headline":"Municipios Firman convenio para regular establecimientos con venta de alcohol en Quer\u00e9taro","datePublished":"2024-11-19T23:00:43+00:00","mainEntityOfPage":{"@id":"https:\/\/www.nexoinformativo.mx\/index.php\/2024\/11\/19\/municipios-firman-convenio-para-regular-establecimientos-con-venta-de-alcohol-en-queretaro\/"},"wordCount":248,"commentCount":0,"publisher":{"@id":"https:\/\/www.nexoinformativo.mx\/#organization"},"image":{"@id":"https:\/\/www.nexoinformativo.mx\/index.php\/2024\/11\/19\/municipios-firman-convenio-para-regular-establecimientos-con-venta-de-alcohol-en-queretaro\/#primaryimage"},"thumbnailUrl":"https:\/\/www.nexoinformativo.mx\/wp-content\/uploads\/2024\/11\/PHOTO-2024-11-19-16-49-44-e1732057208779.jpg","keywords":["Colaboraci\u00f3n","Gobernabilidad","Regulaci\u00f3nAlcohol","SeguridadQueretaro"],"articleSection":["Municipios","\u00daltima Hora"],"inLanguage":"es","potentialAction":[{"@type":"CommentAction","name":"Comment","target":["https:\/\/www.nexoinformativo.mx\/index.php\/2024\/11\/19\/municipios-firman-convenio-para-regular-establecimientos-con-venta-de-alcohol-en-queretaro\/#respond"]}]},{"@type":"WebPage","@id":"https:\/\/www.nexoinformativo.mx\/index.php\/2024\/11\/19\/municipios-firman-convenio-para-regular-establecimientos-con-venta-de-alcohol-en-queretaro\/","url":"https:\/\/www.nexoinformativo.mx\/index.php\/2024\/11\/19\/municipios-firman-convenio-para-regular-establecimientos-con-venta-de-alcohol-en-queretaro\/","name":"Municipios Firman convenio para regular establecimientos con venta de alcohol en Quer\u00e9taro | Nexo Informativo Santiago de Quer\u00e9taro","isPartOf":{"@id":"https:\/\/www.nexoinformativo.mx\/#website"},"primaryImageOfPage":{"@id":"https:\/\/www.nexoinformativo.mx\/index.php\/2024\/11\/19\/municipios-firman-convenio-para-regular-establecimientos-con-venta-de-alcohol-en-queretaro\/#primaryimage"},"image":{"@id":"https:\/\/www.nexoinformativo.mx\/index.php\/2024\/11\/19\/municipios-firman-convenio-para-regular-establecimientos-con-venta-de-alcohol-en-queretaro\/#primaryimage"},"thumbnailUrl":"https:\/\/www.nexoinformativo.mx\/wp-content\/uploads\/2024\/11\/PHOTO-2024-11-19-16-49-44-e1732057208779.jpg","datePublished":"2024-11-19T23:00:43+00:00","description":"Municipios Firman convenio para regular establecimientos con venta de alcohol en Quer\u00e9taro","breadcrumb":{"@id":"https:\/\/www.nexoinformativo.mx\/index.php\/2024\/11\/19\/municipios-firman-convenio-para-regular-establecimientos-con-venta-de-alcohol-en-queretaro\/#breadcrumb"},"inLanguage":"es","potentialAction":[{"@type":"ReadAction","target":["https:\/\/www.nexoinformativo.mx\/index.php\/2024\/11\/19\/municipios-firman-convenio-para-regular-establecimientos-con-venta-de-alcohol-en-queretaro\/"]}]},{"@type":"ImageObject","inLanguage":"es","@id":"https:\/\/www.nexoinformativo.mx\/index.php\/2024\/11\/19\/municipios-firman-convenio-para-regular-establecimientos-con-venta-de-alcohol-en-queretaro\/#primaryimage","url":"https:\/\/www.nexoinformativo.mx\/wp-content\/uploads\/2024\/11\/PHOTO-2024-11-19-16-49-44-e1732057208779.jpg","contentUrl":"https:\/\/www.nexoinformativo.mx\/wp-content\/uploads\/2024\/11\/PHOTO-2024-11-19-16-49-44-e1732057208779.jpg","width":700,"height":456},{"@type":"BreadcrumbList","@id":"https:\/\/www.nexoinformativo.mx\/index.php\/2024\/11\/19\/municipios-firman-convenio-para-regular-establecimientos-con-venta-de-alcohol-en-queretaro\/#breadcrumb","itemListElement":[{"@type":"ListItem","position":1,"name":"Inicio","item":"https:\/\/www.nexoinformativo.mx\/"},{"@type":"ListItem","position":2,"name":"Municipios Firman convenio para regular establecimientos con venta de alcohol en Quer\u00e9taro"}]},{"@type":"WebSite","@id":"https:\/\/www.nexoinformativo.mx\/#website","url":"https:\/\/www.nexoinformativo.mx\/","name":"Nexo Informativo Santiago de Quer\u00e9taro","description":"Explora NexoInformativo y convi\u00e9rtete en parte de una comunidad que valora el conocimiento y la verdad. Tu nexoinformativo es tu puente hacia una comprensi\u00f3n m\u00e1s profunda del mundo que te rodea.","publisher":{"@id":"https:\/\/www.nexoinformativo.mx\/#organization"},"potentialAction":[{"@type":"SearchAction","target":{"@type":"EntryPoint","urlTemplate":"https:\/\/www.nexoinformativo.mx\/?s={search_term_string}"},"query-input":{"@type":"PropertyValueSpecification","valueRequired":true,"valueName":"search_term_string"}}],"inLanguage":"es"},{"@type":"Organization","@id":"https:\/\/www.nexoinformativo.mx\/#organization","name":"Nexo Informativo Santiago de Quer\u00e9taro","url":"https:\/\/www.nexoinformativo.mx\/","logo":{"@type":"ImageObject","inLanguage":"es","@id":"https:\/\/www.nexoinformativo.mx\/#\/schema\/logo\/image\/","url":"https:\/\/www.nexoinformativo.mx\/wp-content\/uploads\/2024\/07\/nexoi-trasparente-2.png","contentUrl":"https:\/\/www.nexoinformativo.mx\/wp-content\/uploads\/2024\/07\/nexoi-trasparente-2.png","width":816,"height":339,"caption":"Nexo Informativo Santiago de Quer\u00e9taro"},"image":{"@id":"https:\/\/www.nexoinformativo.mx\/#\/schema\/logo\/image\/"},"sameAs":["https:\/\/www.facebook.com\/people\/Nexo-Informativo\/61564066885511\/"]},{"@type":"Person","@id":"https:\/\/www.nexoinformativo.mx\/#\/schema\/person\/7749d380ba08c8ca00d7bc76fd907b7d","name":"Nexo Informativo","image":{"@type":"ImageObject","inLanguage":"es","@id":"https:\/\/www.nexoinformativo.mx\/#\/schema\/person\/image\/","url":"https:\/\/secure.gravatar.com\/avatar\/dde2928154642a13d95f87ddf1ea9718fe2b46760a005c53e41ff5ad610704e6?s=96&d=mm&r=g","contentUrl":"https:\/\/secure.gravatar.com\/avatar\/dde2928154642a13d95f87ddf1ea9718fe2b46760a005c53e41ff5ad610704e6?s=96&d=mm&r=g","caption":"Nexo Informativo"},"url":"https:\/\/www.nexoinformativo.mx\/index.php\/author\/edicion\/"}]}},"_links":{"self":[{"href":"https:\/\/www.nexoinformativo.mx\/index.php\/wp-json\/wp\/v2\/posts\/6436","targetHints":{"allow":["GET"]}}],"collection":[{"href":"https:\/\/www.nexoinformativo.mx\/index.php\/wp-json\/wp\/v2\/posts"}],"about":[{"href":"https:\/\/www.nexoinformativo.mx\/index.php\/wp-json\/wp\/v2\/types\/post"}],"author":[{"embeddable":true,"href":"https:\/\/www.nexoinformativo.mx\/index.php\/wp-json\/wp\/v2\/users\/3"}],"replies":[{"embeddable":true,"href":"https:\/\/www.nexoinformativo.mx\/index.php\/wp-json\/wp\/v2\/comments?post=6436"}],"version-history":[{"count":2,"href":"https:\/\/www.nexoinformativo.mx\/index.php\/wp-json\/wp\/v2\/posts\/6436\/revisions"}],"predecessor-version":[{"id":6439,"href":"https:\/\/www.nexoinformativo.mx\/index.php\/wp-json\/wp\/v2\/posts\/6436\/revisions\/6439"}],"wp:featuredmedia":[{"embeddable":true,"href":"https:\/\/www.nexoinformativo.mx\/index.php\/wp-json\/wp\/v2\/media\/6437"}],"wp:attachment":[{"href":"https:\/\/www.nexoinformativo.mx\/index.php\/wp-json\/wp\/v2\/media?parent=6436"}],"wp:term":[{"taxonomy":"category","embeddable":true,"href":"https:\/\/www.nexoinformativo.mx\/index.php\/wp-json\/wp\/v2\/categories?post=6436"},{"taxonomy":"post_tag","embeddable":true,"href":"https:\/\/www.nexoinformativo.mx\/index.php\/wp-json\/wp\/v2\/tags?post=6436"}],"curies":[{"name":"wp","href":"https:\/\/api.w.org\/{rel}","templated":true}]}}