{"id":6441,"date":"2024-11-20T06:00:17","date_gmt":"2024-11-20T12:00:17","guid":{"rendered":"https:\/\/www.nexoinformativo.mx\/?p=6441"},"modified":"2024-11-20T07:57:00","modified_gmt":"2024-11-20T13:57:00","slug":"corregidora-amplia-movivan-mas-rutas-mas-beneficios-para-los-habitantes","status":"publish","type":"post","link":"https:\/\/www.nexoinformativo.mx\/index.php\/2024\/11\/20\/corregidora-amplia-movivan-mas-rutas-mas-beneficios-para-los-habitantes\/","title":{"rendered":"Corregidora ampl\u00eda Movivan: M\u00e1s rutas, m\u00e1s beneficios para los habitantes"},"content":{"rendered":"<p style=\"text-align: justify;\" data-sourcepos=\"9:1-9:388\">Corregidora sigue avanzando en materia de movilidad. El presidente municipal, Chepe Guerrero, anunci\u00f3 la ampliaci\u00f3n del programa Movivan, el sistema de transporte gratuito para mujeres, estudiantes y adultos mayores.<\/p>\n<p>&nbsp;<\/p>\n<p style=\"text-align: justify;\" data-sourcepos=\"9:1-9:388\">A partir del 2 de diciembre, nuevas rutas y extensiones en las existentes brindar\u00e1n servicio a m\u00e1s colonias, mejorando la conectividad y calidad de vida de los habitantes.<\/p>\n<p>&nbsp;<\/p>\n<p style=\"text-align: justify;\" data-sourcepos=\"11:1-11:301\">Con la creaci\u00f3n de la Ruta 12, se beneficiar\u00e1n los vecinos de La Vida, Moralta, Santa B\u00e1rbara y parte de La Negreta. Adem\u00e1s, las rutas 3, 9 y 10 ampliar\u00e1n su cobertura, llegando a zonas como Paisajes de Lourdes, Praderas de Lourdes, El Romeral, Haciendas del Bosque, Pueblito Colonial y Benito Ju\u00e1rez.<\/p>\n<p>&nbsp;<\/p>\n<p style=\"text-align: justify;\" data-sourcepos=\"13:1-13:304\"><strong>&#8220;Estas ampliaciones significan un paso m\u00e1s hacia una movilidad m\u00e1s eficiente y accesible para todos&#8221;<\/strong>, asegur\u00f3 el alcalde Chepe Guerrero. &#8220;Queremos que los habitantes de Corregidora puedan moverse con facilidad y seguridad, y que este programa contribuya a mejorar su calidad de vida&#8221;.<\/p>\n<p>&nbsp;<\/p>\n<p style=\"text-align: justify;\" data-sourcepos=\"15:1-15:292\">Seg\u00fan datos de la Secretar\u00eda de Movilidad, con esta ampliaci\u00f3n se espera incrementar el n\u00famero de usuarios de 69 mil a 95 mil ascensos mensuales. El programa Movivan se ha consolidado como una herramienta fundamental para promover la igualdad de g\u00e9nero y mejorar la movilidad en el municipio.<\/p>\n<p>&nbsp;<\/p>\n<p style=\"text-align: center;\" data-sourcepos=\"15:1-15:292\"><em><strong>\u00a1Informaci\u00f3n que transforma!<\/strong><\/em><\/p>\n","protected":false},"excerpt":{"rendered":"<p>Corregidora sigue avanzando en materia de movilidad. El presidente municipal, Chepe Guerrero, anunci\u00f3 la ampliaci\u00f3n del programa Movivan, el sistema de transporte gratuito para mujeres, estudiantes y adultos mayores.<\/p>\n","protected":false},"author":3,"featured_media":6442,"comment_status":"open","ping_status":"open","sticky":false,"template":"","format":"standard","meta":{"footnotes":""},"categories":[65,58],"tags":[513,756,2193,2194],"class_list":["post-6441","post","type-post","status-publish","format-standard","has-post-thumbnail","hentry","category-municipios","category-ultima-hora","tag-corregidoraavanza","tag-movilidadsustentable","tag-movivancorregidora","tag-transportegratuito"],"yoast_head":"<!-- This site is optimized with the Yoast SEO plugin v25.0 - https:\/\/yoast.com\/wordpress\/plugins\/seo\/ -->\n<title>Corregidora ampl\u00eda Movivan: M\u00e1s rutas, m\u00e1s beneficios para los habitantes | Nexo Informativo Santiago de Quer\u00e9taro<\/title>\n<meta name=\"description\" content=\"Corregidora ampl\u00eda Movivan: M\u00e1s rutas, m\u00e1s beneficios para los habitantes\" \/>\n<meta name=\"robots\" content=\"index, follow, max-snippet:-1, max-image-preview:large, max-video-preview:-1\" \/>\n<link rel=\"canonical\" href=\"https:\/\/www.nexoinformativo.mx\/index.php\/2024\/11\/20\/corregidora-amplia-movivan-mas-rutas-mas-beneficios-para-los-habitantes\/\" \/>\n<meta property=\"og:locale\" content=\"es_MX\" \/>\n<meta property=\"og:type\" content=\"article\" \/>\n<meta property=\"og:title\" content=\"Corregidora ampl\u00eda Movivan: M\u00e1s rutas, m\u00e1s beneficios para los habitantes | Nexo Informativo Santiago de Quer\u00e9taro\" \/>\n<meta property=\"og:description\" content=\"Corregidora ampl\u00eda Movivan: M\u00e1s rutas, m\u00e1s beneficios para los habitantes\" \/>\n<meta property=\"og:url\" content=\"https:\/\/www.nexoinformativo.mx\/index.php\/2024\/11\/20\/corregidora-amplia-movivan-mas-rutas-mas-beneficios-para-los-habitantes\/\" \/>\n<meta property=\"og:site_name\" content=\"Nexo Informativo Santiago de Quer\u00e9taro\" \/>\n<meta property=\"article:publisher\" content=\"https:\/\/www.facebook.com\/people\/Nexo-Informativo\/61564066885511\/\" \/>\n<meta property=\"article:published_time\" content=\"2024-11-20T12:00:17+00:00\" \/>\n<meta property=\"article:modified_time\" content=\"2024-11-20T13:57:00+00:00\" \/>\n<meta property=\"og:image\" content=\"https:\/\/www.nexoinformativo.mx\/wp-content\/uploads\/2024\/11\/PHOTO-2024-11-19-21-30-05-e1732110955591.jpg\" \/>\n\t<meta property=\"og:image:width\" content=\"600\" \/>\n\t<meta property=\"og:image:height\" content=\"750\" \/>\n\t<meta property=\"og:image:type\" content=\"image\/jpeg\" \/>\n<meta name=\"author\" content=\"Nexo Informativo\" \/>\n<meta name=\"twitter:card\" content=\"summary_large_image\" \/>\n<meta name=\"twitter:label1\" content=\"Escrito por\" \/>\n\t<meta name=\"twitter:data1\" content=\"Nexo Informativo\" \/>\n\t<meta name=\"twitter:label2\" content=\"Tiempo de lectura\" \/>\n\t<meta name=\"twitter:data2\" content=\"2 minutos\" \/>\n<script type=\"application\/ld+json\" class=\"yoast-schema-graph\">{\"@context\":\"https:\/\/schema.org\",\"@graph\":[{\"@type\":\"Article\",\"@id\":\"https:\/\/www.nexoinformativo.mx\/index.php\/2024\/11\/20\/corregidora-amplia-movivan-mas-rutas-mas-beneficios-para-los-habitantes\/#article\",\"isPartOf\":{\"@id\":\"https:\/\/www.nexoinformativo.mx\/index.php\/2024\/11\/20\/corregidora-amplia-movivan-mas-rutas-mas-beneficios-para-los-habitantes\/\"},\"author\":{\"name\":\"Nexo Informativo\",\"@id\":\"https:\/\/www.nexoinformativo.mx\/#\/schema\/person\/7749d380ba08c8ca00d7bc76fd907b7d\"},\"headline\":\"Corregidora ampl\u00eda Movivan: M\u00e1s rutas, m\u00e1s beneficios para los habitantes\",\"datePublished\":\"2024-11-20T12:00:17+00:00\",\"dateModified\":\"2024-11-20T13:57:00+00:00\",\"mainEntityOfPage\":{\"@id\":\"https:\/\/www.nexoinformativo.mx\/index.php\/2024\/11\/20\/corregidora-amplia-movivan-mas-rutas-mas-beneficios-para-los-habitantes\/\"},\"wordCount\":231,\"commentCount\":0,\"publisher\":{\"@id\":\"https:\/\/www.nexoinformativo.mx\/#organization\"},\"image\":{\"@id\":\"https:\/\/www.nexoinformativo.mx\/index.php\/2024\/11\/20\/corregidora-amplia-movivan-mas-rutas-mas-beneficios-para-los-habitantes\/#primaryimage\"},\"thumbnailUrl\":\"https:\/\/www.nexoinformativo.mx\/wp-content\/uploads\/2024\/11\/PHOTO-2024-11-19-21-30-05-e1732110955591.jpg\",\"keywords\":[\"CorregidoraAvanza\",\"MovilidadSustentable\",\"MovivanCorregidora\",\"TransporteGratuito\"],\"articleSection\":[\"Municipios\",\"\u00daltima Hora\"],\"inLanguage\":\"es\",\"potentialAction\":[{\"@type\":\"CommentAction\",\"name\":\"Comment\",\"target\":[\"https:\/\/www.nexoinformativo.mx\/index.php\/2024\/11\/20\/corregidora-amplia-movivan-mas-rutas-mas-beneficios-para-los-habitantes\/#respond\"]}]},{\"@type\":\"WebPage\",\"@id\":\"https:\/\/www.nexoinformativo.mx\/index.php\/2024\/11\/20\/corregidora-amplia-movivan-mas-rutas-mas-beneficios-para-los-habitantes\/\",\"url\":\"https:\/\/www.nexoinformativo.mx\/index.php\/2024\/11\/20\/corregidora-amplia-movivan-mas-rutas-mas-beneficios-para-los-habitantes\/\",\"name\":\"Corregidora ampl\u00eda Movivan: M\u00e1s rutas, m\u00e1s beneficios para los habitantes | Nexo Informativo Santiago de Quer\u00e9taro\",\"isPartOf\":{\"@id\":\"https:\/\/www.nexoinformativo.mx\/#website\"},\"primaryImageOfPage\":{\"@id\":\"https:\/\/www.nexoinformativo.mx\/index.php\/2024\/11\/20\/corregidora-amplia-movivan-mas-rutas-mas-beneficios-para-los-habitantes\/#primaryimage\"},\"image\":{\"@id\":\"https:\/\/www.nexoinformativo.mx\/index.php\/2024\/11\/20\/corregidora-amplia-movivan-mas-rutas-mas-beneficios-para-los-habitantes\/#primaryimage\"},\"thumbnailUrl\":\"https:\/\/www.nexoinformativo.mx\/wp-content\/uploads\/2024\/11\/PHOTO-2024-11-19-21-30-05-e1732110955591.jpg\",\"datePublished\":\"2024-11-20T12:00:17+00:00\",\"dateModified\":\"2024-11-20T13:57:00+00:00\",\"description\":\"Corregidora ampl\u00eda Movivan: M\u00e1s rutas, m\u00e1s beneficios para los habitantes\",\"breadcrumb\":{\"@id\":\"https:\/\/www.nexoinformativo.mx\/index.php\/2024\/11\/20\/corregidora-amplia-movivan-mas-rutas-mas-beneficios-para-los-habitantes\/#breadcrumb\"},\"inLanguage\":\"es\",\"potentialAction\":[{\"@type\":\"ReadAction\",\"target\":[\"https:\/\/www.nexoinformativo.mx\/index.php\/2024\/11\/20\/corregidora-amplia-movivan-mas-rutas-mas-beneficios-para-los-habitantes\/\"]}]},{\"@type\":\"ImageObject\",\"inLanguage\":\"es\",\"@id\":\"https:\/\/www.nexoinformativo.mx\/index.php\/2024\/11\/20\/corregidora-amplia-movivan-mas-rutas-mas-beneficios-para-los-habitantes\/#primaryimage\",\"url\":\"https:\/\/www.nexoinformativo.mx\/wp-content\/uploads\/2024\/11\/PHOTO-2024-11-19-21-30-05-e1732110955591.jpg\",\"contentUrl\":\"https:\/\/www.nexoinformativo.mx\/wp-content\/uploads\/2024\/11\/PHOTO-2024-11-19-21-30-05-e1732110955591.jpg\",\"width\":600,\"height\":750},{\"@type\":\"BreadcrumbList\",\"@id\":\"https:\/\/www.nexoinformativo.mx\/index.php\/2024\/11\/20\/corregidora-amplia-movivan-mas-rutas-mas-beneficios-para-los-habitantes\/#breadcrumb\",\"itemListElement\":[{\"@type\":\"ListItem\",\"position\":1,\"name\":\"Inicio\",\"item\":\"https:\/\/www.nexoinformativo.mx\/\"},{\"@type\":\"ListItem\",\"position\":2,\"name\":\"Corregidora ampl\u00eda Movivan: M\u00e1s rutas, m\u00e1s beneficios para los habitantes\"}]},{\"@type\":\"WebSite\",\"@id\":\"https:\/\/www.nexoinformativo.mx\/#website\",\"url\":\"https:\/\/www.nexoinformativo.mx\/\",\"name\":\"Nexo Informativo Santiago de Quer\u00e9taro\",\"description\":\"Explora NexoInformativo y convi\u00e9rtete en parte de una comunidad que valora el conocimiento y la verdad. Tu nexoinformativo es tu puente hacia una comprensi\u00f3n m\u00e1s profunda del mundo que te rodea.\",\"publisher\":{\"@id\":\"https:\/\/www.nexoinformativo.mx\/#organization\"},\"potentialAction\":[{\"@type\":\"SearchAction\",\"target\":{\"@type\":\"EntryPoint\",\"urlTemplate\":\"https:\/\/www.nexoinformativo.mx\/?s={search_term_string}\"},\"query-input\":{\"@type\":\"PropertyValueSpecification\",\"valueRequired\":true,\"valueName\":\"search_term_string\"}}],\"inLanguage\":\"es\"},{\"@type\":\"Organization\",\"@id\":\"https:\/\/www.nexoinformativo.mx\/#organization\",\"name\":\"Nexo Informativo Santiago de Quer\u00e9taro\",\"url\":\"https:\/\/www.nexoinformativo.mx\/\",\"logo\":{\"@type\":\"ImageObject\",\"inLanguage\":\"es\",\"@id\":\"https:\/\/www.nexoinformativo.mx\/#\/schema\/logo\/image\/\",\"url\":\"https:\/\/www.nexoinformativo.mx\/wp-content\/uploads\/2024\/07\/nexoi-trasparente-2.png\",\"contentUrl\":\"https:\/\/www.nexoinformativo.mx\/wp-content\/uploads\/2024\/07\/nexoi-trasparente-2.png\",\"width\":816,\"height\":339,\"caption\":\"Nexo Informativo Santiago de Quer\u00e9taro\"},\"image\":{\"@id\":\"https:\/\/www.nexoinformativo.mx\/#\/schema\/logo\/image\/\"},\"sameAs\":[\"https:\/\/www.facebook.com\/people\/Nexo-Informativo\/61564066885511\/\"]},{\"@type\":\"Person\",\"@id\":\"https:\/\/www.nexoinformativo.mx\/#\/schema\/person\/7749d380ba08c8ca00d7bc76fd907b7d\",\"name\":\"Nexo Informativo\",\"image\":{\"@type\":\"ImageObject\",\"inLanguage\":\"es\",\"@id\":\"https:\/\/www.nexoinformativo.mx\/#\/schema\/person\/image\/\",\"url\":\"https:\/\/secure.gravatar.com\/avatar\/dde2928154642a13d95f87ddf1ea9718fe2b46760a005c53e41ff5ad610704e6?s=96&d=mm&r=g\",\"contentUrl\":\"https:\/\/secure.gravatar.com\/avatar\/dde2928154642a13d95f87ddf1ea9718fe2b46760a005c53e41ff5ad610704e6?s=96&d=mm&r=g\",\"caption\":\"Nexo Informativo\"},\"url\":\"https:\/\/www.nexoinformativo.mx\/index.php\/author\/edicion\/\"}]}<\/script>\n<!-- \/ Yoast SEO plugin. -->","yoast_head_json":{"title":"Corregidora ampl\u00eda Movivan: M\u00e1s rutas, m\u00e1s beneficios para los habitantes | Nexo Informativo Santiago de Quer\u00e9taro","description":"Corregidora ampl\u00eda Movivan: M\u00e1s rutas, m\u00e1s beneficios para los habitantes","robots":{"index":"index","follow":"follow","max-snippet":"max-snippet:-1","max-image-preview":"max-image-preview:large","max-video-preview":"max-video-preview:-1"},"canonical":"https:\/\/www.nexoinformativo.mx\/index.php\/2024\/11\/20\/corregidora-amplia-movivan-mas-rutas-mas-beneficios-para-los-habitantes\/","og_locale":"es_MX","og_type":"article","og_title":"Corregidora ampl\u00eda Movivan: M\u00e1s rutas, m\u00e1s beneficios para los habitantes | Nexo Informativo Santiago de Quer\u00e9taro","og_description":"Corregidora ampl\u00eda Movivan: M\u00e1s rutas, m\u00e1s beneficios para los habitantes","og_url":"https:\/\/www.nexoinformativo.mx\/index.php\/2024\/11\/20\/corregidora-amplia-movivan-mas-rutas-mas-beneficios-para-los-habitantes\/","og_site_name":"Nexo Informativo Santiago de Quer\u00e9taro","article_publisher":"https:\/\/www.facebook.com\/people\/Nexo-Informativo\/61564066885511\/","article_published_time":"2024-11-20T12:00:17+00:00","article_modified_time":"2024-11-20T13:57:00+00:00","og_image":[{"width":600,"height":750,"url":"https:\/\/www.nexoinformativo.mx\/wp-content\/uploads\/2024\/11\/PHOTO-2024-11-19-21-30-05-e1732110955591.jpg","type":"image\/jpeg"}],"author":"Nexo Informativo","twitter_card":"summary_large_image","twitter_misc":{"Escrito por":"Nexo Informativo","Tiempo de lectura":"2 minutos"},"schema":{"@context":"https:\/\/schema.org","@graph":[{"@type":"Article","@id":"https:\/\/www.nexoinformativo.mx\/index.php\/2024\/11\/20\/corregidora-amplia-movivan-mas-rutas-mas-beneficios-para-los-habitantes\/#article","isPartOf":{"@id":"https:\/\/www.nexoinformativo.mx\/index.php\/2024\/11\/20\/corregidora-amplia-movivan-mas-rutas-mas-beneficios-para-los-habitantes\/"},"author":{"name":"Nexo Informativo","@id":"https:\/\/www.nexoinformativo.mx\/#\/schema\/person\/7749d380ba08c8ca00d7bc76fd907b7d"},"headline":"Corregidora ampl\u00eda Movivan: M\u00e1s rutas, m\u00e1s beneficios para los habitantes","datePublished":"2024-11-20T12:00:17+00:00","dateModified":"2024-11-20T13:57:00+00:00","mainEntityOfPage":{"@id":"https:\/\/www.nexoinformativo.mx\/index.php\/2024\/11\/20\/corregidora-amplia-movivan-mas-rutas-mas-beneficios-para-los-habitantes\/"},"wordCount":231,"commentCount":0,"publisher":{"@id":"https:\/\/www.nexoinformativo.mx\/#organization"},"image":{"@id":"https:\/\/www.nexoinformativo.mx\/index.php\/2024\/11\/20\/corregidora-amplia-movivan-mas-rutas-mas-beneficios-para-los-habitantes\/#primaryimage"},"thumbnailUrl":"https:\/\/www.nexoinformativo.mx\/wp-content\/uploads\/2024\/11\/PHOTO-2024-11-19-21-30-05-e1732110955591.jpg","keywords":["CorregidoraAvanza","MovilidadSustentable","MovivanCorregidora","TransporteGratuito"],"articleSection":["Municipios","\u00daltima Hora"],"inLanguage":"es","potentialAction":[{"@type":"CommentAction","name":"Comment","target":["https:\/\/www.nexoinformativo.mx\/index.php\/2024\/11\/20\/corregidora-amplia-movivan-mas-rutas-mas-beneficios-para-los-habitantes\/#respond"]}]},{"@type":"WebPage","@id":"https:\/\/www.nexoinformativo.mx\/index.php\/2024\/11\/20\/corregidora-amplia-movivan-mas-rutas-mas-beneficios-para-los-habitantes\/","url":"https:\/\/www.nexoinformativo.mx\/index.php\/2024\/11\/20\/corregidora-amplia-movivan-mas-rutas-mas-beneficios-para-los-habitantes\/","name":"Corregidora ampl\u00eda Movivan: M\u00e1s rutas, m\u00e1s beneficios para los habitantes | Nexo Informativo Santiago de Quer\u00e9taro","isPartOf":{"@id":"https:\/\/www.nexoinformativo.mx\/#website"},"primaryImageOfPage":{"@id":"https:\/\/www.nexoinformativo.mx\/index.php\/2024\/11\/20\/corregidora-amplia-movivan-mas-rutas-mas-beneficios-para-los-habitantes\/#primaryimage"},"image":{"@id":"https:\/\/www.nexoinformativo.mx\/index.php\/2024\/11\/20\/corregidora-amplia-movivan-mas-rutas-mas-beneficios-para-los-habitantes\/#primaryimage"},"thumbnailUrl":"https:\/\/www.nexoinformativo.mx\/wp-content\/uploads\/2024\/11\/PHOTO-2024-11-19-21-30-05-e1732110955591.jpg","datePublished":"2024-11-20T12:00:17+00:00","dateModified":"2024-11-20T13:57:00+00:00","description":"Corregidora ampl\u00eda Movivan: M\u00e1s rutas, m\u00e1s beneficios para los habitantes","breadcrumb":{"@id":"https:\/\/www.nexoinformativo.mx\/index.php\/2024\/11\/20\/corregidora-amplia-movivan-mas-rutas-mas-beneficios-para-los-habitantes\/#breadcrumb"},"inLanguage":"es","potentialAction":[{"@type":"ReadAction","target":["https:\/\/www.nexoinformativo.mx\/index.php\/2024\/11\/20\/corregidora-amplia-movivan-mas-rutas-mas-beneficios-para-los-habitantes\/"]}]},{"@type":"ImageObject","inLanguage":"es","@id":"https:\/\/www.nexoinformativo.mx\/index.php\/2024\/11\/20\/corregidora-amplia-movivan-mas-rutas-mas-beneficios-para-los-habitantes\/#primaryimage","url":"https:\/\/www.nexoinformativo.mx\/wp-content\/uploads\/2024\/11\/PHOTO-2024-11-19-21-30-05-e1732110955591.jpg","contentUrl":"https:\/\/www.nexoinformativo.mx\/wp-content\/uploads\/2024\/11\/PHOTO-2024-11-19-21-30-05-e1732110955591.jpg","width":600,"height":750},{"@type":"BreadcrumbList","@id":"https:\/\/www.nexoinformativo.mx\/index.php\/2024\/11\/20\/corregidora-amplia-movivan-mas-rutas-mas-beneficios-para-los-habitantes\/#breadcrumb","itemListElement":[{"@type":"ListItem","position":1,"name":"Inicio","item":"https:\/\/www.nexoinformativo.mx\/"},{"@type":"ListItem","position":2,"name":"Corregidora ampl\u00eda Movivan: M\u00e1s rutas, m\u00e1s beneficios para los habitantes"}]},{"@type":"WebSite","@id":"https:\/\/www.nexoinformativo.mx\/#website","url":"https:\/\/www.nexoinformativo.mx\/","name":"Nexo Informativo Santiago de Quer\u00e9taro","description":"Explora NexoInformativo y convi\u00e9rtete en parte de una comunidad que valora el conocimiento y la verdad. Tu nexoinformativo es tu puente hacia una comprensi\u00f3n m\u00e1s profunda del mundo que te rodea.","publisher":{"@id":"https:\/\/www.nexoinformativo.mx\/#organization"},"potentialAction":[{"@type":"SearchAction","target":{"@type":"EntryPoint","urlTemplate":"https:\/\/www.nexoinformativo.mx\/?s={search_term_string}"},"query-input":{"@type":"PropertyValueSpecification","valueRequired":true,"valueName":"search_term_string"}}],"inLanguage":"es"},{"@type":"Organization","@id":"https:\/\/www.nexoinformativo.mx\/#organization","name":"Nexo Informativo Santiago de Quer\u00e9taro","url":"https:\/\/www.nexoinformativo.mx\/","logo":{"@type":"ImageObject","inLanguage":"es","@id":"https:\/\/www.nexoinformativo.mx\/#\/schema\/logo\/image\/","url":"https:\/\/www.nexoinformativo.mx\/wp-content\/uploads\/2024\/07\/nexoi-trasparente-2.png","contentUrl":"https:\/\/www.nexoinformativo.mx\/wp-content\/uploads\/2024\/07\/nexoi-trasparente-2.png","width":816,"height":339,"caption":"Nexo Informativo Santiago de Quer\u00e9taro"},"image":{"@id":"https:\/\/www.nexoinformativo.mx\/#\/schema\/logo\/image\/"},"sameAs":["https:\/\/www.facebook.com\/people\/Nexo-Informativo\/61564066885511\/"]},{"@type":"Person","@id":"https:\/\/www.nexoinformativo.mx\/#\/schema\/person\/7749d380ba08c8ca00d7bc76fd907b7d","name":"Nexo Informativo","image":{"@type":"ImageObject","inLanguage":"es","@id":"https:\/\/www.nexoinformativo.mx\/#\/schema\/person\/image\/","url":"https:\/\/secure.gravatar.com\/avatar\/dde2928154642a13d95f87ddf1ea9718fe2b46760a005c53e41ff5ad610704e6?s=96&d=mm&r=g","contentUrl":"https:\/\/secure.gravatar.com\/avatar\/dde2928154642a13d95f87ddf1ea9718fe2b46760a005c53e41ff5ad610704e6?s=96&d=mm&r=g","caption":"Nexo Informativo"},"url":"https:\/\/www.nexoinformativo.mx\/index.php\/author\/edicion\/"}]}},"_links":{"self":[{"href":"https:\/\/www.nexoinformativo.mx\/index.php\/wp-json\/wp\/v2\/posts\/6441","targetHints":{"allow":["GET"]}}],"collection":[{"href":"https:\/\/www.nexoinformativo.mx\/index.php\/wp-json\/wp\/v2\/posts"}],"about":[{"href":"https:\/\/www.nexoinformativo.mx\/index.php\/wp-json\/wp\/v2\/types\/post"}],"author":[{"embeddable":true,"href":"https:\/\/www.nexoinformativo.mx\/index.php\/wp-json\/wp\/v2\/users\/3"}],"replies":[{"embeddable":true,"href":"https:\/\/www.nexoinformativo.mx\/index.php\/wp-json\/wp\/v2\/comments?post=6441"}],"version-history":[{"count":3,"href":"https:\/\/www.nexoinformativo.mx\/index.php\/wp-json\/wp\/v2\/posts\/6441\/revisions"}],"predecessor-version":[{"id":6445,"href":"https:\/\/www.nexoinformativo.mx\/index.php\/wp-json\/wp\/v2\/posts\/6441\/revisions\/6445"}],"wp:featuredmedia":[{"embeddable":true,"href":"https:\/\/www.nexoinformativo.mx\/index.php\/wp-json\/wp\/v2\/media\/6442"}],"wp:attachment":[{"href":"https:\/\/www.nexoinformativo.mx\/index.php\/wp-json\/wp\/v2\/media?parent=6441"}],"wp:term":[{"taxonomy":"category","embeddable":true,"href":"https:\/\/www.nexoinformativo.mx\/index.php\/wp-json\/wp\/v2\/categories?post=6441"},{"taxonomy":"post_tag","embeddable":true,"href":"https:\/\/www.nexoinformativo.mx\/index.php\/wp-json\/wp\/v2\/tags?post=6441"}],"curies":[{"name":"wp","href":"https:\/\/api.w.org\/{rel}","templated":true}]}}