{"id":6451,"date":"2024-11-20T07:00:16","date_gmt":"2024-11-20T13:00:16","guid":{"rendered":"https:\/\/www.nexoinformativo.mx\/?p=6451"},"modified":"2024-11-20T08:07:42","modified_gmt":"2024-11-20T14:07:42","slug":"yimpathi-abre-sus-puertas-gratis-refugio-seguro-para-quienes-mas-lo-necesitan","status":"publish","type":"post","link":"https:\/\/www.nexoinformativo.mx\/index.php\/2024\/11\/20\/yimpathi-abre-sus-puertas-gratis-refugio-seguro-para-quienes-mas-lo-necesitan\/","title":{"rendered":"Yimpath\u00ed abre sus puertas gratis: Refugio seguro para quienes m\u00e1s lo necesitan"},"content":{"rendered":"<p style=\"text-align: justify;\" data-sourcepos=\"9:1-9:353\">Ante la llegada del invierno, el Sistema Municipal DIF de Quer\u00e9taro anunci\u00f3 que el <strong>Albergue Yimpath\u00ed<\/strong> ofrecer\u00e1 sus servicios de manera gratuita a partir de noviembre de 2024 hasta febrero de 2025. Este espacio seguro y c\u00f3modo brindar\u00e1 estancia nocturna, aseo personal, cena y desayuno a todas las personas que no cuenten con un lugar para pasar la noche.<\/p>\n<p>&nbsp;<\/p>\n<p style=\"text-align: justify;\" data-sourcepos=\"11:1-11:298\">La presidenta del Patronato del SMDIF, Adriana Olvera, destac\u00f3 la importancia de este servicio, especialmente durante los meses m\u00e1s fr\u00edos del a\u00f1o. <strong>&#8220;En Yimpath\u00ed ofrecemos un hogar temporal a quienes m\u00e1s lo necesitan, brind\u00e1ndoles un lugar c\u00e1lido y seguro para descansar&#8221;<\/strong>, afirm\u00f3.<\/p>\n<p>&nbsp;<\/p>\n<p style=\"text-align: justify;\" data-sourcepos=\"13:1-13:318\">Las nuevas instalaciones del albergue, ubicadas en Avenida Universidad, cuentan con capacidad para m\u00e1s de 350 personas y ofrecen dormitorios separados para hombres, mujeres con ni\u00f1os y personas con discapacidad. Adem\u00e1s, se cuenta con un estricto protocolo de ingreso para garantizar la seguridad de todos los usuarios.<\/p>\n<p>&nbsp;<\/p>\n<p style=\"text-align: justify;\" data-sourcepos=\"15:1-15:323\">La directora general del SMDIF, Tania Ruiz, invit\u00f3 a la poblaci\u00f3n a hacer uso de este servicio y destac\u00f3 que, fuera de la temporada invernal, el albergue tiene una tarifa simb\u00f3lica. <strong>&#8220;Nuestro objetivo es brindar un servicio de calidad y garantizar el bienestar de todas las personas que acuden a Yimpath\u00ed&#8221;<\/strong>, se\u00f1al\u00f3.<\/p>\n<p>&nbsp;<\/p>\n<p style=\"text-align: center;\" data-sourcepos=\"15:1-15:323\"><em><strong>\u00a1Informaci\u00f3n que transforma!<\/strong><\/em><\/p>\n","protected":false},"excerpt":{"rendered":"<p>Ante la llegada del invierno, el Sistema Municipal DIF de Quer\u00e9taro anunci\u00f3 que el Albergue Yimpath\u00ed ofrecer\u00e1 sus servicios de manera gratuita a partir de noviembre de 2024 hasta febrero de 2025.<\/p>\n","protected":false},"author":3,"featured_media":6452,"comment_status":"open","ping_status":"open","sticky":false,"template":"","format":"standard","meta":{"footnotes":""},"categories":[65,58],"tags":[2196,2197,262,2195],"class_list":["post-6451","post","type-post","status-publish","format-standard","has-post-thumbnail","hentry","category-municipios","category-ultima-hora","tag-alberguegratuito","tag-inviernosolidario","tag-queretarosolidario","tag-yimpathi"],"yoast_head":"<!-- This site is optimized with the Yoast SEO plugin v25.0 - https:\/\/yoast.com\/wordpress\/plugins\/seo\/ -->\n<title>Yimpath\u00ed abre sus puertas gratis: Refugio seguro para quienes m\u00e1s lo necesitan | Nexo Informativo Santiago de Quer\u00e9taro<\/title>\n<meta name=\"description\" content=\"Yimpath\u00ed abre sus puertas gratis: Refugio seguro para quienes m\u00e1s lo necesitan\" \/>\n<meta name=\"robots\" content=\"index, follow, max-snippet:-1, max-image-preview:large, max-video-preview:-1\" \/>\n<link rel=\"canonical\" href=\"https:\/\/www.nexoinformativo.mx\/index.php\/2024\/11\/20\/yimpathi-abre-sus-puertas-gratis-refugio-seguro-para-quienes-mas-lo-necesitan\/\" \/>\n<meta property=\"og:locale\" content=\"es_MX\" \/>\n<meta property=\"og:type\" content=\"article\" \/>\n<meta property=\"og:title\" content=\"Yimpath\u00ed abre sus puertas gratis: Refugio seguro para quienes m\u00e1s lo necesitan | Nexo Informativo Santiago de Quer\u00e9taro\" \/>\n<meta property=\"og:description\" content=\"Yimpath\u00ed abre sus puertas gratis: Refugio seguro para quienes m\u00e1s lo necesitan\" \/>\n<meta property=\"og:url\" content=\"https:\/\/www.nexoinformativo.mx\/index.php\/2024\/11\/20\/yimpathi-abre-sus-puertas-gratis-refugio-seguro-para-quienes-mas-lo-necesitan\/\" \/>\n<meta property=\"og:site_name\" content=\"Nexo Informativo Santiago de Quer\u00e9taro\" \/>\n<meta property=\"article:publisher\" content=\"https:\/\/www.facebook.com\/people\/Nexo-Informativo\/61564066885511\/\" \/>\n<meta property=\"article:published_time\" content=\"2024-11-20T13:00:16+00:00\" \/>\n<meta property=\"article:modified_time\" content=\"2024-11-20T14:07:42+00:00\" \/>\n<meta property=\"og:image\" content=\"https:\/\/www.nexoinformativo.mx\/wp-content\/uploads\/2024\/11\/PHOTO-2024-11-19-21-36-20-e1732111598595.jpg\" \/>\n\t<meta property=\"og:image:width\" content=\"600\" \/>\n\t<meta property=\"og:image:height\" content=\"750\" \/>\n\t<meta property=\"og:image:type\" content=\"image\/jpeg\" \/>\n<meta name=\"author\" content=\"Nexo Informativo\" \/>\n<meta name=\"twitter:card\" content=\"summary_large_image\" \/>\n<meta name=\"twitter:label1\" content=\"Escrito por\" \/>\n\t<meta name=\"twitter:data1\" content=\"Nexo Informativo\" \/>\n\t<meta name=\"twitter:label2\" content=\"Tiempo de lectura\" \/>\n\t<meta name=\"twitter:data2\" content=\"2 minutos\" \/>\n<script type=\"application\/ld+json\" class=\"yoast-schema-graph\">{\"@context\":\"https:\/\/schema.org\",\"@graph\":[{\"@type\":\"Article\",\"@id\":\"https:\/\/www.nexoinformativo.mx\/index.php\/2024\/11\/20\/yimpathi-abre-sus-puertas-gratis-refugio-seguro-para-quienes-mas-lo-necesitan\/#article\",\"isPartOf\":{\"@id\":\"https:\/\/www.nexoinformativo.mx\/index.php\/2024\/11\/20\/yimpathi-abre-sus-puertas-gratis-refugio-seguro-para-quienes-mas-lo-necesitan\/\"},\"author\":{\"name\":\"Nexo Informativo\",\"@id\":\"https:\/\/www.nexoinformativo.mx\/#\/schema\/person\/7749d380ba08c8ca00d7bc76fd907b7d\"},\"headline\":\"Yimpath\u00ed abre sus puertas gratis: Refugio seguro para quienes m\u00e1s lo necesitan\",\"datePublished\":\"2024-11-20T13:00:16+00:00\",\"dateModified\":\"2024-11-20T14:07:42+00:00\",\"mainEntityOfPage\":{\"@id\":\"https:\/\/www.nexoinformativo.mx\/index.php\/2024\/11\/20\/yimpathi-abre-sus-puertas-gratis-refugio-seguro-para-quienes-mas-lo-necesitan\/\"},\"wordCount\":232,\"commentCount\":0,\"publisher\":{\"@id\":\"https:\/\/www.nexoinformativo.mx\/#organization\"},\"image\":{\"@id\":\"https:\/\/www.nexoinformativo.mx\/index.php\/2024\/11\/20\/yimpathi-abre-sus-puertas-gratis-refugio-seguro-para-quienes-mas-lo-necesitan\/#primaryimage\"},\"thumbnailUrl\":\"https:\/\/www.nexoinformativo.mx\/wp-content\/uploads\/2024\/11\/PHOTO-2024-11-19-21-36-20-e1732111598595.jpg\",\"keywords\":[\"AlbergueGratuito\",\"InviernoSolidario\",\"Queretarosolidario\",\"Yimpath\u00ed\"],\"articleSection\":[\"Municipios\",\"\u00daltima Hora\"],\"inLanguage\":\"es\",\"potentialAction\":[{\"@type\":\"CommentAction\",\"name\":\"Comment\",\"target\":[\"https:\/\/www.nexoinformativo.mx\/index.php\/2024\/11\/20\/yimpathi-abre-sus-puertas-gratis-refugio-seguro-para-quienes-mas-lo-necesitan\/#respond\"]}]},{\"@type\":\"WebPage\",\"@id\":\"https:\/\/www.nexoinformativo.mx\/index.php\/2024\/11\/20\/yimpathi-abre-sus-puertas-gratis-refugio-seguro-para-quienes-mas-lo-necesitan\/\",\"url\":\"https:\/\/www.nexoinformativo.mx\/index.php\/2024\/11\/20\/yimpathi-abre-sus-puertas-gratis-refugio-seguro-para-quienes-mas-lo-necesitan\/\",\"name\":\"Yimpath\u00ed abre sus puertas gratis: Refugio seguro para quienes m\u00e1s lo necesitan | Nexo Informativo Santiago de Quer\u00e9taro\",\"isPartOf\":{\"@id\":\"https:\/\/www.nexoinformativo.mx\/#website\"},\"primaryImageOfPage\":{\"@id\":\"https:\/\/www.nexoinformativo.mx\/index.php\/2024\/11\/20\/yimpathi-abre-sus-puertas-gratis-refugio-seguro-para-quienes-mas-lo-necesitan\/#primaryimage\"},\"image\":{\"@id\":\"https:\/\/www.nexoinformativo.mx\/index.php\/2024\/11\/20\/yimpathi-abre-sus-puertas-gratis-refugio-seguro-para-quienes-mas-lo-necesitan\/#primaryimage\"},\"thumbnailUrl\":\"https:\/\/www.nexoinformativo.mx\/wp-content\/uploads\/2024\/11\/PHOTO-2024-11-19-21-36-20-e1732111598595.jpg\",\"datePublished\":\"2024-11-20T13:00:16+00:00\",\"dateModified\":\"2024-11-20T14:07:42+00:00\",\"description\":\"Yimpath\u00ed abre sus puertas gratis: Refugio seguro para quienes m\u00e1s lo necesitan\",\"breadcrumb\":{\"@id\":\"https:\/\/www.nexoinformativo.mx\/index.php\/2024\/11\/20\/yimpathi-abre-sus-puertas-gratis-refugio-seguro-para-quienes-mas-lo-necesitan\/#breadcrumb\"},\"inLanguage\":\"es\",\"potentialAction\":[{\"@type\":\"ReadAction\",\"target\":[\"https:\/\/www.nexoinformativo.mx\/index.php\/2024\/11\/20\/yimpathi-abre-sus-puertas-gratis-refugio-seguro-para-quienes-mas-lo-necesitan\/\"]}]},{\"@type\":\"ImageObject\",\"inLanguage\":\"es\",\"@id\":\"https:\/\/www.nexoinformativo.mx\/index.php\/2024\/11\/20\/yimpathi-abre-sus-puertas-gratis-refugio-seguro-para-quienes-mas-lo-necesitan\/#primaryimage\",\"url\":\"https:\/\/www.nexoinformativo.mx\/wp-content\/uploads\/2024\/11\/PHOTO-2024-11-19-21-36-20-e1732111598595.jpg\",\"contentUrl\":\"https:\/\/www.nexoinformativo.mx\/wp-content\/uploads\/2024\/11\/PHOTO-2024-11-19-21-36-20-e1732111598595.jpg\",\"width\":600,\"height\":750},{\"@type\":\"BreadcrumbList\",\"@id\":\"https:\/\/www.nexoinformativo.mx\/index.php\/2024\/11\/20\/yimpathi-abre-sus-puertas-gratis-refugio-seguro-para-quienes-mas-lo-necesitan\/#breadcrumb\",\"itemListElement\":[{\"@type\":\"ListItem\",\"position\":1,\"name\":\"Inicio\",\"item\":\"https:\/\/www.nexoinformativo.mx\/\"},{\"@type\":\"ListItem\",\"position\":2,\"name\":\"Yimpath\u00ed abre sus puertas gratis: Refugio seguro para quienes m\u00e1s lo necesitan\"}]},{\"@type\":\"WebSite\",\"@id\":\"https:\/\/www.nexoinformativo.mx\/#website\",\"url\":\"https:\/\/www.nexoinformativo.mx\/\",\"name\":\"Nexo Informativo Santiago de Quer\u00e9taro\",\"description\":\"Explora NexoInformativo y convi\u00e9rtete en parte de una comunidad que valora el conocimiento y la verdad. Tu nexoinformativo es tu puente hacia una comprensi\u00f3n m\u00e1s profunda del mundo que te rodea.\",\"publisher\":{\"@id\":\"https:\/\/www.nexoinformativo.mx\/#organization\"},\"potentialAction\":[{\"@type\":\"SearchAction\",\"target\":{\"@type\":\"EntryPoint\",\"urlTemplate\":\"https:\/\/www.nexoinformativo.mx\/?s={search_term_string}\"},\"query-input\":{\"@type\":\"PropertyValueSpecification\",\"valueRequired\":true,\"valueName\":\"search_term_string\"}}],\"inLanguage\":\"es\"},{\"@type\":\"Organization\",\"@id\":\"https:\/\/www.nexoinformativo.mx\/#organization\",\"name\":\"Nexo Informativo Santiago de Quer\u00e9taro\",\"url\":\"https:\/\/www.nexoinformativo.mx\/\",\"logo\":{\"@type\":\"ImageObject\",\"inLanguage\":\"es\",\"@id\":\"https:\/\/www.nexoinformativo.mx\/#\/schema\/logo\/image\/\",\"url\":\"https:\/\/www.nexoinformativo.mx\/wp-content\/uploads\/2024\/07\/nexoi-trasparente-2.png\",\"contentUrl\":\"https:\/\/www.nexoinformativo.mx\/wp-content\/uploads\/2024\/07\/nexoi-trasparente-2.png\",\"width\":816,\"height\":339,\"caption\":\"Nexo Informativo Santiago de Quer\u00e9taro\"},\"image\":{\"@id\":\"https:\/\/www.nexoinformativo.mx\/#\/schema\/logo\/image\/\"},\"sameAs\":[\"https:\/\/www.facebook.com\/people\/Nexo-Informativo\/61564066885511\/\"]},{\"@type\":\"Person\",\"@id\":\"https:\/\/www.nexoinformativo.mx\/#\/schema\/person\/7749d380ba08c8ca00d7bc76fd907b7d\",\"name\":\"Nexo Informativo\",\"image\":{\"@type\":\"ImageObject\",\"inLanguage\":\"es\",\"@id\":\"https:\/\/www.nexoinformativo.mx\/#\/schema\/person\/image\/\",\"url\":\"https:\/\/secure.gravatar.com\/avatar\/dde2928154642a13d95f87ddf1ea9718fe2b46760a005c53e41ff5ad610704e6?s=96&d=mm&r=g\",\"contentUrl\":\"https:\/\/secure.gravatar.com\/avatar\/dde2928154642a13d95f87ddf1ea9718fe2b46760a005c53e41ff5ad610704e6?s=96&d=mm&r=g\",\"caption\":\"Nexo Informativo\"},\"url\":\"https:\/\/www.nexoinformativo.mx\/index.php\/author\/edicion\/\"}]}<\/script>\n<!-- \/ Yoast SEO plugin. -->","yoast_head_json":{"title":"Yimpath\u00ed abre sus puertas gratis: Refugio seguro para quienes m\u00e1s lo necesitan | Nexo Informativo Santiago de Quer\u00e9taro","description":"Yimpath\u00ed abre sus puertas gratis: Refugio seguro para quienes m\u00e1s lo necesitan","robots":{"index":"index","follow":"follow","max-snippet":"max-snippet:-1","max-image-preview":"max-image-preview:large","max-video-preview":"max-video-preview:-1"},"canonical":"https:\/\/www.nexoinformativo.mx\/index.php\/2024\/11\/20\/yimpathi-abre-sus-puertas-gratis-refugio-seguro-para-quienes-mas-lo-necesitan\/","og_locale":"es_MX","og_type":"article","og_title":"Yimpath\u00ed abre sus puertas gratis: Refugio seguro para quienes m\u00e1s lo necesitan | Nexo Informativo Santiago de Quer\u00e9taro","og_description":"Yimpath\u00ed abre sus puertas gratis: Refugio seguro para quienes m\u00e1s lo necesitan","og_url":"https:\/\/www.nexoinformativo.mx\/index.php\/2024\/11\/20\/yimpathi-abre-sus-puertas-gratis-refugio-seguro-para-quienes-mas-lo-necesitan\/","og_site_name":"Nexo Informativo Santiago de Quer\u00e9taro","article_publisher":"https:\/\/www.facebook.com\/people\/Nexo-Informativo\/61564066885511\/","article_published_time":"2024-11-20T13:00:16+00:00","article_modified_time":"2024-11-20T14:07:42+00:00","og_image":[{"width":600,"height":750,"url":"https:\/\/www.nexoinformativo.mx\/wp-content\/uploads\/2024\/11\/PHOTO-2024-11-19-21-36-20-e1732111598595.jpg","type":"image\/jpeg"}],"author":"Nexo Informativo","twitter_card":"summary_large_image","twitter_misc":{"Escrito por":"Nexo Informativo","Tiempo de lectura":"2 minutos"},"schema":{"@context":"https:\/\/schema.org","@graph":[{"@type":"Article","@id":"https:\/\/www.nexoinformativo.mx\/index.php\/2024\/11\/20\/yimpathi-abre-sus-puertas-gratis-refugio-seguro-para-quienes-mas-lo-necesitan\/#article","isPartOf":{"@id":"https:\/\/www.nexoinformativo.mx\/index.php\/2024\/11\/20\/yimpathi-abre-sus-puertas-gratis-refugio-seguro-para-quienes-mas-lo-necesitan\/"},"author":{"name":"Nexo Informativo","@id":"https:\/\/www.nexoinformativo.mx\/#\/schema\/person\/7749d380ba08c8ca00d7bc76fd907b7d"},"headline":"Yimpath\u00ed abre sus puertas gratis: Refugio seguro para quienes m\u00e1s lo necesitan","datePublished":"2024-11-20T13:00:16+00:00","dateModified":"2024-11-20T14:07:42+00:00","mainEntityOfPage":{"@id":"https:\/\/www.nexoinformativo.mx\/index.php\/2024\/11\/20\/yimpathi-abre-sus-puertas-gratis-refugio-seguro-para-quienes-mas-lo-necesitan\/"},"wordCount":232,"commentCount":0,"publisher":{"@id":"https:\/\/www.nexoinformativo.mx\/#organization"},"image":{"@id":"https:\/\/www.nexoinformativo.mx\/index.php\/2024\/11\/20\/yimpathi-abre-sus-puertas-gratis-refugio-seguro-para-quienes-mas-lo-necesitan\/#primaryimage"},"thumbnailUrl":"https:\/\/www.nexoinformativo.mx\/wp-content\/uploads\/2024\/11\/PHOTO-2024-11-19-21-36-20-e1732111598595.jpg","keywords":["AlbergueGratuito","InviernoSolidario","Queretarosolidario","Yimpath\u00ed"],"articleSection":["Municipios","\u00daltima Hora"],"inLanguage":"es","potentialAction":[{"@type":"CommentAction","name":"Comment","target":["https:\/\/www.nexoinformativo.mx\/index.php\/2024\/11\/20\/yimpathi-abre-sus-puertas-gratis-refugio-seguro-para-quienes-mas-lo-necesitan\/#respond"]}]},{"@type":"WebPage","@id":"https:\/\/www.nexoinformativo.mx\/index.php\/2024\/11\/20\/yimpathi-abre-sus-puertas-gratis-refugio-seguro-para-quienes-mas-lo-necesitan\/","url":"https:\/\/www.nexoinformativo.mx\/index.php\/2024\/11\/20\/yimpathi-abre-sus-puertas-gratis-refugio-seguro-para-quienes-mas-lo-necesitan\/","name":"Yimpath\u00ed abre sus puertas gratis: Refugio seguro para quienes m\u00e1s lo necesitan | Nexo Informativo Santiago de Quer\u00e9taro","isPartOf":{"@id":"https:\/\/www.nexoinformativo.mx\/#website"},"primaryImageOfPage":{"@id":"https:\/\/www.nexoinformativo.mx\/index.php\/2024\/11\/20\/yimpathi-abre-sus-puertas-gratis-refugio-seguro-para-quienes-mas-lo-necesitan\/#primaryimage"},"image":{"@id":"https:\/\/www.nexoinformativo.mx\/index.php\/2024\/11\/20\/yimpathi-abre-sus-puertas-gratis-refugio-seguro-para-quienes-mas-lo-necesitan\/#primaryimage"},"thumbnailUrl":"https:\/\/www.nexoinformativo.mx\/wp-content\/uploads\/2024\/11\/PHOTO-2024-11-19-21-36-20-e1732111598595.jpg","datePublished":"2024-11-20T13:00:16+00:00","dateModified":"2024-11-20T14:07:42+00:00","description":"Yimpath\u00ed abre sus puertas gratis: Refugio seguro para quienes m\u00e1s lo necesitan","breadcrumb":{"@id":"https:\/\/www.nexoinformativo.mx\/index.php\/2024\/11\/20\/yimpathi-abre-sus-puertas-gratis-refugio-seguro-para-quienes-mas-lo-necesitan\/#breadcrumb"},"inLanguage":"es","potentialAction":[{"@type":"ReadAction","target":["https:\/\/www.nexoinformativo.mx\/index.php\/2024\/11\/20\/yimpathi-abre-sus-puertas-gratis-refugio-seguro-para-quienes-mas-lo-necesitan\/"]}]},{"@type":"ImageObject","inLanguage":"es","@id":"https:\/\/www.nexoinformativo.mx\/index.php\/2024\/11\/20\/yimpathi-abre-sus-puertas-gratis-refugio-seguro-para-quienes-mas-lo-necesitan\/#primaryimage","url":"https:\/\/www.nexoinformativo.mx\/wp-content\/uploads\/2024\/11\/PHOTO-2024-11-19-21-36-20-e1732111598595.jpg","contentUrl":"https:\/\/www.nexoinformativo.mx\/wp-content\/uploads\/2024\/11\/PHOTO-2024-11-19-21-36-20-e1732111598595.jpg","width":600,"height":750},{"@type":"BreadcrumbList","@id":"https:\/\/www.nexoinformativo.mx\/index.php\/2024\/11\/20\/yimpathi-abre-sus-puertas-gratis-refugio-seguro-para-quienes-mas-lo-necesitan\/#breadcrumb","itemListElement":[{"@type":"ListItem","position":1,"name":"Inicio","item":"https:\/\/www.nexoinformativo.mx\/"},{"@type":"ListItem","position":2,"name":"Yimpath\u00ed abre sus puertas gratis: Refugio seguro para quienes m\u00e1s lo necesitan"}]},{"@type":"WebSite","@id":"https:\/\/www.nexoinformativo.mx\/#website","url":"https:\/\/www.nexoinformativo.mx\/","name":"Nexo Informativo Santiago de Quer\u00e9taro","description":"Explora NexoInformativo y convi\u00e9rtete en parte de una comunidad que valora el conocimiento y la verdad. Tu nexoinformativo es tu puente hacia una comprensi\u00f3n m\u00e1s profunda del mundo que te rodea.","publisher":{"@id":"https:\/\/www.nexoinformativo.mx\/#organization"},"potentialAction":[{"@type":"SearchAction","target":{"@type":"EntryPoint","urlTemplate":"https:\/\/www.nexoinformativo.mx\/?s={search_term_string}"},"query-input":{"@type":"PropertyValueSpecification","valueRequired":true,"valueName":"search_term_string"}}],"inLanguage":"es"},{"@type":"Organization","@id":"https:\/\/www.nexoinformativo.mx\/#organization","name":"Nexo Informativo Santiago de Quer\u00e9taro","url":"https:\/\/www.nexoinformativo.mx\/","logo":{"@type":"ImageObject","inLanguage":"es","@id":"https:\/\/www.nexoinformativo.mx\/#\/schema\/logo\/image\/","url":"https:\/\/www.nexoinformativo.mx\/wp-content\/uploads\/2024\/07\/nexoi-trasparente-2.png","contentUrl":"https:\/\/www.nexoinformativo.mx\/wp-content\/uploads\/2024\/07\/nexoi-trasparente-2.png","width":816,"height":339,"caption":"Nexo Informativo Santiago de Quer\u00e9taro"},"image":{"@id":"https:\/\/www.nexoinformativo.mx\/#\/schema\/logo\/image\/"},"sameAs":["https:\/\/www.facebook.com\/people\/Nexo-Informativo\/61564066885511\/"]},{"@type":"Person","@id":"https:\/\/www.nexoinformativo.mx\/#\/schema\/person\/7749d380ba08c8ca00d7bc76fd907b7d","name":"Nexo Informativo","image":{"@type":"ImageObject","inLanguage":"es","@id":"https:\/\/www.nexoinformativo.mx\/#\/schema\/person\/image\/","url":"https:\/\/secure.gravatar.com\/avatar\/dde2928154642a13d95f87ddf1ea9718fe2b46760a005c53e41ff5ad610704e6?s=96&d=mm&r=g","contentUrl":"https:\/\/secure.gravatar.com\/avatar\/dde2928154642a13d95f87ddf1ea9718fe2b46760a005c53e41ff5ad610704e6?s=96&d=mm&r=g","caption":"Nexo Informativo"},"url":"https:\/\/www.nexoinformativo.mx\/index.php\/author\/edicion\/"}]}},"_links":{"self":[{"href":"https:\/\/www.nexoinformativo.mx\/index.php\/wp-json\/wp\/v2\/posts\/6451","targetHints":{"allow":["GET"]}}],"collection":[{"href":"https:\/\/www.nexoinformativo.mx\/index.php\/wp-json\/wp\/v2\/posts"}],"about":[{"href":"https:\/\/www.nexoinformativo.mx\/index.php\/wp-json\/wp\/v2\/types\/post"}],"author":[{"embeddable":true,"href":"https:\/\/www.nexoinformativo.mx\/index.php\/wp-json\/wp\/v2\/users\/3"}],"replies":[{"embeddable":true,"href":"https:\/\/www.nexoinformativo.mx\/index.php\/wp-json\/wp\/v2\/comments?post=6451"}],"version-history":[{"count":3,"href":"https:\/\/www.nexoinformativo.mx\/index.php\/wp-json\/wp\/v2\/posts\/6451\/revisions"}],"predecessor-version":[{"id":6455,"href":"https:\/\/www.nexoinformativo.mx\/index.php\/wp-json\/wp\/v2\/posts\/6451\/revisions\/6455"}],"wp:featuredmedia":[{"embeddable":true,"href":"https:\/\/www.nexoinformativo.mx\/index.php\/wp-json\/wp\/v2\/media\/6452"}],"wp:attachment":[{"href":"https:\/\/www.nexoinformativo.mx\/index.php\/wp-json\/wp\/v2\/media?parent=6451"}],"wp:term":[{"taxonomy":"category","embeddable":true,"href":"https:\/\/www.nexoinformativo.mx\/index.php\/wp-json\/wp\/v2\/categories?post=6451"},{"taxonomy":"post_tag","embeddable":true,"href":"https:\/\/www.nexoinformativo.mx\/index.php\/wp-json\/wp\/v2\/tags?post=6451"}],"curies":[{"name":"wp","href":"https:\/\/api.w.org\/{rel}","templated":true}]}}