{"id":6461,"date":"2024-11-20T08:00:29","date_gmt":"2024-11-20T14:00:29","guid":{"rendered":"https:\/\/www.nexoinformativo.mx\/?p=6461"},"modified":"2024-11-20T10:48:46","modified_gmt":"2024-11-20T16:48:46","slug":"comienza-la-cuenta-regresiva-para-la-feria-internacional-ganadera-queretaro-2024","status":"publish","type":"post","link":"https:\/\/www.nexoinformativo.mx\/index.php\/2024\/11\/20\/comienza-la-cuenta-regresiva-para-la-feria-internacional-ganadera-queretaro-2024\/","title":{"rendered":"Comienza la cuenta regresiva para la Feria Internacional Ganadera Quer\u00e9taro 2024"},"content":{"rendered":"<p style=\"text-align: justify;\">A solo 9 d\u00edas de su inicio, la <strong>Feria Internacional Ganadera de Quer\u00e9taro<\/strong> (FIGQ2024) se prepara para recibir a m\u00e1s de 700 mil visitantes del 29 de noviembre al 15 de diciembre en el Ecocentro Expositor.<\/p>\n<p>&nbsp;<\/p>\n<p style=\"text-align: justify;\">Con una tradici\u00f3n que data de 1923, la FIGQ se posiciona como el evento m\u00e1s importante del estado, ofreciendo espect\u00e1culos, actividades culturales y una amplia exposici\u00f3n ganadera.El costo de entrada ser\u00e1 de $90 pesos por persona, con entrada gratuita para ni\u00f1os menores de un metro, adultos mayores con credencial INAPAM y personas con discapacidad.<\/p>\n<p>&nbsp;<\/p>\n<p style=\"text-align: justify;\">Este a\u00f1o, el servicio de sanitarios ser\u00e1 gratuito por primera vez. Entre las actividades sin costo destacan el show de patinaje sobre hielo Illusion on Ice, el tradicional Circo Fuentes Gasca y presentaciones de 13 artistas internacionales en el Teatro del Pueblo, como Camilo, Manuel Turizo, Wisin y Los Aguilar.<\/p>\n<p>&nbsp;<\/p>\n<p style=\"text-align: justify;\">La cartelera del Palenque incluye a Alejandro y Alex Fern\u00e1ndez, Car\u00edn Le\u00f3n, Gloria Trevi, Banda MS y Natanael Cano, entre otros. La feria contar\u00e1 con exposiciones de artesan\u00edas de los 18 municipios del estado, la muestra de productos \u201cdel campo a tu mesa\u201d, la tradicional Nave Comercial y la exposici\u00f3n de las Fuerzas Armadas. Adem\u00e1s, de lunes a mi\u00e9rcoles se ofrecer\u00e1n 30 juegos mec\u00e1nicos gratuitos.<\/p>\n<p>&nbsp;<\/p>\n<p style=\"text-align: justify;\">Las entradas y el estacionamiento estar\u00e1n disponibles en l\u00ednea a trav\u00e9s de <strong>boletiland.com<\/strong>\u00a0con promociones especiales como seis estacionamientos por $360 pesos. La FIGQ2024 busca promover el consumo regional y la gastronom\u00eda queretana, con la participaci\u00f3n de m\u00e1s de 150 productores y artesanos locales.<\/p>\n<p>&nbsp;<\/p>\n<p style=\"text-align: justify;\">Romualdo Moreno Guti\u00e9rrez, presidente de la Uni\u00f3n Ganadera Regional de Quer\u00e9taro, inform\u00f3 que se ha establecido un operativo de seguridad en coordinaci\u00f3n con la Guardia Nacional, el Ej\u00e9rcito Mexicano y corporaciones de protecci\u00f3n civil del estado y el municipio de El Marqu\u00e9s, asegurando un ambiente seguro para todas las familias asistentes.<\/p>\n<p>&nbsp;<\/p>\n<p style=\"text-align: justify;\">La FIGQ2024 incluir\u00e1 exposiciones ganaderas de ovinos, bovinos, conejos, apicultores, caballos y la tradicional Exposici\u00f3n Canina de Navidad, consolid\u00e1ndose como una de las principales atracciones del pa\u00eds.\u00a0Para m\u00e1s informaci\u00f3n, consulta las redes oficiales de la feria:\u00a0Facebook <strong>Feria de Quer\u00e9taro Oficial<\/strong> e\u00a0Instagram: <strong>@feria.ganadera.qro<\/strong><\/p>\n<p>&nbsp;<\/p>\n<p style=\"text-align: center;\"><em><strong>\u00a1Informaci\u00f3n que transforma!<\/strong><\/em><\/p>\n","protected":false},"excerpt":{"rendered":"<p>A solo 9 d\u00edas de su inicio, la Feria Internacional Ganadera de Quer\u00e9taro (FIGQ2024) se prepara para recibir a m\u00e1s de 700 mil visitantes del 29 de noviembre al 15 de diciembre en el Ecocentro Expositor. &nbsp; Con una tradici\u00f3n que data de 1923, la FIGQ se posiciona como el evento m\u00e1s importante del estado, [&hellip;]<\/p>\n","protected":false},"author":3,"featured_media":6462,"comment_status":"open","ping_status":"open","sticky":false,"template":"","format":"standard","meta":{"footnotes":""},"categories":[50,65,58],"tags":[282,2047,293,992],"class_list":["post-6461","post","type-post","status-publish","format-standard","has-post-thumbnail","hentry","category-espectaculos","category-municipios","category-ultima-hora","tag-culturaytradicion","tag-feriaqueretaro","tag-figq2024","tag-turismoqueretaro"],"yoast_head":"<!-- This site is optimized with the Yoast SEO plugin v25.0 - https:\/\/yoast.com\/wordpress\/plugins\/seo\/ -->\n<title>Comienza la cuenta regresiva para la Feria Internacional Ganadera Quer\u00e9taro 2024 | Nexo Informativo Santiago de Quer\u00e9taro<\/title>\n<meta name=\"description\" content=\"Comienza la cuenta regresiva para la Feria Internacional Ganadera Quer\u00e9taro 2024\" \/>\n<meta name=\"robots\" content=\"index, follow, max-snippet:-1, max-image-preview:large, max-video-preview:-1\" \/>\n<link rel=\"canonical\" href=\"https:\/\/www.nexoinformativo.mx\/index.php\/2024\/11\/20\/comienza-la-cuenta-regresiva-para-la-feria-internacional-ganadera-queretaro-2024\/\" \/>\n<meta property=\"og:locale\" content=\"es_MX\" \/>\n<meta property=\"og:type\" content=\"article\" \/>\n<meta property=\"og:title\" content=\"Comienza la cuenta regresiva para la Feria Internacional Ganadera Quer\u00e9taro 2024 | Nexo Informativo Santiago de Quer\u00e9taro\" \/>\n<meta property=\"og:description\" content=\"Comienza la cuenta regresiva para la Feria Internacional Ganadera Quer\u00e9taro 2024\" \/>\n<meta property=\"og:url\" content=\"https:\/\/www.nexoinformativo.mx\/index.php\/2024\/11\/20\/comienza-la-cuenta-regresiva-para-la-feria-internacional-ganadera-queretaro-2024\/\" \/>\n<meta property=\"og:site_name\" content=\"Nexo Informativo Santiago de Quer\u00e9taro\" \/>\n<meta property=\"article:publisher\" content=\"https:\/\/www.facebook.com\/people\/Nexo-Informativo\/61564066885511\/\" \/>\n<meta property=\"article:published_time\" content=\"2024-11-20T14:00:29+00:00\" \/>\n<meta property=\"article:modified_time\" content=\"2024-11-20T16:48:46+00:00\" \/>\n<meta property=\"og:image\" content=\"https:\/\/www.nexoinformativo.mx\/wp-content\/uploads\/2024\/11\/IMG_3708-e1732117506416.jpg\" \/>\n\t<meta property=\"og:image:width\" content=\"700\" \/>\n\t<meta property=\"og:image:height\" content=\"700\" \/>\n\t<meta property=\"og:image:type\" content=\"image\/jpeg\" \/>\n<meta name=\"author\" content=\"Nexo Informativo\" \/>\n<meta name=\"twitter:card\" content=\"summary_large_image\" \/>\n<meta name=\"twitter:label1\" content=\"Escrito por\" \/>\n\t<meta name=\"twitter:data1\" content=\"Nexo Informativo\" \/>\n\t<meta name=\"twitter:label2\" content=\"Tiempo de lectura\" \/>\n\t<meta name=\"twitter:data2\" content=\"2 minutos\" \/>\n<script type=\"application\/ld+json\" class=\"yoast-schema-graph\">{\"@context\":\"https:\/\/schema.org\",\"@graph\":[{\"@type\":\"Article\",\"@id\":\"https:\/\/www.nexoinformativo.mx\/index.php\/2024\/11\/20\/comienza-la-cuenta-regresiva-para-la-feria-internacional-ganadera-queretaro-2024\/#article\",\"isPartOf\":{\"@id\":\"https:\/\/www.nexoinformativo.mx\/index.php\/2024\/11\/20\/comienza-la-cuenta-regresiva-para-la-feria-internacional-ganadera-queretaro-2024\/\"},\"author\":{\"name\":\"Nexo Informativo\",\"@id\":\"https:\/\/www.nexoinformativo.mx\/#\/schema\/person\/7749d380ba08c8ca00d7bc76fd907b7d\"},\"headline\":\"Comienza la cuenta regresiva para la Feria Internacional Ganadera Quer\u00e9taro 2024\",\"datePublished\":\"2024-11-20T14:00:29+00:00\",\"dateModified\":\"2024-11-20T16:48:46+00:00\",\"mainEntityOfPage\":{\"@id\":\"https:\/\/www.nexoinformativo.mx\/index.php\/2024\/11\/20\/comienza-la-cuenta-regresiva-para-la-feria-internacional-ganadera-queretaro-2024\/\"},\"wordCount\":397,\"commentCount\":0,\"publisher\":{\"@id\":\"https:\/\/www.nexoinformativo.mx\/#organization\"},\"image\":{\"@id\":\"https:\/\/www.nexoinformativo.mx\/index.php\/2024\/11\/20\/comienza-la-cuenta-regresiva-para-la-feria-internacional-ganadera-queretaro-2024\/#primaryimage\"},\"thumbnailUrl\":\"https:\/\/www.nexoinformativo.mx\/wp-content\/uploads\/2024\/11\/IMG_3708-e1732117506416.jpg\",\"keywords\":[\"CulturayTradicion\",\"FeriaQueretaro\",\"FIGQ2024\",\"TurismoQuer\u00e9taro\"],\"articleSection\":[\"Espect\u00e1culos\",\"Municipios\",\"\u00daltima Hora\"],\"inLanguage\":\"es\",\"potentialAction\":[{\"@type\":\"CommentAction\",\"name\":\"Comment\",\"target\":[\"https:\/\/www.nexoinformativo.mx\/index.php\/2024\/11\/20\/comienza-la-cuenta-regresiva-para-la-feria-internacional-ganadera-queretaro-2024\/#respond\"]}]},{\"@type\":\"WebPage\",\"@id\":\"https:\/\/www.nexoinformativo.mx\/index.php\/2024\/11\/20\/comienza-la-cuenta-regresiva-para-la-feria-internacional-ganadera-queretaro-2024\/\",\"url\":\"https:\/\/www.nexoinformativo.mx\/index.php\/2024\/11\/20\/comienza-la-cuenta-regresiva-para-la-feria-internacional-ganadera-queretaro-2024\/\",\"name\":\"Comienza la cuenta regresiva para la Feria Internacional Ganadera Quer\u00e9taro 2024 | Nexo Informativo Santiago de Quer\u00e9taro\",\"isPartOf\":{\"@id\":\"https:\/\/www.nexoinformativo.mx\/#website\"},\"primaryImageOfPage\":{\"@id\":\"https:\/\/www.nexoinformativo.mx\/index.php\/2024\/11\/20\/comienza-la-cuenta-regresiva-para-la-feria-internacional-ganadera-queretaro-2024\/#primaryimage\"},\"image\":{\"@id\":\"https:\/\/www.nexoinformativo.mx\/index.php\/2024\/11\/20\/comienza-la-cuenta-regresiva-para-la-feria-internacional-ganadera-queretaro-2024\/#primaryimage\"},\"thumbnailUrl\":\"https:\/\/www.nexoinformativo.mx\/wp-content\/uploads\/2024\/11\/IMG_3708-e1732117506416.jpg\",\"datePublished\":\"2024-11-20T14:00:29+00:00\",\"dateModified\":\"2024-11-20T16:48:46+00:00\",\"description\":\"Comienza la cuenta regresiva para la Feria Internacional Ganadera Quer\u00e9taro 2024\",\"breadcrumb\":{\"@id\":\"https:\/\/www.nexoinformativo.mx\/index.php\/2024\/11\/20\/comienza-la-cuenta-regresiva-para-la-feria-internacional-ganadera-queretaro-2024\/#breadcrumb\"},\"inLanguage\":\"es\",\"potentialAction\":[{\"@type\":\"ReadAction\",\"target\":[\"https:\/\/www.nexoinformativo.mx\/index.php\/2024\/11\/20\/comienza-la-cuenta-regresiva-para-la-feria-internacional-ganadera-queretaro-2024\/\"]}]},{\"@type\":\"ImageObject\",\"inLanguage\":\"es\",\"@id\":\"https:\/\/www.nexoinformativo.mx\/index.php\/2024\/11\/20\/comienza-la-cuenta-regresiva-para-la-feria-internacional-ganadera-queretaro-2024\/#primaryimage\",\"url\":\"https:\/\/www.nexoinformativo.mx\/wp-content\/uploads\/2024\/11\/IMG_3708-e1732117506416.jpg\",\"contentUrl\":\"https:\/\/www.nexoinformativo.mx\/wp-content\/uploads\/2024\/11\/IMG_3708-e1732117506416.jpg\",\"width\":700,\"height\":700},{\"@type\":\"BreadcrumbList\",\"@id\":\"https:\/\/www.nexoinformativo.mx\/index.php\/2024\/11\/20\/comienza-la-cuenta-regresiva-para-la-feria-internacional-ganadera-queretaro-2024\/#breadcrumb\",\"itemListElement\":[{\"@type\":\"ListItem\",\"position\":1,\"name\":\"Inicio\",\"item\":\"https:\/\/www.nexoinformativo.mx\/\"},{\"@type\":\"ListItem\",\"position\":2,\"name\":\"Comienza la cuenta regresiva para la Feria Internacional Ganadera Quer\u00e9taro 2024\"}]},{\"@type\":\"WebSite\",\"@id\":\"https:\/\/www.nexoinformativo.mx\/#website\",\"url\":\"https:\/\/www.nexoinformativo.mx\/\",\"name\":\"Nexo Informativo Santiago de Quer\u00e9taro\",\"description\":\"Explora NexoInformativo y convi\u00e9rtete en parte de una comunidad que valora el conocimiento y la verdad. Tu nexoinformativo es tu puente hacia una comprensi\u00f3n m\u00e1s profunda del mundo que te rodea.\",\"publisher\":{\"@id\":\"https:\/\/www.nexoinformativo.mx\/#organization\"},\"potentialAction\":[{\"@type\":\"SearchAction\",\"target\":{\"@type\":\"EntryPoint\",\"urlTemplate\":\"https:\/\/www.nexoinformativo.mx\/?s={search_term_string}\"},\"query-input\":{\"@type\":\"PropertyValueSpecification\",\"valueRequired\":true,\"valueName\":\"search_term_string\"}}],\"inLanguage\":\"es\"},{\"@type\":\"Organization\",\"@id\":\"https:\/\/www.nexoinformativo.mx\/#organization\",\"name\":\"Nexo Informativo Santiago de Quer\u00e9taro\",\"url\":\"https:\/\/www.nexoinformativo.mx\/\",\"logo\":{\"@type\":\"ImageObject\",\"inLanguage\":\"es\",\"@id\":\"https:\/\/www.nexoinformativo.mx\/#\/schema\/logo\/image\/\",\"url\":\"https:\/\/www.nexoinformativo.mx\/wp-content\/uploads\/2024\/07\/nexoi-trasparente-2.png\",\"contentUrl\":\"https:\/\/www.nexoinformativo.mx\/wp-content\/uploads\/2024\/07\/nexoi-trasparente-2.png\",\"width\":816,\"height\":339,\"caption\":\"Nexo Informativo Santiago de Quer\u00e9taro\"},\"image\":{\"@id\":\"https:\/\/www.nexoinformativo.mx\/#\/schema\/logo\/image\/\"},\"sameAs\":[\"https:\/\/www.facebook.com\/people\/Nexo-Informativo\/61564066885511\/\"]},{\"@type\":\"Person\",\"@id\":\"https:\/\/www.nexoinformativo.mx\/#\/schema\/person\/7749d380ba08c8ca00d7bc76fd907b7d\",\"name\":\"Nexo Informativo\",\"image\":{\"@type\":\"ImageObject\",\"inLanguage\":\"es\",\"@id\":\"https:\/\/www.nexoinformativo.mx\/#\/schema\/person\/image\/\",\"url\":\"https:\/\/secure.gravatar.com\/avatar\/dde2928154642a13d95f87ddf1ea9718fe2b46760a005c53e41ff5ad610704e6?s=96&d=mm&r=g\",\"contentUrl\":\"https:\/\/secure.gravatar.com\/avatar\/dde2928154642a13d95f87ddf1ea9718fe2b46760a005c53e41ff5ad610704e6?s=96&d=mm&r=g\",\"caption\":\"Nexo Informativo\"},\"url\":\"https:\/\/www.nexoinformativo.mx\/index.php\/author\/edicion\/\"}]}<\/script>\n<!-- \/ Yoast SEO plugin. -->","yoast_head_json":{"title":"Comienza la cuenta regresiva para la Feria Internacional Ganadera Quer\u00e9taro 2024 | Nexo Informativo Santiago de Quer\u00e9taro","description":"Comienza la cuenta regresiva para la Feria Internacional Ganadera Quer\u00e9taro 2024","robots":{"index":"index","follow":"follow","max-snippet":"max-snippet:-1","max-image-preview":"max-image-preview:large","max-video-preview":"max-video-preview:-1"},"canonical":"https:\/\/www.nexoinformativo.mx\/index.php\/2024\/11\/20\/comienza-la-cuenta-regresiva-para-la-feria-internacional-ganadera-queretaro-2024\/","og_locale":"es_MX","og_type":"article","og_title":"Comienza la cuenta regresiva para la Feria Internacional Ganadera Quer\u00e9taro 2024 | Nexo Informativo Santiago de Quer\u00e9taro","og_description":"Comienza la cuenta regresiva para la Feria Internacional Ganadera Quer\u00e9taro 2024","og_url":"https:\/\/www.nexoinformativo.mx\/index.php\/2024\/11\/20\/comienza-la-cuenta-regresiva-para-la-feria-internacional-ganadera-queretaro-2024\/","og_site_name":"Nexo Informativo Santiago de Quer\u00e9taro","article_publisher":"https:\/\/www.facebook.com\/people\/Nexo-Informativo\/61564066885511\/","article_published_time":"2024-11-20T14:00:29+00:00","article_modified_time":"2024-11-20T16:48:46+00:00","og_image":[{"width":700,"height":700,"url":"https:\/\/www.nexoinformativo.mx\/wp-content\/uploads\/2024\/11\/IMG_3708-e1732117506416.jpg","type":"image\/jpeg"}],"author":"Nexo Informativo","twitter_card":"summary_large_image","twitter_misc":{"Escrito por":"Nexo Informativo","Tiempo de lectura":"2 minutos"},"schema":{"@context":"https:\/\/schema.org","@graph":[{"@type":"Article","@id":"https:\/\/www.nexoinformativo.mx\/index.php\/2024\/11\/20\/comienza-la-cuenta-regresiva-para-la-feria-internacional-ganadera-queretaro-2024\/#article","isPartOf":{"@id":"https:\/\/www.nexoinformativo.mx\/index.php\/2024\/11\/20\/comienza-la-cuenta-regresiva-para-la-feria-internacional-ganadera-queretaro-2024\/"},"author":{"name":"Nexo Informativo","@id":"https:\/\/www.nexoinformativo.mx\/#\/schema\/person\/7749d380ba08c8ca00d7bc76fd907b7d"},"headline":"Comienza la cuenta regresiva para la Feria Internacional Ganadera Quer\u00e9taro 2024","datePublished":"2024-11-20T14:00:29+00:00","dateModified":"2024-11-20T16:48:46+00:00","mainEntityOfPage":{"@id":"https:\/\/www.nexoinformativo.mx\/index.php\/2024\/11\/20\/comienza-la-cuenta-regresiva-para-la-feria-internacional-ganadera-queretaro-2024\/"},"wordCount":397,"commentCount":0,"publisher":{"@id":"https:\/\/www.nexoinformativo.mx\/#organization"},"image":{"@id":"https:\/\/www.nexoinformativo.mx\/index.php\/2024\/11\/20\/comienza-la-cuenta-regresiva-para-la-feria-internacional-ganadera-queretaro-2024\/#primaryimage"},"thumbnailUrl":"https:\/\/www.nexoinformativo.mx\/wp-content\/uploads\/2024\/11\/IMG_3708-e1732117506416.jpg","keywords":["CulturayTradicion","FeriaQueretaro","FIGQ2024","TurismoQuer\u00e9taro"],"articleSection":["Espect\u00e1culos","Municipios","\u00daltima Hora"],"inLanguage":"es","potentialAction":[{"@type":"CommentAction","name":"Comment","target":["https:\/\/www.nexoinformativo.mx\/index.php\/2024\/11\/20\/comienza-la-cuenta-regresiva-para-la-feria-internacional-ganadera-queretaro-2024\/#respond"]}]},{"@type":"WebPage","@id":"https:\/\/www.nexoinformativo.mx\/index.php\/2024\/11\/20\/comienza-la-cuenta-regresiva-para-la-feria-internacional-ganadera-queretaro-2024\/","url":"https:\/\/www.nexoinformativo.mx\/index.php\/2024\/11\/20\/comienza-la-cuenta-regresiva-para-la-feria-internacional-ganadera-queretaro-2024\/","name":"Comienza la cuenta regresiva para la Feria Internacional Ganadera Quer\u00e9taro 2024 | Nexo Informativo Santiago de Quer\u00e9taro","isPartOf":{"@id":"https:\/\/www.nexoinformativo.mx\/#website"},"primaryImageOfPage":{"@id":"https:\/\/www.nexoinformativo.mx\/index.php\/2024\/11\/20\/comienza-la-cuenta-regresiva-para-la-feria-internacional-ganadera-queretaro-2024\/#primaryimage"},"image":{"@id":"https:\/\/www.nexoinformativo.mx\/index.php\/2024\/11\/20\/comienza-la-cuenta-regresiva-para-la-feria-internacional-ganadera-queretaro-2024\/#primaryimage"},"thumbnailUrl":"https:\/\/www.nexoinformativo.mx\/wp-content\/uploads\/2024\/11\/IMG_3708-e1732117506416.jpg","datePublished":"2024-11-20T14:00:29+00:00","dateModified":"2024-11-20T16:48:46+00:00","description":"Comienza la cuenta regresiva para la Feria Internacional Ganadera Quer\u00e9taro 2024","breadcrumb":{"@id":"https:\/\/www.nexoinformativo.mx\/index.php\/2024\/11\/20\/comienza-la-cuenta-regresiva-para-la-feria-internacional-ganadera-queretaro-2024\/#breadcrumb"},"inLanguage":"es","potentialAction":[{"@type":"ReadAction","target":["https:\/\/www.nexoinformativo.mx\/index.php\/2024\/11\/20\/comienza-la-cuenta-regresiva-para-la-feria-internacional-ganadera-queretaro-2024\/"]}]},{"@type":"ImageObject","inLanguage":"es","@id":"https:\/\/www.nexoinformativo.mx\/index.php\/2024\/11\/20\/comienza-la-cuenta-regresiva-para-la-feria-internacional-ganadera-queretaro-2024\/#primaryimage","url":"https:\/\/www.nexoinformativo.mx\/wp-content\/uploads\/2024\/11\/IMG_3708-e1732117506416.jpg","contentUrl":"https:\/\/www.nexoinformativo.mx\/wp-content\/uploads\/2024\/11\/IMG_3708-e1732117506416.jpg","width":700,"height":700},{"@type":"BreadcrumbList","@id":"https:\/\/www.nexoinformativo.mx\/index.php\/2024\/11\/20\/comienza-la-cuenta-regresiva-para-la-feria-internacional-ganadera-queretaro-2024\/#breadcrumb","itemListElement":[{"@type":"ListItem","position":1,"name":"Inicio","item":"https:\/\/www.nexoinformativo.mx\/"},{"@type":"ListItem","position":2,"name":"Comienza la cuenta regresiva para la Feria Internacional Ganadera Quer\u00e9taro 2024"}]},{"@type":"WebSite","@id":"https:\/\/www.nexoinformativo.mx\/#website","url":"https:\/\/www.nexoinformativo.mx\/","name":"Nexo Informativo Santiago de Quer\u00e9taro","description":"Explora NexoInformativo y convi\u00e9rtete en parte de una comunidad que valora el conocimiento y la verdad. Tu nexoinformativo es tu puente hacia una comprensi\u00f3n m\u00e1s profunda del mundo que te rodea.","publisher":{"@id":"https:\/\/www.nexoinformativo.mx\/#organization"},"potentialAction":[{"@type":"SearchAction","target":{"@type":"EntryPoint","urlTemplate":"https:\/\/www.nexoinformativo.mx\/?s={search_term_string}"},"query-input":{"@type":"PropertyValueSpecification","valueRequired":true,"valueName":"search_term_string"}}],"inLanguage":"es"},{"@type":"Organization","@id":"https:\/\/www.nexoinformativo.mx\/#organization","name":"Nexo Informativo Santiago de Quer\u00e9taro","url":"https:\/\/www.nexoinformativo.mx\/","logo":{"@type":"ImageObject","inLanguage":"es","@id":"https:\/\/www.nexoinformativo.mx\/#\/schema\/logo\/image\/","url":"https:\/\/www.nexoinformativo.mx\/wp-content\/uploads\/2024\/07\/nexoi-trasparente-2.png","contentUrl":"https:\/\/www.nexoinformativo.mx\/wp-content\/uploads\/2024\/07\/nexoi-trasparente-2.png","width":816,"height":339,"caption":"Nexo Informativo Santiago de Quer\u00e9taro"},"image":{"@id":"https:\/\/www.nexoinformativo.mx\/#\/schema\/logo\/image\/"},"sameAs":["https:\/\/www.facebook.com\/people\/Nexo-Informativo\/61564066885511\/"]},{"@type":"Person","@id":"https:\/\/www.nexoinformativo.mx\/#\/schema\/person\/7749d380ba08c8ca00d7bc76fd907b7d","name":"Nexo Informativo","image":{"@type":"ImageObject","inLanguage":"es","@id":"https:\/\/www.nexoinformativo.mx\/#\/schema\/person\/image\/","url":"https:\/\/secure.gravatar.com\/avatar\/dde2928154642a13d95f87ddf1ea9718fe2b46760a005c53e41ff5ad610704e6?s=96&d=mm&r=g","contentUrl":"https:\/\/secure.gravatar.com\/avatar\/dde2928154642a13d95f87ddf1ea9718fe2b46760a005c53e41ff5ad610704e6?s=96&d=mm&r=g","caption":"Nexo Informativo"},"url":"https:\/\/www.nexoinformativo.mx\/index.php\/author\/edicion\/"}]}},"_links":{"self":[{"href":"https:\/\/www.nexoinformativo.mx\/index.php\/wp-json\/wp\/v2\/posts\/6461","targetHints":{"allow":["GET"]}}],"collection":[{"href":"https:\/\/www.nexoinformativo.mx\/index.php\/wp-json\/wp\/v2\/posts"}],"about":[{"href":"https:\/\/www.nexoinformativo.mx\/index.php\/wp-json\/wp\/v2\/types\/post"}],"author":[{"embeddable":true,"href":"https:\/\/www.nexoinformativo.mx\/index.php\/wp-json\/wp\/v2\/users\/3"}],"replies":[{"embeddable":true,"href":"https:\/\/www.nexoinformativo.mx\/index.php\/wp-json\/wp\/v2\/comments?post=6461"}],"version-history":[{"count":3,"href":"https:\/\/www.nexoinformativo.mx\/index.php\/wp-json\/wp\/v2\/posts\/6461\/revisions"}],"predecessor-version":[{"id":6465,"href":"https:\/\/www.nexoinformativo.mx\/index.php\/wp-json\/wp\/v2\/posts\/6461\/revisions\/6465"}],"wp:featuredmedia":[{"embeddable":true,"href":"https:\/\/www.nexoinformativo.mx\/index.php\/wp-json\/wp\/v2\/media\/6462"}],"wp:attachment":[{"href":"https:\/\/www.nexoinformativo.mx\/index.php\/wp-json\/wp\/v2\/media?parent=6461"}],"wp:term":[{"taxonomy":"category","embeddable":true,"href":"https:\/\/www.nexoinformativo.mx\/index.php\/wp-json\/wp\/v2\/categories?post=6461"},{"taxonomy":"post_tag","embeddable":true,"href":"https:\/\/www.nexoinformativo.mx\/index.php\/wp-json\/wp\/v2\/tags?post=6461"}],"curies":[{"name":"wp","href":"https:\/\/api.w.org\/{rel}","templated":true}]}}