{"id":6486,"date":"2024-11-20T11:15:24","date_gmt":"2024-11-20T17:15:24","guid":{"rendered":"https:\/\/www.nexoinformativo.mx\/?p=6486"},"modified":"2024-11-20T13:07:31","modified_gmt":"2024-11-20T19:07:31","slug":"mexico-avanza-en-la-proteccion-de-la-protesta-social-gobierno-federal-presenta-nuevo-protocolo","status":"publish","type":"post","link":"https:\/\/www.nexoinformativo.mx\/index.php\/2024\/11\/20\/mexico-avanza-en-la-proteccion-de-la-protesta-social-gobierno-federal-presenta-nuevo-protocolo\/","title":{"rendered":"M\u00e9xico avanza en la protecci\u00f3n de la protesta social: Gobierno federal presenta nuevo protocolo"},"content":{"rendered":"<p style=\"text-align: justify;\" data-sourcepos=\"9:1-9:465\">La Secretar\u00eda de Gobernaci\u00f3n (Segob) llev\u00f3 a cabo la Tercera Sesi\u00f3n 2024 de la Agenda Nacional de Coordinaci\u00f3n en Derechos Humanos, donde se present\u00f3 un nuevo protocolo tipo para la atenci\u00f3n de la protesta social.<\/p>\n<p>&nbsp;<\/p>\n<p style=\"text-align: justify;\" data-sourcepos=\"9:1-9:465\">Este documento, avalado por organismos internacionales y elaborado con la participaci\u00f3n de expertos y organizaciones civiles, busca garantizar el derecho a la manifestaci\u00f3n pac\u00edfica y prevenir el uso excesivo de la fuerza por parte de las autoridades.<\/p>\n<p>&nbsp;<\/p>\n<p style=\"text-align: justify;\" data-sourcepos=\"11:1-11:407\">La secretaria de Gobernaci\u00f3n, Rosa Icela Rodr\u00edguez, destac\u00f3 la importancia de este protocolo, el cual se basa en las experiencias exitosas de la Ciudad de M\u00e9xico y busca ser adoptado por todas las entidades federativas.<\/p>\n<p>&nbsp;<\/p>\n<p style=\"text-align: justify;\" data-sourcepos=\"11:1-11:407\"><strong>&#8220;Con este protocolo, estamos dando un paso importante hacia la construcci\u00f3n de un M\u00e9xico donde se respeten los derechos humanos y se garantice la libertad de expresi\u00f3n&#8221;<\/strong>, afirm\u00f3.<\/p>\n<p>&nbsp;<\/p>\n<p style=\"text-align: justify;\" data-sourcepos=\"13:1-13:350\">Durante la reuni\u00f3n, los secretarios de gobierno de todo el pa\u00eds tuvieron la oportunidad de conocer a detalle el contenido del protocolo y plantear sus dudas y sugerencias.<\/p>\n<p>&nbsp;<\/p>\n<p style=\"text-align: justify;\" data-sourcepos=\"13:1-13:350\">Adem\u00e1s, se llevaron a cabo mesas de trabajo para abordar temas como la b\u00fasqueda de personas desaparecidas, la prevenci\u00f3n de la discriminaci\u00f3n y la atenci\u00f3n a grupos prioritarios.<\/p>\n<p>&nbsp;<\/p>\n<p style=\"text-align: center;\" data-sourcepos=\"13:1-13:350\"><em><strong>\u00a1Informaci\u00f3n que transforma!<\/strong><\/em><\/p>\n","protected":false},"excerpt":{"rendered":"<p>La Secretar\u00eda de Gobernaci\u00f3n (Segob) llev\u00f3 a cabo la Tercera Sesi\u00f3n 2024 de la Agenda Nacional de Coordinaci\u00f3n en Derechos Humanos, donde se present\u00f3 un nuevo protocolo tipo para la atenci\u00f3n de la protesta social.<\/p>\n","protected":false},"author":3,"featured_media":6487,"comment_status":"open","ping_status":"open","sticky":false,"template":"","format":"standard","meta":{"footnotes":""},"categories":[88,58],"tags":[2213,499,2212,2214],"class_list":["post-6486","post","type-post","status-publish","format-standard","has-post-thumbnail","hentry","category-nacional","category-ultima-hora","tag-agendanacional","tag-derechoshumanos","tag-protestasocial","tag-segob"],"yoast_head":"<!-- This site is optimized with the Yoast SEO plugin v25.0 - https:\/\/yoast.com\/wordpress\/plugins\/seo\/ -->\n<title>M\u00e9xico avanza en la protecci\u00f3n de la protesta social: Gobierno federal presenta nuevo protocolo | Nexo Informativo Santiago de Quer\u00e9taro<\/title>\n<meta name=\"description\" content=\"M\u00e9xico avanza en la protecci\u00f3n de la protesta social: Gobierno federal presenta nuevo protocolo\" \/>\n<meta name=\"robots\" content=\"index, follow, max-snippet:-1, max-image-preview:large, max-video-preview:-1\" \/>\n<link rel=\"canonical\" href=\"https:\/\/www.nexoinformativo.mx\/index.php\/2024\/11\/20\/mexico-avanza-en-la-proteccion-de-la-protesta-social-gobierno-federal-presenta-nuevo-protocolo\/\" \/>\n<meta property=\"og:locale\" content=\"es_MX\" \/>\n<meta property=\"og:type\" content=\"article\" \/>\n<meta property=\"og:title\" content=\"M\u00e9xico avanza en la protecci\u00f3n de la protesta social: Gobierno federal presenta nuevo protocolo | Nexo Informativo Santiago de Quer\u00e9taro\" \/>\n<meta property=\"og:description\" content=\"M\u00e9xico avanza en la protecci\u00f3n de la protesta social: Gobierno federal presenta nuevo protocolo\" \/>\n<meta property=\"og:url\" content=\"https:\/\/www.nexoinformativo.mx\/index.php\/2024\/11\/20\/mexico-avanza-en-la-proteccion-de-la-protesta-social-gobierno-federal-presenta-nuevo-protocolo\/\" \/>\n<meta property=\"og:site_name\" content=\"Nexo Informativo Santiago de Quer\u00e9taro\" \/>\n<meta property=\"article:publisher\" content=\"https:\/\/www.facebook.com\/people\/Nexo-Informativo\/61564066885511\/\" \/>\n<meta property=\"article:published_time\" content=\"2024-11-20T17:15:24+00:00\" \/>\n<meta property=\"article:modified_time\" content=\"2024-11-20T19:07:31+00:00\" \/>\n<meta property=\"og:image\" content=\"https:\/\/www.nexoinformativo.mx\/wp-content\/uploads\/2024\/11\/IMG_7992-scaled-e1732128338290.jpg\" \/>\n\t<meta property=\"og:image:width\" content=\"700\" \/>\n\t<meta property=\"og:image:height\" content=\"467\" \/>\n\t<meta property=\"og:image:type\" content=\"image\/jpeg\" \/>\n<meta name=\"author\" content=\"Nexo Informativo\" \/>\n<meta name=\"twitter:card\" content=\"summary_large_image\" \/>\n<meta name=\"twitter:label1\" content=\"Escrito por\" \/>\n\t<meta name=\"twitter:data1\" content=\"Nexo Informativo\" \/>\n\t<meta name=\"twitter:label2\" content=\"Tiempo de lectura\" \/>\n\t<meta name=\"twitter:data2\" content=\"2 minutos\" \/>\n<script type=\"application\/ld+json\" class=\"yoast-schema-graph\">{\"@context\":\"https:\/\/schema.org\",\"@graph\":[{\"@type\":\"Article\",\"@id\":\"https:\/\/www.nexoinformativo.mx\/index.php\/2024\/11\/20\/mexico-avanza-en-la-proteccion-de-la-protesta-social-gobierno-federal-presenta-nuevo-protocolo\/#article\",\"isPartOf\":{\"@id\":\"https:\/\/www.nexoinformativo.mx\/index.php\/2024\/11\/20\/mexico-avanza-en-la-proteccion-de-la-protesta-social-gobierno-federal-presenta-nuevo-protocolo\/\"},\"author\":{\"name\":\"Nexo Informativo\",\"@id\":\"https:\/\/www.nexoinformativo.mx\/#\/schema\/person\/7749d380ba08c8ca00d7bc76fd907b7d\"},\"headline\":\"M\u00e9xico avanza en la protecci\u00f3n de la protesta social: Gobierno federal presenta nuevo protocolo\",\"datePublished\":\"2024-11-20T17:15:24+00:00\",\"dateModified\":\"2024-11-20T19:07:31+00:00\",\"mainEntityOfPage\":{\"@id\":\"https:\/\/www.nexoinformativo.mx\/index.php\/2024\/11\/20\/mexico-avanza-en-la-proteccion-de-la-protesta-social-gobierno-federal-presenta-nuevo-protocolo\/\"},\"wordCount\":237,\"commentCount\":0,\"publisher\":{\"@id\":\"https:\/\/www.nexoinformativo.mx\/#organization\"},\"image\":{\"@id\":\"https:\/\/www.nexoinformativo.mx\/index.php\/2024\/11\/20\/mexico-avanza-en-la-proteccion-de-la-protesta-social-gobierno-federal-presenta-nuevo-protocolo\/#primaryimage\"},\"thumbnailUrl\":\"https:\/\/www.nexoinformativo.mx\/wp-content\/uploads\/2024\/11\/IMG_7992-scaled-e1732128338290.jpg\",\"keywords\":[\"AgendaNacional\",\"DerechosHumanos\",\"ProtestaSocial\",\"Segob\"],\"articleSection\":[\"Nacional\",\"\u00daltima Hora\"],\"inLanguage\":\"es\",\"potentialAction\":[{\"@type\":\"CommentAction\",\"name\":\"Comment\",\"target\":[\"https:\/\/www.nexoinformativo.mx\/index.php\/2024\/11\/20\/mexico-avanza-en-la-proteccion-de-la-protesta-social-gobierno-federal-presenta-nuevo-protocolo\/#respond\"]}]},{\"@type\":\"WebPage\",\"@id\":\"https:\/\/www.nexoinformativo.mx\/index.php\/2024\/11\/20\/mexico-avanza-en-la-proteccion-de-la-protesta-social-gobierno-federal-presenta-nuevo-protocolo\/\",\"url\":\"https:\/\/www.nexoinformativo.mx\/index.php\/2024\/11\/20\/mexico-avanza-en-la-proteccion-de-la-protesta-social-gobierno-federal-presenta-nuevo-protocolo\/\",\"name\":\"M\u00e9xico avanza en la protecci\u00f3n de la protesta social: Gobierno federal presenta nuevo protocolo | Nexo Informativo Santiago de Quer\u00e9taro\",\"isPartOf\":{\"@id\":\"https:\/\/www.nexoinformativo.mx\/#website\"},\"primaryImageOfPage\":{\"@id\":\"https:\/\/www.nexoinformativo.mx\/index.php\/2024\/11\/20\/mexico-avanza-en-la-proteccion-de-la-protesta-social-gobierno-federal-presenta-nuevo-protocolo\/#primaryimage\"},\"image\":{\"@id\":\"https:\/\/www.nexoinformativo.mx\/index.php\/2024\/11\/20\/mexico-avanza-en-la-proteccion-de-la-protesta-social-gobierno-federal-presenta-nuevo-protocolo\/#primaryimage\"},\"thumbnailUrl\":\"https:\/\/www.nexoinformativo.mx\/wp-content\/uploads\/2024\/11\/IMG_7992-scaled-e1732128338290.jpg\",\"datePublished\":\"2024-11-20T17:15:24+00:00\",\"dateModified\":\"2024-11-20T19:07:31+00:00\",\"description\":\"M\u00e9xico avanza en la protecci\u00f3n de la protesta social: Gobierno federal presenta nuevo protocolo\",\"breadcrumb\":{\"@id\":\"https:\/\/www.nexoinformativo.mx\/index.php\/2024\/11\/20\/mexico-avanza-en-la-proteccion-de-la-protesta-social-gobierno-federal-presenta-nuevo-protocolo\/#breadcrumb\"},\"inLanguage\":\"es\",\"potentialAction\":[{\"@type\":\"ReadAction\",\"target\":[\"https:\/\/www.nexoinformativo.mx\/index.php\/2024\/11\/20\/mexico-avanza-en-la-proteccion-de-la-protesta-social-gobierno-federal-presenta-nuevo-protocolo\/\"]}]},{\"@type\":\"ImageObject\",\"inLanguage\":\"es\",\"@id\":\"https:\/\/www.nexoinformativo.mx\/index.php\/2024\/11\/20\/mexico-avanza-en-la-proteccion-de-la-protesta-social-gobierno-federal-presenta-nuevo-protocolo\/#primaryimage\",\"url\":\"https:\/\/www.nexoinformativo.mx\/wp-content\/uploads\/2024\/11\/IMG_7992-scaled-e1732128338290.jpg\",\"contentUrl\":\"https:\/\/www.nexoinformativo.mx\/wp-content\/uploads\/2024\/11\/IMG_7992-scaled-e1732128338290.jpg\",\"width\":700,\"height\":467},{\"@type\":\"BreadcrumbList\",\"@id\":\"https:\/\/www.nexoinformativo.mx\/index.php\/2024\/11\/20\/mexico-avanza-en-la-proteccion-de-la-protesta-social-gobierno-federal-presenta-nuevo-protocolo\/#breadcrumb\",\"itemListElement\":[{\"@type\":\"ListItem\",\"position\":1,\"name\":\"Inicio\",\"item\":\"https:\/\/www.nexoinformativo.mx\/\"},{\"@type\":\"ListItem\",\"position\":2,\"name\":\"M\u00e9xico avanza en la protecci\u00f3n de la protesta social: Gobierno federal presenta nuevo protocolo\"}]},{\"@type\":\"WebSite\",\"@id\":\"https:\/\/www.nexoinformativo.mx\/#website\",\"url\":\"https:\/\/www.nexoinformativo.mx\/\",\"name\":\"Nexo Informativo Santiago de Quer\u00e9taro\",\"description\":\"Explora NexoInformativo y convi\u00e9rtete en parte de una comunidad que valora el conocimiento y la verdad. Tu nexoinformativo es tu puente hacia una comprensi\u00f3n m\u00e1s profunda del mundo que te rodea.\",\"publisher\":{\"@id\":\"https:\/\/www.nexoinformativo.mx\/#organization\"},\"potentialAction\":[{\"@type\":\"SearchAction\",\"target\":{\"@type\":\"EntryPoint\",\"urlTemplate\":\"https:\/\/www.nexoinformativo.mx\/?s={search_term_string}\"},\"query-input\":{\"@type\":\"PropertyValueSpecification\",\"valueRequired\":true,\"valueName\":\"search_term_string\"}}],\"inLanguage\":\"es\"},{\"@type\":\"Organization\",\"@id\":\"https:\/\/www.nexoinformativo.mx\/#organization\",\"name\":\"Nexo Informativo Santiago de Quer\u00e9taro\",\"url\":\"https:\/\/www.nexoinformativo.mx\/\",\"logo\":{\"@type\":\"ImageObject\",\"inLanguage\":\"es\",\"@id\":\"https:\/\/www.nexoinformativo.mx\/#\/schema\/logo\/image\/\",\"url\":\"https:\/\/www.nexoinformativo.mx\/wp-content\/uploads\/2024\/07\/nexoi-trasparente-2.png\",\"contentUrl\":\"https:\/\/www.nexoinformativo.mx\/wp-content\/uploads\/2024\/07\/nexoi-trasparente-2.png\",\"width\":816,\"height\":339,\"caption\":\"Nexo Informativo Santiago de Quer\u00e9taro\"},\"image\":{\"@id\":\"https:\/\/www.nexoinformativo.mx\/#\/schema\/logo\/image\/\"},\"sameAs\":[\"https:\/\/www.facebook.com\/people\/Nexo-Informativo\/61564066885511\/\"]},{\"@type\":\"Person\",\"@id\":\"https:\/\/www.nexoinformativo.mx\/#\/schema\/person\/7749d380ba08c8ca00d7bc76fd907b7d\",\"name\":\"Nexo Informativo\",\"image\":{\"@type\":\"ImageObject\",\"inLanguage\":\"es\",\"@id\":\"https:\/\/www.nexoinformativo.mx\/#\/schema\/person\/image\/\",\"url\":\"https:\/\/secure.gravatar.com\/avatar\/dde2928154642a13d95f87ddf1ea9718fe2b46760a005c53e41ff5ad610704e6?s=96&d=mm&r=g\",\"contentUrl\":\"https:\/\/secure.gravatar.com\/avatar\/dde2928154642a13d95f87ddf1ea9718fe2b46760a005c53e41ff5ad610704e6?s=96&d=mm&r=g\",\"caption\":\"Nexo Informativo\"},\"url\":\"https:\/\/www.nexoinformativo.mx\/index.php\/author\/edicion\/\"}]}<\/script>\n<!-- \/ Yoast SEO plugin. -->","yoast_head_json":{"title":"M\u00e9xico avanza en la protecci\u00f3n de la protesta social: Gobierno federal presenta nuevo protocolo | Nexo Informativo Santiago de Quer\u00e9taro","description":"M\u00e9xico avanza en la protecci\u00f3n de la protesta social: Gobierno federal presenta nuevo protocolo","robots":{"index":"index","follow":"follow","max-snippet":"max-snippet:-1","max-image-preview":"max-image-preview:large","max-video-preview":"max-video-preview:-1"},"canonical":"https:\/\/www.nexoinformativo.mx\/index.php\/2024\/11\/20\/mexico-avanza-en-la-proteccion-de-la-protesta-social-gobierno-federal-presenta-nuevo-protocolo\/","og_locale":"es_MX","og_type":"article","og_title":"M\u00e9xico avanza en la protecci\u00f3n de la protesta social: Gobierno federal presenta nuevo protocolo | Nexo Informativo Santiago de Quer\u00e9taro","og_description":"M\u00e9xico avanza en la protecci\u00f3n de la protesta social: Gobierno federal presenta nuevo protocolo","og_url":"https:\/\/www.nexoinformativo.mx\/index.php\/2024\/11\/20\/mexico-avanza-en-la-proteccion-de-la-protesta-social-gobierno-federal-presenta-nuevo-protocolo\/","og_site_name":"Nexo Informativo Santiago de Quer\u00e9taro","article_publisher":"https:\/\/www.facebook.com\/people\/Nexo-Informativo\/61564066885511\/","article_published_time":"2024-11-20T17:15:24+00:00","article_modified_time":"2024-11-20T19:07:31+00:00","og_image":[{"width":700,"height":467,"url":"https:\/\/www.nexoinformativo.mx\/wp-content\/uploads\/2024\/11\/IMG_7992-scaled-e1732128338290.jpg","type":"image\/jpeg"}],"author":"Nexo Informativo","twitter_card":"summary_large_image","twitter_misc":{"Escrito por":"Nexo Informativo","Tiempo de lectura":"2 minutos"},"schema":{"@context":"https:\/\/schema.org","@graph":[{"@type":"Article","@id":"https:\/\/www.nexoinformativo.mx\/index.php\/2024\/11\/20\/mexico-avanza-en-la-proteccion-de-la-protesta-social-gobierno-federal-presenta-nuevo-protocolo\/#article","isPartOf":{"@id":"https:\/\/www.nexoinformativo.mx\/index.php\/2024\/11\/20\/mexico-avanza-en-la-proteccion-de-la-protesta-social-gobierno-federal-presenta-nuevo-protocolo\/"},"author":{"name":"Nexo Informativo","@id":"https:\/\/www.nexoinformativo.mx\/#\/schema\/person\/7749d380ba08c8ca00d7bc76fd907b7d"},"headline":"M\u00e9xico avanza en la protecci\u00f3n de la protesta social: Gobierno federal presenta nuevo protocolo","datePublished":"2024-11-20T17:15:24+00:00","dateModified":"2024-11-20T19:07:31+00:00","mainEntityOfPage":{"@id":"https:\/\/www.nexoinformativo.mx\/index.php\/2024\/11\/20\/mexico-avanza-en-la-proteccion-de-la-protesta-social-gobierno-federal-presenta-nuevo-protocolo\/"},"wordCount":237,"commentCount":0,"publisher":{"@id":"https:\/\/www.nexoinformativo.mx\/#organization"},"image":{"@id":"https:\/\/www.nexoinformativo.mx\/index.php\/2024\/11\/20\/mexico-avanza-en-la-proteccion-de-la-protesta-social-gobierno-federal-presenta-nuevo-protocolo\/#primaryimage"},"thumbnailUrl":"https:\/\/www.nexoinformativo.mx\/wp-content\/uploads\/2024\/11\/IMG_7992-scaled-e1732128338290.jpg","keywords":["AgendaNacional","DerechosHumanos","ProtestaSocial","Segob"],"articleSection":["Nacional","\u00daltima Hora"],"inLanguage":"es","potentialAction":[{"@type":"CommentAction","name":"Comment","target":["https:\/\/www.nexoinformativo.mx\/index.php\/2024\/11\/20\/mexico-avanza-en-la-proteccion-de-la-protesta-social-gobierno-federal-presenta-nuevo-protocolo\/#respond"]}]},{"@type":"WebPage","@id":"https:\/\/www.nexoinformativo.mx\/index.php\/2024\/11\/20\/mexico-avanza-en-la-proteccion-de-la-protesta-social-gobierno-federal-presenta-nuevo-protocolo\/","url":"https:\/\/www.nexoinformativo.mx\/index.php\/2024\/11\/20\/mexico-avanza-en-la-proteccion-de-la-protesta-social-gobierno-federal-presenta-nuevo-protocolo\/","name":"M\u00e9xico avanza en la protecci\u00f3n de la protesta social: Gobierno federal presenta nuevo protocolo | Nexo Informativo Santiago de Quer\u00e9taro","isPartOf":{"@id":"https:\/\/www.nexoinformativo.mx\/#website"},"primaryImageOfPage":{"@id":"https:\/\/www.nexoinformativo.mx\/index.php\/2024\/11\/20\/mexico-avanza-en-la-proteccion-de-la-protesta-social-gobierno-federal-presenta-nuevo-protocolo\/#primaryimage"},"image":{"@id":"https:\/\/www.nexoinformativo.mx\/index.php\/2024\/11\/20\/mexico-avanza-en-la-proteccion-de-la-protesta-social-gobierno-federal-presenta-nuevo-protocolo\/#primaryimage"},"thumbnailUrl":"https:\/\/www.nexoinformativo.mx\/wp-content\/uploads\/2024\/11\/IMG_7992-scaled-e1732128338290.jpg","datePublished":"2024-11-20T17:15:24+00:00","dateModified":"2024-11-20T19:07:31+00:00","description":"M\u00e9xico avanza en la protecci\u00f3n de la protesta social: Gobierno federal presenta nuevo protocolo","breadcrumb":{"@id":"https:\/\/www.nexoinformativo.mx\/index.php\/2024\/11\/20\/mexico-avanza-en-la-proteccion-de-la-protesta-social-gobierno-federal-presenta-nuevo-protocolo\/#breadcrumb"},"inLanguage":"es","potentialAction":[{"@type":"ReadAction","target":["https:\/\/www.nexoinformativo.mx\/index.php\/2024\/11\/20\/mexico-avanza-en-la-proteccion-de-la-protesta-social-gobierno-federal-presenta-nuevo-protocolo\/"]}]},{"@type":"ImageObject","inLanguage":"es","@id":"https:\/\/www.nexoinformativo.mx\/index.php\/2024\/11\/20\/mexico-avanza-en-la-proteccion-de-la-protesta-social-gobierno-federal-presenta-nuevo-protocolo\/#primaryimage","url":"https:\/\/www.nexoinformativo.mx\/wp-content\/uploads\/2024\/11\/IMG_7992-scaled-e1732128338290.jpg","contentUrl":"https:\/\/www.nexoinformativo.mx\/wp-content\/uploads\/2024\/11\/IMG_7992-scaled-e1732128338290.jpg","width":700,"height":467},{"@type":"BreadcrumbList","@id":"https:\/\/www.nexoinformativo.mx\/index.php\/2024\/11\/20\/mexico-avanza-en-la-proteccion-de-la-protesta-social-gobierno-federal-presenta-nuevo-protocolo\/#breadcrumb","itemListElement":[{"@type":"ListItem","position":1,"name":"Inicio","item":"https:\/\/www.nexoinformativo.mx\/"},{"@type":"ListItem","position":2,"name":"M\u00e9xico avanza en la protecci\u00f3n de la protesta social: Gobierno federal presenta nuevo protocolo"}]},{"@type":"WebSite","@id":"https:\/\/www.nexoinformativo.mx\/#website","url":"https:\/\/www.nexoinformativo.mx\/","name":"Nexo Informativo Santiago de Quer\u00e9taro","description":"Explora NexoInformativo y convi\u00e9rtete en parte de una comunidad que valora el conocimiento y la verdad. Tu nexoinformativo es tu puente hacia una comprensi\u00f3n m\u00e1s profunda del mundo que te rodea.","publisher":{"@id":"https:\/\/www.nexoinformativo.mx\/#organization"},"potentialAction":[{"@type":"SearchAction","target":{"@type":"EntryPoint","urlTemplate":"https:\/\/www.nexoinformativo.mx\/?s={search_term_string}"},"query-input":{"@type":"PropertyValueSpecification","valueRequired":true,"valueName":"search_term_string"}}],"inLanguage":"es"},{"@type":"Organization","@id":"https:\/\/www.nexoinformativo.mx\/#organization","name":"Nexo Informativo Santiago de Quer\u00e9taro","url":"https:\/\/www.nexoinformativo.mx\/","logo":{"@type":"ImageObject","inLanguage":"es","@id":"https:\/\/www.nexoinformativo.mx\/#\/schema\/logo\/image\/","url":"https:\/\/www.nexoinformativo.mx\/wp-content\/uploads\/2024\/07\/nexoi-trasparente-2.png","contentUrl":"https:\/\/www.nexoinformativo.mx\/wp-content\/uploads\/2024\/07\/nexoi-trasparente-2.png","width":816,"height":339,"caption":"Nexo Informativo Santiago de Quer\u00e9taro"},"image":{"@id":"https:\/\/www.nexoinformativo.mx\/#\/schema\/logo\/image\/"},"sameAs":["https:\/\/www.facebook.com\/people\/Nexo-Informativo\/61564066885511\/"]},{"@type":"Person","@id":"https:\/\/www.nexoinformativo.mx\/#\/schema\/person\/7749d380ba08c8ca00d7bc76fd907b7d","name":"Nexo Informativo","image":{"@type":"ImageObject","inLanguage":"es","@id":"https:\/\/www.nexoinformativo.mx\/#\/schema\/person\/image\/","url":"https:\/\/secure.gravatar.com\/avatar\/dde2928154642a13d95f87ddf1ea9718fe2b46760a005c53e41ff5ad610704e6?s=96&d=mm&r=g","contentUrl":"https:\/\/secure.gravatar.com\/avatar\/dde2928154642a13d95f87ddf1ea9718fe2b46760a005c53e41ff5ad610704e6?s=96&d=mm&r=g","caption":"Nexo Informativo"},"url":"https:\/\/www.nexoinformativo.mx\/index.php\/author\/edicion\/"}]}},"_links":{"self":[{"href":"https:\/\/www.nexoinformativo.mx\/index.php\/wp-json\/wp\/v2\/posts\/6486","targetHints":{"allow":["GET"]}}],"collection":[{"href":"https:\/\/www.nexoinformativo.mx\/index.php\/wp-json\/wp\/v2\/posts"}],"about":[{"href":"https:\/\/www.nexoinformativo.mx\/index.php\/wp-json\/wp\/v2\/types\/post"}],"author":[{"embeddable":true,"href":"https:\/\/www.nexoinformativo.mx\/index.php\/wp-json\/wp\/v2\/users\/3"}],"replies":[{"embeddable":true,"href":"https:\/\/www.nexoinformativo.mx\/index.php\/wp-json\/wp\/v2\/comments?post=6486"}],"version-history":[{"count":2,"href":"https:\/\/www.nexoinformativo.mx\/index.php\/wp-json\/wp\/v2\/posts\/6486\/revisions"}],"predecessor-version":[{"id":6489,"href":"https:\/\/www.nexoinformativo.mx\/index.php\/wp-json\/wp\/v2\/posts\/6486\/revisions\/6489"}],"wp:featuredmedia":[{"embeddable":true,"href":"https:\/\/www.nexoinformativo.mx\/index.php\/wp-json\/wp\/v2\/media\/6487"}],"wp:attachment":[{"href":"https:\/\/www.nexoinformativo.mx\/index.php\/wp-json\/wp\/v2\/media?parent=6486"}],"wp:term":[{"taxonomy":"category","embeddable":true,"href":"https:\/\/www.nexoinformativo.mx\/index.php\/wp-json\/wp\/v2\/categories?post=6486"},{"taxonomy":"post_tag","embeddable":true,"href":"https:\/\/www.nexoinformativo.mx\/index.php\/wp-json\/wp\/v2\/tags?post=6486"}],"curies":[{"name":"wp","href":"https:\/\/api.w.org\/{rel}","templated":true}]}}