{"id":6491,"date":"2024-11-20T12:00:38","date_gmt":"2024-11-20T18:00:38","guid":{"rendered":"https:\/\/www.nexoinformativo.mx\/?p=6491"},"modified":"2024-11-20T12:52:31","modified_gmt":"2024-11-20T18:52:31","slug":"atencion-adultos-mayores-abren-registro-del-19-30-de-noviembre-para-pension-del-bienestar-en-todo-el-pais","status":"publish","type":"post","link":"https:\/\/www.nexoinformativo.mx\/index.php\/2024\/11\/20\/atencion-adultos-mayores-abren-registro-del-19-30-de-noviembre-para-pension-del-bienestar-en-todo-el-pais\/","title":{"rendered":"\u00a1Atenci\u00f3n adultos mayores! Abren registro del 19-30 de Noviembre para Pensi\u00f3n del Bienestar en todo el pa\u00eds"},"content":{"rendered":"<p style=\"text-align: justify;\" data-sourcepos=\"9:1-9:327\">La Secretar\u00eda de Bienestar anunci\u00f3 que del 19 al 30 de noviembre se llevar\u00e1 a cabo el registro para incorporarse a la Pensi\u00f3n para el Bienestar de las Personas Adultas Mayores. Este programa social, impulsado por el Gobierno de M\u00e9xico, brinda un apoyo econ\u00f3mico bimestral de 6 mil pesos a todas las personas mayores de 65 a\u00f1os.<\/p>\n<p>&nbsp;<\/p>\n<p style=\"text-align: justify;\" data-sourcepos=\"11:1-11:304\">La titular de la Secretar\u00eda de Bienestar, Ariadna Montiel Reyes, invit\u00f3 a todos los adultos mayores que cumplan con los requisitos a acercarse a los m\u00f3dulos de atenci\u00f3n para realizar su tr\u00e1mite. &#8220;La pensi\u00f3n es un derecho y queremos que todas las personas mayores puedan acceder a ella&#8221;, afirm\u00f3.<\/p>\n<p>&nbsp;<\/p>\n<p style=\"text-align: justify;\" data-sourcepos=\"13:1-13:22\">\u00bfC\u00f3mo registrarse?\u00a0Para conocer la fecha y lugar de registro, las personas interesadas pueden consultar la p\u00e1gina oficial de la Secretar\u00eda de Bienestar: <strong>gob.mx\/bienestar<\/strong>.\u00a0Los m\u00f3dulos de atenci\u00f3n estar\u00e1n abiertos de lunes a s\u00e1bado, de 10:00 a 16:00 horas.<\/p>\n<p>&nbsp;<\/p>\n<p style=\"text-align: justify;\" data-sourcepos=\"17:1-17:33\">\u00bfQu\u00e9 requisitos se necesitan?<\/p>\n<ul style=\"text-align: justify;\" data-sourcepos=\"19:1-23:0\">\n<li data-sourcepos=\"19:1-19:55\">Identificaci\u00f3n oficial vigente (INE, pasaporte, etc.)<\/li>\n<li data-sourcepos=\"20:1-20:20\">Acta de nacimiento<\/li>\n<li data-sourcepos=\"21:1-21:6\">CURP<\/li>\n<li data-sourcepos=\"22:1-23:0\">Comprobante de domicilio<\/li>\n<\/ul>\n<p>&nbsp;<\/p>\n<p style=\"text-align: justify;\" data-sourcepos=\"26:1-26:268\">La Pensi\u00f3n para el Bienestar de las Personas Adultas Mayores es un programa fundamental para garantizar el bienestar de las personas mayores en M\u00e9xico. Este apoyo econ\u00f3mico les permite mejorar su calidad de vida y acceder a servicios b\u00e1sicos como salud y alimentaci\u00f3n.<\/p>\n<p>&nbsp;<\/p>\n<p style=\"text-align: center;\" data-sourcepos=\"26:1-26:268\"><em><strong>\u00a1Informaci\u00f3n que transforma!<\/strong><\/em><\/p>\n","protected":false},"excerpt":{"rendered":"<p>La Secretar\u00eda de Bienestar anunci\u00f3 que del 19 al 30 de noviembre se llevar\u00e1 a cabo el registro para incorporarse a la Pensi\u00f3n para el Bienestar de las Personas Adultas Mayores.<\/p>\n","protected":false},"author":3,"featured_media":6492,"comment_status":"open","ping_status":"open","sticky":false,"template":"","format":"standard","meta":{"footnotes":""},"categories":[88,58],"tags":[679,1535,2215,2216],"class_list":["post-6491","post","type-post","status-publish","format-standard","has-post-thumbnail","hentry","category-nacional","category-ultima-hora","tag-bienestar","tag-gobiernodemexico","tag-pensionadultosmayores","tag-registropension"],"yoast_head":"<!-- This site is optimized with the Yoast SEO plugin v25.0 - https:\/\/yoast.com\/wordpress\/plugins\/seo\/ -->\n<title>\u00a1Atenci\u00f3n adultos mayores! Abren registro del 19-30 de Noviembre para Pensi\u00f3n del Bienestar en todo el pa\u00eds | Nexo Informativo Santiago de Quer\u00e9taro<\/title>\n<meta name=\"description\" content=\"\u00a1Atenci\u00f3n adultos mayores! Abren registro del 19 -30 de Noviembre para Pensi\u00f3n del Bienestar en todo el pa\u00eds\" \/>\n<meta name=\"robots\" content=\"index, follow, max-snippet:-1, max-image-preview:large, max-video-preview:-1\" \/>\n<link rel=\"canonical\" href=\"https:\/\/www.nexoinformativo.mx\/index.php\/2024\/11\/20\/atencion-adultos-mayores-abren-registro-del-19-30-de-noviembre-para-pension-del-bienestar-en-todo-el-pais\/\" \/>\n<meta property=\"og:locale\" content=\"es_MX\" \/>\n<meta property=\"og:type\" content=\"article\" \/>\n<meta property=\"og:title\" content=\"\u00a1Atenci\u00f3n adultos mayores! Abren registro del 19-30 de Noviembre para Pensi\u00f3n del Bienestar en todo el pa\u00eds | Nexo Informativo Santiago de Quer\u00e9taro\" \/>\n<meta property=\"og:description\" content=\"\u00a1Atenci\u00f3n adultos mayores! Abren registro del 19 -30 de Noviembre para Pensi\u00f3n del Bienestar en todo el pa\u00eds\" \/>\n<meta property=\"og:url\" content=\"https:\/\/www.nexoinformativo.mx\/index.php\/2024\/11\/20\/atencion-adultos-mayores-abren-registro-del-19-30-de-noviembre-para-pension-del-bienestar-en-todo-el-pais\/\" \/>\n<meta property=\"og:site_name\" content=\"Nexo Informativo Santiago de Quer\u00e9taro\" \/>\n<meta property=\"article:publisher\" content=\"https:\/\/www.facebook.com\/people\/Nexo-Informativo\/61564066885511\/\" \/>\n<meta property=\"article:published_time\" content=\"2024-11-20T18:00:38+00:00\" \/>\n<meta property=\"article:modified_time\" content=\"2024-11-20T18:52:31+00:00\" \/>\n<meta property=\"og:image\" content=\"https:\/\/www.nexoinformativo.mx\/wp-content\/uploads\/2024\/11\/IMG_7994-e1732128595232.jpg\" \/>\n\t<meta property=\"og:image:width\" content=\"650\" \/>\n\t<meta property=\"og:image:height\" content=\"824\" \/>\n\t<meta property=\"og:image:type\" content=\"image\/jpeg\" \/>\n<meta name=\"author\" content=\"Nexo Informativo\" \/>\n<meta name=\"twitter:card\" content=\"summary_large_image\" \/>\n<meta name=\"twitter:label1\" content=\"Escrito por\" \/>\n\t<meta name=\"twitter:data1\" content=\"Nexo Informativo\" \/>\n\t<meta name=\"twitter:label2\" content=\"Tiempo de lectura\" \/>\n\t<meta name=\"twitter:data2\" content=\"2 minutos\" \/>\n<script type=\"application\/ld+json\" class=\"yoast-schema-graph\">{\"@context\":\"https:\/\/schema.org\",\"@graph\":[{\"@type\":\"Article\",\"@id\":\"https:\/\/www.nexoinformativo.mx\/index.php\/2024\/11\/20\/atencion-adultos-mayores-abren-registro-del-19-30-de-noviembre-para-pension-del-bienestar-en-todo-el-pais\/#article\",\"isPartOf\":{\"@id\":\"https:\/\/www.nexoinformativo.mx\/index.php\/2024\/11\/20\/atencion-adultos-mayores-abren-registro-del-19-30-de-noviembre-para-pension-del-bienestar-en-todo-el-pais\/\"},\"author\":{\"name\":\"Nexo Informativo\",\"@id\":\"https:\/\/www.nexoinformativo.mx\/#\/schema\/person\/7749d380ba08c8ca00d7bc76fd907b7d\"},\"headline\":\"\u00a1Atenci\u00f3n adultos mayores! Abren registro del 19-30 de Noviembre para Pensi\u00f3n del Bienestar en todo el pa\u00eds\",\"datePublished\":\"2024-11-20T18:00:38+00:00\",\"dateModified\":\"2024-11-20T18:52:31+00:00\",\"mainEntityOfPage\":{\"@id\":\"https:\/\/www.nexoinformativo.mx\/index.php\/2024\/11\/20\/atencion-adultos-mayores-abren-registro-del-19-30-de-noviembre-para-pension-del-bienestar-en-todo-el-pais\/\"},\"wordCount\":253,\"commentCount\":0,\"publisher\":{\"@id\":\"https:\/\/www.nexoinformativo.mx\/#organization\"},\"image\":{\"@id\":\"https:\/\/www.nexoinformativo.mx\/index.php\/2024\/11\/20\/atencion-adultos-mayores-abren-registro-del-19-30-de-noviembre-para-pension-del-bienestar-en-todo-el-pais\/#primaryimage\"},\"thumbnailUrl\":\"https:\/\/www.nexoinformativo.mx\/wp-content\/uploads\/2024\/11\/IMG_7994-e1732128595232.jpg\",\"keywords\":[\"Bienestar\",\"GobiernoDeM\u00e9xico\",\"Pensi\u00f3nAdultosMayores\",\"RegistroPensi\u00f3n\"],\"articleSection\":[\"Nacional\",\"\u00daltima Hora\"],\"inLanguage\":\"es\",\"potentialAction\":[{\"@type\":\"CommentAction\",\"name\":\"Comment\",\"target\":[\"https:\/\/www.nexoinformativo.mx\/index.php\/2024\/11\/20\/atencion-adultos-mayores-abren-registro-del-19-30-de-noviembre-para-pension-del-bienestar-en-todo-el-pais\/#respond\"]}]},{\"@type\":\"WebPage\",\"@id\":\"https:\/\/www.nexoinformativo.mx\/index.php\/2024\/11\/20\/atencion-adultos-mayores-abren-registro-del-19-30-de-noviembre-para-pension-del-bienestar-en-todo-el-pais\/\",\"url\":\"https:\/\/www.nexoinformativo.mx\/index.php\/2024\/11\/20\/atencion-adultos-mayores-abren-registro-del-19-30-de-noviembre-para-pension-del-bienestar-en-todo-el-pais\/\",\"name\":\"\u00a1Atenci\u00f3n adultos mayores! Abren registro del 19-30 de Noviembre para Pensi\u00f3n del Bienestar en todo el pa\u00eds | Nexo Informativo Santiago de Quer\u00e9taro\",\"isPartOf\":{\"@id\":\"https:\/\/www.nexoinformativo.mx\/#website\"},\"primaryImageOfPage\":{\"@id\":\"https:\/\/www.nexoinformativo.mx\/index.php\/2024\/11\/20\/atencion-adultos-mayores-abren-registro-del-19-30-de-noviembre-para-pension-del-bienestar-en-todo-el-pais\/#primaryimage\"},\"image\":{\"@id\":\"https:\/\/www.nexoinformativo.mx\/index.php\/2024\/11\/20\/atencion-adultos-mayores-abren-registro-del-19-30-de-noviembre-para-pension-del-bienestar-en-todo-el-pais\/#primaryimage\"},\"thumbnailUrl\":\"https:\/\/www.nexoinformativo.mx\/wp-content\/uploads\/2024\/11\/IMG_7994-e1732128595232.jpg\",\"datePublished\":\"2024-11-20T18:00:38+00:00\",\"dateModified\":\"2024-11-20T18:52:31+00:00\",\"description\":\"\u00a1Atenci\u00f3n adultos mayores! Abren registro del 19 -30 de Noviembre para Pensi\u00f3n del Bienestar en todo el pa\u00eds\",\"breadcrumb\":{\"@id\":\"https:\/\/www.nexoinformativo.mx\/index.php\/2024\/11\/20\/atencion-adultos-mayores-abren-registro-del-19-30-de-noviembre-para-pension-del-bienestar-en-todo-el-pais\/#breadcrumb\"},\"inLanguage\":\"es\",\"potentialAction\":[{\"@type\":\"ReadAction\",\"target\":[\"https:\/\/www.nexoinformativo.mx\/index.php\/2024\/11\/20\/atencion-adultos-mayores-abren-registro-del-19-30-de-noviembre-para-pension-del-bienestar-en-todo-el-pais\/\"]}]},{\"@type\":\"ImageObject\",\"inLanguage\":\"es\",\"@id\":\"https:\/\/www.nexoinformativo.mx\/index.php\/2024\/11\/20\/atencion-adultos-mayores-abren-registro-del-19-30-de-noviembre-para-pension-del-bienestar-en-todo-el-pais\/#primaryimage\",\"url\":\"https:\/\/www.nexoinformativo.mx\/wp-content\/uploads\/2024\/11\/IMG_7994-e1732128595232.jpg\",\"contentUrl\":\"https:\/\/www.nexoinformativo.mx\/wp-content\/uploads\/2024\/11\/IMG_7994-e1732128595232.jpg\",\"width\":650,\"height\":824},{\"@type\":\"BreadcrumbList\",\"@id\":\"https:\/\/www.nexoinformativo.mx\/index.php\/2024\/11\/20\/atencion-adultos-mayores-abren-registro-del-19-30-de-noviembre-para-pension-del-bienestar-en-todo-el-pais\/#breadcrumb\",\"itemListElement\":[{\"@type\":\"ListItem\",\"position\":1,\"name\":\"Inicio\",\"item\":\"https:\/\/www.nexoinformativo.mx\/\"},{\"@type\":\"ListItem\",\"position\":2,\"name\":\"\u00a1Atenci\u00f3n adultos mayores! Abren registro del 19-30 de Noviembre para Pensi\u00f3n del Bienestar en todo el pa\u00eds\"}]},{\"@type\":\"WebSite\",\"@id\":\"https:\/\/www.nexoinformativo.mx\/#website\",\"url\":\"https:\/\/www.nexoinformativo.mx\/\",\"name\":\"Nexo Informativo Santiago de Quer\u00e9taro\",\"description\":\"Explora NexoInformativo y convi\u00e9rtete en parte de una comunidad que valora el conocimiento y la verdad. Tu nexoinformativo es tu puente hacia una comprensi\u00f3n m\u00e1s profunda del mundo que te rodea.\",\"publisher\":{\"@id\":\"https:\/\/www.nexoinformativo.mx\/#organization\"},\"potentialAction\":[{\"@type\":\"SearchAction\",\"target\":{\"@type\":\"EntryPoint\",\"urlTemplate\":\"https:\/\/www.nexoinformativo.mx\/?s={search_term_string}\"},\"query-input\":{\"@type\":\"PropertyValueSpecification\",\"valueRequired\":true,\"valueName\":\"search_term_string\"}}],\"inLanguage\":\"es\"},{\"@type\":\"Organization\",\"@id\":\"https:\/\/www.nexoinformativo.mx\/#organization\",\"name\":\"Nexo Informativo Santiago de Quer\u00e9taro\",\"url\":\"https:\/\/www.nexoinformativo.mx\/\",\"logo\":{\"@type\":\"ImageObject\",\"inLanguage\":\"es\",\"@id\":\"https:\/\/www.nexoinformativo.mx\/#\/schema\/logo\/image\/\",\"url\":\"https:\/\/www.nexoinformativo.mx\/wp-content\/uploads\/2024\/07\/nexoi-trasparente-2.png\",\"contentUrl\":\"https:\/\/www.nexoinformativo.mx\/wp-content\/uploads\/2024\/07\/nexoi-trasparente-2.png\",\"width\":816,\"height\":339,\"caption\":\"Nexo Informativo Santiago de Quer\u00e9taro\"},\"image\":{\"@id\":\"https:\/\/www.nexoinformativo.mx\/#\/schema\/logo\/image\/\"},\"sameAs\":[\"https:\/\/www.facebook.com\/people\/Nexo-Informativo\/61564066885511\/\"]},{\"@type\":\"Person\",\"@id\":\"https:\/\/www.nexoinformativo.mx\/#\/schema\/person\/7749d380ba08c8ca00d7bc76fd907b7d\",\"name\":\"Nexo Informativo\",\"image\":{\"@type\":\"ImageObject\",\"inLanguage\":\"es\",\"@id\":\"https:\/\/www.nexoinformativo.mx\/#\/schema\/person\/image\/\",\"url\":\"https:\/\/secure.gravatar.com\/avatar\/dde2928154642a13d95f87ddf1ea9718fe2b46760a005c53e41ff5ad610704e6?s=96&d=mm&r=g\",\"contentUrl\":\"https:\/\/secure.gravatar.com\/avatar\/dde2928154642a13d95f87ddf1ea9718fe2b46760a005c53e41ff5ad610704e6?s=96&d=mm&r=g\",\"caption\":\"Nexo Informativo\"},\"url\":\"https:\/\/www.nexoinformativo.mx\/index.php\/author\/edicion\/\"}]}<\/script>\n<!-- \/ Yoast SEO plugin. -->","yoast_head_json":{"title":"\u00a1Atenci\u00f3n adultos mayores! Abren registro del 19-30 de Noviembre para Pensi\u00f3n del Bienestar en todo el pa\u00eds | Nexo Informativo Santiago de Quer\u00e9taro","description":"\u00a1Atenci\u00f3n adultos mayores! Abren registro del 19 -30 de Noviembre para Pensi\u00f3n del Bienestar en todo el pa\u00eds","robots":{"index":"index","follow":"follow","max-snippet":"max-snippet:-1","max-image-preview":"max-image-preview:large","max-video-preview":"max-video-preview:-1"},"canonical":"https:\/\/www.nexoinformativo.mx\/index.php\/2024\/11\/20\/atencion-adultos-mayores-abren-registro-del-19-30-de-noviembre-para-pension-del-bienestar-en-todo-el-pais\/","og_locale":"es_MX","og_type":"article","og_title":"\u00a1Atenci\u00f3n adultos mayores! Abren registro del 19-30 de Noviembre para Pensi\u00f3n del Bienestar en todo el pa\u00eds | Nexo Informativo Santiago de Quer\u00e9taro","og_description":"\u00a1Atenci\u00f3n adultos mayores! Abren registro del 19 -30 de Noviembre para Pensi\u00f3n del Bienestar en todo el pa\u00eds","og_url":"https:\/\/www.nexoinformativo.mx\/index.php\/2024\/11\/20\/atencion-adultos-mayores-abren-registro-del-19-30-de-noviembre-para-pension-del-bienestar-en-todo-el-pais\/","og_site_name":"Nexo Informativo Santiago de Quer\u00e9taro","article_publisher":"https:\/\/www.facebook.com\/people\/Nexo-Informativo\/61564066885511\/","article_published_time":"2024-11-20T18:00:38+00:00","article_modified_time":"2024-11-20T18:52:31+00:00","og_image":[{"width":650,"height":824,"url":"https:\/\/www.nexoinformativo.mx\/wp-content\/uploads\/2024\/11\/IMG_7994-e1732128595232.jpg","type":"image\/jpeg"}],"author":"Nexo Informativo","twitter_card":"summary_large_image","twitter_misc":{"Escrito por":"Nexo Informativo","Tiempo de lectura":"2 minutos"},"schema":{"@context":"https:\/\/schema.org","@graph":[{"@type":"Article","@id":"https:\/\/www.nexoinformativo.mx\/index.php\/2024\/11\/20\/atencion-adultos-mayores-abren-registro-del-19-30-de-noviembre-para-pension-del-bienestar-en-todo-el-pais\/#article","isPartOf":{"@id":"https:\/\/www.nexoinformativo.mx\/index.php\/2024\/11\/20\/atencion-adultos-mayores-abren-registro-del-19-30-de-noviembre-para-pension-del-bienestar-en-todo-el-pais\/"},"author":{"name":"Nexo Informativo","@id":"https:\/\/www.nexoinformativo.mx\/#\/schema\/person\/7749d380ba08c8ca00d7bc76fd907b7d"},"headline":"\u00a1Atenci\u00f3n adultos mayores! Abren registro del 19-30 de Noviembre para Pensi\u00f3n del Bienestar en todo el pa\u00eds","datePublished":"2024-11-20T18:00:38+00:00","dateModified":"2024-11-20T18:52:31+00:00","mainEntityOfPage":{"@id":"https:\/\/www.nexoinformativo.mx\/index.php\/2024\/11\/20\/atencion-adultos-mayores-abren-registro-del-19-30-de-noviembre-para-pension-del-bienestar-en-todo-el-pais\/"},"wordCount":253,"commentCount":0,"publisher":{"@id":"https:\/\/www.nexoinformativo.mx\/#organization"},"image":{"@id":"https:\/\/www.nexoinformativo.mx\/index.php\/2024\/11\/20\/atencion-adultos-mayores-abren-registro-del-19-30-de-noviembre-para-pension-del-bienestar-en-todo-el-pais\/#primaryimage"},"thumbnailUrl":"https:\/\/www.nexoinformativo.mx\/wp-content\/uploads\/2024\/11\/IMG_7994-e1732128595232.jpg","keywords":["Bienestar","GobiernoDeM\u00e9xico","Pensi\u00f3nAdultosMayores","RegistroPensi\u00f3n"],"articleSection":["Nacional","\u00daltima Hora"],"inLanguage":"es","potentialAction":[{"@type":"CommentAction","name":"Comment","target":["https:\/\/www.nexoinformativo.mx\/index.php\/2024\/11\/20\/atencion-adultos-mayores-abren-registro-del-19-30-de-noviembre-para-pension-del-bienestar-en-todo-el-pais\/#respond"]}]},{"@type":"WebPage","@id":"https:\/\/www.nexoinformativo.mx\/index.php\/2024\/11\/20\/atencion-adultos-mayores-abren-registro-del-19-30-de-noviembre-para-pension-del-bienestar-en-todo-el-pais\/","url":"https:\/\/www.nexoinformativo.mx\/index.php\/2024\/11\/20\/atencion-adultos-mayores-abren-registro-del-19-30-de-noviembre-para-pension-del-bienestar-en-todo-el-pais\/","name":"\u00a1Atenci\u00f3n adultos mayores! Abren registro del 19-30 de Noviembre para Pensi\u00f3n del Bienestar en todo el pa\u00eds | Nexo Informativo Santiago de Quer\u00e9taro","isPartOf":{"@id":"https:\/\/www.nexoinformativo.mx\/#website"},"primaryImageOfPage":{"@id":"https:\/\/www.nexoinformativo.mx\/index.php\/2024\/11\/20\/atencion-adultos-mayores-abren-registro-del-19-30-de-noviembre-para-pension-del-bienestar-en-todo-el-pais\/#primaryimage"},"image":{"@id":"https:\/\/www.nexoinformativo.mx\/index.php\/2024\/11\/20\/atencion-adultos-mayores-abren-registro-del-19-30-de-noviembre-para-pension-del-bienestar-en-todo-el-pais\/#primaryimage"},"thumbnailUrl":"https:\/\/www.nexoinformativo.mx\/wp-content\/uploads\/2024\/11\/IMG_7994-e1732128595232.jpg","datePublished":"2024-11-20T18:00:38+00:00","dateModified":"2024-11-20T18:52:31+00:00","description":"\u00a1Atenci\u00f3n adultos mayores! Abren registro del 19 -30 de Noviembre para Pensi\u00f3n del Bienestar en todo el pa\u00eds","breadcrumb":{"@id":"https:\/\/www.nexoinformativo.mx\/index.php\/2024\/11\/20\/atencion-adultos-mayores-abren-registro-del-19-30-de-noviembre-para-pension-del-bienestar-en-todo-el-pais\/#breadcrumb"},"inLanguage":"es","potentialAction":[{"@type":"ReadAction","target":["https:\/\/www.nexoinformativo.mx\/index.php\/2024\/11\/20\/atencion-adultos-mayores-abren-registro-del-19-30-de-noviembre-para-pension-del-bienestar-en-todo-el-pais\/"]}]},{"@type":"ImageObject","inLanguage":"es","@id":"https:\/\/www.nexoinformativo.mx\/index.php\/2024\/11\/20\/atencion-adultos-mayores-abren-registro-del-19-30-de-noviembre-para-pension-del-bienestar-en-todo-el-pais\/#primaryimage","url":"https:\/\/www.nexoinformativo.mx\/wp-content\/uploads\/2024\/11\/IMG_7994-e1732128595232.jpg","contentUrl":"https:\/\/www.nexoinformativo.mx\/wp-content\/uploads\/2024\/11\/IMG_7994-e1732128595232.jpg","width":650,"height":824},{"@type":"BreadcrumbList","@id":"https:\/\/www.nexoinformativo.mx\/index.php\/2024\/11\/20\/atencion-adultos-mayores-abren-registro-del-19-30-de-noviembre-para-pension-del-bienestar-en-todo-el-pais\/#breadcrumb","itemListElement":[{"@type":"ListItem","position":1,"name":"Inicio","item":"https:\/\/www.nexoinformativo.mx\/"},{"@type":"ListItem","position":2,"name":"\u00a1Atenci\u00f3n adultos mayores! Abren registro del 19-30 de Noviembre para Pensi\u00f3n del Bienestar en todo el pa\u00eds"}]},{"@type":"WebSite","@id":"https:\/\/www.nexoinformativo.mx\/#website","url":"https:\/\/www.nexoinformativo.mx\/","name":"Nexo Informativo Santiago de Quer\u00e9taro","description":"Explora NexoInformativo y convi\u00e9rtete en parte de una comunidad que valora el conocimiento y la verdad. Tu nexoinformativo es tu puente hacia una comprensi\u00f3n m\u00e1s profunda del mundo que te rodea.","publisher":{"@id":"https:\/\/www.nexoinformativo.mx\/#organization"},"potentialAction":[{"@type":"SearchAction","target":{"@type":"EntryPoint","urlTemplate":"https:\/\/www.nexoinformativo.mx\/?s={search_term_string}"},"query-input":{"@type":"PropertyValueSpecification","valueRequired":true,"valueName":"search_term_string"}}],"inLanguage":"es"},{"@type":"Organization","@id":"https:\/\/www.nexoinformativo.mx\/#organization","name":"Nexo Informativo Santiago de Quer\u00e9taro","url":"https:\/\/www.nexoinformativo.mx\/","logo":{"@type":"ImageObject","inLanguage":"es","@id":"https:\/\/www.nexoinformativo.mx\/#\/schema\/logo\/image\/","url":"https:\/\/www.nexoinformativo.mx\/wp-content\/uploads\/2024\/07\/nexoi-trasparente-2.png","contentUrl":"https:\/\/www.nexoinformativo.mx\/wp-content\/uploads\/2024\/07\/nexoi-trasparente-2.png","width":816,"height":339,"caption":"Nexo Informativo Santiago de Quer\u00e9taro"},"image":{"@id":"https:\/\/www.nexoinformativo.mx\/#\/schema\/logo\/image\/"},"sameAs":["https:\/\/www.facebook.com\/people\/Nexo-Informativo\/61564066885511\/"]},{"@type":"Person","@id":"https:\/\/www.nexoinformativo.mx\/#\/schema\/person\/7749d380ba08c8ca00d7bc76fd907b7d","name":"Nexo Informativo","image":{"@type":"ImageObject","inLanguage":"es","@id":"https:\/\/www.nexoinformativo.mx\/#\/schema\/person\/image\/","url":"https:\/\/secure.gravatar.com\/avatar\/dde2928154642a13d95f87ddf1ea9718fe2b46760a005c53e41ff5ad610704e6?s=96&d=mm&r=g","contentUrl":"https:\/\/secure.gravatar.com\/avatar\/dde2928154642a13d95f87ddf1ea9718fe2b46760a005c53e41ff5ad610704e6?s=96&d=mm&r=g","caption":"Nexo Informativo"},"url":"https:\/\/www.nexoinformativo.mx\/index.php\/author\/edicion\/"}]}},"_links":{"self":[{"href":"https:\/\/www.nexoinformativo.mx\/index.php\/wp-json\/wp\/v2\/posts\/6491","targetHints":{"allow":["GET"]}}],"collection":[{"href":"https:\/\/www.nexoinformativo.mx\/index.php\/wp-json\/wp\/v2\/posts"}],"about":[{"href":"https:\/\/www.nexoinformativo.mx\/index.php\/wp-json\/wp\/v2\/types\/post"}],"author":[{"embeddable":true,"href":"https:\/\/www.nexoinformativo.mx\/index.php\/wp-json\/wp\/v2\/users\/3"}],"replies":[{"embeddable":true,"href":"https:\/\/www.nexoinformativo.mx\/index.php\/wp-json\/wp\/v2\/comments?post=6491"}],"version-history":[{"count":4,"href":"https:\/\/www.nexoinformativo.mx\/index.php\/wp-json\/wp\/v2\/posts\/6491\/revisions"}],"predecessor-version":[{"id":6495,"href":"https:\/\/www.nexoinformativo.mx\/index.php\/wp-json\/wp\/v2\/posts\/6491\/revisions\/6495"}],"wp:featuredmedia":[{"embeddable":true,"href":"https:\/\/www.nexoinformativo.mx\/index.php\/wp-json\/wp\/v2\/media\/6492"}],"wp:attachment":[{"href":"https:\/\/www.nexoinformativo.mx\/index.php\/wp-json\/wp\/v2\/media?parent=6491"}],"wp:term":[{"taxonomy":"category","embeddable":true,"href":"https:\/\/www.nexoinformativo.mx\/index.php\/wp-json\/wp\/v2\/categories?post=6491"},{"taxonomy":"post_tag","embeddable":true,"href":"https:\/\/www.nexoinformativo.mx\/index.php\/wp-json\/wp\/v2\/tags?post=6491"}],"curies":[{"name":"wp","href":"https:\/\/api.w.org\/{rel}","templated":true}]}}