{"id":6503,"date":"2024-11-20T12:30:29","date_gmt":"2024-11-20T18:30:29","guid":{"rendered":"https:\/\/www.nexoinformativo.mx\/?p=6503"},"modified":"2024-11-20T13:04:08","modified_gmt":"2024-11-20T19:04:08","slug":"mexico-refuerza-su-estrategia-turistica-para-impulsar-el-crecimiento-y-la-promocion-internacional","status":"publish","type":"post","link":"https:\/\/www.nexoinformativo.mx\/index.php\/2024\/11\/20\/mexico-refuerza-su-estrategia-turistica-para-impulsar-el-crecimiento-y-la-promocion-internacional\/","title":{"rendered":"M\u00e9xico refuerza su estrategia tur\u00edstica para impulsar el crecimiento y la promoci\u00f3n internacional"},"content":{"rendered":"<p style=\"text-align: justify;\" data-sourcepos=\"9:1-9:205\">La Secretar\u00eda de Turismo (Sectur) reafirm\u00f3 su compromiso con el sector tur\u00edstico mexicano al anunciar una serie de acciones para fortalecer la promoci\u00f3n de los destinos nacionales y atraer m\u00e1s visitantes.<\/p>\n<p>&nbsp;<\/p>\n<p style=\"text-align: justify;\" data-sourcepos=\"11:1-11:231\">Durante su participaci\u00f3n en la Asamblea de Hoteles de M\u00e9xico, la secretaria Josefina Rodr\u00edguez destac\u00f3 la importancia de trabajar de manera coordinada con el sector privado y los gobiernos estatales para impulsar el turismo.<\/p>\n<p>&nbsp;<\/p>\n<p style=\"text-align: justify;\" data-sourcepos=\"13:1-13:44\"><strong>Entre las acciones anunciadas se encuentran:<\/strong><\/p>\n<p style=\"text-align: justify;\"><strong>Fortalecimiento de la plataforma Visit M\u00e9xico<\/strong>: Se realizar\u00e1 una actualizaci\u00f3n de la p\u00e1gina web y las redes sociales de Visit M\u00e9xico para mejorar la promoci\u00f3n de los destinos tur\u00edsticos de M\u00e9xico a nivel internacional.<\/p>\n<p style=\"text-align: justify;\"><strong>Protocolo de alerta de viaje:<\/strong> En coordinaci\u00f3n con la Secretar\u00eda de Relaciones Exteriores, se implementar\u00e1 un protocolo para gestionar de manera efectiva las alertas de viaje emitidas por otros pa\u00edses.<\/p>\n<p style=\"text-align: justify;\"><strong>Promoci\u00f3n de eventos y festivales:<\/strong> Se impulsar\u00e1 la promoci\u00f3n de eventos culturales, gastron\u00f3micos y deportivos a nivel nacional e internacional.<\/p>\n<p style=\"text-align: justify;\"><strong>Mundial 2026:<\/strong> Se trabajar\u00e1 en conjunto con los estados sedes del Mundial 2026 para aprovechar este evento deportivo y promover los destinos tur\u00edsticos de M\u00e9xico.<\/p>\n<p>&nbsp;<\/p>\n<p style=\"text-align: justify;\" data-sourcepos=\"20:1-20:276\">&#8220;El turismo es uno de los motores mas importantes de la econom\u00eda mexicana y estamos comprometidos a seguir impuls\u00e1ndolo&#8221;, afirm\u00f3 la secretaria Josefina Rodr\u00edguez. &#8220;<strong>Queremos que M\u00e9xico sea reconocido a nivel mundial como un destino tur\u00edstico de primer nivel&#8221;<\/strong>.<\/p>\n<p>&nbsp;<\/p>\n<p style=\"text-align: center;\" data-sourcepos=\"20:1-20:276\"><em><strong>\u00a1Informaci\u00f3n que transforma!<\/strong><\/em><\/p>\n","protected":false},"excerpt":{"rendered":"<p>La Secretar\u00eda de Turismo (Sectur) reafirm\u00f3 su compromiso con el sector tur\u00edstico mexicano al anunciar una serie de acciones para fortalecer la promoci\u00f3n de los destinos nacionales y atraer m\u00e1s visitantes. &nbsp; Durante su participaci\u00f3n en la Asamblea de Hoteles de M\u00e9xico, la secretaria Josefina Rodr\u00edguez destac\u00f3 la importancia de trabajar de manera coordinada con [&hellip;]<\/p>\n","protected":false},"author":3,"featured_media":6504,"comment_status":"open","ping_status":"open","sticky":false,"template":"","format":"standard","meta":{"footnotes":""},"categories":[88,58],"tags":[2223,2222,2221,2220],"class_list":["post-6503","post","type-post","status-publish","format-standard","has-post-thumbnail","hentry","category-nacional","category-ultima-hora","tag-mundial2026","tag-promocionturistica","tag-sectur","tag-turismomexico"],"yoast_head":"<!-- This site is optimized with the Yoast SEO plugin v25.0 - https:\/\/yoast.com\/wordpress\/plugins\/seo\/ -->\n<title>M\u00e9xico refuerza su estrategia tur\u00edstica para impulsar el crecimiento y la promoci\u00f3n internacional | Nexo Informativo Santiago de Quer\u00e9taro<\/title>\n<meta name=\"description\" content=\"M\u00e9xico refuerza su estrategia tur\u00edstica para impulsar el crecimiento y la promoci\u00f3n internacional\" \/>\n<meta name=\"robots\" content=\"index, follow, max-snippet:-1, max-image-preview:large, max-video-preview:-1\" \/>\n<link rel=\"canonical\" href=\"https:\/\/www.nexoinformativo.mx\/index.php\/2024\/11\/20\/mexico-refuerza-su-estrategia-turistica-para-impulsar-el-crecimiento-y-la-promocion-internacional\/\" \/>\n<meta property=\"og:locale\" content=\"es_MX\" \/>\n<meta property=\"og:type\" content=\"article\" \/>\n<meta property=\"og:title\" content=\"M\u00e9xico refuerza su estrategia tur\u00edstica para impulsar el crecimiento y la promoci\u00f3n internacional | Nexo Informativo Santiago de Quer\u00e9taro\" \/>\n<meta property=\"og:description\" content=\"M\u00e9xico refuerza su estrategia tur\u00edstica para impulsar el crecimiento y la promoci\u00f3n internacional\" \/>\n<meta property=\"og:url\" content=\"https:\/\/www.nexoinformativo.mx\/index.php\/2024\/11\/20\/mexico-refuerza-su-estrategia-turistica-para-impulsar-el-crecimiento-y-la-promocion-internacional\/\" \/>\n<meta property=\"og:site_name\" content=\"Nexo Informativo Santiago de Quer\u00e9taro\" \/>\n<meta property=\"article:publisher\" content=\"https:\/\/www.facebook.com\/people\/Nexo-Informativo\/61564066885511\/\" \/>\n<meta property=\"article:published_time\" content=\"2024-11-20T18:30:29+00:00\" \/>\n<meta property=\"article:modified_time\" content=\"2024-11-20T19:04:08+00:00\" \/>\n<meta property=\"og:image\" content=\"https:\/\/www.nexoinformativo.mx\/wp-content\/uploads\/2024\/11\/IMG_7996.jpg\" \/>\n\t<meta property=\"og:image:width\" content=\"650\" \/>\n\t<meta property=\"og:image:height\" content=\"380\" \/>\n\t<meta property=\"og:image:type\" content=\"image\/jpeg\" \/>\n<meta name=\"author\" content=\"Nexo Informativo\" \/>\n<meta name=\"twitter:card\" content=\"summary_large_image\" \/>\n<meta name=\"twitter:label1\" content=\"Escrito por\" \/>\n\t<meta name=\"twitter:data1\" content=\"Nexo Informativo\" \/>\n\t<meta name=\"twitter:label2\" content=\"Tiempo de lectura\" \/>\n\t<meta name=\"twitter:data2\" content=\"2 minutos\" \/>\n<script type=\"application\/ld+json\" class=\"yoast-schema-graph\">{\"@context\":\"https:\/\/schema.org\",\"@graph\":[{\"@type\":\"Article\",\"@id\":\"https:\/\/www.nexoinformativo.mx\/index.php\/2024\/11\/20\/mexico-refuerza-su-estrategia-turistica-para-impulsar-el-crecimiento-y-la-promocion-internacional\/#article\",\"isPartOf\":{\"@id\":\"https:\/\/www.nexoinformativo.mx\/index.php\/2024\/11\/20\/mexico-refuerza-su-estrategia-turistica-para-impulsar-el-crecimiento-y-la-promocion-internacional\/\"},\"author\":{\"name\":\"Nexo Informativo\",\"@id\":\"https:\/\/www.nexoinformativo.mx\/#\/schema\/person\/7749d380ba08c8ca00d7bc76fd907b7d\"},\"headline\":\"M\u00e9xico refuerza su estrategia tur\u00edstica para impulsar el crecimiento y la promoci\u00f3n internacional\",\"datePublished\":\"2024-11-20T18:30:29+00:00\",\"dateModified\":\"2024-11-20T19:04:08+00:00\",\"mainEntityOfPage\":{\"@id\":\"https:\/\/www.nexoinformativo.mx\/index.php\/2024\/11\/20\/mexico-refuerza-su-estrategia-turistica-para-impulsar-el-crecimiento-y-la-promocion-internacional\/\"},\"wordCount\":268,\"commentCount\":0,\"publisher\":{\"@id\":\"https:\/\/www.nexoinformativo.mx\/#organization\"},\"image\":{\"@id\":\"https:\/\/www.nexoinformativo.mx\/index.php\/2024\/11\/20\/mexico-refuerza-su-estrategia-turistica-para-impulsar-el-crecimiento-y-la-promocion-internacional\/#primaryimage\"},\"thumbnailUrl\":\"https:\/\/www.nexoinformativo.mx\/wp-content\/uploads\/2024\/11\/IMG_7996.jpg\",\"keywords\":[\"Mundial2026\",\"Promoci\u00f3nTur\u00edstica\",\"Sectur\",\"TurismoM\u00e9xico\"],\"articleSection\":[\"Nacional\",\"\u00daltima Hora\"],\"inLanguage\":\"es\",\"potentialAction\":[{\"@type\":\"CommentAction\",\"name\":\"Comment\",\"target\":[\"https:\/\/www.nexoinformativo.mx\/index.php\/2024\/11\/20\/mexico-refuerza-su-estrategia-turistica-para-impulsar-el-crecimiento-y-la-promocion-internacional\/#respond\"]}]},{\"@type\":\"WebPage\",\"@id\":\"https:\/\/www.nexoinformativo.mx\/index.php\/2024\/11\/20\/mexico-refuerza-su-estrategia-turistica-para-impulsar-el-crecimiento-y-la-promocion-internacional\/\",\"url\":\"https:\/\/www.nexoinformativo.mx\/index.php\/2024\/11\/20\/mexico-refuerza-su-estrategia-turistica-para-impulsar-el-crecimiento-y-la-promocion-internacional\/\",\"name\":\"M\u00e9xico refuerza su estrategia tur\u00edstica para impulsar el crecimiento y la promoci\u00f3n internacional | Nexo Informativo Santiago de Quer\u00e9taro\",\"isPartOf\":{\"@id\":\"https:\/\/www.nexoinformativo.mx\/#website\"},\"primaryImageOfPage\":{\"@id\":\"https:\/\/www.nexoinformativo.mx\/index.php\/2024\/11\/20\/mexico-refuerza-su-estrategia-turistica-para-impulsar-el-crecimiento-y-la-promocion-internacional\/#primaryimage\"},\"image\":{\"@id\":\"https:\/\/www.nexoinformativo.mx\/index.php\/2024\/11\/20\/mexico-refuerza-su-estrategia-turistica-para-impulsar-el-crecimiento-y-la-promocion-internacional\/#primaryimage\"},\"thumbnailUrl\":\"https:\/\/www.nexoinformativo.mx\/wp-content\/uploads\/2024\/11\/IMG_7996.jpg\",\"datePublished\":\"2024-11-20T18:30:29+00:00\",\"dateModified\":\"2024-11-20T19:04:08+00:00\",\"description\":\"M\u00e9xico refuerza su estrategia tur\u00edstica para impulsar el crecimiento y la promoci\u00f3n internacional\",\"breadcrumb\":{\"@id\":\"https:\/\/www.nexoinformativo.mx\/index.php\/2024\/11\/20\/mexico-refuerza-su-estrategia-turistica-para-impulsar-el-crecimiento-y-la-promocion-internacional\/#breadcrumb\"},\"inLanguage\":\"es\",\"potentialAction\":[{\"@type\":\"ReadAction\",\"target\":[\"https:\/\/www.nexoinformativo.mx\/index.php\/2024\/11\/20\/mexico-refuerza-su-estrategia-turistica-para-impulsar-el-crecimiento-y-la-promocion-internacional\/\"]}]},{\"@type\":\"ImageObject\",\"inLanguage\":\"es\",\"@id\":\"https:\/\/www.nexoinformativo.mx\/index.php\/2024\/11\/20\/mexico-refuerza-su-estrategia-turistica-para-impulsar-el-crecimiento-y-la-promocion-internacional\/#primaryimage\",\"url\":\"https:\/\/www.nexoinformativo.mx\/wp-content\/uploads\/2024\/11\/IMG_7996.jpg\",\"contentUrl\":\"https:\/\/www.nexoinformativo.mx\/wp-content\/uploads\/2024\/11\/IMG_7996.jpg\",\"width\":650,\"height\":380},{\"@type\":\"BreadcrumbList\",\"@id\":\"https:\/\/www.nexoinformativo.mx\/index.php\/2024\/11\/20\/mexico-refuerza-su-estrategia-turistica-para-impulsar-el-crecimiento-y-la-promocion-internacional\/#breadcrumb\",\"itemListElement\":[{\"@type\":\"ListItem\",\"position\":1,\"name\":\"Inicio\",\"item\":\"https:\/\/www.nexoinformativo.mx\/\"},{\"@type\":\"ListItem\",\"position\":2,\"name\":\"M\u00e9xico refuerza su estrategia tur\u00edstica para impulsar el crecimiento y la promoci\u00f3n internacional\"}]},{\"@type\":\"WebSite\",\"@id\":\"https:\/\/www.nexoinformativo.mx\/#website\",\"url\":\"https:\/\/www.nexoinformativo.mx\/\",\"name\":\"Nexo Informativo Santiago de Quer\u00e9taro\",\"description\":\"Explora NexoInformativo y convi\u00e9rtete en parte de una comunidad que valora el conocimiento y la verdad. Tu nexoinformativo es tu puente hacia una comprensi\u00f3n m\u00e1s profunda del mundo que te rodea.\",\"publisher\":{\"@id\":\"https:\/\/www.nexoinformativo.mx\/#organization\"},\"potentialAction\":[{\"@type\":\"SearchAction\",\"target\":{\"@type\":\"EntryPoint\",\"urlTemplate\":\"https:\/\/www.nexoinformativo.mx\/?s={search_term_string}\"},\"query-input\":{\"@type\":\"PropertyValueSpecification\",\"valueRequired\":true,\"valueName\":\"search_term_string\"}}],\"inLanguage\":\"es\"},{\"@type\":\"Organization\",\"@id\":\"https:\/\/www.nexoinformativo.mx\/#organization\",\"name\":\"Nexo Informativo Santiago de Quer\u00e9taro\",\"url\":\"https:\/\/www.nexoinformativo.mx\/\",\"logo\":{\"@type\":\"ImageObject\",\"inLanguage\":\"es\",\"@id\":\"https:\/\/www.nexoinformativo.mx\/#\/schema\/logo\/image\/\",\"url\":\"https:\/\/www.nexoinformativo.mx\/wp-content\/uploads\/2024\/07\/nexoi-trasparente-2.png\",\"contentUrl\":\"https:\/\/www.nexoinformativo.mx\/wp-content\/uploads\/2024\/07\/nexoi-trasparente-2.png\",\"width\":816,\"height\":339,\"caption\":\"Nexo Informativo Santiago de Quer\u00e9taro\"},\"image\":{\"@id\":\"https:\/\/www.nexoinformativo.mx\/#\/schema\/logo\/image\/\"},\"sameAs\":[\"https:\/\/www.facebook.com\/people\/Nexo-Informativo\/61564066885511\/\"]},{\"@type\":\"Person\",\"@id\":\"https:\/\/www.nexoinformativo.mx\/#\/schema\/person\/7749d380ba08c8ca00d7bc76fd907b7d\",\"name\":\"Nexo Informativo\",\"image\":{\"@type\":\"ImageObject\",\"inLanguage\":\"es\",\"@id\":\"https:\/\/www.nexoinformativo.mx\/#\/schema\/person\/image\/\",\"url\":\"https:\/\/secure.gravatar.com\/avatar\/dde2928154642a13d95f87ddf1ea9718fe2b46760a005c53e41ff5ad610704e6?s=96&d=mm&r=g\",\"contentUrl\":\"https:\/\/secure.gravatar.com\/avatar\/dde2928154642a13d95f87ddf1ea9718fe2b46760a005c53e41ff5ad610704e6?s=96&d=mm&r=g\",\"caption\":\"Nexo Informativo\"},\"url\":\"https:\/\/www.nexoinformativo.mx\/index.php\/author\/edicion\/\"}]}<\/script>\n<!-- \/ Yoast SEO plugin. -->","yoast_head_json":{"title":"M\u00e9xico refuerza su estrategia tur\u00edstica para impulsar el crecimiento y la promoci\u00f3n internacional | Nexo Informativo Santiago de Quer\u00e9taro","description":"M\u00e9xico refuerza su estrategia tur\u00edstica para impulsar el crecimiento y la promoci\u00f3n internacional","robots":{"index":"index","follow":"follow","max-snippet":"max-snippet:-1","max-image-preview":"max-image-preview:large","max-video-preview":"max-video-preview:-1"},"canonical":"https:\/\/www.nexoinformativo.mx\/index.php\/2024\/11\/20\/mexico-refuerza-su-estrategia-turistica-para-impulsar-el-crecimiento-y-la-promocion-internacional\/","og_locale":"es_MX","og_type":"article","og_title":"M\u00e9xico refuerza su estrategia tur\u00edstica para impulsar el crecimiento y la promoci\u00f3n internacional | Nexo Informativo Santiago de Quer\u00e9taro","og_description":"M\u00e9xico refuerza su estrategia tur\u00edstica para impulsar el crecimiento y la promoci\u00f3n internacional","og_url":"https:\/\/www.nexoinformativo.mx\/index.php\/2024\/11\/20\/mexico-refuerza-su-estrategia-turistica-para-impulsar-el-crecimiento-y-la-promocion-internacional\/","og_site_name":"Nexo Informativo Santiago de Quer\u00e9taro","article_publisher":"https:\/\/www.facebook.com\/people\/Nexo-Informativo\/61564066885511\/","article_published_time":"2024-11-20T18:30:29+00:00","article_modified_time":"2024-11-20T19:04:08+00:00","og_image":[{"width":650,"height":380,"url":"https:\/\/www.nexoinformativo.mx\/wp-content\/uploads\/2024\/11\/IMG_7996.jpg","type":"image\/jpeg"}],"author":"Nexo Informativo","twitter_card":"summary_large_image","twitter_misc":{"Escrito por":"Nexo Informativo","Tiempo de lectura":"2 minutos"},"schema":{"@context":"https:\/\/schema.org","@graph":[{"@type":"Article","@id":"https:\/\/www.nexoinformativo.mx\/index.php\/2024\/11\/20\/mexico-refuerza-su-estrategia-turistica-para-impulsar-el-crecimiento-y-la-promocion-internacional\/#article","isPartOf":{"@id":"https:\/\/www.nexoinformativo.mx\/index.php\/2024\/11\/20\/mexico-refuerza-su-estrategia-turistica-para-impulsar-el-crecimiento-y-la-promocion-internacional\/"},"author":{"name":"Nexo Informativo","@id":"https:\/\/www.nexoinformativo.mx\/#\/schema\/person\/7749d380ba08c8ca00d7bc76fd907b7d"},"headline":"M\u00e9xico refuerza su estrategia tur\u00edstica para impulsar el crecimiento y la promoci\u00f3n internacional","datePublished":"2024-11-20T18:30:29+00:00","dateModified":"2024-11-20T19:04:08+00:00","mainEntityOfPage":{"@id":"https:\/\/www.nexoinformativo.mx\/index.php\/2024\/11\/20\/mexico-refuerza-su-estrategia-turistica-para-impulsar-el-crecimiento-y-la-promocion-internacional\/"},"wordCount":268,"commentCount":0,"publisher":{"@id":"https:\/\/www.nexoinformativo.mx\/#organization"},"image":{"@id":"https:\/\/www.nexoinformativo.mx\/index.php\/2024\/11\/20\/mexico-refuerza-su-estrategia-turistica-para-impulsar-el-crecimiento-y-la-promocion-internacional\/#primaryimage"},"thumbnailUrl":"https:\/\/www.nexoinformativo.mx\/wp-content\/uploads\/2024\/11\/IMG_7996.jpg","keywords":["Mundial2026","Promoci\u00f3nTur\u00edstica","Sectur","TurismoM\u00e9xico"],"articleSection":["Nacional","\u00daltima Hora"],"inLanguage":"es","potentialAction":[{"@type":"CommentAction","name":"Comment","target":["https:\/\/www.nexoinformativo.mx\/index.php\/2024\/11\/20\/mexico-refuerza-su-estrategia-turistica-para-impulsar-el-crecimiento-y-la-promocion-internacional\/#respond"]}]},{"@type":"WebPage","@id":"https:\/\/www.nexoinformativo.mx\/index.php\/2024\/11\/20\/mexico-refuerza-su-estrategia-turistica-para-impulsar-el-crecimiento-y-la-promocion-internacional\/","url":"https:\/\/www.nexoinformativo.mx\/index.php\/2024\/11\/20\/mexico-refuerza-su-estrategia-turistica-para-impulsar-el-crecimiento-y-la-promocion-internacional\/","name":"M\u00e9xico refuerza su estrategia tur\u00edstica para impulsar el crecimiento y la promoci\u00f3n internacional | Nexo Informativo Santiago de Quer\u00e9taro","isPartOf":{"@id":"https:\/\/www.nexoinformativo.mx\/#website"},"primaryImageOfPage":{"@id":"https:\/\/www.nexoinformativo.mx\/index.php\/2024\/11\/20\/mexico-refuerza-su-estrategia-turistica-para-impulsar-el-crecimiento-y-la-promocion-internacional\/#primaryimage"},"image":{"@id":"https:\/\/www.nexoinformativo.mx\/index.php\/2024\/11\/20\/mexico-refuerza-su-estrategia-turistica-para-impulsar-el-crecimiento-y-la-promocion-internacional\/#primaryimage"},"thumbnailUrl":"https:\/\/www.nexoinformativo.mx\/wp-content\/uploads\/2024\/11\/IMG_7996.jpg","datePublished":"2024-11-20T18:30:29+00:00","dateModified":"2024-11-20T19:04:08+00:00","description":"M\u00e9xico refuerza su estrategia tur\u00edstica para impulsar el crecimiento y la promoci\u00f3n internacional","breadcrumb":{"@id":"https:\/\/www.nexoinformativo.mx\/index.php\/2024\/11\/20\/mexico-refuerza-su-estrategia-turistica-para-impulsar-el-crecimiento-y-la-promocion-internacional\/#breadcrumb"},"inLanguage":"es","potentialAction":[{"@type":"ReadAction","target":["https:\/\/www.nexoinformativo.mx\/index.php\/2024\/11\/20\/mexico-refuerza-su-estrategia-turistica-para-impulsar-el-crecimiento-y-la-promocion-internacional\/"]}]},{"@type":"ImageObject","inLanguage":"es","@id":"https:\/\/www.nexoinformativo.mx\/index.php\/2024\/11\/20\/mexico-refuerza-su-estrategia-turistica-para-impulsar-el-crecimiento-y-la-promocion-internacional\/#primaryimage","url":"https:\/\/www.nexoinformativo.mx\/wp-content\/uploads\/2024\/11\/IMG_7996.jpg","contentUrl":"https:\/\/www.nexoinformativo.mx\/wp-content\/uploads\/2024\/11\/IMG_7996.jpg","width":650,"height":380},{"@type":"BreadcrumbList","@id":"https:\/\/www.nexoinformativo.mx\/index.php\/2024\/11\/20\/mexico-refuerza-su-estrategia-turistica-para-impulsar-el-crecimiento-y-la-promocion-internacional\/#breadcrumb","itemListElement":[{"@type":"ListItem","position":1,"name":"Inicio","item":"https:\/\/www.nexoinformativo.mx\/"},{"@type":"ListItem","position":2,"name":"M\u00e9xico refuerza su estrategia tur\u00edstica para impulsar el crecimiento y la promoci\u00f3n internacional"}]},{"@type":"WebSite","@id":"https:\/\/www.nexoinformativo.mx\/#website","url":"https:\/\/www.nexoinformativo.mx\/","name":"Nexo Informativo Santiago de Quer\u00e9taro","description":"Explora NexoInformativo y convi\u00e9rtete en parte de una comunidad que valora el conocimiento y la verdad. Tu nexoinformativo es tu puente hacia una comprensi\u00f3n m\u00e1s profunda del mundo que te rodea.","publisher":{"@id":"https:\/\/www.nexoinformativo.mx\/#organization"},"potentialAction":[{"@type":"SearchAction","target":{"@type":"EntryPoint","urlTemplate":"https:\/\/www.nexoinformativo.mx\/?s={search_term_string}"},"query-input":{"@type":"PropertyValueSpecification","valueRequired":true,"valueName":"search_term_string"}}],"inLanguage":"es"},{"@type":"Organization","@id":"https:\/\/www.nexoinformativo.mx\/#organization","name":"Nexo Informativo Santiago de Quer\u00e9taro","url":"https:\/\/www.nexoinformativo.mx\/","logo":{"@type":"ImageObject","inLanguage":"es","@id":"https:\/\/www.nexoinformativo.mx\/#\/schema\/logo\/image\/","url":"https:\/\/www.nexoinformativo.mx\/wp-content\/uploads\/2024\/07\/nexoi-trasparente-2.png","contentUrl":"https:\/\/www.nexoinformativo.mx\/wp-content\/uploads\/2024\/07\/nexoi-trasparente-2.png","width":816,"height":339,"caption":"Nexo Informativo Santiago de Quer\u00e9taro"},"image":{"@id":"https:\/\/www.nexoinformativo.mx\/#\/schema\/logo\/image\/"},"sameAs":["https:\/\/www.facebook.com\/people\/Nexo-Informativo\/61564066885511\/"]},{"@type":"Person","@id":"https:\/\/www.nexoinformativo.mx\/#\/schema\/person\/7749d380ba08c8ca00d7bc76fd907b7d","name":"Nexo Informativo","image":{"@type":"ImageObject","inLanguage":"es","@id":"https:\/\/www.nexoinformativo.mx\/#\/schema\/person\/image\/","url":"https:\/\/secure.gravatar.com\/avatar\/dde2928154642a13d95f87ddf1ea9718fe2b46760a005c53e41ff5ad610704e6?s=96&d=mm&r=g","contentUrl":"https:\/\/secure.gravatar.com\/avatar\/dde2928154642a13d95f87ddf1ea9718fe2b46760a005c53e41ff5ad610704e6?s=96&d=mm&r=g","caption":"Nexo Informativo"},"url":"https:\/\/www.nexoinformativo.mx\/index.php\/author\/edicion\/"}]}},"_links":{"self":[{"href":"https:\/\/www.nexoinformativo.mx\/index.php\/wp-json\/wp\/v2\/posts\/6503","targetHints":{"allow":["GET"]}}],"collection":[{"href":"https:\/\/www.nexoinformativo.mx\/index.php\/wp-json\/wp\/v2\/posts"}],"about":[{"href":"https:\/\/www.nexoinformativo.mx\/index.php\/wp-json\/wp\/v2\/types\/post"}],"author":[{"embeddable":true,"href":"https:\/\/www.nexoinformativo.mx\/index.php\/wp-json\/wp\/v2\/users\/3"}],"replies":[{"embeddable":true,"href":"https:\/\/www.nexoinformativo.mx\/index.php\/wp-json\/wp\/v2\/comments?post=6503"}],"version-history":[{"count":6,"href":"https:\/\/www.nexoinformativo.mx\/index.php\/wp-json\/wp\/v2\/posts\/6503\/revisions"}],"predecessor-version":[{"id":6507,"href":"https:\/\/www.nexoinformativo.mx\/index.php\/wp-json\/wp\/v2\/posts\/6503\/revisions\/6507"}],"wp:featuredmedia":[{"embeddable":true,"href":"https:\/\/www.nexoinformativo.mx\/index.php\/wp-json\/wp\/v2\/media\/6504"}],"wp:attachment":[{"href":"https:\/\/www.nexoinformativo.mx\/index.php\/wp-json\/wp\/v2\/media?parent=6503"}],"wp:term":[{"taxonomy":"category","embeddable":true,"href":"https:\/\/www.nexoinformativo.mx\/index.php\/wp-json\/wp\/v2\/categories?post=6503"},{"taxonomy":"post_tag","embeddable":true,"href":"https:\/\/www.nexoinformativo.mx\/index.php\/wp-json\/wp\/v2\/tags?post=6503"}],"curies":[{"name":"wp","href":"https:\/\/api.w.org\/{rel}","templated":true}]}}