{"id":6531,"date":"2024-11-20T14:30:44","date_gmt":"2024-11-20T20:30:44","guid":{"rendered":"https:\/\/www.nexoinformativo.mx\/?p=6531"},"modified":"2024-11-20T15:16:22","modified_gmt":"2024-11-20T21:16:22","slug":"queretaro-estrena-programa-si-choco-me-muevo-agiliza-el-transito-tras-accidentes-menores","status":"publish","type":"post","link":"https:\/\/www.nexoinformativo.mx\/index.php\/2024\/11\/20\/queretaro-estrena-programa-si-choco-me-muevo-agiliza-el-transito-tras-accidentes-menores\/","title":{"rendered":"Quer\u00e9taro estrena programa &#8220;Si Choco, Me Muevo&#8221;: Agiliza el tr\u00e1nsito tras accidentes menores"},"content":{"rendered":"<p style=\"text-align: justify;\" data-sourcepos=\"9:1-9:381\">El municipio de Quer\u00e9taro present\u00f3 el programa &#8220;Si Choco, Me Muevo&#8221;, una iniciativa que busca agilizar la liberaci\u00f3n de las vialidades en caso de accidentes menores por alcance, sin lesionados.<\/p>\n<p>&nbsp;<\/p>\n<p style=\"text-align: justify;\" data-sourcepos=\"9:1-9:381\">Este programa es resultado de un convenio entre el municipio, la Agencia de Movilidad del Estado de Quer\u00e9taro (AMEQ) y la Asociaci\u00f3n Mexicana de Instituciones de Seguros (AMIS).<\/p>\n<p>&nbsp;<\/p>\n<p style=\"text-align: justify;\" data-sourcepos=\"11:1-11:292\">El presidente municipal, Felifer Mac\u00edas, destac\u00f3 que este programa permitir\u00e1 reducir significativamente el tiempo que los veh\u00edculos obstruyen las v\u00edas tras un accidente menor. &#8220;Con este programa, estamos dando un paso importante para mejorar la movilidad en nuestra ciudad&#8221;, afirm\u00f3.<\/p>\n<p>&nbsp;<\/p>\n<p style=\"text-align: justify;\" data-sourcepos=\"13:1-13:266\">El secretario de Movilidad, Pedro \u00c1ngeles Luj\u00e1n, explic\u00f3 que los accidentes por alcance son una de las principales causas de congestionamiento vial en la ciudad.<\/p>\n<p>&nbsp;<\/p>\n<p style=\"text-align: justify;\" data-sourcepos=\"17:1-17:285\">En caso de un accidente menor por alcance, los conductores involucrados podr\u00e1n mover sus veh\u00edculos a un lugar seguro y esperar a que lleguen los ajustadores o las autoridades correspondientes. Es importante destacar que este procedimiento solo aplica cuando no hay personas lesionadas.<\/p>\n<p>&nbsp;<\/p>\n<p style=\"text-align: justify;\" data-sourcepos=\"19:1-19:28\">Beneficios del programa:<\/p>\n<ul data-sourcepos=\"21:1-24:0\">\n<li style=\"text-align: justify;\" data-sourcepos=\"21:1-21:89\">Agiliza el tr\u00e1nsito: Reduce el tiempo de obstrucci\u00f3n de las v\u00edas tras un accidente.<\/li>\n<li style=\"text-align: justify;\" data-sourcepos=\"22:1-22:118\">Mayor seguridad: Garantiza que los involucrados en el accidente est\u00e9n seguros al momento de mover sus veh\u00edculos.<\/li>\n<li style=\"text-align: justify;\" data-sourcepos=\"23:1-24:0\">Simplifica los tr\u00e1mites: Facilita los tr\u00e1mites con las aseguradoras.<\/li>\n<\/ul>\n<p>&nbsp;<\/p>\n<p style=\"text-align: center;\"><em><strong>\u00a1Informaci\u00f3n que transforma!<\/strong><\/em><\/p>\n<p data-sourcepos=\"17:1-17:285\">\n","protected":false},"excerpt":{"rendered":"<p>El municipio de Quer\u00e9taro present\u00f3 el programa &#8220;Si Choco, Me Muevo&#8221;, una iniciativa que busca agilizar la liberaci\u00f3n de las vialidades en caso de accidentes menores por alcance, sin lesionados. &nbsp; Este programa es resultado de un convenio entre el municipio, la Agencia de Movilidad del Estado de Quer\u00e9taro (AMEQ) y la Asociaci\u00f3n Mexicana de [&hellip;]<\/p>\n","protected":false},"author":3,"featured_media":6532,"comment_status":"open","ping_status":"open","sticky":false,"template":"","format":"standard","meta":{"footnotes":""},"categories":[65,58],"tags":[2228,358,151,2227],"class_list":["post-6531","post","type-post","status-publish","format-standard","has-post-thumbnail","hentry","category-municipios","category-ultima-hora","tag-agilizaeltransito","tag-movilidadqueretaro","tag-seguridadvial","tag-sichocomemuevo"],"yoast_head":"<!-- This site is optimized with the Yoast SEO plugin v25.0 - https:\/\/yoast.com\/wordpress\/plugins\/seo\/ -->\n<title>Quer\u00e9taro estrena programa &quot;Si Choco, Me Muevo&quot;: Agiliza el tr\u00e1nsito tras accidentes menores | Nexo Informativo Santiago de Quer\u00e9taro<\/title>\n<meta name=\"description\" content=\"Quer\u00e9taro estrena programa &quot;Si Choco, Me Muevo&quot;: Agiliza el tr\u00e1nsito tras accidentes menores\" \/>\n<meta name=\"robots\" content=\"index, follow, max-snippet:-1, max-image-preview:large, max-video-preview:-1\" \/>\n<link rel=\"canonical\" href=\"https:\/\/www.nexoinformativo.mx\/index.php\/2024\/11\/20\/queretaro-estrena-programa-si-choco-me-muevo-agiliza-el-transito-tras-accidentes-menores\/\" \/>\n<meta property=\"og:locale\" content=\"es_MX\" \/>\n<meta property=\"og:type\" content=\"article\" \/>\n<meta property=\"og:title\" content=\"Quer\u00e9taro estrena programa &quot;Si Choco, Me Muevo&quot;: Agiliza el tr\u00e1nsito tras accidentes menores | Nexo Informativo Santiago de Quer\u00e9taro\" \/>\n<meta property=\"og:description\" content=\"Quer\u00e9taro estrena programa &quot;Si Choco, Me Muevo&quot;: Agiliza el tr\u00e1nsito tras accidentes menores\" \/>\n<meta property=\"og:url\" content=\"https:\/\/www.nexoinformativo.mx\/index.php\/2024\/11\/20\/queretaro-estrena-programa-si-choco-me-muevo-agiliza-el-transito-tras-accidentes-menores\/\" \/>\n<meta property=\"og:site_name\" content=\"Nexo Informativo Santiago de Quer\u00e9taro\" \/>\n<meta property=\"article:publisher\" content=\"https:\/\/www.facebook.com\/people\/Nexo-Informativo\/61564066885511\/\" \/>\n<meta property=\"article:published_time\" content=\"2024-11-20T20:30:44+00:00\" \/>\n<meta property=\"article:modified_time\" content=\"2024-11-20T21:16:22+00:00\" \/>\n<meta property=\"og:image\" content=\"https:\/\/www.nexoinformativo.mx\/wp-content\/uploads\/2024\/11\/PHOTO-2024-11-20-14-59-43-e1732137260750.jpg\" \/>\n\t<meta property=\"og:image:width\" content=\"650\" \/>\n\t<meta property=\"og:image:height\" content=\"650\" \/>\n\t<meta property=\"og:image:type\" content=\"image\/jpeg\" \/>\n<meta name=\"author\" content=\"Nexo Informativo\" \/>\n<meta name=\"twitter:card\" content=\"summary_large_image\" \/>\n<meta name=\"twitter:label1\" content=\"Escrito por\" \/>\n\t<meta name=\"twitter:data1\" content=\"Nexo Informativo\" \/>\n\t<meta name=\"twitter:label2\" content=\"Tiempo de lectura\" \/>\n\t<meta name=\"twitter:data2\" content=\"2 minutos\" \/>\n<script type=\"application\/ld+json\" class=\"yoast-schema-graph\">{\"@context\":\"https:\/\/schema.org\",\"@graph\":[{\"@type\":\"Article\",\"@id\":\"https:\/\/www.nexoinformativo.mx\/index.php\/2024\/11\/20\/queretaro-estrena-programa-si-choco-me-muevo-agiliza-el-transito-tras-accidentes-menores\/#article\",\"isPartOf\":{\"@id\":\"https:\/\/www.nexoinformativo.mx\/index.php\/2024\/11\/20\/queretaro-estrena-programa-si-choco-me-muevo-agiliza-el-transito-tras-accidentes-menores\/\"},\"author\":{\"name\":\"Nexo Informativo\",\"@id\":\"https:\/\/www.nexoinformativo.mx\/#\/schema\/person\/7749d380ba08c8ca00d7bc76fd907b7d\"},\"headline\":\"Quer\u00e9taro estrena programa &#8220;Si Choco, Me Muevo&#8221;: Agiliza el tr\u00e1nsito tras accidentes menores\",\"datePublished\":\"2024-11-20T20:30:44+00:00\",\"dateModified\":\"2024-11-20T21:16:22+00:00\",\"mainEntityOfPage\":{\"@id\":\"https:\/\/www.nexoinformativo.mx\/index.php\/2024\/11\/20\/queretaro-estrena-programa-si-choco-me-muevo-agiliza-el-transito-tras-accidentes-menores\/\"},\"wordCount\":251,\"commentCount\":0,\"publisher\":{\"@id\":\"https:\/\/www.nexoinformativo.mx\/#organization\"},\"image\":{\"@id\":\"https:\/\/www.nexoinformativo.mx\/index.php\/2024\/11\/20\/queretaro-estrena-programa-si-choco-me-muevo-agiliza-el-transito-tras-accidentes-menores\/#primaryimage\"},\"thumbnailUrl\":\"https:\/\/www.nexoinformativo.mx\/wp-content\/uploads\/2024\/11\/PHOTO-2024-11-20-14-59-43-e1732137260750.jpg\",\"keywords\":[\"AgilizaElTr\u00e1nsito\",\"MovilidadQuer\u00e9taro\",\"seguridadvial\",\"SiChocoMeMuevo\"],\"articleSection\":[\"Municipios\",\"\u00daltima Hora\"],\"inLanguage\":\"es\",\"potentialAction\":[{\"@type\":\"CommentAction\",\"name\":\"Comment\",\"target\":[\"https:\/\/www.nexoinformativo.mx\/index.php\/2024\/11\/20\/queretaro-estrena-programa-si-choco-me-muevo-agiliza-el-transito-tras-accidentes-menores\/#respond\"]}]},{\"@type\":\"WebPage\",\"@id\":\"https:\/\/www.nexoinformativo.mx\/index.php\/2024\/11\/20\/queretaro-estrena-programa-si-choco-me-muevo-agiliza-el-transito-tras-accidentes-menores\/\",\"url\":\"https:\/\/www.nexoinformativo.mx\/index.php\/2024\/11\/20\/queretaro-estrena-programa-si-choco-me-muevo-agiliza-el-transito-tras-accidentes-menores\/\",\"name\":\"Quer\u00e9taro estrena programa \\\"Si Choco, Me Muevo\\\": Agiliza el tr\u00e1nsito tras accidentes menores | Nexo Informativo Santiago de Quer\u00e9taro\",\"isPartOf\":{\"@id\":\"https:\/\/www.nexoinformativo.mx\/#website\"},\"primaryImageOfPage\":{\"@id\":\"https:\/\/www.nexoinformativo.mx\/index.php\/2024\/11\/20\/queretaro-estrena-programa-si-choco-me-muevo-agiliza-el-transito-tras-accidentes-menores\/#primaryimage\"},\"image\":{\"@id\":\"https:\/\/www.nexoinformativo.mx\/index.php\/2024\/11\/20\/queretaro-estrena-programa-si-choco-me-muevo-agiliza-el-transito-tras-accidentes-menores\/#primaryimage\"},\"thumbnailUrl\":\"https:\/\/www.nexoinformativo.mx\/wp-content\/uploads\/2024\/11\/PHOTO-2024-11-20-14-59-43-e1732137260750.jpg\",\"datePublished\":\"2024-11-20T20:30:44+00:00\",\"dateModified\":\"2024-11-20T21:16:22+00:00\",\"description\":\"Quer\u00e9taro estrena programa \\\"Si Choco, Me Muevo\\\": Agiliza el tr\u00e1nsito tras accidentes menores\",\"breadcrumb\":{\"@id\":\"https:\/\/www.nexoinformativo.mx\/index.php\/2024\/11\/20\/queretaro-estrena-programa-si-choco-me-muevo-agiliza-el-transito-tras-accidentes-menores\/#breadcrumb\"},\"inLanguage\":\"es\",\"potentialAction\":[{\"@type\":\"ReadAction\",\"target\":[\"https:\/\/www.nexoinformativo.mx\/index.php\/2024\/11\/20\/queretaro-estrena-programa-si-choco-me-muevo-agiliza-el-transito-tras-accidentes-menores\/\"]}]},{\"@type\":\"ImageObject\",\"inLanguage\":\"es\",\"@id\":\"https:\/\/www.nexoinformativo.mx\/index.php\/2024\/11\/20\/queretaro-estrena-programa-si-choco-me-muevo-agiliza-el-transito-tras-accidentes-menores\/#primaryimage\",\"url\":\"https:\/\/www.nexoinformativo.mx\/wp-content\/uploads\/2024\/11\/PHOTO-2024-11-20-14-59-43-e1732137260750.jpg\",\"contentUrl\":\"https:\/\/www.nexoinformativo.mx\/wp-content\/uploads\/2024\/11\/PHOTO-2024-11-20-14-59-43-e1732137260750.jpg\",\"width\":650,\"height\":650},{\"@type\":\"BreadcrumbList\",\"@id\":\"https:\/\/www.nexoinformativo.mx\/index.php\/2024\/11\/20\/queretaro-estrena-programa-si-choco-me-muevo-agiliza-el-transito-tras-accidentes-menores\/#breadcrumb\",\"itemListElement\":[{\"@type\":\"ListItem\",\"position\":1,\"name\":\"Inicio\",\"item\":\"https:\/\/www.nexoinformativo.mx\/\"},{\"@type\":\"ListItem\",\"position\":2,\"name\":\"Quer\u00e9taro estrena programa &#8220;Si Choco, Me Muevo&#8221;: Agiliza el tr\u00e1nsito tras accidentes menores\"}]},{\"@type\":\"WebSite\",\"@id\":\"https:\/\/www.nexoinformativo.mx\/#website\",\"url\":\"https:\/\/www.nexoinformativo.mx\/\",\"name\":\"Nexo Informativo Santiago de Quer\u00e9taro\",\"description\":\"Explora NexoInformativo y convi\u00e9rtete en parte de una comunidad que valora el conocimiento y la verdad. Tu nexoinformativo es tu puente hacia una comprensi\u00f3n m\u00e1s profunda del mundo que te rodea.\",\"publisher\":{\"@id\":\"https:\/\/www.nexoinformativo.mx\/#organization\"},\"potentialAction\":[{\"@type\":\"SearchAction\",\"target\":{\"@type\":\"EntryPoint\",\"urlTemplate\":\"https:\/\/www.nexoinformativo.mx\/?s={search_term_string}\"},\"query-input\":{\"@type\":\"PropertyValueSpecification\",\"valueRequired\":true,\"valueName\":\"search_term_string\"}}],\"inLanguage\":\"es\"},{\"@type\":\"Organization\",\"@id\":\"https:\/\/www.nexoinformativo.mx\/#organization\",\"name\":\"Nexo Informativo Santiago de Quer\u00e9taro\",\"url\":\"https:\/\/www.nexoinformativo.mx\/\",\"logo\":{\"@type\":\"ImageObject\",\"inLanguage\":\"es\",\"@id\":\"https:\/\/www.nexoinformativo.mx\/#\/schema\/logo\/image\/\",\"url\":\"https:\/\/www.nexoinformativo.mx\/wp-content\/uploads\/2024\/07\/nexoi-trasparente-2.png\",\"contentUrl\":\"https:\/\/www.nexoinformativo.mx\/wp-content\/uploads\/2024\/07\/nexoi-trasparente-2.png\",\"width\":816,\"height\":339,\"caption\":\"Nexo Informativo Santiago de Quer\u00e9taro\"},\"image\":{\"@id\":\"https:\/\/www.nexoinformativo.mx\/#\/schema\/logo\/image\/\"},\"sameAs\":[\"https:\/\/www.facebook.com\/people\/Nexo-Informativo\/61564066885511\/\"]},{\"@type\":\"Person\",\"@id\":\"https:\/\/www.nexoinformativo.mx\/#\/schema\/person\/7749d380ba08c8ca00d7bc76fd907b7d\",\"name\":\"Nexo Informativo\",\"image\":{\"@type\":\"ImageObject\",\"inLanguage\":\"es\",\"@id\":\"https:\/\/www.nexoinformativo.mx\/#\/schema\/person\/image\/\",\"url\":\"https:\/\/secure.gravatar.com\/avatar\/dde2928154642a13d95f87ddf1ea9718fe2b46760a005c53e41ff5ad610704e6?s=96&d=mm&r=g\",\"contentUrl\":\"https:\/\/secure.gravatar.com\/avatar\/dde2928154642a13d95f87ddf1ea9718fe2b46760a005c53e41ff5ad610704e6?s=96&d=mm&r=g\",\"caption\":\"Nexo Informativo\"},\"url\":\"https:\/\/www.nexoinformativo.mx\/index.php\/author\/edicion\/\"}]}<\/script>\n<!-- \/ Yoast SEO plugin. -->","yoast_head_json":{"title":"Quer\u00e9taro estrena programa \"Si Choco, Me Muevo\": Agiliza el tr\u00e1nsito tras accidentes menores | Nexo Informativo Santiago de Quer\u00e9taro","description":"Quer\u00e9taro estrena programa \"Si Choco, Me Muevo\": Agiliza el tr\u00e1nsito tras accidentes menores","robots":{"index":"index","follow":"follow","max-snippet":"max-snippet:-1","max-image-preview":"max-image-preview:large","max-video-preview":"max-video-preview:-1"},"canonical":"https:\/\/www.nexoinformativo.mx\/index.php\/2024\/11\/20\/queretaro-estrena-programa-si-choco-me-muevo-agiliza-el-transito-tras-accidentes-menores\/","og_locale":"es_MX","og_type":"article","og_title":"Quer\u00e9taro estrena programa \"Si Choco, Me Muevo\": Agiliza el tr\u00e1nsito tras accidentes menores | Nexo Informativo Santiago de Quer\u00e9taro","og_description":"Quer\u00e9taro estrena programa \"Si Choco, Me Muevo\": Agiliza el tr\u00e1nsito tras accidentes menores","og_url":"https:\/\/www.nexoinformativo.mx\/index.php\/2024\/11\/20\/queretaro-estrena-programa-si-choco-me-muevo-agiliza-el-transito-tras-accidentes-menores\/","og_site_name":"Nexo Informativo Santiago de Quer\u00e9taro","article_publisher":"https:\/\/www.facebook.com\/people\/Nexo-Informativo\/61564066885511\/","article_published_time":"2024-11-20T20:30:44+00:00","article_modified_time":"2024-11-20T21:16:22+00:00","og_image":[{"width":650,"height":650,"url":"https:\/\/www.nexoinformativo.mx\/wp-content\/uploads\/2024\/11\/PHOTO-2024-11-20-14-59-43-e1732137260750.jpg","type":"image\/jpeg"}],"author":"Nexo Informativo","twitter_card":"summary_large_image","twitter_misc":{"Escrito por":"Nexo Informativo","Tiempo de lectura":"2 minutos"},"schema":{"@context":"https:\/\/schema.org","@graph":[{"@type":"Article","@id":"https:\/\/www.nexoinformativo.mx\/index.php\/2024\/11\/20\/queretaro-estrena-programa-si-choco-me-muevo-agiliza-el-transito-tras-accidentes-menores\/#article","isPartOf":{"@id":"https:\/\/www.nexoinformativo.mx\/index.php\/2024\/11\/20\/queretaro-estrena-programa-si-choco-me-muevo-agiliza-el-transito-tras-accidentes-menores\/"},"author":{"name":"Nexo Informativo","@id":"https:\/\/www.nexoinformativo.mx\/#\/schema\/person\/7749d380ba08c8ca00d7bc76fd907b7d"},"headline":"Quer\u00e9taro estrena programa &#8220;Si Choco, Me Muevo&#8221;: Agiliza el tr\u00e1nsito tras accidentes menores","datePublished":"2024-11-20T20:30:44+00:00","dateModified":"2024-11-20T21:16:22+00:00","mainEntityOfPage":{"@id":"https:\/\/www.nexoinformativo.mx\/index.php\/2024\/11\/20\/queretaro-estrena-programa-si-choco-me-muevo-agiliza-el-transito-tras-accidentes-menores\/"},"wordCount":251,"commentCount":0,"publisher":{"@id":"https:\/\/www.nexoinformativo.mx\/#organization"},"image":{"@id":"https:\/\/www.nexoinformativo.mx\/index.php\/2024\/11\/20\/queretaro-estrena-programa-si-choco-me-muevo-agiliza-el-transito-tras-accidentes-menores\/#primaryimage"},"thumbnailUrl":"https:\/\/www.nexoinformativo.mx\/wp-content\/uploads\/2024\/11\/PHOTO-2024-11-20-14-59-43-e1732137260750.jpg","keywords":["AgilizaElTr\u00e1nsito","MovilidadQuer\u00e9taro","seguridadvial","SiChocoMeMuevo"],"articleSection":["Municipios","\u00daltima Hora"],"inLanguage":"es","potentialAction":[{"@type":"CommentAction","name":"Comment","target":["https:\/\/www.nexoinformativo.mx\/index.php\/2024\/11\/20\/queretaro-estrena-programa-si-choco-me-muevo-agiliza-el-transito-tras-accidentes-menores\/#respond"]}]},{"@type":"WebPage","@id":"https:\/\/www.nexoinformativo.mx\/index.php\/2024\/11\/20\/queretaro-estrena-programa-si-choco-me-muevo-agiliza-el-transito-tras-accidentes-menores\/","url":"https:\/\/www.nexoinformativo.mx\/index.php\/2024\/11\/20\/queretaro-estrena-programa-si-choco-me-muevo-agiliza-el-transito-tras-accidentes-menores\/","name":"Quer\u00e9taro estrena programa \"Si Choco, Me Muevo\": Agiliza el tr\u00e1nsito tras accidentes menores | Nexo Informativo Santiago de Quer\u00e9taro","isPartOf":{"@id":"https:\/\/www.nexoinformativo.mx\/#website"},"primaryImageOfPage":{"@id":"https:\/\/www.nexoinformativo.mx\/index.php\/2024\/11\/20\/queretaro-estrena-programa-si-choco-me-muevo-agiliza-el-transito-tras-accidentes-menores\/#primaryimage"},"image":{"@id":"https:\/\/www.nexoinformativo.mx\/index.php\/2024\/11\/20\/queretaro-estrena-programa-si-choco-me-muevo-agiliza-el-transito-tras-accidentes-menores\/#primaryimage"},"thumbnailUrl":"https:\/\/www.nexoinformativo.mx\/wp-content\/uploads\/2024\/11\/PHOTO-2024-11-20-14-59-43-e1732137260750.jpg","datePublished":"2024-11-20T20:30:44+00:00","dateModified":"2024-11-20T21:16:22+00:00","description":"Quer\u00e9taro estrena programa \"Si Choco, Me Muevo\": Agiliza el tr\u00e1nsito tras accidentes menores","breadcrumb":{"@id":"https:\/\/www.nexoinformativo.mx\/index.php\/2024\/11\/20\/queretaro-estrena-programa-si-choco-me-muevo-agiliza-el-transito-tras-accidentes-menores\/#breadcrumb"},"inLanguage":"es","potentialAction":[{"@type":"ReadAction","target":["https:\/\/www.nexoinformativo.mx\/index.php\/2024\/11\/20\/queretaro-estrena-programa-si-choco-me-muevo-agiliza-el-transito-tras-accidentes-menores\/"]}]},{"@type":"ImageObject","inLanguage":"es","@id":"https:\/\/www.nexoinformativo.mx\/index.php\/2024\/11\/20\/queretaro-estrena-programa-si-choco-me-muevo-agiliza-el-transito-tras-accidentes-menores\/#primaryimage","url":"https:\/\/www.nexoinformativo.mx\/wp-content\/uploads\/2024\/11\/PHOTO-2024-11-20-14-59-43-e1732137260750.jpg","contentUrl":"https:\/\/www.nexoinformativo.mx\/wp-content\/uploads\/2024\/11\/PHOTO-2024-11-20-14-59-43-e1732137260750.jpg","width":650,"height":650},{"@type":"BreadcrumbList","@id":"https:\/\/www.nexoinformativo.mx\/index.php\/2024\/11\/20\/queretaro-estrena-programa-si-choco-me-muevo-agiliza-el-transito-tras-accidentes-menores\/#breadcrumb","itemListElement":[{"@type":"ListItem","position":1,"name":"Inicio","item":"https:\/\/www.nexoinformativo.mx\/"},{"@type":"ListItem","position":2,"name":"Quer\u00e9taro estrena programa &#8220;Si Choco, Me Muevo&#8221;: Agiliza el tr\u00e1nsito tras accidentes menores"}]},{"@type":"WebSite","@id":"https:\/\/www.nexoinformativo.mx\/#website","url":"https:\/\/www.nexoinformativo.mx\/","name":"Nexo Informativo Santiago de Quer\u00e9taro","description":"Explora NexoInformativo y convi\u00e9rtete en parte de una comunidad que valora el conocimiento y la verdad. Tu nexoinformativo es tu puente hacia una comprensi\u00f3n m\u00e1s profunda del mundo que te rodea.","publisher":{"@id":"https:\/\/www.nexoinformativo.mx\/#organization"},"potentialAction":[{"@type":"SearchAction","target":{"@type":"EntryPoint","urlTemplate":"https:\/\/www.nexoinformativo.mx\/?s={search_term_string}"},"query-input":{"@type":"PropertyValueSpecification","valueRequired":true,"valueName":"search_term_string"}}],"inLanguage":"es"},{"@type":"Organization","@id":"https:\/\/www.nexoinformativo.mx\/#organization","name":"Nexo Informativo Santiago de Quer\u00e9taro","url":"https:\/\/www.nexoinformativo.mx\/","logo":{"@type":"ImageObject","inLanguage":"es","@id":"https:\/\/www.nexoinformativo.mx\/#\/schema\/logo\/image\/","url":"https:\/\/www.nexoinformativo.mx\/wp-content\/uploads\/2024\/07\/nexoi-trasparente-2.png","contentUrl":"https:\/\/www.nexoinformativo.mx\/wp-content\/uploads\/2024\/07\/nexoi-trasparente-2.png","width":816,"height":339,"caption":"Nexo Informativo Santiago de Quer\u00e9taro"},"image":{"@id":"https:\/\/www.nexoinformativo.mx\/#\/schema\/logo\/image\/"},"sameAs":["https:\/\/www.facebook.com\/people\/Nexo-Informativo\/61564066885511\/"]},{"@type":"Person","@id":"https:\/\/www.nexoinformativo.mx\/#\/schema\/person\/7749d380ba08c8ca00d7bc76fd907b7d","name":"Nexo Informativo","image":{"@type":"ImageObject","inLanguage":"es","@id":"https:\/\/www.nexoinformativo.mx\/#\/schema\/person\/image\/","url":"https:\/\/secure.gravatar.com\/avatar\/dde2928154642a13d95f87ddf1ea9718fe2b46760a005c53e41ff5ad610704e6?s=96&d=mm&r=g","contentUrl":"https:\/\/secure.gravatar.com\/avatar\/dde2928154642a13d95f87ddf1ea9718fe2b46760a005c53e41ff5ad610704e6?s=96&d=mm&r=g","caption":"Nexo Informativo"},"url":"https:\/\/www.nexoinformativo.mx\/index.php\/author\/edicion\/"}]}},"_links":{"self":[{"href":"https:\/\/www.nexoinformativo.mx\/index.php\/wp-json\/wp\/v2\/posts\/6531","targetHints":{"allow":["GET"]}}],"collection":[{"href":"https:\/\/www.nexoinformativo.mx\/index.php\/wp-json\/wp\/v2\/posts"}],"about":[{"href":"https:\/\/www.nexoinformativo.mx\/index.php\/wp-json\/wp\/v2\/types\/post"}],"author":[{"embeddable":true,"href":"https:\/\/www.nexoinformativo.mx\/index.php\/wp-json\/wp\/v2\/users\/3"}],"replies":[{"embeddable":true,"href":"https:\/\/www.nexoinformativo.mx\/index.php\/wp-json\/wp\/v2\/comments?post=6531"}],"version-history":[{"count":4,"href":"https:\/\/www.nexoinformativo.mx\/index.php\/wp-json\/wp\/v2\/posts\/6531\/revisions"}],"predecessor-version":[{"id":6535,"href":"https:\/\/www.nexoinformativo.mx\/index.php\/wp-json\/wp\/v2\/posts\/6531\/revisions\/6535"}],"wp:featuredmedia":[{"embeddable":true,"href":"https:\/\/www.nexoinformativo.mx\/index.php\/wp-json\/wp\/v2\/media\/6532"}],"wp:attachment":[{"href":"https:\/\/www.nexoinformativo.mx\/index.php\/wp-json\/wp\/v2\/media?parent=6531"}],"wp:term":[{"taxonomy":"category","embeddable":true,"href":"https:\/\/www.nexoinformativo.mx\/index.php\/wp-json\/wp\/v2\/categories?post=6531"},{"taxonomy":"post_tag","embeddable":true,"href":"https:\/\/www.nexoinformativo.mx\/index.php\/wp-json\/wp\/v2\/tags?post=6531"}],"curies":[{"name":"wp","href":"https:\/\/api.w.org\/{rel}","templated":true}]}}