{"id":6543,"date":"2024-11-20T16:30:53","date_gmt":"2024-11-20T22:30:53","guid":{"rendered":"https:\/\/www.nexoinformativo.mx\/?p=6543"},"modified":"2024-11-20T18:02:33","modified_gmt":"2024-11-21T00:02:33","slug":"un-invierno-lleno-de-magia-queretaro-se-ilumina-con-el-festival-alegria-contigo-2024","status":"publish","type":"post","link":"https:\/\/www.nexoinformativo.mx\/index.php\/2024\/11\/20\/un-invierno-lleno-de-magia-queretaro-se-ilumina-con-el-festival-alegria-contigo-2024\/","title":{"rendered":"\u00a1Un invierno lleno de magia! Quer\u00e9taro se ilumina con el Festival Alegr\u00eda Contigo 2024"},"content":{"rendered":"<p style=\"text-align: justify;\" data-sourcepos=\"9:1-9:402\">El Sistema Estatal DIF de Quer\u00e9taro anunci\u00f3 la tercera edici\u00f3n del <strong>Festival Alegr\u00eda Contigo<\/strong>, un evento que busca fortalecer los lazos familiares y llenar de alegr\u00eda las fiestas decembrinas.<\/p>\n<p>&nbsp;<\/p>\n<p style=\"text-align: justify;\" data-sourcepos=\"9:1-9:402\">Este a\u00f1o, el festival recorrer\u00e1 nueve municipios del estado, ofreciendo una amplia variedad de actividades para todas las edades, desde pistas de hielo y villas navide\u00f1as hasta desfiles y espect\u00e1culos culturales.<\/p>\n<p>&nbsp;<\/p>\n<p style=\"text-align: justify;\" data-sourcepos=\"11:1-11:288\">El director general del SEDIF, \u00d3scar G\u00f3mez, destac\u00f3 la importancia de fomentar la convivencia familiar y el tejido social a trav\u00e9s de este tipo de eventos. <strong>&#8220;Queremos que Quer\u00e9taro sea un lugar donde las familias puedan disfrutar de momentos inolvidables juntos&#8221;,<\/strong> afirm\u00f3.<\/p>\n<p>&nbsp;<\/p>\n<p style=\"text-align: justify;\" data-sourcepos=\"15:1-15:76\">El festival ofrecer\u00e1 una amplia gama de actividades, entre las que destacan:<\/p>\n<ul style=\"text-align: justify;\" data-sourcepos=\"17:1-21:0\">\n<li data-sourcepos=\"17:1-17:123\">Pistas de hielo: En varios municipios se instalar\u00e1n pistas de hielo para que grandes y chicos disfruten del patinaje.<\/li>\n<li data-sourcepos=\"18:1-18:152\">Villas navide\u00f1as: Se crear\u00e1n espacios tem\u00e1ticos con adornos navide\u00f1os, donde las familias podr\u00e1n tomarse fotos y disfrutar de un ambiente festivo.<\/li>\n<li data-sourcepos=\"19:1-19:102\">Desfiles: Se realizar\u00e1n desfiles navide\u00f1os con carros aleg\u00f3ricos, m\u00fasica y personajes navide\u00f1os.<\/li>\n<li data-sourcepos=\"20:1-21:0\">Espect\u00e1culos culturales: Habr\u00e1 conciertos, obras de teatro, talleres y otras actividades culturales para todas las edades.<\/li>\n<\/ul>\n<p>&nbsp;<\/p>\n<p style=\"text-align: justify;\" data-sourcepos=\"22:1-22:20\"><strong>\u00bfD\u00f3nde y cu\u00e1ndo?<\/strong>\u00a0El Festival Alegr\u00eda Contigo se llevar\u00e1 a cabo en los siguientes municipios:<\/p>\n<ul style=\"text-align: justify;\" data-sourcepos=\"26:1-34:0\">\n<li data-sourcepos=\"26:1-26:18\">San Juan del R\u00edo,\u00a0Quer\u00e9taro,\u00a0Col\u00f3n,\u00a0Pe\u00f1amiller,\u00a0Pinal de Amoles,\u00a0Jalpan,\u00a0El Marqu\u00e9s y\u00a0Huimilpan.<\/li>\n<\/ul>\n<p>&nbsp;<\/p>\n<p style=\"text-align: justify;\" data-sourcepos=\"35:1-35:171\">Las fechas y horarios de cada actividad se pueden consultar en las redes sociales del <strong>SEDIF, la Secretar\u00eda de Turismo y el Patronato de las Fiestas de Estado de Quer\u00e9taro.<\/strong><\/p>\n<p>&nbsp;<\/p>\n<p style=\"text-align: justify;\" data-sourcepos=\"39:1-39:167\">Adem\u00e1s de fomentar la convivencia familiar, el Festival Alegr\u00eda Contigo tambi\u00e9n tiene un impacto positivo en la econom\u00eda local, al generar empleos y atraer visitantes.<\/p>\n<p>&nbsp;<\/p>\n<p style=\"text-align: center;\" data-sourcepos=\"39:1-39:167\"><em><strong>\u00a1Informaci\u00f3n que transforma!<\/strong><\/em><\/p>\n","protected":false},"excerpt":{"rendered":"<p>El Sistema Estatal DIF de Quer\u00e9taro anunci\u00f3 la tercera edici\u00f3n del Festival Alegr\u00eda Contigo, un evento que busca fortalecer los lazos familiares y llenar de alegr\u00eda las fiestas decembrinas.<\/p>\n","protected":false},"author":3,"featured_media":6544,"comment_status":"open","ping_status":"open","sticky":false,"template":"","format":"standard","meta":{"footnotes":""},"categories":[65,58],"tags":[1168,2230,1882,133],"class_list":["post-6543","post","type-post","status-publish","format-standard","has-post-thumbnail","hentry","category-municipios","category-ultima-hora","tag-alegriacontigo2024","tag-familia","tag-navidad","tag-queretaro"],"yoast_head":"<!-- This site is optimized with the Yoast SEO plugin v25.0 - https:\/\/yoast.com\/wordpress\/plugins\/seo\/ -->\n<title>\u00a1Un invierno lleno de magia! Quer\u00e9taro se ilumina con el Festival Alegr\u00eda Contigo 2024 | Nexo Informativo Santiago de Quer\u00e9taro<\/title>\n<meta name=\"description\" content=\"\u00a1Un invierno lleno de magia! Quer\u00e9taro se ilumina con el Festival Alegr\u00eda Contigo 2024\" \/>\n<meta name=\"robots\" content=\"index, follow, max-snippet:-1, max-image-preview:large, max-video-preview:-1\" \/>\n<link rel=\"canonical\" href=\"https:\/\/www.nexoinformativo.mx\/index.php\/2024\/11\/20\/un-invierno-lleno-de-magia-queretaro-se-ilumina-con-el-festival-alegria-contigo-2024\/\" \/>\n<meta property=\"og:locale\" content=\"es_MX\" \/>\n<meta property=\"og:type\" content=\"article\" \/>\n<meta property=\"og:title\" content=\"\u00a1Un invierno lleno de magia! Quer\u00e9taro se ilumina con el Festival Alegr\u00eda Contigo 2024 | Nexo Informativo Santiago de Quer\u00e9taro\" \/>\n<meta property=\"og:description\" content=\"\u00a1Un invierno lleno de magia! Quer\u00e9taro se ilumina con el Festival Alegr\u00eda Contigo 2024\" \/>\n<meta property=\"og:url\" content=\"https:\/\/www.nexoinformativo.mx\/index.php\/2024\/11\/20\/un-invierno-lleno-de-magia-queretaro-se-ilumina-con-el-festival-alegria-contigo-2024\/\" \/>\n<meta property=\"og:site_name\" content=\"Nexo Informativo Santiago de Quer\u00e9taro\" \/>\n<meta property=\"article:publisher\" content=\"https:\/\/www.facebook.com\/people\/Nexo-Informativo\/61564066885511\/\" \/>\n<meta property=\"article:published_time\" content=\"2024-11-20T22:30:53+00:00\" \/>\n<meta property=\"article:modified_time\" content=\"2024-11-21T00:02:33+00:00\" \/>\n<meta property=\"og:image\" content=\"https:\/\/www.nexoinformativo.mx\/wp-content\/uploads\/2024\/11\/PHOTO-2024-11-20-17-44-18-e1732146983173.jpg\" \/>\n\t<meta property=\"og:image:width\" content=\"700\" \/>\n\t<meta property=\"og:image:height\" content=\"466\" \/>\n\t<meta property=\"og:image:type\" content=\"image\/jpeg\" \/>\n<meta name=\"author\" content=\"Nexo Informativo\" \/>\n<meta name=\"twitter:card\" content=\"summary_large_image\" \/>\n<meta name=\"twitter:label1\" content=\"Escrito por\" \/>\n\t<meta name=\"twitter:data1\" content=\"Nexo Informativo\" \/>\n\t<meta name=\"twitter:label2\" content=\"Tiempo de lectura\" \/>\n\t<meta name=\"twitter:data2\" content=\"2 minutos\" \/>\n<script type=\"application\/ld+json\" class=\"yoast-schema-graph\">{\"@context\":\"https:\/\/schema.org\",\"@graph\":[{\"@type\":\"Article\",\"@id\":\"https:\/\/www.nexoinformativo.mx\/index.php\/2024\/11\/20\/un-invierno-lleno-de-magia-queretaro-se-ilumina-con-el-festival-alegria-contigo-2024\/#article\",\"isPartOf\":{\"@id\":\"https:\/\/www.nexoinformativo.mx\/index.php\/2024\/11\/20\/un-invierno-lleno-de-magia-queretaro-se-ilumina-con-el-festival-alegria-contigo-2024\/\"},\"author\":{\"name\":\"Nexo Informativo\",\"@id\":\"https:\/\/www.nexoinformativo.mx\/#\/schema\/person\/7749d380ba08c8ca00d7bc76fd907b7d\"},\"headline\":\"\u00a1Un invierno lleno de magia! Quer\u00e9taro se ilumina con el Festival Alegr\u00eda Contigo 2024\",\"datePublished\":\"2024-11-20T22:30:53+00:00\",\"dateModified\":\"2024-11-21T00:02:33+00:00\",\"mainEntityOfPage\":{\"@id\":\"https:\/\/www.nexoinformativo.mx\/index.php\/2024\/11\/20\/un-invierno-lleno-de-magia-queretaro-se-ilumina-con-el-festival-alegria-contigo-2024\/\"},\"wordCount\":329,\"commentCount\":0,\"publisher\":{\"@id\":\"https:\/\/www.nexoinformativo.mx\/#organization\"},\"image\":{\"@id\":\"https:\/\/www.nexoinformativo.mx\/index.php\/2024\/11\/20\/un-invierno-lleno-de-magia-queretaro-se-ilumina-con-el-festival-alegria-contigo-2024\/#primaryimage\"},\"thumbnailUrl\":\"https:\/\/www.nexoinformativo.mx\/wp-content\/uploads\/2024\/11\/PHOTO-2024-11-20-17-44-18-e1732146983173.jpg\",\"keywords\":[\"Alegr\u00edaContigo2024\",\"Familia\",\"Navidad\",\"Quer\u00e9taro\"],\"articleSection\":[\"Municipios\",\"\u00daltima Hora\"],\"inLanguage\":\"es\",\"potentialAction\":[{\"@type\":\"CommentAction\",\"name\":\"Comment\",\"target\":[\"https:\/\/www.nexoinformativo.mx\/index.php\/2024\/11\/20\/un-invierno-lleno-de-magia-queretaro-se-ilumina-con-el-festival-alegria-contigo-2024\/#respond\"]}]},{\"@type\":\"WebPage\",\"@id\":\"https:\/\/www.nexoinformativo.mx\/index.php\/2024\/11\/20\/un-invierno-lleno-de-magia-queretaro-se-ilumina-con-el-festival-alegria-contigo-2024\/\",\"url\":\"https:\/\/www.nexoinformativo.mx\/index.php\/2024\/11\/20\/un-invierno-lleno-de-magia-queretaro-se-ilumina-con-el-festival-alegria-contigo-2024\/\",\"name\":\"\u00a1Un invierno lleno de magia! Quer\u00e9taro se ilumina con el Festival Alegr\u00eda Contigo 2024 | Nexo Informativo Santiago de Quer\u00e9taro\",\"isPartOf\":{\"@id\":\"https:\/\/www.nexoinformativo.mx\/#website\"},\"primaryImageOfPage\":{\"@id\":\"https:\/\/www.nexoinformativo.mx\/index.php\/2024\/11\/20\/un-invierno-lleno-de-magia-queretaro-se-ilumina-con-el-festival-alegria-contigo-2024\/#primaryimage\"},\"image\":{\"@id\":\"https:\/\/www.nexoinformativo.mx\/index.php\/2024\/11\/20\/un-invierno-lleno-de-magia-queretaro-se-ilumina-con-el-festival-alegria-contigo-2024\/#primaryimage\"},\"thumbnailUrl\":\"https:\/\/www.nexoinformativo.mx\/wp-content\/uploads\/2024\/11\/PHOTO-2024-11-20-17-44-18-e1732146983173.jpg\",\"datePublished\":\"2024-11-20T22:30:53+00:00\",\"dateModified\":\"2024-11-21T00:02:33+00:00\",\"description\":\"\u00a1Un invierno lleno de magia! Quer\u00e9taro se ilumina con el Festival Alegr\u00eda Contigo 2024\",\"breadcrumb\":{\"@id\":\"https:\/\/www.nexoinformativo.mx\/index.php\/2024\/11\/20\/un-invierno-lleno-de-magia-queretaro-se-ilumina-con-el-festival-alegria-contigo-2024\/#breadcrumb\"},\"inLanguage\":\"es\",\"potentialAction\":[{\"@type\":\"ReadAction\",\"target\":[\"https:\/\/www.nexoinformativo.mx\/index.php\/2024\/11\/20\/un-invierno-lleno-de-magia-queretaro-se-ilumina-con-el-festival-alegria-contigo-2024\/\"]}]},{\"@type\":\"ImageObject\",\"inLanguage\":\"es\",\"@id\":\"https:\/\/www.nexoinformativo.mx\/index.php\/2024\/11\/20\/un-invierno-lleno-de-magia-queretaro-se-ilumina-con-el-festival-alegria-contigo-2024\/#primaryimage\",\"url\":\"https:\/\/www.nexoinformativo.mx\/wp-content\/uploads\/2024\/11\/PHOTO-2024-11-20-17-44-18-e1732146983173.jpg\",\"contentUrl\":\"https:\/\/www.nexoinformativo.mx\/wp-content\/uploads\/2024\/11\/PHOTO-2024-11-20-17-44-18-e1732146983173.jpg\",\"width\":700,\"height\":466},{\"@type\":\"BreadcrumbList\",\"@id\":\"https:\/\/www.nexoinformativo.mx\/index.php\/2024\/11\/20\/un-invierno-lleno-de-magia-queretaro-se-ilumina-con-el-festival-alegria-contigo-2024\/#breadcrumb\",\"itemListElement\":[{\"@type\":\"ListItem\",\"position\":1,\"name\":\"Inicio\",\"item\":\"https:\/\/www.nexoinformativo.mx\/\"},{\"@type\":\"ListItem\",\"position\":2,\"name\":\"\u00a1Un invierno lleno de magia! Quer\u00e9taro se ilumina con el Festival Alegr\u00eda Contigo 2024\"}]},{\"@type\":\"WebSite\",\"@id\":\"https:\/\/www.nexoinformativo.mx\/#website\",\"url\":\"https:\/\/www.nexoinformativo.mx\/\",\"name\":\"Nexo Informativo Santiago de Quer\u00e9taro\",\"description\":\"Explora NexoInformativo y convi\u00e9rtete en parte de una comunidad que valora el conocimiento y la verdad. Tu nexoinformativo es tu puente hacia una comprensi\u00f3n m\u00e1s profunda del mundo que te rodea.\",\"publisher\":{\"@id\":\"https:\/\/www.nexoinformativo.mx\/#organization\"},\"potentialAction\":[{\"@type\":\"SearchAction\",\"target\":{\"@type\":\"EntryPoint\",\"urlTemplate\":\"https:\/\/www.nexoinformativo.mx\/?s={search_term_string}\"},\"query-input\":{\"@type\":\"PropertyValueSpecification\",\"valueRequired\":true,\"valueName\":\"search_term_string\"}}],\"inLanguage\":\"es\"},{\"@type\":\"Organization\",\"@id\":\"https:\/\/www.nexoinformativo.mx\/#organization\",\"name\":\"Nexo Informativo Santiago de Quer\u00e9taro\",\"url\":\"https:\/\/www.nexoinformativo.mx\/\",\"logo\":{\"@type\":\"ImageObject\",\"inLanguage\":\"es\",\"@id\":\"https:\/\/www.nexoinformativo.mx\/#\/schema\/logo\/image\/\",\"url\":\"https:\/\/www.nexoinformativo.mx\/wp-content\/uploads\/2024\/07\/nexoi-trasparente-2.png\",\"contentUrl\":\"https:\/\/www.nexoinformativo.mx\/wp-content\/uploads\/2024\/07\/nexoi-trasparente-2.png\",\"width\":816,\"height\":339,\"caption\":\"Nexo Informativo Santiago de Quer\u00e9taro\"},\"image\":{\"@id\":\"https:\/\/www.nexoinformativo.mx\/#\/schema\/logo\/image\/\"},\"sameAs\":[\"https:\/\/www.facebook.com\/people\/Nexo-Informativo\/61564066885511\/\"]},{\"@type\":\"Person\",\"@id\":\"https:\/\/www.nexoinformativo.mx\/#\/schema\/person\/7749d380ba08c8ca00d7bc76fd907b7d\",\"name\":\"Nexo Informativo\",\"image\":{\"@type\":\"ImageObject\",\"inLanguage\":\"es\",\"@id\":\"https:\/\/www.nexoinformativo.mx\/#\/schema\/person\/image\/\",\"url\":\"https:\/\/secure.gravatar.com\/avatar\/dde2928154642a13d95f87ddf1ea9718fe2b46760a005c53e41ff5ad610704e6?s=96&d=mm&r=g\",\"contentUrl\":\"https:\/\/secure.gravatar.com\/avatar\/dde2928154642a13d95f87ddf1ea9718fe2b46760a005c53e41ff5ad610704e6?s=96&d=mm&r=g\",\"caption\":\"Nexo Informativo\"},\"url\":\"https:\/\/www.nexoinformativo.mx\/index.php\/author\/edicion\/\"}]}<\/script>\n<!-- \/ Yoast SEO plugin. -->","yoast_head_json":{"title":"\u00a1Un invierno lleno de magia! Quer\u00e9taro se ilumina con el Festival Alegr\u00eda Contigo 2024 | Nexo Informativo Santiago de Quer\u00e9taro","description":"\u00a1Un invierno lleno de magia! Quer\u00e9taro se ilumina con el Festival Alegr\u00eda Contigo 2024","robots":{"index":"index","follow":"follow","max-snippet":"max-snippet:-1","max-image-preview":"max-image-preview:large","max-video-preview":"max-video-preview:-1"},"canonical":"https:\/\/www.nexoinformativo.mx\/index.php\/2024\/11\/20\/un-invierno-lleno-de-magia-queretaro-se-ilumina-con-el-festival-alegria-contigo-2024\/","og_locale":"es_MX","og_type":"article","og_title":"\u00a1Un invierno lleno de magia! Quer\u00e9taro se ilumina con el Festival Alegr\u00eda Contigo 2024 | Nexo Informativo Santiago de Quer\u00e9taro","og_description":"\u00a1Un invierno lleno de magia! Quer\u00e9taro se ilumina con el Festival Alegr\u00eda Contigo 2024","og_url":"https:\/\/www.nexoinformativo.mx\/index.php\/2024\/11\/20\/un-invierno-lleno-de-magia-queretaro-se-ilumina-con-el-festival-alegria-contigo-2024\/","og_site_name":"Nexo Informativo Santiago de Quer\u00e9taro","article_publisher":"https:\/\/www.facebook.com\/people\/Nexo-Informativo\/61564066885511\/","article_published_time":"2024-11-20T22:30:53+00:00","article_modified_time":"2024-11-21T00:02:33+00:00","og_image":[{"width":700,"height":466,"url":"https:\/\/www.nexoinformativo.mx\/wp-content\/uploads\/2024\/11\/PHOTO-2024-11-20-17-44-18-e1732146983173.jpg","type":"image\/jpeg"}],"author":"Nexo Informativo","twitter_card":"summary_large_image","twitter_misc":{"Escrito por":"Nexo Informativo","Tiempo de lectura":"2 minutos"},"schema":{"@context":"https:\/\/schema.org","@graph":[{"@type":"Article","@id":"https:\/\/www.nexoinformativo.mx\/index.php\/2024\/11\/20\/un-invierno-lleno-de-magia-queretaro-se-ilumina-con-el-festival-alegria-contigo-2024\/#article","isPartOf":{"@id":"https:\/\/www.nexoinformativo.mx\/index.php\/2024\/11\/20\/un-invierno-lleno-de-magia-queretaro-se-ilumina-con-el-festival-alegria-contigo-2024\/"},"author":{"name":"Nexo Informativo","@id":"https:\/\/www.nexoinformativo.mx\/#\/schema\/person\/7749d380ba08c8ca00d7bc76fd907b7d"},"headline":"\u00a1Un invierno lleno de magia! Quer\u00e9taro se ilumina con el Festival Alegr\u00eda Contigo 2024","datePublished":"2024-11-20T22:30:53+00:00","dateModified":"2024-11-21T00:02:33+00:00","mainEntityOfPage":{"@id":"https:\/\/www.nexoinformativo.mx\/index.php\/2024\/11\/20\/un-invierno-lleno-de-magia-queretaro-se-ilumina-con-el-festival-alegria-contigo-2024\/"},"wordCount":329,"commentCount":0,"publisher":{"@id":"https:\/\/www.nexoinformativo.mx\/#organization"},"image":{"@id":"https:\/\/www.nexoinformativo.mx\/index.php\/2024\/11\/20\/un-invierno-lleno-de-magia-queretaro-se-ilumina-con-el-festival-alegria-contigo-2024\/#primaryimage"},"thumbnailUrl":"https:\/\/www.nexoinformativo.mx\/wp-content\/uploads\/2024\/11\/PHOTO-2024-11-20-17-44-18-e1732146983173.jpg","keywords":["Alegr\u00edaContigo2024","Familia","Navidad","Quer\u00e9taro"],"articleSection":["Municipios","\u00daltima Hora"],"inLanguage":"es","potentialAction":[{"@type":"CommentAction","name":"Comment","target":["https:\/\/www.nexoinformativo.mx\/index.php\/2024\/11\/20\/un-invierno-lleno-de-magia-queretaro-se-ilumina-con-el-festival-alegria-contigo-2024\/#respond"]}]},{"@type":"WebPage","@id":"https:\/\/www.nexoinformativo.mx\/index.php\/2024\/11\/20\/un-invierno-lleno-de-magia-queretaro-se-ilumina-con-el-festival-alegria-contigo-2024\/","url":"https:\/\/www.nexoinformativo.mx\/index.php\/2024\/11\/20\/un-invierno-lleno-de-magia-queretaro-se-ilumina-con-el-festival-alegria-contigo-2024\/","name":"\u00a1Un invierno lleno de magia! Quer\u00e9taro se ilumina con el Festival Alegr\u00eda Contigo 2024 | Nexo Informativo Santiago de Quer\u00e9taro","isPartOf":{"@id":"https:\/\/www.nexoinformativo.mx\/#website"},"primaryImageOfPage":{"@id":"https:\/\/www.nexoinformativo.mx\/index.php\/2024\/11\/20\/un-invierno-lleno-de-magia-queretaro-se-ilumina-con-el-festival-alegria-contigo-2024\/#primaryimage"},"image":{"@id":"https:\/\/www.nexoinformativo.mx\/index.php\/2024\/11\/20\/un-invierno-lleno-de-magia-queretaro-se-ilumina-con-el-festival-alegria-contigo-2024\/#primaryimage"},"thumbnailUrl":"https:\/\/www.nexoinformativo.mx\/wp-content\/uploads\/2024\/11\/PHOTO-2024-11-20-17-44-18-e1732146983173.jpg","datePublished":"2024-11-20T22:30:53+00:00","dateModified":"2024-11-21T00:02:33+00:00","description":"\u00a1Un invierno lleno de magia! Quer\u00e9taro se ilumina con el Festival Alegr\u00eda Contigo 2024","breadcrumb":{"@id":"https:\/\/www.nexoinformativo.mx\/index.php\/2024\/11\/20\/un-invierno-lleno-de-magia-queretaro-se-ilumina-con-el-festival-alegria-contigo-2024\/#breadcrumb"},"inLanguage":"es","potentialAction":[{"@type":"ReadAction","target":["https:\/\/www.nexoinformativo.mx\/index.php\/2024\/11\/20\/un-invierno-lleno-de-magia-queretaro-se-ilumina-con-el-festival-alegria-contigo-2024\/"]}]},{"@type":"ImageObject","inLanguage":"es","@id":"https:\/\/www.nexoinformativo.mx\/index.php\/2024\/11\/20\/un-invierno-lleno-de-magia-queretaro-se-ilumina-con-el-festival-alegria-contigo-2024\/#primaryimage","url":"https:\/\/www.nexoinformativo.mx\/wp-content\/uploads\/2024\/11\/PHOTO-2024-11-20-17-44-18-e1732146983173.jpg","contentUrl":"https:\/\/www.nexoinformativo.mx\/wp-content\/uploads\/2024\/11\/PHOTO-2024-11-20-17-44-18-e1732146983173.jpg","width":700,"height":466},{"@type":"BreadcrumbList","@id":"https:\/\/www.nexoinformativo.mx\/index.php\/2024\/11\/20\/un-invierno-lleno-de-magia-queretaro-se-ilumina-con-el-festival-alegria-contigo-2024\/#breadcrumb","itemListElement":[{"@type":"ListItem","position":1,"name":"Inicio","item":"https:\/\/www.nexoinformativo.mx\/"},{"@type":"ListItem","position":2,"name":"\u00a1Un invierno lleno de magia! Quer\u00e9taro se ilumina con el Festival Alegr\u00eda Contigo 2024"}]},{"@type":"WebSite","@id":"https:\/\/www.nexoinformativo.mx\/#website","url":"https:\/\/www.nexoinformativo.mx\/","name":"Nexo Informativo Santiago de Quer\u00e9taro","description":"Explora NexoInformativo y convi\u00e9rtete en parte de una comunidad que valora el conocimiento y la verdad. Tu nexoinformativo es tu puente hacia una comprensi\u00f3n m\u00e1s profunda del mundo que te rodea.","publisher":{"@id":"https:\/\/www.nexoinformativo.mx\/#organization"},"potentialAction":[{"@type":"SearchAction","target":{"@type":"EntryPoint","urlTemplate":"https:\/\/www.nexoinformativo.mx\/?s={search_term_string}"},"query-input":{"@type":"PropertyValueSpecification","valueRequired":true,"valueName":"search_term_string"}}],"inLanguage":"es"},{"@type":"Organization","@id":"https:\/\/www.nexoinformativo.mx\/#organization","name":"Nexo Informativo Santiago de Quer\u00e9taro","url":"https:\/\/www.nexoinformativo.mx\/","logo":{"@type":"ImageObject","inLanguage":"es","@id":"https:\/\/www.nexoinformativo.mx\/#\/schema\/logo\/image\/","url":"https:\/\/www.nexoinformativo.mx\/wp-content\/uploads\/2024\/07\/nexoi-trasparente-2.png","contentUrl":"https:\/\/www.nexoinformativo.mx\/wp-content\/uploads\/2024\/07\/nexoi-trasparente-2.png","width":816,"height":339,"caption":"Nexo Informativo Santiago de Quer\u00e9taro"},"image":{"@id":"https:\/\/www.nexoinformativo.mx\/#\/schema\/logo\/image\/"},"sameAs":["https:\/\/www.facebook.com\/people\/Nexo-Informativo\/61564066885511\/"]},{"@type":"Person","@id":"https:\/\/www.nexoinformativo.mx\/#\/schema\/person\/7749d380ba08c8ca00d7bc76fd907b7d","name":"Nexo Informativo","image":{"@type":"ImageObject","inLanguage":"es","@id":"https:\/\/www.nexoinformativo.mx\/#\/schema\/person\/image\/","url":"https:\/\/secure.gravatar.com\/avatar\/dde2928154642a13d95f87ddf1ea9718fe2b46760a005c53e41ff5ad610704e6?s=96&d=mm&r=g","contentUrl":"https:\/\/secure.gravatar.com\/avatar\/dde2928154642a13d95f87ddf1ea9718fe2b46760a005c53e41ff5ad610704e6?s=96&d=mm&r=g","caption":"Nexo Informativo"},"url":"https:\/\/www.nexoinformativo.mx\/index.php\/author\/edicion\/"}]}},"_links":{"self":[{"href":"https:\/\/www.nexoinformativo.mx\/index.php\/wp-json\/wp\/v2\/posts\/6543","targetHints":{"allow":["GET"]}}],"collection":[{"href":"https:\/\/www.nexoinformativo.mx\/index.php\/wp-json\/wp\/v2\/posts"}],"about":[{"href":"https:\/\/www.nexoinformativo.mx\/index.php\/wp-json\/wp\/v2\/types\/post"}],"author":[{"embeddable":true,"href":"https:\/\/www.nexoinformativo.mx\/index.php\/wp-json\/wp\/v2\/users\/3"}],"replies":[{"embeddable":true,"href":"https:\/\/www.nexoinformativo.mx\/index.php\/wp-json\/wp\/v2\/comments?post=6543"}],"version-history":[{"count":10,"href":"https:\/\/www.nexoinformativo.mx\/index.php\/wp-json\/wp\/v2\/posts\/6543\/revisions"}],"predecessor-version":[{"id":6547,"href":"https:\/\/www.nexoinformativo.mx\/index.php\/wp-json\/wp\/v2\/posts\/6543\/revisions\/6547"}],"wp:featuredmedia":[{"embeddable":true,"href":"https:\/\/www.nexoinformativo.mx\/index.php\/wp-json\/wp\/v2\/media\/6544"}],"wp:attachment":[{"href":"https:\/\/www.nexoinformativo.mx\/index.php\/wp-json\/wp\/v2\/media?parent=6543"}],"wp:term":[{"taxonomy":"category","embeddable":true,"href":"https:\/\/www.nexoinformativo.mx\/index.php\/wp-json\/wp\/v2\/categories?post=6543"},{"taxonomy":"post_tag","embeddable":true,"href":"https:\/\/www.nexoinformativo.mx\/index.php\/wp-json\/wp\/v2\/tags?post=6543"}],"curies":[{"name":"wp","href":"https:\/\/api.w.org\/{rel}","templated":true}]}}