{"id":6555,"date":"2024-11-20T17:00:53","date_gmt":"2024-11-20T23:00:53","guid":{"rendered":"https:\/\/www.nexoinformativo.mx\/?p=6555"},"modified":"2024-11-20T18:10:23","modified_gmt":"2024-11-21T00:10:23","slug":"ut-de-san-juan-del-rio-se-une-a-la-lucha-por-el-medio-ambiente-con-el-congreso-eas-2024","status":"publish","type":"post","link":"https:\/\/www.nexoinformativo.mx\/index.php\/2024\/11\/20\/ut-de-san-juan-del-rio-se-une-a-la-lucha-por-el-medio-ambiente-con-el-congreso-eas-2024\/","title":{"rendered":"UT de San Juan del R\u00edo se une a la lucha por el medio ambiente con el Congreso EAS 2024"},"content":{"rendered":"<p style=\"text-align: justify;\" data-sourcepos=\"9:1-9:396\">La Universidad Tecnol\u00f3gica de San Juan del R\u00edo, en colaboraci\u00f3n con la Secretar\u00eda de Desarrollo Sustentable de Quer\u00e9taro, se prepara para recibir al Congreso de Educaci\u00f3n Ambiental para la Sustentabilidad (EAS 2024).<\/p>\n<p>&nbsp;<\/p>\n<p style=\"text-align: justify;\" data-sourcepos=\"9:1-9:396\">Este importante evento, que se llevar\u00e1 a cabo del 26 al 28 de noviembre, tiene como objetivo principal fomentar la conciencia ambiental y promover acciones para cuidar el planeta.\u00a0Durante tres d\u00edas, expertos, acad\u00e9micos, estudiantes y ciudadanos interesados en el medio ambiente se reunir\u00e1n para participar en conferencias, talleres, exposiciones y actividades culturales.<\/p>\n<p>&nbsp;<\/p>\n<p style=\"text-align: justify;\" data-sourcepos=\"9:1-9:396\">El objetivo es generar un espacio de di\u00e1logo y colaboraci\u00f3n para impulsar pol\u00edticas p\u00fablicas que promuevan el desarrollo sostenible.<\/p>\n<p>&nbsp;<\/p>\n<p style=\"text-align: justify;\" data-sourcepos=\"17:1-17:92\">El EAS 2024 abordar\u00e1 una amplia gama de temas relacionados con la educaci\u00f3n ambiental, como:\u00a0Cambio clim\u00e1tico, gesti\u00f3n de residuos, energ\u00edas renovables, conservaci\u00f3n de la biodiversidad y desarrollo sostenible.<\/p>\n<p>&nbsp;<\/p>\n<p style=\"text-align: justify;\" data-sourcepos=\"27:1-27:58\">El congreso est\u00e1 dirigido a un p\u00fablico amplio, incluyendo:\u00a0Estudiantes, docentes, investigadores, empresarios y ciudadanos interesados en el medio ambiente.<\/p>\n<p>&nbsp;<\/p>\n<p style=\"text-align: justify;\" data-sourcepos=\"37:1-37:123\">Para participar en el Congreso EAS 2024, puedes registrarte a trav\u00e9s del siguiente enlace: <a href=\"https:\/\/encuesta.com\/s\/kZBcSVAOmu0P67CwaPFeCw\/\" target=\"_blank\" rel=\"noopener\" data-saferedirecturl=\"https:\/\/www.google.com\/url?q=https:\/\/encuesta.com\/s\/kZBcSVAOmu0P67CwaPFeCw\/&amp;source=gmail&amp;ust=1732232781796000&amp;usg=AOvVaw3E3ZgECDBNVSYABioU6-mb\">https:\/\/encuesta.com\/s\/<wbr \/>kZBcSVAOmu0P67CwaPFeCw\/<\/a> o solicitar mayor informaci\u00f3n al correo <a href=\"mailto:mriosj@utsjr.edu.mx\" target=\"_blank\" rel=\"noopener\">mriosj@utsjr.edu.mx\u00a0<\/a><\/p>\n<\/p>\n<p>&nbsp;<\/p>\n<p style=\"text-align: center;\" data-sourcepos=\"37:1-37:123\"><em><strong>\u00a1Informaci\u00f3n que transforma!<\/strong><\/em><\/p>\n","protected":false},"excerpt":{"rendered":"<p>La Universidad Tecnol\u00f3gica de San Juan del R\u00edo, en colaboraci\u00f3n con la Secretar\u00eda de Desarrollo Sustentable de Quer\u00e9taro, se prepara para recibir al Congreso de Educaci\u00f3n Ambiental para la Sustentabilidad (EAS 2024).<\/p>\n","protected":false},"author":3,"featured_media":6556,"comment_status":"open","ping_status":"open","sticky":false,"template":"","format":"standard","meta":{"footnotes":""},"categories":[65,58],"tags":[2231,2232,382,1841],"class_list":["post-6555","post","type-post","status-publish","format-standard","has-post-thumbnail","hentry","category-municipios","category-ultima-hora","tag-eas2024","tag-educacionambiental","tag-sanjuandelrio","tag-sustentabilidad"],"yoast_head":"<!-- This site is optimized with the Yoast SEO plugin v25.0 - https:\/\/yoast.com\/wordpress\/plugins\/seo\/ -->\n<title>UT de San Juan del R\u00edo se une a la lucha por el medio ambiente con el Congreso EAS 2024 | Nexo Informativo Santiago de Quer\u00e9taro<\/title>\n<meta name=\"description\" content=\"UT de San Juan del R\u00edo se une a la lucha por el medio ambiente con el Congreso EAS 2024\" \/>\n<meta name=\"robots\" content=\"index, follow, max-snippet:-1, max-image-preview:large, max-video-preview:-1\" \/>\n<link rel=\"canonical\" href=\"https:\/\/www.nexoinformativo.mx\/index.php\/2024\/11\/20\/ut-de-san-juan-del-rio-se-une-a-la-lucha-por-el-medio-ambiente-con-el-congreso-eas-2024\/\" \/>\n<meta property=\"og:locale\" content=\"es_MX\" \/>\n<meta property=\"og:type\" content=\"article\" \/>\n<meta property=\"og:title\" content=\"UT de San Juan del R\u00edo se une a la lucha por el medio ambiente con el Congreso EAS 2024 | Nexo Informativo Santiago de Quer\u00e9taro\" \/>\n<meta property=\"og:description\" content=\"UT de San Juan del R\u00edo se une a la lucha por el medio ambiente con el Congreso EAS 2024\" \/>\n<meta property=\"og:url\" content=\"https:\/\/www.nexoinformativo.mx\/index.php\/2024\/11\/20\/ut-de-san-juan-del-rio-se-une-a-la-lucha-por-el-medio-ambiente-con-el-congreso-eas-2024\/\" \/>\n<meta property=\"og:site_name\" content=\"Nexo Informativo Santiago de Quer\u00e9taro\" \/>\n<meta property=\"article:publisher\" content=\"https:\/\/www.facebook.com\/people\/Nexo-Informativo\/61564066885511\/\" \/>\n<meta property=\"article:published_time\" content=\"2024-11-20T23:00:53+00:00\" \/>\n<meta property=\"article:modified_time\" content=\"2024-11-21T00:10:23+00:00\" \/>\n<meta property=\"og:image\" content=\"https:\/\/www.nexoinformativo.mx\/wp-content\/uploads\/2024\/11\/PHOTO-2024-11-20-17-44-18-2-e1732147725229.jpg\" \/>\n\t<meta property=\"og:image:width\" content=\"700\" \/>\n\t<meta property=\"og:image:height\" content=\"534\" \/>\n\t<meta property=\"og:image:type\" content=\"image\/jpeg\" \/>\n<meta name=\"author\" content=\"Nexo Informativo\" \/>\n<meta name=\"twitter:card\" content=\"summary_large_image\" \/>\n<meta name=\"twitter:label1\" content=\"Escrito por\" \/>\n\t<meta name=\"twitter:data1\" content=\"Nexo Informativo\" \/>\n\t<meta name=\"twitter:label2\" content=\"Tiempo de lectura\" \/>\n\t<meta name=\"twitter:data2\" content=\"2 minutos\" \/>\n<script type=\"application\/ld+json\" class=\"yoast-schema-graph\">{\"@context\":\"https:\/\/schema.org\",\"@graph\":[{\"@type\":\"Article\",\"@id\":\"https:\/\/www.nexoinformativo.mx\/index.php\/2024\/11\/20\/ut-de-san-juan-del-rio-se-une-a-la-lucha-por-el-medio-ambiente-con-el-congreso-eas-2024\/#article\",\"isPartOf\":{\"@id\":\"https:\/\/www.nexoinformativo.mx\/index.php\/2024\/11\/20\/ut-de-san-juan-del-rio-se-une-a-la-lucha-por-el-medio-ambiente-con-el-congreso-eas-2024\/\"},\"author\":{\"name\":\"Nexo Informativo\",\"@id\":\"https:\/\/www.nexoinformativo.mx\/#\/schema\/person\/7749d380ba08c8ca00d7bc76fd907b7d\"},\"headline\":\"UT de San Juan del R\u00edo se une a la lucha por el medio ambiente con el Congreso EAS 2024\",\"datePublished\":\"2024-11-20T23:00:53+00:00\",\"dateModified\":\"2024-11-21T00:10:23+00:00\",\"mainEntityOfPage\":{\"@id\":\"https:\/\/www.nexoinformativo.mx\/index.php\/2024\/11\/20\/ut-de-san-juan-del-rio-se-une-a-la-lucha-por-el-medio-ambiente-con-el-congreso-eas-2024\/\"},\"wordCount\":230,\"commentCount\":0,\"publisher\":{\"@id\":\"https:\/\/www.nexoinformativo.mx\/#organization\"},\"image\":{\"@id\":\"https:\/\/www.nexoinformativo.mx\/index.php\/2024\/11\/20\/ut-de-san-juan-del-rio-se-une-a-la-lucha-por-el-medio-ambiente-con-el-congreso-eas-2024\/#primaryimage\"},\"thumbnailUrl\":\"https:\/\/www.nexoinformativo.mx\/wp-content\/uploads\/2024\/11\/PHOTO-2024-11-20-17-44-18-2-e1732147725229.jpg\",\"keywords\":[\"EAS2024\",\"Educaci\u00f3nAmbiental\",\"SanJuanDelR\u00edo\",\"Sustentabilidad\"],\"articleSection\":[\"Municipios\",\"\u00daltima Hora\"],\"inLanguage\":\"es\",\"potentialAction\":[{\"@type\":\"CommentAction\",\"name\":\"Comment\",\"target\":[\"https:\/\/www.nexoinformativo.mx\/index.php\/2024\/11\/20\/ut-de-san-juan-del-rio-se-une-a-la-lucha-por-el-medio-ambiente-con-el-congreso-eas-2024\/#respond\"]}]},{\"@type\":\"WebPage\",\"@id\":\"https:\/\/www.nexoinformativo.mx\/index.php\/2024\/11\/20\/ut-de-san-juan-del-rio-se-une-a-la-lucha-por-el-medio-ambiente-con-el-congreso-eas-2024\/\",\"url\":\"https:\/\/www.nexoinformativo.mx\/index.php\/2024\/11\/20\/ut-de-san-juan-del-rio-se-une-a-la-lucha-por-el-medio-ambiente-con-el-congreso-eas-2024\/\",\"name\":\"UT de San Juan del R\u00edo se une a la lucha por el medio ambiente con el Congreso EAS 2024 | Nexo Informativo Santiago de Quer\u00e9taro\",\"isPartOf\":{\"@id\":\"https:\/\/www.nexoinformativo.mx\/#website\"},\"primaryImageOfPage\":{\"@id\":\"https:\/\/www.nexoinformativo.mx\/index.php\/2024\/11\/20\/ut-de-san-juan-del-rio-se-une-a-la-lucha-por-el-medio-ambiente-con-el-congreso-eas-2024\/#primaryimage\"},\"image\":{\"@id\":\"https:\/\/www.nexoinformativo.mx\/index.php\/2024\/11\/20\/ut-de-san-juan-del-rio-se-une-a-la-lucha-por-el-medio-ambiente-con-el-congreso-eas-2024\/#primaryimage\"},\"thumbnailUrl\":\"https:\/\/www.nexoinformativo.mx\/wp-content\/uploads\/2024\/11\/PHOTO-2024-11-20-17-44-18-2-e1732147725229.jpg\",\"datePublished\":\"2024-11-20T23:00:53+00:00\",\"dateModified\":\"2024-11-21T00:10:23+00:00\",\"description\":\"UT de San Juan del R\u00edo se une a la lucha por el medio ambiente con el Congreso EAS 2024\",\"breadcrumb\":{\"@id\":\"https:\/\/www.nexoinformativo.mx\/index.php\/2024\/11\/20\/ut-de-san-juan-del-rio-se-une-a-la-lucha-por-el-medio-ambiente-con-el-congreso-eas-2024\/#breadcrumb\"},\"inLanguage\":\"es\",\"potentialAction\":[{\"@type\":\"ReadAction\",\"target\":[\"https:\/\/www.nexoinformativo.mx\/index.php\/2024\/11\/20\/ut-de-san-juan-del-rio-se-une-a-la-lucha-por-el-medio-ambiente-con-el-congreso-eas-2024\/\"]}]},{\"@type\":\"ImageObject\",\"inLanguage\":\"es\",\"@id\":\"https:\/\/www.nexoinformativo.mx\/index.php\/2024\/11\/20\/ut-de-san-juan-del-rio-se-une-a-la-lucha-por-el-medio-ambiente-con-el-congreso-eas-2024\/#primaryimage\",\"url\":\"https:\/\/www.nexoinformativo.mx\/wp-content\/uploads\/2024\/11\/PHOTO-2024-11-20-17-44-18-2-e1732147725229.jpg\",\"contentUrl\":\"https:\/\/www.nexoinformativo.mx\/wp-content\/uploads\/2024\/11\/PHOTO-2024-11-20-17-44-18-2-e1732147725229.jpg\",\"width\":700,\"height\":534},{\"@type\":\"BreadcrumbList\",\"@id\":\"https:\/\/www.nexoinformativo.mx\/index.php\/2024\/11\/20\/ut-de-san-juan-del-rio-se-une-a-la-lucha-por-el-medio-ambiente-con-el-congreso-eas-2024\/#breadcrumb\",\"itemListElement\":[{\"@type\":\"ListItem\",\"position\":1,\"name\":\"Inicio\",\"item\":\"https:\/\/www.nexoinformativo.mx\/\"},{\"@type\":\"ListItem\",\"position\":2,\"name\":\"UT de San Juan del R\u00edo se une a la lucha por el medio ambiente con el Congreso EAS 2024\"}]},{\"@type\":\"WebSite\",\"@id\":\"https:\/\/www.nexoinformativo.mx\/#website\",\"url\":\"https:\/\/www.nexoinformativo.mx\/\",\"name\":\"Nexo Informativo Santiago de Quer\u00e9taro\",\"description\":\"Explora NexoInformativo y convi\u00e9rtete en parte de una comunidad que valora el conocimiento y la verdad. Tu nexoinformativo es tu puente hacia una comprensi\u00f3n m\u00e1s profunda del mundo que te rodea.\",\"publisher\":{\"@id\":\"https:\/\/www.nexoinformativo.mx\/#organization\"},\"potentialAction\":[{\"@type\":\"SearchAction\",\"target\":{\"@type\":\"EntryPoint\",\"urlTemplate\":\"https:\/\/www.nexoinformativo.mx\/?s={search_term_string}\"},\"query-input\":{\"@type\":\"PropertyValueSpecification\",\"valueRequired\":true,\"valueName\":\"search_term_string\"}}],\"inLanguage\":\"es\"},{\"@type\":\"Organization\",\"@id\":\"https:\/\/www.nexoinformativo.mx\/#organization\",\"name\":\"Nexo Informativo Santiago de Quer\u00e9taro\",\"url\":\"https:\/\/www.nexoinformativo.mx\/\",\"logo\":{\"@type\":\"ImageObject\",\"inLanguage\":\"es\",\"@id\":\"https:\/\/www.nexoinformativo.mx\/#\/schema\/logo\/image\/\",\"url\":\"https:\/\/www.nexoinformativo.mx\/wp-content\/uploads\/2024\/07\/nexoi-trasparente-2.png\",\"contentUrl\":\"https:\/\/www.nexoinformativo.mx\/wp-content\/uploads\/2024\/07\/nexoi-trasparente-2.png\",\"width\":816,\"height\":339,\"caption\":\"Nexo Informativo Santiago de Quer\u00e9taro\"},\"image\":{\"@id\":\"https:\/\/www.nexoinformativo.mx\/#\/schema\/logo\/image\/\"},\"sameAs\":[\"https:\/\/www.facebook.com\/people\/Nexo-Informativo\/61564066885511\/\"]},{\"@type\":\"Person\",\"@id\":\"https:\/\/www.nexoinformativo.mx\/#\/schema\/person\/7749d380ba08c8ca00d7bc76fd907b7d\",\"name\":\"Nexo Informativo\",\"image\":{\"@type\":\"ImageObject\",\"inLanguage\":\"es\",\"@id\":\"https:\/\/www.nexoinformativo.mx\/#\/schema\/person\/image\/\",\"url\":\"https:\/\/secure.gravatar.com\/avatar\/dde2928154642a13d95f87ddf1ea9718fe2b46760a005c53e41ff5ad610704e6?s=96&d=mm&r=g\",\"contentUrl\":\"https:\/\/secure.gravatar.com\/avatar\/dde2928154642a13d95f87ddf1ea9718fe2b46760a005c53e41ff5ad610704e6?s=96&d=mm&r=g\",\"caption\":\"Nexo Informativo\"},\"url\":\"https:\/\/www.nexoinformativo.mx\/index.php\/author\/edicion\/\"}]}<\/script>\n<!-- \/ Yoast SEO plugin. -->","yoast_head_json":{"title":"UT de San Juan del R\u00edo se une a la lucha por el medio ambiente con el Congreso EAS 2024 | Nexo Informativo Santiago de Quer\u00e9taro","description":"UT de San Juan del R\u00edo se une a la lucha por el medio ambiente con el Congreso EAS 2024","robots":{"index":"index","follow":"follow","max-snippet":"max-snippet:-1","max-image-preview":"max-image-preview:large","max-video-preview":"max-video-preview:-1"},"canonical":"https:\/\/www.nexoinformativo.mx\/index.php\/2024\/11\/20\/ut-de-san-juan-del-rio-se-une-a-la-lucha-por-el-medio-ambiente-con-el-congreso-eas-2024\/","og_locale":"es_MX","og_type":"article","og_title":"UT de San Juan del R\u00edo se une a la lucha por el medio ambiente con el Congreso EAS 2024 | Nexo Informativo Santiago de Quer\u00e9taro","og_description":"UT de San Juan del R\u00edo se une a la lucha por el medio ambiente con el Congreso EAS 2024","og_url":"https:\/\/www.nexoinformativo.mx\/index.php\/2024\/11\/20\/ut-de-san-juan-del-rio-se-une-a-la-lucha-por-el-medio-ambiente-con-el-congreso-eas-2024\/","og_site_name":"Nexo Informativo Santiago de Quer\u00e9taro","article_publisher":"https:\/\/www.facebook.com\/people\/Nexo-Informativo\/61564066885511\/","article_published_time":"2024-11-20T23:00:53+00:00","article_modified_time":"2024-11-21T00:10:23+00:00","og_image":[{"width":700,"height":534,"url":"https:\/\/www.nexoinformativo.mx\/wp-content\/uploads\/2024\/11\/PHOTO-2024-11-20-17-44-18-2-e1732147725229.jpg","type":"image\/jpeg"}],"author":"Nexo Informativo","twitter_card":"summary_large_image","twitter_misc":{"Escrito por":"Nexo Informativo","Tiempo de lectura":"2 minutos"},"schema":{"@context":"https:\/\/schema.org","@graph":[{"@type":"Article","@id":"https:\/\/www.nexoinformativo.mx\/index.php\/2024\/11\/20\/ut-de-san-juan-del-rio-se-une-a-la-lucha-por-el-medio-ambiente-con-el-congreso-eas-2024\/#article","isPartOf":{"@id":"https:\/\/www.nexoinformativo.mx\/index.php\/2024\/11\/20\/ut-de-san-juan-del-rio-se-une-a-la-lucha-por-el-medio-ambiente-con-el-congreso-eas-2024\/"},"author":{"name":"Nexo Informativo","@id":"https:\/\/www.nexoinformativo.mx\/#\/schema\/person\/7749d380ba08c8ca00d7bc76fd907b7d"},"headline":"UT de San Juan del R\u00edo se une a la lucha por el medio ambiente con el Congreso EAS 2024","datePublished":"2024-11-20T23:00:53+00:00","dateModified":"2024-11-21T00:10:23+00:00","mainEntityOfPage":{"@id":"https:\/\/www.nexoinformativo.mx\/index.php\/2024\/11\/20\/ut-de-san-juan-del-rio-se-une-a-la-lucha-por-el-medio-ambiente-con-el-congreso-eas-2024\/"},"wordCount":230,"commentCount":0,"publisher":{"@id":"https:\/\/www.nexoinformativo.mx\/#organization"},"image":{"@id":"https:\/\/www.nexoinformativo.mx\/index.php\/2024\/11\/20\/ut-de-san-juan-del-rio-se-une-a-la-lucha-por-el-medio-ambiente-con-el-congreso-eas-2024\/#primaryimage"},"thumbnailUrl":"https:\/\/www.nexoinformativo.mx\/wp-content\/uploads\/2024\/11\/PHOTO-2024-11-20-17-44-18-2-e1732147725229.jpg","keywords":["EAS2024","Educaci\u00f3nAmbiental","SanJuanDelR\u00edo","Sustentabilidad"],"articleSection":["Municipios","\u00daltima Hora"],"inLanguage":"es","potentialAction":[{"@type":"CommentAction","name":"Comment","target":["https:\/\/www.nexoinformativo.mx\/index.php\/2024\/11\/20\/ut-de-san-juan-del-rio-se-une-a-la-lucha-por-el-medio-ambiente-con-el-congreso-eas-2024\/#respond"]}]},{"@type":"WebPage","@id":"https:\/\/www.nexoinformativo.mx\/index.php\/2024\/11\/20\/ut-de-san-juan-del-rio-se-une-a-la-lucha-por-el-medio-ambiente-con-el-congreso-eas-2024\/","url":"https:\/\/www.nexoinformativo.mx\/index.php\/2024\/11\/20\/ut-de-san-juan-del-rio-se-une-a-la-lucha-por-el-medio-ambiente-con-el-congreso-eas-2024\/","name":"UT de San Juan del R\u00edo se une a la lucha por el medio ambiente con el Congreso EAS 2024 | Nexo Informativo Santiago de Quer\u00e9taro","isPartOf":{"@id":"https:\/\/www.nexoinformativo.mx\/#website"},"primaryImageOfPage":{"@id":"https:\/\/www.nexoinformativo.mx\/index.php\/2024\/11\/20\/ut-de-san-juan-del-rio-se-une-a-la-lucha-por-el-medio-ambiente-con-el-congreso-eas-2024\/#primaryimage"},"image":{"@id":"https:\/\/www.nexoinformativo.mx\/index.php\/2024\/11\/20\/ut-de-san-juan-del-rio-se-une-a-la-lucha-por-el-medio-ambiente-con-el-congreso-eas-2024\/#primaryimage"},"thumbnailUrl":"https:\/\/www.nexoinformativo.mx\/wp-content\/uploads\/2024\/11\/PHOTO-2024-11-20-17-44-18-2-e1732147725229.jpg","datePublished":"2024-11-20T23:00:53+00:00","dateModified":"2024-11-21T00:10:23+00:00","description":"UT de San Juan del R\u00edo se une a la lucha por el medio ambiente con el Congreso EAS 2024","breadcrumb":{"@id":"https:\/\/www.nexoinformativo.mx\/index.php\/2024\/11\/20\/ut-de-san-juan-del-rio-se-une-a-la-lucha-por-el-medio-ambiente-con-el-congreso-eas-2024\/#breadcrumb"},"inLanguage":"es","potentialAction":[{"@type":"ReadAction","target":["https:\/\/www.nexoinformativo.mx\/index.php\/2024\/11\/20\/ut-de-san-juan-del-rio-se-une-a-la-lucha-por-el-medio-ambiente-con-el-congreso-eas-2024\/"]}]},{"@type":"ImageObject","inLanguage":"es","@id":"https:\/\/www.nexoinformativo.mx\/index.php\/2024\/11\/20\/ut-de-san-juan-del-rio-se-une-a-la-lucha-por-el-medio-ambiente-con-el-congreso-eas-2024\/#primaryimage","url":"https:\/\/www.nexoinformativo.mx\/wp-content\/uploads\/2024\/11\/PHOTO-2024-11-20-17-44-18-2-e1732147725229.jpg","contentUrl":"https:\/\/www.nexoinformativo.mx\/wp-content\/uploads\/2024\/11\/PHOTO-2024-11-20-17-44-18-2-e1732147725229.jpg","width":700,"height":534},{"@type":"BreadcrumbList","@id":"https:\/\/www.nexoinformativo.mx\/index.php\/2024\/11\/20\/ut-de-san-juan-del-rio-se-une-a-la-lucha-por-el-medio-ambiente-con-el-congreso-eas-2024\/#breadcrumb","itemListElement":[{"@type":"ListItem","position":1,"name":"Inicio","item":"https:\/\/www.nexoinformativo.mx\/"},{"@type":"ListItem","position":2,"name":"UT de San Juan del R\u00edo se une a la lucha por el medio ambiente con el Congreso EAS 2024"}]},{"@type":"WebSite","@id":"https:\/\/www.nexoinformativo.mx\/#website","url":"https:\/\/www.nexoinformativo.mx\/","name":"Nexo Informativo Santiago de Quer\u00e9taro","description":"Explora NexoInformativo y convi\u00e9rtete en parte de una comunidad que valora el conocimiento y la verdad. Tu nexoinformativo es tu puente hacia una comprensi\u00f3n m\u00e1s profunda del mundo que te rodea.","publisher":{"@id":"https:\/\/www.nexoinformativo.mx\/#organization"},"potentialAction":[{"@type":"SearchAction","target":{"@type":"EntryPoint","urlTemplate":"https:\/\/www.nexoinformativo.mx\/?s={search_term_string}"},"query-input":{"@type":"PropertyValueSpecification","valueRequired":true,"valueName":"search_term_string"}}],"inLanguage":"es"},{"@type":"Organization","@id":"https:\/\/www.nexoinformativo.mx\/#organization","name":"Nexo Informativo Santiago de Quer\u00e9taro","url":"https:\/\/www.nexoinformativo.mx\/","logo":{"@type":"ImageObject","inLanguage":"es","@id":"https:\/\/www.nexoinformativo.mx\/#\/schema\/logo\/image\/","url":"https:\/\/www.nexoinformativo.mx\/wp-content\/uploads\/2024\/07\/nexoi-trasparente-2.png","contentUrl":"https:\/\/www.nexoinformativo.mx\/wp-content\/uploads\/2024\/07\/nexoi-trasparente-2.png","width":816,"height":339,"caption":"Nexo Informativo Santiago de Quer\u00e9taro"},"image":{"@id":"https:\/\/www.nexoinformativo.mx\/#\/schema\/logo\/image\/"},"sameAs":["https:\/\/www.facebook.com\/people\/Nexo-Informativo\/61564066885511\/"]},{"@type":"Person","@id":"https:\/\/www.nexoinformativo.mx\/#\/schema\/person\/7749d380ba08c8ca00d7bc76fd907b7d","name":"Nexo Informativo","image":{"@type":"ImageObject","inLanguage":"es","@id":"https:\/\/www.nexoinformativo.mx\/#\/schema\/person\/image\/","url":"https:\/\/secure.gravatar.com\/avatar\/dde2928154642a13d95f87ddf1ea9718fe2b46760a005c53e41ff5ad610704e6?s=96&d=mm&r=g","contentUrl":"https:\/\/secure.gravatar.com\/avatar\/dde2928154642a13d95f87ddf1ea9718fe2b46760a005c53e41ff5ad610704e6?s=96&d=mm&r=g","caption":"Nexo Informativo"},"url":"https:\/\/www.nexoinformativo.mx\/index.php\/author\/edicion\/"}]}},"_links":{"self":[{"href":"https:\/\/www.nexoinformativo.mx\/index.php\/wp-json\/wp\/v2\/posts\/6555","targetHints":{"allow":["GET"]}}],"collection":[{"href":"https:\/\/www.nexoinformativo.mx\/index.php\/wp-json\/wp\/v2\/posts"}],"about":[{"href":"https:\/\/www.nexoinformativo.mx\/index.php\/wp-json\/wp\/v2\/types\/post"}],"author":[{"embeddable":true,"href":"https:\/\/www.nexoinformativo.mx\/index.php\/wp-json\/wp\/v2\/users\/3"}],"replies":[{"embeddable":true,"href":"https:\/\/www.nexoinformativo.mx\/index.php\/wp-json\/wp\/v2\/comments?post=6555"}],"version-history":[{"count":5,"href":"https:\/\/www.nexoinformativo.mx\/index.php\/wp-json\/wp\/v2\/posts\/6555\/revisions"}],"predecessor-version":[{"id":6560,"href":"https:\/\/www.nexoinformativo.mx\/index.php\/wp-json\/wp\/v2\/posts\/6555\/revisions\/6560"}],"wp:featuredmedia":[{"embeddable":true,"href":"https:\/\/www.nexoinformativo.mx\/index.php\/wp-json\/wp\/v2\/media\/6556"}],"wp:attachment":[{"href":"https:\/\/www.nexoinformativo.mx\/index.php\/wp-json\/wp\/v2\/media?parent=6555"}],"wp:term":[{"taxonomy":"category","embeddable":true,"href":"https:\/\/www.nexoinformativo.mx\/index.php\/wp-json\/wp\/v2\/categories?post=6555"},{"taxonomy":"post_tag","embeddable":true,"href":"https:\/\/www.nexoinformativo.mx\/index.php\/wp-json\/wp\/v2\/tags?post=6555"}],"curies":[{"name":"wp","href":"https:\/\/api.w.org\/{rel}","templated":true}]}}