{"id":6562,"date":"2024-11-20T18:00:05","date_gmt":"2024-11-21T00:00:05","guid":{"rendered":"https:\/\/www.nexoinformativo.mx\/?p=6562"},"modified":"2024-11-20T19:54:15","modified_gmt":"2024-11-21T01:54:15","slug":"operativos-intensifican-la-seguridad-en-queretaro-detienen-a-17-y-aseguran-armas","status":"publish","type":"post","link":"https:\/\/www.nexoinformativo.mx\/index.php\/2024\/11\/20\/operativos-intensifican-la-seguridad-en-queretaro-detienen-a-17-y-aseguran-armas\/","title":{"rendered":"Operativos intensifican la seguridad en Quer\u00e9taro: Detienen a 17 y aseguran armas"},"content":{"rendered":"<p style=\"text-align: justify;\" data-sourcepos=\"9:1-9:295\">En un esfuerzo por fortalecer la seguridad en el estado, la Secretar\u00eda de Seguridad Ciudadana de Quer\u00e9taro ha llevado a cabo 24 operativos en los \u00faltimos d\u00edas, lo que ha resultado en la detenci\u00f3n de 17 personas, el aseguramiento de armas y veh\u00edculos, as\u00ed como el decomiso de sustancias il\u00edcitas.<\/p>\n<p>&nbsp;<\/p>\n<p style=\"text-align: justify;\" data-sourcepos=\"11:1-11:307\">El secretario de Seguridad Ciudadana, Iov\u00e1n El\u00edas P\u00e9rez, inform\u00f3 que estos operativos se realizaron en coordinaci\u00f3n con la Secretar\u00eda de la Defensa Nacional (SEDENA) y la Guardia Nacional. Los resultados obtenidos demuestran el compromiso de las autoridades por garantizar la tranquilidad de los ciudadanos.<\/p>\n<p>&nbsp;<\/p>\n<p style=\"text-align: justify;\" data-sourcepos=\"13:1-13:70\">Entre los resultados destacados de estos operativos se encuentran:<\/p>\n<ul style=\"text-align: justify;\" data-sourcepos=\"15:1-19:0\">\n<li data-sourcepos=\"15:1-15:94\"><strong>Detenciones:<\/strong> 17 personas fueron puestas a disposici\u00f3n de la Fiscal\u00eda General del Estado.<\/li>\n<li data-sourcepos=\"16:1-16:76\"><strong>Veh\u00edculos recuperados:<\/strong> Se recuperaron 5 veh\u00edculos con reporte de robo.<\/li>\n<li data-sourcepos=\"17:1-17:77\"><strong>Armas aseguradas:<\/strong> Se aseguraron 4 armas de fuego y 12 cartuchos \u00fatiles.<\/li>\n<li data-sourcepos=\"18:1-19:0\"><strong>Drogas decomisadas:<\/strong> Se decomisaron 262 dosis de diversas sustancias t\u00f3xicas.<\/li>\n<\/ul>\n<p>&nbsp;<\/p>\n<p style=\"text-align: justify;\" data-sourcepos=\"20:1-20:212\">El secretario P\u00e9rez tambi\u00e9n mencion\u00f3 que se ha estado colaborando estrechamente con la Fiscal\u00eda General del Estado en los operativos de cateo relacionados con el reciente ataque armado ocurrido en Los Cantaritos.<\/p>\n<p>&nbsp;<\/p>\n<p style=\"text-align: center;\" data-sourcepos=\"20:1-20:212\"><em><strong>\u00a1Informaci\u00f3n que transforma!<\/strong><\/em><\/p>\n","protected":false},"excerpt":{"rendered":"<p>En un esfuerzo por fortalecer la seguridad en el estado, la Secretar\u00eda de Seguridad Ciudadana de Quer\u00e9taro ha llevado a cabo 24 operativos en los \u00faltimos d\u00edas, lo que ha resultado en la detenci\u00f3n de 17 personas, el aseguramiento de armas y veh\u00edculos, as\u00ed como el decomiso de sustancias il\u00edcitas.<\/p>\n","protected":false},"author":3,"featured_media":6563,"comment_status":"open","ping_status":"open","sticky":false,"template":"","format":"standard","meta":{"footnotes":""},"categories":[137,58],"tags":[2233,723,132,266],"class_list":["post-6562","post","type-post","status-publish","format-standard","has-post-thumbnail","hentry","category-sucesos","category-ultima-hora","tag-armasaseguradas","tag-detenciones","tag-operativos","tag-seguridadqueretaro"],"yoast_head":"<!-- This site is optimized with the Yoast SEO plugin v25.0 - https:\/\/yoast.com\/wordpress\/plugins\/seo\/ -->\n<title>Operativos intensifican la seguridad en Quer\u00e9taro: Detienen a 17 y aseguran armas | Nexo Informativo Santiago de Quer\u00e9taro<\/title>\n<meta name=\"description\" content=\"Operativos intensifican la seguridad en Quer\u00e9taro: Detienen a 17 y aseguran armas\" \/>\n<meta name=\"robots\" content=\"index, follow, max-snippet:-1, max-image-preview:large, max-video-preview:-1\" \/>\n<link rel=\"canonical\" href=\"https:\/\/www.nexoinformativo.mx\/index.php\/2024\/11\/20\/operativos-intensifican-la-seguridad-en-queretaro-detienen-a-17-y-aseguran-armas\/\" \/>\n<meta property=\"og:locale\" content=\"es_MX\" \/>\n<meta property=\"og:type\" content=\"article\" \/>\n<meta property=\"og:title\" content=\"Operativos intensifican la seguridad en Quer\u00e9taro: Detienen a 17 y aseguran armas | Nexo Informativo Santiago de Quer\u00e9taro\" \/>\n<meta property=\"og:description\" content=\"Operativos intensifican la seguridad en Quer\u00e9taro: Detienen a 17 y aseguran armas\" \/>\n<meta property=\"og:url\" content=\"https:\/\/www.nexoinformativo.mx\/index.php\/2024\/11\/20\/operativos-intensifican-la-seguridad-en-queretaro-detienen-a-17-y-aseguran-armas\/\" \/>\n<meta property=\"og:site_name\" content=\"Nexo Informativo Santiago de Quer\u00e9taro\" \/>\n<meta property=\"article:publisher\" content=\"https:\/\/www.facebook.com\/people\/Nexo-Informativo\/61564066885511\/\" \/>\n<meta property=\"article:published_time\" content=\"2024-11-21T00:00:05+00:00\" \/>\n<meta property=\"article:modified_time\" content=\"2024-11-21T01:54:15+00:00\" \/>\n<meta property=\"og:image\" content=\"https:\/\/www.nexoinformativo.mx\/wp-content\/uploads\/2024\/11\/PHOTO-2024-11-20-18-29-30-e1732153948174.jpg\" \/>\n\t<meta property=\"og:image:width\" content=\"700\" \/>\n\t<meta property=\"og:image:height\" content=\"525\" \/>\n\t<meta property=\"og:image:type\" content=\"image\/jpeg\" \/>\n<meta name=\"author\" content=\"Nexo Informativo\" \/>\n<meta name=\"twitter:card\" content=\"summary_large_image\" \/>\n<meta name=\"twitter:label1\" content=\"Escrito por\" \/>\n\t<meta name=\"twitter:data1\" content=\"Nexo Informativo\" \/>\n\t<meta name=\"twitter:label2\" content=\"Tiempo de lectura\" \/>\n\t<meta name=\"twitter:data2\" content=\"2 minutos\" \/>\n<script type=\"application\/ld+json\" class=\"yoast-schema-graph\">{\"@context\":\"https:\/\/schema.org\",\"@graph\":[{\"@type\":\"Article\",\"@id\":\"https:\/\/www.nexoinformativo.mx\/index.php\/2024\/11\/20\/operativos-intensifican-la-seguridad-en-queretaro-detienen-a-17-y-aseguran-armas\/#article\",\"isPartOf\":{\"@id\":\"https:\/\/www.nexoinformativo.mx\/index.php\/2024\/11\/20\/operativos-intensifican-la-seguridad-en-queretaro-detienen-a-17-y-aseguran-armas\/\"},\"author\":{\"name\":\"Nexo Informativo\",\"@id\":\"https:\/\/www.nexoinformativo.mx\/#\/schema\/person\/7749d380ba08c8ca00d7bc76fd907b7d\"},\"headline\":\"Operativos intensifican la seguridad en Quer\u00e9taro: Detienen a 17 y aseguran armas\",\"datePublished\":\"2024-11-21T00:00:05+00:00\",\"dateModified\":\"2024-11-21T01:54:15+00:00\",\"mainEntityOfPage\":{\"@id\":\"https:\/\/www.nexoinformativo.mx\/index.php\/2024\/11\/20\/operativos-intensifican-la-seguridad-en-queretaro-detienen-a-17-y-aseguran-armas\/\"},\"wordCount\":212,\"commentCount\":0,\"publisher\":{\"@id\":\"https:\/\/www.nexoinformativo.mx\/#organization\"},\"image\":{\"@id\":\"https:\/\/www.nexoinformativo.mx\/index.php\/2024\/11\/20\/operativos-intensifican-la-seguridad-en-queretaro-detienen-a-17-y-aseguran-armas\/#primaryimage\"},\"thumbnailUrl\":\"https:\/\/www.nexoinformativo.mx\/wp-content\/uploads\/2024\/11\/PHOTO-2024-11-20-18-29-30-e1732153948174.jpg\",\"keywords\":[\"ArmasAseguradas\",\"Detenciones\",\"Operativos\",\"SeguridadQueretaro\"],\"articleSection\":[\"Sucesos\",\"\u00daltima Hora\"],\"inLanguage\":\"es\",\"potentialAction\":[{\"@type\":\"CommentAction\",\"name\":\"Comment\",\"target\":[\"https:\/\/www.nexoinformativo.mx\/index.php\/2024\/11\/20\/operativos-intensifican-la-seguridad-en-queretaro-detienen-a-17-y-aseguran-armas\/#respond\"]}]},{\"@type\":\"WebPage\",\"@id\":\"https:\/\/www.nexoinformativo.mx\/index.php\/2024\/11\/20\/operativos-intensifican-la-seguridad-en-queretaro-detienen-a-17-y-aseguran-armas\/\",\"url\":\"https:\/\/www.nexoinformativo.mx\/index.php\/2024\/11\/20\/operativos-intensifican-la-seguridad-en-queretaro-detienen-a-17-y-aseguran-armas\/\",\"name\":\"Operativos intensifican la seguridad en Quer\u00e9taro: Detienen a 17 y aseguran armas | Nexo Informativo Santiago de Quer\u00e9taro\",\"isPartOf\":{\"@id\":\"https:\/\/www.nexoinformativo.mx\/#website\"},\"primaryImageOfPage\":{\"@id\":\"https:\/\/www.nexoinformativo.mx\/index.php\/2024\/11\/20\/operativos-intensifican-la-seguridad-en-queretaro-detienen-a-17-y-aseguran-armas\/#primaryimage\"},\"image\":{\"@id\":\"https:\/\/www.nexoinformativo.mx\/index.php\/2024\/11\/20\/operativos-intensifican-la-seguridad-en-queretaro-detienen-a-17-y-aseguran-armas\/#primaryimage\"},\"thumbnailUrl\":\"https:\/\/www.nexoinformativo.mx\/wp-content\/uploads\/2024\/11\/PHOTO-2024-11-20-18-29-30-e1732153948174.jpg\",\"datePublished\":\"2024-11-21T00:00:05+00:00\",\"dateModified\":\"2024-11-21T01:54:15+00:00\",\"description\":\"Operativos intensifican la seguridad en Quer\u00e9taro: Detienen a 17 y aseguran armas\",\"breadcrumb\":{\"@id\":\"https:\/\/www.nexoinformativo.mx\/index.php\/2024\/11\/20\/operativos-intensifican-la-seguridad-en-queretaro-detienen-a-17-y-aseguran-armas\/#breadcrumb\"},\"inLanguage\":\"es\",\"potentialAction\":[{\"@type\":\"ReadAction\",\"target\":[\"https:\/\/www.nexoinformativo.mx\/index.php\/2024\/11\/20\/operativos-intensifican-la-seguridad-en-queretaro-detienen-a-17-y-aseguran-armas\/\"]}]},{\"@type\":\"ImageObject\",\"inLanguage\":\"es\",\"@id\":\"https:\/\/www.nexoinformativo.mx\/index.php\/2024\/11\/20\/operativos-intensifican-la-seguridad-en-queretaro-detienen-a-17-y-aseguran-armas\/#primaryimage\",\"url\":\"https:\/\/www.nexoinformativo.mx\/wp-content\/uploads\/2024\/11\/PHOTO-2024-11-20-18-29-30-e1732153948174.jpg\",\"contentUrl\":\"https:\/\/www.nexoinformativo.mx\/wp-content\/uploads\/2024\/11\/PHOTO-2024-11-20-18-29-30-e1732153948174.jpg\",\"width\":700,\"height\":525},{\"@type\":\"BreadcrumbList\",\"@id\":\"https:\/\/www.nexoinformativo.mx\/index.php\/2024\/11\/20\/operativos-intensifican-la-seguridad-en-queretaro-detienen-a-17-y-aseguran-armas\/#breadcrumb\",\"itemListElement\":[{\"@type\":\"ListItem\",\"position\":1,\"name\":\"Inicio\",\"item\":\"https:\/\/www.nexoinformativo.mx\/\"},{\"@type\":\"ListItem\",\"position\":2,\"name\":\"Operativos intensifican la seguridad en Quer\u00e9taro: Detienen a 17 y aseguran armas\"}]},{\"@type\":\"WebSite\",\"@id\":\"https:\/\/www.nexoinformativo.mx\/#website\",\"url\":\"https:\/\/www.nexoinformativo.mx\/\",\"name\":\"Nexo Informativo Santiago de Quer\u00e9taro\",\"description\":\"Explora NexoInformativo y convi\u00e9rtete en parte de una comunidad que valora el conocimiento y la verdad. Tu nexoinformativo es tu puente hacia una comprensi\u00f3n m\u00e1s profunda del mundo que te rodea.\",\"publisher\":{\"@id\":\"https:\/\/www.nexoinformativo.mx\/#organization\"},\"potentialAction\":[{\"@type\":\"SearchAction\",\"target\":{\"@type\":\"EntryPoint\",\"urlTemplate\":\"https:\/\/www.nexoinformativo.mx\/?s={search_term_string}\"},\"query-input\":{\"@type\":\"PropertyValueSpecification\",\"valueRequired\":true,\"valueName\":\"search_term_string\"}}],\"inLanguage\":\"es\"},{\"@type\":\"Organization\",\"@id\":\"https:\/\/www.nexoinformativo.mx\/#organization\",\"name\":\"Nexo Informativo Santiago de Quer\u00e9taro\",\"url\":\"https:\/\/www.nexoinformativo.mx\/\",\"logo\":{\"@type\":\"ImageObject\",\"inLanguage\":\"es\",\"@id\":\"https:\/\/www.nexoinformativo.mx\/#\/schema\/logo\/image\/\",\"url\":\"https:\/\/www.nexoinformativo.mx\/wp-content\/uploads\/2024\/07\/nexoi-trasparente-2.png\",\"contentUrl\":\"https:\/\/www.nexoinformativo.mx\/wp-content\/uploads\/2024\/07\/nexoi-trasparente-2.png\",\"width\":816,\"height\":339,\"caption\":\"Nexo Informativo Santiago de Quer\u00e9taro\"},\"image\":{\"@id\":\"https:\/\/www.nexoinformativo.mx\/#\/schema\/logo\/image\/\"},\"sameAs\":[\"https:\/\/www.facebook.com\/people\/Nexo-Informativo\/61564066885511\/\"]},{\"@type\":\"Person\",\"@id\":\"https:\/\/www.nexoinformativo.mx\/#\/schema\/person\/7749d380ba08c8ca00d7bc76fd907b7d\",\"name\":\"Nexo Informativo\",\"image\":{\"@type\":\"ImageObject\",\"inLanguage\":\"es\",\"@id\":\"https:\/\/www.nexoinformativo.mx\/#\/schema\/person\/image\/\",\"url\":\"https:\/\/secure.gravatar.com\/avatar\/dde2928154642a13d95f87ddf1ea9718fe2b46760a005c53e41ff5ad610704e6?s=96&d=mm&r=g\",\"contentUrl\":\"https:\/\/secure.gravatar.com\/avatar\/dde2928154642a13d95f87ddf1ea9718fe2b46760a005c53e41ff5ad610704e6?s=96&d=mm&r=g\",\"caption\":\"Nexo Informativo\"},\"url\":\"https:\/\/www.nexoinformativo.mx\/index.php\/author\/edicion\/\"}]}<\/script>\n<!-- \/ Yoast SEO plugin. -->","yoast_head_json":{"title":"Operativos intensifican la seguridad en Quer\u00e9taro: Detienen a 17 y aseguran armas | Nexo Informativo Santiago de Quer\u00e9taro","description":"Operativos intensifican la seguridad en Quer\u00e9taro: Detienen a 17 y aseguran armas","robots":{"index":"index","follow":"follow","max-snippet":"max-snippet:-1","max-image-preview":"max-image-preview:large","max-video-preview":"max-video-preview:-1"},"canonical":"https:\/\/www.nexoinformativo.mx\/index.php\/2024\/11\/20\/operativos-intensifican-la-seguridad-en-queretaro-detienen-a-17-y-aseguran-armas\/","og_locale":"es_MX","og_type":"article","og_title":"Operativos intensifican la seguridad en Quer\u00e9taro: Detienen a 17 y aseguran armas | Nexo Informativo Santiago de Quer\u00e9taro","og_description":"Operativos intensifican la seguridad en Quer\u00e9taro: Detienen a 17 y aseguran armas","og_url":"https:\/\/www.nexoinformativo.mx\/index.php\/2024\/11\/20\/operativos-intensifican-la-seguridad-en-queretaro-detienen-a-17-y-aseguran-armas\/","og_site_name":"Nexo Informativo Santiago de Quer\u00e9taro","article_publisher":"https:\/\/www.facebook.com\/people\/Nexo-Informativo\/61564066885511\/","article_published_time":"2024-11-21T00:00:05+00:00","article_modified_time":"2024-11-21T01:54:15+00:00","og_image":[{"width":700,"height":525,"url":"https:\/\/www.nexoinformativo.mx\/wp-content\/uploads\/2024\/11\/PHOTO-2024-11-20-18-29-30-e1732153948174.jpg","type":"image\/jpeg"}],"author":"Nexo Informativo","twitter_card":"summary_large_image","twitter_misc":{"Escrito por":"Nexo Informativo","Tiempo de lectura":"2 minutos"},"schema":{"@context":"https:\/\/schema.org","@graph":[{"@type":"Article","@id":"https:\/\/www.nexoinformativo.mx\/index.php\/2024\/11\/20\/operativos-intensifican-la-seguridad-en-queretaro-detienen-a-17-y-aseguran-armas\/#article","isPartOf":{"@id":"https:\/\/www.nexoinformativo.mx\/index.php\/2024\/11\/20\/operativos-intensifican-la-seguridad-en-queretaro-detienen-a-17-y-aseguran-armas\/"},"author":{"name":"Nexo Informativo","@id":"https:\/\/www.nexoinformativo.mx\/#\/schema\/person\/7749d380ba08c8ca00d7bc76fd907b7d"},"headline":"Operativos intensifican la seguridad en Quer\u00e9taro: Detienen a 17 y aseguran armas","datePublished":"2024-11-21T00:00:05+00:00","dateModified":"2024-11-21T01:54:15+00:00","mainEntityOfPage":{"@id":"https:\/\/www.nexoinformativo.mx\/index.php\/2024\/11\/20\/operativos-intensifican-la-seguridad-en-queretaro-detienen-a-17-y-aseguran-armas\/"},"wordCount":212,"commentCount":0,"publisher":{"@id":"https:\/\/www.nexoinformativo.mx\/#organization"},"image":{"@id":"https:\/\/www.nexoinformativo.mx\/index.php\/2024\/11\/20\/operativos-intensifican-la-seguridad-en-queretaro-detienen-a-17-y-aseguran-armas\/#primaryimage"},"thumbnailUrl":"https:\/\/www.nexoinformativo.mx\/wp-content\/uploads\/2024\/11\/PHOTO-2024-11-20-18-29-30-e1732153948174.jpg","keywords":["ArmasAseguradas","Detenciones","Operativos","SeguridadQueretaro"],"articleSection":["Sucesos","\u00daltima Hora"],"inLanguage":"es","potentialAction":[{"@type":"CommentAction","name":"Comment","target":["https:\/\/www.nexoinformativo.mx\/index.php\/2024\/11\/20\/operativos-intensifican-la-seguridad-en-queretaro-detienen-a-17-y-aseguran-armas\/#respond"]}]},{"@type":"WebPage","@id":"https:\/\/www.nexoinformativo.mx\/index.php\/2024\/11\/20\/operativos-intensifican-la-seguridad-en-queretaro-detienen-a-17-y-aseguran-armas\/","url":"https:\/\/www.nexoinformativo.mx\/index.php\/2024\/11\/20\/operativos-intensifican-la-seguridad-en-queretaro-detienen-a-17-y-aseguran-armas\/","name":"Operativos intensifican la seguridad en Quer\u00e9taro: Detienen a 17 y aseguran armas | Nexo Informativo Santiago de Quer\u00e9taro","isPartOf":{"@id":"https:\/\/www.nexoinformativo.mx\/#website"},"primaryImageOfPage":{"@id":"https:\/\/www.nexoinformativo.mx\/index.php\/2024\/11\/20\/operativos-intensifican-la-seguridad-en-queretaro-detienen-a-17-y-aseguran-armas\/#primaryimage"},"image":{"@id":"https:\/\/www.nexoinformativo.mx\/index.php\/2024\/11\/20\/operativos-intensifican-la-seguridad-en-queretaro-detienen-a-17-y-aseguran-armas\/#primaryimage"},"thumbnailUrl":"https:\/\/www.nexoinformativo.mx\/wp-content\/uploads\/2024\/11\/PHOTO-2024-11-20-18-29-30-e1732153948174.jpg","datePublished":"2024-11-21T00:00:05+00:00","dateModified":"2024-11-21T01:54:15+00:00","description":"Operativos intensifican la seguridad en Quer\u00e9taro: Detienen a 17 y aseguran armas","breadcrumb":{"@id":"https:\/\/www.nexoinformativo.mx\/index.php\/2024\/11\/20\/operativos-intensifican-la-seguridad-en-queretaro-detienen-a-17-y-aseguran-armas\/#breadcrumb"},"inLanguage":"es","potentialAction":[{"@type":"ReadAction","target":["https:\/\/www.nexoinformativo.mx\/index.php\/2024\/11\/20\/operativos-intensifican-la-seguridad-en-queretaro-detienen-a-17-y-aseguran-armas\/"]}]},{"@type":"ImageObject","inLanguage":"es","@id":"https:\/\/www.nexoinformativo.mx\/index.php\/2024\/11\/20\/operativos-intensifican-la-seguridad-en-queretaro-detienen-a-17-y-aseguran-armas\/#primaryimage","url":"https:\/\/www.nexoinformativo.mx\/wp-content\/uploads\/2024\/11\/PHOTO-2024-11-20-18-29-30-e1732153948174.jpg","contentUrl":"https:\/\/www.nexoinformativo.mx\/wp-content\/uploads\/2024\/11\/PHOTO-2024-11-20-18-29-30-e1732153948174.jpg","width":700,"height":525},{"@type":"BreadcrumbList","@id":"https:\/\/www.nexoinformativo.mx\/index.php\/2024\/11\/20\/operativos-intensifican-la-seguridad-en-queretaro-detienen-a-17-y-aseguran-armas\/#breadcrumb","itemListElement":[{"@type":"ListItem","position":1,"name":"Inicio","item":"https:\/\/www.nexoinformativo.mx\/"},{"@type":"ListItem","position":2,"name":"Operativos intensifican la seguridad en Quer\u00e9taro: Detienen a 17 y aseguran armas"}]},{"@type":"WebSite","@id":"https:\/\/www.nexoinformativo.mx\/#website","url":"https:\/\/www.nexoinformativo.mx\/","name":"Nexo Informativo Santiago de Quer\u00e9taro","description":"Explora NexoInformativo y convi\u00e9rtete en parte de una comunidad que valora el conocimiento y la verdad. Tu nexoinformativo es tu puente hacia una comprensi\u00f3n m\u00e1s profunda del mundo que te rodea.","publisher":{"@id":"https:\/\/www.nexoinformativo.mx\/#organization"},"potentialAction":[{"@type":"SearchAction","target":{"@type":"EntryPoint","urlTemplate":"https:\/\/www.nexoinformativo.mx\/?s={search_term_string}"},"query-input":{"@type":"PropertyValueSpecification","valueRequired":true,"valueName":"search_term_string"}}],"inLanguage":"es"},{"@type":"Organization","@id":"https:\/\/www.nexoinformativo.mx\/#organization","name":"Nexo Informativo Santiago de Quer\u00e9taro","url":"https:\/\/www.nexoinformativo.mx\/","logo":{"@type":"ImageObject","inLanguage":"es","@id":"https:\/\/www.nexoinformativo.mx\/#\/schema\/logo\/image\/","url":"https:\/\/www.nexoinformativo.mx\/wp-content\/uploads\/2024\/07\/nexoi-trasparente-2.png","contentUrl":"https:\/\/www.nexoinformativo.mx\/wp-content\/uploads\/2024\/07\/nexoi-trasparente-2.png","width":816,"height":339,"caption":"Nexo Informativo Santiago de Quer\u00e9taro"},"image":{"@id":"https:\/\/www.nexoinformativo.mx\/#\/schema\/logo\/image\/"},"sameAs":["https:\/\/www.facebook.com\/people\/Nexo-Informativo\/61564066885511\/"]},{"@type":"Person","@id":"https:\/\/www.nexoinformativo.mx\/#\/schema\/person\/7749d380ba08c8ca00d7bc76fd907b7d","name":"Nexo Informativo","image":{"@type":"ImageObject","inLanguage":"es","@id":"https:\/\/www.nexoinformativo.mx\/#\/schema\/person\/image\/","url":"https:\/\/secure.gravatar.com\/avatar\/dde2928154642a13d95f87ddf1ea9718fe2b46760a005c53e41ff5ad610704e6?s=96&d=mm&r=g","contentUrl":"https:\/\/secure.gravatar.com\/avatar\/dde2928154642a13d95f87ddf1ea9718fe2b46760a005c53e41ff5ad610704e6?s=96&d=mm&r=g","caption":"Nexo Informativo"},"url":"https:\/\/www.nexoinformativo.mx\/index.php\/author\/edicion\/"}]}},"_links":{"self":[{"href":"https:\/\/www.nexoinformativo.mx\/index.php\/wp-json\/wp\/v2\/posts\/6562","targetHints":{"allow":["GET"]}}],"collection":[{"href":"https:\/\/www.nexoinformativo.mx\/index.php\/wp-json\/wp\/v2\/posts"}],"about":[{"href":"https:\/\/www.nexoinformativo.mx\/index.php\/wp-json\/wp\/v2\/types\/post"}],"author":[{"embeddable":true,"href":"https:\/\/www.nexoinformativo.mx\/index.php\/wp-json\/wp\/v2\/users\/3"}],"replies":[{"embeddable":true,"href":"https:\/\/www.nexoinformativo.mx\/index.php\/wp-json\/wp\/v2\/comments?post=6562"}],"version-history":[{"count":4,"href":"https:\/\/www.nexoinformativo.mx\/index.php\/wp-json\/wp\/v2\/posts\/6562\/revisions"}],"predecessor-version":[{"id":6566,"href":"https:\/\/www.nexoinformativo.mx\/index.php\/wp-json\/wp\/v2\/posts\/6562\/revisions\/6566"}],"wp:featuredmedia":[{"embeddable":true,"href":"https:\/\/www.nexoinformativo.mx\/index.php\/wp-json\/wp\/v2\/media\/6563"}],"wp:attachment":[{"href":"https:\/\/www.nexoinformativo.mx\/index.php\/wp-json\/wp\/v2\/media?parent=6562"}],"wp:term":[{"taxonomy":"category","embeddable":true,"href":"https:\/\/www.nexoinformativo.mx\/index.php\/wp-json\/wp\/v2\/categories?post=6562"},{"taxonomy":"post_tag","embeddable":true,"href":"https:\/\/www.nexoinformativo.mx\/index.php\/wp-json\/wp\/v2\/tags?post=6562"}],"curies":[{"name":"wp","href":"https:\/\/api.w.org\/{rel}","templated":true}]}}