{"id":6568,"date":"2024-11-20T19:00:59","date_gmt":"2024-11-21T01:00:59","guid":{"rendered":"https:\/\/www.nexoinformativo.mx\/?p=6568"},"modified":"2024-11-20T19:59:56","modified_gmt":"2024-11-21T01:59:56","slug":"vinculan-a-proceso-a-tres-por-homicidio-en-plaza-la-cruz-tambien-se-les-acusa-de-robo-y-privacion-de-la-libertad","status":"publish","type":"post","link":"https:\/\/www.nexoinformativo.mx\/index.php\/2024\/11\/20\/vinculan-a-proceso-a-tres-por-homicidio-en-plaza-la-cruz-tambien-se-les-acusa-de-robo-y-privacion-de-la-libertad\/","title":{"rendered":"Vinculan a proceso a tres por homicidio en Plaza La Cruz: Tambi\u00e9n se les acusa de robo y privaci\u00f3n de la libertad"},"content":{"rendered":"<p style=\"text-align: justify;\" data-sourcepos=\"9:1-9:319\">La Fiscal\u00eda General del Estado (FGE) ha logrado un importante avance en la investigaci\u00f3n del homicidio ocurrido el pasado 1 de noviembre en Plaza La Cruz, en el municipio de Quer\u00e9taro.<\/p>\n<p>&nbsp;<\/p>\n<p style=\"text-align: justify;\" data-sourcepos=\"9:1-9:319\">En una audiencia realizada este d\u00eda, un juez de control vincul\u00f3 a proceso a tres personas como presuntos responsables de este crimen.<\/p>\n<p>&nbsp;<\/p>\n<p style=\"text-align: justify;\" data-sourcepos=\"11:1-11:385\">Adem\u00e1s del homicidio, los imputados tambi\u00e9n enfrentan cargos por robo equiparado de un veh\u00edculo y privaci\u00f3n de la libertad en agravio de un conductor de aplicaci\u00f3n.<\/p>\n<p>&nbsp;<\/p>\n<p style=\"text-align: justify;\" data-sourcepos=\"11:1-11:385\">La Fiscal\u00eda inform\u00f3 que las \u00f3rdenes de aprehensi\u00f3n fueron ejecutadas gracias al trabajo exhaustivo de la Polic\u00eda de Investigaci\u00f3n del Delito (PID), quienes recabaron las pruebas necesarias para presentarlas ante el juez.<\/p>\n<p>&nbsp;<\/p>\n<p style=\"text-align: justify;\" data-sourcepos=\"13:1-13:304\">La detenci\u00f3n de estos sujetos fue posible gracias a la colaboraci\u00f3n entre la Fiscal\u00eda y la Secretar\u00eda de Seguridad P\u00fablica Municipal de Quer\u00e9taro. Este resultado demuestra el compromiso de las autoridades por garantizar la seguridad de los ciudadanos y llevar ante la justicia a quienes infringen la ley.<\/p>\n<p>&nbsp;<\/p>\n<p style=\"text-align: center;\" data-sourcepos=\"13:1-13:304\"><em><strong>\u00a1Informaci\u00f3n que transforma!<\/strong><\/em><\/p>\n","protected":false},"excerpt":{"rendered":"<p>La Fiscal\u00eda General del Estado (FGE) ha logrado un importante avance en la investigaci\u00f3n del homicidio ocurrido el pasado 1 de noviembre en Plaza La Cruz, en el municipio de Quer\u00e9taro.<\/p>\n","protected":false},"author":3,"featured_media":6569,"comment_status":"open","ping_status":"open","sticky":false,"template":"","format":"standard","meta":{"footnotes":""},"categories":[137,58],"tags":[723,2234,1968,266],"class_list":["post-6568","post","type-post","status-publish","format-standard","has-post-thumbnail","hentry","category-sucesos","category-ultima-hora","tag-detenciones","tag-homicidioplazalacruz","tag-justiciaporqueretaro","tag-seguridadqueretaro"],"yoast_head":"<!-- This site is optimized with the Yoast SEO plugin v25.0 - https:\/\/yoast.com\/wordpress\/plugins\/seo\/ -->\n<title>Vinculan a proceso a tres por homicidio en Plaza La Cruz: Tambi\u00e9n se les acusa de robo y privaci\u00f3n de la libertad | Nexo Informativo Santiago de Quer\u00e9taro<\/title>\n<meta name=\"description\" content=\"Vinculan a proceso a tres por homicidio en Plaza La Cruz: Tambi\u00e9n se les acusa de robo y privaci\u00f3n de la libertad\" \/>\n<meta name=\"robots\" content=\"index, follow, max-snippet:-1, max-image-preview:large, max-video-preview:-1\" \/>\n<link rel=\"canonical\" href=\"https:\/\/www.nexoinformativo.mx\/index.php\/2024\/11\/20\/vinculan-a-proceso-a-tres-por-homicidio-en-plaza-la-cruz-tambien-se-les-acusa-de-robo-y-privacion-de-la-libertad\/\" \/>\n<meta property=\"og:locale\" content=\"es_MX\" \/>\n<meta property=\"og:type\" content=\"article\" \/>\n<meta property=\"og:title\" content=\"Vinculan a proceso a tres por homicidio en Plaza La Cruz: Tambi\u00e9n se les acusa de robo y privaci\u00f3n de la libertad | Nexo Informativo Santiago de Quer\u00e9taro\" \/>\n<meta property=\"og:description\" content=\"Vinculan a proceso a tres por homicidio en Plaza La Cruz: Tambi\u00e9n se les acusa de robo y privaci\u00f3n de la libertad\" \/>\n<meta property=\"og:url\" content=\"https:\/\/www.nexoinformativo.mx\/index.php\/2024\/11\/20\/vinculan-a-proceso-a-tres-por-homicidio-en-plaza-la-cruz-tambien-se-les-acusa-de-robo-y-privacion-de-la-libertad\/\" \/>\n<meta property=\"og:site_name\" content=\"Nexo Informativo Santiago de Quer\u00e9taro\" \/>\n<meta property=\"article:publisher\" content=\"https:\/\/www.facebook.com\/people\/Nexo-Informativo\/61564066885511\/\" \/>\n<meta property=\"article:published_time\" content=\"2024-11-21T01:00:59+00:00\" \/>\n<meta property=\"article:modified_time\" content=\"2024-11-21T01:59:56+00:00\" \/>\n<meta property=\"og:image\" content=\"https:\/\/www.nexoinformativo.mx\/wp-content\/uploads\/2024\/11\/PHOTO-2024-11-20-18-44-05-e1732154275875.jpg\" \/>\n\t<meta property=\"og:image:width\" content=\"700\" \/>\n\t<meta property=\"og:image:height\" content=\"441\" \/>\n\t<meta property=\"og:image:type\" content=\"image\/jpeg\" \/>\n<meta name=\"author\" content=\"Nexo Informativo\" \/>\n<meta name=\"twitter:card\" content=\"summary_large_image\" \/>\n<meta name=\"twitter:label1\" content=\"Escrito por\" \/>\n\t<meta name=\"twitter:data1\" content=\"Nexo Informativo\" \/>\n\t<meta name=\"twitter:label2\" content=\"Tiempo de lectura\" \/>\n\t<meta name=\"twitter:data2\" content=\"1 minuto\" \/>\n<script type=\"application\/ld+json\" class=\"yoast-schema-graph\">{\"@context\":\"https:\/\/schema.org\",\"@graph\":[{\"@type\":\"Article\",\"@id\":\"https:\/\/www.nexoinformativo.mx\/index.php\/2024\/11\/20\/vinculan-a-proceso-a-tres-por-homicidio-en-plaza-la-cruz-tambien-se-les-acusa-de-robo-y-privacion-de-la-libertad\/#article\",\"isPartOf\":{\"@id\":\"https:\/\/www.nexoinformativo.mx\/index.php\/2024\/11\/20\/vinculan-a-proceso-a-tres-por-homicidio-en-plaza-la-cruz-tambien-se-les-acusa-de-robo-y-privacion-de-la-libertad\/\"},\"author\":{\"name\":\"Nexo Informativo\",\"@id\":\"https:\/\/www.nexoinformativo.mx\/#\/schema\/person\/7749d380ba08c8ca00d7bc76fd907b7d\"},\"headline\":\"Vinculan a proceso a tres por homicidio en Plaza La Cruz: Tambi\u00e9n se les acusa de robo y privaci\u00f3n de la libertad\",\"datePublished\":\"2024-11-21T01:00:59+00:00\",\"dateModified\":\"2024-11-21T01:59:56+00:00\",\"mainEntityOfPage\":{\"@id\":\"https:\/\/www.nexoinformativo.mx\/index.php\/2024\/11\/20\/vinculan-a-proceso-a-tres-por-homicidio-en-plaza-la-cruz-tambien-se-les-acusa-de-robo-y-privacion-de-la-libertad\/\"},\"wordCount\":210,\"commentCount\":0,\"publisher\":{\"@id\":\"https:\/\/www.nexoinformativo.mx\/#organization\"},\"image\":{\"@id\":\"https:\/\/www.nexoinformativo.mx\/index.php\/2024\/11\/20\/vinculan-a-proceso-a-tres-por-homicidio-en-plaza-la-cruz-tambien-se-les-acusa-de-robo-y-privacion-de-la-libertad\/#primaryimage\"},\"thumbnailUrl\":\"https:\/\/www.nexoinformativo.mx\/wp-content\/uploads\/2024\/11\/PHOTO-2024-11-20-18-44-05-e1732154275875.jpg\",\"keywords\":[\"Detenciones\",\"HomicidioPlazaLaCruz\",\"JusticiaPorQuer\u00e9taro\",\"SeguridadQueretaro\"],\"articleSection\":[\"Sucesos\",\"\u00daltima Hora\"],\"inLanguage\":\"es\",\"potentialAction\":[{\"@type\":\"CommentAction\",\"name\":\"Comment\",\"target\":[\"https:\/\/www.nexoinformativo.mx\/index.php\/2024\/11\/20\/vinculan-a-proceso-a-tres-por-homicidio-en-plaza-la-cruz-tambien-se-les-acusa-de-robo-y-privacion-de-la-libertad\/#respond\"]}]},{\"@type\":\"WebPage\",\"@id\":\"https:\/\/www.nexoinformativo.mx\/index.php\/2024\/11\/20\/vinculan-a-proceso-a-tres-por-homicidio-en-plaza-la-cruz-tambien-se-les-acusa-de-robo-y-privacion-de-la-libertad\/\",\"url\":\"https:\/\/www.nexoinformativo.mx\/index.php\/2024\/11\/20\/vinculan-a-proceso-a-tres-por-homicidio-en-plaza-la-cruz-tambien-se-les-acusa-de-robo-y-privacion-de-la-libertad\/\",\"name\":\"Vinculan a proceso a tres por homicidio en Plaza La Cruz: Tambi\u00e9n se les acusa de robo y privaci\u00f3n de la libertad | Nexo Informativo Santiago de Quer\u00e9taro\",\"isPartOf\":{\"@id\":\"https:\/\/www.nexoinformativo.mx\/#website\"},\"primaryImageOfPage\":{\"@id\":\"https:\/\/www.nexoinformativo.mx\/index.php\/2024\/11\/20\/vinculan-a-proceso-a-tres-por-homicidio-en-plaza-la-cruz-tambien-se-les-acusa-de-robo-y-privacion-de-la-libertad\/#primaryimage\"},\"image\":{\"@id\":\"https:\/\/www.nexoinformativo.mx\/index.php\/2024\/11\/20\/vinculan-a-proceso-a-tres-por-homicidio-en-plaza-la-cruz-tambien-se-les-acusa-de-robo-y-privacion-de-la-libertad\/#primaryimage\"},\"thumbnailUrl\":\"https:\/\/www.nexoinformativo.mx\/wp-content\/uploads\/2024\/11\/PHOTO-2024-11-20-18-44-05-e1732154275875.jpg\",\"datePublished\":\"2024-11-21T01:00:59+00:00\",\"dateModified\":\"2024-11-21T01:59:56+00:00\",\"description\":\"Vinculan a proceso a tres por homicidio en Plaza La Cruz: Tambi\u00e9n se les acusa de robo y privaci\u00f3n de la libertad\",\"breadcrumb\":{\"@id\":\"https:\/\/www.nexoinformativo.mx\/index.php\/2024\/11\/20\/vinculan-a-proceso-a-tres-por-homicidio-en-plaza-la-cruz-tambien-se-les-acusa-de-robo-y-privacion-de-la-libertad\/#breadcrumb\"},\"inLanguage\":\"es\",\"potentialAction\":[{\"@type\":\"ReadAction\",\"target\":[\"https:\/\/www.nexoinformativo.mx\/index.php\/2024\/11\/20\/vinculan-a-proceso-a-tres-por-homicidio-en-plaza-la-cruz-tambien-se-les-acusa-de-robo-y-privacion-de-la-libertad\/\"]}]},{\"@type\":\"ImageObject\",\"inLanguage\":\"es\",\"@id\":\"https:\/\/www.nexoinformativo.mx\/index.php\/2024\/11\/20\/vinculan-a-proceso-a-tres-por-homicidio-en-plaza-la-cruz-tambien-se-les-acusa-de-robo-y-privacion-de-la-libertad\/#primaryimage\",\"url\":\"https:\/\/www.nexoinformativo.mx\/wp-content\/uploads\/2024\/11\/PHOTO-2024-11-20-18-44-05-e1732154275875.jpg\",\"contentUrl\":\"https:\/\/www.nexoinformativo.mx\/wp-content\/uploads\/2024\/11\/PHOTO-2024-11-20-18-44-05-e1732154275875.jpg\",\"width\":700,\"height\":441},{\"@type\":\"BreadcrumbList\",\"@id\":\"https:\/\/www.nexoinformativo.mx\/index.php\/2024\/11\/20\/vinculan-a-proceso-a-tres-por-homicidio-en-plaza-la-cruz-tambien-se-les-acusa-de-robo-y-privacion-de-la-libertad\/#breadcrumb\",\"itemListElement\":[{\"@type\":\"ListItem\",\"position\":1,\"name\":\"Inicio\",\"item\":\"https:\/\/www.nexoinformativo.mx\/\"},{\"@type\":\"ListItem\",\"position\":2,\"name\":\"Vinculan a proceso a tres por homicidio en Plaza La Cruz: Tambi\u00e9n se les acusa de robo y privaci\u00f3n de la libertad\"}]},{\"@type\":\"WebSite\",\"@id\":\"https:\/\/www.nexoinformativo.mx\/#website\",\"url\":\"https:\/\/www.nexoinformativo.mx\/\",\"name\":\"Nexo Informativo Santiago de Quer\u00e9taro\",\"description\":\"Explora NexoInformativo y convi\u00e9rtete en parte de una comunidad que valora el conocimiento y la verdad. Tu nexoinformativo es tu puente hacia una comprensi\u00f3n m\u00e1s profunda del mundo que te rodea.\",\"publisher\":{\"@id\":\"https:\/\/www.nexoinformativo.mx\/#organization\"},\"potentialAction\":[{\"@type\":\"SearchAction\",\"target\":{\"@type\":\"EntryPoint\",\"urlTemplate\":\"https:\/\/www.nexoinformativo.mx\/?s={search_term_string}\"},\"query-input\":{\"@type\":\"PropertyValueSpecification\",\"valueRequired\":true,\"valueName\":\"search_term_string\"}}],\"inLanguage\":\"es\"},{\"@type\":\"Organization\",\"@id\":\"https:\/\/www.nexoinformativo.mx\/#organization\",\"name\":\"Nexo Informativo Santiago de Quer\u00e9taro\",\"url\":\"https:\/\/www.nexoinformativo.mx\/\",\"logo\":{\"@type\":\"ImageObject\",\"inLanguage\":\"es\",\"@id\":\"https:\/\/www.nexoinformativo.mx\/#\/schema\/logo\/image\/\",\"url\":\"https:\/\/www.nexoinformativo.mx\/wp-content\/uploads\/2024\/07\/nexoi-trasparente-2.png\",\"contentUrl\":\"https:\/\/www.nexoinformativo.mx\/wp-content\/uploads\/2024\/07\/nexoi-trasparente-2.png\",\"width\":816,\"height\":339,\"caption\":\"Nexo Informativo Santiago de Quer\u00e9taro\"},\"image\":{\"@id\":\"https:\/\/www.nexoinformativo.mx\/#\/schema\/logo\/image\/\"},\"sameAs\":[\"https:\/\/www.facebook.com\/people\/Nexo-Informativo\/61564066885511\/\"]},{\"@type\":\"Person\",\"@id\":\"https:\/\/www.nexoinformativo.mx\/#\/schema\/person\/7749d380ba08c8ca00d7bc76fd907b7d\",\"name\":\"Nexo Informativo\",\"image\":{\"@type\":\"ImageObject\",\"inLanguage\":\"es\",\"@id\":\"https:\/\/www.nexoinformativo.mx\/#\/schema\/person\/image\/\",\"url\":\"https:\/\/secure.gravatar.com\/avatar\/dde2928154642a13d95f87ddf1ea9718fe2b46760a005c53e41ff5ad610704e6?s=96&d=mm&r=g\",\"contentUrl\":\"https:\/\/secure.gravatar.com\/avatar\/dde2928154642a13d95f87ddf1ea9718fe2b46760a005c53e41ff5ad610704e6?s=96&d=mm&r=g\",\"caption\":\"Nexo Informativo\"},\"url\":\"https:\/\/www.nexoinformativo.mx\/index.php\/author\/edicion\/\"}]}<\/script>\n<!-- \/ Yoast SEO plugin. -->","yoast_head_json":{"title":"Vinculan a proceso a tres por homicidio en Plaza La Cruz: Tambi\u00e9n se les acusa de robo y privaci\u00f3n de la libertad | Nexo Informativo Santiago de Quer\u00e9taro","description":"Vinculan a proceso a tres por homicidio en Plaza La Cruz: Tambi\u00e9n se les acusa de robo y privaci\u00f3n de la libertad","robots":{"index":"index","follow":"follow","max-snippet":"max-snippet:-1","max-image-preview":"max-image-preview:large","max-video-preview":"max-video-preview:-1"},"canonical":"https:\/\/www.nexoinformativo.mx\/index.php\/2024\/11\/20\/vinculan-a-proceso-a-tres-por-homicidio-en-plaza-la-cruz-tambien-se-les-acusa-de-robo-y-privacion-de-la-libertad\/","og_locale":"es_MX","og_type":"article","og_title":"Vinculan a proceso a tres por homicidio en Plaza La Cruz: Tambi\u00e9n se les acusa de robo y privaci\u00f3n de la libertad | Nexo Informativo Santiago de Quer\u00e9taro","og_description":"Vinculan a proceso a tres por homicidio en Plaza La Cruz: Tambi\u00e9n se les acusa de robo y privaci\u00f3n de la libertad","og_url":"https:\/\/www.nexoinformativo.mx\/index.php\/2024\/11\/20\/vinculan-a-proceso-a-tres-por-homicidio-en-plaza-la-cruz-tambien-se-les-acusa-de-robo-y-privacion-de-la-libertad\/","og_site_name":"Nexo Informativo Santiago de Quer\u00e9taro","article_publisher":"https:\/\/www.facebook.com\/people\/Nexo-Informativo\/61564066885511\/","article_published_time":"2024-11-21T01:00:59+00:00","article_modified_time":"2024-11-21T01:59:56+00:00","og_image":[{"width":700,"height":441,"url":"https:\/\/www.nexoinformativo.mx\/wp-content\/uploads\/2024\/11\/PHOTO-2024-11-20-18-44-05-e1732154275875.jpg","type":"image\/jpeg"}],"author":"Nexo Informativo","twitter_card":"summary_large_image","twitter_misc":{"Escrito por":"Nexo Informativo","Tiempo de lectura":"1 minuto"},"schema":{"@context":"https:\/\/schema.org","@graph":[{"@type":"Article","@id":"https:\/\/www.nexoinformativo.mx\/index.php\/2024\/11\/20\/vinculan-a-proceso-a-tres-por-homicidio-en-plaza-la-cruz-tambien-se-les-acusa-de-robo-y-privacion-de-la-libertad\/#article","isPartOf":{"@id":"https:\/\/www.nexoinformativo.mx\/index.php\/2024\/11\/20\/vinculan-a-proceso-a-tres-por-homicidio-en-plaza-la-cruz-tambien-se-les-acusa-de-robo-y-privacion-de-la-libertad\/"},"author":{"name":"Nexo Informativo","@id":"https:\/\/www.nexoinformativo.mx\/#\/schema\/person\/7749d380ba08c8ca00d7bc76fd907b7d"},"headline":"Vinculan a proceso a tres por homicidio en Plaza La Cruz: Tambi\u00e9n se les acusa de robo y privaci\u00f3n de la libertad","datePublished":"2024-11-21T01:00:59+00:00","dateModified":"2024-11-21T01:59:56+00:00","mainEntityOfPage":{"@id":"https:\/\/www.nexoinformativo.mx\/index.php\/2024\/11\/20\/vinculan-a-proceso-a-tres-por-homicidio-en-plaza-la-cruz-tambien-se-les-acusa-de-robo-y-privacion-de-la-libertad\/"},"wordCount":210,"commentCount":0,"publisher":{"@id":"https:\/\/www.nexoinformativo.mx\/#organization"},"image":{"@id":"https:\/\/www.nexoinformativo.mx\/index.php\/2024\/11\/20\/vinculan-a-proceso-a-tres-por-homicidio-en-plaza-la-cruz-tambien-se-les-acusa-de-robo-y-privacion-de-la-libertad\/#primaryimage"},"thumbnailUrl":"https:\/\/www.nexoinformativo.mx\/wp-content\/uploads\/2024\/11\/PHOTO-2024-11-20-18-44-05-e1732154275875.jpg","keywords":["Detenciones","HomicidioPlazaLaCruz","JusticiaPorQuer\u00e9taro","SeguridadQueretaro"],"articleSection":["Sucesos","\u00daltima Hora"],"inLanguage":"es","potentialAction":[{"@type":"CommentAction","name":"Comment","target":["https:\/\/www.nexoinformativo.mx\/index.php\/2024\/11\/20\/vinculan-a-proceso-a-tres-por-homicidio-en-plaza-la-cruz-tambien-se-les-acusa-de-robo-y-privacion-de-la-libertad\/#respond"]}]},{"@type":"WebPage","@id":"https:\/\/www.nexoinformativo.mx\/index.php\/2024\/11\/20\/vinculan-a-proceso-a-tres-por-homicidio-en-plaza-la-cruz-tambien-se-les-acusa-de-robo-y-privacion-de-la-libertad\/","url":"https:\/\/www.nexoinformativo.mx\/index.php\/2024\/11\/20\/vinculan-a-proceso-a-tres-por-homicidio-en-plaza-la-cruz-tambien-se-les-acusa-de-robo-y-privacion-de-la-libertad\/","name":"Vinculan a proceso a tres por homicidio en Plaza La Cruz: Tambi\u00e9n se les acusa de robo y privaci\u00f3n de la libertad | Nexo Informativo Santiago de Quer\u00e9taro","isPartOf":{"@id":"https:\/\/www.nexoinformativo.mx\/#website"},"primaryImageOfPage":{"@id":"https:\/\/www.nexoinformativo.mx\/index.php\/2024\/11\/20\/vinculan-a-proceso-a-tres-por-homicidio-en-plaza-la-cruz-tambien-se-les-acusa-de-robo-y-privacion-de-la-libertad\/#primaryimage"},"image":{"@id":"https:\/\/www.nexoinformativo.mx\/index.php\/2024\/11\/20\/vinculan-a-proceso-a-tres-por-homicidio-en-plaza-la-cruz-tambien-se-les-acusa-de-robo-y-privacion-de-la-libertad\/#primaryimage"},"thumbnailUrl":"https:\/\/www.nexoinformativo.mx\/wp-content\/uploads\/2024\/11\/PHOTO-2024-11-20-18-44-05-e1732154275875.jpg","datePublished":"2024-11-21T01:00:59+00:00","dateModified":"2024-11-21T01:59:56+00:00","description":"Vinculan a proceso a tres por homicidio en Plaza La Cruz: Tambi\u00e9n se les acusa de robo y privaci\u00f3n de la libertad","breadcrumb":{"@id":"https:\/\/www.nexoinformativo.mx\/index.php\/2024\/11\/20\/vinculan-a-proceso-a-tres-por-homicidio-en-plaza-la-cruz-tambien-se-les-acusa-de-robo-y-privacion-de-la-libertad\/#breadcrumb"},"inLanguage":"es","potentialAction":[{"@type":"ReadAction","target":["https:\/\/www.nexoinformativo.mx\/index.php\/2024\/11\/20\/vinculan-a-proceso-a-tres-por-homicidio-en-plaza-la-cruz-tambien-se-les-acusa-de-robo-y-privacion-de-la-libertad\/"]}]},{"@type":"ImageObject","inLanguage":"es","@id":"https:\/\/www.nexoinformativo.mx\/index.php\/2024\/11\/20\/vinculan-a-proceso-a-tres-por-homicidio-en-plaza-la-cruz-tambien-se-les-acusa-de-robo-y-privacion-de-la-libertad\/#primaryimage","url":"https:\/\/www.nexoinformativo.mx\/wp-content\/uploads\/2024\/11\/PHOTO-2024-11-20-18-44-05-e1732154275875.jpg","contentUrl":"https:\/\/www.nexoinformativo.mx\/wp-content\/uploads\/2024\/11\/PHOTO-2024-11-20-18-44-05-e1732154275875.jpg","width":700,"height":441},{"@type":"BreadcrumbList","@id":"https:\/\/www.nexoinformativo.mx\/index.php\/2024\/11\/20\/vinculan-a-proceso-a-tres-por-homicidio-en-plaza-la-cruz-tambien-se-les-acusa-de-robo-y-privacion-de-la-libertad\/#breadcrumb","itemListElement":[{"@type":"ListItem","position":1,"name":"Inicio","item":"https:\/\/www.nexoinformativo.mx\/"},{"@type":"ListItem","position":2,"name":"Vinculan a proceso a tres por homicidio en Plaza La Cruz: Tambi\u00e9n se les acusa de robo y privaci\u00f3n de la libertad"}]},{"@type":"WebSite","@id":"https:\/\/www.nexoinformativo.mx\/#website","url":"https:\/\/www.nexoinformativo.mx\/","name":"Nexo Informativo Santiago de Quer\u00e9taro","description":"Explora NexoInformativo y convi\u00e9rtete en parte de una comunidad que valora el conocimiento y la verdad. Tu nexoinformativo es tu puente hacia una comprensi\u00f3n m\u00e1s profunda del mundo que te rodea.","publisher":{"@id":"https:\/\/www.nexoinformativo.mx\/#organization"},"potentialAction":[{"@type":"SearchAction","target":{"@type":"EntryPoint","urlTemplate":"https:\/\/www.nexoinformativo.mx\/?s={search_term_string}"},"query-input":{"@type":"PropertyValueSpecification","valueRequired":true,"valueName":"search_term_string"}}],"inLanguage":"es"},{"@type":"Organization","@id":"https:\/\/www.nexoinformativo.mx\/#organization","name":"Nexo Informativo Santiago de Quer\u00e9taro","url":"https:\/\/www.nexoinformativo.mx\/","logo":{"@type":"ImageObject","inLanguage":"es","@id":"https:\/\/www.nexoinformativo.mx\/#\/schema\/logo\/image\/","url":"https:\/\/www.nexoinformativo.mx\/wp-content\/uploads\/2024\/07\/nexoi-trasparente-2.png","contentUrl":"https:\/\/www.nexoinformativo.mx\/wp-content\/uploads\/2024\/07\/nexoi-trasparente-2.png","width":816,"height":339,"caption":"Nexo Informativo Santiago de Quer\u00e9taro"},"image":{"@id":"https:\/\/www.nexoinformativo.mx\/#\/schema\/logo\/image\/"},"sameAs":["https:\/\/www.facebook.com\/people\/Nexo-Informativo\/61564066885511\/"]},{"@type":"Person","@id":"https:\/\/www.nexoinformativo.mx\/#\/schema\/person\/7749d380ba08c8ca00d7bc76fd907b7d","name":"Nexo Informativo","image":{"@type":"ImageObject","inLanguage":"es","@id":"https:\/\/www.nexoinformativo.mx\/#\/schema\/person\/image\/","url":"https:\/\/secure.gravatar.com\/avatar\/dde2928154642a13d95f87ddf1ea9718fe2b46760a005c53e41ff5ad610704e6?s=96&d=mm&r=g","contentUrl":"https:\/\/secure.gravatar.com\/avatar\/dde2928154642a13d95f87ddf1ea9718fe2b46760a005c53e41ff5ad610704e6?s=96&d=mm&r=g","caption":"Nexo Informativo"},"url":"https:\/\/www.nexoinformativo.mx\/index.php\/author\/edicion\/"}]}},"_links":{"self":[{"href":"https:\/\/www.nexoinformativo.mx\/index.php\/wp-json\/wp\/v2\/posts\/6568","targetHints":{"allow":["GET"]}}],"collection":[{"href":"https:\/\/www.nexoinformativo.mx\/index.php\/wp-json\/wp\/v2\/posts"}],"about":[{"href":"https:\/\/www.nexoinformativo.mx\/index.php\/wp-json\/wp\/v2\/types\/post"}],"author":[{"embeddable":true,"href":"https:\/\/www.nexoinformativo.mx\/index.php\/wp-json\/wp\/v2\/users\/3"}],"replies":[{"embeddable":true,"href":"https:\/\/www.nexoinformativo.mx\/index.php\/wp-json\/wp\/v2\/comments?post=6568"}],"version-history":[{"count":3,"href":"https:\/\/www.nexoinformativo.mx\/index.php\/wp-json\/wp\/v2\/posts\/6568\/revisions"}],"predecessor-version":[{"id":6572,"href":"https:\/\/www.nexoinformativo.mx\/index.php\/wp-json\/wp\/v2\/posts\/6568\/revisions\/6572"}],"wp:featuredmedia":[{"embeddable":true,"href":"https:\/\/www.nexoinformativo.mx\/index.php\/wp-json\/wp\/v2\/media\/6569"}],"wp:attachment":[{"href":"https:\/\/www.nexoinformativo.mx\/index.php\/wp-json\/wp\/v2\/media?parent=6568"}],"wp:term":[{"taxonomy":"category","embeddable":true,"href":"https:\/\/www.nexoinformativo.mx\/index.php\/wp-json\/wp\/v2\/categories?post=6568"},{"taxonomy":"post_tag","embeddable":true,"href":"https:\/\/www.nexoinformativo.mx\/index.php\/wp-json\/wp\/v2\/tags?post=6568"}],"curies":[{"name":"wp","href":"https:\/\/api.w.org\/{rel}","templated":true}]}}