{"id":6583,"date":"2024-11-21T07:30:37","date_gmt":"2024-11-21T13:30:37","guid":{"rendered":"https:\/\/www.nexoinformativo.mx\/?p=6583"},"modified":"2024-11-21T09:12:59","modified_gmt":"2024-11-21T15:12:59","slug":"mexico-conquista-el-espacio-nuevo-sistema-satelital-scmi-listo-para-despegar-en-2025","status":"publish","type":"post","link":"https:\/\/www.nexoinformativo.mx\/index.php\/2024\/11\/21\/mexico-conquista-el-espacio-nuevo-sistema-satelital-scmi-listo-para-despegar-en-2025\/","title":{"rendered":"M\u00e9xico conquista el espacio: Nuevo sistema satelital SCMI listo para despegar en 2025"},"content":{"rendered":"<p style=\"text-align: justify;\" data-sourcepos=\"9:1-9:280\">\u00a1Un gran salto para M\u00e9xico! Gracias al ingenio de nuestros cient\u00edficos, el pa\u00eds est\u00e1 a punto de marcar un hito en la exploraci\u00f3n espacial. El Sistema de Comando y Manejo de Informaci\u00f3n (SCMI), un cerebro satelital dise\u00f1ado y fabricado por mexicanos, se lanzar\u00e1 al espacio en 2025.<\/p>\n<p>&nbsp;<\/p>\n<p style=\"text-align: justify;\" data-sourcepos=\"11:1-11:451\">Este logro, fruto de la colaboraci\u00f3n entre la UNAM y la AEM, no solo nos permitir\u00e1 realizar nuestras propias investigaciones espaciales, sino que tambi\u00e9n nos colocar\u00e1 a la vanguardia de la tecnolog\u00eda satelital a nivel mundial.<\/p>\n<p>&nbsp;<\/p>\n<p style=\"text-align: justify;\" data-sourcepos=\"11:1-11:451\">Lo mejor de todo es que este sistema, tan sofisticado como los mejores del mercado, ha sido desarrollado a un costo mucho m\u00e1s bajo, abriendo las puertas a un futuro lleno de posibilidades para la industria espacial mexicana.<\/p>\n<p>&nbsp;<\/p>\n<p style=\"text-align: justify;\" data-sourcepos=\"11:1-11:384\">Este sistema, fruto del trabajo conjunto de investigadores y estudiantes de la UNAM, ser\u00e1 lanzado al espacio a bordo del sat\u00e9lite paraguayo Guaran\u00edSat-2 en octubre de 2025.<\/p>\n<p>&nbsp;<\/p>\n<p style=\"text-align: justify;\" data-sourcepos=\"13:1-13:387\">Esto abre nuevas posibilidades para el desarrollo de la industria espacial mexicana y la democratizaci\u00f3n del acceso al espacio.\u00a0Este logro es el resultado de a\u00f1os de investigaci\u00f3n y desarrollo, y representa un gran paso adelante para la comunidad cient\u00edfica mexicana.<\/p>\n<p>&nbsp;<\/p>\n<p style=\"text-align: justify;\" data-sourcepos=\"13:1-13:387\">El SCMI no solo permitir\u00e1 a M\u00e9xico realizar investigaciones espaciales propias, sino que tambi\u00e9n posicionar\u00e1 al pa\u00eds como un referente en el desarrollo de tecnolog\u00eda espacial a nivel internacional.<\/p>\n<p>&nbsp;<\/p>\n<p style=\"text-align: center;\" data-sourcepos=\"13:1-13:387\"><em><strong>\u00a1Informaci\u00f3n que transforma!<\/strong><\/em><\/p>\n","protected":false},"excerpt":{"rendered":"<p>\u00a1Un gran salto para M\u00e9xico! Gracias al ingenio de nuestros cient\u00edficos, el pa\u00eds est\u00e1 a punto de marcar un hito en la exploraci\u00f3n espacial.<\/p>\n","protected":false},"author":3,"featured_media":6584,"comment_status":"open","ping_status":"open","sticky":false,"template":"","format":"standard","meta":{"footnotes":""},"categories":[13,58],"tags":[1914,2237,2239,2238],"class_list":["post-6583","post","type-post","status-publish","format-standard","has-post-thumbnail","hentry","category-tecnologia","category-ultima-hora","tag-espaciomexico","tag-scmi","tag-tecnologiamexicana","tag-unam-aem"],"yoast_head":"<!-- This site is optimized with the Yoast SEO plugin v25.0 - https:\/\/yoast.com\/wordpress\/plugins\/seo\/ -->\n<title>M\u00e9xico conquista el espacio: Nuevo sistema satelital SCMI listo para despegar en 2025 | Nexo Informativo Santiago de Quer\u00e9taro<\/title>\n<meta name=\"description\" content=\"M\u00e9xico conquista el espacio: Nuevo sistema satelital SCMI listo para despegar en 2025\" \/>\n<meta name=\"robots\" content=\"index, follow, max-snippet:-1, max-image-preview:large, max-video-preview:-1\" \/>\n<link rel=\"canonical\" href=\"https:\/\/www.nexoinformativo.mx\/index.php\/2024\/11\/21\/mexico-conquista-el-espacio-nuevo-sistema-satelital-scmi-listo-para-despegar-en-2025\/\" \/>\n<meta property=\"og:locale\" content=\"es_MX\" \/>\n<meta property=\"og:type\" content=\"article\" \/>\n<meta property=\"og:title\" content=\"M\u00e9xico conquista el espacio: Nuevo sistema satelital SCMI listo para despegar en 2025 | Nexo Informativo Santiago de Quer\u00e9taro\" \/>\n<meta property=\"og:description\" content=\"M\u00e9xico conquista el espacio: Nuevo sistema satelital SCMI listo para despegar en 2025\" \/>\n<meta property=\"og:url\" content=\"https:\/\/www.nexoinformativo.mx\/index.php\/2024\/11\/21\/mexico-conquista-el-espacio-nuevo-sistema-satelital-scmi-listo-para-despegar-en-2025\/\" \/>\n<meta property=\"og:site_name\" content=\"Nexo Informativo Santiago de Quer\u00e9taro\" \/>\n<meta property=\"article:publisher\" content=\"https:\/\/www.facebook.com\/people\/Nexo-Informativo\/61564066885511\/\" \/>\n<meta property=\"article:published_time\" content=\"2024-11-21T13:30:37+00:00\" \/>\n<meta property=\"article:modified_time\" content=\"2024-11-21T15:12:59+00:00\" \/>\n<meta property=\"og:image\" content=\"https:\/\/www.nexoinformativo.mx\/wp-content\/uploads\/2024\/11\/IMG_8026.jpg\" \/>\n\t<meta property=\"og:image:width\" content=\"650\" \/>\n\t<meta property=\"og:image:height\" content=\"351\" \/>\n\t<meta property=\"og:image:type\" content=\"image\/jpeg\" \/>\n<meta name=\"author\" content=\"Nexo Informativo\" \/>\n<meta name=\"twitter:card\" content=\"summary_large_image\" \/>\n<meta name=\"twitter:label1\" content=\"Escrito por\" \/>\n\t<meta name=\"twitter:data1\" content=\"Nexo Informativo\" \/>\n\t<meta name=\"twitter:label2\" content=\"Tiempo de lectura\" \/>\n\t<meta name=\"twitter:data2\" content=\"2 minutos\" \/>\n<script type=\"application\/ld+json\" class=\"yoast-schema-graph\">{\"@context\":\"https:\/\/schema.org\",\"@graph\":[{\"@type\":\"Article\",\"@id\":\"https:\/\/www.nexoinformativo.mx\/index.php\/2024\/11\/21\/mexico-conquista-el-espacio-nuevo-sistema-satelital-scmi-listo-para-despegar-en-2025\/#article\",\"isPartOf\":{\"@id\":\"https:\/\/www.nexoinformativo.mx\/index.php\/2024\/11\/21\/mexico-conquista-el-espacio-nuevo-sistema-satelital-scmi-listo-para-despegar-en-2025\/\"},\"author\":{\"name\":\"Nexo Informativo\",\"@id\":\"https:\/\/www.nexoinformativo.mx\/#\/schema\/person\/7749d380ba08c8ca00d7bc76fd907b7d\"},\"headline\":\"M\u00e9xico conquista el espacio: Nuevo sistema satelital SCMI listo para despegar en 2025\",\"datePublished\":\"2024-11-21T13:30:37+00:00\",\"dateModified\":\"2024-11-21T15:12:59+00:00\",\"mainEntityOfPage\":{\"@id\":\"https:\/\/www.nexoinformativo.mx\/index.php\/2024\/11\/21\/mexico-conquista-el-espacio-nuevo-sistema-satelital-scmi-listo-para-despegar-en-2025\/\"},\"wordCount\":259,\"commentCount\":0,\"publisher\":{\"@id\":\"https:\/\/www.nexoinformativo.mx\/#organization\"},\"image\":{\"@id\":\"https:\/\/www.nexoinformativo.mx\/index.php\/2024\/11\/21\/mexico-conquista-el-espacio-nuevo-sistema-satelital-scmi-listo-para-despegar-en-2025\/#primaryimage\"},\"thumbnailUrl\":\"https:\/\/www.nexoinformativo.mx\/wp-content\/uploads\/2024\/11\/IMG_8026.jpg\",\"keywords\":[\"EspacioM\u00e9xico\",\"SCMI\",\"Tecnolog\u00edaMexicana\",\"UNAM #AEM\"],\"articleSection\":[\"Tecnolog\u00eda\",\"\u00daltima Hora\"],\"inLanguage\":\"es\",\"potentialAction\":[{\"@type\":\"CommentAction\",\"name\":\"Comment\",\"target\":[\"https:\/\/www.nexoinformativo.mx\/index.php\/2024\/11\/21\/mexico-conquista-el-espacio-nuevo-sistema-satelital-scmi-listo-para-despegar-en-2025\/#respond\"]}]},{\"@type\":\"WebPage\",\"@id\":\"https:\/\/www.nexoinformativo.mx\/index.php\/2024\/11\/21\/mexico-conquista-el-espacio-nuevo-sistema-satelital-scmi-listo-para-despegar-en-2025\/\",\"url\":\"https:\/\/www.nexoinformativo.mx\/index.php\/2024\/11\/21\/mexico-conquista-el-espacio-nuevo-sistema-satelital-scmi-listo-para-despegar-en-2025\/\",\"name\":\"M\u00e9xico conquista el espacio: Nuevo sistema satelital SCMI listo para despegar en 2025 | Nexo Informativo Santiago de Quer\u00e9taro\",\"isPartOf\":{\"@id\":\"https:\/\/www.nexoinformativo.mx\/#website\"},\"primaryImageOfPage\":{\"@id\":\"https:\/\/www.nexoinformativo.mx\/index.php\/2024\/11\/21\/mexico-conquista-el-espacio-nuevo-sistema-satelital-scmi-listo-para-despegar-en-2025\/#primaryimage\"},\"image\":{\"@id\":\"https:\/\/www.nexoinformativo.mx\/index.php\/2024\/11\/21\/mexico-conquista-el-espacio-nuevo-sistema-satelital-scmi-listo-para-despegar-en-2025\/#primaryimage\"},\"thumbnailUrl\":\"https:\/\/www.nexoinformativo.mx\/wp-content\/uploads\/2024\/11\/IMG_8026.jpg\",\"datePublished\":\"2024-11-21T13:30:37+00:00\",\"dateModified\":\"2024-11-21T15:12:59+00:00\",\"description\":\"M\u00e9xico conquista el espacio: Nuevo sistema satelital SCMI listo para despegar en 2025\",\"breadcrumb\":{\"@id\":\"https:\/\/www.nexoinformativo.mx\/index.php\/2024\/11\/21\/mexico-conquista-el-espacio-nuevo-sistema-satelital-scmi-listo-para-despegar-en-2025\/#breadcrumb\"},\"inLanguage\":\"es\",\"potentialAction\":[{\"@type\":\"ReadAction\",\"target\":[\"https:\/\/www.nexoinformativo.mx\/index.php\/2024\/11\/21\/mexico-conquista-el-espacio-nuevo-sistema-satelital-scmi-listo-para-despegar-en-2025\/\"]}]},{\"@type\":\"ImageObject\",\"inLanguage\":\"es\",\"@id\":\"https:\/\/www.nexoinformativo.mx\/index.php\/2024\/11\/21\/mexico-conquista-el-espacio-nuevo-sistema-satelital-scmi-listo-para-despegar-en-2025\/#primaryimage\",\"url\":\"https:\/\/www.nexoinformativo.mx\/wp-content\/uploads\/2024\/11\/IMG_8026.jpg\",\"contentUrl\":\"https:\/\/www.nexoinformativo.mx\/wp-content\/uploads\/2024\/11\/IMG_8026.jpg\",\"width\":650,\"height\":351},{\"@type\":\"BreadcrumbList\",\"@id\":\"https:\/\/www.nexoinformativo.mx\/index.php\/2024\/11\/21\/mexico-conquista-el-espacio-nuevo-sistema-satelital-scmi-listo-para-despegar-en-2025\/#breadcrumb\",\"itemListElement\":[{\"@type\":\"ListItem\",\"position\":1,\"name\":\"Inicio\",\"item\":\"https:\/\/www.nexoinformativo.mx\/\"},{\"@type\":\"ListItem\",\"position\":2,\"name\":\"M\u00e9xico conquista el espacio: Nuevo sistema satelital SCMI listo para despegar en 2025\"}]},{\"@type\":\"WebSite\",\"@id\":\"https:\/\/www.nexoinformativo.mx\/#website\",\"url\":\"https:\/\/www.nexoinformativo.mx\/\",\"name\":\"Nexo Informativo Santiago de Quer\u00e9taro\",\"description\":\"Explora NexoInformativo y convi\u00e9rtete en parte de una comunidad que valora el conocimiento y la verdad. Tu nexoinformativo es tu puente hacia una comprensi\u00f3n m\u00e1s profunda del mundo que te rodea.\",\"publisher\":{\"@id\":\"https:\/\/www.nexoinformativo.mx\/#organization\"},\"potentialAction\":[{\"@type\":\"SearchAction\",\"target\":{\"@type\":\"EntryPoint\",\"urlTemplate\":\"https:\/\/www.nexoinformativo.mx\/?s={search_term_string}\"},\"query-input\":{\"@type\":\"PropertyValueSpecification\",\"valueRequired\":true,\"valueName\":\"search_term_string\"}}],\"inLanguage\":\"es\"},{\"@type\":\"Organization\",\"@id\":\"https:\/\/www.nexoinformativo.mx\/#organization\",\"name\":\"Nexo Informativo Santiago de Quer\u00e9taro\",\"url\":\"https:\/\/www.nexoinformativo.mx\/\",\"logo\":{\"@type\":\"ImageObject\",\"inLanguage\":\"es\",\"@id\":\"https:\/\/www.nexoinformativo.mx\/#\/schema\/logo\/image\/\",\"url\":\"https:\/\/www.nexoinformativo.mx\/wp-content\/uploads\/2024\/07\/nexoi-trasparente-2.png\",\"contentUrl\":\"https:\/\/www.nexoinformativo.mx\/wp-content\/uploads\/2024\/07\/nexoi-trasparente-2.png\",\"width\":816,\"height\":339,\"caption\":\"Nexo Informativo Santiago de Quer\u00e9taro\"},\"image\":{\"@id\":\"https:\/\/www.nexoinformativo.mx\/#\/schema\/logo\/image\/\"},\"sameAs\":[\"https:\/\/www.facebook.com\/people\/Nexo-Informativo\/61564066885511\/\"]},{\"@type\":\"Person\",\"@id\":\"https:\/\/www.nexoinformativo.mx\/#\/schema\/person\/7749d380ba08c8ca00d7bc76fd907b7d\",\"name\":\"Nexo Informativo\",\"image\":{\"@type\":\"ImageObject\",\"inLanguage\":\"es\",\"@id\":\"https:\/\/www.nexoinformativo.mx\/#\/schema\/person\/image\/\",\"url\":\"https:\/\/secure.gravatar.com\/avatar\/dde2928154642a13d95f87ddf1ea9718fe2b46760a005c53e41ff5ad610704e6?s=96&d=mm&r=g\",\"contentUrl\":\"https:\/\/secure.gravatar.com\/avatar\/dde2928154642a13d95f87ddf1ea9718fe2b46760a005c53e41ff5ad610704e6?s=96&d=mm&r=g\",\"caption\":\"Nexo Informativo\"},\"url\":\"https:\/\/www.nexoinformativo.mx\/index.php\/author\/edicion\/\"}]}<\/script>\n<!-- \/ Yoast SEO plugin. -->","yoast_head_json":{"title":"M\u00e9xico conquista el espacio: Nuevo sistema satelital SCMI listo para despegar en 2025 | Nexo Informativo Santiago de Quer\u00e9taro","description":"M\u00e9xico conquista el espacio: Nuevo sistema satelital SCMI listo para despegar en 2025","robots":{"index":"index","follow":"follow","max-snippet":"max-snippet:-1","max-image-preview":"max-image-preview:large","max-video-preview":"max-video-preview:-1"},"canonical":"https:\/\/www.nexoinformativo.mx\/index.php\/2024\/11\/21\/mexico-conquista-el-espacio-nuevo-sistema-satelital-scmi-listo-para-despegar-en-2025\/","og_locale":"es_MX","og_type":"article","og_title":"M\u00e9xico conquista el espacio: Nuevo sistema satelital SCMI listo para despegar en 2025 | Nexo Informativo Santiago de Quer\u00e9taro","og_description":"M\u00e9xico conquista el espacio: Nuevo sistema satelital SCMI listo para despegar en 2025","og_url":"https:\/\/www.nexoinformativo.mx\/index.php\/2024\/11\/21\/mexico-conquista-el-espacio-nuevo-sistema-satelital-scmi-listo-para-despegar-en-2025\/","og_site_name":"Nexo Informativo Santiago de Quer\u00e9taro","article_publisher":"https:\/\/www.facebook.com\/people\/Nexo-Informativo\/61564066885511\/","article_published_time":"2024-11-21T13:30:37+00:00","article_modified_time":"2024-11-21T15:12:59+00:00","og_image":[{"width":650,"height":351,"url":"https:\/\/www.nexoinformativo.mx\/wp-content\/uploads\/2024\/11\/IMG_8026.jpg","type":"image\/jpeg"}],"author":"Nexo Informativo","twitter_card":"summary_large_image","twitter_misc":{"Escrito por":"Nexo Informativo","Tiempo de lectura":"2 minutos"},"schema":{"@context":"https:\/\/schema.org","@graph":[{"@type":"Article","@id":"https:\/\/www.nexoinformativo.mx\/index.php\/2024\/11\/21\/mexico-conquista-el-espacio-nuevo-sistema-satelital-scmi-listo-para-despegar-en-2025\/#article","isPartOf":{"@id":"https:\/\/www.nexoinformativo.mx\/index.php\/2024\/11\/21\/mexico-conquista-el-espacio-nuevo-sistema-satelital-scmi-listo-para-despegar-en-2025\/"},"author":{"name":"Nexo Informativo","@id":"https:\/\/www.nexoinformativo.mx\/#\/schema\/person\/7749d380ba08c8ca00d7bc76fd907b7d"},"headline":"M\u00e9xico conquista el espacio: Nuevo sistema satelital SCMI listo para despegar en 2025","datePublished":"2024-11-21T13:30:37+00:00","dateModified":"2024-11-21T15:12:59+00:00","mainEntityOfPage":{"@id":"https:\/\/www.nexoinformativo.mx\/index.php\/2024\/11\/21\/mexico-conquista-el-espacio-nuevo-sistema-satelital-scmi-listo-para-despegar-en-2025\/"},"wordCount":259,"commentCount":0,"publisher":{"@id":"https:\/\/www.nexoinformativo.mx\/#organization"},"image":{"@id":"https:\/\/www.nexoinformativo.mx\/index.php\/2024\/11\/21\/mexico-conquista-el-espacio-nuevo-sistema-satelital-scmi-listo-para-despegar-en-2025\/#primaryimage"},"thumbnailUrl":"https:\/\/www.nexoinformativo.mx\/wp-content\/uploads\/2024\/11\/IMG_8026.jpg","keywords":["EspacioM\u00e9xico","SCMI","Tecnolog\u00edaMexicana","UNAM #AEM"],"articleSection":["Tecnolog\u00eda","\u00daltima Hora"],"inLanguage":"es","potentialAction":[{"@type":"CommentAction","name":"Comment","target":["https:\/\/www.nexoinformativo.mx\/index.php\/2024\/11\/21\/mexico-conquista-el-espacio-nuevo-sistema-satelital-scmi-listo-para-despegar-en-2025\/#respond"]}]},{"@type":"WebPage","@id":"https:\/\/www.nexoinformativo.mx\/index.php\/2024\/11\/21\/mexico-conquista-el-espacio-nuevo-sistema-satelital-scmi-listo-para-despegar-en-2025\/","url":"https:\/\/www.nexoinformativo.mx\/index.php\/2024\/11\/21\/mexico-conquista-el-espacio-nuevo-sistema-satelital-scmi-listo-para-despegar-en-2025\/","name":"M\u00e9xico conquista el espacio: Nuevo sistema satelital SCMI listo para despegar en 2025 | Nexo Informativo Santiago de Quer\u00e9taro","isPartOf":{"@id":"https:\/\/www.nexoinformativo.mx\/#website"},"primaryImageOfPage":{"@id":"https:\/\/www.nexoinformativo.mx\/index.php\/2024\/11\/21\/mexico-conquista-el-espacio-nuevo-sistema-satelital-scmi-listo-para-despegar-en-2025\/#primaryimage"},"image":{"@id":"https:\/\/www.nexoinformativo.mx\/index.php\/2024\/11\/21\/mexico-conquista-el-espacio-nuevo-sistema-satelital-scmi-listo-para-despegar-en-2025\/#primaryimage"},"thumbnailUrl":"https:\/\/www.nexoinformativo.mx\/wp-content\/uploads\/2024\/11\/IMG_8026.jpg","datePublished":"2024-11-21T13:30:37+00:00","dateModified":"2024-11-21T15:12:59+00:00","description":"M\u00e9xico conquista el espacio: Nuevo sistema satelital SCMI listo para despegar en 2025","breadcrumb":{"@id":"https:\/\/www.nexoinformativo.mx\/index.php\/2024\/11\/21\/mexico-conquista-el-espacio-nuevo-sistema-satelital-scmi-listo-para-despegar-en-2025\/#breadcrumb"},"inLanguage":"es","potentialAction":[{"@type":"ReadAction","target":["https:\/\/www.nexoinformativo.mx\/index.php\/2024\/11\/21\/mexico-conquista-el-espacio-nuevo-sistema-satelital-scmi-listo-para-despegar-en-2025\/"]}]},{"@type":"ImageObject","inLanguage":"es","@id":"https:\/\/www.nexoinformativo.mx\/index.php\/2024\/11\/21\/mexico-conquista-el-espacio-nuevo-sistema-satelital-scmi-listo-para-despegar-en-2025\/#primaryimage","url":"https:\/\/www.nexoinformativo.mx\/wp-content\/uploads\/2024\/11\/IMG_8026.jpg","contentUrl":"https:\/\/www.nexoinformativo.mx\/wp-content\/uploads\/2024\/11\/IMG_8026.jpg","width":650,"height":351},{"@type":"BreadcrumbList","@id":"https:\/\/www.nexoinformativo.mx\/index.php\/2024\/11\/21\/mexico-conquista-el-espacio-nuevo-sistema-satelital-scmi-listo-para-despegar-en-2025\/#breadcrumb","itemListElement":[{"@type":"ListItem","position":1,"name":"Inicio","item":"https:\/\/www.nexoinformativo.mx\/"},{"@type":"ListItem","position":2,"name":"M\u00e9xico conquista el espacio: Nuevo sistema satelital SCMI listo para despegar en 2025"}]},{"@type":"WebSite","@id":"https:\/\/www.nexoinformativo.mx\/#website","url":"https:\/\/www.nexoinformativo.mx\/","name":"Nexo Informativo Santiago de Quer\u00e9taro","description":"Explora NexoInformativo y convi\u00e9rtete en parte de una comunidad que valora el conocimiento y la verdad. Tu nexoinformativo es tu puente hacia una comprensi\u00f3n m\u00e1s profunda del mundo que te rodea.","publisher":{"@id":"https:\/\/www.nexoinformativo.mx\/#organization"},"potentialAction":[{"@type":"SearchAction","target":{"@type":"EntryPoint","urlTemplate":"https:\/\/www.nexoinformativo.mx\/?s={search_term_string}"},"query-input":{"@type":"PropertyValueSpecification","valueRequired":true,"valueName":"search_term_string"}}],"inLanguage":"es"},{"@type":"Organization","@id":"https:\/\/www.nexoinformativo.mx\/#organization","name":"Nexo Informativo Santiago de Quer\u00e9taro","url":"https:\/\/www.nexoinformativo.mx\/","logo":{"@type":"ImageObject","inLanguage":"es","@id":"https:\/\/www.nexoinformativo.mx\/#\/schema\/logo\/image\/","url":"https:\/\/www.nexoinformativo.mx\/wp-content\/uploads\/2024\/07\/nexoi-trasparente-2.png","contentUrl":"https:\/\/www.nexoinformativo.mx\/wp-content\/uploads\/2024\/07\/nexoi-trasparente-2.png","width":816,"height":339,"caption":"Nexo Informativo Santiago de Quer\u00e9taro"},"image":{"@id":"https:\/\/www.nexoinformativo.mx\/#\/schema\/logo\/image\/"},"sameAs":["https:\/\/www.facebook.com\/people\/Nexo-Informativo\/61564066885511\/"]},{"@type":"Person","@id":"https:\/\/www.nexoinformativo.mx\/#\/schema\/person\/7749d380ba08c8ca00d7bc76fd907b7d","name":"Nexo Informativo","image":{"@type":"ImageObject","inLanguage":"es","@id":"https:\/\/www.nexoinformativo.mx\/#\/schema\/person\/image\/","url":"https:\/\/secure.gravatar.com\/avatar\/dde2928154642a13d95f87ddf1ea9718fe2b46760a005c53e41ff5ad610704e6?s=96&d=mm&r=g","contentUrl":"https:\/\/secure.gravatar.com\/avatar\/dde2928154642a13d95f87ddf1ea9718fe2b46760a005c53e41ff5ad610704e6?s=96&d=mm&r=g","caption":"Nexo Informativo"},"url":"https:\/\/www.nexoinformativo.mx\/index.php\/author\/edicion\/"}]}},"_links":{"self":[{"href":"https:\/\/www.nexoinformativo.mx\/index.php\/wp-json\/wp\/v2\/posts\/6583","targetHints":{"allow":["GET"]}}],"collection":[{"href":"https:\/\/www.nexoinformativo.mx\/index.php\/wp-json\/wp\/v2\/posts"}],"about":[{"href":"https:\/\/www.nexoinformativo.mx\/index.php\/wp-json\/wp\/v2\/types\/post"}],"author":[{"embeddable":true,"href":"https:\/\/www.nexoinformativo.mx\/index.php\/wp-json\/wp\/v2\/users\/3"}],"replies":[{"embeddable":true,"href":"https:\/\/www.nexoinformativo.mx\/index.php\/wp-json\/wp\/v2\/comments?post=6583"}],"version-history":[{"count":3,"href":"https:\/\/www.nexoinformativo.mx\/index.php\/wp-json\/wp\/v2\/posts\/6583\/revisions"}],"predecessor-version":[{"id":6587,"href":"https:\/\/www.nexoinformativo.mx\/index.php\/wp-json\/wp\/v2\/posts\/6583\/revisions\/6587"}],"wp:featuredmedia":[{"embeddable":true,"href":"https:\/\/www.nexoinformativo.mx\/index.php\/wp-json\/wp\/v2\/media\/6584"}],"wp:attachment":[{"href":"https:\/\/www.nexoinformativo.mx\/index.php\/wp-json\/wp\/v2\/media?parent=6583"}],"wp:term":[{"taxonomy":"category","embeddable":true,"href":"https:\/\/www.nexoinformativo.mx\/index.php\/wp-json\/wp\/v2\/categories?post=6583"},{"taxonomy":"post_tag","embeddable":true,"href":"https:\/\/www.nexoinformativo.mx\/index.php\/wp-json\/wp\/v2\/tags?post=6583"}],"curies":[{"name":"wp","href":"https:\/\/api.w.org\/{rel}","templated":true}]}}